{"id":57545,"date":"2021-12-25T23:47:25","date_gmt":"2021-12-26T04:47:25","guid":{"rendered":"https:\/\/pagina10.com\/web\/?p=57545"},"modified":"2021-12-25T23:47:25","modified_gmt":"2021-12-26T04:47:25","slug":"la-participacion-ciudadana-sera-el-eje-de-los-decretos-expedidos-por-la-alcaldia-de-pasto","status":"publish","type":"post","link":"https:\/\/pagina10.com\/web\/la-participacion-ciudadana-sera-el-eje-de-los-decretos-expedidos-por-la-alcaldia-de-pasto\/","title":{"rendered":"La participaci\u00f3n ciudadana ser\u00e1 el eje de los decretos expedidos por la alcald\u00eda de Pasto"},"content":{"rendered":"<p style=\"text-align: justify;\">A trav\u00e9s del Decreto 0457 la Alcald\u00eda de Pasto, alineada con la Constituci\u00f3n Pol\u00edtica de Colombia en la que se establecen los fines esenciales del Estado como la participaci\u00f3n ciudadana, adopta herramientas para el buen gobierno y la competitividad, encaminadas al mejoramiento del proceso de la emisi\u00f3n normativa del municipio.<\/p>\n<p style=\"text-align: justify;\">\u201cLa Alcald\u00eda de Pasto adopta la Pol\u00edtica de Mejora Normativa, que se vuelve de car\u00e1cter obligatorio para toda la Administraci\u00f3n Municipal. Esta, dentro de la modernizaci\u00f3n del Estado, obliga a las entidades p\u00fablicas a que ajusten sus procedimientos para mejorar la calidad t\u00e9cnica y jur\u00eddica de las normas que expiden\u201d, afirm\u00f3 la jefe de la Oficina de Asesor\u00eda Jur\u00eddica, Angela Pantoja Moreno.<\/p>\n<p style=\"text-align: justify;\">Con el fin de expedir normas revestidas de par\u00e1metros de calidad t\u00e9cnica y jur\u00eddica, que permitan seguridad en este \u00e1mbito, adem\u00e1s de la participaci\u00f3n ciudadana en cada una de las etapas, se reglamenta adoptar la Pol\u00edtica de Mejora Normativa en el Municipio de Pasto. Esto permitir\u00e1 que los procesos sean eficaces, eficientes, transparentes, coherentes y simples.<\/p>\n<p style=\"text-align: justify;\">Para este fin se crear\u00e1 una Unidad T\u00e9cnica Regulatoria para el estudio, an\u00e1lisis y verificaci\u00f3n de los decretos expedidos por el municipio, misma que ser\u00e1 constituida por el Alcalde de Pasto o su delegado, dos funcionarios de nivel directivo y el funcionario que ejerza el liderazgo de la Oficina de Asesor\u00eda Jur\u00eddica del Despacho. El objetivo ser\u00e1 analizar la pertinencia y procedencia de los actos administrativos, adem\u00e1s de dar tr\u00e1mite a las solicitudes jur\u00eddicas presentadas por las dependencias que hacen parte de la Administraci\u00f3n Municipal.<\/p>\n<p style=\"text-align: justify;\">La Alcald\u00eda de Pasto garantiza la emisi\u00f3n de actos administrativos transparentes y que permitan la participaci\u00f3n ciudadana de manera permanente, a trav\u00e9s de la implementaci\u00f3n de esta Pol\u00edtica, cuyo prop\u00f3sito es agilizar los procesos jur\u00eddicos y permitir que el municipio se destaque en Buenas Pr\u00e1cticas Regulatorias, las que que hacen de Pasto, \u2018La Gran Capital\u2019.<\/p>\n","protected":false},"excerpt":{"rendered":"<p>A trav\u00e9s del Decreto 0457 la Alcald\u00eda de Pasto, alineada con la Constituci\u00f3n Pol\u00edtica de Colombia en la que se establecen los fines esenciales del Estado como la participaci\u00f3n ciudadana, adopta herramientas para el buen gobierno y la competitividad, encaminadas al mejoramiento del proceso de la emisi\u00f3n normativa del municipio. \u201cLa Alcald\u00eda de Pasto adopta [&hellip;]<\/p>\n","protected":false},"author":1,"featured_media":57546,"comment_status":"open","ping_status":"open","sticky":false,"template":"","format":"standard","meta":{"footnotes":""},"categories":[82],"tags":[],"class_list":["post-57545","post","type-post","status-publish","format-standard","has-post-thumbnail","hentry","category-ciudad-2"],"yoast_head":"<!-- This site is optimized with the Yoast SEO plugin v27.1.1 - https:\/\/yoast.com\/product\/yoast-seo-wordpress\/ -->\n<title>La participaci\u00f3n ciudadana ser\u00e1 el eje de los decretos expedidos por la alcald\u00eda de Pasto | P\u00e1gina10<\/title>\n<meta name=\"robots\" content=\"index, follow, max-snippet:-1, max-image-preview:large, max-video-preview:-1\" \/>\n<link rel=\"canonical\" href=\"https:\/\/pagina10.com\/web\/la-participacion-ciudadana-sera-el-eje-de-los-decretos-expedidos-por-la-alcaldia-de-pasto\/\" \/>\n<meta property=\"og:locale\" content=\"es_ES\" \/>\n<meta property=\"og:type\" content=\"article\" \/>\n<meta property=\"og:title\" content=\"La participaci\u00f3n ciudadana ser\u00e1 el eje de los decretos expedidos por la alcald\u00eda de Pasto | P\u00e1gina10\" \/>\n<meta property=\"og:description\" content=\"A trav\u00e9s del Decreto 0457 la Alcald\u00eda de Pasto, alineada con la Constituci\u00f3n Pol\u00edtica de Colombia en la que se establecen los fines esenciales del Estado como la participaci\u00f3n ciudadana, adopta herramientas para el buen gobierno y la competitividad, encaminadas al mejoramiento del proceso de la emisi\u00f3n normativa del municipio. \u201cLa Alcald\u00eda de Pasto adopta [&hellip;]\" \/>\n<meta property=\"og:url\" content=\"https:\/\/pagina10.com\/web\/la-participacion-ciudadana-sera-el-eje-de-los-decretos-expedidos-por-la-alcaldia-de-pasto\/\" \/>\n<meta property=\"og:site_name\" content=\"P\u00e1gina10\" \/>\n<meta property=\"article:publisher\" content=\"https:\/\/www.facebook.com\/pag10com\" \/>\n<meta property=\"article:published_time\" content=\"2021-12-26T04:47:25+00:00\" \/>\n<meta property=\"og:image\" content=\"https:\/\/pagina10.com\/web\/wp-content\/uploads\/2021\/12\/WhatsApp-Image-2021-12-25-at-11.46.17-PM.jpeg\" \/>\n\t<meta property=\"og:image:width\" content=\"1024\" \/>\n\t<meta property=\"og:image:height\" content=\"768\" \/>\n\t<meta property=\"og:image:type\" content=\"image\/jpeg\" \/>\n<meta name=\"author\" content=\"P\u00e1gina 10\" \/>\n<meta name=\"twitter:card\" content=\"summary_large_image\" \/>\n<meta name=\"twitter:creator\" content=\"@Pag10com\" \/>\n<meta name=\"twitter:site\" content=\"@Pag10com\" \/>\n<meta name=\"twitter:label1\" content=\"Escrito por\" \/>\n\t<meta name=\"twitter:data1\" content=\"P\u00e1gina 10\" \/>\n\t<meta name=\"twitter:label2\" content=\"Tiempo de lectura\" \/>\n\t<meta name=\"twitter:data2\" content=\"2 minutos\" \/>\n<script type=\"application\/ld+json\" class=\"yoast-schema-graph\">{\"@context\":\"https:\/\/schema.org\",\"@graph\":[{\"@type\":\"Article\",\"@id\":\"https:\/\/pagina10.com\/web\/la-participacion-ciudadana-sera-el-eje-de-los-decretos-expedidos-por-la-alcaldia-de-pasto\/#article\",\"isPartOf\":{\"@id\":\"https:\/\/pagina10.com\/web\/la-participacion-ciudadana-sera-el-eje-de-los-decretos-expedidos-por-la-alcaldia-de-pasto\/\"},\"author\":{\"name\":\"P\u00e1gina 10\",\"@id\":\"https:\/\/pagina10.com\/web\/#\/schema\/person\/2efc4a090d25b667d3bc796798a3a81b\"},\"headline\":\"La participaci\u00f3n ciudadana ser\u00e1 el eje de los decretos expedidos por la alcald\u00eda de Pasto\",\"datePublished\":\"2021-12-26T04:47:25+00:00\",\"mainEntityOfPage\":{\"@id\":\"https:\/\/pagina10.com\/web\/la-participacion-ciudadana-sera-el-eje-de-los-decretos-expedidos-por-la-alcaldia-de-pasto\/\"},\"wordCount\":364,\"commentCount\":0,\"publisher\":{\"@id\":\"https:\/\/pagina10.com\/web\/#organization\"},\"image\":{\"@id\":\"https:\/\/pagina10.com\/web\/la-participacion-ciudadana-sera-el-eje-de-los-decretos-expedidos-por-la-alcaldia-de-pasto\/#primaryimage\"},\"thumbnailUrl\":\"https:\/\/pagina10.com\/web\/wp-content\/uploads\/2021\/12\/WhatsApp-Image-2021-12-25-at-11.46.17-PM.jpeg\",\"articleSection\":[\"Ciudad\"],\"inLanguage\":\"es\",\"potentialAction\":[{\"@type\":\"CommentAction\",\"name\":\"Comment\",\"target\":[\"https:\/\/pagina10.com\/web\/la-participacion-ciudadana-sera-el-eje-de-los-decretos-expedidos-por-la-alcaldia-de-pasto\/#respond\"]}]},{\"@type\":\"WebPage\",\"@id\":\"https:\/\/pagina10.com\/web\/la-participacion-ciudadana-sera-el-eje-de-los-decretos-expedidos-por-la-alcaldia-de-pasto\/\",\"url\":\"https:\/\/pagina10.com\/web\/la-participacion-ciudadana-sera-el-eje-de-los-decretos-expedidos-por-la-alcaldia-de-pasto\/\",\"name\":\"La participaci\u00f3n ciudadana ser\u00e1 el eje de los decretos expedidos por la alcald\u00eda de Pasto | P\u00e1gina10\",\"isPartOf\":{\"@id\":\"https:\/\/pagina10.com\/web\/#website\"},\"primaryImageOfPage\":{\"@id\":\"https:\/\/pagina10.com\/web\/la-participacion-ciudadana-sera-el-eje-de-los-decretos-expedidos-por-la-alcaldia-de-pasto\/#primaryimage\"},\"image\":{\"@id\":\"https:\/\/pagina10.com\/web\/la-participacion-ciudadana-sera-el-eje-de-los-decretos-expedidos-por-la-alcaldia-de-pasto\/#primaryimage\"},\"thumbnailUrl\":\"https:\/\/pagina10.com\/web\/wp-content\/uploads\/2021\/12\/WhatsApp-Image-2021-12-25-at-11.46.17-PM.jpeg\",\"datePublished\":\"2021-12-26T04:47:25+00:00\",\"breadcrumb\":{\"@id\":\"https:\/\/pagina10.com\/web\/la-participacion-ciudadana-sera-el-eje-de-los-decretos-expedidos-por-la-alcaldia-de-pasto\/#breadcrumb\"},\"inLanguage\":\"es\",\"potentialAction\":[{\"@type\":\"ReadAction\",\"target\":[\"https:\/\/pagina10.com\/web\/la-participacion-ciudadana-sera-el-eje-de-los-decretos-expedidos-por-la-alcaldia-de-pasto\/\"]}]},{\"@type\":\"ImageObject\",\"inLanguage\":\"es\",\"@id\":\"https:\/\/pagina10.com\/web\/la-participacion-ciudadana-sera-el-eje-de-los-decretos-expedidos-por-la-alcaldia-de-pasto\/#primaryimage\",\"url\":\"https:\/\/pagina10.com\/web\/wp-content\/uploads\/2021\/12\/WhatsApp-Image-2021-12-25-at-11.46.17-PM.jpeg\",\"contentUrl\":\"https:\/\/pagina10.com\/web\/wp-content\/uploads\/2021\/12\/WhatsApp-Image-2021-12-25-at-11.46.17-PM.jpeg\",\"width\":1024,\"height\":768},{\"@type\":\"BreadcrumbList\",\"@id\":\"https:\/\/pagina10.com\/web\/la-participacion-ciudadana-sera-el-eje-de-los-decretos-expedidos-por-la-alcaldia-de-pasto\/#breadcrumb\",\"itemListElement\":[{\"@type\":\"ListItem\",\"position\":1,\"name\":\"Portada\",\"item\":\"https:\/\/pagina10.com\/web\/\"},{\"@type\":\"ListItem\",\"position\":2,\"name\":\"La participaci\u00f3n ciudadana ser\u00e1 el eje de los decretos expedidos por la alcald\u00eda de Pasto\"}]},{\"@type\":\"WebSite\",\"@id\":\"https:\/\/pagina10.com\/web\/#website\",\"url\":\"https:\/\/pagina10.com\/web\/\",\"name\":\"P\u00e1gina10\",\"description\":\"Peri\u00f3dico Regional\",\"publisher\":{\"@id\":\"https:\/\/pagina10.com\/web\/#organization\"},\"alternateName\":\"P\u00e1gina10 Peri\u00f3dico Regional\",\"potentialAction\":[{\"@type\":\"SearchAction\",\"target\":{\"@type\":\"EntryPoint\",\"urlTemplate\":\"https:\/\/pagina10.com\/web\/?s={search_term_string}\"},\"query-input\":{\"@type\":\"PropertyValueSpecification\",\"valueRequired\":true,\"valueName\":\"search_term_string\"}}],\"inLanguage\":\"es\"},{\"@type\":\"Organization\",\"@id\":\"https:\/\/pagina10.com\/web\/#organization\",\"name\":\"P\u00e1gina10\",\"alternateName\":\"P\u00e1gina10 Peri\u00f3dico Regional\",\"url\":\"https:\/\/pagina10.com\/web\/\",\"logo\":{\"@type\":\"ImageObject\",\"inLanguage\":\"es\",\"@id\":\"https:\/\/pagina10.com\/web\/#\/schema\/logo\/image\/\",\"url\":\"https:\/\/pagina10.com\/web\/wp-content\/uploads\/2024\/01\/40-pagina-10-periodico-regional-pasto.jpg\",\"contentUrl\":\"https:\/\/pagina10.com\/web\/wp-content\/uploads\/2024\/01\/40-pagina-10-periodico-regional-pasto.jpg\",\"width\":1280,\"height\":720,\"caption\":\"P\u00e1gina10\"},\"image\":{\"@id\":\"https:\/\/pagina10.com\/web\/#\/schema\/logo\/image\/\"},\"sameAs\":[\"https:\/\/www.facebook.com\/pag10com\",\"https:\/\/x.com\/Pag10com\",\"https:\/\/www.instagram.com\/pagina10col\/\",\"https:\/\/youtube.com\/channel\/pag10\",\"https:\/\/www.tiktok.com\/@p10col\"]},{\"@type\":\"Person\",\"@id\":\"https:\/\/pagina10.com\/web\/#\/schema\/person\/2efc4a090d25b667d3bc796798a3a81b\",\"name\":\"P\u00e1gina 10\",\"description\":\"P\u00e1gina 10 es un peri\u00f3dico regional que nace en Colombia, en el departamento de Nari\u00f1o, con un enfoque global, fundamentado en cuatro pilares esenciales: la libertad, el pluralismo, la inclusi\u00f3n y la independencia. P\u00e1gina 10 hace referencia a Nari\u00f1o como el d\u00e9cimo departamento creado en Colombia, despu\u00e9s de un proceso pol\u00edtico liderado por actores y actrices regionales con el fin de obtener la independencia y autonom\u00eda de nuestros territorios. Con la creaci\u00f3n de P\u00e1gina 10 se pretende abrir un escenario para el dialogo, la reflexi\u00f3n y el debate que se extienda a otras geograf\u00edas de Am\u00e9rica Latina y del planeta, en una apuesta por transformar colectivamente los desaf\u00edos de un mundo contempor\u00e1neo, m\u00e1s all\u00e1 de las fronteras impuestas.\",\"url\":\"https:\/\/pagina10.com\/web\/author\/pdiezadmin\/\"}]}<\/script>\n<!-- \/ Yoast SEO plugin. -->","yoast_head_json":{"title":"La participaci\u00f3n ciudadana ser\u00e1 el eje de los decretos expedidos por la alcald\u00eda de Pasto | P\u00e1gina10","robots":{"index":"index","follow":"follow","max-snippet":"max-snippet:-1","max-image-preview":"max-image-preview:large","max-video-preview":"max-video-preview:-1"},"canonical":"https:\/\/pagina10.com\/web\/la-participacion-ciudadana-sera-el-eje-de-los-decretos-expedidos-por-la-alcaldia-de-pasto\/","og_locale":"es_ES","og_type":"article","og_title":"La participaci\u00f3n ciudadana ser\u00e1 el eje de los decretos expedidos por la alcald\u00eda de Pasto | P\u00e1gina10","og_description":"A trav\u00e9s del Decreto 0457 la Alcald\u00eda de Pasto, alineada con la Constituci\u00f3n Pol\u00edtica de Colombia en la que se establecen los fines esenciales del Estado como la participaci\u00f3n ciudadana, adopta herramientas para el buen gobierno y la competitividad, encaminadas al mejoramiento del proceso de la emisi\u00f3n normativa del municipio. \u201cLa Alcald\u00eda de Pasto adopta [&hellip;]","og_url":"https:\/\/pagina10.com\/web\/la-participacion-ciudadana-sera-el-eje-de-los-decretos-expedidos-por-la-alcaldia-de-pasto\/","og_site_name":"P\u00e1gina10","article_publisher":"https:\/\/www.facebook.com\/pag10com","article_published_time":"2021-12-26T04:47:25+00:00","og_image":[{"width":1024,"height":768,"url":"https:\/\/pagina10.com\/web\/wp-content\/uploads\/2021\/12\/WhatsApp-Image-2021-12-25-at-11.46.17-PM.jpeg","type":"image\/jpeg"}],"author":"P\u00e1gina 10","twitter_card":"summary_large_image","twitter_creator":"@Pag10com","twitter_site":"@Pag10com","twitter_misc":{"Escrito por":"P\u00e1gina 10","Tiempo de lectura":"2 minutos"},"schema":{"@context":"https:\/\/schema.org","@graph":[{"@type":"Article","@id":"https:\/\/pagina10.com\/web\/la-participacion-ciudadana-sera-el-eje-de-los-decretos-expedidos-por-la-alcaldia-de-pasto\/#article","isPartOf":{"@id":"https:\/\/pagina10.com\/web\/la-participacion-ciudadana-sera-el-eje-de-los-decretos-expedidos-por-la-alcaldia-de-pasto\/"},"author":{"name":"P\u00e1gina 10","@id":"https:\/\/pagina10.com\/web\/#\/schema\/person\/2efc4a090d25b667d3bc796798a3a81b"},"headline":"La participaci\u00f3n ciudadana ser\u00e1 el eje de los decretos expedidos por la alcald\u00eda de Pasto","datePublished":"2021-12-26T04:47:25+00:00","mainEntityOfPage":{"@id":"https:\/\/pagina10.com\/web\/la-participacion-ciudadana-sera-el-eje-de-los-decretos-expedidos-por-la-alcaldia-de-pasto\/"},"wordCount":364,"commentCount":0,"publisher":{"@id":"https:\/\/pagina10.com\/web\/#organization"},"image":{"@id":"https:\/\/pagina10.com\/web\/la-participacion-ciudadana-sera-el-eje-de-los-decretos-expedidos-por-la-alcaldia-de-pasto\/#primaryimage"},"thumbnailUrl":"https:\/\/pagina10.com\/web\/wp-content\/uploads\/2021\/12\/WhatsApp-Image-2021-12-25-at-11.46.17-PM.jpeg","articleSection":["Ciudad"],"inLanguage":"es","potentialAction":[{"@type":"CommentAction","name":"Comment","target":["https:\/\/pagina10.com\/web\/la-participacion-ciudadana-sera-el-eje-de-los-decretos-expedidos-por-la-alcaldia-de-pasto\/#respond"]}]},{"@type":"WebPage","@id":"https:\/\/pagina10.com\/web\/la-participacion-ciudadana-sera-el-eje-de-los-decretos-expedidos-por-la-alcaldia-de-pasto\/","url":"https:\/\/pagina10.com\/web\/la-participacion-ciudadana-sera-el-eje-de-los-decretos-expedidos-por-la-alcaldia-de-pasto\/","name":"La participaci\u00f3n ciudadana ser\u00e1 el eje de los decretos expedidos por la alcald\u00eda de Pasto | P\u00e1gina10","isPartOf":{"@id":"https:\/\/pagina10.com\/web\/#website"},"primaryImageOfPage":{"@id":"https:\/\/pagina10.com\/web\/la-participacion-ciudadana-sera-el-eje-de-los-decretos-expedidos-por-la-alcaldia-de-pasto\/#primaryimage"},"image":{"@id":"https:\/\/pagina10.com\/web\/la-participacion-ciudadana-sera-el-eje-de-los-decretos-expedidos-por-la-alcaldia-de-pasto\/#primaryimage"},"thumbnailUrl":"https:\/\/pagina10.com\/web\/wp-content\/uploads\/2021\/12\/WhatsApp-Image-2021-12-25-at-11.46.17-PM.jpeg","datePublished":"2021-12-26T04:47:25+00:00","breadcrumb":{"@id":"https:\/\/pagina10.com\/web\/la-participacion-ciudadana-sera-el-eje-de-los-decretos-expedidos-por-la-alcaldia-de-pasto\/#breadcrumb"},"inLanguage":"es","potentialAction":[{"@type":"ReadAction","target":["https:\/\/pagina10.com\/web\/la-participacion-ciudadana-sera-el-eje-de-los-decretos-expedidos-por-la-alcaldia-de-pasto\/"]}]},{"@type":"ImageObject","inLanguage":"es","@id":"https:\/\/pagina10.com\/web\/la-participacion-ciudadana-sera-el-eje-de-los-decretos-expedidos-por-la-alcaldia-de-pasto\/#primaryimage","url":"https:\/\/pagina10.com\/web\/wp-content\/uploads\/2021\/12\/WhatsApp-Image-2021-12-25-at-11.46.17-PM.jpeg","contentUrl":"https:\/\/pagina10.com\/web\/wp-content\/uploads\/2021\/12\/WhatsApp-Image-2021-12-25-at-11.46.17-PM.jpeg","width":1024,"height":768},{"@type":"BreadcrumbList","@id":"https:\/\/pagina10.com\/web\/la-participacion-ciudadana-sera-el-eje-de-los-decretos-expedidos-por-la-alcaldia-de-pasto\/#breadcrumb","itemListElement":[{"@type":"ListItem","position":1,"name":"Portada","item":"https:\/\/pagina10.com\/web\/"},{"@type":"ListItem","position":2,"name":"La participaci\u00f3n ciudadana ser\u00e1 el eje de los decretos expedidos por la alcald\u00eda de Pasto"}]},{"@type":"WebSite","@id":"https:\/\/pagina10.com\/web\/#website","url":"https:\/\/pagina10.com\/web\/","name":"P\u00e1gina10","description":"Peri\u00f3dico Regional","publisher":{"@id":"https:\/\/pagina10.com\/web\/#organization"},"alternateName":"P\u00e1gina10 Peri\u00f3dico Regional","potentialAction":[{"@type":"SearchAction","target":{"@type":"EntryPoint","urlTemplate":"https:\/\/pagina10.com\/web\/?s={search_term_string}"},"query-input":{"@type":"PropertyValueSpecification","valueRequired":true,"valueName":"search_term_string"}}],"inLanguage":"es"},{"@type":"Organization","@id":"https:\/\/pagina10.com\/web\/#organization","name":"P\u00e1gina10","alternateName":"P\u00e1gina10 Peri\u00f3dico Regional","url":"https:\/\/pagina10.com\/web\/","logo":{"@type":"ImageObject","inLanguage":"es","@id":"https:\/\/pagina10.com\/web\/#\/schema\/logo\/image\/","url":"https:\/\/pagina10.com\/web\/wp-content\/uploads\/2024\/01\/40-pagina-10-periodico-regional-pasto.jpg","contentUrl":"https:\/\/pagina10.com\/web\/wp-content\/uploads\/2024\/01\/40-pagina-10-periodico-regional-pasto.jpg","width":1280,"height":720,"caption":"P\u00e1gina10"},"image":{"@id":"https:\/\/pagina10.com\/web\/#\/schema\/logo\/image\/"},"sameAs":["https:\/\/www.facebook.com\/pag10com","https:\/\/x.com\/Pag10com","https:\/\/www.instagram.com\/pagina10col\/","https:\/\/youtube.com\/channel\/pag10","https:\/\/www.tiktok.com\/@p10col"]},{"@type":"Person","@id":"https:\/\/pagina10.com\/web\/#\/schema\/person\/2efc4a090d25b667d3bc796798a3a81b","name":"P\u00e1gina 10","description":"P\u00e1gina 10 es un peri\u00f3dico regional que nace en Colombia, en el departamento de Nari\u00f1o, con un enfoque global, fundamentado en cuatro pilares esenciales: la libertad, el pluralismo, la inclusi\u00f3n y la independencia. P\u00e1gina 10 hace referencia a Nari\u00f1o como el d\u00e9cimo departamento creado en Colombia, despu\u00e9s de un proceso pol\u00edtico liderado por actores y actrices regionales con el fin de obtener la independencia y autonom\u00eda de nuestros territorios. Con la creaci\u00f3n de P\u00e1gina 10 se pretende abrir un escenario para el dialogo, la reflexi\u00f3n y el debate que se extienda a otras geograf\u00edas de Am\u00e9rica Latina y del planeta, en una apuesta por transformar colectivamente los desaf\u00edos de un mundo contempor\u00e1neo, m\u00e1s all\u00e1 de las fronteras impuestas.","url":"https:\/\/pagina10.com\/web\/author\/pdiezadmin\/"}]}},"_links":{"self":[{"href":"https:\/\/pagina10.com\/web\/wp-json\/wp\/v2\/posts\/57545","targetHints":{"allow":["GET"]}}],"collection":[{"href":"https:\/\/pagina10.com\/web\/wp-json\/wp\/v2\/posts"}],"about":[{"href":"https:\/\/pagina10.com\/web\/wp-json\/wp\/v2\/types\/post"}],"author":[{"embeddable":true,"href":"https:\/\/pagina10.com\/web\/wp-json\/wp\/v2\/users\/1"}],"replies":[{"embeddable":true,"href":"https:\/\/pagina10.com\/web\/wp-json\/wp\/v2\/comments?post=57545"}],"version-history":[{"count":1,"href":"https:\/\/pagina10.com\/web\/wp-json\/wp\/v2\/posts\/57545\/revisions"}],"predecessor-version":[{"id":57547,"href":"https:\/\/pagina10.com\/web\/wp-json\/wp\/v2\/posts\/57545\/revisions\/57547"}],"wp:featuredmedia":[{"embeddable":true,"href":"https:\/\/pagina10.com\/web\/wp-json\/wp\/v2\/media\/57546"}],"wp:attachment":[{"href":"https:\/\/pagina10.com\/web\/wp-json\/wp\/v2\/media?parent=57545"}],"wp:term":[{"taxonomy":"category","embeddable":true,"href":"https:\/\/pagina10.com\/web\/wp-json\/wp\/v2\/categories?post=57545"},{"taxonomy":"post_tag","embeddable":true,"href":"https:\/\/pagina10.com\/web\/wp-json\/wp\/v2\/tags?post=57545"}],"curies":[{"name":"wp","href":"https:\/\/api.w.org\/{rel}","templated":true}]}}