{"id":57551,"date":"2021-12-25T23:57:33","date_gmt":"2021-12-26T04:57:33","guid":{"rendered":"https:\/\/pagina10.com\/web\/?p=57551"},"modified":"2021-12-25T23:57:50","modified_gmt":"2021-12-26T04:57:50","slug":"alcaldia-de-pasto-obtuvo-reconocimiento-por-parte-del-ministerio-del-interior","status":"publish","type":"post","link":"https:\/\/pagina10.com\/web\/alcaldia-de-pasto-obtuvo-reconocimiento-por-parte-del-ministerio-del-interior\/","title":{"rendered":"Alcald\u00eda de Pasto obtuvo reconocimiento por parte del ministerio del Interior"},"content":{"rendered":"<p style=\"text-align: justify;\">El Alcalde Germ\u00e1n Chamorro De La Rosa recibi\u00f3, en la sexta versi\u00f3n del Premio Colombia Participa 2021, el segundo puesto en la categor\u00eda \u2018Fomento a la Participaci\u00f3n Ciudadana de Comunidades \u00c9tnicas\u2019, a trav\u00e9s de la gesti\u00f3n territorial en la que avanza la Secretar\u00eda de Desarrollo Comunitario.<\/p>\n<p style=\"text-align: justify;\">\u201cTrabajamos con la comunidad ind\u00edgena Quillasinga, que est\u00e1 en nuestro territorio, la comunidad Inga y Pastos, en contexto de ciudad, la comunidad Gitana y la comunidad Afro para fortalecer su cultura en usos y costumbres\u201d, asegur\u00f3 el secretario de Desarrollo Comunitario, Mario Pinto Calvache.<\/p>\n<p style=\"text-align: justify;\">Debido a la existencia de los diferentes grupos \u00e9tnicos en el municipio como parte integral de la identidad pastusa y de la construcci\u00f3n social, cultural, pol\u00edtica, econ\u00f3mica y ambiental de nuestro territorio, desde la Administraci\u00f3n Municipal se hace necesario consolidar el espacio de acompa\u00f1amiento para atender y promover los proyectos, planes, programas y pol\u00edticas relacionados con los pueblos ind\u00edgenas, afrodescendientes y Rrom Gitano.<\/p>\n<p style=\"text-align: justify;\">La Secretar\u00eda de Desarrollo Comunitario, a trav\u00e9s del sub programa de Asuntos \u00c9tnicos, se centra en los lineamientos del Plan de Desarrollo Municipal \u2018Pasto, La Gran Capital 2020 \u2013 2023\u2019 para apoyar el fortalecimiento de los planes de vida y de desarrollo de los grupos \u00e9tnicos y el acompa\u00f1amiento para la participaci\u00f3n e interlocuci\u00f3n de \u00e9stos con la institucionalidad, a partir del reconocimiento de sus usos, costumbres, jurisdicci\u00f3n especial y cosmovisi\u00f3n, de la mano del di\u00e1logo y la concertaci\u00f3n para el buen vivir de las comunidades.<\/p>\n","protected":false},"excerpt":{"rendered":"<p>El Alcalde Germ\u00e1n Chamorro De La Rosa recibi\u00f3, en la sexta versi\u00f3n del Premio Colombia Participa 2021, el segundo puesto en la categor\u00eda \u2018Fomento a la Participaci\u00f3n Ciudadana de Comunidades \u00c9tnicas\u2019, a trav\u00e9s de la gesti\u00f3n territorial en la que avanza la Secretar\u00eda de Desarrollo Comunitario. \u201cTrabajamos con la comunidad ind\u00edgena Quillasinga, que est\u00e1 en [&hellip;]<\/p>\n","protected":false},"author":1,"featured_media":57552,"comment_status":"open","ping_status":"open","sticky":false,"template":"","format":"standard","meta":{"footnotes":""},"categories":[5],"tags":[],"class_list":["post-57551","post","type-post","status-publish","format-standard","has-post-thumbnail","hentry","category-ciudad"],"yoast_head":"<!-- This site is optimized with the Yoast SEO plugin v27.1.1 - https:\/\/yoast.com\/product\/yoast-seo-wordpress\/ -->\n<title>Alcald\u00eda de Pasto obtuvo reconocimiento por parte del ministerio del Interior | P\u00e1gina10<\/title>\n<meta name=\"robots\" content=\"index, follow, max-snippet:-1, max-image-preview:large, max-video-preview:-1\" \/>\n<link rel=\"canonical\" href=\"https:\/\/pagina10.com\/web\/alcaldia-de-pasto-obtuvo-reconocimiento-por-parte-del-ministerio-del-interior\/\" \/>\n<meta property=\"og:locale\" content=\"es_ES\" \/>\n<meta property=\"og:type\" content=\"article\" \/>\n<meta property=\"og:title\" content=\"Alcald\u00eda de Pasto obtuvo reconocimiento por parte del ministerio del Interior | P\u00e1gina10\" \/>\n<meta property=\"og:description\" content=\"El Alcalde Germ\u00e1n Chamorro De La Rosa recibi\u00f3, en la sexta versi\u00f3n del Premio Colombia Participa 2021, el segundo puesto en la categor\u00eda \u2018Fomento a la Participaci\u00f3n Ciudadana de Comunidades \u00c9tnicas\u2019, a trav\u00e9s de la gesti\u00f3n territorial en la que avanza la Secretar\u00eda de Desarrollo Comunitario. \u201cTrabajamos con la comunidad ind\u00edgena Quillasinga, que est\u00e1 en [&hellip;]\" \/>\n<meta property=\"og:url\" content=\"https:\/\/pagina10.com\/web\/alcaldia-de-pasto-obtuvo-reconocimiento-por-parte-del-ministerio-del-interior\/\" \/>\n<meta property=\"og:site_name\" content=\"P\u00e1gina10\" \/>\n<meta property=\"article:publisher\" content=\"https:\/\/www.facebook.com\/pag10com\" \/>\n<meta property=\"article:published_time\" content=\"2021-12-26T04:57:33+00:00\" \/>\n<meta property=\"article:modified_time\" content=\"2021-12-26T04:57:50+00:00\" \/>\n<meta property=\"og:image\" content=\"https:\/\/pagina10.com\/web\/wp-content\/uploads\/2021\/12\/WhatsApp-Image-2021-12-20-at-10.32.28-PM.jpeg\" \/>\n\t<meta property=\"og:image:width\" content=\"1280\" \/>\n\t<meta property=\"og:image:height\" content=\"960\" \/>\n\t<meta property=\"og:image:type\" content=\"image\/jpeg\" \/>\n<meta name=\"author\" content=\"P\u00e1gina 10\" \/>\n<meta name=\"twitter:card\" content=\"summary_large_image\" \/>\n<meta name=\"twitter:creator\" content=\"@Pag10com\" \/>\n<meta name=\"twitter:site\" content=\"@Pag10com\" \/>\n<meta name=\"twitter:label1\" content=\"Escrito por\" \/>\n\t<meta name=\"twitter:data1\" content=\"P\u00e1gina 10\" \/>\n\t<meta name=\"twitter:label2\" content=\"Tiempo de lectura\" \/>\n\t<meta name=\"twitter:data2\" content=\"1 minuto\" \/>\n<script type=\"application\/ld+json\" class=\"yoast-schema-graph\">{\"@context\":\"https:\/\/schema.org\",\"@graph\":[{\"@type\":\"Article\",\"@id\":\"https:\/\/pagina10.com\/web\/alcaldia-de-pasto-obtuvo-reconocimiento-por-parte-del-ministerio-del-interior\/#article\",\"isPartOf\":{\"@id\":\"https:\/\/pagina10.com\/web\/alcaldia-de-pasto-obtuvo-reconocimiento-por-parte-del-ministerio-del-interior\/\"},\"author\":{\"name\":\"P\u00e1gina 10\",\"@id\":\"https:\/\/pagina10.com\/web\/#\/schema\/person\/2efc4a090d25b667d3bc796798a3a81b\"},\"headline\":\"Alcald\u00eda de Pasto obtuvo reconocimiento por parte del ministerio del Interior\",\"datePublished\":\"2021-12-26T04:57:33+00:00\",\"dateModified\":\"2021-12-26T04:57:50+00:00\",\"mainEntityOfPage\":{\"@id\":\"https:\/\/pagina10.com\/web\/alcaldia-de-pasto-obtuvo-reconocimiento-por-parte-del-ministerio-del-interior\/\"},\"wordCount\":271,\"commentCount\":0,\"publisher\":{\"@id\":\"https:\/\/pagina10.com\/web\/#organization\"},\"image\":{\"@id\":\"https:\/\/pagina10.com\/web\/alcaldia-de-pasto-obtuvo-reconocimiento-por-parte-del-ministerio-del-interior\/#primaryimage\"},\"thumbnailUrl\":\"https:\/\/pagina10.com\/web\/wp-content\/uploads\/2021\/12\/WhatsApp-Image-2021-12-20-at-10.32.28-PM.jpeg\",\"articleSection\":[\"Ciudad\"],\"inLanguage\":\"es\",\"potentialAction\":[{\"@type\":\"CommentAction\",\"name\":\"Comment\",\"target\":[\"https:\/\/pagina10.com\/web\/alcaldia-de-pasto-obtuvo-reconocimiento-por-parte-del-ministerio-del-interior\/#respond\"]}]},{\"@type\":\"WebPage\",\"@id\":\"https:\/\/pagina10.com\/web\/alcaldia-de-pasto-obtuvo-reconocimiento-por-parte-del-ministerio-del-interior\/\",\"url\":\"https:\/\/pagina10.com\/web\/alcaldia-de-pasto-obtuvo-reconocimiento-por-parte-del-ministerio-del-interior\/\",\"name\":\"Alcald\u00eda de Pasto obtuvo reconocimiento por parte del ministerio del Interior | P\u00e1gina10\",\"isPartOf\":{\"@id\":\"https:\/\/pagina10.com\/web\/#website\"},\"primaryImageOfPage\":{\"@id\":\"https:\/\/pagina10.com\/web\/alcaldia-de-pasto-obtuvo-reconocimiento-por-parte-del-ministerio-del-interior\/#primaryimage\"},\"image\":{\"@id\":\"https:\/\/pagina10.com\/web\/alcaldia-de-pasto-obtuvo-reconocimiento-por-parte-del-ministerio-del-interior\/#primaryimage\"},\"thumbnailUrl\":\"https:\/\/pagina10.com\/web\/wp-content\/uploads\/2021\/12\/WhatsApp-Image-2021-12-20-at-10.32.28-PM.jpeg\",\"datePublished\":\"2021-12-26T04:57:33+00:00\",\"dateModified\":\"2021-12-26T04:57:50+00:00\",\"breadcrumb\":{\"@id\":\"https:\/\/pagina10.com\/web\/alcaldia-de-pasto-obtuvo-reconocimiento-por-parte-del-ministerio-del-interior\/#breadcrumb\"},\"inLanguage\":\"es\",\"potentialAction\":[{\"@type\":\"ReadAction\",\"target\":[\"https:\/\/pagina10.com\/web\/alcaldia-de-pasto-obtuvo-reconocimiento-por-parte-del-ministerio-del-interior\/\"]}]},{\"@type\":\"ImageObject\",\"inLanguage\":\"es\",\"@id\":\"https:\/\/pagina10.com\/web\/alcaldia-de-pasto-obtuvo-reconocimiento-por-parte-del-ministerio-del-interior\/#primaryimage\",\"url\":\"https:\/\/pagina10.com\/web\/wp-content\/uploads\/2021\/12\/WhatsApp-Image-2021-12-20-at-10.32.28-PM.jpeg\",\"contentUrl\":\"https:\/\/pagina10.com\/web\/wp-content\/uploads\/2021\/12\/WhatsApp-Image-2021-12-20-at-10.32.28-PM.jpeg\",\"width\":1280,\"height\":960},{\"@type\":\"BreadcrumbList\",\"@id\":\"https:\/\/pagina10.com\/web\/alcaldia-de-pasto-obtuvo-reconocimiento-por-parte-del-ministerio-del-interior\/#breadcrumb\",\"itemListElement\":[{\"@type\":\"ListItem\",\"position\":1,\"name\":\"Portada\",\"item\":\"https:\/\/pagina10.com\/web\/\"},{\"@type\":\"ListItem\",\"position\":2,\"name\":\"Alcald\u00eda de Pasto obtuvo reconocimiento por parte del ministerio del Interior\"}]},{\"@type\":\"WebSite\",\"@id\":\"https:\/\/pagina10.com\/web\/#website\",\"url\":\"https:\/\/pagina10.com\/web\/\",\"name\":\"P\u00e1gina10\",\"description\":\"Peri\u00f3dico Regional\",\"publisher\":{\"@id\":\"https:\/\/pagina10.com\/web\/#organization\"},\"alternateName\":\"P\u00e1gina10 Peri\u00f3dico Regional\",\"potentialAction\":[{\"@type\":\"SearchAction\",\"target\":{\"@type\":\"EntryPoint\",\"urlTemplate\":\"https:\/\/pagina10.com\/web\/?s={search_term_string}\"},\"query-input\":{\"@type\":\"PropertyValueSpecification\",\"valueRequired\":true,\"valueName\":\"search_term_string\"}}],\"inLanguage\":\"es\"},{\"@type\":\"Organization\",\"@id\":\"https:\/\/pagina10.com\/web\/#organization\",\"name\":\"P\u00e1gina10\",\"alternateName\":\"P\u00e1gina10 Peri\u00f3dico Regional\",\"url\":\"https:\/\/pagina10.com\/web\/\",\"logo\":{\"@type\":\"ImageObject\",\"inLanguage\":\"es\",\"@id\":\"https:\/\/pagina10.com\/web\/#\/schema\/logo\/image\/\",\"url\":\"https:\/\/pagina10.com\/web\/wp-content\/uploads\/2024\/01\/40-pagina-10-periodico-regional-pasto.jpg\",\"contentUrl\":\"https:\/\/pagina10.com\/web\/wp-content\/uploads\/2024\/01\/40-pagina-10-periodico-regional-pasto.jpg\",\"width\":1280,\"height\":720,\"caption\":\"P\u00e1gina10\"},\"image\":{\"@id\":\"https:\/\/pagina10.com\/web\/#\/schema\/logo\/image\/\"},\"sameAs\":[\"https:\/\/www.facebook.com\/pag10com\",\"https:\/\/x.com\/Pag10com\",\"https:\/\/www.instagram.com\/pagina10col\/\",\"https:\/\/youtube.com\/channel\/pag10\",\"https:\/\/www.tiktok.com\/@p10col\"]},{\"@type\":\"Person\",\"@id\":\"https:\/\/pagina10.com\/web\/#\/schema\/person\/2efc4a090d25b667d3bc796798a3a81b\",\"name\":\"P\u00e1gina 10\",\"description\":\"P\u00e1gina 10 es un peri\u00f3dico regional que nace en Colombia, en el departamento de Nari\u00f1o, con un enfoque global, fundamentado en cuatro pilares esenciales: la libertad, el pluralismo, la inclusi\u00f3n y la independencia. P\u00e1gina 10 hace referencia a Nari\u00f1o como el d\u00e9cimo departamento creado en Colombia, despu\u00e9s de un proceso pol\u00edtico liderado por actores y actrices regionales con el fin de obtener la independencia y autonom\u00eda de nuestros territorios. Con la creaci\u00f3n de P\u00e1gina 10 se pretende abrir un escenario para el dialogo, la reflexi\u00f3n y el debate que se extienda a otras geograf\u00edas de Am\u00e9rica Latina y del planeta, en una apuesta por transformar colectivamente los desaf\u00edos de un mundo contempor\u00e1neo, m\u00e1s all\u00e1 de las fronteras impuestas.\",\"url\":\"https:\/\/pagina10.com\/web\/author\/pdiezadmin\/\"}]}<\/script>\n<!-- \/ Yoast SEO plugin. -->","yoast_head_json":{"title":"Alcald\u00eda de Pasto obtuvo reconocimiento por parte del ministerio del Interior | P\u00e1gina10","robots":{"index":"index","follow":"follow","max-snippet":"max-snippet:-1","max-image-preview":"max-image-preview:large","max-video-preview":"max-video-preview:-1"},"canonical":"https:\/\/pagina10.com\/web\/alcaldia-de-pasto-obtuvo-reconocimiento-por-parte-del-ministerio-del-interior\/","og_locale":"es_ES","og_type":"article","og_title":"Alcald\u00eda de Pasto obtuvo reconocimiento por parte del ministerio del Interior | P\u00e1gina10","og_description":"El Alcalde Germ\u00e1n Chamorro De La Rosa recibi\u00f3, en la sexta versi\u00f3n del Premio Colombia Participa 2021, el segundo puesto en la categor\u00eda \u2018Fomento a la Participaci\u00f3n Ciudadana de Comunidades \u00c9tnicas\u2019, a trav\u00e9s de la gesti\u00f3n territorial en la que avanza la Secretar\u00eda de Desarrollo Comunitario. \u201cTrabajamos con la comunidad ind\u00edgena Quillasinga, que est\u00e1 en [&hellip;]","og_url":"https:\/\/pagina10.com\/web\/alcaldia-de-pasto-obtuvo-reconocimiento-por-parte-del-ministerio-del-interior\/","og_site_name":"P\u00e1gina10","article_publisher":"https:\/\/www.facebook.com\/pag10com","article_published_time":"2021-12-26T04:57:33+00:00","article_modified_time":"2021-12-26T04:57:50+00:00","og_image":[{"width":1280,"height":960,"url":"https:\/\/pagina10.com\/web\/wp-content\/uploads\/2021\/12\/WhatsApp-Image-2021-12-20-at-10.32.28-PM.jpeg","type":"image\/jpeg"}],"author":"P\u00e1gina 10","twitter_card":"summary_large_image","twitter_creator":"@Pag10com","twitter_site":"@Pag10com","twitter_misc":{"Escrito por":"P\u00e1gina 10","Tiempo de lectura":"1 minuto"},"schema":{"@context":"https:\/\/schema.org","@graph":[{"@type":"Article","@id":"https:\/\/pagina10.com\/web\/alcaldia-de-pasto-obtuvo-reconocimiento-por-parte-del-ministerio-del-interior\/#article","isPartOf":{"@id":"https:\/\/pagina10.com\/web\/alcaldia-de-pasto-obtuvo-reconocimiento-por-parte-del-ministerio-del-interior\/"},"author":{"name":"P\u00e1gina 10","@id":"https:\/\/pagina10.com\/web\/#\/schema\/person\/2efc4a090d25b667d3bc796798a3a81b"},"headline":"Alcald\u00eda de Pasto obtuvo reconocimiento por parte del ministerio del Interior","datePublished":"2021-12-26T04:57:33+00:00","dateModified":"2021-12-26T04:57:50+00:00","mainEntityOfPage":{"@id":"https:\/\/pagina10.com\/web\/alcaldia-de-pasto-obtuvo-reconocimiento-por-parte-del-ministerio-del-interior\/"},"wordCount":271,"commentCount":0,"publisher":{"@id":"https:\/\/pagina10.com\/web\/#organization"},"image":{"@id":"https:\/\/pagina10.com\/web\/alcaldia-de-pasto-obtuvo-reconocimiento-por-parte-del-ministerio-del-interior\/#primaryimage"},"thumbnailUrl":"https:\/\/pagina10.com\/web\/wp-content\/uploads\/2021\/12\/WhatsApp-Image-2021-12-20-at-10.32.28-PM.jpeg","articleSection":["Ciudad"],"inLanguage":"es","potentialAction":[{"@type":"CommentAction","name":"Comment","target":["https:\/\/pagina10.com\/web\/alcaldia-de-pasto-obtuvo-reconocimiento-por-parte-del-ministerio-del-interior\/#respond"]}]},{"@type":"WebPage","@id":"https:\/\/pagina10.com\/web\/alcaldia-de-pasto-obtuvo-reconocimiento-por-parte-del-ministerio-del-interior\/","url":"https:\/\/pagina10.com\/web\/alcaldia-de-pasto-obtuvo-reconocimiento-por-parte-del-ministerio-del-interior\/","name":"Alcald\u00eda de Pasto obtuvo reconocimiento por parte del ministerio del Interior | P\u00e1gina10","isPartOf":{"@id":"https:\/\/pagina10.com\/web\/#website"},"primaryImageOfPage":{"@id":"https:\/\/pagina10.com\/web\/alcaldia-de-pasto-obtuvo-reconocimiento-por-parte-del-ministerio-del-interior\/#primaryimage"},"image":{"@id":"https:\/\/pagina10.com\/web\/alcaldia-de-pasto-obtuvo-reconocimiento-por-parte-del-ministerio-del-interior\/#primaryimage"},"thumbnailUrl":"https:\/\/pagina10.com\/web\/wp-content\/uploads\/2021\/12\/WhatsApp-Image-2021-12-20-at-10.32.28-PM.jpeg","datePublished":"2021-12-26T04:57:33+00:00","dateModified":"2021-12-26T04:57:50+00:00","breadcrumb":{"@id":"https:\/\/pagina10.com\/web\/alcaldia-de-pasto-obtuvo-reconocimiento-por-parte-del-ministerio-del-interior\/#breadcrumb"},"inLanguage":"es","potentialAction":[{"@type":"ReadAction","target":["https:\/\/pagina10.com\/web\/alcaldia-de-pasto-obtuvo-reconocimiento-por-parte-del-ministerio-del-interior\/"]}]},{"@type":"ImageObject","inLanguage":"es","@id":"https:\/\/pagina10.com\/web\/alcaldia-de-pasto-obtuvo-reconocimiento-por-parte-del-ministerio-del-interior\/#primaryimage","url":"https:\/\/pagina10.com\/web\/wp-content\/uploads\/2021\/12\/WhatsApp-Image-2021-12-20-at-10.32.28-PM.jpeg","contentUrl":"https:\/\/pagina10.com\/web\/wp-content\/uploads\/2021\/12\/WhatsApp-Image-2021-12-20-at-10.32.28-PM.jpeg","width":1280,"height":960},{"@type":"BreadcrumbList","@id":"https:\/\/pagina10.com\/web\/alcaldia-de-pasto-obtuvo-reconocimiento-por-parte-del-ministerio-del-interior\/#breadcrumb","itemListElement":[{"@type":"ListItem","position":1,"name":"Portada","item":"https:\/\/pagina10.com\/web\/"},{"@type":"ListItem","position":2,"name":"Alcald\u00eda de Pasto obtuvo reconocimiento por parte del ministerio del Interior"}]},{"@type":"WebSite","@id":"https:\/\/pagina10.com\/web\/#website","url":"https:\/\/pagina10.com\/web\/","name":"P\u00e1gina10","description":"Peri\u00f3dico Regional","publisher":{"@id":"https:\/\/pagina10.com\/web\/#organization"},"alternateName":"P\u00e1gina10 Peri\u00f3dico Regional","potentialAction":[{"@type":"SearchAction","target":{"@type":"EntryPoint","urlTemplate":"https:\/\/pagina10.com\/web\/?s={search_term_string}"},"query-input":{"@type":"PropertyValueSpecification","valueRequired":true,"valueName":"search_term_string"}}],"inLanguage":"es"},{"@type":"Organization","@id":"https:\/\/pagina10.com\/web\/#organization","name":"P\u00e1gina10","alternateName":"P\u00e1gina10 Peri\u00f3dico Regional","url":"https:\/\/pagina10.com\/web\/","logo":{"@type":"ImageObject","inLanguage":"es","@id":"https:\/\/pagina10.com\/web\/#\/schema\/logo\/image\/","url":"https:\/\/pagina10.com\/web\/wp-content\/uploads\/2024\/01\/40-pagina-10-periodico-regional-pasto.jpg","contentUrl":"https:\/\/pagina10.com\/web\/wp-content\/uploads\/2024\/01\/40-pagina-10-periodico-regional-pasto.jpg","width":1280,"height":720,"caption":"P\u00e1gina10"},"image":{"@id":"https:\/\/pagina10.com\/web\/#\/schema\/logo\/image\/"},"sameAs":["https:\/\/www.facebook.com\/pag10com","https:\/\/x.com\/Pag10com","https:\/\/www.instagram.com\/pagina10col\/","https:\/\/youtube.com\/channel\/pag10","https:\/\/www.tiktok.com\/@p10col"]},{"@type":"Person","@id":"https:\/\/pagina10.com\/web\/#\/schema\/person\/2efc4a090d25b667d3bc796798a3a81b","name":"P\u00e1gina 10","description":"P\u00e1gina 10 es un peri\u00f3dico regional que nace en Colombia, en el departamento de Nari\u00f1o, con un enfoque global, fundamentado en cuatro pilares esenciales: la libertad, el pluralismo, la inclusi\u00f3n y la independencia. P\u00e1gina 10 hace referencia a Nari\u00f1o como el d\u00e9cimo departamento creado en Colombia, despu\u00e9s de un proceso pol\u00edtico liderado por actores y actrices regionales con el fin de obtener la independencia y autonom\u00eda de nuestros territorios. Con la creaci\u00f3n de P\u00e1gina 10 se pretende abrir un escenario para el dialogo, la reflexi\u00f3n y el debate que se extienda a otras geograf\u00edas de Am\u00e9rica Latina y del planeta, en una apuesta por transformar colectivamente los desaf\u00edos de un mundo contempor\u00e1neo, m\u00e1s all\u00e1 de las fronteras impuestas.","url":"https:\/\/pagina10.com\/web\/author\/pdiezadmin\/"}]}},"_links":{"self":[{"href":"https:\/\/pagina10.com\/web\/wp-json\/wp\/v2\/posts\/57551","targetHints":{"allow":["GET"]}}],"collection":[{"href":"https:\/\/pagina10.com\/web\/wp-json\/wp\/v2\/posts"}],"about":[{"href":"https:\/\/pagina10.com\/web\/wp-json\/wp\/v2\/types\/post"}],"author":[{"embeddable":true,"href":"https:\/\/pagina10.com\/web\/wp-json\/wp\/v2\/users\/1"}],"replies":[{"embeddable":true,"href":"https:\/\/pagina10.com\/web\/wp-json\/wp\/v2\/comments?post=57551"}],"version-history":[{"count":1,"href":"https:\/\/pagina10.com\/web\/wp-json\/wp\/v2\/posts\/57551\/revisions"}],"predecessor-version":[{"id":57553,"href":"https:\/\/pagina10.com\/web\/wp-json\/wp\/v2\/posts\/57551\/revisions\/57553"}],"wp:featuredmedia":[{"embeddable":true,"href":"https:\/\/pagina10.com\/web\/wp-json\/wp\/v2\/media\/57552"}],"wp:attachment":[{"href":"https:\/\/pagina10.com\/web\/wp-json\/wp\/v2\/media?parent=57551"}],"wp:term":[{"taxonomy":"category","embeddable":true,"href":"https:\/\/pagina10.com\/web\/wp-json\/wp\/v2\/categories?post=57551"},{"taxonomy":"post_tag","embeddable":true,"href":"https:\/\/pagina10.com\/web\/wp-json\/wp\/v2\/tags?post=57551"}],"curies":[{"name":"wp","href":"https:\/\/api.w.org\/{rel}","templated":true}]}}