{"id":57581,"date":"2021-12-31T20:35:00","date_gmt":"2022-01-01T01:35:00","guid":{"rendered":"https:\/\/pagina10.com\/web\/?p=57581"},"modified":"2021-12-31T20:35:00","modified_gmt":"2022-01-01T01:35:00","slug":"por-las-rutas-de-avante-el-color-de-nuestra-gente","status":"publish","type":"post","link":"https:\/\/pagina10.com\/web\/por-las-rutas-de-avante-el-color-de-nuestra-gente\/","title":{"rendered":"Por las rutas de Avante. El color de nuestra gente."},"content":{"rendered":"<div>\n<div dir=\"auto\" style=\"text-align: justify;\">Para el doctor <a tabindex=\"0\" role=\"link\" href=\"https:\/\/web.facebook.com\/rodrigo.y.sevilla?__cft__[0]=AZVX3Bg3-LHBRsiv9WsIaq911hWQBfHZXrkzFlbqN0HltIn8mBC25yvobwqNK3IiJRgfQnBkF15v7Y3TAP65Kx474L-mWatT-IZFiymypvDq_A7f3GVVlmUUQOuE8S5X4G0&amp;__tn__=-]K-R\">Rodrigo Yepes Sevilla<\/a> , gerente de AVANTE, el apoyo al arte y la cultura es importante.<\/div>\n<\/div>\n<div style=\"text-align: justify;\">\n<div dir=\"auto\">Grata sorpresa la que hemos recibido los pastusos con estos bellos murales que recrean nuestra gente, paisajes y ritmos musicales.<\/div>\n<\/div>\n<div style=\"text-align: justify;\">\n<div dir=\"auto\">Frente a la Instituci\u00f3n Educativa Normal de Pasto y con la maestr\u00eda de OBONUCUECHE disfrutamos de los murales alusivos a Nuestra tierra.<\/div>\n<\/div>\n<div style=\"text-align: justify;\">\n<div dir=\"auto\">NO SE NACE EN VANO AL PIE DEL VOLC\u00c1N, somos una raza volc\u00e1nica, enraizada con una geograf\u00eda peculiar y \u00fanica.<\/div>\n<\/div>\n<div style=\"text-align: justify;\">\n<div dir=\"auto\">Definitivamente PASTO ES CULTURA.<\/div>\n<\/div>\n<div style=\"text-align: justify;\">\n<div dir=\"auto\">Un agradecimiento a AVANTE por su apoyo a los artistas regionales. Pasto se llena de color y alegr\u00eda.<\/div>\n<\/div>\n<div style=\"text-align: justify;\">\n<div dir=\"auto\">Las calles ya no ser\u00e1n lo mismo, se tornar\u00e1n un ARCO IRIS cubierto de colores y mensajes. Nuestros ojos encontrar\u00e1n la ARMONIOSA voz de la creaci\u00f3n en cada pincelada dejada en se\u00f1al de amor por nuestra tierra.<\/div>\n<\/div>\n<div style=\"text-align: justify;\">\n<div dir=\"auto\">El arte es algo m\u00e1s que una expresi\u00f3n humana, es el plasmar de un trozo de nuestros pensamientos para que se conserven ante el transcurrir de los minutos y segundos. El arte es una forma de eternidad que se vuelve instante para recordarnos que somos viajeros en ese insondable llamado vida.<\/div>\n<\/div>\n<div style=\"text-align: justify;\">\n<div dir=\"auto\">Recorrer as\u00ed nuestra ciudad, mirando formas , figuras y colores, es una aventura que nos invita a pintar nuestra existencia de risas y alegr\u00edas.<\/div>\n<\/div>\n<div style=\"text-align: justify;\">\n<div dir=\"auto\">Ya no son simples calles, son galer\u00edas a espacio abierto&#8230; Murales que nos gritan \u00a1\u00a1AVANTE\u00a1\u00a1, este d\u00eda tambi\u00e9n est\u00e1 hecho de luz y de color.<\/div>\n<\/div>\n<div>\n<div dir=\"auto\" style=\"text-align: justify;\">\u00a1\u00a1AVANTE&#8230;\u00a1\u00a1 La ruta la pintas t\u00fa.<\/div>\n<\/div>\n","protected":false},"excerpt":{"rendered":"<p>Para el doctor Rodrigo Yepes Sevilla , gerente de AVANTE, el apoyo al arte y la cultura es importante. Grata sorpresa la que hemos recibido los pastusos con estos bellos murales que recrean nuestra gente, paisajes y ritmos musicales. Frente a la Instituci\u00f3n Educativa Normal de Pasto y con la maestr\u00eda de OBONUCUECHE disfrutamos de [&hellip;]<\/p>\n","protected":false},"author":46,"featured_media":57582,"comment_status":"open","ping_status":"open","sticky":false,"template":"","format":"standard","meta":{"footnotes":""},"categories":[82],"tags":[],"class_list":["post-57581","post","type-post","status-publish","format-standard","has-post-thumbnail","hentry","category-ciudad-2"],"yoast_head":"<!-- This site is optimized with the Yoast SEO plugin v27.1.1 - https:\/\/yoast.com\/product\/yoast-seo-wordpress\/ -->\n<title>Por las rutas de Avante. El color de nuestra gente. | P\u00e1gina10<\/title>\n<meta name=\"robots\" content=\"index, follow, max-snippet:-1, max-image-preview:large, max-video-preview:-1\" \/>\n<link rel=\"canonical\" href=\"https:\/\/pagina10.com\/web\/por-las-rutas-de-avante-el-color-de-nuestra-gente\/\" \/>\n<meta property=\"og:locale\" content=\"es_ES\" \/>\n<meta property=\"og:type\" content=\"article\" \/>\n<meta property=\"og:title\" content=\"Por las rutas de Avante. El color de nuestra gente. | P\u00e1gina10\" \/>\n<meta property=\"og:description\" content=\"Para el doctor Rodrigo Yepes Sevilla , gerente de AVANTE, el apoyo al arte y la cultura es importante. Grata sorpresa la que hemos recibido los pastusos con estos bellos murales que recrean nuestra gente, paisajes y ritmos musicales. Frente a la Instituci\u00f3n Educativa Normal de Pasto y con la maestr\u00eda de OBONUCUECHE disfrutamos de [&hellip;]\" \/>\n<meta property=\"og:url\" content=\"https:\/\/pagina10.com\/web\/por-las-rutas-de-avante-el-color-de-nuestra-gente\/\" \/>\n<meta property=\"og:site_name\" content=\"P\u00e1gina10\" \/>\n<meta property=\"article:publisher\" content=\"https:\/\/www.facebook.com\/pag10com\" \/>\n<meta property=\"article:published_time\" content=\"2022-01-01T01:35:00+00:00\" \/>\n<meta property=\"og:image\" content=\"https:\/\/pagina10.com\/web\/wp-content\/uploads\/2021\/12\/271120345_10227847337551840_2240412235220923520_n.jpg\" \/>\n\t<meta property=\"og:image:width\" content=\"1258\" \/>\n\t<meta property=\"og:image:height\" content=\"720\" \/>\n\t<meta property=\"og:image:type\" content=\"image\/jpeg\" \/>\n<meta name=\"author\" content=\"Pablo Emilio Obando Acosta\" \/>\n<meta name=\"twitter:card\" content=\"summary_large_image\" \/>\n<meta name=\"twitter:creator\" content=\"@Pag10com\" \/>\n<meta name=\"twitter:site\" content=\"@Pag10com\" \/>\n<meta name=\"twitter:label1\" content=\"Escrito por\" \/>\n\t<meta name=\"twitter:data1\" content=\"Pablo Emilio Obando Acosta\" \/>\n\t<meta name=\"twitter:label2\" content=\"Tiempo de lectura\" \/>\n\t<meta name=\"twitter:data2\" content=\"1 minuto\" \/>\n<script type=\"application\/ld+json\" class=\"yoast-schema-graph\">{\"@context\":\"https:\/\/schema.org\",\"@graph\":[{\"@type\":\"Article\",\"@id\":\"https:\/\/pagina10.com\/web\/por-las-rutas-de-avante-el-color-de-nuestra-gente\/#article\",\"isPartOf\":{\"@id\":\"https:\/\/pagina10.com\/web\/por-las-rutas-de-avante-el-color-de-nuestra-gente\/\"},\"author\":{\"name\":\"Pablo Emilio Obando Acosta\",\"@id\":\"https:\/\/pagina10.com\/web\/#\/schema\/person\/3d3687c9f037834284853a963ee45123\"},\"headline\":\"Por las rutas de Avante. El color de nuestra gente.\",\"datePublished\":\"2022-01-01T01:35:00+00:00\",\"mainEntityOfPage\":{\"@id\":\"https:\/\/pagina10.com\/web\/por-las-rutas-de-avante-el-color-de-nuestra-gente\/\"},\"wordCount\":271,\"commentCount\":0,\"publisher\":{\"@id\":\"https:\/\/pagina10.com\/web\/#organization\"},\"image\":{\"@id\":\"https:\/\/pagina10.com\/web\/por-las-rutas-de-avante-el-color-de-nuestra-gente\/#primaryimage\"},\"thumbnailUrl\":\"https:\/\/pagina10.com\/web\/wp-content\/uploads\/2021\/12\/271120345_10227847337551840_2240412235220923520_n.jpg\",\"articleSection\":[\"Ciudad\"],\"inLanguage\":\"es\",\"potentialAction\":[{\"@type\":\"CommentAction\",\"name\":\"Comment\",\"target\":[\"https:\/\/pagina10.com\/web\/por-las-rutas-de-avante-el-color-de-nuestra-gente\/#respond\"]}]},{\"@type\":\"WebPage\",\"@id\":\"https:\/\/pagina10.com\/web\/por-las-rutas-de-avante-el-color-de-nuestra-gente\/\",\"url\":\"https:\/\/pagina10.com\/web\/por-las-rutas-de-avante-el-color-de-nuestra-gente\/\",\"name\":\"Por las rutas de Avante. El color de nuestra gente. | P\u00e1gina10\",\"isPartOf\":{\"@id\":\"https:\/\/pagina10.com\/web\/#website\"},\"primaryImageOfPage\":{\"@id\":\"https:\/\/pagina10.com\/web\/por-las-rutas-de-avante-el-color-de-nuestra-gente\/#primaryimage\"},\"image\":{\"@id\":\"https:\/\/pagina10.com\/web\/por-las-rutas-de-avante-el-color-de-nuestra-gente\/#primaryimage\"},\"thumbnailUrl\":\"https:\/\/pagina10.com\/web\/wp-content\/uploads\/2021\/12\/271120345_10227847337551840_2240412235220923520_n.jpg\",\"datePublished\":\"2022-01-01T01:35:00+00:00\",\"breadcrumb\":{\"@id\":\"https:\/\/pagina10.com\/web\/por-las-rutas-de-avante-el-color-de-nuestra-gente\/#breadcrumb\"},\"inLanguage\":\"es\",\"potentialAction\":[{\"@type\":\"ReadAction\",\"target\":[\"https:\/\/pagina10.com\/web\/por-las-rutas-de-avante-el-color-de-nuestra-gente\/\"]}]},{\"@type\":\"ImageObject\",\"inLanguage\":\"es\",\"@id\":\"https:\/\/pagina10.com\/web\/por-las-rutas-de-avante-el-color-de-nuestra-gente\/#primaryimage\",\"url\":\"https:\/\/pagina10.com\/web\/wp-content\/uploads\/2021\/12\/271120345_10227847337551840_2240412235220923520_n.jpg\",\"contentUrl\":\"https:\/\/pagina10.com\/web\/wp-content\/uploads\/2021\/12\/271120345_10227847337551840_2240412235220923520_n.jpg\",\"width\":1258,\"height\":720},{\"@type\":\"BreadcrumbList\",\"@id\":\"https:\/\/pagina10.com\/web\/por-las-rutas-de-avante-el-color-de-nuestra-gente\/#breadcrumb\",\"itemListElement\":[{\"@type\":\"ListItem\",\"position\":1,\"name\":\"Portada\",\"item\":\"https:\/\/pagina10.com\/web\/\"},{\"@type\":\"ListItem\",\"position\":2,\"name\":\"Por las rutas de Avante. El color de nuestra gente.\"}]},{\"@type\":\"WebSite\",\"@id\":\"https:\/\/pagina10.com\/web\/#website\",\"url\":\"https:\/\/pagina10.com\/web\/\",\"name\":\"P\u00e1gina10\",\"description\":\"Peri\u00f3dico Regional\",\"publisher\":{\"@id\":\"https:\/\/pagina10.com\/web\/#organization\"},\"alternateName\":\"P\u00e1gina10 Peri\u00f3dico Regional\",\"potentialAction\":[{\"@type\":\"SearchAction\",\"target\":{\"@type\":\"EntryPoint\",\"urlTemplate\":\"https:\/\/pagina10.com\/web\/?s={search_term_string}\"},\"query-input\":{\"@type\":\"PropertyValueSpecification\",\"valueRequired\":true,\"valueName\":\"search_term_string\"}}],\"inLanguage\":\"es\"},{\"@type\":\"Organization\",\"@id\":\"https:\/\/pagina10.com\/web\/#organization\",\"name\":\"P\u00e1gina10\",\"alternateName\":\"P\u00e1gina10 Peri\u00f3dico Regional\",\"url\":\"https:\/\/pagina10.com\/web\/\",\"logo\":{\"@type\":\"ImageObject\",\"inLanguage\":\"es\",\"@id\":\"https:\/\/pagina10.com\/web\/#\/schema\/logo\/image\/\",\"url\":\"https:\/\/pagina10.com\/web\/wp-content\/uploads\/2024\/01\/40-pagina-10-periodico-regional-pasto.jpg\",\"contentUrl\":\"https:\/\/pagina10.com\/web\/wp-content\/uploads\/2024\/01\/40-pagina-10-periodico-regional-pasto.jpg\",\"width\":1280,\"height\":720,\"caption\":\"P\u00e1gina10\"},\"image\":{\"@id\":\"https:\/\/pagina10.com\/web\/#\/schema\/logo\/image\/\"},\"sameAs\":[\"https:\/\/www.facebook.com\/pag10com\",\"https:\/\/x.com\/Pag10com\",\"https:\/\/www.instagram.com\/pagina10col\/\",\"https:\/\/youtube.com\/channel\/pag10\",\"https:\/\/www.tiktok.com\/@p10col\"]},{\"@type\":\"Person\",\"@id\":\"https:\/\/pagina10.com\/web\/#\/schema\/person\/3d3687c9f037834284853a963ee45123\",\"name\":\"Pablo Emilio Obando Acosta\",\"description\":\"PABLO EMILIO OBANDO ACOSTA Nace en el a\u00f1o de 1965. Bachiller acad\u00e9mico Modalidad Humanidades del INEM de Pasto. En 1989 culmina sus estudios universitarios en la Universidad de Nari\u00f1o obteniendo el t\u00edtulo de Licenciado en Ciencias Sociales \u2013 \u00e9nfasis Ciencias de la Educaci\u00f3n \u2013Jornada nocturna-. Especialista en Literatura latinoamericana y colaborador de importantes medios de comunicaci\u00f3n escritos de nuestra regi\u00f3n y del pa\u00eds: El Tiempo.com, Semana.com, Dinero, Diario Del Sur, El Espectador.com, entre otros, Sus escritos se conocen y han obtenido reconocimientos en Chile, Uruguay, Paraguay, Espa\u00f1a y Alemania. En el a\u00f1o 2000 obtiene el reconocimiento CORREO DEL SUR como el personaje c\u00edvico del a\u00f1o por su f\u00e9rrea defensa de la dignidad pastense al protestar con su documento \u201cUn pueblo ante la historia\u201d por el trato despectivo de algunos medios de comunicaci\u00f3n. Las reacciones no se hacen esperar en peri\u00f3dicos de circulaci\u00f3n regional y nacional como El Tiempo, El Espectador y El Pa\u00eds. Ha obtenido m\u00faltiples medallas y condecoraciones por su labor period\u00edstica y cultural: Medalla al merito Guillermo Edmundo Ch\u00e1vez \u2013 mejor escritor del departamento de Nari\u00f1o 2005 \u2013 Fundaci\u00f3n Gabriel Garc\u00eda M\u00e1rquez. Mejor Columnista del departamento de Nari\u00f1o \u2013 a\u00f1os 1991 \u2013 1993 \u2013 1996 \u2013 2001 \u2013 2006 Fundaci\u00f3n Cultural Correo del Sur. Personaje C\u00edvico del Departamento de Nari\u00f1o a\u00f1o 2000. Medalla \u00c1lvaro Javier Jurado Calvache a\u00f1o 2007 \u2013 Centro Educativo PROFESA \u2013 defensor poblaci\u00f3n vulnerable del municipio de Pasto. Mejor cuentista del departamento de Nari\u00f1o \u2013 a\u00f1os 1989 \u2013 2004 \u2013 2005. Cronista m\u00e1s destacado del departamento de Nari\u00f1o \u2013 a\u00f1o 2001. Finalista VI Concurso Internacional de Cuento \u2013 Prensa Nueva \u2013 a\u00f1o 1991. Primer puesto Concurso nacional de cuento \u2013 Contralor\u00eda general de la Rep\u00fablica \u2013 a\u00f1o 1992. Primer Lugar Concurso Municipal de Periodismo \u201cSilvio Le\u00f3n Espa\u00f1a\u201d \u2013 2009. . Reconocimiento Concejo municipal de Pasto, por su labor c\u00edvica y educativa. Sus obras y escritos se conocen en varios pa\u00edses de Latinoam\u00e9rica y de Colombia. Es autor de una docena de textos y m\u00e1s de un millar de columnas de opini\u00f3n que han generado pol\u00e9mica en el contexto nacional y latinoamericano: Testimonio de una insurrecci\u00f3n ciudadana \u2013 2011. El doctor Mierda. Un pueblo ante la historia. La filosof\u00eda de la gallina. Del amor por la Tierra... y otros textos. Diario de un maestro de escuela. Apuntes para una nueva historia Nuevos apuntes \u2013 Tomas Hidalgo Calvache. El problema de los cristianos. La utilidad del poeta. \u00bfTe acuerdas Mariana...? Corona F\u00fanebre \u2013 Tomas Hidalgo Calvache. En formato digital ha editado los siguientes t\u00edtulos: - La nueva filosof\u00eda de la gallina. - Tomas Hidalgo Calvache - Apuntes. - Educar con valor. Figura en varias antolog\u00edas de autores nari\u00f1enses y en una latinoamericana. Sobre \u00e9l han escrito elogiosamente intelectuales de la talla de Otto Morales Ben\u00edtez, Edgar Bastidas Urresty, Juan Augusto Ortiz cabrera, Carlos Santamar\u00eda, Javier Rodrizales, Miguel Garz\u00f3n Arteaga, Fausto Molina, Jorge Arturo Bravo y otros tantos que ser\u00eda dif\u00edcil nombrar en esta peque\u00f1a cr\u00f3nica sobre Pablo Emilio Obando Acosta.\",\"url\":\"https:\/\/pagina10.com\/web\/author\/pobando\/\"}]}<\/script>\n<!-- \/ Yoast SEO plugin. -->","yoast_head_json":{"title":"Por las rutas de Avante. El color de nuestra gente. | P\u00e1gina10","robots":{"index":"index","follow":"follow","max-snippet":"max-snippet:-1","max-image-preview":"max-image-preview:large","max-video-preview":"max-video-preview:-1"},"canonical":"https:\/\/pagina10.com\/web\/por-las-rutas-de-avante-el-color-de-nuestra-gente\/","og_locale":"es_ES","og_type":"article","og_title":"Por las rutas de Avante. El color de nuestra gente. | P\u00e1gina10","og_description":"Para el doctor Rodrigo Yepes Sevilla , gerente de AVANTE, el apoyo al arte y la cultura es importante. Grata sorpresa la que hemos recibido los pastusos con estos bellos murales que recrean nuestra gente, paisajes y ritmos musicales. Frente a la Instituci\u00f3n Educativa Normal de Pasto y con la maestr\u00eda de OBONUCUECHE disfrutamos de [&hellip;]","og_url":"https:\/\/pagina10.com\/web\/por-las-rutas-de-avante-el-color-de-nuestra-gente\/","og_site_name":"P\u00e1gina10","article_publisher":"https:\/\/www.facebook.com\/pag10com","article_published_time":"2022-01-01T01:35:00+00:00","og_image":[{"width":1258,"height":720,"url":"https:\/\/pagina10.com\/web\/wp-content\/uploads\/2021\/12\/271120345_10227847337551840_2240412235220923520_n.jpg","type":"image\/jpeg"}],"author":"Pablo Emilio Obando Acosta","twitter_card":"summary_large_image","twitter_creator":"@Pag10com","twitter_site":"@Pag10com","twitter_misc":{"Escrito por":"Pablo Emilio Obando Acosta","Tiempo de lectura":"1 minuto"},"schema":{"@context":"https:\/\/schema.org","@graph":[{"@type":"Article","@id":"https:\/\/pagina10.com\/web\/por-las-rutas-de-avante-el-color-de-nuestra-gente\/#article","isPartOf":{"@id":"https:\/\/pagina10.com\/web\/por-las-rutas-de-avante-el-color-de-nuestra-gente\/"},"author":{"name":"Pablo Emilio Obando Acosta","@id":"https:\/\/pagina10.com\/web\/#\/schema\/person\/3d3687c9f037834284853a963ee45123"},"headline":"Por las rutas de Avante. El color de nuestra gente.","datePublished":"2022-01-01T01:35:00+00:00","mainEntityOfPage":{"@id":"https:\/\/pagina10.com\/web\/por-las-rutas-de-avante-el-color-de-nuestra-gente\/"},"wordCount":271,"commentCount":0,"publisher":{"@id":"https:\/\/pagina10.com\/web\/#organization"},"image":{"@id":"https:\/\/pagina10.com\/web\/por-las-rutas-de-avante-el-color-de-nuestra-gente\/#primaryimage"},"thumbnailUrl":"https:\/\/pagina10.com\/web\/wp-content\/uploads\/2021\/12\/271120345_10227847337551840_2240412235220923520_n.jpg","articleSection":["Ciudad"],"inLanguage":"es","potentialAction":[{"@type":"CommentAction","name":"Comment","target":["https:\/\/pagina10.com\/web\/por-las-rutas-de-avante-el-color-de-nuestra-gente\/#respond"]}]},{"@type":"WebPage","@id":"https:\/\/pagina10.com\/web\/por-las-rutas-de-avante-el-color-de-nuestra-gente\/","url":"https:\/\/pagina10.com\/web\/por-las-rutas-de-avante-el-color-de-nuestra-gente\/","name":"Por las rutas de Avante. El color de nuestra gente. | P\u00e1gina10","isPartOf":{"@id":"https:\/\/pagina10.com\/web\/#website"},"primaryImageOfPage":{"@id":"https:\/\/pagina10.com\/web\/por-las-rutas-de-avante-el-color-de-nuestra-gente\/#primaryimage"},"image":{"@id":"https:\/\/pagina10.com\/web\/por-las-rutas-de-avante-el-color-de-nuestra-gente\/#primaryimage"},"thumbnailUrl":"https:\/\/pagina10.com\/web\/wp-content\/uploads\/2021\/12\/271120345_10227847337551840_2240412235220923520_n.jpg","datePublished":"2022-01-01T01:35:00+00:00","breadcrumb":{"@id":"https:\/\/pagina10.com\/web\/por-las-rutas-de-avante-el-color-de-nuestra-gente\/#breadcrumb"},"inLanguage":"es","potentialAction":[{"@type":"ReadAction","target":["https:\/\/pagina10.com\/web\/por-las-rutas-de-avante-el-color-de-nuestra-gente\/"]}]},{"@type":"ImageObject","inLanguage":"es","@id":"https:\/\/pagina10.com\/web\/por-las-rutas-de-avante-el-color-de-nuestra-gente\/#primaryimage","url":"https:\/\/pagina10.com\/web\/wp-content\/uploads\/2021\/12\/271120345_10227847337551840_2240412235220923520_n.jpg","contentUrl":"https:\/\/pagina10.com\/web\/wp-content\/uploads\/2021\/12\/271120345_10227847337551840_2240412235220923520_n.jpg","width":1258,"height":720},{"@type":"BreadcrumbList","@id":"https:\/\/pagina10.com\/web\/por-las-rutas-de-avante-el-color-de-nuestra-gente\/#breadcrumb","itemListElement":[{"@type":"ListItem","position":1,"name":"Portada","item":"https:\/\/pagina10.com\/web\/"},{"@type":"ListItem","position":2,"name":"Por las rutas de Avante. El color de nuestra gente."}]},{"@type":"WebSite","@id":"https:\/\/pagina10.com\/web\/#website","url":"https:\/\/pagina10.com\/web\/","name":"P\u00e1gina10","description":"Peri\u00f3dico Regional","publisher":{"@id":"https:\/\/pagina10.com\/web\/#organization"},"alternateName":"P\u00e1gina10 Peri\u00f3dico Regional","potentialAction":[{"@type":"SearchAction","target":{"@type":"EntryPoint","urlTemplate":"https:\/\/pagina10.com\/web\/?s={search_term_string}"},"query-input":{"@type":"PropertyValueSpecification","valueRequired":true,"valueName":"search_term_string"}}],"inLanguage":"es"},{"@type":"Organization","@id":"https:\/\/pagina10.com\/web\/#organization","name":"P\u00e1gina10","alternateName":"P\u00e1gina10 Peri\u00f3dico Regional","url":"https:\/\/pagina10.com\/web\/","logo":{"@type":"ImageObject","inLanguage":"es","@id":"https:\/\/pagina10.com\/web\/#\/schema\/logo\/image\/","url":"https:\/\/pagina10.com\/web\/wp-content\/uploads\/2024\/01\/40-pagina-10-periodico-regional-pasto.jpg","contentUrl":"https:\/\/pagina10.com\/web\/wp-content\/uploads\/2024\/01\/40-pagina-10-periodico-regional-pasto.jpg","width":1280,"height":720,"caption":"P\u00e1gina10"},"image":{"@id":"https:\/\/pagina10.com\/web\/#\/schema\/logo\/image\/"},"sameAs":["https:\/\/www.facebook.com\/pag10com","https:\/\/x.com\/Pag10com","https:\/\/www.instagram.com\/pagina10col\/","https:\/\/youtube.com\/channel\/pag10","https:\/\/www.tiktok.com\/@p10col"]},{"@type":"Person","@id":"https:\/\/pagina10.com\/web\/#\/schema\/person\/3d3687c9f037834284853a963ee45123","name":"Pablo Emilio Obando Acosta","description":"PABLO EMILIO OBANDO ACOSTA Nace en el a\u00f1o de 1965. Bachiller acad\u00e9mico Modalidad Humanidades del INEM de Pasto. En 1989 culmina sus estudios universitarios en la Universidad de Nari\u00f1o obteniendo el t\u00edtulo de Licenciado en Ciencias Sociales \u2013 \u00e9nfasis Ciencias de la Educaci\u00f3n \u2013Jornada nocturna-. Especialista en Literatura latinoamericana y colaborador de importantes medios de comunicaci\u00f3n escritos de nuestra regi\u00f3n y del pa\u00eds: El Tiempo.com, Semana.com, Dinero, Diario Del Sur, El Espectador.com, entre otros, Sus escritos se conocen y han obtenido reconocimientos en Chile, Uruguay, Paraguay, Espa\u00f1a y Alemania. En el a\u00f1o 2000 obtiene el reconocimiento CORREO DEL SUR como el personaje c\u00edvico del a\u00f1o por su f\u00e9rrea defensa de la dignidad pastense al protestar con su documento \u201cUn pueblo ante la historia\u201d por el trato despectivo de algunos medios de comunicaci\u00f3n. Las reacciones no se hacen esperar en peri\u00f3dicos de circulaci\u00f3n regional y nacional como El Tiempo, El Espectador y El Pa\u00eds. Ha obtenido m\u00faltiples medallas y condecoraciones por su labor period\u00edstica y cultural: Medalla al merito Guillermo Edmundo Ch\u00e1vez \u2013 mejor escritor del departamento de Nari\u00f1o 2005 \u2013 Fundaci\u00f3n Gabriel Garc\u00eda M\u00e1rquez. Mejor Columnista del departamento de Nari\u00f1o \u2013 a\u00f1os 1991 \u2013 1993 \u2013 1996 \u2013 2001 \u2013 2006 Fundaci\u00f3n Cultural Correo del Sur. Personaje C\u00edvico del Departamento de Nari\u00f1o a\u00f1o 2000. Medalla \u00c1lvaro Javier Jurado Calvache a\u00f1o 2007 \u2013 Centro Educativo PROFESA \u2013 defensor poblaci\u00f3n vulnerable del municipio de Pasto. Mejor cuentista del departamento de Nari\u00f1o \u2013 a\u00f1os 1989 \u2013 2004 \u2013 2005. Cronista m\u00e1s destacado del departamento de Nari\u00f1o \u2013 a\u00f1o 2001. Finalista VI Concurso Internacional de Cuento \u2013 Prensa Nueva \u2013 a\u00f1o 1991. Primer puesto Concurso nacional de cuento \u2013 Contralor\u00eda general de la Rep\u00fablica \u2013 a\u00f1o 1992. Primer Lugar Concurso Municipal de Periodismo \u201cSilvio Le\u00f3n Espa\u00f1a\u201d \u2013 2009. . Reconocimiento Concejo municipal de Pasto, por su labor c\u00edvica y educativa. Sus obras y escritos se conocen en varios pa\u00edses de Latinoam\u00e9rica y de Colombia. Es autor de una docena de textos y m\u00e1s de un millar de columnas de opini\u00f3n que han generado pol\u00e9mica en el contexto nacional y latinoamericano: Testimonio de una insurrecci\u00f3n ciudadana \u2013 2011. El doctor Mierda. Un pueblo ante la historia. La filosof\u00eda de la gallina. Del amor por la Tierra... y otros textos. Diario de un maestro de escuela. Apuntes para una nueva historia Nuevos apuntes \u2013 Tomas Hidalgo Calvache. El problema de los cristianos. La utilidad del poeta. \u00bfTe acuerdas Mariana...? Corona F\u00fanebre \u2013 Tomas Hidalgo Calvache. En formato digital ha editado los siguientes t\u00edtulos: - La nueva filosof\u00eda de la gallina. - Tomas Hidalgo Calvache - Apuntes. - Educar con valor. Figura en varias antolog\u00edas de autores nari\u00f1enses y en una latinoamericana. Sobre \u00e9l han escrito elogiosamente intelectuales de la talla de Otto Morales Ben\u00edtez, Edgar Bastidas Urresty, Juan Augusto Ortiz cabrera, Carlos Santamar\u00eda, Javier Rodrizales, Miguel Garz\u00f3n Arteaga, Fausto Molina, Jorge Arturo Bravo y otros tantos que ser\u00eda dif\u00edcil nombrar en esta peque\u00f1a cr\u00f3nica sobre Pablo Emilio Obando Acosta.","url":"https:\/\/pagina10.com\/web\/author\/pobando\/"}]}},"_links":{"self":[{"href":"https:\/\/pagina10.com\/web\/wp-json\/wp\/v2\/posts\/57581","targetHints":{"allow":["GET"]}}],"collection":[{"href":"https:\/\/pagina10.com\/web\/wp-json\/wp\/v2\/posts"}],"about":[{"href":"https:\/\/pagina10.com\/web\/wp-json\/wp\/v2\/types\/post"}],"author":[{"embeddable":true,"href":"https:\/\/pagina10.com\/web\/wp-json\/wp\/v2\/users\/46"}],"replies":[{"embeddable":true,"href":"https:\/\/pagina10.com\/web\/wp-json\/wp\/v2\/comments?post=57581"}],"version-history":[{"count":1,"href":"https:\/\/pagina10.com\/web\/wp-json\/wp\/v2\/posts\/57581\/revisions"}],"predecessor-version":[{"id":57583,"href":"https:\/\/pagina10.com\/web\/wp-json\/wp\/v2\/posts\/57581\/revisions\/57583"}],"wp:featuredmedia":[{"embeddable":true,"href":"https:\/\/pagina10.com\/web\/wp-json\/wp\/v2\/media\/57582"}],"wp:attachment":[{"href":"https:\/\/pagina10.com\/web\/wp-json\/wp\/v2\/media?parent=57581"}],"wp:term":[{"taxonomy":"category","embeddable":true,"href":"https:\/\/pagina10.com\/web\/wp-json\/wp\/v2\/categories?post=57581"},{"taxonomy":"post_tag","embeddable":true,"href":"https:\/\/pagina10.com\/web\/wp-json\/wp\/v2\/tags?post=57581"}],"curies":[{"name":"wp","href":"https:\/\/api.w.org\/{rel}","templated":true}]}}