{"id":57638,"date":"2022-01-05T19:46:13","date_gmt":"2022-01-06T00:46:13","guid":{"rendered":"https:\/\/pagina10.com\/web\/?p=57638"},"modified":"2022-01-05T19:48:15","modified_gmt":"2022-01-06T00:48:15","slug":"el-pasaje-carnaval-de-la-carrera-27-estara-abierto-entre-el-6-y-el-10-de-enero","status":"publish","type":"post","link":"https:\/\/pagina10.com\/web\/el-pasaje-carnaval-de-la-carrera-27-estara-abierto-entre-el-6-y-el-10-de-enero\/","title":{"rendered":"El pasaje carnaval de la carrera 27, estar\u00e1 abierto entre el 6 y el 10 de enero"},"content":{"rendered":"<p style=\"text-align: justify;\">Este corredor estar\u00e1 abierto durante 5 d\u00edas con el fin de que toda la ciudadan\u00eda pueda apreciar las obras de los artistas y artesanos pastusos.<\/p>\n<p style=\"text-align: justify;\">As\u00ed lo indic\u00f3 el gerente de Corpocarnaval, Andr\u00e9s Jaramillo, quien agreg\u00f3 que la disposici\u00f3n del Alcalde Germ\u00e1n Chamorro De La Rosa pretende que el ingreso a este espacio sea tranquilo, organizado y con todos los protocolos de bioseguridad establecidos.<\/p>\n<p style=\"text-align: justify;\">\u201cPara asistir a este evento deben inscribirse por medio de la plataforma digital, portar obligatoriamente el carn\u00e9 de vacunaci\u00f3n, con las dos dosis, tapabocas. El llamado es a aprovechar el tiempo en el que estar\u00e1 abierta la exposici\u00f3n y a prevenir aglomeraciones\u201d, manifest\u00f3 el directivo.<\/p>\n<p style=\"text-align: justify;\">Asimismo, se precis\u00f3 que, para el ingreso del p\u00fablico el 6 de enero, se aplicar\u00e1n los respectivos filtros, un plan de manejo de tr\u00e1nsito y la se\u00f1al\u00e9tica informativa respectiva para evitar congestiones.<\/p>\n<p style=\"text-align: justify;\">\u201cTrabajamos de manera articulada con todas las dependencias para el control y la seguridad en este Carnaval. A esto le sumamos la labor que est\u00e1n cumpliendo los barristas, quienes se han unido a estas jornadas de montaje de las obras\u201d, sostuvo el director log\u00edstico de Corpocarnaval, Fernando Mart\u00ednez.<\/p>\n<p style=\"text-align: justify;\">Prevenci\u00f3n y cuidado del ambiente<\/p>\n<p style=\"text-align: justify;\">Para salvaguardar la seguridad de propios y turistas, personal de las secretar\u00edas de Gobierno y Salud, Direcci\u00f3n Administrativa de Espacio P\u00fablico y Polic\u00eda Nacional, custodian las diferentes actividades art\u00edsticas que se desarrollan en las plazas de Nari\u00f1o y del Carnaval, as\u00ed como en otros lugares del municipio.<\/p>\n<p style=\"text-align: justify;\">El subsecretario de Justicia y Seguridad, Jimmy Alexander Mosquera, inst\u00f3 a la comunidad a tomar acciones preventivas contra el delito y a la protecci\u00f3n de los menores de edad que participan de los eventos festivos.<\/p>\n<p style=\"text-align: justify;\">\u201cSe encuentra habilitada la l\u00ednea de emergencia 123 para denunciar cualquier tipo de delitos o reportar hechos urgentes de atender como ri\u00f1as y accidentes\u201d, coment\u00f3.<\/p>\n<p style=\"text-align: justify;\">Adem\u00e1s de las recomendaciones preventivas, desde la Secretar\u00eda de Gesti\u00f3n Ambiental se hizo un llamado para la preservaci\u00f3n del ambiente, el cuidado de las zonas verdes y el manejo adecuado de residuos.<\/p>\n<p style=\"text-align: justify;\">\u201cUtilicemos los puntos ecol\u00f3gicos para que se facilite el manejo del material s\u00f3lido. No expongamos a nuestras mascotas en estos eventos y evitemos maltratar las plantas y \u00e1rboles que est\u00e1n sembradas sobre la calle 27\u201d, indic\u00f3 el secretario de Gesti\u00f3n Ambiental, Mario Viteri Palacios.<\/p>\n","protected":false},"excerpt":{"rendered":"<p>Este corredor estar\u00e1 abierto durante 5 d\u00edas con el fin de que toda la ciudadan\u00eda pueda apreciar las obras de los artistas y artesanos pastusos. As\u00ed lo indic\u00f3 el gerente de Corpocarnaval, Andr\u00e9s Jaramillo, quien agreg\u00f3 que la disposici\u00f3n del Alcalde Germ\u00e1n Chamorro De La Rosa pretende que el ingreso a este espacio sea tranquilo, [&hellip;]<\/p>\n","protected":false},"author":1,"featured_media":57643,"comment_status":"open","ping_status":"open","sticky":false,"template":"","format":"standard","meta":{"footnotes":""},"categories":[5],"tags":[],"class_list":["post-57638","post","type-post","status-publish","format-standard","has-post-thumbnail","hentry","category-ciudad"],"yoast_head":"<!-- This site is optimized with the Yoast SEO plugin v27.1.1 - https:\/\/yoast.com\/product\/yoast-seo-wordpress\/ -->\n<title>El pasaje carnaval de la carrera 27, estar\u00e1 abierto entre el 6 y el 10 de enero | P\u00e1gina10<\/title>\n<meta name=\"robots\" content=\"index, follow, max-snippet:-1, max-image-preview:large, max-video-preview:-1\" \/>\n<link rel=\"canonical\" href=\"https:\/\/pagina10.com\/web\/el-pasaje-carnaval-de-la-carrera-27-estara-abierto-entre-el-6-y-el-10-de-enero\/\" \/>\n<meta property=\"og:locale\" content=\"es_ES\" \/>\n<meta property=\"og:type\" content=\"article\" \/>\n<meta property=\"og:title\" content=\"El pasaje carnaval de la carrera 27, estar\u00e1 abierto entre el 6 y el 10 de enero | P\u00e1gina10\" \/>\n<meta property=\"og:description\" content=\"Este corredor estar\u00e1 abierto durante 5 d\u00edas con el fin de que toda la ciudadan\u00eda pueda apreciar las obras de los artistas y artesanos pastusos. As\u00ed lo indic\u00f3 el gerente de Corpocarnaval, Andr\u00e9s Jaramillo, quien agreg\u00f3 que la disposici\u00f3n del Alcalde Germ\u00e1n Chamorro De La Rosa pretende que el ingreso a este espacio sea tranquilo, [&hellip;]\" \/>\n<meta property=\"og:url\" content=\"https:\/\/pagina10.com\/web\/el-pasaje-carnaval-de-la-carrera-27-estara-abierto-entre-el-6-y-el-10-de-enero\/\" \/>\n<meta property=\"og:site_name\" content=\"P\u00e1gina10\" \/>\n<meta property=\"article:publisher\" content=\"https:\/\/www.facebook.com\/pag10com\" \/>\n<meta property=\"article:published_time\" content=\"2022-01-06T00:46:13+00:00\" \/>\n<meta property=\"article:modified_time\" content=\"2022-01-06T00:48:15+00:00\" \/>\n<meta property=\"og:image\" content=\"https:\/\/pagina10.com\/web\/wp-content\/uploads\/2022\/01\/WhatsApp-Image-2022-01-05-at-5.56.35-PM.jpeg\" \/>\n\t<meta property=\"og:image:width\" content=\"1160\" \/>\n\t<meta property=\"og:image:height\" content=\"868\" \/>\n\t<meta property=\"og:image:type\" content=\"image\/jpeg\" \/>\n<meta name=\"author\" content=\"P\u00e1gina 10\" \/>\n<meta name=\"twitter:card\" content=\"summary_large_image\" \/>\n<meta name=\"twitter:creator\" content=\"@Pag10com\" \/>\n<meta name=\"twitter:site\" content=\"@Pag10com\" \/>\n<meta name=\"twitter:label1\" content=\"Escrito por\" \/>\n\t<meta name=\"twitter:data1\" content=\"P\u00e1gina 10\" \/>\n\t<meta name=\"twitter:label2\" content=\"Tiempo de lectura\" \/>\n\t<meta name=\"twitter:data2\" content=\"2 minutos\" \/>\n<script type=\"application\/ld+json\" class=\"yoast-schema-graph\">{\"@context\":\"https:\/\/schema.org\",\"@graph\":[{\"@type\":\"Article\",\"@id\":\"https:\/\/pagina10.com\/web\/el-pasaje-carnaval-de-la-carrera-27-estara-abierto-entre-el-6-y-el-10-de-enero\/#article\",\"isPartOf\":{\"@id\":\"https:\/\/pagina10.com\/web\/el-pasaje-carnaval-de-la-carrera-27-estara-abierto-entre-el-6-y-el-10-de-enero\/\"},\"author\":{\"name\":\"P\u00e1gina 10\",\"@id\":\"https:\/\/pagina10.com\/web\/#\/schema\/person\/2efc4a090d25b667d3bc796798a3a81b\"},\"headline\":\"El pasaje carnaval de la carrera 27, estar\u00e1 abierto entre el 6 y el 10 de enero\",\"datePublished\":\"2022-01-06T00:46:13+00:00\",\"dateModified\":\"2022-01-06T00:48:15+00:00\",\"mainEntityOfPage\":{\"@id\":\"https:\/\/pagina10.com\/web\/el-pasaje-carnaval-de-la-carrera-27-estara-abierto-entre-el-6-y-el-10-de-enero\/\"},\"wordCount\":420,\"commentCount\":0,\"publisher\":{\"@id\":\"https:\/\/pagina10.com\/web\/#organization\"},\"image\":{\"@id\":\"https:\/\/pagina10.com\/web\/el-pasaje-carnaval-de-la-carrera-27-estara-abierto-entre-el-6-y-el-10-de-enero\/#primaryimage\"},\"thumbnailUrl\":\"https:\/\/pagina10.com\/web\/wp-content\/uploads\/2022\/01\/WhatsApp-Image-2022-01-05-at-5.56.35-PM.jpeg\",\"articleSection\":[\"Ciudad\"],\"inLanguage\":\"es\",\"potentialAction\":[{\"@type\":\"CommentAction\",\"name\":\"Comment\",\"target\":[\"https:\/\/pagina10.com\/web\/el-pasaje-carnaval-de-la-carrera-27-estara-abierto-entre-el-6-y-el-10-de-enero\/#respond\"]}]},{\"@type\":\"WebPage\",\"@id\":\"https:\/\/pagina10.com\/web\/el-pasaje-carnaval-de-la-carrera-27-estara-abierto-entre-el-6-y-el-10-de-enero\/\",\"url\":\"https:\/\/pagina10.com\/web\/el-pasaje-carnaval-de-la-carrera-27-estara-abierto-entre-el-6-y-el-10-de-enero\/\",\"name\":\"El pasaje carnaval de la carrera 27, estar\u00e1 abierto entre el 6 y el 10 de enero | P\u00e1gina10\",\"isPartOf\":{\"@id\":\"https:\/\/pagina10.com\/web\/#website\"},\"primaryImageOfPage\":{\"@id\":\"https:\/\/pagina10.com\/web\/el-pasaje-carnaval-de-la-carrera-27-estara-abierto-entre-el-6-y-el-10-de-enero\/#primaryimage\"},\"image\":{\"@id\":\"https:\/\/pagina10.com\/web\/el-pasaje-carnaval-de-la-carrera-27-estara-abierto-entre-el-6-y-el-10-de-enero\/#primaryimage\"},\"thumbnailUrl\":\"https:\/\/pagina10.com\/web\/wp-content\/uploads\/2022\/01\/WhatsApp-Image-2022-01-05-at-5.56.35-PM.jpeg\",\"datePublished\":\"2022-01-06T00:46:13+00:00\",\"dateModified\":\"2022-01-06T00:48:15+00:00\",\"breadcrumb\":{\"@id\":\"https:\/\/pagina10.com\/web\/el-pasaje-carnaval-de-la-carrera-27-estara-abierto-entre-el-6-y-el-10-de-enero\/#breadcrumb\"},\"inLanguage\":\"es\",\"potentialAction\":[{\"@type\":\"ReadAction\",\"target\":[\"https:\/\/pagina10.com\/web\/el-pasaje-carnaval-de-la-carrera-27-estara-abierto-entre-el-6-y-el-10-de-enero\/\"]}]},{\"@type\":\"ImageObject\",\"inLanguage\":\"es\",\"@id\":\"https:\/\/pagina10.com\/web\/el-pasaje-carnaval-de-la-carrera-27-estara-abierto-entre-el-6-y-el-10-de-enero\/#primaryimage\",\"url\":\"https:\/\/pagina10.com\/web\/wp-content\/uploads\/2022\/01\/WhatsApp-Image-2022-01-05-at-5.56.35-PM.jpeg\",\"contentUrl\":\"https:\/\/pagina10.com\/web\/wp-content\/uploads\/2022\/01\/WhatsApp-Image-2022-01-05-at-5.56.35-PM.jpeg\",\"width\":1160,\"height\":868},{\"@type\":\"BreadcrumbList\",\"@id\":\"https:\/\/pagina10.com\/web\/el-pasaje-carnaval-de-la-carrera-27-estara-abierto-entre-el-6-y-el-10-de-enero\/#breadcrumb\",\"itemListElement\":[{\"@type\":\"ListItem\",\"position\":1,\"name\":\"Portada\",\"item\":\"https:\/\/pagina10.com\/web\/\"},{\"@type\":\"ListItem\",\"position\":2,\"name\":\"El pasaje carnaval de la carrera 27, estar\u00e1 abierto entre el 6 y el 10 de enero\"}]},{\"@type\":\"WebSite\",\"@id\":\"https:\/\/pagina10.com\/web\/#website\",\"url\":\"https:\/\/pagina10.com\/web\/\",\"name\":\"P\u00e1gina10\",\"description\":\"Peri\u00f3dico Regional\",\"publisher\":{\"@id\":\"https:\/\/pagina10.com\/web\/#organization\"},\"alternateName\":\"P\u00e1gina10 Peri\u00f3dico Regional\",\"potentialAction\":[{\"@type\":\"SearchAction\",\"target\":{\"@type\":\"EntryPoint\",\"urlTemplate\":\"https:\/\/pagina10.com\/web\/?s={search_term_string}\"},\"query-input\":{\"@type\":\"PropertyValueSpecification\",\"valueRequired\":true,\"valueName\":\"search_term_string\"}}],\"inLanguage\":\"es\"},{\"@type\":\"Organization\",\"@id\":\"https:\/\/pagina10.com\/web\/#organization\",\"name\":\"P\u00e1gina10\",\"alternateName\":\"P\u00e1gina10 Peri\u00f3dico Regional\",\"url\":\"https:\/\/pagina10.com\/web\/\",\"logo\":{\"@type\":\"ImageObject\",\"inLanguage\":\"es\",\"@id\":\"https:\/\/pagina10.com\/web\/#\/schema\/logo\/image\/\",\"url\":\"https:\/\/pagina10.com\/web\/wp-content\/uploads\/2024\/01\/40-pagina-10-periodico-regional-pasto.jpg\",\"contentUrl\":\"https:\/\/pagina10.com\/web\/wp-content\/uploads\/2024\/01\/40-pagina-10-periodico-regional-pasto.jpg\",\"width\":1280,\"height\":720,\"caption\":\"P\u00e1gina10\"},\"image\":{\"@id\":\"https:\/\/pagina10.com\/web\/#\/schema\/logo\/image\/\"},\"sameAs\":[\"https:\/\/www.facebook.com\/pag10com\",\"https:\/\/x.com\/Pag10com\",\"https:\/\/www.instagram.com\/pagina10col\/\",\"https:\/\/youtube.com\/channel\/pag10\",\"https:\/\/www.tiktok.com\/@p10col\"]},{\"@type\":\"Person\",\"@id\":\"https:\/\/pagina10.com\/web\/#\/schema\/person\/2efc4a090d25b667d3bc796798a3a81b\",\"name\":\"P\u00e1gina 10\",\"description\":\"P\u00e1gina 10 es un peri\u00f3dico regional que nace en Colombia, en el departamento de Nari\u00f1o, con un enfoque global, fundamentado en cuatro pilares esenciales: la libertad, el pluralismo, la inclusi\u00f3n y la independencia. P\u00e1gina 10 hace referencia a Nari\u00f1o como el d\u00e9cimo departamento creado en Colombia, despu\u00e9s de un proceso pol\u00edtico liderado por actores y actrices regionales con el fin de obtener la independencia y autonom\u00eda de nuestros territorios. Con la creaci\u00f3n de P\u00e1gina 10 se pretende abrir un escenario para el dialogo, la reflexi\u00f3n y el debate que se extienda a otras geograf\u00edas de Am\u00e9rica Latina y del planeta, en una apuesta por transformar colectivamente los desaf\u00edos de un mundo contempor\u00e1neo, m\u00e1s all\u00e1 de las fronteras impuestas.\",\"url\":\"https:\/\/pagina10.com\/web\/author\/pdiezadmin\/\"}]}<\/script>\n<!-- \/ Yoast SEO plugin. -->","yoast_head_json":{"title":"El pasaje carnaval de la carrera 27, estar\u00e1 abierto entre el 6 y el 10 de enero | P\u00e1gina10","robots":{"index":"index","follow":"follow","max-snippet":"max-snippet:-1","max-image-preview":"max-image-preview:large","max-video-preview":"max-video-preview:-1"},"canonical":"https:\/\/pagina10.com\/web\/el-pasaje-carnaval-de-la-carrera-27-estara-abierto-entre-el-6-y-el-10-de-enero\/","og_locale":"es_ES","og_type":"article","og_title":"El pasaje carnaval de la carrera 27, estar\u00e1 abierto entre el 6 y el 10 de enero | P\u00e1gina10","og_description":"Este corredor estar\u00e1 abierto durante 5 d\u00edas con el fin de que toda la ciudadan\u00eda pueda apreciar las obras de los artistas y artesanos pastusos. As\u00ed lo indic\u00f3 el gerente de Corpocarnaval, Andr\u00e9s Jaramillo, quien agreg\u00f3 que la disposici\u00f3n del Alcalde Germ\u00e1n Chamorro De La Rosa pretende que el ingreso a este espacio sea tranquilo, [&hellip;]","og_url":"https:\/\/pagina10.com\/web\/el-pasaje-carnaval-de-la-carrera-27-estara-abierto-entre-el-6-y-el-10-de-enero\/","og_site_name":"P\u00e1gina10","article_publisher":"https:\/\/www.facebook.com\/pag10com","article_published_time":"2022-01-06T00:46:13+00:00","article_modified_time":"2022-01-06T00:48:15+00:00","og_image":[{"width":1160,"height":868,"url":"https:\/\/pagina10.com\/web\/wp-content\/uploads\/2022\/01\/WhatsApp-Image-2022-01-05-at-5.56.35-PM.jpeg","type":"image\/jpeg"}],"author":"P\u00e1gina 10","twitter_card":"summary_large_image","twitter_creator":"@Pag10com","twitter_site":"@Pag10com","twitter_misc":{"Escrito por":"P\u00e1gina 10","Tiempo de lectura":"2 minutos"},"schema":{"@context":"https:\/\/schema.org","@graph":[{"@type":"Article","@id":"https:\/\/pagina10.com\/web\/el-pasaje-carnaval-de-la-carrera-27-estara-abierto-entre-el-6-y-el-10-de-enero\/#article","isPartOf":{"@id":"https:\/\/pagina10.com\/web\/el-pasaje-carnaval-de-la-carrera-27-estara-abierto-entre-el-6-y-el-10-de-enero\/"},"author":{"name":"P\u00e1gina 10","@id":"https:\/\/pagina10.com\/web\/#\/schema\/person\/2efc4a090d25b667d3bc796798a3a81b"},"headline":"El pasaje carnaval de la carrera 27, estar\u00e1 abierto entre el 6 y el 10 de enero","datePublished":"2022-01-06T00:46:13+00:00","dateModified":"2022-01-06T00:48:15+00:00","mainEntityOfPage":{"@id":"https:\/\/pagina10.com\/web\/el-pasaje-carnaval-de-la-carrera-27-estara-abierto-entre-el-6-y-el-10-de-enero\/"},"wordCount":420,"commentCount":0,"publisher":{"@id":"https:\/\/pagina10.com\/web\/#organization"},"image":{"@id":"https:\/\/pagina10.com\/web\/el-pasaje-carnaval-de-la-carrera-27-estara-abierto-entre-el-6-y-el-10-de-enero\/#primaryimage"},"thumbnailUrl":"https:\/\/pagina10.com\/web\/wp-content\/uploads\/2022\/01\/WhatsApp-Image-2022-01-05-at-5.56.35-PM.jpeg","articleSection":["Ciudad"],"inLanguage":"es","potentialAction":[{"@type":"CommentAction","name":"Comment","target":["https:\/\/pagina10.com\/web\/el-pasaje-carnaval-de-la-carrera-27-estara-abierto-entre-el-6-y-el-10-de-enero\/#respond"]}]},{"@type":"WebPage","@id":"https:\/\/pagina10.com\/web\/el-pasaje-carnaval-de-la-carrera-27-estara-abierto-entre-el-6-y-el-10-de-enero\/","url":"https:\/\/pagina10.com\/web\/el-pasaje-carnaval-de-la-carrera-27-estara-abierto-entre-el-6-y-el-10-de-enero\/","name":"El pasaje carnaval de la carrera 27, estar\u00e1 abierto entre el 6 y el 10 de enero | P\u00e1gina10","isPartOf":{"@id":"https:\/\/pagina10.com\/web\/#website"},"primaryImageOfPage":{"@id":"https:\/\/pagina10.com\/web\/el-pasaje-carnaval-de-la-carrera-27-estara-abierto-entre-el-6-y-el-10-de-enero\/#primaryimage"},"image":{"@id":"https:\/\/pagina10.com\/web\/el-pasaje-carnaval-de-la-carrera-27-estara-abierto-entre-el-6-y-el-10-de-enero\/#primaryimage"},"thumbnailUrl":"https:\/\/pagina10.com\/web\/wp-content\/uploads\/2022\/01\/WhatsApp-Image-2022-01-05-at-5.56.35-PM.jpeg","datePublished":"2022-01-06T00:46:13+00:00","dateModified":"2022-01-06T00:48:15+00:00","breadcrumb":{"@id":"https:\/\/pagina10.com\/web\/el-pasaje-carnaval-de-la-carrera-27-estara-abierto-entre-el-6-y-el-10-de-enero\/#breadcrumb"},"inLanguage":"es","potentialAction":[{"@type":"ReadAction","target":["https:\/\/pagina10.com\/web\/el-pasaje-carnaval-de-la-carrera-27-estara-abierto-entre-el-6-y-el-10-de-enero\/"]}]},{"@type":"ImageObject","inLanguage":"es","@id":"https:\/\/pagina10.com\/web\/el-pasaje-carnaval-de-la-carrera-27-estara-abierto-entre-el-6-y-el-10-de-enero\/#primaryimage","url":"https:\/\/pagina10.com\/web\/wp-content\/uploads\/2022\/01\/WhatsApp-Image-2022-01-05-at-5.56.35-PM.jpeg","contentUrl":"https:\/\/pagina10.com\/web\/wp-content\/uploads\/2022\/01\/WhatsApp-Image-2022-01-05-at-5.56.35-PM.jpeg","width":1160,"height":868},{"@type":"BreadcrumbList","@id":"https:\/\/pagina10.com\/web\/el-pasaje-carnaval-de-la-carrera-27-estara-abierto-entre-el-6-y-el-10-de-enero\/#breadcrumb","itemListElement":[{"@type":"ListItem","position":1,"name":"Portada","item":"https:\/\/pagina10.com\/web\/"},{"@type":"ListItem","position":2,"name":"El pasaje carnaval de la carrera 27, estar\u00e1 abierto entre el 6 y el 10 de enero"}]},{"@type":"WebSite","@id":"https:\/\/pagina10.com\/web\/#website","url":"https:\/\/pagina10.com\/web\/","name":"P\u00e1gina10","description":"Peri\u00f3dico Regional","publisher":{"@id":"https:\/\/pagina10.com\/web\/#organization"},"alternateName":"P\u00e1gina10 Peri\u00f3dico Regional","potentialAction":[{"@type":"SearchAction","target":{"@type":"EntryPoint","urlTemplate":"https:\/\/pagina10.com\/web\/?s={search_term_string}"},"query-input":{"@type":"PropertyValueSpecification","valueRequired":true,"valueName":"search_term_string"}}],"inLanguage":"es"},{"@type":"Organization","@id":"https:\/\/pagina10.com\/web\/#organization","name":"P\u00e1gina10","alternateName":"P\u00e1gina10 Peri\u00f3dico Regional","url":"https:\/\/pagina10.com\/web\/","logo":{"@type":"ImageObject","inLanguage":"es","@id":"https:\/\/pagina10.com\/web\/#\/schema\/logo\/image\/","url":"https:\/\/pagina10.com\/web\/wp-content\/uploads\/2024\/01\/40-pagina-10-periodico-regional-pasto.jpg","contentUrl":"https:\/\/pagina10.com\/web\/wp-content\/uploads\/2024\/01\/40-pagina-10-periodico-regional-pasto.jpg","width":1280,"height":720,"caption":"P\u00e1gina10"},"image":{"@id":"https:\/\/pagina10.com\/web\/#\/schema\/logo\/image\/"},"sameAs":["https:\/\/www.facebook.com\/pag10com","https:\/\/x.com\/Pag10com","https:\/\/www.instagram.com\/pagina10col\/","https:\/\/youtube.com\/channel\/pag10","https:\/\/www.tiktok.com\/@p10col"]},{"@type":"Person","@id":"https:\/\/pagina10.com\/web\/#\/schema\/person\/2efc4a090d25b667d3bc796798a3a81b","name":"P\u00e1gina 10","description":"P\u00e1gina 10 es un peri\u00f3dico regional que nace en Colombia, en el departamento de Nari\u00f1o, con un enfoque global, fundamentado en cuatro pilares esenciales: la libertad, el pluralismo, la inclusi\u00f3n y la independencia. P\u00e1gina 10 hace referencia a Nari\u00f1o como el d\u00e9cimo departamento creado en Colombia, despu\u00e9s de un proceso pol\u00edtico liderado por actores y actrices regionales con el fin de obtener la independencia y autonom\u00eda de nuestros territorios. Con la creaci\u00f3n de P\u00e1gina 10 se pretende abrir un escenario para el dialogo, la reflexi\u00f3n y el debate que se extienda a otras geograf\u00edas de Am\u00e9rica Latina y del planeta, en una apuesta por transformar colectivamente los desaf\u00edos de un mundo contempor\u00e1neo, m\u00e1s all\u00e1 de las fronteras impuestas.","url":"https:\/\/pagina10.com\/web\/author\/pdiezadmin\/"}]}},"_links":{"self":[{"href":"https:\/\/pagina10.com\/web\/wp-json\/wp\/v2\/posts\/57638","targetHints":{"allow":["GET"]}}],"collection":[{"href":"https:\/\/pagina10.com\/web\/wp-json\/wp\/v2\/posts"}],"about":[{"href":"https:\/\/pagina10.com\/web\/wp-json\/wp\/v2\/types\/post"}],"author":[{"embeddable":true,"href":"https:\/\/pagina10.com\/web\/wp-json\/wp\/v2\/users\/1"}],"replies":[{"embeddable":true,"href":"https:\/\/pagina10.com\/web\/wp-json\/wp\/v2\/comments?post=57638"}],"version-history":[{"count":1,"href":"https:\/\/pagina10.com\/web\/wp-json\/wp\/v2\/posts\/57638\/revisions"}],"predecessor-version":[{"id":57640,"href":"https:\/\/pagina10.com\/web\/wp-json\/wp\/v2\/posts\/57638\/revisions\/57640"}],"wp:featuredmedia":[{"embeddable":true,"href":"https:\/\/pagina10.com\/web\/wp-json\/wp\/v2\/media\/57643"}],"wp:attachment":[{"href":"https:\/\/pagina10.com\/web\/wp-json\/wp\/v2\/media?parent=57638"}],"wp:term":[{"taxonomy":"category","embeddable":true,"href":"https:\/\/pagina10.com\/web\/wp-json\/wp\/v2\/categories?post=57638"},{"taxonomy":"post_tag","embeddable":true,"href":"https:\/\/pagina10.com\/web\/wp-json\/wp\/v2\/tags?post=57638"}],"curies":[{"name":"wp","href":"https:\/\/api.w.org\/{rel}","templated":true}]}}