{"id":57672,"date":"2022-01-07T23:59:01","date_gmt":"2022-01-08T04:59:01","guid":{"rendered":"https:\/\/pagina10.com\/web\/?p=57672"},"modified":"2022-01-07T23:59:01","modified_gmt":"2022-01-08T04:59:01","slug":"ibarra-y-pasto-le-apuestan-a-la-creacion-de-una-ruta-turistica-binacional","status":"publish","type":"post","link":"https:\/\/pagina10.com\/web\/ibarra-y-pasto-le-apuestan-a-la-creacion-de-una-ruta-turistica-binacional\/","title":{"rendered":"Ibarra y Pasto le apuestan a la creaci\u00f3n de una ruta tur\u00edstica binacional"},"content":{"rendered":"<p style=\"text-align: justify;\">La delegaci\u00f3n del Gobierno Aut\u00f3nomo Descentralizado del Cant\u00f3n de San Miguel de Ibarra y el Municipio de Pasto firmaron compromisos para el fortalecimiento comercial, productivo, tur\u00edstico y cultural entre las dos regiones.<\/p>\n<p style=\"text-align: justify;\">Estos acuerdos, que se desarrollan en el marco del convenio de hermandad y cooperaci\u00f3n institucional, se refieren a la creaci\u00f3n de una ruta tur\u00edstica binacional para la generaci\u00f3n de material promocional.<\/p>\n<p style=\"text-align: justify;\">\u201cCon la Alcald\u00eda, C\u00e1mara de Comercio de Pasto y sus pares en Ibarra hemos trabajado en los encuentros nacionales y hoy, con la presencia del Alcalde Germ\u00e1n Chamorro De La Rosa, nos articulamos con la ruta binacional para generar contenidos comunicativos que tendr\u00e1n como objetivo promover la llegada de turistas hacia las dos ciudades\u201d, expres\u00f3 el director de Desarrollo Econ\u00f3mico y Turismo de Ibarra Andr\u00e9s Mej\u00eda.<\/p>\n<p style=\"text-align: justify;\">Entre los acuerdos establecidos durante la visita de la delegaci\u00f3n ecuatoriana se encuentran la articulaci\u00f3n entre las corporaciones con el fin de institucionalizar, a trav\u00e9s de los concejos municipales, las actividades que surjan del hermanamiento para que sean permanentes e independientes de las administraciones de turno.<\/p>\n<p style=\"text-align: justify;\">\u201cRatificamos el compromiso de apoyarnos como pa\u00edses vecinos en todos los \u00e1mbitos. Pasto ser\u00e1 nuestro invitado de honor en la celebraci\u00f3n de nuestras fiestas, donde podremos conocer las tradiciones y toda la riqueza tur\u00edstica que tiene este municipio\u201d, explic\u00f3 el concejal de Ibarra, Leonardo Yepes.<\/p>\n<p style=\"text-align: justify;\">Durante esta visita, los integrantes de la delegaci\u00f3n de Ecuador resaltaron el trabajo del gobierno local para apoyar a los artesanos y promover de manera segura la reactivaci\u00f3n econ\u00f3mica a trav\u00e9s del Carnaval de Negros y Blancos.<\/p>\n<p style=\"text-align: justify;\">\u201cLa pandemia hace que las din\u00e1micas cambien, pero hoy vemos que existen ciudades y administraciones que generan estrategias oportunas para que la econom\u00eda se recupere y as\u00ed, m\u00e1s personas puedan apreciar esta majestuosa fiesta\u201d, sostuvo Dar\u00edo Robby, director de Educaci\u00f3n, Cultura y Deporte de Ibarra.<\/p>\n","protected":false},"excerpt":{"rendered":"<p>La delegaci\u00f3n del Gobierno Aut\u00f3nomo Descentralizado del Cant\u00f3n de San Miguel de Ibarra y el Municipio de Pasto firmaron compromisos para el fortalecimiento comercial, productivo, tur\u00edstico y cultural entre las dos regiones. Estos acuerdos, que se desarrollan en el marco del convenio de hermandad y cooperaci\u00f3n institucional, se refieren a la creaci\u00f3n de una ruta [&hellip;]<\/p>\n","protected":false},"author":1,"featured_media":57673,"comment_status":"open","ping_status":"open","sticky":false,"template":"","format":"standard","meta":{"footnotes":""},"categories":[82],"tags":[],"class_list":["post-57672","post","type-post","status-publish","format-standard","has-post-thumbnail","hentry","category-ciudad-2"],"yoast_head":"<!-- This site is optimized with the Yoast SEO plugin v27.1.1 - https:\/\/yoast.com\/product\/yoast-seo-wordpress\/ -->\n<title>Ibarra y Pasto le apuestan a la creaci\u00f3n de una ruta tur\u00edstica binacional | P\u00e1gina10<\/title>\n<meta name=\"robots\" content=\"index, follow, max-snippet:-1, max-image-preview:large, max-video-preview:-1\" \/>\n<link rel=\"canonical\" href=\"https:\/\/pagina10.com\/web\/ibarra-y-pasto-le-apuestan-a-la-creacion-de-una-ruta-turistica-binacional\/\" \/>\n<meta property=\"og:locale\" content=\"es_ES\" \/>\n<meta property=\"og:type\" content=\"article\" \/>\n<meta property=\"og:title\" content=\"Ibarra y Pasto le apuestan a la creaci\u00f3n de una ruta tur\u00edstica binacional | P\u00e1gina10\" \/>\n<meta property=\"og:description\" content=\"La delegaci\u00f3n del Gobierno Aut\u00f3nomo Descentralizado del Cant\u00f3n de San Miguel de Ibarra y el Municipio de Pasto firmaron compromisos para el fortalecimiento comercial, productivo, tur\u00edstico y cultural entre las dos regiones. Estos acuerdos, que se desarrollan en el marco del convenio de hermandad y cooperaci\u00f3n institucional, se refieren a la creaci\u00f3n de una ruta [&hellip;]\" \/>\n<meta property=\"og:url\" content=\"https:\/\/pagina10.com\/web\/ibarra-y-pasto-le-apuestan-a-la-creacion-de-una-ruta-turistica-binacional\/\" \/>\n<meta property=\"og:site_name\" content=\"P\u00e1gina10\" \/>\n<meta property=\"article:publisher\" content=\"https:\/\/www.facebook.com\/pag10com\" \/>\n<meta property=\"article:published_time\" content=\"2022-01-08T04:59:01+00:00\" \/>\n<meta property=\"og:image\" content=\"https:\/\/pagina10.com\/web\/wp-content\/uploads\/2022\/01\/WhatsApp-Image-2022-01-07-at-10.25.26-PM.jpeg\" \/>\n\t<meta property=\"og:image:width\" content=\"1280\" \/>\n\t<meta property=\"og:image:height\" content=\"855\" \/>\n\t<meta property=\"og:image:type\" content=\"image\/jpeg\" \/>\n<meta name=\"author\" content=\"P\u00e1gina 10\" \/>\n<meta name=\"twitter:card\" content=\"summary_large_image\" \/>\n<meta name=\"twitter:creator\" content=\"@Pag10com\" \/>\n<meta name=\"twitter:site\" content=\"@Pag10com\" \/>\n<meta name=\"twitter:label1\" content=\"Escrito por\" \/>\n\t<meta name=\"twitter:data1\" content=\"P\u00e1gina 10\" \/>\n\t<meta name=\"twitter:label2\" content=\"Tiempo de lectura\" \/>\n\t<meta name=\"twitter:data2\" content=\"2 minutos\" \/>\n<script type=\"application\/ld+json\" class=\"yoast-schema-graph\">{\"@context\":\"https:\/\/schema.org\",\"@graph\":[{\"@type\":\"Article\",\"@id\":\"https:\/\/pagina10.com\/web\/ibarra-y-pasto-le-apuestan-a-la-creacion-de-una-ruta-turistica-binacional\/#article\",\"isPartOf\":{\"@id\":\"https:\/\/pagina10.com\/web\/ibarra-y-pasto-le-apuestan-a-la-creacion-de-una-ruta-turistica-binacional\/\"},\"author\":{\"name\":\"P\u00e1gina 10\",\"@id\":\"https:\/\/pagina10.com\/web\/#\/schema\/person\/2efc4a090d25b667d3bc796798a3a81b\"},\"headline\":\"Ibarra y Pasto le apuestan a la creaci\u00f3n de una ruta tur\u00edstica binacional\",\"datePublished\":\"2022-01-08T04:59:01+00:00\",\"mainEntityOfPage\":{\"@id\":\"https:\/\/pagina10.com\/web\/ibarra-y-pasto-le-apuestan-a-la-creacion-de-una-ruta-turistica-binacional\/\"},\"wordCount\":347,\"commentCount\":0,\"publisher\":{\"@id\":\"https:\/\/pagina10.com\/web\/#organization\"},\"image\":{\"@id\":\"https:\/\/pagina10.com\/web\/ibarra-y-pasto-le-apuestan-a-la-creacion-de-una-ruta-turistica-binacional\/#primaryimage\"},\"thumbnailUrl\":\"https:\/\/pagina10.com\/web\/wp-content\/uploads\/2022\/01\/WhatsApp-Image-2022-01-07-at-10.25.26-PM.jpeg\",\"articleSection\":[\"Ciudad\"],\"inLanguage\":\"es\",\"potentialAction\":[{\"@type\":\"CommentAction\",\"name\":\"Comment\",\"target\":[\"https:\/\/pagina10.com\/web\/ibarra-y-pasto-le-apuestan-a-la-creacion-de-una-ruta-turistica-binacional\/#respond\"]}]},{\"@type\":\"WebPage\",\"@id\":\"https:\/\/pagina10.com\/web\/ibarra-y-pasto-le-apuestan-a-la-creacion-de-una-ruta-turistica-binacional\/\",\"url\":\"https:\/\/pagina10.com\/web\/ibarra-y-pasto-le-apuestan-a-la-creacion-de-una-ruta-turistica-binacional\/\",\"name\":\"Ibarra y Pasto le apuestan a la creaci\u00f3n de una ruta tur\u00edstica binacional | P\u00e1gina10\",\"isPartOf\":{\"@id\":\"https:\/\/pagina10.com\/web\/#website\"},\"primaryImageOfPage\":{\"@id\":\"https:\/\/pagina10.com\/web\/ibarra-y-pasto-le-apuestan-a-la-creacion-de-una-ruta-turistica-binacional\/#primaryimage\"},\"image\":{\"@id\":\"https:\/\/pagina10.com\/web\/ibarra-y-pasto-le-apuestan-a-la-creacion-de-una-ruta-turistica-binacional\/#primaryimage\"},\"thumbnailUrl\":\"https:\/\/pagina10.com\/web\/wp-content\/uploads\/2022\/01\/WhatsApp-Image-2022-01-07-at-10.25.26-PM.jpeg\",\"datePublished\":\"2022-01-08T04:59:01+00:00\",\"breadcrumb\":{\"@id\":\"https:\/\/pagina10.com\/web\/ibarra-y-pasto-le-apuestan-a-la-creacion-de-una-ruta-turistica-binacional\/#breadcrumb\"},\"inLanguage\":\"es\",\"potentialAction\":[{\"@type\":\"ReadAction\",\"target\":[\"https:\/\/pagina10.com\/web\/ibarra-y-pasto-le-apuestan-a-la-creacion-de-una-ruta-turistica-binacional\/\"]}]},{\"@type\":\"ImageObject\",\"inLanguage\":\"es\",\"@id\":\"https:\/\/pagina10.com\/web\/ibarra-y-pasto-le-apuestan-a-la-creacion-de-una-ruta-turistica-binacional\/#primaryimage\",\"url\":\"https:\/\/pagina10.com\/web\/wp-content\/uploads\/2022\/01\/WhatsApp-Image-2022-01-07-at-10.25.26-PM.jpeg\",\"contentUrl\":\"https:\/\/pagina10.com\/web\/wp-content\/uploads\/2022\/01\/WhatsApp-Image-2022-01-07-at-10.25.26-PM.jpeg\",\"width\":1280,\"height\":855},{\"@type\":\"BreadcrumbList\",\"@id\":\"https:\/\/pagina10.com\/web\/ibarra-y-pasto-le-apuestan-a-la-creacion-de-una-ruta-turistica-binacional\/#breadcrumb\",\"itemListElement\":[{\"@type\":\"ListItem\",\"position\":1,\"name\":\"Portada\",\"item\":\"https:\/\/pagina10.com\/web\/\"},{\"@type\":\"ListItem\",\"position\":2,\"name\":\"Ibarra y Pasto le apuestan a la creaci\u00f3n de una ruta tur\u00edstica binacional\"}]},{\"@type\":\"WebSite\",\"@id\":\"https:\/\/pagina10.com\/web\/#website\",\"url\":\"https:\/\/pagina10.com\/web\/\",\"name\":\"P\u00e1gina10\",\"description\":\"Peri\u00f3dico Regional\",\"publisher\":{\"@id\":\"https:\/\/pagina10.com\/web\/#organization\"},\"alternateName\":\"P\u00e1gina10 Peri\u00f3dico Regional\",\"potentialAction\":[{\"@type\":\"SearchAction\",\"target\":{\"@type\":\"EntryPoint\",\"urlTemplate\":\"https:\/\/pagina10.com\/web\/?s={search_term_string}\"},\"query-input\":{\"@type\":\"PropertyValueSpecification\",\"valueRequired\":true,\"valueName\":\"search_term_string\"}}],\"inLanguage\":\"es\"},{\"@type\":\"Organization\",\"@id\":\"https:\/\/pagina10.com\/web\/#organization\",\"name\":\"P\u00e1gina10\",\"alternateName\":\"P\u00e1gina10 Peri\u00f3dico Regional\",\"url\":\"https:\/\/pagina10.com\/web\/\",\"logo\":{\"@type\":\"ImageObject\",\"inLanguage\":\"es\",\"@id\":\"https:\/\/pagina10.com\/web\/#\/schema\/logo\/image\/\",\"url\":\"https:\/\/pagina10.com\/web\/wp-content\/uploads\/2024\/01\/40-pagina-10-periodico-regional-pasto.jpg\",\"contentUrl\":\"https:\/\/pagina10.com\/web\/wp-content\/uploads\/2024\/01\/40-pagina-10-periodico-regional-pasto.jpg\",\"width\":1280,\"height\":720,\"caption\":\"P\u00e1gina10\"},\"image\":{\"@id\":\"https:\/\/pagina10.com\/web\/#\/schema\/logo\/image\/\"},\"sameAs\":[\"https:\/\/www.facebook.com\/pag10com\",\"https:\/\/x.com\/Pag10com\",\"https:\/\/www.instagram.com\/pagina10col\/\",\"https:\/\/youtube.com\/channel\/pag10\",\"https:\/\/www.tiktok.com\/@p10col\"]},{\"@type\":\"Person\",\"@id\":\"https:\/\/pagina10.com\/web\/#\/schema\/person\/2efc4a090d25b667d3bc796798a3a81b\",\"name\":\"P\u00e1gina 10\",\"description\":\"P\u00e1gina 10 es un peri\u00f3dico regional que nace en Colombia, en el departamento de Nari\u00f1o, con un enfoque global, fundamentado en cuatro pilares esenciales: la libertad, el pluralismo, la inclusi\u00f3n y la independencia. P\u00e1gina 10 hace referencia a Nari\u00f1o como el d\u00e9cimo departamento creado en Colombia, despu\u00e9s de un proceso pol\u00edtico liderado por actores y actrices regionales con el fin de obtener la independencia y autonom\u00eda de nuestros territorios. Con la creaci\u00f3n de P\u00e1gina 10 se pretende abrir un escenario para el dialogo, la reflexi\u00f3n y el debate que se extienda a otras geograf\u00edas de Am\u00e9rica Latina y del planeta, en una apuesta por transformar colectivamente los desaf\u00edos de un mundo contempor\u00e1neo, m\u00e1s all\u00e1 de las fronteras impuestas.\",\"url\":\"https:\/\/pagina10.com\/web\/author\/pdiezadmin\/\"}]}<\/script>\n<!-- \/ Yoast SEO plugin. -->","yoast_head_json":{"title":"Ibarra y Pasto le apuestan a la creaci\u00f3n de una ruta tur\u00edstica binacional | P\u00e1gina10","robots":{"index":"index","follow":"follow","max-snippet":"max-snippet:-1","max-image-preview":"max-image-preview:large","max-video-preview":"max-video-preview:-1"},"canonical":"https:\/\/pagina10.com\/web\/ibarra-y-pasto-le-apuestan-a-la-creacion-de-una-ruta-turistica-binacional\/","og_locale":"es_ES","og_type":"article","og_title":"Ibarra y Pasto le apuestan a la creaci\u00f3n de una ruta tur\u00edstica binacional | P\u00e1gina10","og_description":"La delegaci\u00f3n del Gobierno Aut\u00f3nomo Descentralizado del Cant\u00f3n de San Miguel de Ibarra y el Municipio de Pasto firmaron compromisos para el fortalecimiento comercial, productivo, tur\u00edstico y cultural entre las dos regiones. Estos acuerdos, que se desarrollan en el marco del convenio de hermandad y cooperaci\u00f3n institucional, se refieren a la creaci\u00f3n de una ruta [&hellip;]","og_url":"https:\/\/pagina10.com\/web\/ibarra-y-pasto-le-apuestan-a-la-creacion-de-una-ruta-turistica-binacional\/","og_site_name":"P\u00e1gina10","article_publisher":"https:\/\/www.facebook.com\/pag10com","article_published_time":"2022-01-08T04:59:01+00:00","og_image":[{"width":1280,"height":855,"url":"https:\/\/pagina10.com\/web\/wp-content\/uploads\/2022\/01\/WhatsApp-Image-2022-01-07-at-10.25.26-PM.jpeg","type":"image\/jpeg"}],"author":"P\u00e1gina 10","twitter_card":"summary_large_image","twitter_creator":"@Pag10com","twitter_site":"@Pag10com","twitter_misc":{"Escrito por":"P\u00e1gina 10","Tiempo de lectura":"2 minutos"},"schema":{"@context":"https:\/\/schema.org","@graph":[{"@type":"Article","@id":"https:\/\/pagina10.com\/web\/ibarra-y-pasto-le-apuestan-a-la-creacion-de-una-ruta-turistica-binacional\/#article","isPartOf":{"@id":"https:\/\/pagina10.com\/web\/ibarra-y-pasto-le-apuestan-a-la-creacion-de-una-ruta-turistica-binacional\/"},"author":{"name":"P\u00e1gina 10","@id":"https:\/\/pagina10.com\/web\/#\/schema\/person\/2efc4a090d25b667d3bc796798a3a81b"},"headline":"Ibarra y Pasto le apuestan a la creaci\u00f3n de una ruta tur\u00edstica binacional","datePublished":"2022-01-08T04:59:01+00:00","mainEntityOfPage":{"@id":"https:\/\/pagina10.com\/web\/ibarra-y-pasto-le-apuestan-a-la-creacion-de-una-ruta-turistica-binacional\/"},"wordCount":347,"commentCount":0,"publisher":{"@id":"https:\/\/pagina10.com\/web\/#organization"},"image":{"@id":"https:\/\/pagina10.com\/web\/ibarra-y-pasto-le-apuestan-a-la-creacion-de-una-ruta-turistica-binacional\/#primaryimage"},"thumbnailUrl":"https:\/\/pagina10.com\/web\/wp-content\/uploads\/2022\/01\/WhatsApp-Image-2022-01-07-at-10.25.26-PM.jpeg","articleSection":["Ciudad"],"inLanguage":"es","potentialAction":[{"@type":"CommentAction","name":"Comment","target":["https:\/\/pagina10.com\/web\/ibarra-y-pasto-le-apuestan-a-la-creacion-de-una-ruta-turistica-binacional\/#respond"]}]},{"@type":"WebPage","@id":"https:\/\/pagina10.com\/web\/ibarra-y-pasto-le-apuestan-a-la-creacion-de-una-ruta-turistica-binacional\/","url":"https:\/\/pagina10.com\/web\/ibarra-y-pasto-le-apuestan-a-la-creacion-de-una-ruta-turistica-binacional\/","name":"Ibarra y Pasto le apuestan a la creaci\u00f3n de una ruta tur\u00edstica binacional | P\u00e1gina10","isPartOf":{"@id":"https:\/\/pagina10.com\/web\/#website"},"primaryImageOfPage":{"@id":"https:\/\/pagina10.com\/web\/ibarra-y-pasto-le-apuestan-a-la-creacion-de-una-ruta-turistica-binacional\/#primaryimage"},"image":{"@id":"https:\/\/pagina10.com\/web\/ibarra-y-pasto-le-apuestan-a-la-creacion-de-una-ruta-turistica-binacional\/#primaryimage"},"thumbnailUrl":"https:\/\/pagina10.com\/web\/wp-content\/uploads\/2022\/01\/WhatsApp-Image-2022-01-07-at-10.25.26-PM.jpeg","datePublished":"2022-01-08T04:59:01+00:00","breadcrumb":{"@id":"https:\/\/pagina10.com\/web\/ibarra-y-pasto-le-apuestan-a-la-creacion-de-una-ruta-turistica-binacional\/#breadcrumb"},"inLanguage":"es","potentialAction":[{"@type":"ReadAction","target":["https:\/\/pagina10.com\/web\/ibarra-y-pasto-le-apuestan-a-la-creacion-de-una-ruta-turistica-binacional\/"]}]},{"@type":"ImageObject","inLanguage":"es","@id":"https:\/\/pagina10.com\/web\/ibarra-y-pasto-le-apuestan-a-la-creacion-de-una-ruta-turistica-binacional\/#primaryimage","url":"https:\/\/pagina10.com\/web\/wp-content\/uploads\/2022\/01\/WhatsApp-Image-2022-01-07-at-10.25.26-PM.jpeg","contentUrl":"https:\/\/pagina10.com\/web\/wp-content\/uploads\/2022\/01\/WhatsApp-Image-2022-01-07-at-10.25.26-PM.jpeg","width":1280,"height":855},{"@type":"BreadcrumbList","@id":"https:\/\/pagina10.com\/web\/ibarra-y-pasto-le-apuestan-a-la-creacion-de-una-ruta-turistica-binacional\/#breadcrumb","itemListElement":[{"@type":"ListItem","position":1,"name":"Portada","item":"https:\/\/pagina10.com\/web\/"},{"@type":"ListItem","position":2,"name":"Ibarra y Pasto le apuestan a la creaci\u00f3n de una ruta tur\u00edstica binacional"}]},{"@type":"WebSite","@id":"https:\/\/pagina10.com\/web\/#website","url":"https:\/\/pagina10.com\/web\/","name":"P\u00e1gina10","description":"Peri\u00f3dico Regional","publisher":{"@id":"https:\/\/pagina10.com\/web\/#organization"},"alternateName":"P\u00e1gina10 Peri\u00f3dico Regional","potentialAction":[{"@type":"SearchAction","target":{"@type":"EntryPoint","urlTemplate":"https:\/\/pagina10.com\/web\/?s={search_term_string}"},"query-input":{"@type":"PropertyValueSpecification","valueRequired":true,"valueName":"search_term_string"}}],"inLanguage":"es"},{"@type":"Organization","@id":"https:\/\/pagina10.com\/web\/#organization","name":"P\u00e1gina10","alternateName":"P\u00e1gina10 Peri\u00f3dico Regional","url":"https:\/\/pagina10.com\/web\/","logo":{"@type":"ImageObject","inLanguage":"es","@id":"https:\/\/pagina10.com\/web\/#\/schema\/logo\/image\/","url":"https:\/\/pagina10.com\/web\/wp-content\/uploads\/2024\/01\/40-pagina-10-periodico-regional-pasto.jpg","contentUrl":"https:\/\/pagina10.com\/web\/wp-content\/uploads\/2024\/01\/40-pagina-10-periodico-regional-pasto.jpg","width":1280,"height":720,"caption":"P\u00e1gina10"},"image":{"@id":"https:\/\/pagina10.com\/web\/#\/schema\/logo\/image\/"},"sameAs":["https:\/\/www.facebook.com\/pag10com","https:\/\/x.com\/Pag10com","https:\/\/www.instagram.com\/pagina10col\/","https:\/\/youtube.com\/channel\/pag10","https:\/\/www.tiktok.com\/@p10col"]},{"@type":"Person","@id":"https:\/\/pagina10.com\/web\/#\/schema\/person\/2efc4a090d25b667d3bc796798a3a81b","name":"P\u00e1gina 10","description":"P\u00e1gina 10 es un peri\u00f3dico regional que nace en Colombia, en el departamento de Nari\u00f1o, con un enfoque global, fundamentado en cuatro pilares esenciales: la libertad, el pluralismo, la inclusi\u00f3n y la independencia. P\u00e1gina 10 hace referencia a Nari\u00f1o como el d\u00e9cimo departamento creado en Colombia, despu\u00e9s de un proceso pol\u00edtico liderado por actores y actrices regionales con el fin de obtener la independencia y autonom\u00eda de nuestros territorios. Con la creaci\u00f3n de P\u00e1gina 10 se pretende abrir un escenario para el dialogo, la reflexi\u00f3n y el debate que se extienda a otras geograf\u00edas de Am\u00e9rica Latina y del planeta, en una apuesta por transformar colectivamente los desaf\u00edos de un mundo contempor\u00e1neo, m\u00e1s all\u00e1 de las fronteras impuestas.","url":"https:\/\/pagina10.com\/web\/author\/pdiezadmin\/"}]}},"_links":{"self":[{"href":"https:\/\/pagina10.com\/web\/wp-json\/wp\/v2\/posts\/57672","targetHints":{"allow":["GET"]}}],"collection":[{"href":"https:\/\/pagina10.com\/web\/wp-json\/wp\/v2\/posts"}],"about":[{"href":"https:\/\/pagina10.com\/web\/wp-json\/wp\/v2\/types\/post"}],"author":[{"embeddable":true,"href":"https:\/\/pagina10.com\/web\/wp-json\/wp\/v2\/users\/1"}],"replies":[{"embeddable":true,"href":"https:\/\/pagina10.com\/web\/wp-json\/wp\/v2\/comments?post=57672"}],"version-history":[{"count":1,"href":"https:\/\/pagina10.com\/web\/wp-json\/wp\/v2\/posts\/57672\/revisions"}],"predecessor-version":[{"id":57674,"href":"https:\/\/pagina10.com\/web\/wp-json\/wp\/v2\/posts\/57672\/revisions\/57674"}],"wp:featuredmedia":[{"embeddable":true,"href":"https:\/\/pagina10.com\/web\/wp-json\/wp\/v2\/media\/57673"}],"wp:attachment":[{"href":"https:\/\/pagina10.com\/web\/wp-json\/wp\/v2\/media?parent=57672"}],"wp:term":[{"taxonomy":"category","embeddable":true,"href":"https:\/\/pagina10.com\/web\/wp-json\/wp\/v2\/categories?post=57672"},{"taxonomy":"post_tag","embeddable":true,"href":"https:\/\/pagina10.com\/web\/wp-json\/wp\/v2\/tags?post=57672"}],"curies":[{"name":"wp","href":"https:\/\/api.w.org\/{rel}","templated":true}]}}