{"id":57689,"date":"2022-01-09T23:31:28","date_gmt":"2022-01-10T04:31:28","guid":{"rendered":"https:\/\/pagina10.com\/web\/?p=57689"},"modified":"2022-01-09T23:31:28","modified_gmt":"2022-01-10T04:31:28","slug":"con-un-concurrido-festival-de-la-trucha-finalizo-el-carnaval-de-negros-y-blancos-2022","status":"publish","type":"post","link":"https:\/\/pagina10.com\/web\/con-un-concurrido-festival-de-la-trucha-finalizo-el-carnaval-de-negros-y-blancos-2022\/","title":{"rendered":"Con un concurrido festival de la trucha finaliz\u00f3 el carnaval de negros y blancos 2022"},"content":{"rendered":"<p style=\"text-align: justify;\">Un balance positivo entreg\u00f3 el Alcalde Germ\u00e1n Chamorro de la Rosa de las actividades culturales, musicales y gastron\u00f3micas que se desarrollaron este domingo como parte del Festival de la Trucha, en su versi\u00f3n 2022.<\/p>\n<p style=\"text-align: justify;\">Miles de personas asistieron al corregimiento de El Encano para cerrar la programaci\u00f3n del Carnaval de Negros y Blancos y disfrutar del tradicional plato de trucha, as\u00ed como de l\u00e1cteos, frutas, postres y artesan\u00edas, entre otros productos.<\/p>\n<p style=\"text-align: justify;\">El productor de trucha, Fabio Coral, indic\u00f3 que volver a realizar el festival de manera presencial se constituye en un importante impulso al sector pisc\u00edcola de la regi\u00f3n, as\u00ed como al turismo de El Encano.<\/p>\n<p style=\"text-align: justify;\">De igual manera, la propietaria del restaurante El Turista, July Riobamba, quien ocup\u00f3 el segundo lugar en el concurso de mejor plato de trucha tradicional, se mostr\u00f3 emocionada de vivir el festival con una nutrida presencia de visitantes. &#8220;Qu\u00e9 alegr\u00eda recibir nuevamente a tantos turistas y poderlos atender con lo mejor de nuestra cultura y gastronom\u00eda&#8221;, expres\u00f3.<\/p>\n<p style=\"text-align: justify;\">El mandatario local destac\u00f3 el aporte del festival a la reactivaci\u00f3n econ\u00f3mica y tur\u00edstica de este corregimiento, duramente afectado por la pandemia, al tiempo que enfatiz\u00f3 en el buen comportamiento de la ciudadan\u00eda en cada uno de los eventos del Carnaval.<\/p>\n<p style=\"text-align: justify;\">&#8220;Qu\u00e9 importante resaltar que no hubo ni una sola persona fallecida durante las actividades del Carnaval. Nuevamente La Gran Capital dio ejemplo de cultura y civismo&#8221;, agreg\u00f3.<\/p>\n<p style=\"text-align: justify;\">Con el Festival de la Trucha de hoy, y ma\u00f1ana, el \u00faltimo d\u00eda para visitar el Pasaje Carnaval de la Carrera 27, concluye con \u00e9xito el Carnaval de Negros y Blancos 2022.<\/p>\n","protected":false},"excerpt":{"rendered":"<p>Un balance positivo entreg\u00f3 el Alcalde Germ\u00e1n Chamorro de la Rosa de las actividades culturales, musicales y gastron\u00f3micas que se desarrollaron este domingo como parte del Festival de la Trucha, en su versi\u00f3n 2022. Miles de personas asistieron al corregimiento de El Encano para cerrar la programaci\u00f3n del Carnaval de Negros y Blancos y disfrutar [&hellip;]<\/p>\n","protected":false},"author":1,"featured_media":57690,"comment_status":"open","ping_status":"open","sticky":false,"template":"","format":"standard","meta":{"footnotes":""},"categories":[82],"tags":[],"class_list":["post-57689","post","type-post","status-publish","format-standard","has-post-thumbnail","hentry","category-ciudad-2"],"yoast_head":"<!-- This site is optimized with the Yoast SEO plugin v27.1.1 - https:\/\/yoast.com\/product\/yoast-seo-wordpress\/ -->\n<title>Con un concurrido festival de la trucha finaliz\u00f3 el carnaval de negros y blancos 2022 | P\u00e1gina10<\/title>\n<meta name=\"robots\" content=\"index, follow, max-snippet:-1, max-image-preview:large, max-video-preview:-1\" \/>\n<link rel=\"canonical\" href=\"https:\/\/pagina10.com\/web\/con-un-concurrido-festival-de-la-trucha-finalizo-el-carnaval-de-negros-y-blancos-2022\/\" \/>\n<meta property=\"og:locale\" content=\"es_ES\" \/>\n<meta property=\"og:type\" content=\"article\" \/>\n<meta property=\"og:title\" content=\"Con un concurrido festival de la trucha finaliz\u00f3 el carnaval de negros y blancos 2022 | P\u00e1gina10\" \/>\n<meta property=\"og:description\" content=\"Un balance positivo entreg\u00f3 el Alcalde Germ\u00e1n Chamorro de la Rosa de las actividades culturales, musicales y gastron\u00f3micas que se desarrollaron este domingo como parte del Festival de la Trucha, en su versi\u00f3n 2022. Miles de personas asistieron al corregimiento de El Encano para cerrar la programaci\u00f3n del Carnaval de Negros y Blancos y disfrutar [&hellip;]\" \/>\n<meta property=\"og:url\" content=\"https:\/\/pagina10.com\/web\/con-un-concurrido-festival-de-la-trucha-finalizo-el-carnaval-de-negros-y-blancos-2022\/\" \/>\n<meta property=\"og:site_name\" content=\"P\u00e1gina10\" \/>\n<meta property=\"article:publisher\" content=\"https:\/\/www.facebook.com\/pag10com\" \/>\n<meta property=\"article:published_time\" content=\"2022-01-10T04:31:28+00:00\" \/>\n<meta property=\"og:image\" content=\"https:\/\/pagina10.com\/web\/wp-content\/uploads\/2022\/01\/WhatsApp-Image-2022-01-09-at-9.40.21-PM.jpeg\" \/>\n\t<meta property=\"og:image:width\" content=\"1024\" \/>\n\t<meta property=\"og:image:height\" content=\"576\" \/>\n\t<meta property=\"og:image:type\" content=\"image\/jpeg\" \/>\n<meta name=\"author\" content=\"P\u00e1gina 10\" \/>\n<meta name=\"twitter:card\" content=\"summary_large_image\" \/>\n<meta name=\"twitter:creator\" content=\"@Pag10com\" \/>\n<meta name=\"twitter:site\" content=\"@Pag10com\" \/>\n<meta name=\"twitter:label1\" content=\"Escrito por\" \/>\n\t<meta name=\"twitter:data1\" content=\"P\u00e1gina 10\" \/>\n\t<meta name=\"twitter:label2\" content=\"Tiempo de lectura\" \/>\n\t<meta name=\"twitter:data2\" content=\"1 minuto\" \/>\n<script type=\"application\/ld+json\" class=\"yoast-schema-graph\">{\"@context\":\"https:\/\/schema.org\",\"@graph\":[{\"@type\":\"Article\",\"@id\":\"https:\/\/pagina10.com\/web\/con-un-concurrido-festival-de-la-trucha-finalizo-el-carnaval-de-negros-y-blancos-2022\/#article\",\"isPartOf\":{\"@id\":\"https:\/\/pagina10.com\/web\/con-un-concurrido-festival-de-la-trucha-finalizo-el-carnaval-de-negros-y-blancos-2022\/\"},\"author\":{\"name\":\"P\u00e1gina 10\",\"@id\":\"https:\/\/pagina10.com\/web\/#\/schema\/person\/2efc4a090d25b667d3bc796798a3a81b\"},\"headline\":\"Con un concurrido festival de la trucha finaliz\u00f3 el carnaval de negros y blancos 2022\",\"datePublished\":\"2022-01-10T04:31:28+00:00\",\"mainEntityOfPage\":{\"@id\":\"https:\/\/pagina10.com\/web\/con-un-concurrido-festival-de-la-trucha-finalizo-el-carnaval-de-negros-y-blancos-2022\/\"},\"wordCount\":290,\"commentCount\":0,\"publisher\":{\"@id\":\"https:\/\/pagina10.com\/web\/#organization\"},\"image\":{\"@id\":\"https:\/\/pagina10.com\/web\/con-un-concurrido-festival-de-la-trucha-finalizo-el-carnaval-de-negros-y-blancos-2022\/#primaryimage\"},\"thumbnailUrl\":\"https:\/\/pagina10.com\/web\/wp-content\/uploads\/2022\/01\/WhatsApp-Image-2022-01-09-at-9.40.21-PM.jpeg\",\"articleSection\":[\"Ciudad\"],\"inLanguage\":\"es\",\"potentialAction\":[{\"@type\":\"CommentAction\",\"name\":\"Comment\",\"target\":[\"https:\/\/pagina10.com\/web\/con-un-concurrido-festival-de-la-trucha-finalizo-el-carnaval-de-negros-y-blancos-2022\/#respond\"]}]},{\"@type\":\"WebPage\",\"@id\":\"https:\/\/pagina10.com\/web\/con-un-concurrido-festival-de-la-trucha-finalizo-el-carnaval-de-negros-y-blancos-2022\/\",\"url\":\"https:\/\/pagina10.com\/web\/con-un-concurrido-festival-de-la-trucha-finalizo-el-carnaval-de-negros-y-blancos-2022\/\",\"name\":\"Con un concurrido festival de la trucha finaliz\u00f3 el carnaval de negros y blancos 2022 | P\u00e1gina10\",\"isPartOf\":{\"@id\":\"https:\/\/pagina10.com\/web\/#website\"},\"primaryImageOfPage\":{\"@id\":\"https:\/\/pagina10.com\/web\/con-un-concurrido-festival-de-la-trucha-finalizo-el-carnaval-de-negros-y-blancos-2022\/#primaryimage\"},\"image\":{\"@id\":\"https:\/\/pagina10.com\/web\/con-un-concurrido-festival-de-la-trucha-finalizo-el-carnaval-de-negros-y-blancos-2022\/#primaryimage\"},\"thumbnailUrl\":\"https:\/\/pagina10.com\/web\/wp-content\/uploads\/2022\/01\/WhatsApp-Image-2022-01-09-at-9.40.21-PM.jpeg\",\"datePublished\":\"2022-01-10T04:31:28+00:00\",\"breadcrumb\":{\"@id\":\"https:\/\/pagina10.com\/web\/con-un-concurrido-festival-de-la-trucha-finalizo-el-carnaval-de-negros-y-blancos-2022\/#breadcrumb\"},\"inLanguage\":\"es\",\"potentialAction\":[{\"@type\":\"ReadAction\",\"target\":[\"https:\/\/pagina10.com\/web\/con-un-concurrido-festival-de-la-trucha-finalizo-el-carnaval-de-negros-y-blancos-2022\/\"]}]},{\"@type\":\"ImageObject\",\"inLanguage\":\"es\",\"@id\":\"https:\/\/pagina10.com\/web\/con-un-concurrido-festival-de-la-trucha-finalizo-el-carnaval-de-negros-y-blancos-2022\/#primaryimage\",\"url\":\"https:\/\/pagina10.com\/web\/wp-content\/uploads\/2022\/01\/WhatsApp-Image-2022-01-09-at-9.40.21-PM.jpeg\",\"contentUrl\":\"https:\/\/pagina10.com\/web\/wp-content\/uploads\/2022\/01\/WhatsApp-Image-2022-01-09-at-9.40.21-PM.jpeg\",\"width\":1024,\"height\":576},{\"@type\":\"BreadcrumbList\",\"@id\":\"https:\/\/pagina10.com\/web\/con-un-concurrido-festival-de-la-trucha-finalizo-el-carnaval-de-negros-y-blancos-2022\/#breadcrumb\",\"itemListElement\":[{\"@type\":\"ListItem\",\"position\":1,\"name\":\"Portada\",\"item\":\"https:\/\/pagina10.com\/web\/\"},{\"@type\":\"ListItem\",\"position\":2,\"name\":\"Con un concurrido festival de la trucha finaliz\u00f3 el carnaval de negros y blancos 2022\"}]},{\"@type\":\"WebSite\",\"@id\":\"https:\/\/pagina10.com\/web\/#website\",\"url\":\"https:\/\/pagina10.com\/web\/\",\"name\":\"P\u00e1gina10\",\"description\":\"Peri\u00f3dico Regional\",\"publisher\":{\"@id\":\"https:\/\/pagina10.com\/web\/#organization\"},\"alternateName\":\"P\u00e1gina10 Peri\u00f3dico Regional\",\"potentialAction\":[{\"@type\":\"SearchAction\",\"target\":{\"@type\":\"EntryPoint\",\"urlTemplate\":\"https:\/\/pagina10.com\/web\/?s={search_term_string}\"},\"query-input\":{\"@type\":\"PropertyValueSpecification\",\"valueRequired\":true,\"valueName\":\"search_term_string\"}}],\"inLanguage\":\"es\"},{\"@type\":\"Organization\",\"@id\":\"https:\/\/pagina10.com\/web\/#organization\",\"name\":\"P\u00e1gina10\",\"alternateName\":\"P\u00e1gina10 Peri\u00f3dico Regional\",\"url\":\"https:\/\/pagina10.com\/web\/\",\"logo\":{\"@type\":\"ImageObject\",\"inLanguage\":\"es\",\"@id\":\"https:\/\/pagina10.com\/web\/#\/schema\/logo\/image\/\",\"url\":\"https:\/\/pagina10.com\/web\/wp-content\/uploads\/2024\/01\/40-pagina-10-periodico-regional-pasto.jpg\",\"contentUrl\":\"https:\/\/pagina10.com\/web\/wp-content\/uploads\/2024\/01\/40-pagina-10-periodico-regional-pasto.jpg\",\"width\":1280,\"height\":720,\"caption\":\"P\u00e1gina10\"},\"image\":{\"@id\":\"https:\/\/pagina10.com\/web\/#\/schema\/logo\/image\/\"},\"sameAs\":[\"https:\/\/www.facebook.com\/pag10com\",\"https:\/\/x.com\/Pag10com\",\"https:\/\/www.instagram.com\/pagina10col\/\",\"https:\/\/youtube.com\/channel\/pag10\",\"https:\/\/www.tiktok.com\/@p10col\"]},{\"@type\":\"Person\",\"@id\":\"https:\/\/pagina10.com\/web\/#\/schema\/person\/2efc4a090d25b667d3bc796798a3a81b\",\"name\":\"P\u00e1gina 10\",\"description\":\"P\u00e1gina 10 es un peri\u00f3dico regional que nace en Colombia, en el departamento de Nari\u00f1o, con un enfoque global, fundamentado en cuatro pilares esenciales: la libertad, el pluralismo, la inclusi\u00f3n y la independencia. P\u00e1gina 10 hace referencia a Nari\u00f1o como el d\u00e9cimo departamento creado en Colombia, despu\u00e9s de un proceso pol\u00edtico liderado por actores y actrices regionales con el fin de obtener la independencia y autonom\u00eda de nuestros territorios. Con la creaci\u00f3n de P\u00e1gina 10 se pretende abrir un escenario para el dialogo, la reflexi\u00f3n y el debate que se extienda a otras geograf\u00edas de Am\u00e9rica Latina y del planeta, en una apuesta por transformar colectivamente los desaf\u00edos de un mundo contempor\u00e1neo, m\u00e1s all\u00e1 de las fronteras impuestas.\",\"url\":\"https:\/\/pagina10.com\/web\/author\/pdiezadmin\/\"}]}<\/script>\n<!-- \/ Yoast SEO plugin. -->","yoast_head_json":{"title":"Con un concurrido festival de la trucha finaliz\u00f3 el carnaval de negros y blancos 2022 | P\u00e1gina10","robots":{"index":"index","follow":"follow","max-snippet":"max-snippet:-1","max-image-preview":"max-image-preview:large","max-video-preview":"max-video-preview:-1"},"canonical":"https:\/\/pagina10.com\/web\/con-un-concurrido-festival-de-la-trucha-finalizo-el-carnaval-de-negros-y-blancos-2022\/","og_locale":"es_ES","og_type":"article","og_title":"Con un concurrido festival de la trucha finaliz\u00f3 el carnaval de negros y blancos 2022 | P\u00e1gina10","og_description":"Un balance positivo entreg\u00f3 el Alcalde Germ\u00e1n Chamorro de la Rosa de las actividades culturales, musicales y gastron\u00f3micas que se desarrollaron este domingo como parte del Festival de la Trucha, en su versi\u00f3n 2022. Miles de personas asistieron al corregimiento de El Encano para cerrar la programaci\u00f3n del Carnaval de Negros y Blancos y disfrutar [&hellip;]","og_url":"https:\/\/pagina10.com\/web\/con-un-concurrido-festival-de-la-trucha-finalizo-el-carnaval-de-negros-y-blancos-2022\/","og_site_name":"P\u00e1gina10","article_publisher":"https:\/\/www.facebook.com\/pag10com","article_published_time":"2022-01-10T04:31:28+00:00","og_image":[{"width":1024,"height":576,"url":"https:\/\/pagina10.com\/web\/wp-content\/uploads\/2022\/01\/WhatsApp-Image-2022-01-09-at-9.40.21-PM.jpeg","type":"image\/jpeg"}],"author":"P\u00e1gina 10","twitter_card":"summary_large_image","twitter_creator":"@Pag10com","twitter_site":"@Pag10com","twitter_misc":{"Escrito por":"P\u00e1gina 10","Tiempo de lectura":"1 minuto"},"schema":{"@context":"https:\/\/schema.org","@graph":[{"@type":"Article","@id":"https:\/\/pagina10.com\/web\/con-un-concurrido-festival-de-la-trucha-finalizo-el-carnaval-de-negros-y-blancos-2022\/#article","isPartOf":{"@id":"https:\/\/pagina10.com\/web\/con-un-concurrido-festival-de-la-trucha-finalizo-el-carnaval-de-negros-y-blancos-2022\/"},"author":{"name":"P\u00e1gina 10","@id":"https:\/\/pagina10.com\/web\/#\/schema\/person\/2efc4a090d25b667d3bc796798a3a81b"},"headline":"Con un concurrido festival de la trucha finaliz\u00f3 el carnaval de negros y blancos 2022","datePublished":"2022-01-10T04:31:28+00:00","mainEntityOfPage":{"@id":"https:\/\/pagina10.com\/web\/con-un-concurrido-festival-de-la-trucha-finalizo-el-carnaval-de-negros-y-blancos-2022\/"},"wordCount":290,"commentCount":0,"publisher":{"@id":"https:\/\/pagina10.com\/web\/#organization"},"image":{"@id":"https:\/\/pagina10.com\/web\/con-un-concurrido-festival-de-la-trucha-finalizo-el-carnaval-de-negros-y-blancos-2022\/#primaryimage"},"thumbnailUrl":"https:\/\/pagina10.com\/web\/wp-content\/uploads\/2022\/01\/WhatsApp-Image-2022-01-09-at-9.40.21-PM.jpeg","articleSection":["Ciudad"],"inLanguage":"es","potentialAction":[{"@type":"CommentAction","name":"Comment","target":["https:\/\/pagina10.com\/web\/con-un-concurrido-festival-de-la-trucha-finalizo-el-carnaval-de-negros-y-blancos-2022\/#respond"]}]},{"@type":"WebPage","@id":"https:\/\/pagina10.com\/web\/con-un-concurrido-festival-de-la-trucha-finalizo-el-carnaval-de-negros-y-blancos-2022\/","url":"https:\/\/pagina10.com\/web\/con-un-concurrido-festival-de-la-trucha-finalizo-el-carnaval-de-negros-y-blancos-2022\/","name":"Con un concurrido festival de la trucha finaliz\u00f3 el carnaval de negros y blancos 2022 | P\u00e1gina10","isPartOf":{"@id":"https:\/\/pagina10.com\/web\/#website"},"primaryImageOfPage":{"@id":"https:\/\/pagina10.com\/web\/con-un-concurrido-festival-de-la-trucha-finalizo-el-carnaval-de-negros-y-blancos-2022\/#primaryimage"},"image":{"@id":"https:\/\/pagina10.com\/web\/con-un-concurrido-festival-de-la-trucha-finalizo-el-carnaval-de-negros-y-blancos-2022\/#primaryimage"},"thumbnailUrl":"https:\/\/pagina10.com\/web\/wp-content\/uploads\/2022\/01\/WhatsApp-Image-2022-01-09-at-9.40.21-PM.jpeg","datePublished":"2022-01-10T04:31:28+00:00","breadcrumb":{"@id":"https:\/\/pagina10.com\/web\/con-un-concurrido-festival-de-la-trucha-finalizo-el-carnaval-de-negros-y-blancos-2022\/#breadcrumb"},"inLanguage":"es","potentialAction":[{"@type":"ReadAction","target":["https:\/\/pagina10.com\/web\/con-un-concurrido-festival-de-la-trucha-finalizo-el-carnaval-de-negros-y-blancos-2022\/"]}]},{"@type":"ImageObject","inLanguage":"es","@id":"https:\/\/pagina10.com\/web\/con-un-concurrido-festival-de-la-trucha-finalizo-el-carnaval-de-negros-y-blancos-2022\/#primaryimage","url":"https:\/\/pagina10.com\/web\/wp-content\/uploads\/2022\/01\/WhatsApp-Image-2022-01-09-at-9.40.21-PM.jpeg","contentUrl":"https:\/\/pagina10.com\/web\/wp-content\/uploads\/2022\/01\/WhatsApp-Image-2022-01-09-at-9.40.21-PM.jpeg","width":1024,"height":576},{"@type":"BreadcrumbList","@id":"https:\/\/pagina10.com\/web\/con-un-concurrido-festival-de-la-trucha-finalizo-el-carnaval-de-negros-y-blancos-2022\/#breadcrumb","itemListElement":[{"@type":"ListItem","position":1,"name":"Portada","item":"https:\/\/pagina10.com\/web\/"},{"@type":"ListItem","position":2,"name":"Con un concurrido festival de la trucha finaliz\u00f3 el carnaval de negros y blancos 2022"}]},{"@type":"WebSite","@id":"https:\/\/pagina10.com\/web\/#website","url":"https:\/\/pagina10.com\/web\/","name":"P\u00e1gina10","description":"Peri\u00f3dico Regional","publisher":{"@id":"https:\/\/pagina10.com\/web\/#organization"},"alternateName":"P\u00e1gina10 Peri\u00f3dico Regional","potentialAction":[{"@type":"SearchAction","target":{"@type":"EntryPoint","urlTemplate":"https:\/\/pagina10.com\/web\/?s={search_term_string}"},"query-input":{"@type":"PropertyValueSpecification","valueRequired":true,"valueName":"search_term_string"}}],"inLanguage":"es"},{"@type":"Organization","@id":"https:\/\/pagina10.com\/web\/#organization","name":"P\u00e1gina10","alternateName":"P\u00e1gina10 Peri\u00f3dico Regional","url":"https:\/\/pagina10.com\/web\/","logo":{"@type":"ImageObject","inLanguage":"es","@id":"https:\/\/pagina10.com\/web\/#\/schema\/logo\/image\/","url":"https:\/\/pagina10.com\/web\/wp-content\/uploads\/2024\/01\/40-pagina-10-periodico-regional-pasto.jpg","contentUrl":"https:\/\/pagina10.com\/web\/wp-content\/uploads\/2024\/01\/40-pagina-10-periodico-regional-pasto.jpg","width":1280,"height":720,"caption":"P\u00e1gina10"},"image":{"@id":"https:\/\/pagina10.com\/web\/#\/schema\/logo\/image\/"},"sameAs":["https:\/\/www.facebook.com\/pag10com","https:\/\/x.com\/Pag10com","https:\/\/www.instagram.com\/pagina10col\/","https:\/\/youtube.com\/channel\/pag10","https:\/\/www.tiktok.com\/@p10col"]},{"@type":"Person","@id":"https:\/\/pagina10.com\/web\/#\/schema\/person\/2efc4a090d25b667d3bc796798a3a81b","name":"P\u00e1gina 10","description":"P\u00e1gina 10 es un peri\u00f3dico regional que nace en Colombia, en el departamento de Nari\u00f1o, con un enfoque global, fundamentado en cuatro pilares esenciales: la libertad, el pluralismo, la inclusi\u00f3n y la independencia. P\u00e1gina 10 hace referencia a Nari\u00f1o como el d\u00e9cimo departamento creado en Colombia, despu\u00e9s de un proceso pol\u00edtico liderado por actores y actrices regionales con el fin de obtener la independencia y autonom\u00eda de nuestros territorios. Con la creaci\u00f3n de P\u00e1gina 10 se pretende abrir un escenario para el dialogo, la reflexi\u00f3n y el debate que se extienda a otras geograf\u00edas de Am\u00e9rica Latina y del planeta, en una apuesta por transformar colectivamente los desaf\u00edos de un mundo contempor\u00e1neo, m\u00e1s all\u00e1 de las fronteras impuestas.","url":"https:\/\/pagina10.com\/web\/author\/pdiezadmin\/"}]}},"_links":{"self":[{"href":"https:\/\/pagina10.com\/web\/wp-json\/wp\/v2\/posts\/57689","targetHints":{"allow":["GET"]}}],"collection":[{"href":"https:\/\/pagina10.com\/web\/wp-json\/wp\/v2\/posts"}],"about":[{"href":"https:\/\/pagina10.com\/web\/wp-json\/wp\/v2\/types\/post"}],"author":[{"embeddable":true,"href":"https:\/\/pagina10.com\/web\/wp-json\/wp\/v2\/users\/1"}],"replies":[{"embeddable":true,"href":"https:\/\/pagina10.com\/web\/wp-json\/wp\/v2\/comments?post=57689"}],"version-history":[{"count":1,"href":"https:\/\/pagina10.com\/web\/wp-json\/wp\/v2\/posts\/57689\/revisions"}],"predecessor-version":[{"id":57691,"href":"https:\/\/pagina10.com\/web\/wp-json\/wp\/v2\/posts\/57689\/revisions\/57691"}],"wp:featuredmedia":[{"embeddable":true,"href":"https:\/\/pagina10.com\/web\/wp-json\/wp\/v2\/media\/57690"}],"wp:attachment":[{"href":"https:\/\/pagina10.com\/web\/wp-json\/wp\/v2\/media?parent=57689"}],"wp:term":[{"taxonomy":"category","embeddable":true,"href":"https:\/\/pagina10.com\/web\/wp-json\/wp\/v2\/categories?post=57689"},{"taxonomy":"post_tag","embeddable":true,"href":"https:\/\/pagina10.com\/web\/wp-json\/wp\/v2\/tags?post=57689"}],"curies":[{"name":"wp","href":"https:\/\/api.w.org\/{rel}","templated":true}]}}