{"id":57765,"date":"2022-01-18T00:49:08","date_gmt":"2022-01-18T05:49:08","guid":{"rendered":"https:\/\/pagina10.com\/web\/?p=57765"},"modified":"2022-01-18T00:49:08","modified_gmt":"2022-01-18T05:49:08","slug":"y-los-jovenes-donde-estan","status":"publish","type":"post","link":"https:\/\/pagina10.com\/web\/y-los-jovenes-donde-estan\/","title":{"rendered":"\u00bfY los j\u00f3venes d\u00f3nde est\u00e1n?"},"content":{"rendered":"<p style=\"text-align: justify;\">\n<p style=\"text-align: justify;\">Seg\u00fan el Dane, en Colombia hay 8 millones de j\u00f3venes entre los 18 y 26 a\u00f1os, el 16 por ciento de la poblaci\u00f3n. No obstante, la Registradur\u00eda Nacional estima que en las \u00faltimas elecciones votaron solo 3 millones, lo que denota una gran abstenci\u00f3n de parte de los j\u00f3venes.<\/p>\n<p style=\"text-align: justify;\">\n<p style=\"text-align: justify;\">Las cifras son un indicador del desanimo a participar en pol\u00edtica por que los j\u00f3venes no creen que los pol\u00edticos les solucionen sus necesidades, pero tampoco creen que la elecci\u00f3n sea resultado de un mecanismo democr\u00e1tico. Por otra parte, se debe tener en cuenta que la abstenci\u00f3n en Colombia es bastante alta por la p\u00e9rdida de credibilidad en los pol\u00edticos, lo que quiere decir que no es solo con los j\u00f3venes, es un mal end\u00e9mico.<\/p>\n<p style=\"text-align: justify;\">\n<p style=\"text-align: justify;\">Si bien es cierto que los j\u00f3venes son los llamados a ser los protagonistas de la vida social y pol\u00edtica del pa\u00eds, el grado de indiferencia es preocupante, porque si ellos no deciden por el rumbo que debe tomar la naci\u00f3n, quienes s\u00ed lo hacen, posiblemente, sean presa de las mafias, los corruptos y los pol\u00edticos de oficio. Es por ello que en los \u00faltimos meses se ha hecho un llamado contundente a que los j\u00f3venes inscriban su c\u00e9dula para que puedan votar en las elecciones que se avecinan. No obstante, al parecer, la respuesta no es la mejor.<\/p>\n<p style=\"text-align: justify;\">\n<p style=\"text-align: justify;\">Esta actitud pasiva de los j\u00f3venes, en materia electoral, es muy perjudicial, porque el voto da autoridad para exigir. Si no votan, denota indiferencia de los j\u00f3venes frente a los asuntos del pa\u00eds. Y lo m\u00e1s seguro es que si votan, cambiar\u00edan el rumbo pol\u00edtico y ejercer\u00edan mayor vigilancia a quienes resulten elegidos. Pero no solo eso. La participaci\u00f3n en la vida pol\u00edtica implica que la persona est\u00e1 en condiciones de debatir, m\u00e1s all\u00e1 de lo que opinan algunos medios de comunicaci\u00f3n; la pol\u00edtica tambi\u00e9n es de ideas, de debates, contenidos; no solo es el fanatismo, como si el pol\u00edtico fuera un artista que busca ser ovacionado.<\/p>\n<p style=\"text-align: justify;\">\n<p style=\"text-align: justify;\">Los j\u00f3venes son muy activos en las redes sociales, donde expresan su rebeld\u00eda e inconformidad, pero se quedan ah\u00ed. En Colombia se tienen experiencias, como la de Antanas Mockus, quien, con un discurso en favor de la defensa de la vida y la educaci\u00f3n, y utilizando s\u00edmbolos, logr\u00f3 la simpat\u00eda de miles de j\u00f3venes, pero los resultados en las urnas no lo acompa\u00f1aron.<\/p>\n<p style=\"text-align: justify;\">\n<p style=\"text-align: justify;\">De esta manera, alcanzamos a notar que este sector poblacional es muy activo en espacios no formales como las marchas pac\u00edficas, en las cuales la juventud se expresa con gran vigor. Su rebeld\u00eda es desbordante, por cuanto son los j\u00f3venes de todas las edades, los que se manifiestan a trav\u00e9s de diferentes formas, sea con las expresiones art\u00edsticas o acompa\u00f1ando las marchas, sum\u00e1ndose a la inconformidad social. As\u00ed aconteci\u00f3 con los estallidos sociales de algunas naciones latinoamericanas.<\/p>\n<p style=\"text-align: justify;\">\n<p style=\"text-align: justify;\">Los temas pol\u00edticos no despiertan mucha pasi\u00f3n entre los j\u00f3venes porque los consideran que est\u00e1n relacionados con la corrupci\u00f3n. En cierta manera abordar los temas pol\u00edticos implica apat\u00eda y discusiones pueriles. Pero, sobre todo, la opini\u00f3n en Colombia se forma a partir de los grandes medios de comunicaci\u00f3n que trafican con los contenidos, siendo m\u00e1s que comunicadores, propaladores de la informaci\u00f3n.<\/p>\n<p style=\"text-align: justify;\">\n<p style=\"text-align: justify;\">Pero a los j\u00f3venes se los ve dando pelea en otros escenarios como la defensa de los derechos de las mujeres, protestando contra el racismo, la defensa del medio ambiente, los animales, entre otras de las causas nobles que toda la ciudadan\u00eda conoce.<\/p>\n<p style=\"text-align: justify;\">\n<p style=\"text-align: justify;\">Si bien es cierto, que la protesta social es un derecho constitucional, lo que se puede lograr con las marchas tiene que ratificarse con el compromiso pol\u00edtico. Hay que tener en cuenta que la lucha tambi\u00e9n es pol\u00edtica. El ser humano de cualquier edad asume unos criterios pol\u00edticos; la misma indiferencia es desde ya una postura pol\u00edtica, pero hay unas posturas que dinamizan la pol\u00edtica con la participaci\u00f3n y otras que le ceden el espacio a los corruptos y mafiosos.<\/p>\n<p style=\"text-align: justify;\">\n<p style=\"text-align: justify;\">Los j\u00f3venes son una cantera de oportunidades que tienen pendiente hacer una tarea hist\u00f3rica: cambiar el rumbo del pa\u00eds mediante un pacto social.<\/p>\n<p style=\"text-align: justify;\">\n<p style=\"text-align: justify;\">\n<p style=\"text-align: justify;\">\n<p style=\"text-align: justify;\">\n<p style=\"text-align: justify;\">\n<p style=\"text-align: justify;\">\n<p style=\"text-align: justify;\">\n<p style=\"text-align: justify;\">\n<p style=\"text-align: justify;\">\n","protected":false},"excerpt":{"rendered":"<p>Seg\u00fan el Dane, en Colombia hay 8 millones de j\u00f3venes entre los 18 y 26 a\u00f1os, el 16 por ciento de la poblaci\u00f3n. No obstante, la Registradur\u00eda Nacional estima que en las \u00faltimas elecciones votaron solo 3 millones, lo que denota una gran abstenci\u00f3n de parte de los j\u00f3venes. Las cifras son un indicador del [&hellip;]<\/p>\n","protected":false},"author":65,"featured_media":57766,"comment_status":"open","ping_status":"open","sticky":false,"template":"","format":"standard","meta":{"footnotes":""},"categories":[94],"tags":[],"class_list":["post-57765","post","type-post","status-publish","format-standard","has-post-thumbnail","hentry","category-nacional-global-2"],"yoast_head":"<!-- This site is optimized with the Yoast SEO plugin v27.1.1 - https:\/\/yoast.com\/product\/yoast-seo-wordpress\/ -->\n<title>\u00bfY los j\u00f3venes d\u00f3nde est\u00e1n? | P\u00e1gina10<\/title>\n<meta name=\"robots\" content=\"index, follow, max-snippet:-1, max-image-preview:large, max-video-preview:-1\" \/>\n<link rel=\"canonical\" href=\"https:\/\/pagina10.com\/web\/y-los-jovenes-donde-estan\/\" \/>\n<meta property=\"og:locale\" content=\"es_ES\" \/>\n<meta property=\"og:type\" content=\"article\" \/>\n<meta property=\"og:title\" content=\"\u00bfY los j\u00f3venes d\u00f3nde est\u00e1n? | P\u00e1gina10\" \/>\n<meta property=\"og:description\" content=\"Seg\u00fan el Dane, en Colombia hay 8 millones de j\u00f3venes entre los 18 y 26 a\u00f1os, el 16 por ciento de la poblaci\u00f3n. No obstante, la Registradur\u00eda Nacional estima que en las \u00faltimas elecciones votaron solo 3 millones, lo que denota una gran abstenci\u00f3n de parte de los j\u00f3venes. Las cifras son un indicador del [&hellip;]\" \/>\n<meta property=\"og:url\" content=\"https:\/\/pagina10.com\/web\/y-los-jovenes-donde-estan\/\" \/>\n<meta property=\"og:site_name\" content=\"P\u00e1gina10\" \/>\n<meta property=\"article:publisher\" content=\"https:\/\/www.facebook.com\/pag10com\" \/>\n<meta property=\"article:published_time\" content=\"2022-01-18T05:49:08+00:00\" \/>\n<meta property=\"og:image\" content=\"https:\/\/pagina10.com\/web\/wp-content\/uploads\/2022\/01\/190746245_4125275480873300_7547315847403318818_n.jpg\" \/>\n\t<meta property=\"og:image:width\" content=\"1440\" \/>\n\t<meta property=\"og:image:height\" content=\"960\" \/>\n\t<meta property=\"og:image:type\" content=\"image\/jpeg\" \/>\n<meta name=\"author\" content=\"Anibal Ar\u00e9valo Rosero\" \/>\n<meta name=\"twitter:card\" content=\"summary_large_image\" \/>\n<meta name=\"twitter:creator\" content=\"@Pag10com\" \/>\n<meta name=\"twitter:site\" content=\"@Pag10com\" \/>\n<meta name=\"twitter:label1\" content=\"Escrito por\" \/>\n\t<meta name=\"twitter:data1\" content=\"Anibal Ar\u00e9valo Rosero\" \/>\n\t<meta name=\"twitter:label2\" content=\"Tiempo de lectura\" \/>\n\t<meta name=\"twitter:data2\" content=\"4 minutos\" \/>\n<script type=\"application\/ld+json\" class=\"yoast-schema-graph\">{\"@context\":\"https:\/\/schema.org\",\"@graph\":[{\"@type\":\"Article\",\"@id\":\"https:\/\/pagina10.com\/web\/y-los-jovenes-donde-estan\/#article\",\"isPartOf\":{\"@id\":\"https:\/\/pagina10.com\/web\/y-los-jovenes-donde-estan\/\"},\"author\":{\"name\":\"Anibal Ar\u00e9valo Rosero\",\"@id\":\"https:\/\/pagina10.com\/web\/#\/schema\/person\/9ec3e2b432363a195d2d01bf820c66fe\"},\"headline\":\"\u00bfY los j\u00f3venes d\u00f3nde est\u00e1n?\",\"datePublished\":\"2022-01-18T05:49:08+00:00\",\"mainEntityOfPage\":{\"@id\":\"https:\/\/pagina10.com\/web\/y-los-jovenes-donde-estan\/\"},\"wordCount\":755,\"commentCount\":0,\"publisher\":{\"@id\":\"https:\/\/pagina10.com\/web\/#organization\"},\"image\":{\"@id\":\"https:\/\/pagina10.com\/web\/y-los-jovenes-donde-estan\/#primaryimage\"},\"thumbnailUrl\":\"https:\/\/pagina10.com\/web\/wp-content\/uploads\/2022\/01\/190746245_4125275480873300_7547315847403318818_n.jpg\",\"articleSection\":[\"Nacional\"],\"inLanguage\":\"es\",\"potentialAction\":[{\"@type\":\"CommentAction\",\"name\":\"Comment\",\"target\":[\"https:\/\/pagina10.com\/web\/y-los-jovenes-donde-estan\/#respond\"]}]},{\"@type\":\"WebPage\",\"@id\":\"https:\/\/pagina10.com\/web\/y-los-jovenes-donde-estan\/\",\"url\":\"https:\/\/pagina10.com\/web\/y-los-jovenes-donde-estan\/\",\"name\":\"\u00bfY los j\u00f3venes d\u00f3nde est\u00e1n? | P\u00e1gina10\",\"isPartOf\":{\"@id\":\"https:\/\/pagina10.com\/web\/#website\"},\"primaryImageOfPage\":{\"@id\":\"https:\/\/pagina10.com\/web\/y-los-jovenes-donde-estan\/#primaryimage\"},\"image\":{\"@id\":\"https:\/\/pagina10.com\/web\/y-los-jovenes-donde-estan\/#primaryimage\"},\"thumbnailUrl\":\"https:\/\/pagina10.com\/web\/wp-content\/uploads\/2022\/01\/190746245_4125275480873300_7547315847403318818_n.jpg\",\"datePublished\":\"2022-01-18T05:49:08+00:00\",\"breadcrumb\":{\"@id\":\"https:\/\/pagina10.com\/web\/y-los-jovenes-donde-estan\/#breadcrumb\"},\"inLanguage\":\"es\",\"potentialAction\":[{\"@type\":\"ReadAction\",\"target\":[\"https:\/\/pagina10.com\/web\/y-los-jovenes-donde-estan\/\"]}]},{\"@type\":\"ImageObject\",\"inLanguage\":\"es\",\"@id\":\"https:\/\/pagina10.com\/web\/y-los-jovenes-donde-estan\/#primaryimage\",\"url\":\"https:\/\/pagina10.com\/web\/wp-content\/uploads\/2022\/01\/190746245_4125275480873300_7547315847403318818_n.jpg\",\"contentUrl\":\"https:\/\/pagina10.com\/web\/wp-content\/uploads\/2022\/01\/190746245_4125275480873300_7547315847403318818_n.jpg\",\"width\":1440,\"height\":960},{\"@type\":\"BreadcrumbList\",\"@id\":\"https:\/\/pagina10.com\/web\/y-los-jovenes-donde-estan\/#breadcrumb\",\"itemListElement\":[{\"@type\":\"ListItem\",\"position\":1,\"name\":\"Portada\",\"item\":\"https:\/\/pagina10.com\/web\/\"},{\"@type\":\"ListItem\",\"position\":2,\"name\":\"\u00bfY los j\u00f3venes d\u00f3nde est\u00e1n?\"}]},{\"@type\":\"WebSite\",\"@id\":\"https:\/\/pagina10.com\/web\/#website\",\"url\":\"https:\/\/pagina10.com\/web\/\",\"name\":\"P\u00e1gina10\",\"description\":\"Peri\u00f3dico Regional\",\"publisher\":{\"@id\":\"https:\/\/pagina10.com\/web\/#organization\"},\"alternateName\":\"P\u00e1gina10 Peri\u00f3dico Regional\",\"potentialAction\":[{\"@type\":\"SearchAction\",\"target\":{\"@type\":\"EntryPoint\",\"urlTemplate\":\"https:\/\/pagina10.com\/web\/?s={search_term_string}\"},\"query-input\":{\"@type\":\"PropertyValueSpecification\",\"valueRequired\":true,\"valueName\":\"search_term_string\"}}],\"inLanguage\":\"es\"},{\"@type\":\"Organization\",\"@id\":\"https:\/\/pagina10.com\/web\/#organization\",\"name\":\"P\u00e1gina10\",\"alternateName\":\"P\u00e1gina10 Peri\u00f3dico Regional\",\"url\":\"https:\/\/pagina10.com\/web\/\",\"logo\":{\"@type\":\"ImageObject\",\"inLanguage\":\"es\",\"@id\":\"https:\/\/pagina10.com\/web\/#\/schema\/logo\/image\/\",\"url\":\"https:\/\/pagina10.com\/web\/wp-content\/uploads\/2024\/01\/40-pagina-10-periodico-regional-pasto.jpg\",\"contentUrl\":\"https:\/\/pagina10.com\/web\/wp-content\/uploads\/2024\/01\/40-pagina-10-periodico-regional-pasto.jpg\",\"width\":1280,\"height\":720,\"caption\":\"P\u00e1gina10\"},\"image\":{\"@id\":\"https:\/\/pagina10.com\/web\/#\/schema\/logo\/image\/\"},\"sameAs\":[\"https:\/\/www.facebook.com\/pag10com\",\"https:\/\/x.com\/Pag10com\",\"https:\/\/www.instagram.com\/pagina10col\/\",\"https:\/\/youtube.com\/channel\/pag10\",\"https:\/\/www.tiktok.com\/@p10col\"]},{\"@type\":\"Person\",\"@id\":\"https:\/\/pagina10.com\/web\/#\/schema\/person\/9ec3e2b432363a195d2d01bf820c66fe\",\"name\":\"Anibal Ar\u00e9valo Rosero\",\"description\":\"An\u00edbal Ar\u00e9valo Rosero a trav\u00e9s de su vida ha realizado diversas actividades tendientes a reivindicar al ser humano en su conciencia plena. Durante su vida ha hecho teatro, a escrito poes\u00eda y en sus tiempos de universitario realiz\u00f3 varias publicaciones entre las que se recuerda la revista Quinde. Junto con otros compa\u00f1eros fund\u00f3 el Taller Cultural El Cueche, equipo con el que se hicieron varias publicaciones. De este mismo grupo hay que resaltar que se hizo un trabajo pionero en la difusi\u00f3n de la m\u00fasica andina, latinoamericana y del caribe. Despu\u00e9s de terminar sus estudios de biolog\u00eda en la Universidad de Nari\u00f1o entr\u00f3 a laborar en emisoras de la ciudad de Pasto como en RCN, donde se desempe\u00f1aba como locutor de planta. Dirigi\u00f3 programas en la extinta Ondas del Mayo, en varias oportunidades; tambi\u00e9n en Ecos de Pasto. Fue colaborador de el Noticias RCN y dirigi\u00f3 el programa Simana al D\u00eda, del Sindicato del Magisterio de Nari\u00f1o, en dos \u00e9pocas. En el a\u00f1o de 1992 funda el Comit\u00e9 de Solidaridad con Cuba Jos\u00e9 Mart\u00ed, cuyo objetivo era divulgar la realidad cubana y expresar apoyo moral, pol\u00edtico y material al pa\u00eds caribe\u00f1o. Ante la mala interpretaci\u00f3n que la gente le daba a este tipo de acciones, se decide promover viajes de solidad a Cuba para participar en la Brigada Latinoamericana de Trabajo Voluntario, en el Festival Cuba Vive y, de manera especia,l en el 14 Festival Mundial de la Juventud y los Estudiantes, que se desarroll\u00f3 en la isla en el a\u00f1o de 1997. Con esta experiencia impulsa el turismo al pa\u00eds caribe\u00f1o con el resultado de que miles de personas han participado de las excursiones organizadas por Ar\u00e9valo Rosero. Asimismo ha venido impulsando las Brigadas de Salud en Cuba, tendiente a llevar pacientes de c\u00e1ncer a ese destino con el fin de que reciban atenci\u00f3n m\u00e9dica, teniendo en cuenta que la experiencia cubana en el tema ha sido bastante favorable. Veinte a\u00f1os despu\u00e9s de estas nutritivas experiencias, le permiten impulsar excursiones adem\u00e1s a M\u00e9xico, Machu Picchu, Argentina, Ecuador, Panam\u00e1 y Tierra Santa. En cuanto al desempe\u00f1o period\u00edstico, adem\u00e1s de los medios radiales y de televisi\u00f3n, en los canales de la universidades de Nari\u00f1o y Mariana, se ha desempe\u00f1ado como columnista en Diario del Sur durante 6 a\u00f1os y en algunos medios virtuales. Tambi\u00e9n es colaborador de el Diario del Cauca. Considera que la pr\u00e1ctica de la lectura es beber de la fuente nutricia que permite apropiarse de manera consciente del ejercicio de la democracia; y la posibilidad de escribir y ser le\u00eddo, acceder al poder, por que considera la palabra como el mayor instrumento de acci\u00f3n cuando est\u00e1 bien encamina al leg\u00edtimo servicio social. En la actualidad adem\u00e1s de so\u00f1ar con viajar por el mundo se desempe\u00f1a como docente del departamento de ciencias de Inem Luis Delf\u00edn Insuasty de Pasto. Correo: Esta direcci\u00f3n de correo electr\u00f3nico est\u00e1 protegida contra spambots. Usted necesita tener Javascript activado para poder verla.\\\" target=\\\"_blank\\\" style=\\\"color: #1155cc; text-align: justify; font-family: arial, sans-serif; font-size: 13px; line-height: normal;\\\"&gt;fundacionecosofia@gmail.com\",\"url\":\"https:\/\/pagina10.com\/web\/author\/anibal\/\"}]}<\/script>\n<!-- \/ Yoast SEO plugin. -->","yoast_head_json":{"title":"\u00bfY los j\u00f3venes d\u00f3nde est\u00e1n? | P\u00e1gina10","robots":{"index":"index","follow":"follow","max-snippet":"max-snippet:-1","max-image-preview":"max-image-preview:large","max-video-preview":"max-video-preview:-1"},"canonical":"https:\/\/pagina10.com\/web\/y-los-jovenes-donde-estan\/","og_locale":"es_ES","og_type":"article","og_title":"\u00bfY los j\u00f3venes d\u00f3nde est\u00e1n? | P\u00e1gina10","og_description":"Seg\u00fan el Dane, en Colombia hay 8 millones de j\u00f3venes entre los 18 y 26 a\u00f1os, el 16 por ciento de la poblaci\u00f3n. No obstante, la Registradur\u00eda Nacional estima que en las \u00faltimas elecciones votaron solo 3 millones, lo que denota una gran abstenci\u00f3n de parte de los j\u00f3venes. Las cifras son un indicador del [&hellip;]","og_url":"https:\/\/pagina10.com\/web\/y-los-jovenes-donde-estan\/","og_site_name":"P\u00e1gina10","article_publisher":"https:\/\/www.facebook.com\/pag10com","article_published_time":"2022-01-18T05:49:08+00:00","og_image":[{"width":1440,"height":960,"url":"https:\/\/pagina10.com\/web\/wp-content\/uploads\/2022\/01\/190746245_4125275480873300_7547315847403318818_n.jpg","type":"image\/jpeg"}],"author":"Anibal Ar\u00e9valo Rosero","twitter_card":"summary_large_image","twitter_creator":"@Pag10com","twitter_site":"@Pag10com","twitter_misc":{"Escrito por":"Anibal Ar\u00e9valo Rosero","Tiempo de lectura":"4 minutos"},"schema":{"@context":"https:\/\/schema.org","@graph":[{"@type":"Article","@id":"https:\/\/pagina10.com\/web\/y-los-jovenes-donde-estan\/#article","isPartOf":{"@id":"https:\/\/pagina10.com\/web\/y-los-jovenes-donde-estan\/"},"author":{"name":"Anibal Ar\u00e9valo Rosero","@id":"https:\/\/pagina10.com\/web\/#\/schema\/person\/9ec3e2b432363a195d2d01bf820c66fe"},"headline":"\u00bfY los j\u00f3venes d\u00f3nde est\u00e1n?","datePublished":"2022-01-18T05:49:08+00:00","mainEntityOfPage":{"@id":"https:\/\/pagina10.com\/web\/y-los-jovenes-donde-estan\/"},"wordCount":755,"commentCount":0,"publisher":{"@id":"https:\/\/pagina10.com\/web\/#organization"},"image":{"@id":"https:\/\/pagina10.com\/web\/y-los-jovenes-donde-estan\/#primaryimage"},"thumbnailUrl":"https:\/\/pagina10.com\/web\/wp-content\/uploads\/2022\/01\/190746245_4125275480873300_7547315847403318818_n.jpg","articleSection":["Nacional"],"inLanguage":"es","potentialAction":[{"@type":"CommentAction","name":"Comment","target":["https:\/\/pagina10.com\/web\/y-los-jovenes-donde-estan\/#respond"]}]},{"@type":"WebPage","@id":"https:\/\/pagina10.com\/web\/y-los-jovenes-donde-estan\/","url":"https:\/\/pagina10.com\/web\/y-los-jovenes-donde-estan\/","name":"\u00bfY los j\u00f3venes d\u00f3nde est\u00e1n? | P\u00e1gina10","isPartOf":{"@id":"https:\/\/pagina10.com\/web\/#website"},"primaryImageOfPage":{"@id":"https:\/\/pagina10.com\/web\/y-los-jovenes-donde-estan\/#primaryimage"},"image":{"@id":"https:\/\/pagina10.com\/web\/y-los-jovenes-donde-estan\/#primaryimage"},"thumbnailUrl":"https:\/\/pagina10.com\/web\/wp-content\/uploads\/2022\/01\/190746245_4125275480873300_7547315847403318818_n.jpg","datePublished":"2022-01-18T05:49:08+00:00","breadcrumb":{"@id":"https:\/\/pagina10.com\/web\/y-los-jovenes-donde-estan\/#breadcrumb"},"inLanguage":"es","potentialAction":[{"@type":"ReadAction","target":["https:\/\/pagina10.com\/web\/y-los-jovenes-donde-estan\/"]}]},{"@type":"ImageObject","inLanguage":"es","@id":"https:\/\/pagina10.com\/web\/y-los-jovenes-donde-estan\/#primaryimage","url":"https:\/\/pagina10.com\/web\/wp-content\/uploads\/2022\/01\/190746245_4125275480873300_7547315847403318818_n.jpg","contentUrl":"https:\/\/pagina10.com\/web\/wp-content\/uploads\/2022\/01\/190746245_4125275480873300_7547315847403318818_n.jpg","width":1440,"height":960},{"@type":"BreadcrumbList","@id":"https:\/\/pagina10.com\/web\/y-los-jovenes-donde-estan\/#breadcrumb","itemListElement":[{"@type":"ListItem","position":1,"name":"Portada","item":"https:\/\/pagina10.com\/web\/"},{"@type":"ListItem","position":2,"name":"\u00bfY los j\u00f3venes d\u00f3nde est\u00e1n?"}]},{"@type":"WebSite","@id":"https:\/\/pagina10.com\/web\/#website","url":"https:\/\/pagina10.com\/web\/","name":"P\u00e1gina10","description":"Peri\u00f3dico Regional","publisher":{"@id":"https:\/\/pagina10.com\/web\/#organization"},"alternateName":"P\u00e1gina10 Peri\u00f3dico Regional","potentialAction":[{"@type":"SearchAction","target":{"@type":"EntryPoint","urlTemplate":"https:\/\/pagina10.com\/web\/?s={search_term_string}"},"query-input":{"@type":"PropertyValueSpecification","valueRequired":true,"valueName":"search_term_string"}}],"inLanguage":"es"},{"@type":"Organization","@id":"https:\/\/pagina10.com\/web\/#organization","name":"P\u00e1gina10","alternateName":"P\u00e1gina10 Peri\u00f3dico Regional","url":"https:\/\/pagina10.com\/web\/","logo":{"@type":"ImageObject","inLanguage":"es","@id":"https:\/\/pagina10.com\/web\/#\/schema\/logo\/image\/","url":"https:\/\/pagina10.com\/web\/wp-content\/uploads\/2024\/01\/40-pagina-10-periodico-regional-pasto.jpg","contentUrl":"https:\/\/pagina10.com\/web\/wp-content\/uploads\/2024\/01\/40-pagina-10-periodico-regional-pasto.jpg","width":1280,"height":720,"caption":"P\u00e1gina10"},"image":{"@id":"https:\/\/pagina10.com\/web\/#\/schema\/logo\/image\/"},"sameAs":["https:\/\/www.facebook.com\/pag10com","https:\/\/x.com\/Pag10com","https:\/\/www.instagram.com\/pagina10col\/","https:\/\/youtube.com\/channel\/pag10","https:\/\/www.tiktok.com\/@p10col"]},{"@type":"Person","@id":"https:\/\/pagina10.com\/web\/#\/schema\/person\/9ec3e2b432363a195d2d01bf820c66fe","name":"Anibal Ar\u00e9valo Rosero","description":"An\u00edbal Ar\u00e9valo Rosero a trav\u00e9s de su vida ha realizado diversas actividades tendientes a reivindicar al ser humano en su conciencia plena. Durante su vida ha hecho teatro, a escrito poes\u00eda y en sus tiempos de universitario realiz\u00f3 varias publicaciones entre las que se recuerda la revista Quinde. Junto con otros compa\u00f1eros fund\u00f3 el Taller Cultural El Cueche, equipo con el que se hicieron varias publicaciones. De este mismo grupo hay que resaltar que se hizo un trabajo pionero en la difusi\u00f3n de la m\u00fasica andina, latinoamericana y del caribe. Despu\u00e9s de terminar sus estudios de biolog\u00eda en la Universidad de Nari\u00f1o entr\u00f3 a laborar en emisoras de la ciudad de Pasto como en RCN, donde se desempe\u00f1aba como locutor de planta. Dirigi\u00f3 programas en la extinta Ondas del Mayo, en varias oportunidades; tambi\u00e9n en Ecos de Pasto. Fue colaborador de el Noticias RCN y dirigi\u00f3 el programa Simana al D\u00eda, del Sindicato del Magisterio de Nari\u00f1o, en dos \u00e9pocas. En el a\u00f1o de 1992 funda el Comit\u00e9 de Solidaridad con Cuba Jos\u00e9 Mart\u00ed, cuyo objetivo era divulgar la realidad cubana y expresar apoyo moral, pol\u00edtico y material al pa\u00eds caribe\u00f1o. Ante la mala interpretaci\u00f3n que la gente le daba a este tipo de acciones, se decide promover viajes de solidad a Cuba para participar en la Brigada Latinoamericana de Trabajo Voluntario, en el Festival Cuba Vive y, de manera especia,l en el 14 Festival Mundial de la Juventud y los Estudiantes, que se desarroll\u00f3 en la isla en el a\u00f1o de 1997. Con esta experiencia impulsa el turismo al pa\u00eds caribe\u00f1o con el resultado de que miles de personas han participado de las excursiones organizadas por Ar\u00e9valo Rosero. Asimismo ha venido impulsando las Brigadas de Salud en Cuba, tendiente a llevar pacientes de c\u00e1ncer a ese destino con el fin de que reciban atenci\u00f3n m\u00e9dica, teniendo en cuenta que la experiencia cubana en el tema ha sido bastante favorable. Veinte a\u00f1os despu\u00e9s de estas nutritivas experiencias, le permiten impulsar excursiones adem\u00e1s a M\u00e9xico, Machu Picchu, Argentina, Ecuador, Panam\u00e1 y Tierra Santa. En cuanto al desempe\u00f1o period\u00edstico, adem\u00e1s de los medios radiales y de televisi\u00f3n, en los canales de la universidades de Nari\u00f1o y Mariana, se ha desempe\u00f1ado como columnista en Diario del Sur durante 6 a\u00f1os y en algunos medios virtuales. Tambi\u00e9n es colaborador de el Diario del Cauca. Considera que la pr\u00e1ctica de la lectura es beber de la fuente nutricia que permite apropiarse de manera consciente del ejercicio de la democracia; y la posibilidad de escribir y ser le\u00eddo, acceder al poder, por que considera la palabra como el mayor instrumento de acci\u00f3n cuando est\u00e1 bien encamina al leg\u00edtimo servicio social. En la actualidad adem\u00e1s de so\u00f1ar con viajar por el mundo se desempe\u00f1a como docente del departamento de ciencias de Inem Luis Delf\u00edn Insuasty de Pasto. Correo: Esta direcci\u00f3n de correo electr\u00f3nico est\u00e1 protegida contra spambots. Usted necesita tener Javascript activado para poder verla.\" target=\"_blank\" style=\"color: #1155cc; text-align: justify; font-family: arial, sans-serif; font-size: 13px; line-height: normal;\"&gt;fundacionecosofia@gmail.com","url":"https:\/\/pagina10.com\/web\/author\/anibal\/"}]}},"_links":{"self":[{"href":"https:\/\/pagina10.com\/web\/wp-json\/wp\/v2\/posts\/57765","targetHints":{"allow":["GET"]}}],"collection":[{"href":"https:\/\/pagina10.com\/web\/wp-json\/wp\/v2\/posts"}],"about":[{"href":"https:\/\/pagina10.com\/web\/wp-json\/wp\/v2\/types\/post"}],"author":[{"embeddable":true,"href":"https:\/\/pagina10.com\/web\/wp-json\/wp\/v2\/users\/65"}],"replies":[{"embeddable":true,"href":"https:\/\/pagina10.com\/web\/wp-json\/wp\/v2\/comments?post=57765"}],"version-history":[{"count":1,"href":"https:\/\/pagina10.com\/web\/wp-json\/wp\/v2\/posts\/57765\/revisions"}],"predecessor-version":[{"id":57767,"href":"https:\/\/pagina10.com\/web\/wp-json\/wp\/v2\/posts\/57765\/revisions\/57767"}],"wp:featuredmedia":[{"embeddable":true,"href":"https:\/\/pagina10.com\/web\/wp-json\/wp\/v2\/media\/57766"}],"wp:attachment":[{"href":"https:\/\/pagina10.com\/web\/wp-json\/wp\/v2\/media?parent=57765"}],"wp:term":[{"taxonomy":"category","embeddable":true,"href":"https:\/\/pagina10.com\/web\/wp-json\/wp\/v2\/categories?post=57765"},{"taxonomy":"post_tag","embeddable":true,"href":"https:\/\/pagina10.com\/web\/wp-json\/wp\/v2\/tags?post=57765"}],"curies":[{"name":"wp","href":"https:\/\/api.w.org\/{rel}","templated":true}]}}