{"id":57800,"date":"2022-01-19T23:58:19","date_gmt":"2022-01-20T04:58:19","guid":{"rendered":"https:\/\/pagina10.com\/web\/?p=57800"},"modified":"2022-01-19T23:58:19","modified_gmt":"2022-01-20T04:58:19","slug":"en-narino-la-sustitucion-voluntaria-y-el-apoyo-al-sector-agricola-son-la-alternativa","status":"publish","type":"post","link":"https:\/\/pagina10.com\/web\/en-narino-la-sustitucion-voluntaria-y-el-apoyo-al-sector-agricola-son-la-alternativa\/","title":{"rendered":"En Nari\u00f1o la sustituci\u00f3n voluntaria y el apoyo al sector agr\u00edcola son la alternativa"},"content":{"rendered":"<p style=\"text-align: justify;\">El Gobernador de Nari\u00f1o, Jhon Rojas, manifest\u00f3 ante el pronunciamiento de la Corte Constitucional frente al tema del glifosato que: \u201cNosotros siempre hemos venido insistiendo en la importancia de la sustituci\u00f3n de los cultivos de uso il\u00edcito y hoy queda muy fundamentada nuestra propuesta de reunirnos con las comunidades para avanzar con este tema. Queremos que nuestro departamento de Nari\u00f1o, este libre de cultivos de uso il\u00edcito\u201d.<br \/>\nAs\u00ed mismo, el mandatario departamental indic\u00f3 que no se puede permitir que sigan aumentando los cultivos de uso il\u00edcito, ya que ese ha sido todo el problema que tiene el Departamento en tema de orden p\u00fablico y violencia. \u201cEstamos con toda la disposici\u00f3n de iniciar un proceso de di\u00e1logo con las comunidades y de que se dise\u00f1e una pol\u00edtica para destinar recursos para la sustituci\u00f3n, ya que nuestras comunidades afro, campesinas e ind\u00edgenas est\u00e1n dispuestas a hacer sustituci\u00f3n voluntaria\u201d, agreg\u00f3 el Gobernador.<br \/>\nDesde la Gobernaci\u00f3n de Nari\u00f1o se ha trabajado en proyectos importantes para afrontar este reto de la sustituci\u00f3n, focalizando productos como el caf\u00e9 como una alternativa productiva para las familias campesinas de Nari\u00f1o.<\/p>\n","protected":false},"excerpt":{"rendered":"<p>El Gobernador de Nari\u00f1o, Jhon Rojas, manifest\u00f3 ante el pronunciamiento de la Corte Constitucional frente al tema del glifosato que: \u201cNosotros siempre hemos venido insistiendo en la importancia de la sustituci\u00f3n de los cultivos de uso il\u00edcito y hoy queda muy fundamentada nuestra propuesta de reunirnos con las comunidades para avanzar con este tema. Queremos [&hellip;]<\/p>\n","protected":false},"author":1,"featured_media":13161,"comment_status":"open","ping_status":"open","sticky":false,"template":"","format":"standard","meta":{"footnotes":""},"categories":[84],"tags":[],"class_list":["post-57800","post","type-post","status-publish","format-standard","has-post-thumbnail","hentry","category-global-2"],"yoast_head":"<!-- This site is optimized with the Yoast SEO plugin v27.1.1 - https:\/\/yoast.com\/product\/yoast-seo-wordpress\/ -->\n<title>En Nari\u00f1o la sustituci\u00f3n voluntaria y el apoyo al sector agr\u00edcola son la alternativa | P\u00e1gina10<\/title>\n<meta name=\"robots\" content=\"index, follow, max-snippet:-1, max-image-preview:large, max-video-preview:-1\" \/>\n<link rel=\"canonical\" href=\"https:\/\/pagina10.com\/web\/en-narino-la-sustitucion-voluntaria-y-el-apoyo-al-sector-agricola-son-la-alternativa\/\" \/>\n<meta property=\"og:locale\" content=\"es_ES\" \/>\n<meta property=\"og:type\" content=\"article\" \/>\n<meta property=\"og:title\" content=\"En Nari\u00f1o la sustituci\u00f3n voluntaria y el apoyo al sector agr\u00edcola son la alternativa | P\u00e1gina10\" \/>\n<meta property=\"og:description\" content=\"El Gobernador de Nari\u00f1o, Jhon Rojas, manifest\u00f3 ante el pronunciamiento de la Corte Constitucional frente al tema del glifosato que: \u201cNosotros siempre hemos venido insistiendo en la importancia de la sustituci\u00f3n de los cultivos de uso il\u00edcito y hoy queda muy fundamentada nuestra propuesta de reunirnos con las comunidades para avanzar con este tema. Queremos [&hellip;]\" \/>\n<meta property=\"og:url\" content=\"https:\/\/pagina10.com\/web\/en-narino-la-sustitucion-voluntaria-y-el-apoyo-al-sector-agricola-son-la-alternativa\/\" \/>\n<meta property=\"og:site_name\" content=\"P\u00e1gina10\" \/>\n<meta property=\"article:publisher\" content=\"https:\/\/www.facebook.com\/pag10com\" \/>\n<meta property=\"article:published_time\" content=\"2022-01-20T04:58:19+00:00\" \/>\n<meta property=\"og:image\" content=\"https:\/\/pagina10.com\/web\/wp-content\/uploads\/2014\/11\/420f838f8365cbb59ca771f653fbf616.jpg\" \/>\n\t<meta property=\"og:image:width\" content=\"475\" \/>\n\t<meta property=\"og:image:height\" content=\"263\" \/>\n\t<meta property=\"og:image:type\" content=\"image\/jpeg\" \/>\n<meta name=\"author\" content=\"P\u00e1gina 10\" \/>\n<meta name=\"twitter:card\" content=\"summary_large_image\" \/>\n<meta name=\"twitter:creator\" content=\"@Pag10com\" \/>\n<meta name=\"twitter:site\" content=\"@Pag10com\" \/>\n<meta name=\"twitter:label1\" content=\"Escrito por\" \/>\n\t<meta name=\"twitter:data1\" content=\"P\u00e1gina 10\" \/>\n\t<meta name=\"twitter:label2\" content=\"Tiempo de lectura\" \/>\n\t<meta name=\"twitter:data2\" content=\"1 minuto\" \/>\n<script type=\"application\/ld+json\" class=\"yoast-schema-graph\">{\"@context\":\"https:\/\/schema.org\",\"@graph\":[{\"@type\":\"Article\",\"@id\":\"https:\/\/pagina10.com\/web\/en-narino-la-sustitucion-voluntaria-y-el-apoyo-al-sector-agricola-son-la-alternativa\/#article\",\"isPartOf\":{\"@id\":\"https:\/\/pagina10.com\/web\/en-narino-la-sustitucion-voluntaria-y-el-apoyo-al-sector-agricola-son-la-alternativa\/\"},\"author\":{\"name\":\"P\u00e1gina 10\",\"@id\":\"https:\/\/pagina10.com\/web\/#\/schema\/person\/2efc4a090d25b667d3bc796798a3a81b\"},\"headline\":\"En Nari\u00f1o la sustituci\u00f3n voluntaria y el apoyo al sector agr\u00edcola son la alternativa\",\"datePublished\":\"2022-01-20T04:58:19+00:00\",\"mainEntityOfPage\":{\"@id\":\"https:\/\/pagina10.com\/web\/en-narino-la-sustitucion-voluntaria-y-el-apoyo-al-sector-agricola-son-la-alternativa\/\"},\"wordCount\":218,\"commentCount\":0,\"publisher\":{\"@id\":\"https:\/\/pagina10.com\/web\/#organization\"},\"image\":{\"@id\":\"https:\/\/pagina10.com\/web\/en-narino-la-sustitucion-voluntaria-y-el-apoyo-al-sector-agricola-son-la-alternativa\/#primaryimage\"},\"thumbnailUrl\":\"https:\/\/pagina10.com\/web\/wp-content\/uploads\/2014\/11\/420f838f8365cbb59ca771f653fbf616.jpg\",\"articleSection\":[\"Global\"],\"inLanguage\":\"es\",\"potentialAction\":[{\"@type\":\"CommentAction\",\"name\":\"Comment\",\"target\":[\"https:\/\/pagina10.com\/web\/en-narino-la-sustitucion-voluntaria-y-el-apoyo-al-sector-agricola-son-la-alternativa\/#respond\"]}]},{\"@type\":\"WebPage\",\"@id\":\"https:\/\/pagina10.com\/web\/en-narino-la-sustitucion-voluntaria-y-el-apoyo-al-sector-agricola-son-la-alternativa\/\",\"url\":\"https:\/\/pagina10.com\/web\/en-narino-la-sustitucion-voluntaria-y-el-apoyo-al-sector-agricola-son-la-alternativa\/\",\"name\":\"En Nari\u00f1o la sustituci\u00f3n voluntaria y el apoyo al sector agr\u00edcola son la alternativa | P\u00e1gina10\",\"isPartOf\":{\"@id\":\"https:\/\/pagina10.com\/web\/#website\"},\"primaryImageOfPage\":{\"@id\":\"https:\/\/pagina10.com\/web\/en-narino-la-sustitucion-voluntaria-y-el-apoyo-al-sector-agricola-son-la-alternativa\/#primaryimage\"},\"image\":{\"@id\":\"https:\/\/pagina10.com\/web\/en-narino-la-sustitucion-voluntaria-y-el-apoyo-al-sector-agricola-son-la-alternativa\/#primaryimage\"},\"thumbnailUrl\":\"https:\/\/pagina10.com\/web\/wp-content\/uploads\/2014\/11\/420f838f8365cbb59ca771f653fbf616.jpg\",\"datePublished\":\"2022-01-20T04:58:19+00:00\",\"breadcrumb\":{\"@id\":\"https:\/\/pagina10.com\/web\/en-narino-la-sustitucion-voluntaria-y-el-apoyo-al-sector-agricola-son-la-alternativa\/#breadcrumb\"},\"inLanguage\":\"es\",\"potentialAction\":[{\"@type\":\"ReadAction\",\"target\":[\"https:\/\/pagina10.com\/web\/en-narino-la-sustitucion-voluntaria-y-el-apoyo-al-sector-agricola-son-la-alternativa\/\"]}]},{\"@type\":\"ImageObject\",\"inLanguage\":\"es\",\"@id\":\"https:\/\/pagina10.com\/web\/en-narino-la-sustitucion-voluntaria-y-el-apoyo-al-sector-agricola-son-la-alternativa\/#primaryimage\",\"url\":\"https:\/\/pagina10.com\/web\/wp-content\/uploads\/2014\/11\/420f838f8365cbb59ca771f653fbf616.jpg\",\"contentUrl\":\"https:\/\/pagina10.com\/web\/wp-content\/uploads\/2014\/11\/420f838f8365cbb59ca771f653fbf616.jpg\",\"width\":475,\"height\":263,\"caption\":\"Los campesinos del Bajo Putumayo siguen pronunciu00e1ndose por los efectos de las fumigaciones indiscriminadas.\"},{\"@type\":\"BreadcrumbList\",\"@id\":\"https:\/\/pagina10.com\/web\/en-narino-la-sustitucion-voluntaria-y-el-apoyo-al-sector-agricola-son-la-alternativa\/#breadcrumb\",\"itemListElement\":[{\"@type\":\"ListItem\",\"position\":1,\"name\":\"Portada\",\"item\":\"https:\/\/pagina10.com\/web\/\"},{\"@type\":\"ListItem\",\"position\":2,\"name\":\"En Nari\u00f1o la sustituci\u00f3n voluntaria y el apoyo al sector agr\u00edcola son la alternativa\"}]},{\"@type\":\"WebSite\",\"@id\":\"https:\/\/pagina10.com\/web\/#website\",\"url\":\"https:\/\/pagina10.com\/web\/\",\"name\":\"P\u00e1gina10\",\"description\":\"Peri\u00f3dico Regional\",\"publisher\":{\"@id\":\"https:\/\/pagina10.com\/web\/#organization\"},\"alternateName\":\"P\u00e1gina10 Peri\u00f3dico Regional\",\"potentialAction\":[{\"@type\":\"SearchAction\",\"target\":{\"@type\":\"EntryPoint\",\"urlTemplate\":\"https:\/\/pagina10.com\/web\/?s={search_term_string}\"},\"query-input\":{\"@type\":\"PropertyValueSpecification\",\"valueRequired\":true,\"valueName\":\"search_term_string\"}}],\"inLanguage\":\"es\"},{\"@type\":\"Organization\",\"@id\":\"https:\/\/pagina10.com\/web\/#organization\",\"name\":\"P\u00e1gina10\",\"alternateName\":\"P\u00e1gina10 Peri\u00f3dico Regional\",\"url\":\"https:\/\/pagina10.com\/web\/\",\"logo\":{\"@type\":\"ImageObject\",\"inLanguage\":\"es\",\"@id\":\"https:\/\/pagina10.com\/web\/#\/schema\/logo\/image\/\",\"url\":\"https:\/\/pagina10.com\/web\/wp-content\/uploads\/2024\/01\/40-pagina-10-periodico-regional-pasto.jpg\",\"contentUrl\":\"https:\/\/pagina10.com\/web\/wp-content\/uploads\/2024\/01\/40-pagina-10-periodico-regional-pasto.jpg\",\"width\":1280,\"height\":720,\"caption\":\"P\u00e1gina10\"},\"image\":{\"@id\":\"https:\/\/pagina10.com\/web\/#\/schema\/logo\/image\/\"},\"sameAs\":[\"https:\/\/www.facebook.com\/pag10com\",\"https:\/\/x.com\/Pag10com\",\"https:\/\/www.instagram.com\/pagina10col\/\",\"https:\/\/youtube.com\/channel\/pag10\",\"https:\/\/www.tiktok.com\/@p10col\"]},{\"@type\":\"Person\",\"@id\":\"https:\/\/pagina10.com\/web\/#\/schema\/person\/2efc4a090d25b667d3bc796798a3a81b\",\"name\":\"P\u00e1gina 10\",\"description\":\"P\u00e1gina 10 es un peri\u00f3dico regional que nace en Colombia, en el departamento de Nari\u00f1o, con un enfoque global, fundamentado en cuatro pilares esenciales: la libertad, el pluralismo, la inclusi\u00f3n y la independencia. P\u00e1gina 10 hace referencia a Nari\u00f1o como el d\u00e9cimo departamento creado en Colombia, despu\u00e9s de un proceso pol\u00edtico liderado por actores y actrices regionales con el fin de obtener la independencia y autonom\u00eda de nuestros territorios. Con la creaci\u00f3n de P\u00e1gina 10 se pretende abrir un escenario para el dialogo, la reflexi\u00f3n y el debate que se extienda a otras geograf\u00edas de Am\u00e9rica Latina y del planeta, en una apuesta por transformar colectivamente los desaf\u00edos de un mundo contempor\u00e1neo, m\u00e1s all\u00e1 de las fronteras impuestas.\",\"url\":\"https:\/\/pagina10.com\/web\/author\/pdiezadmin\/\"}]}<\/script>\n<!-- \/ Yoast SEO plugin. -->","yoast_head_json":{"title":"En Nari\u00f1o la sustituci\u00f3n voluntaria y el apoyo al sector agr\u00edcola son la alternativa | P\u00e1gina10","robots":{"index":"index","follow":"follow","max-snippet":"max-snippet:-1","max-image-preview":"max-image-preview:large","max-video-preview":"max-video-preview:-1"},"canonical":"https:\/\/pagina10.com\/web\/en-narino-la-sustitucion-voluntaria-y-el-apoyo-al-sector-agricola-son-la-alternativa\/","og_locale":"es_ES","og_type":"article","og_title":"En Nari\u00f1o la sustituci\u00f3n voluntaria y el apoyo al sector agr\u00edcola son la alternativa | P\u00e1gina10","og_description":"El Gobernador de Nari\u00f1o, Jhon Rojas, manifest\u00f3 ante el pronunciamiento de la Corte Constitucional frente al tema del glifosato que: \u201cNosotros siempre hemos venido insistiendo en la importancia de la sustituci\u00f3n de los cultivos de uso il\u00edcito y hoy queda muy fundamentada nuestra propuesta de reunirnos con las comunidades para avanzar con este tema. Queremos [&hellip;]","og_url":"https:\/\/pagina10.com\/web\/en-narino-la-sustitucion-voluntaria-y-el-apoyo-al-sector-agricola-son-la-alternativa\/","og_site_name":"P\u00e1gina10","article_publisher":"https:\/\/www.facebook.com\/pag10com","article_published_time":"2022-01-20T04:58:19+00:00","og_image":[{"width":475,"height":263,"url":"https:\/\/pagina10.com\/web\/wp-content\/uploads\/2014\/11\/420f838f8365cbb59ca771f653fbf616.jpg","type":"image\/jpeg"}],"author":"P\u00e1gina 10","twitter_card":"summary_large_image","twitter_creator":"@Pag10com","twitter_site":"@Pag10com","twitter_misc":{"Escrito por":"P\u00e1gina 10","Tiempo de lectura":"1 minuto"},"schema":{"@context":"https:\/\/schema.org","@graph":[{"@type":"Article","@id":"https:\/\/pagina10.com\/web\/en-narino-la-sustitucion-voluntaria-y-el-apoyo-al-sector-agricola-son-la-alternativa\/#article","isPartOf":{"@id":"https:\/\/pagina10.com\/web\/en-narino-la-sustitucion-voluntaria-y-el-apoyo-al-sector-agricola-son-la-alternativa\/"},"author":{"name":"P\u00e1gina 10","@id":"https:\/\/pagina10.com\/web\/#\/schema\/person\/2efc4a090d25b667d3bc796798a3a81b"},"headline":"En Nari\u00f1o la sustituci\u00f3n voluntaria y el apoyo al sector agr\u00edcola son la alternativa","datePublished":"2022-01-20T04:58:19+00:00","mainEntityOfPage":{"@id":"https:\/\/pagina10.com\/web\/en-narino-la-sustitucion-voluntaria-y-el-apoyo-al-sector-agricola-son-la-alternativa\/"},"wordCount":218,"commentCount":0,"publisher":{"@id":"https:\/\/pagina10.com\/web\/#organization"},"image":{"@id":"https:\/\/pagina10.com\/web\/en-narino-la-sustitucion-voluntaria-y-el-apoyo-al-sector-agricola-son-la-alternativa\/#primaryimage"},"thumbnailUrl":"https:\/\/pagina10.com\/web\/wp-content\/uploads\/2014\/11\/420f838f8365cbb59ca771f653fbf616.jpg","articleSection":["Global"],"inLanguage":"es","potentialAction":[{"@type":"CommentAction","name":"Comment","target":["https:\/\/pagina10.com\/web\/en-narino-la-sustitucion-voluntaria-y-el-apoyo-al-sector-agricola-son-la-alternativa\/#respond"]}]},{"@type":"WebPage","@id":"https:\/\/pagina10.com\/web\/en-narino-la-sustitucion-voluntaria-y-el-apoyo-al-sector-agricola-son-la-alternativa\/","url":"https:\/\/pagina10.com\/web\/en-narino-la-sustitucion-voluntaria-y-el-apoyo-al-sector-agricola-son-la-alternativa\/","name":"En Nari\u00f1o la sustituci\u00f3n voluntaria y el apoyo al sector agr\u00edcola son la alternativa | P\u00e1gina10","isPartOf":{"@id":"https:\/\/pagina10.com\/web\/#website"},"primaryImageOfPage":{"@id":"https:\/\/pagina10.com\/web\/en-narino-la-sustitucion-voluntaria-y-el-apoyo-al-sector-agricola-son-la-alternativa\/#primaryimage"},"image":{"@id":"https:\/\/pagina10.com\/web\/en-narino-la-sustitucion-voluntaria-y-el-apoyo-al-sector-agricola-son-la-alternativa\/#primaryimage"},"thumbnailUrl":"https:\/\/pagina10.com\/web\/wp-content\/uploads\/2014\/11\/420f838f8365cbb59ca771f653fbf616.jpg","datePublished":"2022-01-20T04:58:19+00:00","breadcrumb":{"@id":"https:\/\/pagina10.com\/web\/en-narino-la-sustitucion-voluntaria-y-el-apoyo-al-sector-agricola-son-la-alternativa\/#breadcrumb"},"inLanguage":"es","potentialAction":[{"@type":"ReadAction","target":["https:\/\/pagina10.com\/web\/en-narino-la-sustitucion-voluntaria-y-el-apoyo-al-sector-agricola-son-la-alternativa\/"]}]},{"@type":"ImageObject","inLanguage":"es","@id":"https:\/\/pagina10.com\/web\/en-narino-la-sustitucion-voluntaria-y-el-apoyo-al-sector-agricola-son-la-alternativa\/#primaryimage","url":"https:\/\/pagina10.com\/web\/wp-content\/uploads\/2014\/11\/420f838f8365cbb59ca771f653fbf616.jpg","contentUrl":"https:\/\/pagina10.com\/web\/wp-content\/uploads\/2014\/11\/420f838f8365cbb59ca771f653fbf616.jpg","width":475,"height":263,"caption":"Los campesinos del Bajo Putumayo siguen pronunciu00e1ndose por los efectos de las fumigaciones indiscriminadas."},{"@type":"BreadcrumbList","@id":"https:\/\/pagina10.com\/web\/en-narino-la-sustitucion-voluntaria-y-el-apoyo-al-sector-agricola-son-la-alternativa\/#breadcrumb","itemListElement":[{"@type":"ListItem","position":1,"name":"Portada","item":"https:\/\/pagina10.com\/web\/"},{"@type":"ListItem","position":2,"name":"En Nari\u00f1o la sustituci\u00f3n voluntaria y el apoyo al sector agr\u00edcola son la alternativa"}]},{"@type":"WebSite","@id":"https:\/\/pagina10.com\/web\/#website","url":"https:\/\/pagina10.com\/web\/","name":"P\u00e1gina10","description":"Peri\u00f3dico Regional","publisher":{"@id":"https:\/\/pagina10.com\/web\/#organization"},"alternateName":"P\u00e1gina10 Peri\u00f3dico Regional","potentialAction":[{"@type":"SearchAction","target":{"@type":"EntryPoint","urlTemplate":"https:\/\/pagina10.com\/web\/?s={search_term_string}"},"query-input":{"@type":"PropertyValueSpecification","valueRequired":true,"valueName":"search_term_string"}}],"inLanguage":"es"},{"@type":"Organization","@id":"https:\/\/pagina10.com\/web\/#organization","name":"P\u00e1gina10","alternateName":"P\u00e1gina10 Peri\u00f3dico Regional","url":"https:\/\/pagina10.com\/web\/","logo":{"@type":"ImageObject","inLanguage":"es","@id":"https:\/\/pagina10.com\/web\/#\/schema\/logo\/image\/","url":"https:\/\/pagina10.com\/web\/wp-content\/uploads\/2024\/01\/40-pagina-10-periodico-regional-pasto.jpg","contentUrl":"https:\/\/pagina10.com\/web\/wp-content\/uploads\/2024\/01\/40-pagina-10-periodico-regional-pasto.jpg","width":1280,"height":720,"caption":"P\u00e1gina10"},"image":{"@id":"https:\/\/pagina10.com\/web\/#\/schema\/logo\/image\/"},"sameAs":["https:\/\/www.facebook.com\/pag10com","https:\/\/x.com\/Pag10com","https:\/\/www.instagram.com\/pagina10col\/","https:\/\/youtube.com\/channel\/pag10","https:\/\/www.tiktok.com\/@p10col"]},{"@type":"Person","@id":"https:\/\/pagina10.com\/web\/#\/schema\/person\/2efc4a090d25b667d3bc796798a3a81b","name":"P\u00e1gina 10","description":"P\u00e1gina 10 es un peri\u00f3dico regional que nace en Colombia, en el departamento de Nari\u00f1o, con un enfoque global, fundamentado en cuatro pilares esenciales: la libertad, el pluralismo, la inclusi\u00f3n y la independencia. P\u00e1gina 10 hace referencia a Nari\u00f1o como el d\u00e9cimo departamento creado en Colombia, despu\u00e9s de un proceso pol\u00edtico liderado por actores y actrices regionales con el fin de obtener la independencia y autonom\u00eda de nuestros territorios. Con la creaci\u00f3n de P\u00e1gina 10 se pretende abrir un escenario para el dialogo, la reflexi\u00f3n y el debate que se extienda a otras geograf\u00edas de Am\u00e9rica Latina y del planeta, en una apuesta por transformar colectivamente los desaf\u00edos de un mundo contempor\u00e1neo, m\u00e1s all\u00e1 de las fronteras impuestas.","url":"https:\/\/pagina10.com\/web\/author\/pdiezadmin\/"}]}},"_links":{"self":[{"href":"https:\/\/pagina10.com\/web\/wp-json\/wp\/v2\/posts\/57800","targetHints":{"allow":["GET"]}}],"collection":[{"href":"https:\/\/pagina10.com\/web\/wp-json\/wp\/v2\/posts"}],"about":[{"href":"https:\/\/pagina10.com\/web\/wp-json\/wp\/v2\/types\/post"}],"author":[{"embeddable":true,"href":"https:\/\/pagina10.com\/web\/wp-json\/wp\/v2\/users\/1"}],"replies":[{"embeddable":true,"href":"https:\/\/pagina10.com\/web\/wp-json\/wp\/v2\/comments?post=57800"}],"version-history":[{"count":1,"href":"https:\/\/pagina10.com\/web\/wp-json\/wp\/v2\/posts\/57800\/revisions"}],"predecessor-version":[{"id":57801,"href":"https:\/\/pagina10.com\/web\/wp-json\/wp\/v2\/posts\/57800\/revisions\/57801"}],"wp:featuredmedia":[{"embeddable":true,"href":"https:\/\/pagina10.com\/web\/wp-json\/wp\/v2\/media\/13161"}],"wp:attachment":[{"href":"https:\/\/pagina10.com\/web\/wp-json\/wp\/v2\/media?parent=57800"}],"wp:term":[{"taxonomy":"category","embeddable":true,"href":"https:\/\/pagina10.com\/web\/wp-json\/wp\/v2\/categories?post=57800"},{"taxonomy":"post_tag","embeddable":true,"href":"https:\/\/pagina10.com\/web\/wp-json\/wp\/v2\/tags?post=57800"}],"curies":[{"name":"wp","href":"https:\/\/api.w.org\/{rel}","templated":true}]}}