{"id":57810,"date":"2022-01-20T18:48:25","date_gmt":"2022-01-20T23:48:25","guid":{"rendered":"https:\/\/pagina10.com\/web\/?p=57810"},"modified":"2022-01-20T18:48:25","modified_gmt":"2022-01-20T23:48:25","slug":"resuelva-las-dudas-sobre-la-creacion-de-emgeti","status":"publish","type":"post","link":"https:\/\/pagina10.com\/web\/resuelva-las-dudas-sobre-la-creacion-de-emgeti\/","title":{"rendered":"Resuelva las dudas sobre la creaci\u00f3n de EMGETI."},"content":{"rendered":"<div>\n<div dir=\"auto\" style=\"text-align: justify;\">En d\u00edas pasados se difundi\u00f3 un comunicado que pretende desinformar a la comunidad sobre la creaci\u00f3n de la empresa municipal de gesti\u00f3n territorial integral EMGETI y utilizar dicho tema con fines netamente electorales.<br \/>\nA continuaci\u00f3n, SE RESPONDEN PREGUNTAS FRECUENTES, que permiten dar a conocer el OBJETIVO PRINCIPAL DE LA CREACI\u00d3N DE LA EMPRESA y los BENEFICIOS que ella traer\u00e1 para todo el pueblo pastuso.<\/p>\n<p>\u00a1APOYA ESTA INICIATIVA !<\/p>\n<p>AL FINAL DEL TEXTO EXPLICATIVO, USTED DILIGENCIAR\u00c1 CUATRO (4) RESPUESTAS PERSONALES.<\/p>\n<p>\u00bfQUE SE EST\u00c1 APROBANDO EN EL CONCEJO MUNICIPAL?<br \/>\nSe est\u00e1 aprobando otorgarle competencias a la administraci\u00f3n municipal de crear una EMPRESA DE GESTI\u00d3N TERRITORIAL.<\/p>\n<p>\u00bfCU\u00c1L SER\u00c1 EL OBJETO DE LA EMPRESA?<br \/>\nPromover, gestionar, liderar y\/o ejecutar proyectos integrales referidos al desarrollo territorial municipal, mediante acciones de planificaci\u00f3n, contrataci\u00f3n y ejecuci\u00f3n de proyectos de desarrollo, renovaci\u00f3n, y gesti\u00f3n de suelo para la dotaci\u00f3n e infraestructura para servicios p\u00fablicos y saneamiento b\u00e1sico, y gesti\u00f3n del patrimonio cultural, y de proyectos urban\u00edsticos e inmobiliarios, de manera arm\u00f3nica y sostenible.<\/p>\n<p>\u00bfPORQUE ES IMPORTANTE CREAR ESTA EMPRESA?<br \/>\nEl municipio a trav\u00e9s del tiempo ha planteado proyectos estrat\u00e9gicos para el desarrollo territorial, pero lastimosamente no los ha materializado en el territorio por varios factores, como la falta de continuidad por los cambios de administraci\u00f3n; por los cambios en las prioridades de ejecuci\u00f3n de proyectos; por la ausencia de instrumentos de gesti\u00f3n del ordenamiento territorial; por la insuficiencia de recursos en el desarrollo de iniciativas que requieren la concurrencia de diferentes actores tanto del orden nacional y local.<br \/>\nLa normatividad nacional desde 1998 le da la posibilidad a los municipios de constituir entes gestores que permitan la ejecuci\u00f3n de proyectos estrat\u00e9gicos que garanticen la consolidaci\u00f3n del modelo de ordenamiento territorial.<\/p>\n<p>\u00bfNATURALEZA DE LA FUTURA EMPRESA Y PARTICIPACI\u00d3N P\u00daBLICA EN LA COMPOSICI\u00d3N ACCIONARIA DE LA EMPRESA?<br \/>\nEs una Sociedad de Econom\u00eda Mixta, donde el 99.7 % es de capital p\u00fablico.<\/p>\n<p>\u00bfSOCIOS DE EMGETI Y PARTICIPACI\u00d3N ACCIONARIA?<br \/>\nLa Alcald\u00eda Municipal de Pasto con el 90% de las acciones, y EMPOPASTO S.A ESP con el 10% de las acciones. Es importante destacar que el capital p\u00fablico de EMPOPASTO S.A ESP es del 99.7%, donde el 99.4% pertenece al municipio de Pasto. Por lo anterior se concluye que se est\u00e1 creando una empresa 99% p\u00fablica de propiedad del municipio.<\/p>\n<p>\u00bfQU\u00c9 BENEFICIOS TIENE EL MUNICIPIO DE PASTO AL ASOCIARSE CON EMPOPASTO S.A ESP?<br \/>\nEl elemento estructurante en el ordenamiento del territorio es el AGUA, de ah\u00ed que el socio natural de la empresa debe ser el encargado de la prestaci\u00f3n del servicio de acueducto y alcantarillado. Eso permitir\u00e1 que los proyectos estrat\u00e9gicos sean sostenibles y eficaces en el territorio.<\/p>\n<p>\u00bfPORQUE ES UNA SOCIEDAD DE ECONOM\u00cdA DE MIXTA?<br \/>\nPorque el socio de la empresa es EMPOPASTO S.A ESP, quien es una sociedad de econom\u00eda mixta lo cual condiciona la naturaleza de la futura empresa.<\/p>\n<p>\u00bfPOR SER UNA SOCIEDAD DE ECONOM\u00cdA MIXTA, NO TENDR\u00c1 NING\u00daN CONTROL?<br \/>\nNO, por el contrario, como lo establece la ley 489 de 1998, las Sociedades de Econom\u00eda Mixta que en su composici\u00f3n accionaria iguala o supera el 90% de capital p\u00fablico, se deber\u00e1 regir disciplinaria y fiscalmente como una Empresa Industrial y Comercial del Estado las cuales son empresas netamente p\u00fablicas. Adicionalmente al ser una empresa descentralizada tiene control pol\u00edtico. De igual forma las empresas de econom\u00eda mixta de acuerdo a lo establecido en la normatividad nacional en el desarrollo de sus actividades deber\u00e1n dar cumplimiento a principios de gobierno corporativo como lo son transparencia e integridad.<\/p>\n<p>EMPOPASTO S.A ESP tiene los recursos para ser parte de EMGETI?<br \/>\nS\u00cd, porque la estructuraci\u00f3n de EMGETI se plante\u00f3 para que EMPOPASTO S.A ESP pueda realizar los aportes de manera gradual y los montos establecidos est\u00e1n dentro de la capacidad financiera de la empresa. El aporte total a la sociedad ser\u00e1 de 1350 millones de pesos, los cuales se diferir\u00e1n en los primeros 4 a\u00f1os, donde el aporte del primer a\u00f1o asciende a los 250 millones de pesos.<\/p>\n<p>La participaci\u00f3n de EMPOPASTO S.A ESP en EMGETI pone en riesgo la operaci\u00f3n de la prestaci\u00f3n del servicio p\u00fablico?<br \/>\nNO, porque los recursos aportados no pueden provenir de recursos de tarifa como lo establece la ley 142 del 94 y los diferentes pronunciamientos de la Superintendencia de Servicios P\u00fablicos. Los recursos que llegaran a EMGETI provienen de actividades conexas que presta EMPOPASTO S.A ESP.<\/p>\n<p>EMGETI LE VA A GENERAR MAYORES COSTOS A LA ADMINISTRACI\u00d3N MUNICIPAL?<br \/>\nNO, por el contrario, le disminuir\u00e1 costos. La Empresa Municipal de Gesti\u00f3n Territorial integral de Pasto tiene como objetivo Gestionar el suelo p\u00fablico y privado y apoyar a las entidades p\u00fablicas y privadas a desarrollar proyectos estrat\u00e9gicos a nivel territorial, a trav\u00e9s de los instrumentos que establece la ley 388 del 1997 para tal fin.<\/p>\n<p>EMGETI va a crear 58 nuevos cargos que le generar\u00e1 una gran carga administrativa al municipio y a EMPOPASTO S.A ESP?<br \/>\nNO, La estructura administrativa ser\u00e1 muy austera con el fin de lograr la sostenibilidad de la empresa durante los primeros 5 a\u00f1os, la cual se compone SOLO DE 3 FUNCIONARIOS BASE. El modelo planteado es que la empresa Se expandir\u00e1 o se contraer\u00e1 de acuerdo a la necesidad. Si la empresa es exitosa tendr\u00e1 que expandirse, ya que ha gestionado proyectos que le garanticen su auto sostenibilidad sin aumentar las obligaciones del municipio y de EMPOPASTO S.A ESP como socios de la empresa, en el entendido que los costos estar\u00e1n a cargo de los mismos proyectos.<\/p>\n<p>\u00bfEXISTEN EMPRESAS CON OBJETOS SIMILARES EN OTROS MUNICIPIOS?<br \/>\nSI, existen empresas exitosas con objetos similares que han permitido la ejecuci\u00f3n de los proyectos estructurantes dentro de la planificaci\u00f3n de la ciudad, y que lejos de privatizar funciones han aportado a la consecuci\u00f3n de los objetivos del ordenamiento Territorial. Empresas como:<br \/>\n\u2022 Empresa de Desarrollo Urbano de Barranquilla y la Regi\u00f3n Caribe, EDUBAR S.A.<br \/>\n\u2022 Empresa Distrital de Desarrollo y Renovaci\u00f3n Urbano Sostenible de Santa Marta, EDUS<br \/>\n\u2022 Empresa de Renovaci\u00f3n y Desarrollo Urbano de Bogot\u00e1 D.C.<br \/>\n\u2022 Empresa Municipal de Renovaci\u00f3n Urbana de Santiago de Cali, EMRU<br \/>\n\u2022 Empresa de Desarrollo Urbano de Medell\u00edn, EDU<\/p>\n<p>\u00bfLA EMPRESA DE GESTI\u00d3N TERRITORIAL INTEGRAL DESARROLLAR\u00c1 COMPETENCIAS QUE SE LE ASIGNARON A OTRAS ENTIDADES EN EL PASADO?<br \/>\nNO, por el contrario, le permitir\u00e1 desarrollar algunas competencias que est\u00e1n establecidas en la Ley 9 de 1989 y la Ley 388 de 1997 que hoy d\u00eda funcionan de forma ineficiente desde la administraci\u00f3n central. Le permite desarrollar actividades comerciales y de desarrollo territorial de forma m\u00e1s \u00e1gil y con instrumentos adicionales que le garantizar\u00e1n ser m\u00e1s oportunas en sus acciones.<\/p>\n<p>\u00bfLA ADMINISTRACI\u00d3N MUNICIPAL PRIVATIZARA LOS TR\u00c1MITES Y FUNCIONES DE LA SECRETAR\u00cdA DE PLANEACI\u00d3N Y CURADUR\u00cdAS?<br \/>\nNO, porque las funciones como la Formulaci\u00f3n del POT, Conceptos de Norma, Conceptos de Uso, Perfiles viales, Liquidaci\u00f3n de Impuestos de construcci\u00f3n y compensaci\u00f3n de Espacio P\u00fablico, Certificados de Nomenclatura y Estratificaci\u00f3n, Conceptos de Viabilidad urban\u00edsticas para planes parciales, entre otros, contin\u00faan a cargo de la Secretar\u00eda de Planeaci\u00f3n. De igual manera las funciones asignadas a las Curadur\u00edas Urbanas.<\/p>\n<p>La Empresa EMGETI se crea para ejecutar los proyectos estrat\u00e9gicos que permitir\u00e1n consolidar el modelo de ordenamiento territorial adoptado.<\/p>\n<p>\u00bfPODR\u00c1N SER SOCIOS DE LA EMPRESA, PERSONAS NATURALES O JUR\u00cdDICAS DE CAR\u00c1CTER PRIVADO?<br \/>\nNO, porque como lo establece el proyecto de acuerdo la empresa solo podr\u00e1 ser conformada por las empresas descentralizadas del municipio o por empresas p\u00fablicas del orden nacional, departamental o local.<\/p>\n<p>\u00bfLA EMPRESA S\u00d3LO FUNCIONAR\u00c1 EN PASTO?<br \/>\nLa empresa gestionar\u00e1 el desarrollo territorial de Pasto, pero de igual manera debido a su esquema empresarial podr\u00e1 desarrollar sus actividades en los suelos de Pasto y por fuera de \u00e9l, prestando servicios en otros municipios, en el \u00e1mbito regional.<\/p><\/div>\n<div dir=\"auto\" style=\"text-align: justify;\"><\/div>\n<div style=\"text-align: justify;\"><a href=\"https:\/\/docs.google.com\/forms\/d\/e\/1FAIpQLSevlDmqqRoa1UJhwqMmECZ4iuCxF7qaLo4XIvOLcMjvSS1ZgA\/viewform\">Aqu\u00ed puede respaldar la creaci\u00f3n de la empresa.\u00a0<\/a><\/div>\n<\/div>\n","protected":false},"excerpt":{"rendered":"<p>En d\u00edas pasados se difundi\u00f3 un comunicado que pretende desinformar a la comunidad sobre la creaci\u00f3n de la empresa municipal de gesti\u00f3n territorial integral EMGETI y utilizar dicho tema con fines netamente electorales. A continuaci\u00f3n, SE RESPONDEN PREGUNTAS FRECUENTES, que permiten dar a conocer el OBJETIVO PRINCIPAL DE LA CREACI\u00d3N DE LA EMPRESA y los [&hellip;]<\/p>\n","protected":false},"author":1,"featured_media":39748,"comment_status":"open","ping_status":"open","sticky":false,"template":"","format":"standard","meta":{"footnotes":""},"categories":[82],"tags":[],"class_list":["post-57810","post","type-post","status-publish","format-standard","has-post-thumbnail","hentry","category-ciudad-2"],"yoast_head":"<!-- This site is optimized with the Yoast SEO plugin v27.1.1 - https:\/\/yoast.com\/product\/yoast-seo-wordpress\/ -->\n<title>Resuelva las dudas sobre la creaci\u00f3n de EMGETI. | P\u00e1gina10<\/title>\n<meta name=\"robots\" content=\"index, follow, max-snippet:-1, max-image-preview:large, max-video-preview:-1\" \/>\n<link rel=\"canonical\" href=\"https:\/\/pagina10.com\/web\/resuelva-las-dudas-sobre-la-creacion-de-emgeti\/\" \/>\n<meta property=\"og:locale\" content=\"es_ES\" \/>\n<meta property=\"og:type\" content=\"article\" \/>\n<meta property=\"og:title\" content=\"Resuelva las dudas sobre la creaci\u00f3n de EMGETI. | P\u00e1gina10\" \/>\n<meta property=\"og:description\" content=\"En d\u00edas pasados se difundi\u00f3 un comunicado que pretende desinformar a la comunidad sobre la creaci\u00f3n de la empresa municipal de gesti\u00f3n territorial integral EMGETI y utilizar dicho tema con fines netamente electorales. A continuaci\u00f3n, SE RESPONDEN PREGUNTAS FRECUENTES, que permiten dar a conocer el OBJETIVO PRINCIPAL DE LA CREACI\u00d3N DE LA EMPRESA y los [&hellip;]\" \/>\n<meta property=\"og:url\" content=\"https:\/\/pagina10.com\/web\/resuelva-las-dudas-sobre-la-creacion-de-emgeti\/\" \/>\n<meta property=\"og:site_name\" content=\"P\u00e1gina10\" \/>\n<meta property=\"article:publisher\" content=\"https:\/\/www.facebook.com\/pag10com\" \/>\n<meta property=\"article:published_time\" content=\"2022-01-20T23:48:25+00:00\" \/>\n<meta property=\"og:image\" content=\"https:\/\/pagina10.com\/web\/wp-content\/uploads\/2019\/06\/San-Juan-de-Pasto-2.jpg\" \/>\n\t<meta property=\"og:image:width\" content=\"834\" \/>\n\t<meta property=\"og:image:height\" content=\"363\" \/>\n\t<meta property=\"og:image:type\" content=\"image\/jpeg\" \/>\n<meta name=\"author\" content=\"P\u00e1gina 10\" \/>\n<meta name=\"twitter:card\" content=\"summary_large_image\" \/>\n<meta name=\"twitter:creator\" content=\"@Pag10com\" \/>\n<meta name=\"twitter:site\" content=\"@Pag10com\" \/>\n<meta name=\"twitter:label1\" content=\"Escrito por\" \/>\n\t<meta name=\"twitter:data1\" content=\"P\u00e1gina 10\" \/>\n\t<meta name=\"twitter:label2\" content=\"Tiempo de lectura\" \/>\n\t<meta name=\"twitter:data2\" content=\"7 minutos\" \/>\n<script type=\"application\/ld+json\" class=\"yoast-schema-graph\">{\"@context\":\"https:\/\/schema.org\",\"@graph\":[{\"@type\":\"Article\",\"@id\":\"https:\/\/pagina10.com\/web\/resuelva-las-dudas-sobre-la-creacion-de-emgeti\/#article\",\"isPartOf\":{\"@id\":\"https:\/\/pagina10.com\/web\/resuelva-las-dudas-sobre-la-creacion-de-emgeti\/\"},\"author\":{\"name\":\"P\u00e1gina 10\",\"@id\":\"https:\/\/pagina10.com\/web\/#\/schema\/person\/2efc4a090d25b667d3bc796798a3a81b\"},\"headline\":\"Resuelva las dudas sobre la creaci\u00f3n de EMGETI.\",\"datePublished\":\"2022-01-20T23:48:25+00:00\",\"mainEntityOfPage\":{\"@id\":\"https:\/\/pagina10.com\/web\/resuelva-las-dudas-sobre-la-creacion-de-emgeti\/\"},\"wordCount\":1373,\"commentCount\":0,\"publisher\":{\"@id\":\"https:\/\/pagina10.com\/web\/#organization\"},\"image\":{\"@id\":\"https:\/\/pagina10.com\/web\/resuelva-las-dudas-sobre-la-creacion-de-emgeti\/#primaryimage\"},\"thumbnailUrl\":\"https:\/\/pagina10.com\/web\/wp-content\/uploads\/2019\/06\/San-Juan-de-Pasto-2.jpg\",\"articleSection\":[\"Ciudad\"],\"inLanguage\":\"es\",\"potentialAction\":[{\"@type\":\"CommentAction\",\"name\":\"Comment\",\"target\":[\"https:\/\/pagina10.com\/web\/resuelva-las-dudas-sobre-la-creacion-de-emgeti\/#respond\"]}]},{\"@type\":\"WebPage\",\"@id\":\"https:\/\/pagina10.com\/web\/resuelva-las-dudas-sobre-la-creacion-de-emgeti\/\",\"url\":\"https:\/\/pagina10.com\/web\/resuelva-las-dudas-sobre-la-creacion-de-emgeti\/\",\"name\":\"Resuelva las dudas sobre la creaci\u00f3n de EMGETI. | P\u00e1gina10\",\"isPartOf\":{\"@id\":\"https:\/\/pagina10.com\/web\/#website\"},\"primaryImageOfPage\":{\"@id\":\"https:\/\/pagina10.com\/web\/resuelva-las-dudas-sobre-la-creacion-de-emgeti\/#primaryimage\"},\"image\":{\"@id\":\"https:\/\/pagina10.com\/web\/resuelva-las-dudas-sobre-la-creacion-de-emgeti\/#primaryimage\"},\"thumbnailUrl\":\"https:\/\/pagina10.com\/web\/wp-content\/uploads\/2019\/06\/San-Juan-de-Pasto-2.jpg\",\"datePublished\":\"2022-01-20T23:48:25+00:00\",\"breadcrumb\":{\"@id\":\"https:\/\/pagina10.com\/web\/resuelva-las-dudas-sobre-la-creacion-de-emgeti\/#breadcrumb\"},\"inLanguage\":\"es\",\"potentialAction\":[{\"@type\":\"ReadAction\",\"target\":[\"https:\/\/pagina10.com\/web\/resuelva-las-dudas-sobre-la-creacion-de-emgeti\/\"]}]},{\"@type\":\"ImageObject\",\"inLanguage\":\"es\",\"@id\":\"https:\/\/pagina10.com\/web\/resuelva-las-dudas-sobre-la-creacion-de-emgeti\/#primaryimage\",\"url\":\"https:\/\/pagina10.com\/web\/wp-content\/uploads\/2019\/06\/San-Juan-de-Pasto-2.jpg\",\"contentUrl\":\"https:\/\/pagina10.com\/web\/wp-content\/uploads\/2019\/06\/San-Juan-de-Pasto-2.jpg\",\"width\":834,\"height\":363},{\"@type\":\"BreadcrumbList\",\"@id\":\"https:\/\/pagina10.com\/web\/resuelva-las-dudas-sobre-la-creacion-de-emgeti\/#breadcrumb\",\"itemListElement\":[{\"@type\":\"ListItem\",\"position\":1,\"name\":\"Portada\",\"item\":\"https:\/\/pagina10.com\/web\/\"},{\"@type\":\"ListItem\",\"position\":2,\"name\":\"Resuelva las dudas sobre la creaci\u00f3n de EMGETI.\"}]},{\"@type\":\"WebSite\",\"@id\":\"https:\/\/pagina10.com\/web\/#website\",\"url\":\"https:\/\/pagina10.com\/web\/\",\"name\":\"P\u00e1gina10\",\"description\":\"Peri\u00f3dico Regional\",\"publisher\":{\"@id\":\"https:\/\/pagina10.com\/web\/#organization\"},\"alternateName\":\"P\u00e1gina10 Peri\u00f3dico Regional\",\"potentialAction\":[{\"@type\":\"SearchAction\",\"target\":{\"@type\":\"EntryPoint\",\"urlTemplate\":\"https:\/\/pagina10.com\/web\/?s={search_term_string}\"},\"query-input\":{\"@type\":\"PropertyValueSpecification\",\"valueRequired\":true,\"valueName\":\"search_term_string\"}}],\"inLanguage\":\"es\"},{\"@type\":\"Organization\",\"@id\":\"https:\/\/pagina10.com\/web\/#organization\",\"name\":\"P\u00e1gina10\",\"alternateName\":\"P\u00e1gina10 Peri\u00f3dico Regional\",\"url\":\"https:\/\/pagina10.com\/web\/\",\"logo\":{\"@type\":\"ImageObject\",\"inLanguage\":\"es\",\"@id\":\"https:\/\/pagina10.com\/web\/#\/schema\/logo\/image\/\",\"url\":\"https:\/\/pagina10.com\/web\/wp-content\/uploads\/2024\/01\/40-pagina-10-periodico-regional-pasto.jpg\",\"contentUrl\":\"https:\/\/pagina10.com\/web\/wp-content\/uploads\/2024\/01\/40-pagina-10-periodico-regional-pasto.jpg\",\"width\":1280,\"height\":720,\"caption\":\"P\u00e1gina10\"},\"image\":{\"@id\":\"https:\/\/pagina10.com\/web\/#\/schema\/logo\/image\/\"},\"sameAs\":[\"https:\/\/www.facebook.com\/pag10com\",\"https:\/\/x.com\/Pag10com\",\"https:\/\/www.instagram.com\/pagina10col\/\",\"https:\/\/youtube.com\/channel\/pag10\",\"https:\/\/www.tiktok.com\/@p10col\"]},{\"@type\":\"Person\",\"@id\":\"https:\/\/pagina10.com\/web\/#\/schema\/person\/2efc4a090d25b667d3bc796798a3a81b\",\"name\":\"P\u00e1gina 10\",\"description\":\"P\u00e1gina 10 es un peri\u00f3dico regional que nace en Colombia, en el departamento de Nari\u00f1o, con un enfoque global, fundamentado en cuatro pilares esenciales: la libertad, el pluralismo, la inclusi\u00f3n y la independencia. P\u00e1gina 10 hace referencia a Nari\u00f1o como el d\u00e9cimo departamento creado en Colombia, despu\u00e9s de un proceso pol\u00edtico liderado por actores y actrices regionales con el fin de obtener la independencia y autonom\u00eda de nuestros territorios. Con la creaci\u00f3n de P\u00e1gina 10 se pretende abrir un escenario para el dialogo, la reflexi\u00f3n y el debate que se extienda a otras geograf\u00edas de Am\u00e9rica Latina y del planeta, en una apuesta por transformar colectivamente los desaf\u00edos de un mundo contempor\u00e1neo, m\u00e1s all\u00e1 de las fronteras impuestas.\",\"url\":\"https:\/\/pagina10.com\/web\/author\/pdiezadmin\/\"}]}<\/script>\n<!-- \/ Yoast SEO plugin. -->","yoast_head_json":{"title":"Resuelva las dudas sobre la creaci\u00f3n de EMGETI. | P\u00e1gina10","robots":{"index":"index","follow":"follow","max-snippet":"max-snippet:-1","max-image-preview":"max-image-preview:large","max-video-preview":"max-video-preview:-1"},"canonical":"https:\/\/pagina10.com\/web\/resuelva-las-dudas-sobre-la-creacion-de-emgeti\/","og_locale":"es_ES","og_type":"article","og_title":"Resuelva las dudas sobre la creaci\u00f3n de EMGETI. | P\u00e1gina10","og_description":"En d\u00edas pasados se difundi\u00f3 un comunicado que pretende desinformar a la comunidad sobre la creaci\u00f3n de la empresa municipal de gesti\u00f3n territorial integral EMGETI y utilizar dicho tema con fines netamente electorales. A continuaci\u00f3n, SE RESPONDEN PREGUNTAS FRECUENTES, que permiten dar a conocer el OBJETIVO PRINCIPAL DE LA CREACI\u00d3N DE LA EMPRESA y los [&hellip;]","og_url":"https:\/\/pagina10.com\/web\/resuelva-las-dudas-sobre-la-creacion-de-emgeti\/","og_site_name":"P\u00e1gina10","article_publisher":"https:\/\/www.facebook.com\/pag10com","article_published_time":"2022-01-20T23:48:25+00:00","og_image":[{"width":834,"height":363,"url":"https:\/\/pagina10.com\/web\/wp-content\/uploads\/2019\/06\/San-Juan-de-Pasto-2.jpg","type":"image\/jpeg"}],"author":"P\u00e1gina 10","twitter_card":"summary_large_image","twitter_creator":"@Pag10com","twitter_site":"@Pag10com","twitter_misc":{"Escrito por":"P\u00e1gina 10","Tiempo de lectura":"7 minutos"},"schema":{"@context":"https:\/\/schema.org","@graph":[{"@type":"Article","@id":"https:\/\/pagina10.com\/web\/resuelva-las-dudas-sobre-la-creacion-de-emgeti\/#article","isPartOf":{"@id":"https:\/\/pagina10.com\/web\/resuelva-las-dudas-sobre-la-creacion-de-emgeti\/"},"author":{"name":"P\u00e1gina 10","@id":"https:\/\/pagina10.com\/web\/#\/schema\/person\/2efc4a090d25b667d3bc796798a3a81b"},"headline":"Resuelva las dudas sobre la creaci\u00f3n de EMGETI.","datePublished":"2022-01-20T23:48:25+00:00","mainEntityOfPage":{"@id":"https:\/\/pagina10.com\/web\/resuelva-las-dudas-sobre-la-creacion-de-emgeti\/"},"wordCount":1373,"commentCount":0,"publisher":{"@id":"https:\/\/pagina10.com\/web\/#organization"},"image":{"@id":"https:\/\/pagina10.com\/web\/resuelva-las-dudas-sobre-la-creacion-de-emgeti\/#primaryimage"},"thumbnailUrl":"https:\/\/pagina10.com\/web\/wp-content\/uploads\/2019\/06\/San-Juan-de-Pasto-2.jpg","articleSection":["Ciudad"],"inLanguage":"es","potentialAction":[{"@type":"CommentAction","name":"Comment","target":["https:\/\/pagina10.com\/web\/resuelva-las-dudas-sobre-la-creacion-de-emgeti\/#respond"]}]},{"@type":"WebPage","@id":"https:\/\/pagina10.com\/web\/resuelva-las-dudas-sobre-la-creacion-de-emgeti\/","url":"https:\/\/pagina10.com\/web\/resuelva-las-dudas-sobre-la-creacion-de-emgeti\/","name":"Resuelva las dudas sobre la creaci\u00f3n de EMGETI. | P\u00e1gina10","isPartOf":{"@id":"https:\/\/pagina10.com\/web\/#website"},"primaryImageOfPage":{"@id":"https:\/\/pagina10.com\/web\/resuelva-las-dudas-sobre-la-creacion-de-emgeti\/#primaryimage"},"image":{"@id":"https:\/\/pagina10.com\/web\/resuelva-las-dudas-sobre-la-creacion-de-emgeti\/#primaryimage"},"thumbnailUrl":"https:\/\/pagina10.com\/web\/wp-content\/uploads\/2019\/06\/San-Juan-de-Pasto-2.jpg","datePublished":"2022-01-20T23:48:25+00:00","breadcrumb":{"@id":"https:\/\/pagina10.com\/web\/resuelva-las-dudas-sobre-la-creacion-de-emgeti\/#breadcrumb"},"inLanguage":"es","potentialAction":[{"@type":"ReadAction","target":["https:\/\/pagina10.com\/web\/resuelva-las-dudas-sobre-la-creacion-de-emgeti\/"]}]},{"@type":"ImageObject","inLanguage":"es","@id":"https:\/\/pagina10.com\/web\/resuelva-las-dudas-sobre-la-creacion-de-emgeti\/#primaryimage","url":"https:\/\/pagina10.com\/web\/wp-content\/uploads\/2019\/06\/San-Juan-de-Pasto-2.jpg","contentUrl":"https:\/\/pagina10.com\/web\/wp-content\/uploads\/2019\/06\/San-Juan-de-Pasto-2.jpg","width":834,"height":363},{"@type":"BreadcrumbList","@id":"https:\/\/pagina10.com\/web\/resuelva-las-dudas-sobre-la-creacion-de-emgeti\/#breadcrumb","itemListElement":[{"@type":"ListItem","position":1,"name":"Portada","item":"https:\/\/pagina10.com\/web\/"},{"@type":"ListItem","position":2,"name":"Resuelva las dudas sobre la creaci\u00f3n de EMGETI."}]},{"@type":"WebSite","@id":"https:\/\/pagina10.com\/web\/#website","url":"https:\/\/pagina10.com\/web\/","name":"P\u00e1gina10","description":"Peri\u00f3dico Regional","publisher":{"@id":"https:\/\/pagina10.com\/web\/#organization"},"alternateName":"P\u00e1gina10 Peri\u00f3dico Regional","potentialAction":[{"@type":"SearchAction","target":{"@type":"EntryPoint","urlTemplate":"https:\/\/pagina10.com\/web\/?s={search_term_string}"},"query-input":{"@type":"PropertyValueSpecification","valueRequired":true,"valueName":"search_term_string"}}],"inLanguage":"es"},{"@type":"Organization","@id":"https:\/\/pagina10.com\/web\/#organization","name":"P\u00e1gina10","alternateName":"P\u00e1gina10 Peri\u00f3dico Regional","url":"https:\/\/pagina10.com\/web\/","logo":{"@type":"ImageObject","inLanguage":"es","@id":"https:\/\/pagina10.com\/web\/#\/schema\/logo\/image\/","url":"https:\/\/pagina10.com\/web\/wp-content\/uploads\/2024\/01\/40-pagina-10-periodico-regional-pasto.jpg","contentUrl":"https:\/\/pagina10.com\/web\/wp-content\/uploads\/2024\/01\/40-pagina-10-periodico-regional-pasto.jpg","width":1280,"height":720,"caption":"P\u00e1gina10"},"image":{"@id":"https:\/\/pagina10.com\/web\/#\/schema\/logo\/image\/"},"sameAs":["https:\/\/www.facebook.com\/pag10com","https:\/\/x.com\/Pag10com","https:\/\/www.instagram.com\/pagina10col\/","https:\/\/youtube.com\/channel\/pag10","https:\/\/www.tiktok.com\/@p10col"]},{"@type":"Person","@id":"https:\/\/pagina10.com\/web\/#\/schema\/person\/2efc4a090d25b667d3bc796798a3a81b","name":"P\u00e1gina 10","description":"P\u00e1gina 10 es un peri\u00f3dico regional que nace en Colombia, en el departamento de Nari\u00f1o, con un enfoque global, fundamentado en cuatro pilares esenciales: la libertad, el pluralismo, la inclusi\u00f3n y la independencia. P\u00e1gina 10 hace referencia a Nari\u00f1o como el d\u00e9cimo departamento creado en Colombia, despu\u00e9s de un proceso pol\u00edtico liderado por actores y actrices regionales con el fin de obtener la independencia y autonom\u00eda de nuestros territorios. Con la creaci\u00f3n de P\u00e1gina 10 se pretende abrir un escenario para el dialogo, la reflexi\u00f3n y el debate que se extienda a otras geograf\u00edas de Am\u00e9rica Latina y del planeta, en una apuesta por transformar colectivamente los desaf\u00edos de un mundo contempor\u00e1neo, m\u00e1s all\u00e1 de las fronteras impuestas.","url":"https:\/\/pagina10.com\/web\/author\/pdiezadmin\/"}]}},"_links":{"self":[{"href":"https:\/\/pagina10.com\/web\/wp-json\/wp\/v2\/posts\/57810","targetHints":{"allow":["GET"]}}],"collection":[{"href":"https:\/\/pagina10.com\/web\/wp-json\/wp\/v2\/posts"}],"about":[{"href":"https:\/\/pagina10.com\/web\/wp-json\/wp\/v2\/types\/post"}],"author":[{"embeddable":true,"href":"https:\/\/pagina10.com\/web\/wp-json\/wp\/v2\/users\/1"}],"replies":[{"embeddable":true,"href":"https:\/\/pagina10.com\/web\/wp-json\/wp\/v2\/comments?post=57810"}],"version-history":[{"count":1,"href":"https:\/\/pagina10.com\/web\/wp-json\/wp\/v2\/posts\/57810\/revisions"}],"predecessor-version":[{"id":57811,"href":"https:\/\/pagina10.com\/web\/wp-json\/wp\/v2\/posts\/57810\/revisions\/57811"}],"wp:featuredmedia":[{"embeddable":true,"href":"https:\/\/pagina10.com\/web\/wp-json\/wp\/v2\/media\/39748"}],"wp:attachment":[{"href":"https:\/\/pagina10.com\/web\/wp-json\/wp\/v2\/media?parent=57810"}],"wp:term":[{"taxonomy":"category","embeddable":true,"href":"https:\/\/pagina10.com\/web\/wp-json\/wp\/v2\/categories?post=57810"},{"taxonomy":"post_tag","embeddable":true,"href":"https:\/\/pagina10.com\/web\/wp-json\/wp\/v2\/tags?post=57810"}],"curies":[{"name":"wp","href":"https:\/\/api.w.org\/{rel}","templated":true}]}}