{"id":57846,"date":"2022-01-24T09:54:49","date_gmt":"2022-01-24T14:54:49","guid":{"rendered":"https:\/\/pagina10.com\/web\/?p=57846"},"modified":"2022-01-24T09:54:49","modified_gmt":"2022-01-24T14:54:49","slug":"716-hogares-indigenas-awa-que-habitan-en-zonas-dispersas-de-narino-contaran-con-energia-electrica","status":"publish","type":"post","link":"https:\/\/pagina10.com\/web\/716-hogares-indigenas-awa-que-habitan-en-zonas-dispersas-de-narino-contaran-con-energia-electrica\/","title":{"rendered":"716 hogares ind\u00edgenas Aw\u00e1 que habitan en zonas dispersas de Nari\u00f1o contar\u00e1n con energ\u00eda el\u00e9ctrica"},"content":{"rendered":"<p style=\"text-align: justify;\">La Gobernaci\u00f3n de Nari\u00f1o, a trav\u00e9s de la Subsecretar\u00eda de Minas y Energ\u00eda, socializ\u00f3 con la comunidad ind\u00edgena del Pueblo AW\u00c1-UNIPA, el inicio del proyecto que llevar\u00e1 energ\u00eda el\u00e9ctrica a 716 familias que habitan zonas dispersas y pertenecen a los resguardos de: Gran S\u00e1balo, Saunde Guyguay, Troqueria Palicito, Planadas Telemb\u00ed y Tortuga\u00f1a Telembi.<\/p>\n<div>\nLa Subsecretar\u00eda de Minas y Energ\u00eda del Departamento, Johanna Morillo, explic\u00f3 que la socializaci\u00f3n se realiz\u00f3 en el predio El Diviso, donde se dieron cita las autoridades del pueblo Aw\u00e1 y poblaci\u00f3n beneficiada con el \u00a0proyecto de implementaci\u00f3n \u00a0de soluciones energ\u00e9ticas dirigido \u00a0a comunidades ind\u00edgenas cuyo objetivo es \u00a0llevar energ\u00eda y desarrollo a m\u00e1s de 3.000 personas que hist\u00f3ricamente no han tenido conexi\u00f3n a la red el\u00e9ctrica, dadas las condiciones geogr\u00e1ficas distantes en las que habitan.<\/p>\n<div style=\"text-align: justify;\">\n&#8220;Las 716 familias beneficiadas con el proyecto habitan resguardos en zonas rurales muy distantes, ubicadas en los municipios de Barbacoas, Roberto Pay\u00e1n y Tumaco. La inversi\u00f3n asciende a $10.459 millones, provenientes de regal\u00edas a trav\u00e9s del Ocad Paz. Desde la Gobernaci\u00f3n de Nari\u00f1o es una prioridad llevar energ\u00eda el\u00e9ctrica, a las comunidades que no cuentan con este servicio indispensable en los hogares&#8221;, indic\u00f3 la Subsecretaria.<\/div>\n<div style=\"text-align: justify;\">\nEl Consejero mayor de la comunidad ind\u00edgena, Rider Pai Nastacuas, manifest\u00f3 que este es un proyecto muy importante para esta poblaci\u00f3n puesto que por muchos a\u00f1os la comunidad ha necesitado contar con el servicio de energ\u00eda y agreg\u00f3 que la estar\u00e1n atentos a que el proyecto se desarrolle sin contratiempos y destac\u00f3 que existe coordinaci\u00f3n y di\u00e1logo permanente con el Gobernador de Nari\u00f1o, Jhon Rojas.<\/div>\n<div style=\"text-align: justify;\">\n&#8220;La electrificaci\u00f3n es un cambio para nuestras familias y nuestros j\u00f3venes, la energ\u00eda es muy importante para el desarrollo de nuestra comunidad que vive a 6 o 7 horas de distancia de la carretera, por eso, es un hecho hist\u00f3rico que todos estamos esperando&#8221;, expres\u00f3 la Gobernadora suplente del resguardo Saunde Guarangay, Rosa Elena Pai.<\/div>\n<div style=\"text-align: justify;\">\nLos estudios y dise\u00f1os del proyecto fueron financiados con recursos de USAID y el Programa Colombia Transforma, los cuales fueron revisados por la Gobernaci\u00f3n de Nari\u00f1o, ajustados y presentados ante el Ocad Paz del 19 de noviembre de 2020. En dicha sesi\u00f3n, el proyecto qued\u00f3 viabilizado. En el 2021 el proyecto qued\u00f3 aprobado y con asignaci\u00f3n presupuestal, a la fecha, est\u00e1 listo para que la firma contratista y la interventor\u00eda inicien la ejecuci\u00f3n, previo cumplimiento de la normativa legal y ambiental.<\/div>\n<\/div>\n","protected":false},"excerpt":{"rendered":"<p>La Gobernaci\u00f3n de Nari\u00f1o, a trav\u00e9s de la Subsecretar\u00eda de Minas y Energ\u00eda, socializ\u00f3 con la comunidad ind\u00edgena del Pueblo AW\u00c1-UNIPA, el inicio del proyecto que llevar\u00e1 energ\u00eda el\u00e9ctrica a 716 familias que habitan zonas dispersas y pertenecen a los resguardos de: Gran S\u00e1balo, Saunde Guyguay, Troqueria Palicito, Planadas Telemb\u00ed y Tortuga\u00f1a Telembi. La Subsecretar\u00eda [&hellip;]<\/p>\n","protected":false},"author":1,"featured_media":57847,"comment_status":"open","ping_status":"open","sticky":false,"template":"","format":"standard","meta":{"footnotes":""},"categories":[53],"tags":[],"class_list":["post-57846","post","type-post","status-publish","format-standard","has-post-thumbnail","hentry","category-regiones"],"yoast_head":"<!-- This site is optimized with the Yoast SEO plugin v27.1.1 - https:\/\/yoast.com\/product\/yoast-seo-wordpress\/ -->\n<title>716 hogares ind\u00edgenas Aw\u00e1 que habitan en zonas dispersas de Nari\u00f1o contar\u00e1n con energ\u00eda el\u00e9ctrica | P\u00e1gina10<\/title>\n<meta name=\"robots\" content=\"index, follow, max-snippet:-1, max-image-preview:large, max-video-preview:-1\" \/>\n<link rel=\"canonical\" href=\"https:\/\/pagina10.com\/web\/716-hogares-indigenas-awa-que-habitan-en-zonas-dispersas-de-narino-contaran-con-energia-electrica\/\" \/>\n<meta property=\"og:locale\" content=\"es_ES\" \/>\n<meta property=\"og:type\" content=\"article\" \/>\n<meta property=\"og:title\" content=\"716 hogares ind\u00edgenas Aw\u00e1 que habitan en zonas dispersas de Nari\u00f1o contar\u00e1n con energ\u00eda el\u00e9ctrica | P\u00e1gina10\" \/>\n<meta property=\"og:description\" content=\"La Gobernaci\u00f3n de Nari\u00f1o, a trav\u00e9s de la Subsecretar\u00eda de Minas y Energ\u00eda, socializ\u00f3 con la comunidad ind\u00edgena del Pueblo AW\u00c1-UNIPA, el inicio del proyecto que llevar\u00e1 energ\u00eda el\u00e9ctrica a 716 familias que habitan zonas dispersas y pertenecen a los resguardos de: Gran S\u00e1balo, Saunde Guyguay, Troqueria Palicito, Planadas Telemb\u00ed y Tortuga\u00f1a Telembi. La Subsecretar\u00eda [&hellip;]\" \/>\n<meta property=\"og:url\" content=\"https:\/\/pagina10.com\/web\/716-hogares-indigenas-awa-que-habitan-en-zonas-dispersas-de-narino-contaran-con-energia-electrica\/\" \/>\n<meta property=\"og:site_name\" content=\"P\u00e1gina10\" \/>\n<meta property=\"article:publisher\" content=\"https:\/\/www.facebook.com\/pag10com\" \/>\n<meta property=\"article:published_time\" content=\"2022-01-24T14:54:49+00:00\" \/>\n<meta property=\"og:image\" content=\"https:\/\/pagina10.com\/web\/wp-content\/uploads\/2022\/01\/Captura-de-Pantalla-2022-01-24-a-las-9.53.56-a.-m..png\" \/>\n\t<meta property=\"og:image:width\" content=\"636\" \/>\n\t<meta property=\"og:image:height\" content=\"352\" \/>\n\t<meta property=\"og:image:type\" content=\"image\/png\" \/>\n<meta name=\"author\" content=\"P\u00e1gina 10\" \/>\n<meta name=\"twitter:card\" content=\"summary_large_image\" \/>\n<meta name=\"twitter:creator\" content=\"@Pag10com\" \/>\n<meta name=\"twitter:site\" content=\"@Pag10com\" \/>\n<meta name=\"twitter:label1\" content=\"Escrito por\" \/>\n\t<meta name=\"twitter:data1\" content=\"P\u00e1gina 10\" \/>\n\t<meta name=\"twitter:label2\" content=\"Tiempo de lectura\" \/>\n\t<meta name=\"twitter:data2\" content=\"2 minutos\" \/>\n<script type=\"application\/ld+json\" class=\"yoast-schema-graph\">{\"@context\":\"https:\/\/schema.org\",\"@graph\":[{\"@type\":\"Article\",\"@id\":\"https:\/\/pagina10.com\/web\/716-hogares-indigenas-awa-que-habitan-en-zonas-dispersas-de-narino-contaran-con-energia-electrica\/#article\",\"isPartOf\":{\"@id\":\"https:\/\/pagina10.com\/web\/716-hogares-indigenas-awa-que-habitan-en-zonas-dispersas-de-narino-contaran-con-energia-electrica\/\"},\"author\":{\"name\":\"P\u00e1gina 10\",\"@id\":\"https:\/\/pagina10.com\/web\/#\/schema\/person\/2efc4a090d25b667d3bc796798a3a81b\"},\"headline\":\"716 hogares ind\u00edgenas Aw\u00e1 que habitan en zonas dispersas de Nari\u00f1o contar\u00e1n con energ\u00eda el\u00e9ctrica\",\"datePublished\":\"2022-01-24T14:54:49+00:00\",\"mainEntityOfPage\":{\"@id\":\"https:\/\/pagina10.com\/web\/716-hogares-indigenas-awa-que-habitan-en-zonas-dispersas-de-narino-contaran-con-energia-electrica\/\"},\"wordCount\":456,\"commentCount\":0,\"publisher\":{\"@id\":\"https:\/\/pagina10.com\/web\/#organization\"},\"image\":{\"@id\":\"https:\/\/pagina10.com\/web\/716-hogares-indigenas-awa-que-habitan-en-zonas-dispersas-de-narino-contaran-con-energia-electrica\/#primaryimage\"},\"thumbnailUrl\":\"https:\/\/pagina10.com\/web\/wp-content\/uploads\/2022\/01\/Captura-de-Pantalla-2022-01-24-a-las-9.53.56-a.-m..png\",\"articleSection\":[\"Regiones\"],\"inLanguage\":\"es\",\"potentialAction\":[{\"@type\":\"CommentAction\",\"name\":\"Comment\",\"target\":[\"https:\/\/pagina10.com\/web\/716-hogares-indigenas-awa-que-habitan-en-zonas-dispersas-de-narino-contaran-con-energia-electrica\/#respond\"]}]},{\"@type\":\"WebPage\",\"@id\":\"https:\/\/pagina10.com\/web\/716-hogares-indigenas-awa-que-habitan-en-zonas-dispersas-de-narino-contaran-con-energia-electrica\/\",\"url\":\"https:\/\/pagina10.com\/web\/716-hogares-indigenas-awa-que-habitan-en-zonas-dispersas-de-narino-contaran-con-energia-electrica\/\",\"name\":\"716 hogares ind\u00edgenas Aw\u00e1 que habitan en zonas dispersas de Nari\u00f1o contar\u00e1n con energ\u00eda el\u00e9ctrica | P\u00e1gina10\",\"isPartOf\":{\"@id\":\"https:\/\/pagina10.com\/web\/#website\"},\"primaryImageOfPage\":{\"@id\":\"https:\/\/pagina10.com\/web\/716-hogares-indigenas-awa-que-habitan-en-zonas-dispersas-de-narino-contaran-con-energia-electrica\/#primaryimage\"},\"image\":{\"@id\":\"https:\/\/pagina10.com\/web\/716-hogares-indigenas-awa-que-habitan-en-zonas-dispersas-de-narino-contaran-con-energia-electrica\/#primaryimage\"},\"thumbnailUrl\":\"https:\/\/pagina10.com\/web\/wp-content\/uploads\/2022\/01\/Captura-de-Pantalla-2022-01-24-a-las-9.53.56-a.-m..png\",\"datePublished\":\"2022-01-24T14:54:49+00:00\",\"breadcrumb\":{\"@id\":\"https:\/\/pagina10.com\/web\/716-hogares-indigenas-awa-que-habitan-en-zonas-dispersas-de-narino-contaran-con-energia-electrica\/#breadcrumb\"},\"inLanguage\":\"es\",\"potentialAction\":[{\"@type\":\"ReadAction\",\"target\":[\"https:\/\/pagina10.com\/web\/716-hogares-indigenas-awa-que-habitan-en-zonas-dispersas-de-narino-contaran-con-energia-electrica\/\"]}]},{\"@type\":\"ImageObject\",\"inLanguage\":\"es\",\"@id\":\"https:\/\/pagina10.com\/web\/716-hogares-indigenas-awa-que-habitan-en-zonas-dispersas-de-narino-contaran-con-energia-electrica\/#primaryimage\",\"url\":\"https:\/\/pagina10.com\/web\/wp-content\/uploads\/2022\/01\/Captura-de-Pantalla-2022-01-24-a-las-9.53.56-a.-m..png\",\"contentUrl\":\"https:\/\/pagina10.com\/web\/wp-content\/uploads\/2022\/01\/Captura-de-Pantalla-2022-01-24-a-las-9.53.56-a.-m..png\",\"width\":636,\"height\":352},{\"@type\":\"BreadcrumbList\",\"@id\":\"https:\/\/pagina10.com\/web\/716-hogares-indigenas-awa-que-habitan-en-zonas-dispersas-de-narino-contaran-con-energia-electrica\/#breadcrumb\",\"itemListElement\":[{\"@type\":\"ListItem\",\"position\":1,\"name\":\"Portada\",\"item\":\"https:\/\/pagina10.com\/web\/\"},{\"@type\":\"ListItem\",\"position\":2,\"name\":\"716 hogares ind\u00edgenas Aw\u00e1 que habitan en zonas dispersas de Nari\u00f1o contar\u00e1n con energ\u00eda el\u00e9ctrica\"}]},{\"@type\":\"WebSite\",\"@id\":\"https:\/\/pagina10.com\/web\/#website\",\"url\":\"https:\/\/pagina10.com\/web\/\",\"name\":\"P\u00e1gina10\",\"description\":\"Peri\u00f3dico Regional\",\"publisher\":{\"@id\":\"https:\/\/pagina10.com\/web\/#organization\"},\"alternateName\":\"P\u00e1gina10 Peri\u00f3dico Regional\",\"potentialAction\":[{\"@type\":\"SearchAction\",\"target\":{\"@type\":\"EntryPoint\",\"urlTemplate\":\"https:\/\/pagina10.com\/web\/?s={search_term_string}\"},\"query-input\":{\"@type\":\"PropertyValueSpecification\",\"valueRequired\":true,\"valueName\":\"search_term_string\"}}],\"inLanguage\":\"es\"},{\"@type\":\"Organization\",\"@id\":\"https:\/\/pagina10.com\/web\/#organization\",\"name\":\"P\u00e1gina10\",\"alternateName\":\"P\u00e1gina10 Peri\u00f3dico Regional\",\"url\":\"https:\/\/pagina10.com\/web\/\",\"logo\":{\"@type\":\"ImageObject\",\"inLanguage\":\"es\",\"@id\":\"https:\/\/pagina10.com\/web\/#\/schema\/logo\/image\/\",\"url\":\"https:\/\/pagina10.com\/web\/wp-content\/uploads\/2024\/01\/40-pagina-10-periodico-regional-pasto.jpg\",\"contentUrl\":\"https:\/\/pagina10.com\/web\/wp-content\/uploads\/2024\/01\/40-pagina-10-periodico-regional-pasto.jpg\",\"width\":1280,\"height\":720,\"caption\":\"P\u00e1gina10\"},\"image\":{\"@id\":\"https:\/\/pagina10.com\/web\/#\/schema\/logo\/image\/\"},\"sameAs\":[\"https:\/\/www.facebook.com\/pag10com\",\"https:\/\/x.com\/Pag10com\",\"https:\/\/www.instagram.com\/pagina10col\/\",\"https:\/\/youtube.com\/channel\/pag10\",\"https:\/\/www.tiktok.com\/@p10col\"]},{\"@type\":\"Person\",\"@id\":\"https:\/\/pagina10.com\/web\/#\/schema\/person\/2efc4a090d25b667d3bc796798a3a81b\",\"name\":\"P\u00e1gina 10\",\"description\":\"P\u00e1gina 10 es un peri\u00f3dico regional que nace en Colombia, en el departamento de Nari\u00f1o, con un enfoque global, fundamentado en cuatro pilares esenciales: la libertad, el pluralismo, la inclusi\u00f3n y la independencia. P\u00e1gina 10 hace referencia a Nari\u00f1o como el d\u00e9cimo departamento creado en Colombia, despu\u00e9s de un proceso pol\u00edtico liderado por actores y actrices regionales con el fin de obtener la independencia y autonom\u00eda de nuestros territorios. Con la creaci\u00f3n de P\u00e1gina 10 se pretende abrir un escenario para el dialogo, la reflexi\u00f3n y el debate que se extienda a otras geograf\u00edas de Am\u00e9rica Latina y del planeta, en una apuesta por transformar colectivamente los desaf\u00edos de un mundo contempor\u00e1neo, m\u00e1s all\u00e1 de las fronteras impuestas.\",\"url\":\"https:\/\/pagina10.com\/web\/author\/pdiezadmin\/\"}]}<\/script>\n<!-- \/ Yoast SEO plugin. -->","yoast_head_json":{"title":"716 hogares ind\u00edgenas Aw\u00e1 que habitan en zonas dispersas de Nari\u00f1o contar\u00e1n con energ\u00eda el\u00e9ctrica | P\u00e1gina10","robots":{"index":"index","follow":"follow","max-snippet":"max-snippet:-1","max-image-preview":"max-image-preview:large","max-video-preview":"max-video-preview:-1"},"canonical":"https:\/\/pagina10.com\/web\/716-hogares-indigenas-awa-que-habitan-en-zonas-dispersas-de-narino-contaran-con-energia-electrica\/","og_locale":"es_ES","og_type":"article","og_title":"716 hogares ind\u00edgenas Aw\u00e1 que habitan en zonas dispersas de Nari\u00f1o contar\u00e1n con energ\u00eda el\u00e9ctrica | P\u00e1gina10","og_description":"La Gobernaci\u00f3n de Nari\u00f1o, a trav\u00e9s de la Subsecretar\u00eda de Minas y Energ\u00eda, socializ\u00f3 con la comunidad ind\u00edgena del Pueblo AW\u00c1-UNIPA, el inicio del proyecto que llevar\u00e1 energ\u00eda el\u00e9ctrica a 716 familias que habitan zonas dispersas y pertenecen a los resguardos de: Gran S\u00e1balo, Saunde Guyguay, Troqueria Palicito, Planadas Telemb\u00ed y Tortuga\u00f1a Telembi. La Subsecretar\u00eda [&hellip;]","og_url":"https:\/\/pagina10.com\/web\/716-hogares-indigenas-awa-que-habitan-en-zonas-dispersas-de-narino-contaran-con-energia-electrica\/","og_site_name":"P\u00e1gina10","article_publisher":"https:\/\/www.facebook.com\/pag10com","article_published_time":"2022-01-24T14:54:49+00:00","og_image":[{"width":636,"height":352,"url":"https:\/\/pagina10.com\/web\/wp-content\/uploads\/2022\/01\/Captura-de-Pantalla-2022-01-24-a-las-9.53.56-a.-m..png","type":"image\/png"}],"author":"P\u00e1gina 10","twitter_card":"summary_large_image","twitter_creator":"@Pag10com","twitter_site":"@Pag10com","twitter_misc":{"Escrito por":"P\u00e1gina 10","Tiempo de lectura":"2 minutos"},"schema":{"@context":"https:\/\/schema.org","@graph":[{"@type":"Article","@id":"https:\/\/pagina10.com\/web\/716-hogares-indigenas-awa-que-habitan-en-zonas-dispersas-de-narino-contaran-con-energia-electrica\/#article","isPartOf":{"@id":"https:\/\/pagina10.com\/web\/716-hogares-indigenas-awa-que-habitan-en-zonas-dispersas-de-narino-contaran-con-energia-electrica\/"},"author":{"name":"P\u00e1gina 10","@id":"https:\/\/pagina10.com\/web\/#\/schema\/person\/2efc4a090d25b667d3bc796798a3a81b"},"headline":"716 hogares ind\u00edgenas Aw\u00e1 que habitan en zonas dispersas de Nari\u00f1o contar\u00e1n con energ\u00eda el\u00e9ctrica","datePublished":"2022-01-24T14:54:49+00:00","mainEntityOfPage":{"@id":"https:\/\/pagina10.com\/web\/716-hogares-indigenas-awa-que-habitan-en-zonas-dispersas-de-narino-contaran-con-energia-electrica\/"},"wordCount":456,"commentCount":0,"publisher":{"@id":"https:\/\/pagina10.com\/web\/#organization"},"image":{"@id":"https:\/\/pagina10.com\/web\/716-hogares-indigenas-awa-que-habitan-en-zonas-dispersas-de-narino-contaran-con-energia-electrica\/#primaryimage"},"thumbnailUrl":"https:\/\/pagina10.com\/web\/wp-content\/uploads\/2022\/01\/Captura-de-Pantalla-2022-01-24-a-las-9.53.56-a.-m..png","articleSection":["Regiones"],"inLanguage":"es","potentialAction":[{"@type":"CommentAction","name":"Comment","target":["https:\/\/pagina10.com\/web\/716-hogares-indigenas-awa-que-habitan-en-zonas-dispersas-de-narino-contaran-con-energia-electrica\/#respond"]}]},{"@type":"WebPage","@id":"https:\/\/pagina10.com\/web\/716-hogares-indigenas-awa-que-habitan-en-zonas-dispersas-de-narino-contaran-con-energia-electrica\/","url":"https:\/\/pagina10.com\/web\/716-hogares-indigenas-awa-que-habitan-en-zonas-dispersas-de-narino-contaran-con-energia-electrica\/","name":"716 hogares ind\u00edgenas Aw\u00e1 que habitan en zonas dispersas de Nari\u00f1o contar\u00e1n con energ\u00eda el\u00e9ctrica | P\u00e1gina10","isPartOf":{"@id":"https:\/\/pagina10.com\/web\/#website"},"primaryImageOfPage":{"@id":"https:\/\/pagina10.com\/web\/716-hogares-indigenas-awa-que-habitan-en-zonas-dispersas-de-narino-contaran-con-energia-electrica\/#primaryimage"},"image":{"@id":"https:\/\/pagina10.com\/web\/716-hogares-indigenas-awa-que-habitan-en-zonas-dispersas-de-narino-contaran-con-energia-electrica\/#primaryimage"},"thumbnailUrl":"https:\/\/pagina10.com\/web\/wp-content\/uploads\/2022\/01\/Captura-de-Pantalla-2022-01-24-a-las-9.53.56-a.-m..png","datePublished":"2022-01-24T14:54:49+00:00","breadcrumb":{"@id":"https:\/\/pagina10.com\/web\/716-hogares-indigenas-awa-que-habitan-en-zonas-dispersas-de-narino-contaran-con-energia-electrica\/#breadcrumb"},"inLanguage":"es","potentialAction":[{"@type":"ReadAction","target":["https:\/\/pagina10.com\/web\/716-hogares-indigenas-awa-que-habitan-en-zonas-dispersas-de-narino-contaran-con-energia-electrica\/"]}]},{"@type":"ImageObject","inLanguage":"es","@id":"https:\/\/pagina10.com\/web\/716-hogares-indigenas-awa-que-habitan-en-zonas-dispersas-de-narino-contaran-con-energia-electrica\/#primaryimage","url":"https:\/\/pagina10.com\/web\/wp-content\/uploads\/2022\/01\/Captura-de-Pantalla-2022-01-24-a-las-9.53.56-a.-m..png","contentUrl":"https:\/\/pagina10.com\/web\/wp-content\/uploads\/2022\/01\/Captura-de-Pantalla-2022-01-24-a-las-9.53.56-a.-m..png","width":636,"height":352},{"@type":"BreadcrumbList","@id":"https:\/\/pagina10.com\/web\/716-hogares-indigenas-awa-que-habitan-en-zonas-dispersas-de-narino-contaran-con-energia-electrica\/#breadcrumb","itemListElement":[{"@type":"ListItem","position":1,"name":"Portada","item":"https:\/\/pagina10.com\/web\/"},{"@type":"ListItem","position":2,"name":"716 hogares ind\u00edgenas Aw\u00e1 que habitan en zonas dispersas de Nari\u00f1o contar\u00e1n con energ\u00eda el\u00e9ctrica"}]},{"@type":"WebSite","@id":"https:\/\/pagina10.com\/web\/#website","url":"https:\/\/pagina10.com\/web\/","name":"P\u00e1gina10","description":"Peri\u00f3dico Regional","publisher":{"@id":"https:\/\/pagina10.com\/web\/#organization"},"alternateName":"P\u00e1gina10 Peri\u00f3dico Regional","potentialAction":[{"@type":"SearchAction","target":{"@type":"EntryPoint","urlTemplate":"https:\/\/pagina10.com\/web\/?s={search_term_string}"},"query-input":{"@type":"PropertyValueSpecification","valueRequired":true,"valueName":"search_term_string"}}],"inLanguage":"es"},{"@type":"Organization","@id":"https:\/\/pagina10.com\/web\/#organization","name":"P\u00e1gina10","alternateName":"P\u00e1gina10 Peri\u00f3dico Regional","url":"https:\/\/pagina10.com\/web\/","logo":{"@type":"ImageObject","inLanguage":"es","@id":"https:\/\/pagina10.com\/web\/#\/schema\/logo\/image\/","url":"https:\/\/pagina10.com\/web\/wp-content\/uploads\/2024\/01\/40-pagina-10-periodico-regional-pasto.jpg","contentUrl":"https:\/\/pagina10.com\/web\/wp-content\/uploads\/2024\/01\/40-pagina-10-periodico-regional-pasto.jpg","width":1280,"height":720,"caption":"P\u00e1gina10"},"image":{"@id":"https:\/\/pagina10.com\/web\/#\/schema\/logo\/image\/"},"sameAs":["https:\/\/www.facebook.com\/pag10com","https:\/\/x.com\/Pag10com","https:\/\/www.instagram.com\/pagina10col\/","https:\/\/youtube.com\/channel\/pag10","https:\/\/www.tiktok.com\/@p10col"]},{"@type":"Person","@id":"https:\/\/pagina10.com\/web\/#\/schema\/person\/2efc4a090d25b667d3bc796798a3a81b","name":"P\u00e1gina 10","description":"P\u00e1gina 10 es un peri\u00f3dico regional que nace en Colombia, en el departamento de Nari\u00f1o, con un enfoque global, fundamentado en cuatro pilares esenciales: la libertad, el pluralismo, la inclusi\u00f3n y la independencia. P\u00e1gina 10 hace referencia a Nari\u00f1o como el d\u00e9cimo departamento creado en Colombia, despu\u00e9s de un proceso pol\u00edtico liderado por actores y actrices regionales con el fin de obtener la independencia y autonom\u00eda de nuestros territorios. Con la creaci\u00f3n de P\u00e1gina 10 se pretende abrir un escenario para el dialogo, la reflexi\u00f3n y el debate que se extienda a otras geograf\u00edas de Am\u00e9rica Latina y del planeta, en una apuesta por transformar colectivamente los desaf\u00edos de un mundo contempor\u00e1neo, m\u00e1s all\u00e1 de las fronteras impuestas.","url":"https:\/\/pagina10.com\/web\/author\/pdiezadmin\/"}]}},"_links":{"self":[{"href":"https:\/\/pagina10.com\/web\/wp-json\/wp\/v2\/posts\/57846","targetHints":{"allow":["GET"]}}],"collection":[{"href":"https:\/\/pagina10.com\/web\/wp-json\/wp\/v2\/posts"}],"about":[{"href":"https:\/\/pagina10.com\/web\/wp-json\/wp\/v2\/types\/post"}],"author":[{"embeddable":true,"href":"https:\/\/pagina10.com\/web\/wp-json\/wp\/v2\/users\/1"}],"replies":[{"embeddable":true,"href":"https:\/\/pagina10.com\/web\/wp-json\/wp\/v2\/comments?post=57846"}],"version-history":[{"count":1,"href":"https:\/\/pagina10.com\/web\/wp-json\/wp\/v2\/posts\/57846\/revisions"}],"predecessor-version":[{"id":57848,"href":"https:\/\/pagina10.com\/web\/wp-json\/wp\/v2\/posts\/57846\/revisions\/57848"}],"wp:featuredmedia":[{"embeddable":true,"href":"https:\/\/pagina10.com\/web\/wp-json\/wp\/v2\/media\/57847"}],"wp:attachment":[{"href":"https:\/\/pagina10.com\/web\/wp-json\/wp\/v2\/media?parent=57846"}],"wp:term":[{"taxonomy":"category","embeddable":true,"href":"https:\/\/pagina10.com\/web\/wp-json\/wp\/v2\/categories?post=57846"},{"taxonomy":"post_tag","embeddable":true,"href":"https:\/\/pagina10.com\/web\/wp-json\/wp\/v2\/tags?post=57846"}],"curies":[{"name":"wp","href":"https:\/\/api.w.org\/{rel}","templated":true}]}}