{"id":57849,"date":"2022-01-24T09:58:23","date_gmt":"2022-01-24T14:58:23","guid":{"rendered":"https:\/\/pagina10.com\/web\/?p=57849"},"modified":"2022-01-24T09:58:23","modified_gmt":"2022-01-24T14:58:23","slug":"gobernacion-entrego-puente-en-el-municipio-de-belen-y-anuncio-obras-de-impacto-para-ese-municipio","status":"publish","type":"post","link":"https:\/\/pagina10.com\/web\/gobernacion-entrego-puente-en-el-municipio-de-belen-y-anuncio-obras-de-impacto-para-ese-municipio\/","title":{"rendered":"Gobernaci\u00f3n entreg\u00f3 puente en el municipio de Bel\u00e9n y anunci\u00f3 obras de impacto para ese municipio"},"content":{"rendered":"<p style=\"text-align: justify;\">Con recursos propios aportados por la Gobernaci\u00f3n de Nari\u00f1o, por el orden de los $699 millones, se culmin\u00f3 el puente en el barrio Puertas del Sol del municipio de Bel\u00e9n, una obra prioritaria para el bienestar y desarrollo de esta comunidad. Durante la entrega del puente el Gobernador de Nari\u00f1o, Jhon Rojas, anunci\u00f3 otros proyectos para este municipio del norte de Nari\u00f1o, entre ellas la recuperaci\u00f3n y mejoramiento de las v\u00edas.<\/p>\n<p>El mandatario departamental inform\u00f3 que en marzo se iniciar\u00e1 proyecto para llevar gas domiciliario a familias de estratos 1 y 2 por un valor de $2.000 millones y que, junto con la Alcald\u00eda, se mejorar\u00e1 el parque principal de Bel\u00e9n, un proyecto por $1.200 millones. Adem\u00e1s, el Gobernador de Nari\u00f1o indic\u00f3 que frente al incumplimiento del contratista que ten\u00eda a cargo la pavimentaci\u00f3n de la v\u00eda entre el sector de Plazuelas y La Cruz, se est\u00e1n adelantando las gestiones para que se d\u00e9 la caducidad del contrato y se buscar\u00e1n las alternativas para que esta obra se cumpla para beneficio de la comunidad.<\/p>\n<p>\u201cInvertiremos recursos para acueductos rurales en las veredas La Esperanza y Campo Mar\u00eda Alto y Bajo; nuestra gente de Bel\u00e9n contar\u00e1 con un veh\u00edculo recolector de basuras, inversi\u00f3n que realizaremos por un total de $500 millones\u201d, indic\u00f3 el mandatario departamental.<\/p>\n<p>Por su parte, el Alcalde de Bel\u00e9n, Roque Ortega indic\u00f3 que: \u201cGracias a la cooperaci\u00f3n del Gobernador y a los esfuerzos del municipio le entregamos la obra terminada a la comunidad; tambi\u00e9n, tenemos el inicio de otras obras como la pavimentaci\u00f3n de la v\u00eda Bel\u00e9n \u2013 Plazuelas, que ya est\u00e1 radicado en la Gobernaci\u00f3n de Nari\u00f1o\u201d.<\/p>\n<p>\u201cEste puente abre las puertas hacia el progreso, ya que se piensa radicar las curtiembres en el sector. Este barrio lo construimos de forma ardua ya que los materiales para la construcci\u00f3n de la casa llegaron a trav\u00e9s de una infraestructura improvisada, por eso agradecemos a todas las personas que aportaron para que se termine esta magn\u00edfica obra y muy importante para abrir el progreso a este municipio\u201d, afirm\u00f3 El Presidente de la Junta de Acci\u00f3n Comunal del Barrio Puertas del Sol, Robert Hern\u00e1n Cabrera.a<\/p>\n","protected":false},"excerpt":{"rendered":"<p>Con recursos propios aportados por la Gobernaci\u00f3n de Nari\u00f1o, por el orden de los $699 millones, se culmin\u00f3 el puente en el barrio Puertas del Sol del municipio de Bel\u00e9n, una obra prioritaria para el bienestar y desarrollo de esta comunidad. Durante la entrega del puente el Gobernador de Nari\u00f1o, Jhon Rojas, anunci\u00f3 otros proyectos [&hellip;]<\/p>\n","protected":false},"author":1,"featured_media":57850,"comment_status":"open","ping_status":"open","sticky":false,"template":"","format":"standard","meta":{"footnotes":""},"categories":[53],"tags":[],"class_list":["post-57849","post","type-post","status-publish","format-standard","has-post-thumbnail","hentry","category-regiones"],"yoast_head":"<!-- This site is optimized with the Yoast SEO plugin v27.1.1 - https:\/\/yoast.com\/product\/yoast-seo-wordpress\/ -->\n<title>Gobernaci\u00f3n entreg\u00f3 puente en el municipio de Bel\u00e9n y anunci\u00f3 obras de impacto para ese municipio | P\u00e1gina10<\/title>\n<meta name=\"robots\" content=\"index, follow, max-snippet:-1, max-image-preview:large, max-video-preview:-1\" \/>\n<link rel=\"canonical\" href=\"https:\/\/pagina10.com\/web\/gobernacion-entrego-puente-en-el-municipio-de-belen-y-anuncio-obras-de-impacto-para-ese-municipio\/\" \/>\n<meta property=\"og:locale\" content=\"es_ES\" \/>\n<meta property=\"og:type\" content=\"article\" \/>\n<meta property=\"og:title\" content=\"Gobernaci\u00f3n entreg\u00f3 puente en el municipio de Bel\u00e9n y anunci\u00f3 obras de impacto para ese municipio | P\u00e1gina10\" \/>\n<meta property=\"og:description\" content=\"Con recursos propios aportados por la Gobernaci\u00f3n de Nari\u00f1o, por el orden de los $699 millones, se culmin\u00f3 el puente en el barrio Puertas del Sol del municipio de Bel\u00e9n, una obra prioritaria para el bienestar y desarrollo de esta comunidad. Durante la entrega del puente el Gobernador de Nari\u00f1o, Jhon Rojas, anunci\u00f3 otros proyectos [&hellip;]\" \/>\n<meta property=\"og:url\" content=\"https:\/\/pagina10.com\/web\/gobernacion-entrego-puente-en-el-municipio-de-belen-y-anuncio-obras-de-impacto-para-ese-municipio\/\" \/>\n<meta property=\"og:site_name\" content=\"P\u00e1gina10\" \/>\n<meta property=\"article:publisher\" content=\"https:\/\/www.facebook.com\/pag10com\" \/>\n<meta property=\"article:published_time\" content=\"2022-01-24T14:58:23+00:00\" \/>\n<meta property=\"og:image\" content=\"https:\/\/pagina10.com\/web\/wp-content\/uploads\/2022\/01\/Captura-de-Pantalla-2022-01-24-a-las-9.57.36-a.-m..png\" \/>\n\t<meta property=\"og:image:width\" content=\"529\" \/>\n\t<meta property=\"og:image:height\" content=\"298\" \/>\n\t<meta property=\"og:image:type\" content=\"image\/png\" \/>\n<meta name=\"author\" content=\"P\u00e1gina 10\" \/>\n<meta name=\"twitter:card\" content=\"summary_large_image\" \/>\n<meta name=\"twitter:creator\" content=\"@Pag10com\" \/>\n<meta name=\"twitter:site\" content=\"@Pag10com\" \/>\n<meta name=\"twitter:label1\" content=\"Escrito por\" \/>\n\t<meta name=\"twitter:data1\" content=\"P\u00e1gina 10\" \/>\n\t<meta name=\"twitter:label2\" content=\"Tiempo de lectura\" \/>\n\t<meta name=\"twitter:data2\" content=\"2 minutos\" \/>\n<script type=\"application\/ld+json\" class=\"yoast-schema-graph\">{\"@context\":\"https:\/\/schema.org\",\"@graph\":[{\"@type\":\"Article\",\"@id\":\"https:\/\/pagina10.com\/web\/gobernacion-entrego-puente-en-el-municipio-de-belen-y-anuncio-obras-de-impacto-para-ese-municipio\/#article\",\"isPartOf\":{\"@id\":\"https:\/\/pagina10.com\/web\/gobernacion-entrego-puente-en-el-municipio-de-belen-y-anuncio-obras-de-impacto-para-ese-municipio\/\"},\"author\":{\"name\":\"P\u00e1gina 10\",\"@id\":\"https:\/\/pagina10.com\/web\/#\/schema\/person\/2efc4a090d25b667d3bc796798a3a81b\"},\"headline\":\"Gobernaci\u00f3n entreg\u00f3 puente en el municipio de Bel\u00e9n y anunci\u00f3 obras de impacto para ese municipio\",\"datePublished\":\"2022-01-24T14:58:23+00:00\",\"mainEntityOfPage\":{\"@id\":\"https:\/\/pagina10.com\/web\/gobernacion-entrego-puente-en-el-municipio-de-belen-y-anuncio-obras-de-impacto-para-ese-municipio\/\"},\"wordCount\":400,\"commentCount\":0,\"publisher\":{\"@id\":\"https:\/\/pagina10.com\/web\/#organization\"},\"image\":{\"@id\":\"https:\/\/pagina10.com\/web\/gobernacion-entrego-puente-en-el-municipio-de-belen-y-anuncio-obras-de-impacto-para-ese-municipio\/#primaryimage\"},\"thumbnailUrl\":\"https:\/\/pagina10.com\/web\/wp-content\/uploads\/2022\/01\/Captura-de-Pantalla-2022-01-24-a-las-9.57.36-a.-m..png\",\"articleSection\":[\"Regiones\"],\"inLanguage\":\"es\",\"potentialAction\":[{\"@type\":\"CommentAction\",\"name\":\"Comment\",\"target\":[\"https:\/\/pagina10.com\/web\/gobernacion-entrego-puente-en-el-municipio-de-belen-y-anuncio-obras-de-impacto-para-ese-municipio\/#respond\"]}]},{\"@type\":\"WebPage\",\"@id\":\"https:\/\/pagina10.com\/web\/gobernacion-entrego-puente-en-el-municipio-de-belen-y-anuncio-obras-de-impacto-para-ese-municipio\/\",\"url\":\"https:\/\/pagina10.com\/web\/gobernacion-entrego-puente-en-el-municipio-de-belen-y-anuncio-obras-de-impacto-para-ese-municipio\/\",\"name\":\"Gobernaci\u00f3n entreg\u00f3 puente en el municipio de Bel\u00e9n y anunci\u00f3 obras de impacto para ese municipio | P\u00e1gina10\",\"isPartOf\":{\"@id\":\"https:\/\/pagina10.com\/web\/#website\"},\"primaryImageOfPage\":{\"@id\":\"https:\/\/pagina10.com\/web\/gobernacion-entrego-puente-en-el-municipio-de-belen-y-anuncio-obras-de-impacto-para-ese-municipio\/#primaryimage\"},\"image\":{\"@id\":\"https:\/\/pagina10.com\/web\/gobernacion-entrego-puente-en-el-municipio-de-belen-y-anuncio-obras-de-impacto-para-ese-municipio\/#primaryimage\"},\"thumbnailUrl\":\"https:\/\/pagina10.com\/web\/wp-content\/uploads\/2022\/01\/Captura-de-Pantalla-2022-01-24-a-las-9.57.36-a.-m..png\",\"datePublished\":\"2022-01-24T14:58:23+00:00\",\"breadcrumb\":{\"@id\":\"https:\/\/pagina10.com\/web\/gobernacion-entrego-puente-en-el-municipio-de-belen-y-anuncio-obras-de-impacto-para-ese-municipio\/#breadcrumb\"},\"inLanguage\":\"es\",\"potentialAction\":[{\"@type\":\"ReadAction\",\"target\":[\"https:\/\/pagina10.com\/web\/gobernacion-entrego-puente-en-el-municipio-de-belen-y-anuncio-obras-de-impacto-para-ese-municipio\/\"]}]},{\"@type\":\"ImageObject\",\"inLanguage\":\"es\",\"@id\":\"https:\/\/pagina10.com\/web\/gobernacion-entrego-puente-en-el-municipio-de-belen-y-anuncio-obras-de-impacto-para-ese-municipio\/#primaryimage\",\"url\":\"https:\/\/pagina10.com\/web\/wp-content\/uploads\/2022\/01\/Captura-de-Pantalla-2022-01-24-a-las-9.57.36-a.-m..png\",\"contentUrl\":\"https:\/\/pagina10.com\/web\/wp-content\/uploads\/2022\/01\/Captura-de-Pantalla-2022-01-24-a-las-9.57.36-a.-m..png\",\"width\":529,\"height\":298},{\"@type\":\"BreadcrumbList\",\"@id\":\"https:\/\/pagina10.com\/web\/gobernacion-entrego-puente-en-el-municipio-de-belen-y-anuncio-obras-de-impacto-para-ese-municipio\/#breadcrumb\",\"itemListElement\":[{\"@type\":\"ListItem\",\"position\":1,\"name\":\"Portada\",\"item\":\"https:\/\/pagina10.com\/web\/\"},{\"@type\":\"ListItem\",\"position\":2,\"name\":\"Gobernaci\u00f3n entreg\u00f3 puente en el municipio de Bel\u00e9n y anunci\u00f3 obras de impacto para ese municipio\"}]},{\"@type\":\"WebSite\",\"@id\":\"https:\/\/pagina10.com\/web\/#website\",\"url\":\"https:\/\/pagina10.com\/web\/\",\"name\":\"P\u00e1gina10\",\"description\":\"Peri\u00f3dico Regional\",\"publisher\":{\"@id\":\"https:\/\/pagina10.com\/web\/#organization\"},\"alternateName\":\"P\u00e1gina10 Peri\u00f3dico Regional\",\"potentialAction\":[{\"@type\":\"SearchAction\",\"target\":{\"@type\":\"EntryPoint\",\"urlTemplate\":\"https:\/\/pagina10.com\/web\/?s={search_term_string}\"},\"query-input\":{\"@type\":\"PropertyValueSpecification\",\"valueRequired\":true,\"valueName\":\"search_term_string\"}}],\"inLanguage\":\"es\"},{\"@type\":\"Organization\",\"@id\":\"https:\/\/pagina10.com\/web\/#organization\",\"name\":\"P\u00e1gina10\",\"alternateName\":\"P\u00e1gina10 Peri\u00f3dico Regional\",\"url\":\"https:\/\/pagina10.com\/web\/\",\"logo\":{\"@type\":\"ImageObject\",\"inLanguage\":\"es\",\"@id\":\"https:\/\/pagina10.com\/web\/#\/schema\/logo\/image\/\",\"url\":\"https:\/\/pagina10.com\/web\/wp-content\/uploads\/2024\/01\/40-pagina-10-periodico-regional-pasto.jpg\",\"contentUrl\":\"https:\/\/pagina10.com\/web\/wp-content\/uploads\/2024\/01\/40-pagina-10-periodico-regional-pasto.jpg\",\"width\":1280,\"height\":720,\"caption\":\"P\u00e1gina10\"},\"image\":{\"@id\":\"https:\/\/pagina10.com\/web\/#\/schema\/logo\/image\/\"},\"sameAs\":[\"https:\/\/www.facebook.com\/pag10com\",\"https:\/\/x.com\/Pag10com\",\"https:\/\/www.instagram.com\/pagina10col\/\",\"https:\/\/youtube.com\/channel\/pag10\",\"https:\/\/www.tiktok.com\/@p10col\"]},{\"@type\":\"Person\",\"@id\":\"https:\/\/pagina10.com\/web\/#\/schema\/person\/2efc4a090d25b667d3bc796798a3a81b\",\"name\":\"P\u00e1gina 10\",\"description\":\"P\u00e1gina 10 es un peri\u00f3dico regional que nace en Colombia, en el departamento de Nari\u00f1o, con un enfoque global, fundamentado en cuatro pilares esenciales: la libertad, el pluralismo, la inclusi\u00f3n y la independencia. P\u00e1gina 10 hace referencia a Nari\u00f1o como el d\u00e9cimo departamento creado en Colombia, despu\u00e9s de un proceso pol\u00edtico liderado por actores y actrices regionales con el fin de obtener la independencia y autonom\u00eda de nuestros territorios. Con la creaci\u00f3n de P\u00e1gina 10 se pretende abrir un escenario para el dialogo, la reflexi\u00f3n y el debate que se extienda a otras geograf\u00edas de Am\u00e9rica Latina y del planeta, en una apuesta por transformar colectivamente los desaf\u00edos de un mundo contempor\u00e1neo, m\u00e1s all\u00e1 de las fronteras impuestas.\",\"url\":\"https:\/\/pagina10.com\/web\/author\/pdiezadmin\/\"}]}<\/script>\n<!-- \/ Yoast SEO plugin. -->","yoast_head_json":{"title":"Gobernaci\u00f3n entreg\u00f3 puente en el municipio de Bel\u00e9n y anunci\u00f3 obras de impacto para ese municipio | P\u00e1gina10","robots":{"index":"index","follow":"follow","max-snippet":"max-snippet:-1","max-image-preview":"max-image-preview:large","max-video-preview":"max-video-preview:-1"},"canonical":"https:\/\/pagina10.com\/web\/gobernacion-entrego-puente-en-el-municipio-de-belen-y-anuncio-obras-de-impacto-para-ese-municipio\/","og_locale":"es_ES","og_type":"article","og_title":"Gobernaci\u00f3n entreg\u00f3 puente en el municipio de Bel\u00e9n y anunci\u00f3 obras de impacto para ese municipio | P\u00e1gina10","og_description":"Con recursos propios aportados por la Gobernaci\u00f3n de Nari\u00f1o, por el orden de los $699 millones, se culmin\u00f3 el puente en el barrio Puertas del Sol del municipio de Bel\u00e9n, una obra prioritaria para el bienestar y desarrollo de esta comunidad. Durante la entrega del puente el Gobernador de Nari\u00f1o, Jhon Rojas, anunci\u00f3 otros proyectos [&hellip;]","og_url":"https:\/\/pagina10.com\/web\/gobernacion-entrego-puente-en-el-municipio-de-belen-y-anuncio-obras-de-impacto-para-ese-municipio\/","og_site_name":"P\u00e1gina10","article_publisher":"https:\/\/www.facebook.com\/pag10com","article_published_time":"2022-01-24T14:58:23+00:00","og_image":[{"width":529,"height":298,"url":"https:\/\/pagina10.com\/web\/wp-content\/uploads\/2022\/01\/Captura-de-Pantalla-2022-01-24-a-las-9.57.36-a.-m..png","type":"image\/png"}],"author":"P\u00e1gina 10","twitter_card":"summary_large_image","twitter_creator":"@Pag10com","twitter_site":"@Pag10com","twitter_misc":{"Escrito por":"P\u00e1gina 10","Tiempo de lectura":"2 minutos"},"schema":{"@context":"https:\/\/schema.org","@graph":[{"@type":"Article","@id":"https:\/\/pagina10.com\/web\/gobernacion-entrego-puente-en-el-municipio-de-belen-y-anuncio-obras-de-impacto-para-ese-municipio\/#article","isPartOf":{"@id":"https:\/\/pagina10.com\/web\/gobernacion-entrego-puente-en-el-municipio-de-belen-y-anuncio-obras-de-impacto-para-ese-municipio\/"},"author":{"name":"P\u00e1gina 10","@id":"https:\/\/pagina10.com\/web\/#\/schema\/person\/2efc4a090d25b667d3bc796798a3a81b"},"headline":"Gobernaci\u00f3n entreg\u00f3 puente en el municipio de Bel\u00e9n y anunci\u00f3 obras de impacto para ese municipio","datePublished":"2022-01-24T14:58:23+00:00","mainEntityOfPage":{"@id":"https:\/\/pagina10.com\/web\/gobernacion-entrego-puente-en-el-municipio-de-belen-y-anuncio-obras-de-impacto-para-ese-municipio\/"},"wordCount":400,"commentCount":0,"publisher":{"@id":"https:\/\/pagina10.com\/web\/#organization"},"image":{"@id":"https:\/\/pagina10.com\/web\/gobernacion-entrego-puente-en-el-municipio-de-belen-y-anuncio-obras-de-impacto-para-ese-municipio\/#primaryimage"},"thumbnailUrl":"https:\/\/pagina10.com\/web\/wp-content\/uploads\/2022\/01\/Captura-de-Pantalla-2022-01-24-a-las-9.57.36-a.-m..png","articleSection":["Regiones"],"inLanguage":"es","potentialAction":[{"@type":"CommentAction","name":"Comment","target":["https:\/\/pagina10.com\/web\/gobernacion-entrego-puente-en-el-municipio-de-belen-y-anuncio-obras-de-impacto-para-ese-municipio\/#respond"]}]},{"@type":"WebPage","@id":"https:\/\/pagina10.com\/web\/gobernacion-entrego-puente-en-el-municipio-de-belen-y-anuncio-obras-de-impacto-para-ese-municipio\/","url":"https:\/\/pagina10.com\/web\/gobernacion-entrego-puente-en-el-municipio-de-belen-y-anuncio-obras-de-impacto-para-ese-municipio\/","name":"Gobernaci\u00f3n entreg\u00f3 puente en el municipio de Bel\u00e9n y anunci\u00f3 obras de impacto para ese municipio | P\u00e1gina10","isPartOf":{"@id":"https:\/\/pagina10.com\/web\/#website"},"primaryImageOfPage":{"@id":"https:\/\/pagina10.com\/web\/gobernacion-entrego-puente-en-el-municipio-de-belen-y-anuncio-obras-de-impacto-para-ese-municipio\/#primaryimage"},"image":{"@id":"https:\/\/pagina10.com\/web\/gobernacion-entrego-puente-en-el-municipio-de-belen-y-anuncio-obras-de-impacto-para-ese-municipio\/#primaryimage"},"thumbnailUrl":"https:\/\/pagina10.com\/web\/wp-content\/uploads\/2022\/01\/Captura-de-Pantalla-2022-01-24-a-las-9.57.36-a.-m..png","datePublished":"2022-01-24T14:58:23+00:00","breadcrumb":{"@id":"https:\/\/pagina10.com\/web\/gobernacion-entrego-puente-en-el-municipio-de-belen-y-anuncio-obras-de-impacto-para-ese-municipio\/#breadcrumb"},"inLanguage":"es","potentialAction":[{"@type":"ReadAction","target":["https:\/\/pagina10.com\/web\/gobernacion-entrego-puente-en-el-municipio-de-belen-y-anuncio-obras-de-impacto-para-ese-municipio\/"]}]},{"@type":"ImageObject","inLanguage":"es","@id":"https:\/\/pagina10.com\/web\/gobernacion-entrego-puente-en-el-municipio-de-belen-y-anuncio-obras-de-impacto-para-ese-municipio\/#primaryimage","url":"https:\/\/pagina10.com\/web\/wp-content\/uploads\/2022\/01\/Captura-de-Pantalla-2022-01-24-a-las-9.57.36-a.-m..png","contentUrl":"https:\/\/pagina10.com\/web\/wp-content\/uploads\/2022\/01\/Captura-de-Pantalla-2022-01-24-a-las-9.57.36-a.-m..png","width":529,"height":298},{"@type":"BreadcrumbList","@id":"https:\/\/pagina10.com\/web\/gobernacion-entrego-puente-en-el-municipio-de-belen-y-anuncio-obras-de-impacto-para-ese-municipio\/#breadcrumb","itemListElement":[{"@type":"ListItem","position":1,"name":"Portada","item":"https:\/\/pagina10.com\/web\/"},{"@type":"ListItem","position":2,"name":"Gobernaci\u00f3n entreg\u00f3 puente en el municipio de Bel\u00e9n y anunci\u00f3 obras de impacto para ese municipio"}]},{"@type":"WebSite","@id":"https:\/\/pagina10.com\/web\/#website","url":"https:\/\/pagina10.com\/web\/","name":"P\u00e1gina10","description":"Peri\u00f3dico Regional","publisher":{"@id":"https:\/\/pagina10.com\/web\/#organization"},"alternateName":"P\u00e1gina10 Peri\u00f3dico Regional","potentialAction":[{"@type":"SearchAction","target":{"@type":"EntryPoint","urlTemplate":"https:\/\/pagina10.com\/web\/?s={search_term_string}"},"query-input":{"@type":"PropertyValueSpecification","valueRequired":true,"valueName":"search_term_string"}}],"inLanguage":"es"},{"@type":"Organization","@id":"https:\/\/pagina10.com\/web\/#organization","name":"P\u00e1gina10","alternateName":"P\u00e1gina10 Peri\u00f3dico Regional","url":"https:\/\/pagina10.com\/web\/","logo":{"@type":"ImageObject","inLanguage":"es","@id":"https:\/\/pagina10.com\/web\/#\/schema\/logo\/image\/","url":"https:\/\/pagina10.com\/web\/wp-content\/uploads\/2024\/01\/40-pagina-10-periodico-regional-pasto.jpg","contentUrl":"https:\/\/pagina10.com\/web\/wp-content\/uploads\/2024\/01\/40-pagina-10-periodico-regional-pasto.jpg","width":1280,"height":720,"caption":"P\u00e1gina10"},"image":{"@id":"https:\/\/pagina10.com\/web\/#\/schema\/logo\/image\/"},"sameAs":["https:\/\/www.facebook.com\/pag10com","https:\/\/x.com\/Pag10com","https:\/\/www.instagram.com\/pagina10col\/","https:\/\/youtube.com\/channel\/pag10","https:\/\/www.tiktok.com\/@p10col"]},{"@type":"Person","@id":"https:\/\/pagina10.com\/web\/#\/schema\/person\/2efc4a090d25b667d3bc796798a3a81b","name":"P\u00e1gina 10","description":"P\u00e1gina 10 es un peri\u00f3dico regional que nace en Colombia, en el departamento de Nari\u00f1o, con un enfoque global, fundamentado en cuatro pilares esenciales: la libertad, el pluralismo, la inclusi\u00f3n y la independencia. P\u00e1gina 10 hace referencia a Nari\u00f1o como el d\u00e9cimo departamento creado en Colombia, despu\u00e9s de un proceso pol\u00edtico liderado por actores y actrices regionales con el fin de obtener la independencia y autonom\u00eda de nuestros territorios. Con la creaci\u00f3n de P\u00e1gina 10 se pretende abrir un escenario para el dialogo, la reflexi\u00f3n y el debate que se extienda a otras geograf\u00edas de Am\u00e9rica Latina y del planeta, en una apuesta por transformar colectivamente los desaf\u00edos de un mundo contempor\u00e1neo, m\u00e1s all\u00e1 de las fronteras impuestas.","url":"https:\/\/pagina10.com\/web\/author\/pdiezadmin\/"}]}},"_links":{"self":[{"href":"https:\/\/pagina10.com\/web\/wp-json\/wp\/v2\/posts\/57849","targetHints":{"allow":["GET"]}}],"collection":[{"href":"https:\/\/pagina10.com\/web\/wp-json\/wp\/v2\/posts"}],"about":[{"href":"https:\/\/pagina10.com\/web\/wp-json\/wp\/v2\/types\/post"}],"author":[{"embeddable":true,"href":"https:\/\/pagina10.com\/web\/wp-json\/wp\/v2\/users\/1"}],"replies":[{"embeddable":true,"href":"https:\/\/pagina10.com\/web\/wp-json\/wp\/v2\/comments?post=57849"}],"version-history":[{"count":1,"href":"https:\/\/pagina10.com\/web\/wp-json\/wp\/v2\/posts\/57849\/revisions"}],"predecessor-version":[{"id":57851,"href":"https:\/\/pagina10.com\/web\/wp-json\/wp\/v2\/posts\/57849\/revisions\/57851"}],"wp:featuredmedia":[{"embeddable":true,"href":"https:\/\/pagina10.com\/web\/wp-json\/wp\/v2\/media\/57850"}],"wp:attachment":[{"href":"https:\/\/pagina10.com\/web\/wp-json\/wp\/v2\/media?parent=57849"}],"wp:term":[{"taxonomy":"category","embeddable":true,"href":"https:\/\/pagina10.com\/web\/wp-json\/wp\/v2\/categories?post=57849"},{"taxonomy":"post_tag","embeddable":true,"href":"https:\/\/pagina10.com\/web\/wp-json\/wp\/v2\/tags?post=57849"}],"curies":[{"name":"wp","href":"https:\/\/api.w.org\/{rel}","templated":true}]}}