{"id":57882,"date":"2022-01-25T16:10:45","date_gmt":"2022-01-25T21:10:45","guid":{"rendered":"https:\/\/pagina10.com\/web\/?p=57882"},"modified":"2022-01-25T16:10:45","modified_gmt":"2022-01-25T21:10:45","slug":"gobernacion-de-narino-y-pda-culminaron-entrega-de-tecnologias-no-convencionales-para-potabilizar-agua","status":"publish","type":"post","link":"https:\/\/pagina10.com\/web\/gobernacion-de-narino-y-pda-culminaron-entrega-de-tecnologias-no-convencionales-para-potabilizar-agua\/","title":{"rendered":"Gobernaci\u00f3n de Nari\u00f1o y PDA culminaron entrega de tecnolog\u00edas no convencionales para potabilizar agua"},"content":{"rendered":"<p style=\"text-align: justify;\">La Gobernaci\u00f3n de Nari\u00f1o, a trav\u00e9s de la Subsecretar\u00eda de Econom\u00eda Regional y Agua Potable -PDA Nari\u00f1o, hizo entrega de filtros con tecnolog\u00edas no convencionales a los municipios de Berruecos y Alb\u00e1n, cumpliendo con ello, el 100% de la ejecuci\u00f3n del convenio.<\/p>\n<p>La Subsecretar\u00eda de Econom\u00eda Regional y Agua Potable -PDA Nari\u00f1o, hizo ejecuci\u00f3n del convenio N\u00b01411-19, que permite el acceso al servicio de agua segura, a ni\u00f1os y ni\u00f1as de 150 instituciones educativas y 460 hogares comunitarios rurales de Nari\u00f1o.<\/p>\n<p>El Gestor del PDA Nari\u00f1o, Dar\u00edo Alexander Ch\u00e1ves L\u00f3pez, se desplaz\u00f3 hasta los municipios de Arboleda Berruecos y San Jos\u00e9 de Alb\u00e1n, para hacer entrega de 5 filtros a las sedes educativas de La Guada, Bachillerato, El Volador y Santa Teresa del municipio de Berruecos; as\u00ed mismo, la Instituci\u00f3n Educativa T\u00e9cnica de Chapiurco, en el municipio de San Jos\u00e9 de Alb\u00e1n.<\/p>\n<p>\u201cHoy podemos decir que cumplimos al 100% con estas entregas, con este proyecto que benefici\u00f3 150 Instituciones Educativas y 460 hogares comunitarios. Este es un proyecto focalizado en la ni\u00f1ez, en los j\u00f3venes de nuestro Departamento, sabemos que el agua potable es un pilar fundamental en la construcci\u00f3n de un Nari\u00f1o m\u00e1s competitivo y seguro y por ello, el Ministerio de Vivienda, Ciudad y Territorio ha aprobado a trav\u00e9s, del Plan de Gesti\u00f3n Social del a\u00f1o 2022, continuar con estas entregas, y de esta manera, dar cobertura a todo el Departamento\u201d, afirm\u00f3 el Gestor del Plan Departamental de Agua.<\/p>\n<p>Es necesario recalcar, que el proyecto se ejecuta en una alianza estrat\u00e9gica de recursos humanos, econ\u00f3micos, administrativos, financieros y log\u00edsticos entre el Departamento de Nari\u00f1o, la Universidad de Nari\u00f1o y el Instituto Departamental de Salud de Nari\u00f1o, en la evaluaci\u00f3n de tecnolog\u00edas no convencionales y su apropiaci\u00f3n social al acceso de agua segura, para el mejoramiento de las condiciones de salud de las instituciones educativas y cocinas de hogares tradicionales, en el marco del Plan de Gesti\u00f3n Social, del Plan Departamental de Agua.<\/p>\n<p>La principal funci\u00f3n de estos sistemas de filtraci\u00f3n de agua es eliminar el 99,9% de bacterias, virus y protozoos, presentes en el agua, lo que permite que los estudiantes y ni\u00f1os que pertenecen a estos hogares tradicionales comunitarios accedan al consumo de agua segura.<\/p>\n","protected":false},"excerpt":{"rendered":"<p>La Gobernaci\u00f3n de Nari\u00f1o, a trav\u00e9s de la Subsecretar\u00eda de Econom\u00eda Regional y Agua Potable -PDA Nari\u00f1o, hizo entrega de filtros con tecnolog\u00edas no convencionales a los municipios de Berruecos y Alb\u00e1n, cumpliendo con ello, el 100% de la ejecuci\u00f3n del convenio. La Subsecretar\u00eda de Econom\u00eda Regional y Agua Potable -PDA Nari\u00f1o, hizo ejecuci\u00f3n del [&hellip;]<\/p>\n","protected":false},"author":1,"featured_media":57883,"comment_status":"open","ping_status":"open","sticky":false,"template":"","format":"standard","meta":{"footnotes":""},"categories":[53],"tags":[],"class_list":["post-57882","post","type-post","status-publish","format-standard","has-post-thumbnail","hentry","category-regiones"],"yoast_head":"<!-- This site is optimized with the Yoast SEO plugin v27.1.1 - https:\/\/yoast.com\/product\/yoast-seo-wordpress\/ -->\n<title>Gobernaci\u00f3n de Nari\u00f1o y PDA culminaron entrega de tecnolog\u00edas no convencionales para potabilizar agua | P\u00e1gina10<\/title>\n<meta name=\"robots\" content=\"index, follow, max-snippet:-1, max-image-preview:large, max-video-preview:-1\" \/>\n<link rel=\"canonical\" href=\"https:\/\/pagina10.com\/web\/gobernacion-de-narino-y-pda-culminaron-entrega-de-tecnologias-no-convencionales-para-potabilizar-agua\/\" \/>\n<meta property=\"og:locale\" content=\"es_ES\" \/>\n<meta property=\"og:type\" content=\"article\" \/>\n<meta property=\"og:title\" content=\"Gobernaci\u00f3n de Nari\u00f1o y PDA culminaron entrega de tecnolog\u00edas no convencionales para potabilizar agua | P\u00e1gina10\" \/>\n<meta property=\"og:description\" content=\"La Gobernaci\u00f3n de Nari\u00f1o, a trav\u00e9s de la Subsecretar\u00eda de Econom\u00eda Regional y Agua Potable -PDA Nari\u00f1o, hizo entrega de filtros con tecnolog\u00edas no convencionales a los municipios de Berruecos y Alb\u00e1n, cumpliendo con ello, el 100% de la ejecuci\u00f3n del convenio. La Subsecretar\u00eda de Econom\u00eda Regional y Agua Potable -PDA Nari\u00f1o, hizo ejecuci\u00f3n del [&hellip;]\" \/>\n<meta property=\"og:url\" content=\"https:\/\/pagina10.com\/web\/gobernacion-de-narino-y-pda-culminaron-entrega-de-tecnologias-no-convencionales-para-potabilizar-agua\/\" \/>\n<meta property=\"og:site_name\" content=\"P\u00e1gina10\" \/>\n<meta property=\"article:publisher\" content=\"https:\/\/www.facebook.com\/pag10com\" \/>\n<meta property=\"article:published_time\" content=\"2022-01-25T21:10:45+00:00\" \/>\n<meta property=\"og:image\" content=\"https:\/\/pagina10.com\/web\/wp-content\/uploads\/2022\/01\/Captura-de-Pantalla-2022-01-25-a-las-4.08.53-p.-m..png\" \/>\n\t<meta property=\"og:image:width\" content=\"397\" \/>\n\t<meta property=\"og:image:height\" content=\"260\" \/>\n\t<meta property=\"og:image:type\" content=\"image\/png\" \/>\n<meta name=\"author\" content=\"P\u00e1gina 10\" \/>\n<meta name=\"twitter:card\" content=\"summary_large_image\" \/>\n<meta name=\"twitter:creator\" content=\"@Pag10com\" \/>\n<meta name=\"twitter:site\" content=\"@Pag10com\" \/>\n<meta name=\"twitter:label1\" content=\"Escrito por\" \/>\n\t<meta name=\"twitter:data1\" content=\"P\u00e1gina 10\" \/>\n\t<meta name=\"twitter:label2\" content=\"Tiempo de lectura\" \/>\n\t<meta name=\"twitter:data2\" content=\"2 minutos\" \/>\n<script type=\"application\/ld+json\" class=\"yoast-schema-graph\">{\"@context\":\"https:\/\/schema.org\",\"@graph\":[{\"@type\":\"Article\",\"@id\":\"https:\/\/pagina10.com\/web\/gobernacion-de-narino-y-pda-culminaron-entrega-de-tecnologias-no-convencionales-para-potabilizar-agua\/#article\",\"isPartOf\":{\"@id\":\"https:\/\/pagina10.com\/web\/gobernacion-de-narino-y-pda-culminaron-entrega-de-tecnologias-no-convencionales-para-potabilizar-agua\/\"},\"author\":{\"name\":\"P\u00e1gina 10\",\"@id\":\"https:\/\/pagina10.com\/web\/#\/schema\/person\/2efc4a090d25b667d3bc796798a3a81b\"},\"headline\":\"Gobernaci\u00f3n de Nari\u00f1o y PDA culminaron entrega de tecnolog\u00edas no convencionales para potabilizar agua\",\"datePublished\":\"2022-01-25T21:10:45+00:00\",\"mainEntityOfPage\":{\"@id\":\"https:\/\/pagina10.com\/web\/gobernacion-de-narino-y-pda-culminaron-entrega-de-tecnologias-no-convencionales-para-potabilizar-agua\/\"},\"wordCount\":422,\"commentCount\":0,\"publisher\":{\"@id\":\"https:\/\/pagina10.com\/web\/#organization\"},\"image\":{\"@id\":\"https:\/\/pagina10.com\/web\/gobernacion-de-narino-y-pda-culminaron-entrega-de-tecnologias-no-convencionales-para-potabilizar-agua\/#primaryimage\"},\"thumbnailUrl\":\"https:\/\/pagina10.com\/web\/wp-content\/uploads\/2022\/01\/Captura-de-Pantalla-2022-01-25-a-las-4.08.53-p.-m..png\",\"articleSection\":[\"Regiones\"],\"inLanguage\":\"es\",\"potentialAction\":[{\"@type\":\"CommentAction\",\"name\":\"Comment\",\"target\":[\"https:\/\/pagina10.com\/web\/gobernacion-de-narino-y-pda-culminaron-entrega-de-tecnologias-no-convencionales-para-potabilizar-agua\/#respond\"]}]},{\"@type\":\"WebPage\",\"@id\":\"https:\/\/pagina10.com\/web\/gobernacion-de-narino-y-pda-culminaron-entrega-de-tecnologias-no-convencionales-para-potabilizar-agua\/\",\"url\":\"https:\/\/pagina10.com\/web\/gobernacion-de-narino-y-pda-culminaron-entrega-de-tecnologias-no-convencionales-para-potabilizar-agua\/\",\"name\":\"Gobernaci\u00f3n de Nari\u00f1o y PDA culminaron entrega de tecnolog\u00edas no convencionales para potabilizar agua | P\u00e1gina10\",\"isPartOf\":{\"@id\":\"https:\/\/pagina10.com\/web\/#website\"},\"primaryImageOfPage\":{\"@id\":\"https:\/\/pagina10.com\/web\/gobernacion-de-narino-y-pda-culminaron-entrega-de-tecnologias-no-convencionales-para-potabilizar-agua\/#primaryimage\"},\"image\":{\"@id\":\"https:\/\/pagina10.com\/web\/gobernacion-de-narino-y-pda-culminaron-entrega-de-tecnologias-no-convencionales-para-potabilizar-agua\/#primaryimage\"},\"thumbnailUrl\":\"https:\/\/pagina10.com\/web\/wp-content\/uploads\/2022\/01\/Captura-de-Pantalla-2022-01-25-a-las-4.08.53-p.-m..png\",\"datePublished\":\"2022-01-25T21:10:45+00:00\",\"breadcrumb\":{\"@id\":\"https:\/\/pagina10.com\/web\/gobernacion-de-narino-y-pda-culminaron-entrega-de-tecnologias-no-convencionales-para-potabilizar-agua\/#breadcrumb\"},\"inLanguage\":\"es\",\"potentialAction\":[{\"@type\":\"ReadAction\",\"target\":[\"https:\/\/pagina10.com\/web\/gobernacion-de-narino-y-pda-culminaron-entrega-de-tecnologias-no-convencionales-para-potabilizar-agua\/\"]}]},{\"@type\":\"ImageObject\",\"inLanguage\":\"es\",\"@id\":\"https:\/\/pagina10.com\/web\/gobernacion-de-narino-y-pda-culminaron-entrega-de-tecnologias-no-convencionales-para-potabilizar-agua\/#primaryimage\",\"url\":\"https:\/\/pagina10.com\/web\/wp-content\/uploads\/2022\/01\/Captura-de-Pantalla-2022-01-25-a-las-4.08.53-p.-m..png\",\"contentUrl\":\"https:\/\/pagina10.com\/web\/wp-content\/uploads\/2022\/01\/Captura-de-Pantalla-2022-01-25-a-las-4.08.53-p.-m..png\",\"width\":397,\"height\":260},{\"@type\":\"BreadcrumbList\",\"@id\":\"https:\/\/pagina10.com\/web\/gobernacion-de-narino-y-pda-culminaron-entrega-de-tecnologias-no-convencionales-para-potabilizar-agua\/#breadcrumb\",\"itemListElement\":[{\"@type\":\"ListItem\",\"position\":1,\"name\":\"Portada\",\"item\":\"https:\/\/pagina10.com\/web\/\"},{\"@type\":\"ListItem\",\"position\":2,\"name\":\"Gobernaci\u00f3n de Nari\u00f1o y PDA culminaron entrega de tecnolog\u00edas no convencionales para potabilizar agua\"}]},{\"@type\":\"WebSite\",\"@id\":\"https:\/\/pagina10.com\/web\/#website\",\"url\":\"https:\/\/pagina10.com\/web\/\",\"name\":\"P\u00e1gina10\",\"description\":\"Peri\u00f3dico Regional\",\"publisher\":{\"@id\":\"https:\/\/pagina10.com\/web\/#organization\"},\"alternateName\":\"P\u00e1gina10 Peri\u00f3dico Regional\",\"potentialAction\":[{\"@type\":\"SearchAction\",\"target\":{\"@type\":\"EntryPoint\",\"urlTemplate\":\"https:\/\/pagina10.com\/web\/?s={search_term_string}\"},\"query-input\":{\"@type\":\"PropertyValueSpecification\",\"valueRequired\":true,\"valueName\":\"search_term_string\"}}],\"inLanguage\":\"es\"},{\"@type\":\"Organization\",\"@id\":\"https:\/\/pagina10.com\/web\/#organization\",\"name\":\"P\u00e1gina10\",\"alternateName\":\"P\u00e1gina10 Peri\u00f3dico Regional\",\"url\":\"https:\/\/pagina10.com\/web\/\",\"logo\":{\"@type\":\"ImageObject\",\"inLanguage\":\"es\",\"@id\":\"https:\/\/pagina10.com\/web\/#\/schema\/logo\/image\/\",\"url\":\"https:\/\/pagina10.com\/web\/wp-content\/uploads\/2024\/01\/40-pagina-10-periodico-regional-pasto.jpg\",\"contentUrl\":\"https:\/\/pagina10.com\/web\/wp-content\/uploads\/2024\/01\/40-pagina-10-periodico-regional-pasto.jpg\",\"width\":1280,\"height\":720,\"caption\":\"P\u00e1gina10\"},\"image\":{\"@id\":\"https:\/\/pagina10.com\/web\/#\/schema\/logo\/image\/\"},\"sameAs\":[\"https:\/\/www.facebook.com\/pag10com\",\"https:\/\/x.com\/Pag10com\",\"https:\/\/www.instagram.com\/pagina10col\/\",\"https:\/\/youtube.com\/channel\/pag10\",\"https:\/\/www.tiktok.com\/@p10col\"]},{\"@type\":\"Person\",\"@id\":\"https:\/\/pagina10.com\/web\/#\/schema\/person\/2efc4a090d25b667d3bc796798a3a81b\",\"name\":\"P\u00e1gina 10\",\"description\":\"P\u00e1gina 10 es un peri\u00f3dico regional que nace en Colombia, en el departamento de Nari\u00f1o, con un enfoque global, fundamentado en cuatro pilares esenciales: la libertad, el pluralismo, la inclusi\u00f3n y la independencia. P\u00e1gina 10 hace referencia a Nari\u00f1o como el d\u00e9cimo departamento creado en Colombia, despu\u00e9s de un proceso pol\u00edtico liderado por actores y actrices regionales con el fin de obtener la independencia y autonom\u00eda de nuestros territorios. Con la creaci\u00f3n de P\u00e1gina 10 se pretende abrir un escenario para el dialogo, la reflexi\u00f3n y el debate que se extienda a otras geograf\u00edas de Am\u00e9rica Latina y del planeta, en una apuesta por transformar colectivamente los desaf\u00edos de un mundo contempor\u00e1neo, m\u00e1s all\u00e1 de las fronteras impuestas.\",\"url\":\"https:\/\/pagina10.com\/web\/author\/pdiezadmin\/\"}]}<\/script>\n<!-- \/ Yoast SEO plugin. -->","yoast_head_json":{"title":"Gobernaci\u00f3n de Nari\u00f1o y PDA culminaron entrega de tecnolog\u00edas no convencionales para potabilizar agua | P\u00e1gina10","robots":{"index":"index","follow":"follow","max-snippet":"max-snippet:-1","max-image-preview":"max-image-preview:large","max-video-preview":"max-video-preview:-1"},"canonical":"https:\/\/pagina10.com\/web\/gobernacion-de-narino-y-pda-culminaron-entrega-de-tecnologias-no-convencionales-para-potabilizar-agua\/","og_locale":"es_ES","og_type":"article","og_title":"Gobernaci\u00f3n de Nari\u00f1o y PDA culminaron entrega de tecnolog\u00edas no convencionales para potabilizar agua | P\u00e1gina10","og_description":"La Gobernaci\u00f3n de Nari\u00f1o, a trav\u00e9s de la Subsecretar\u00eda de Econom\u00eda Regional y Agua Potable -PDA Nari\u00f1o, hizo entrega de filtros con tecnolog\u00edas no convencionales a los municipios de Berruecos y Alb\u00e1n, cumpliendo con ello, el 100% de la ejecuci\u00f3n del convenio. La Subsecretar\u00eda de Econom\u00eda Regional y Agua Potable -PDA Nari\u00f1o, hizo ejecuci\u00f3n del [&hellip;]","og_url":"https:\/\/pagina10.com\/web\/gobernacion-de-narino-y-pda-culminaron-entrega-de-tecnologias-no-convencionales-para-potabilizar-agua\/","og_site_name":"P\u00e1gina10","article_publisher":"https:\/\/www.facebook.com\/pag10com","article_published_time":"2022-01-25T21:10:45+00:00","og_image":[{"width":397,"height":260,"url":"https:\/\/pagina10.com\/web\/wp-content\/uploads\/2022\/01\/Captura-de-Pantalla-2022-01-25-a-las-4.08.53-p.-m..png","type":"image\/png"}],"author":"P\u00e1gina 10","twitter_card":"summary_large_image","twitter_creator":"@Pag10com","twitter_site":"@Pag10com","twitter_misc":{"Escrito por":"P\u00e1gina 10","Tiempo de lectura":"2 minutos"},"schema":{"@context":"https:\/\/schema.org","@graph":[{"@type":"Article","@id":"https:\/\/pagina10.com\/web\/gobernacion-de-narino-y-pda-culminaron-entrega-de-tecnologias-no-convencionales-para-potabilizar-agua\/#article","isPartOf":{"@id":"https:\/\/pagina10.com\/web\/gobernacion-de-narino-y-pda-culminaron-entrega-de-tecnologias-no-convencionales-para-potabilizar-agua\/"},"author":{"name":"P\u00e1gina 10","@id":"https:\/\/pagina10.com\/web\/#\/schema\/person\/2efc4a090d25b667d3bc796798a3a81b"},"headline":"Gobernaci\u00f3n de Nari\u00f1o y PDA culminaron entrega de tecnolog\u00edas no convencionales para potabilizar agua","datePublished":"2022-01-25T21:10:45+00:00","mainEntityOfPage":{"@id":"https:\/\/pagina10.com\/web\/gobernacion-de-narino-y-pda-culminaron-entrega-de-tecnologias-no-convencionales-para-potabilizar-agua\/"},"wordCount":422,"commentCount":0,"publisher":{"@id":"https:\/\/pagina10.com\/web\/#organization"},"image":{"@id":"https:\/\/pagina10.com\/web\/gobernacion-de-narino-y-pda-culminaron-entrega-de-tecnologias-no-convencionales-para-potabilizar-agua\/#primaryimage"},"thumbnailUrl":"https:\/\/pagina10.com\/web\/wp-content\/uploads\/2022\/01\/Captura-de-Pantalla-2022-01-25-a-las-4.08.53-p.-m..png","articleSection":["Regiones"],"inLanguage":"es","potentialAction":[{"@type":"CommentAction","name":"Comment","target":["https:\/\/pagina10.com\/web\/gobernacion-de-narino-y-pda-culminaron-entrega-de-tecnologias-no-convencionales-para-potabilizar-agua\/#respond"]}]},{"@type":"WebPage","@id":"https:\/\/pagina10.com\/web\/gobernacion-de-narino-y-pda-culminaron-entrega-de-tecnologias-no-convencionales-para-potabilizar-agua\/","url":"https:\/\/pagina10.com\/web\/gobernacion-de-narino-y-pda-culminaron-entrega-de-tecnologias-no-convencionales-para-potabilizar-agua\/","name":"Gobernaci\u00f3n de Nari\u00f1o y PDA culminaron entrega de tecnolog\u00edas no convencionales para potabilizar agua | P\u00e1gina10","isPartOf":{"@id":"https:\/\/pagina10.com\/web\/#website"},"primaryImageOfPage":{"@id":"https:\/\/pagina10.com\/web\/gobernacion-de-narino-y-pda-culminaron-entrega-de-tecnologias-no-convencionales-para-potabilizar-agua\/#primaryimage"},"image":{"@id":"https:\/\/pagina10.com\/web\/gobernacion-de-narino-y-pda-culminaron-entrega-de-tecnologias-no-convencionales-para-potabilizar-agua\/#primaryimage"},"thumbnailUrl":"https:\/\/pagina10.com\/web\/wp-content\/uploads\/2022\/01\/Captura-de-Pantalla-2022-01-25-a-las-4.08.53-p.-m..png","datePublished":"2022-01-25T21:10:45+00:00","breadcrumb":{"@id":"https:\/\/pagina10.com\/web\/gobernacion-de-narino-y-pda-culminaron-entrega-de-tecnologias-no-convencionales-para-potabilizar-agua\/#breadcrumb"},"inLanguage":"es","potentialAction":[{"@type":"ReadAction","target":["https:\/\/pagina10.com\/web\/gobernacion-de-narino-y-pda-culminaron-entrega-de-tecnologias-no-convencionales-para-potabilizar-agua\/"]}]},{"@type":"ImageObject","inLanguage":"es","@id":"https:\/\/pagina10.com\/web\/gobernacion-de-narino-y-pda-culminaron-entrega-de-tecnologias-no-convencionales-para-potabilizar-agua\/#primaryimage","url":"https:\/\/pagina10.com\/web\/wp-content\/uploads\/2022\/01\/Captura-de-Pantalla-2022-01-25-a-las-4.08.53-p.-m..png","contentUrl":"https:\/\/pagina10.com\/web\/wp-content\/uploads\/2022\/01\/Captura-de-Pantalla-2022-01-25-a-las-4.08.53-p.-m..png","width":397,"height":260},{"@type":"BreadcrumbList","@id":"https:\/\/pagina10.com\/web\/gobernacion-de-narino-y-pda-culminaron-entrega-de-tecnologias-no-convencionales-para-potabilizar-agua\/#breadcrumb","itemListElement":[{"@type":"ListItem","position":1,"name":"Portada","item":"https:\/\/pagina10.com\/web\/"},{"@type":"ListItem","position":2,"name":"Gobernaci\u00f3n de Nari\u00f1o y PDA culminaron entrega de tecnolog\u00edas no convencionales para potabilizar agua"}]},{"@type":"WebSite","@id":"https:\/\/pagina10.com\/web\/#website","url":"https:\/\/pagina10.com\/web\/","name":"P\u00e1gina10","description":"Peri\u00f3dico Regional","publisher":{"@id":"https:\/\/pagina10.com\/web\/#organization"},"alternateName":"P\u00e1gina10 Peri\u00f3dico Regional","potentialAction":[{"@type":"SearchAction","target":{"@type":"EntryPoint","urlTemplate":"https:\/\/pagina10.com\/web\/?s={search_term_string}"},"query-input":{"@type":"PropertyValueSpecification","valueRequired":true,"valueName":"search_term_string"}}],"inLanguage":"es"},{"@type":"Organization","@id":"https:\/\/pagina10.com\/web\/#organization","name":"P\u00e1gina10","alternateName":"P\u00e1gina10 Peri\u00f3dico Regional","url":"https:\/\/pagina10.com\/web\/","logo":{"@type":"ImageObject","inLanguage":"es","@id":"https:\/\/pagina10.com\/web\/#\/schema\/logo\/image\/","url":"https:\/\/pagina10.com\/web\/wp-content\/uploads\/2024\/01\/40-pagina-10-periodico-regional-pasto.jpg","contentUrl":"https:\/\/pagina10.com\/web\/wp-content\/uploads\/2024\/01\/40-pagina-10-periodico-regional-pasto.jpg","width":1280,"height":720,"caption":"P\u00e1gina10"},"image":{"@id":"https:\/\/pagina10.com\/web\/#\/schema\/logo\/image\/"},"sameAs":["https:\/\/www.facebook.com\/pag10com","https:\/\/x.com\/Pag10com","https:\/\/www.instagram.com\/pagina10col\/","https:\/\/youtube.com\/channel\/pag10","https:\/\/www.tiktok.com\/@p10col"]},{"@type":"Person","@id":"https:\/\/pagina10.com\/web\/#\/schema\/person\/2efc4a090d25b667d3bc796798a3a81b","name":"P\u00e1gina 10","description":"P\u00e1gina 10 es un peri\u00f3dico regional que nace en Colombia, en el departamento de Nari\u00f1o, con un enfoque global, fundamentado en cuatro pilares esenciales: la libertad, el pluralismo, la inclusi\u00f3n y la independencia. P\u00e1gina 10 hace referencia a Nari\u00f1o como el d\u00e9cimo departamento creado en Colombia, despu\u00e9s de un proceso pol\u00edtico liderado por actores y actrices regionales con el fin de obtener la independencia y autonom\u00eda de nuestros territorios. Con la creaci\u00f3n de P\u00e1gina 10 se pretende abrir un escenario para el dialogo, la reflexi\u00f3n y el debate que se extienda a otras geograf\u00edas de Am\u00e9rica Latina y del planeta, en una apuesta por transformar colectivamente los desaf\u00edos de un mundo contempor\u00e1neo, m\u00e1s all\u00e1 de las fronteras impuestas.","url":"https:\/\/pagina10.com\/web\/author\/pdiezadmin\/"}]}},"_links":{"self":[{"href":"https:\/\/pagina10.com\/web\/wp-json\/wp\/v2\/posts\/57882","targetHints":{"allow":["GET"]}}],"collection":[{"href":"https:\/\/pagina10.com\/web\/wp-json\/wp\/v2\/posts"}],"about":[{"href":"https:\/\/pagina10.com\/web\/wp-json\/wp\/v2\/types\/post"}],"author":[{"embeddable":true,"href":"https:\/\/pagina10.com\/web\/wp-json\/wp\/v2\/users\/1"}],"replies":[{"embeddable":true,"href":"https:\/\/pagina10.com\/web\/wp-json\/wp\/v2\/comments?post=57882"}],"version-history":[{"count":1,"href":"https:\/\/pagina10.com\/web\/wp-json\/wp\/v2\/posts\/57882\/revisions"}],"predecessor-version":[{"id":57884,"href":"https:\/\/pagina10.com\/web\/wp-json\/wp\/v2\/posts\/57882\/revisions\/57884"}],"wp:featuredmedia":[{"embeddable":true,"href":"https:\/\/pagina10.com\/web\/wp-json\/wp\/v2\/media\/57883"}],"wp:attachment":[{"href":"https:\/\/pagina10.com\/web\/wp-json\/wp\/v2\/media?parent=57882"}],"wp:term":[{"taxonomy":"category","embeddable":true,"href":"https:\/\/pagina10.com\/web\/wp-json\/wp\/v2\/categories?post=57882"},{"taxonomy":"post_tag","embeddable":true,"href":"https:\/\/pagina10.com\/web\/wp-json\/wp\/v2\/tags?post=57882"}],"curies":[{"name":"wp","href":"https:\/\/api.w.org\/{rel}","templated":true}]}}