{"id":57901,"date":"2022-01-26T21:15:14","date_gmt":"2022-01-27T02:15:14","guid":{"rendered":"https:\/\/pagina10.com\/web\/?p=57901"},"modified":"2022-01-26T21:17:10","modified_gmt":"2022-01-27T02:17:10","slug":"romero-entre-el-debate-presidencial-y-su-juicio-penal","status":"publish","type":"post","link":"https:\/\/pagina10.com\/web\/romero-entre-el-debate-presidencial-y-su-juicio-penal\/","title":{"rendered":"Romero, entre el debate presidencial y su juicio penal."},"content":{"rendered":"<p style=\"text-align: justify;\">Ayer el precandidato presidencial, Camilo Romero, se vio entre la espada y la pared. Por un lado, deb\u00eda asistir <a href=\"https:\/\/pagina10.com\/web\/fiscalia-acuso-formalmente-al-gobernador-camilo-romero-por-contratacion-irregular\/\">al juicio penal por los delitos imputados por la supuesta comercializaci\u00f3n irregular de 80.000 cajas de aguardiente Nari\u00f1o<\/a>, y por otro lado, \u00a0participaba en el debate presidencial organizado por El Tiempo y revista Semana.<\/p>\n<p style=\"text-align: justify;\">Durante la sesi\u00f3n en la Corte Suprema de Justicia, la abogada designada por la Defensor\u00eda del Pueblo mencion\u00f3 que no estaba en la facultad de asumir la defensa de Romero debido al poco tiempo que ha tenido para revisar todo el expediente. Por su parte, el precandidato Romero se\u00f1al\u00f3 que no ten\u00eda garant\u00edas y solicit\u00f3 de manera desesperante a los magistrados que se le permita la designaci\u00f3n de un abogado de confianza y un intervalo de tiempo adecuado para la verificaci\u00f3n de pruebas. Ante la solicitud de una nueva suspensi\u00f3n de la audiencia, la Corte se neg\u00f3 rotundamente alegando que el caso se encuentra en la etapa de juicio, adem\u00e1s de mencionar que la misma solicitud ya se hab\u00eda hecho en dos ocasiones anteriores. Al respecto el Magistrado Ariel Rojas se\u00f1al\u00f3 que esta actuaci\u00f3n se podr\u00eda enmarcar en una maniobra de dilaci\u00f3n del proceso ante la justicia por parte del exgobernador.<\/p>\n<p style=\"text-align: justify;\">El hecho m\u00e1s curioso que se present\u00f3 en la audiencia fue que el exmandatario Romero abandon\u00f3 la sala para hacer presencia en el debate pol\u00edtico. Ante esta situaci\u00f3n at\u00edpica, Romero dej\u00f3 a su asistente en su representaci\u00f3n. Asistente, tal como fue confirmado por el secretario de la sala especial, es la cu\u00f1ada Esmeralda Hern\u00e1ndez, actual candidata al senado por el Pacto Hist\u00f3rico.<\/p>\n<p style=\"text-align: justify;\">El precandidato tendr\u00e1 que seguir respondiendo a la justicia por su actuaci\u00f3n adelantada en su pas\u00f3 por la gobernaci\u00f3n, ante lo cual el docente universitario Chucho Mart\u00ednez, expres\u00f3: \u201cEl mejor aporte que le puede hacer Camilo Romero a la campa\u00f1a de Gustavo Petro es retir\u00e1ndose de sus aspiraciones personales y dedic\u00e1ndose a su defensa ante la Corte. Ya tiene a su cu\u00f1ada en el puesto 14 de la lista al senado del Pacto Hist\u00f3rico. \u00bfQu\u00e9 m\u00e1s quiere?\u201d<\/p>\n<p><iframe title=\"YouTube video player\" src=\"https:\/\/www.youtube.com\/embed\/cXObnHAmc9s\" width=\"560\" height=\"315\" frameborder=\"0\" allowfullscreen=\"allowfullscreen\"><\/iframe><\/p>\n","protected":false},"excerpt":{"rendered":"<p>Ayer el precandidato presidencial, Camilo Romero, se vio entre la espada y la pared. Por un lado, deb\u00eda asistir al juicio penal por los delitos imputados por la supuesta comercializaci\u00f3n irregular de 80.000 cajas de aguardiente Nari\u00f1o, y por otro lado, \u00a0participaba en el debate presidencial organizado por El Tiempo y revista Semana. Durante la [&hellip;]<\/p>\n","protected":false},"author":1,"featured_media":57902,"comment_status":"open","ping_status":"open","sticky":false,"template":"","format":"standard","meta":{"footnotes":""},"categories":[84],"tags":[],"class_list":["post-57901","post","type-post","status-publish","format-standard","has-post-thumbnail","hentry","category-global-2"],"yoast_head":"<!-- This site is optimized with the Yoast SEO plugin v27.1.1 - https:\/\/yoast.com\/product\/yoast-seo-wordpress\/ -->\n<title>Romero, entre el debate presidencial y su juicio penal. | P\u00e1gina10<\/title>\n<meta name=\"robots\" content=\"index, follow, max-snippet:-1, max-image-preview:large, max-video-preview:-1\" \/>\n<link rel=\"canonical\" href=\"https:\/\/pagina10.com\/web\/romero-entre-el-debate-presidencial-y-su-juicio-penal\/\" \/>\n<meta property=\"og:locale\" content=\"es_ES\" \/>\n<meta property=\"og:type\" content=\"article\" \/>\n<meta property=\"og:title\" content=\"Romero, entre el debate presidencial y su juicio penal. | P\u00e1gina10\" \/>\n<meta property=\"og:description\" content=\"Ayer el precandidato presidencial, Camilo Romero, se vio entre la espada y la pared. Por un lado, deb\u00eda asistir al juicio penal por los delitos imputados por la supuesta comercializaci\u00f3n irregular de 80.000 cajas de aguardiente Nari\u00f1o, y por otro lado, participaba en el debate presidencial organizado por El Tiempo y revista Semana. Durante la [&hellip;]\" \/>\n<meta property=\"og:url\" content=\"https:\/\/pagina10.com\/web\/romero-entre-el-debate-presidencial-y-su-juicio-penal\/\" \/>\n<meta property=\"og:site_name\" content=\"P\u00e1gina10\" \/>\n<meta property=\"article:publisher\" content=\"https:\/\/www.facebook.com\/pag10com\" \/>\n<meta property=\"article:published_time\" content=\"2022-01-27T02:15:14+00:00\" \/>\n<meta property=\"article:modified_time\" content=\"2022-01-27T02:17:10+00:00\" \/>\n<meta property=\"og:image\" content=\"https:\/\/pagina10.com\/web\/wp-content\/uploads\/2022\/01\/WhatsApp-Image-2022-01-25-at-9.21.19-AM.jpeg\" \/>\n\t<meta property=\"og:image:width\" content=\"572\" \/>\n\t<meta property=\"og:image:height\" content=\"384\" \/>\n\t<meta property=\"og:image:type\" content=\"image\/jpeg\" \/>\n<meta name=\"author\" content=\"P\u00e1gina 10\" \/>\n<meta name=\"twitter:card\" content=\"summary_large_image\" \/>\n<meta name=\"twitter:creator\" content=\"@Pag10com\" \/>\n<meta name=\"twitter:site\" content=\"@Pag10com\" \/>\n<meta name=\"twitter:label1\" content=\"Escrito por\" \/>\n\t<meta name=\"twitter:data1\" content=\"P\u00e1gina 10\" \/>\n\t<meta name=\"twitter:label2\" content=\"Tiempo de lectura\" \/>\n\t<meta name=\"twitter:data2\" content=\"2 minutos\" \/>\n<script type=\"application\/ld+json\" class=\"yoast-schema-graph\">{\"@context\":\"https:\/\/schema.org\",\"@graph\":[{\"@type\":\"Article\",\"@id\":\"https:\/\/pagina10.com\/web\/romero-entre-el-debate-presidencial-y-su-juicio-penal\/#article\",\"isPartOf\":{\"@id\":\"https:\/\/pagina10.com\/web\/romero-entre-el-debate-presidencial-y-su-juicio-penal\/\"},\"author\":{\"name\":\"P\u00e1gina 10\",\"@id\":\"https:\/\/pagina10.com\/web\/#\/schema\/person\/2efc4a090d25b667d3bc796798a3a81b\"},\"headline\":\"Romero, entre el debate presidencial y su juicio penal.\",\"datePublished\":\"2022-01-27T02:15:14+00:00\",\"dateModified\":\"2022-01-27T02:17:10+00:00\",\"mainEntityOfPage\":{\"@id\":\"https:\/\/pagina10.com\/web\/romero-entre-el-debate-presidencial-y-su-juicio-penal\/\"},\"wordCount\":384,\"commentCount\":0,\"publisher\":{\"@id\":\"https:\/\/pagina10.com\/web\/#organization\"},\"image\":{\"@id\":\"https:\/\/pagina10.com\/web\/romero-entre-el-debate-presidencial-y-su-juicio-penal\/#primaryimage\"},\"thumbnailUrl\":\"https:\/\/pagina10.com\/web\/wp-content\/uploads\/2022\/01\/WhatsApp-Image-2022-01-25-at-9.21.19-AM.jpeg\",\"articleSection\":[\"Global\"],\"inLanguage\":\"es\",\"potentialAction\":[{\"@type\":\"CommentAction\",\"name\":\"Comment\",\"target\":[\"https:\/\/pagina10.com\/web\/romero-entre-el-debate-presidencial-y-su-juicio-penal\/#respond\"]}]},{\"@type\":\"WebPage\",\"@id\":\"https:\/\/pagina10.com\/web\/romero-entre-el-debate-presidencial-y-su-juicio-penal\/\",\"url\":\"https:\/\/pagina10.com\/web\/romero-entre-el-debate-presidencial-y-su-juicio-penal\/\",\"name\":\"Romero, entre el debate presidencial y su juicio penal. | P\u00e1gina10\",\"isPartOf\":{\"@id\":\"https:\/\/pagina10.com\/web\/#website\"},\"primaryImageOfPage\":{\"@id\":\"https:\/\/pagina10.com\/web\/romero-entre-el-debate-presidencial-y-su-juicio-penal\/#primaryimage\"},\"image\":{\"@id\":\"https:\/\/pagina10.com\/web\/romero-entre-el-debate-presidencial-y-su-juicio-penal\/#primaryimage\"},\"thumbnailUrl\":\"https:\/\/pagina10.com\/web\/wp-content\/uploads\/2022\/01\/WhatsApp-Image-2022-01-25-at-9.21.19-AM.jpeg\",\"datePublished\":\"2022-01-27T02:15:14+00:00\",\"dateModified\":\"2022-01-27T02:17:10+00:00\",\"breadcrumb\":{\"@id\":\"https:\/\/pagina10.com\/web\/romero-entre-el-debate-presidencial-y-su-juicio-penal\/#breadcrumb\"},\"inLanguage\":\"es\",\"potentialAction\":[{\"@type\":\"ReadAction\",\"target\":[\"https:\/\/pagina10.com\/web\/romero-entre-el-debate-presidencial-y-su-juicio-penal\/\"]}]},{\"@type\":\"ImageObject\",\"inLanguage\":\"es\",\"@id\":\"https:\/\/pagina10.com\/web\/romero-entre-el-debate-presidencial-y-su-juicio-penal\/#primaryimage\",\"url\":\"https:\/\/pagina10.com\/web\/wp-content\/uploads\/2022\/01\/WhatsApp-Image-2022-01-25-at-9.21.19-AM.jpeg\",\"contentUrl\":\"https:\/\/pagina10.com\/web\/wp-content\/uploads\/2022\/01\/WhatsApp-Image-2022-01-25-at-9.21.19-AM.jpeg\",\"width\":572,\"height\":384},{\"@type\":\"BreadcrumbList\",\"@id\":\"https:\/\/pagina10.com\/web\/romero-entre-el-debate-presidencial-y-su-juicio-penal\/#breadcrumb\",\"itemListElement\":[{\"@type\":\"ListItem\",\"position\":1,\"name\":\"Portada\",\"item\":\"https:\/\/pagina10.com\/web\/\"},{\"@type\":\"ListItem\",\"position\":2,\"name\":\"Romero, entre el debate presidencial y su juicio penal.\"}]},{\"@type\":\"WebSite\",\"@id\":\"https:\/\/pagina10.com\/web\/#website\",\"url\":\"https:\/\/pagina10.com\/web\/\",\"name\":\"P\u00e1gina10\",\"description\":\"Peri\u00f3dico Regional\",\"publisher\":{\"@id\":\"https:\/\/pagina10.com\/web\/#organization\"},\"alternateName\":\"P\u00e1gina10 Peri\u00f3dico Regional\",\"potentialAction\":[{\"@type\":\"SearchAction\",\"target\":{\"@type\":\"EntryPoint\",\"urlTemplate\":\"https:\/\/pagina10.com\/web\/?s={search_term_string}\"},\"query-input\":{\"@type\":\"PropertyValueSpecification\",\"valueRequired\":true,\"valueName\":\"search_term_string\"}}],\"inLanguage\":\"es\"},{\"@type\":\"Organization\",\"@id\":\"https:\/\/pagina10.com\/web\/#organization\",\"name\":\"P\u00e1gina10\",\"alternateName\":\"P\u00e1gina10 Peri\u00f3dico Regional\",\"url\":\"https:\/\/pagina10.com\/web\/\",\"logo\":{\"@type\":\"ImageObject\",\"inLanguage\":\"es\",\"@id\":\"https:\/\/pagina10.com\/web\/#\/schema\/logo\/image\/\",\"url\":\"https:\/\/pagina10.com\/web\/wp-content\/uploads\/2024\/01\/40-pagina-10-periodico-regional-pasto.jpg\",\"contentUrl\":\"https:\/\/pagina10.com\/web\/wp-content\/uploads\/2024\/01\/40-pagina-10-periodico-regional-pasto.jpg\",\"width\":1280,\"height\":720,\"caption\":\"P\u00e1gina10\"},\"image\":{\"@id\":\"https:\/\/pagina10.com\/web\/#\/schema\/logo\/image\/\"},\"sameAs\":[\"https:\/\/www.facebook.com\/pag10com\",\"https:\/\/x.com\/Pag10com\",\"https:\/\/www.instagram.com\/pagina10col\/\",\"https:\/\/youtube.com\/channel\/pag10\",\"https:\/\/www.tiktok.com\/@p10col\"]},{\"@type\":\"Person\",\"@id\":\"https:\/\/pagina10.com\/web\/#\/schema\/person\/2efc4a090d25b667d3bc796798a3a81b\",\"name\":\"P\u00e1gina 10\",\"description\":\"P\u00e1gina 10 es un peri\u00f3dico regional que nace en Colombia, en el departamento de Nari\u00f1o, con un enfoque global, fundamentado en cuatro pilares esenciales: la libertad, el pluralismo, la inclusi\u00f3n y la independencia. P\u00e1gina 10 hace referencia a Nari\u00f1o como el d\u00e9cimo departamento creado en Colombia, despu\u00e9s de un proceso pol\u00edtico liderado por actores y actrices regionales con el fin de obtener la independencia y autonom\u00eda de nuestros territorios. Con la creaci\u00f3n de P\u00e1gina 10 se pretende abrir un escenario para el dialogo, la reflexi\u00f3n y el debate que se extienda a otras geograf\u00edas de Am\u00e9rica Latina y del planeta, en una apuesta por transformar colectivamente los desaf\u00edos de un mundo contempor\u00e1neo, m\u00e1s all\u00e1 de las fronteras impuestas.\",\"url\":\"https:\/\/pagina10.com\/web\/author\/pdiezadmin\/\"}]}<\/script>\n<!-- \/ Yoast SEO plugin. -->","yoast_head_json":{"title":"Romero, entre el debate presidencial y su juicio penal. | P\u00e1gina10","robots":{"index":"index","follow":"follow","max-snippet":"max-snippet:-1","max-image-preview":"max-image-preview:large","max-video-preview":"max-video-preview:-1"},"canonical":"https:\/\/pagina10.com\/web\/romero-entre-el-debate-presidencial-y-su-juicio-penal\/","og_locale":"es_ES","og_type":"article","og_title":"Romero, entre el debate presidencial y su juicio penal. | P\u00e1gina10","og_description":"Ayer el precandidato presidencial, Camilo Romero, se vio entre la espada y la pared. Por un lado, deb\u00eda asistir al juicio penal por los delitos imputados por la supuesta comercializaci\u00f3n irregular de 80.000 cajas de aguardiente Nari\u00f1o, y por otro lado, participaba en el debate presidencial organizado por El Tiempo y revista Semana. Durante la [&hellip;]","og_url":"https:\/\/pagina10.com\/web\/romero-entre-el-debate-presidencial-y-su-juicio-penal\/","og_site_name":"P\u00e1gina10","article_publisher":"https:\/\/www.facebook.com\/pag10com","article_published_time":"2022-01-27T02:15:14+00:00","article_modified_time":"2022-01-27T02:17:10+00:00","og_image":[{"width":572,"height":384,"url":"https:\/\/pagina10.com\/web\/wp-content\/uploads\/2022\/01\/WhatsApp-Image-2022-01-25-at-9.21.19-AM.jpeg","type":"image\/jpeg"}],"author":"P\u00e1gina 10","twitter_card":"summary_large_image","twitter_creator":"@Pag10com","twitter_site":"@Pag10com","twitter_misc":{"Escrito por":"P\u00e1gina 10","Tiempo de lectura":"2 minutos"},"schema":{"@context":"https:\/\/schema.org","@graph":[{"@type":"Article","@id":"https:\/\/pagina10.com\/web\/romero-entre-el-debate-presidencial-y-su-juicio-penal\/#article","isPartOf":{"@id":"https:\/\/pagina10.com\/web\/romero-entre-el-debate-presidencial-y-su-juicio-penal\/"},"author":{"name":"P\u00e1gina 10","@id":"https:\/\/pagina10.com\/web\/#\/schema\/person\/2efc4a090d25b667d3bc796798a3a81b"},"headline":"Romero, entre el debate presidencial y su juicio penal.","datePublished":"2022-01-27T02:15:14+00:00","dateModified":"2022-01-27T02:17:10+00:00","mainEntityOfPage":{"@id":"https:\/\/pagina10.com\/web\/romero-entre-el-debate-presidencial-y-su-juicio-penal\/"},"wordCount":384,"commentCount":0,"publisher":{"@id":"https:\/\/pagina10.com\/web\/#organization"},"image":{"@id":"https:\/\/pagina10.com\/web\/romero-entre-el-debate-presidencial-y-su-juicio-penal\/#primaryimage"},"thumbnailUrl":"https:\/\/pagina10.com\/web\/wp-content\/uploads\/2022\/01\/WhatsApp-Image-2022-01-25-at-9.21.19-AM.jpeg","articleSection":["Global"],"inLanguage":"es","potentialAction":[{"@type":"CommentAction","name":"Comment","target":["https:\/\/pagina10.com\/web\/romero-entre-el-debate-presidencial-y-su-juicio-penal\/#respond"]}]},{"@type":"WebPage","@id":"https:\/\/pagina10.com\/web\/romero-entre-el-debate-presidencial-y-su-juicio-penal\/","url":"https:\/\/pagina10.com\/web\/romero-entre-el-debate-presidencial-y-su-juicio-penal\/","name":"Romero, entre el debate presidencial y su juicio penal. | P\u00e1gina10","isPartOf":{"@id":"https:\/\/pagina10.com\/web\/#website"},"primaryImageOfPage":{"@id":"https:\/\/pagina10.com\/web\/romero-entre-el-debate-presidencial-y-su-juicio-penal\/#primaryimage"},"image":{"@id":"https:\/\/pagina10.com\/web\/romero-entre-el-debate-presidencial-y-su-juicio-penal\/#primaryimage"},"thumbnailUrl":"https:\/\/pagina10.com\/web\/wp-content\/uploads\/2022\/01\/WhatsApp-Image-2022-01-25-at-9.21.19-AM.jpeg","datePublished":"2022-01-27T02:15:14+00:00","dateModified":"2022-01-27T02:17:10+00:00","breadcrumb":{"@id":"https:\/\/pagina10.com\/web\/romero-entre-el-debate-presidencial-y-su-juicio-penal\/#breadcrumb"},"inLanguage":"es","potentialAction":[{"@type":"ReadAction","target":["https:\/\/pagina10.com\/web\/romero-entre-el-debate-presidencial-y-su-juicio-penal\/"]}]},{"@type":"ImageObject","inLanguage":"es","@id":"https:\/\/pagina10.com\/web\/romero-entre-el-debate-presidencial-y-su-juicio-penal\/#primaryimage","url":"https:\/\/pagina10.com\/web\/wp-content\/uploads\/2022\/01\/WhatsApp-Image-2022-01-25-at-9.21.19-AM.jpeg","contentUrl":"https:\/\/pagina10.com\/web\/wp-content\/uploads\/2022\/01\/WhatsApp-Image-2022-01-25-at-9.21.19-AM.jpeg","width":572,"height":384},{"@type":"BreadcrumbList","@id":"https:\/\/pagina10.com\/web\/romero-entre-el-debate-presidencial-y-su-juicio-penal\/#breadcrumb","itemListElement":[{"@type":"ListItem","position":1,"name":"Portada","item":"https:\/\/pagina10.com\/web\/"},{"@type":"ListItem","position":2,"name":"Romero, entre el debate presidencial y su juicio penal."}]},{"@type":"WebSite","@id":"https:\/\/pagina10.com\/web\/#website","url":"https:\/\/pagina10.com\/web\/","name":"P\u00e1gina10","description":"Peri\u00f3dico Regional","publisher":{"@id":"https:\/\/pagina10.com\/web\/#organization"},"alternateName":"P\u00e1gina10 Peri\u00f3dico Regional","potentialAction":[{"@type":"SearchAction","target":{"@type":"EntryPoint","urlTemplate":"https:\/\/pagina10.com\/web\/?s={search_term_string}"},"query-input":{"@type":"PropertyValueSpecification","valueRequired":true,"valueName":"search_term_string"}}],"inLanguage":"es"},{"@type":"Organization","@id":"https:\/\/pagina10.com\/web\/#organization","name":"P\u00e1gina10","alternateName":"P\u00e1gina10 Peri\u00f3dico Regional","url":"https:\/\/pagina10.com\/web\/","logo":{"@type":"ImageObject","inLanguage":"es","@id":"https:\/\/pagina10.com\/web\/#\/schema\/logo\/image\/","url":"https:\/\/pagina10.com\/web\/wp-content\/uploads\/2024\/01\/40-pagina-10-periodico-regional-pasto.jpg","contentUrl":"https:\/\/pagina10.com\/web\/wp-content\/uploads\/2024\/01\/40-pagina-10-periodico-regional-pasto.jpg","width":1280,"height":720,"caption":"P\u00e1gina10"},"image":{"@id":"https:\/\/pagina10.com\/web\/#\/schema\/logo\/image\/"},"sameAs":["https:\/\/www.facebook.com\/pag10com","https:\/\/x.com\/Pag10com","https:\/\/www.instagram.com\/pagina10col\/","https:\/\/youtube.com\/channel\/pag10","https:\/\/www.tiktok.com\/@p10col"]},{"@type":"Person","@id":"https:\/\/pagina10.com\/web\/#\/schema\/person\/2efc4a090d25b667d3bc796798a3a81b","name":"P\u00e1gina 10","description":"P\u00e1gina 10 es un peri\u00f3dico regional que nace en Colombia, en el departamento de Nari\u00f1o, con un enfoque global, fundamentado en cuatro pilares esenciales: la libertad, el pluralismo, la inclusi\u00f3n y la independencia. P\u00e1gina 10 hace referencia a Nari\u00f1o como el d\u00e9cimo departamento creado en Colombia, despu\u00e9s de un proceso pol\u00edtico liderado por actores y actrices regionales con el fin de obtener la independencia y autonom\u00eda de nuestros territorios. Con la creaci\u00f3n de P\u00e1gina 10 se pretende abrir un escenario para el dialogo, la reflexi\u00f3n y el debate que se extienda a otras geograf\u00edas de Am\u00e9rica Latina y del planeta, en una apuesta por transformar colectivamente los desaf\u00edos de un mundo contempor\u00e1neo, m\u00e1s all\u00e1 de las fronteras impuestas.","url":"https:\/\/pagina10.com\/web\/author\/pdiezadmin\/"}]}},"_links":{"self":[{"href":"https:\/\/pagina10.com\/web\/wp-json\/wp\/v2\/posts\/57901","targetHints":{"allow":["GET"]}}],"collection":[{"href":"https:\/\/pagina10.com\/web\/wp-json\/wp\/v2\/posts"}],"about":[{"href":"https:\/\/pagina10.com\/web\/wp-json\/wp\/v2\/types\/post"}],"author":[{"embeddable":true,"href":"https:\/\/pagina10.com\/web\/wp-json\/wp\/v2\/users\/1"}],"replies":[{"embeddable":true,"href":"https:\/\/pagina10.com\/web\/wp-json\/wp\/v2\/comments?post=57901"}],"version-history":[{"count":4,"href":"https:\/\/pagina10.com\/web\/wp-json\/wp\/v2\/posts\/57901\/revisions"}],"predecessor-version":[{"id":57906,"href":"https:\/\/pagina10.com\/web\/wp-json\/wp\/v2\/posts\/57901\/revisions\/57906"}],"wp:featuredmedia":[{"embeddable":true,"href":"https:\/\/pagina10.com\/web\/wp-json\/wp\/v2\/media\/57902"}],"wp:attachment":[{"href":"https:\/\/pagina10.com\/web\/wp-json\/wp\/v2\/media?parent=57901"}],"wp:term":[{"taxonomy":"category","embeddable":true,"href":"https:\/\/pagina10.com\/web\/wp-json\/wp\/v2\/categories?post=57901"},{"taxonomy":"post_tag","embeddable":true,"href":"https:\/\/pagina10.com\/web\/wp-json\/wp\/v2\/tags?post=57901"}],"curies":[{"name":"wp","href":"https:\/\/api.w.org\/{rel}","templated":true}]}}