{"id":57925,"date":"2022-01-28T17:56:51","date_gmt":"2022-01-28T22:56:51","guid":{"rendered":"https:\/\/pagina10.com\/web\/?p=57925"},"modified":"2022-01-28T17:56:51","modified_gmt":"2022-01-28T22:56:51","slug":"a-quien-pertenecen-los-votos-de-petro","status":"publish","type":"post","link":"https:\/\/pagina10.com\/web\/a-quien-pertenecen-los-votos-de-petro\/","title":{"rendered":"\u00bfA qui\u00e9n pertenecen los votos de Petro?"},"content":{"rendered":"<div>\n<div dir=\"auto\" style=\"text-align: justify;\">Al pueblo. Son del pueblo, patrimonio de un pueblo. Petro convoca con su desbordante inteligencia y sensibilidad que ha puesto y entregado al servicio del pueblo de Colombia. A sus campesinos, obreros, trabajadores, parias y descastados de todos los colores y razas.<\/div>\n<\/div>\n<div style=\"text-align: justify;\">\n<div dir=\"auto\">Muchos quieren atribuirse la gran popularidad de Gustavo Petro mostr\u00e1ndose como los due\u00f1os y los forjadores de su gran caudal electoral. Personajes que investidos de un falso petrismo le apuntan a Viceministerios o direcciones de institutos descentralizados ante la eventual llegada de Petro a la Casa de Nari\u00f1o.<\/div>\n<\/div>\n<div style=\"text-align: justify;\">\n<div dir=\"auto\">Personajes que ayer se opusieron a sus tesis, lo denostaron en su lucha por la PAZ y se constituyeron en una verdadera piedra en el zapato de PETRO. Desde las tribunas del congreso sus jefes pol\u00edticos y electorales se regodeaban de atacar con sa\u00f1a sus posiciones y planteamientos pol\u00edticos, econ\u00f3micos y sociales.<\/div>\n<\/div>\n<div style=\"text-align: justify;\">\n<div dir=\"auto\">Hoy, otros, desde las sombras orquestan y planean un continuismo clientelista y burocr\u00e1tico. Se proclaman los DUE\u00d1OS de la voluntad de un pueblo y reclaman desde ya puestos y contratos en su pretensi\u00f3n de dar continuismo a sus pr\u00e1cticas electoreras.<\/div>\n<\/div>\n<div style=\"text-align: justify;\">\n<div dir=\"auto\">Lo cierto es que los votos de PETRO son de \u00e9l y de su pueblo. Nadie puede abrogarse derechos sobre ellos. Se vota por Petro por convicci\u00f3n y fe, sin necesidad de que ning\u00fan cacique lo ordene o lo motive.<\/div>\n<\/div>\n<div style=\"text-align: justify;\">\n<div dir=\"auto\">Los votos para PETRO son la suma de una serie de circunstancias que se expresan en el sentir y vivir de un pueblo.<\/div>\n<\/div>\n<div style=\"text-align: justify;\">\n<div dir=\"auto\">Aquellos que en su nombre pretenden saciar sus instintos clientelistas deben dar un paso al costado y permitir que la DEMOCRACIA y la EQUIDAD sean el merecido premio a este pueblo colombiano.<\/div>\n<\/div>\n<div style=\"text-align: justify;\">\n<div dir=\"auto\">Se vota por Petro sin que medie para ello la contraprestacion de un contrato o un cargo burocr\u00e1tico. M\u00e1s all\u00e1 de estas bajezas de los pigmeos electorales y de su inmediatez hist\u00f3rica se avizora un nuevo camino para el destino colectivo de los colombianos.<\/div>\n<\/div>\n<div style=\"text-align: justify;\">\n<div dir=\"auto\">Que nadie reclame v\u00edtores de un incontenible triunfo electoral. Es el pueblo quien debe recibir las preseas de su batallar. Durante d\u00e9cadas y centurias se ha sentido el brazo duro de unos gobernantes cuyo horizonte est\u00e1 muy distante de su pueblo.<\/div>\n<\/div>\n<div style=\"text-align: justify;\">\n<div dir=\"auto\">Petro supo convocar a su gente, aglutinarlo, orientarlo y conducirlo por los senderos de la fe y el deseo de un mejor destino. En Nari\u00f1o su voz se abri\u00f3 sola hasta llegar al alma desolada de una colectividad que ha padecido los azotes y flagelos de la inequidad econ\u00f3mica y sus consecuentes males que se expresan en hambre para el ni\u00f1o, llanto para las madres y tristeza para esas castas sociales excluidas de un contrato social permanentemente violado y mancillado por esos linajes de oprobiosos mensajeros de Lucifer que no se sacian del dolor, la angustia y la pobreza de m\u00e1s de la mitad de la poblaci\u00f3n.<\/div>\n<\/div>\n<div style=\"text-align: justify;\">\n<div dir=\"auto\">Mal hacen ellos en proclamarse due\u00f1os de la voluntad popular, de los votos que acompa\u00f1ar\u00e1n a PETRO en las urnas y que le permitir\u00e1n iniciar un nuevo ciclo de redenci\u00f3n social, la cristalizaci\u00f3n de ese CONTRATO SOCIAL del Estado con su gente que har\u00e1 asequible la educaci\u00f3n, la vivienda, el trabajo y la dignidad para todos.<\/div>\n<\/div>\n<div style=\"text-align: justify;\">\n<div dir=\"auto\">Votamos por PETRO sin que nadie nos obligue o mande. Mucho menos esos personajes escondidos entre las sombras en espera de un trofeo clientelista. Sus sombras son la clara muestra de su cobard\u00eda y oportunismo. No nos van a enga\u00f1ar ni van a enga\u00f1ar a PETRO y al pueblo habl\u00e1ndonos de la concordia y la intemperancia burocr\u00e1tica para luego pretender saciarse de sus actos viles y carro\u00f1eros<\/div>\n<\/div>\n<div style=\"text-align: justify;\">\n<div dir=\"auto\">Los votos de PETRO son de PETRO y de su PUEBLO. Nadie los lleva a las urnas para tal fin, salvo su propia convicci\u00f3n en un l\u00edder que ha dado brillantes muestras de inteligencia y coraje.<\/div>\n<\/div>\n<div style=\"text-align: justify;\">\n<div dir=\"auto\">La verdad, sea dicha, es que muchos de los candidatos alternativos son lejanos del pueblo, distantes de su palpitar. Ellos no le ponen votos a Petro, es \u00e9l quien los impulsa y fortalece. Estos candidatos sin PETRO son un simple paquetazo impuesto por se\u00f1ores de las sombras que ans\u00edan y esperan r\u00e9ditos electorales. Es el pueblo y su constante lucha quien ha multiplicado los votos de Petro.<\/div>\n<\/div>\n<div>\n<div dir=\"auto\" style=\"text-align: justify;\">Los votos de PETRO, son de PETRO.<\/div>\n<\/div>\n","protected":false},"excerpt":{"rendered":"<p>Al pueblo. Son del pueblo, patrimonio de un pueblo. Petro convoca con su desbordante inteligencia y sensibilidad que ha puesto y entregado al servicio del pueblo de Colombia. A sus campesinos, obreros, trabajadores, parias y descastados de todos los colores y razas. Muchos quieren atribuirse la gran popularidad de Gustavo Petro mostr\u00e1ndose como los due\u00f1os [&hellip;]<\/p>\n","protected":false},"author":46,"featured_media":52674,"comment_status":"open","ping_status":"open","sticky":false,"template":"","format":"standard","meta":{"footnotes":""},"categories":[94],"tags":[],"class_list":["post-57925","post","type-post","status-publish","format-standard","has-post-thumbnail","hentry","category-nacional-global-2"],"yoast_head":"<!-- This site is optimized with the Yoast SEO plugin v27.1.1 - https:\/\/yoast.com\/product\/yoast-seo-wordpress\/ -->\n<title>\u00bfA qui\u00e9n pertenecen los votos de Petro? | P\u00e1gina10<\/title>\n<meta name=\"robots\" content=\"index, follow, max-snippet:-1, max-image-preview:large, max-video-preview:-1\" \/>\n<link rel=\"canonical\" href=\"https:\/\/pagina10.com\/web\/a-quien-pertenecen-los-votos-de-petro\/\" \/>\n<meta property=\"og:locale\" content=\"es_ES\" \/>\n<meta property=\"og:type\" content=\"article\" \/>\n<meta property=\"og:title\" content=\"\u00bfA qui\u00e9n pertenecen los votos de Petro? | P\u00e1gina10\" \/>\n<meta property=\"og:description\" content=\"Al pueblo. Son del pueblo, patrimonio de un pueblo. Petro convoca con su desbordante inteligencia y sensibilidad que ha puesto y entregado al servicio del pueblo de Colombia. A sus campesinos, obreros, trabajadores, parias y descastados de todos los colores y razas. Muchos quieren atribuirse la gran popularidad de Gustavo Petro mostr\u00e1ndose como los due\u00f1os [&hellip;]\" \/>\n<meta property=\"og:url\" content=\"https:\/\/pagina10.com\/web\/a-quien-pertenecen-los-votos-de-petro\/\" \/>\n<meta property=\"og:site_name\" content=\"P\u00e1gina10\" \/>\n<meta property=\"article:publisher\" content=\"https:\/\/www.facebook.com\/pag10com\" \/>\n<meta property=\"article:published_time\" content=\"2022-01-28T22:56:51+00:00\" \/>\n<meta property=\"og:image\" content=\"https:\/\/pagina10.com\/web\/wp-content\/uploads\/2021\/05\/petro.jpg\" \/>\n\t<meta property=\"og:image:width\" content=\"1366\" \/>\n\t<meta property=\"og:image:height\" content=\"670\" \/>\n\t<meta property=\"og:image:type\" content=\"image\/jpeg\" \/>\n<meta name=\"author\" content=\"Pablo Emilio Obando Acosta\" \/>\n<meta name=\"twitter:card\" content=\"summary_large_image\" \/>\n<meta name=\"twitter:creator\" content=\"@Pag10com\" \/>\n<meta name=\"twitter:site\" content=\"@Pag10com\" \/>\n<meta name=\"twitter:label1\" content=\"Escrito por\" \/>\n\t<meta name=\"twitter:data1\" content=\"Pablo Emilio Obando Acosta\" \/>\n\t<meta name=\"twitter:label2\" content=\"Tiempo de lectura\" \/>\n\t<meta name=\"twitter:data2\" content=\"4 minutos\" \/>\n<script type=\"application\/ld+json\" class=\"yoast-schema-graph\">{\"@context\":\"https:\/\/schema.org\",\"@graph\":[{\"@type\":\"Article\",\"@id\":\"https:\/\/pagina10.com\/web\/a-quien-pertenecen-los-votos-de-petro\/#article\",\"isPartOf\":{\"@id\":\"https:\/\/pagina10.com\/web\/a-quien-pertenecen-los-votos-de-petro\/\"},\"author\":{\"name\":\"Pablo Emilio Obando Acosta\",\"@id\":\"https:\/\/pagina10.com\/web\/#\/schema\/person\/3d3687c9f037834284853a963ee45123\"},\"headline\":\"\u00bfA qui\u00e9n pertenecen los votos de Petro?\",\"datePublished\":\"2022-01-28T22:56:51+00:00\",\"mainEntityOfPage\":{\"@id\":\"https:\/\/pagina10.com\/web\/a-quien-pertenecen-los-votos-de-petro\/\"},\"wordCount\":751,\"commentCount\":0,\"publisher\":{\"@id\":\"https:\/\/pagina10.com\/web\/#organization\"},\"image\":{\"@id\":\"https:\/\/pagina10.com\/web\/a-quien-pertenecen-los-votos-de-petro\/#primaryimage\"},\"thumbnailUrl\":\"https:\/\/pagina10.com\/web\/wp-content\/uploads\/2021\/05\/petro.jpg\",\"articleSection\":[\"Nacional\"],\"inLanguage\":\"es\",\"potentialAction\":[{\"@type\":\"CommentAction\",\"name\":\"Comment\",\"target\":[\"https:\/\/pagina10.com\/web\/a-quien-pertenecen-los-votos-de-petro\/#respond\"]}]},{\"@type\":\"WebPage\",\"@id\":\"https:\/\/pagina10.com\/web\/a-quien-pertenecen-los-votos-de-petro\/\",\"url\":\"https:\/\/pagina10.com\/web\/a-quien-pertenecen-los-votos-de-petro\/\",\"name\":\"\u00bfA qui\u00e9n pertenecen los votos de Petro? | P\u00e1gina10\",\"isPartOf\":{\"@id\":\"https:\/\/pagina10.com\/web\/#website\"},\"primaryImageOfPage\":{\"@id\":\"https:\/\/pagina10.com\/web\/a-quien-pertenecen-los-votos-de-petro\/#primaryimage\"},\"image\":{\"@id\":\"https:\/\/pagina10.com\/web\/a-quien-pertenecen-los-votos-de-petro\/#primaryimage\"},\"thumbnailUrl\":\"https:\/\/pagina10.com\/web\/wp-content\/uploads\/2021\/05\/petro.jpg\",\"datePublished\":\"2022-01-28T22:56:51+00:00\",\"breadcrumb\":{\"@id\":\"https:\/\/pagina10.com\/web\/a-quien-pertenecen-los-votos-de-petro\/#breadcrumb\"},\"inLanguage\":\"es\",\"potentialAction\":[{\"@type\":\"ReadAction\",\"target\":[\"https:\/\/pagina10.com\/web\/a-quien-pertenecen-los-votos-de-petro\/\"]}]},{\"@type\":\"ImageObject\",\"inLanguage\":\"es\",\"@id\":\"https:\/\/pagina10.com\/web\/a-quien-pertenecen-los-votos-de-petro\/#primaryimage\",\"url\":\"https:\/\/pagina10.com\/web\/wp-content\/uploads\/2021\/05\/petro.jpg\",\"contentUrl\":\"https:\/\/pagina10.com\/web\/wp-content\/uploads\/2021\/05\/petro.jpg\",\"width\":1366,\"height\":670},{\"@type\":\"BreadcrumbList\",\"@id\":\"https:\/\/pagina10.com\/web\/a-quien-pertenecen-los-votos-de-petro\/#breadcrumb\",\"itemListElement\":[{\"@type\":\"ListItem\",\"position\":1,\"name\":\"Portada\",\"item\":\"https:\/\/pagina10.com\/web\/\"},{\"@type\":\"ListItem\",\"position\":2,\"name\":\"\u00bfA qui\u00e9n pertenecen los votos de Petro?\"}]},{\"@type\":\"WebSite\",\"@id\":\"https:\/\/pagina10.com\/web\/#website\",\"url\":\"https:\/\/pagina10.com\/web\/\",\"name\":\"P\u00e1gina10\",\"description\":\"Peri\u00f3dico Regional\",\"publisher\":{\"@id\":\"https:\/\/pagina10.com\/web\/#organization\"},\"alternateName\":\"P\u00e1gina10 Peri\u00f3dico Regional\",\"potentialAction\":[{\"@type\":\"SearchAction\",\"target\":{\"@type\":\"EntryPoint\",\"urlTemplate\":\"https:\/\/pagina10.com\/web\/?s={search_term_string}\"},\"query-input\":{\"@type\":\"PropertyValueSpecification\",\"valueRequired\":true,\"valueName\":\"search_term_string\"}}],\"inLanguage\":\"es\"},{\"@type\":\"Organization\",\"@id\":\"https:\/\/pagina10.com\/web\/#organization\",\"name\":\"P\u00e1gina10\",\"alternateName\":\"P\u00e1gina10 Peri\u00f3dico Regional\",\"url\":\"https:\/\/pagina10.com\/web\/\",\"logo\":{\"@type\":\"ImageObject\",\"inLanguage\":\"es\",\"@id\":\"https:\/\/pagina10.com\/web\/#\/schema\/logo\/image\/\",\"url\":\"https:\/\/pagina10.com\/web\/wp-content\/uploads\/2024\/01\/40-pagina-10-periodico-regional-pasto.jpg\",\"contentUrl\":\"https:\/\/pagina10.com\/web\/wp-content\/uploads\/2024\/01\/40-pagina-10-periodico-regional-pasto.jpg\",\"width\":1280,\"height\":720,\"caption\":\"P\u00e1gina10\"},\"image\":{\"@id\":\"https:\/\/pagina10.com\/web\/#\/schema\/logo\/image\/\"},\"sameAs\":[\"https:\/\/www.facebook.com\/pag10com\",\"https:\/\/x.com\/Pag10com\",\"https:\/\/www.instagram.com\/pagina10col\/\",\"https:\/\/youtube.com\/channel\/pag10\",\"https:\/\/www.tiktok.com\/@p10col\"]},{\"@type\":\"Person\",\"@id\":\"https:\/\/pagina10.com\/web\/#\/schema\/person\/3d3687c9f037834284853a963ee45123\",\"name\":\"Pablo Emilio Obando Acosta\",\"description\":\"PABLO EMILIO OBANDO ACOSTA Nace en el a\u00f1o de 1965. Bachiller acad\u00e9mico Modalidad Humanidades del INEM de Pasto. En 1989 culmina sus estudios universitarios en la Universidad de Nari\u00f1o obteniendo el t\u00edtulo de Licenciado en Ciencias Sociales \u2013 \u00e9nfasis Ciencias de la Educaci\u00f3n \u2013Jornada nocturna-. Especialista en Literatura latinoamericana y colaborador de importantes medios de comunicaci\u00f3n escritos de nuestra regi\u00f3n y del pa\u00eds: El Tiempo.com, Semana.com, Dinero, Diario Del Sur, El Espectador.com, entre otros, Sus escritos se conocen y han obtenido reconocimientos en Chile, Uruguay, Paraguay, Espa\u00f1a y Alemania. En el a\u00f1o 2000 obtiene el reconocimiento CORREO DEL SUR como el personaje c\u00edvico del a\u00f1o por su f\u00e9rrea defensa de la dignidad pastense al protestar con su documento \u201cUn pueblo ante la historia\u201d por el trato despectivo de algunos medios de comunicaci\u00f3n. Las reacciones no se hacen esperar en peri\u00f3dicos de circulaci\u00f3n regional y nacional como El Tiempo, El Espectador y El Pa\u00eds. Ha obtenido m\u00faltiples medallas y condecoraciones por su labor period\u00edstica y cultural: Medalla al merito Guillermo Edmundo Ch\u00e1vez \u2013 mejor escritor del departamento de Nari\u00f1o 2005 \u2013 Fundaci\u00f3n Gabriel Garc\u00eda M\u00e1rquez. Mejor Columnista del departamento de Nari\u00f1o \u2013 a\u00f1os 1991 \u2013 1993 \u2013 1996 \u2013 2001 \u2013 2006 Fundaci\u00f3n Cultural Correo del Sur. Personaje C\u00edvico del Departamento de Nari\u00f1o a\u00f1o 2000. Medalla \u00c1lvaro Javier Jurado Calvache a\u00f1o 2007 \u2013 Centro Educativo PROFESA \u2013 defensor poblaci\u00f3n vulnerable del municipio de Pasto. Mejor cuentista del departamento de Nari\u00f1o \u2013 a\u00f1os 1989 \u2013 2004 \u2013 2005. Cronista m\u00e1s destacado del departamento de Nari\u00f1o \u2013 a\u00f1o 2001. Finalista VI Concurso Internacional de Cuento \u2013 Prensa Nueva \u2013 a\u00f1o 1991. Primer puesto Concurso nacional de cuento \u2013 Contralor\u00eda general de la Rep\u00fablica \u2013 a\u00f1o 1992. Primer Lugar Concurso Municipal de Periodismo \u201cSilvio Le\u00f3n Espa\u00f1a\u201d \u2013 2009. . Reconocimiento Concejo municipal de Pasto, por su labor c\u00edvica y educativa. Sus obras y escritos se conocen en varios pa\u00edses de Latinoam\u00e9rica y de Colombia. Es autor de una docena de textos y m\u00e1s de un millar de columnas de opini\u00f3n que han generado pol\u00e9mica en el contexto nacional y latinoamericano: Testimonio de una insurrecci\u00f3n ciudadana \u2013 2011. El doctor Mierda. Un pueblo ante la historia. La filosof\u00eda de la gallina. Del amor por la Tierra... y otros textos. Diario de un maestro de escuela. Apuntes para una nueva historia Nuevos apuntes \u2013 Tomas Hidalgo Calvache. El problema de los cristianos. La utilidad del poeta. \u00bfTe acuerdas Mariana...? Corona F\u00fanebre \u2013 Tomas Hidalgo Calvache. En formato digital ha editado los siguientes t\u00edtulos: - La nueva filosof\u00eda de la gallina. - Tomas Hidalgo Calvache - Apuntes. - Educar con valor. Figura en varias antolog\u00edas de autores nari\u00f1enses y en una latinoamericana. Sobre \u00e9l han escrito elogiosamente intelectuales de la talla de Otto Morales Ben\u00edtez, Edgar Bastidas Urresty, Juan Augusto Ortiz cabrera, Carlos Santamar\u00eda, Javier Rodrizales, Miguel Garz\u00f3n Arteaga, Fausto Molina, Jorge Arturo Bravo y otros tantos que ser\u00eda dif\u00edcil nombrar en esta peque\u00f1a cr\u00f3nica sobre Pablo Emilio Obando Acosta.\",\"url\":\"https:\/\/pagina10.com\/web\/author\/pobando\/\"}]}<\/script>\n<!-- \/ Yoast SEO plugin. -->","yoast_head_json":{"title":"\u00bfA qui\u00e9n pertenecen los votos de Petro? | P\u00e1gina10","robots":{"index":"index","follow":"follow","max-snippet":"max-snippet:-1","max-image-preview":"max-image-preview:large","max-video-preview":"max-video-preview:-1"},"canonical":"https:\/\/pagina10.com\/web\/a-quien-pertenecen-los-votos-de-petro\/","og_locale":"es_ES","og_type":"article","og_title":"\u00bfA qui\u00e9n pertenecen los votos de Petro? | P\u00e1gina10","og_description":"Al pueblo. Son del pueblo, patrimonio de un pueblo. Petro convoca con su desbordante inteligencia y sensibilidad que ha puesto y entregado al servicio del pueblo de Colombia. A sus campesinos, obreros, trabajadores, parias y descastados de todos los colores y razas. Muchos quieren atribuirse la gran popularidad de Gustavo Petro mostr\u00e1ndose como los due\u00f1os [&hellip;]","og_url":"https:\/\/pagina10.com\/web\/a-quien-pertenecen-los-votos-de-petro\/","og_site_name":"P\u00e1gina10","article_publisher":"https:\/\/www.facebook.com\/pag10com","article_published_time":"2022-01-28T22:56:51+00:00","og_image":[{"width":1366,"height":670,"url":"https:\/\/pagina10.com\/web\/wp-content\/uploads\/2021\/05\/petro.jpg","type":"image\/jpeg"}],"author":"Pablo Emilio Obando Acosta","twitter_card":"summary_large_image","twitter_creator":"@Pag10com","twitter_site":"@Pag10com","twitter_misc":{"Escrito por":"Pablo Emilio Obando Acosta","Tiempo de lectura":"4 minutos"},"schema":{"@context":"https:\/\/schema.org","@graph":[{"@type":"Article","@id":"https:\/\/pagina10.com\/web\/a-quien-pertenecen-los-votos-de-petro\/#article","isPartOf":{"@id":"https:\/\/pagina10.com\/web\/a-quien-pertenecen-los-votos-de-petro\/"},"author":{"name":"Pablo Emilio Obando Acosta","@id":"https:\/\/pagina10.com\/web\/#\/schema\/person\/3d3687c9f037834284853a963ee45123"},"headline":"\u00bfA qui\u00e9n pertenecen los votos de Petro?","datePublished":"2022-01-28T22:56:51+00:00","mainEntityOfPage":{"@id":"https:\/\/pagina10.com\/web\/a-quien-pertenecen-los-votos-de-petro\/"},"wordCount":751,"commentCount":0,"publisher":{"@id":"https:\/\/pagina10.com\/web\/#organization"},"image":{"@id":"https:\/\/pagina10.com\/web\/a-quien-pertenecen-los-votos-de-petro\/#primaryimage"},"thumbnailUrl":"https:\/\/pagina10.com\/web\/wp-content\/uploads\/2021\/05\/petro.jpg","articleSection":["Nacional"],"inLanguage":"es","potentialAction":[{"@type":"CommentAction","name":"Comment","target":["https:\/\/pagina10.com\/web\/a-quien-pertenecen-los-votos-de-petro\/#respond"]}]},{"@type":"WebPage","@id":"https:\/\/pagina10.com\/web\/a-quien-pertenecen-los-votos-de-petro\/","url":"https:\/\/pagina10.com\/web\/a-quien-pertenecen-los-votos-de-petro\/","name":"\u00bfA qui\u00e9n pertenecen los votos de Petro? | P\u00e1gina10","isPartOf":{"@id":"https:\/\/pagina10.com\/web\/#website"},"primaryImageOfPage":{"@id":"https:\/\/pagina10.com\/web\/a-quien-pertenecen-los-votos-de-petro\/#primaryimage"},"image":{"@id":"https:\/\/pagina10.com\/web\/a-quien-pertenecen-los-votos-de-petro\/#primaryimage"},"thumbnailUrl":"https:\/\/pagina10.com\/web\/wp-content\/uploads\/2021\/05\/petro.jpg","datePublished":"2022-01-28T22:56:51+00:00","breadcrumb":{"@id":"https:\/\/pagina10.com\/web\/a-quien-pertenecen-los-votos-de-petro\/#breadcrumb"},"inLanguage":"es","potentialAction":[{"@type":"ReadAction","target":["https:\/\/pagina10.com\/web\/a-quien-pertenecen-los-votos-de-petro\/"]}]},{"@type":"ImageObject","inLanguage":"es","@id":"https:\/\/pagina10.com\/web\/a-quien-pertenecen-los-votos-de-petro\/#primaryimage","url":"https:\/\/pagina10.com\/web\/wp-content\/uploads\/2021\/05\/petro.jpg","contentUrl":"https:\/\/pagina10.com\/web\/wp-content\/uploads\/2021\/05\/petro.jpg","width":1366,"height":670},{"@type":"BreadcrumbList","@id":"https:\/\/pagina10.com\/web\/a-quien-pertenecen-los-votos-de-petro\/#breadcrumb","itemListElement":[{"@type":"ListItem","position":1,"name":"Portada","item":"https:\/\/pagina10.com\/web\/"},{"@type":"ListItem","position":2,"name":"\u00bfA qui\u00e9n pertenecen los votos de Petro?"}]},{"@type":"WebSite","@id":"https:\/\/pagina10.com\/web\/#website","url":"https:\/\/pagina10.com\/web\/","name":"P\u00e1gina10","description":"Peri\u00f3dico Regional","publisher":{"@id":"https:\/\/pagina10.com\/web\/#organization"},"alternateName":"P\u00e1gina10 Peri\u00f3dico Regional","potentialAction":[{"@type":"SearchAction","target":{"@type":"EntryPoint","urlTemplate":"https:\/\/pagina10.com\/web\/?s={search_term_string}"},"query-input":{"@type":"PropertyValueSpecification","valueRequired":true,"valueName":"search_term_string"}}],"inLanguage":"es"},{"@type":"Organization","@id":"https:\/\/pagina10.com\/web\/#organization","name":"P\u00e1gina10","alternateName":"P\u00e1gina10 Peri\u00f3dico Regional","url":"https:\/\/pagina10.com\/web\/","logo":{"@type":"ImageObject","inLanguage":"es","@id":"https:\/\/pagina10.com\/web\/#\/schema\/logo\/image\/","url":"https:\/\/pagina10.com\/web\/wp-content\/uploads\/2024\/01\/40-pagina-10-periodico-regional-pasto.jpg","contentUrl":"https:\/\/pagina10.com\/web\/wp-content\/uploads\/2024\/01\/40-pagina-10-periodico-regional-pasto.jpg","width":1280,"height":720,"caption":"P\u00e1gina10"},"image":{"@id":"https:\/\/pagina10.com\/web\/#\/schema\/logo\/image\/"},"sameAs":["https:\/\/www.facebook.com\/pag10com","https:\/\/x.com\/Pag10com","https:\/\/www.instagram.com\/pagina10col\/","https:\/\/youtube.com\/channel\/pag10","https:\/\/www.tiktok.com\/@p10col"]},{"@type":"Person","@id":"https:\/\/pagina10.com\/web\/#\/schema\/person\/3d3687c9f037834284853a963ee45123","name":"Pablo Emilio Obando Acosta","description":"PABLO EMILIO OBANDO ACOSTA Nace en el a\u00f1o de 1965. Bachiller acad\u00e9mico Modalidad Humanidades del INEM de Pasto. En 1989 culmina sus estudios universitarios en la Universidad de Nari\u00f1o obteniendo el t\u00edtulo de Licenciado en Ciencias Sociales \u2013 \u00e9nfasis Ciencias de la Educaci\u00f3n \u2013Jornada nocturna-. Especialista en Literatura latinoamericana y colaborador de importantes medios de comunicaci\u00f3n escritos de nuestra regi\u00f3n y del pa\u00eds: El Tiempo.com, Semana.com, Dinero, Diario Del Sur, El Espectador.com, entre otros, Sus escritos se conocen y han obtenido reconocimientos en Chile, Uruguay, Paraguay, Espa\u00f1a y Alemania. En el a\u00f1o 2000 obtiene el reconocimiento CORREO DEL SUR como el personaje c\u00edvico del a\u00f1o por su f\u00e9rrea defensa de la dignidad pastense al protestar con su documento \u201cUn pueblo ante la historia\u201d por el trato despectivo de algunos medios de comunicaci\u00f3n. Las reacciones no se hacen esperar en peri\u00f3dicos de circulaci\u00f3n regional y nacional como El Tiempo, El Espectador y El Pa\u00eds. Ha obtenido m\u00faltiples medallas y condecoraciones por su labor period\u00edstica y cultural: Medalla al merito Guillermo Edmundo Ch\u00e1vez \u2013 mejor escritor del departamento de Nari\u00f1o 2005 \u2013 Fundaci\u00f3n Gabriel Garc\u00eda M\u00e1rquez. Mejor Columnista del departamento de Nari\u00f1o \u2013 a\u00f1os 1991 \u2013 1993 \u2013 1996 \u2013 2001 \u2013 2006 Fundaci\u00f3n Cultural Correo del Sur. Personaje C\u00edvico del Departamento de Nari\u00f1o a\u00f1o 2000. Medalla \u00c1lvaro Javier Jurado Calvache a\u00f1o 2007 \u2013 Centro Educativo PROFESA \u2013 defensor poblaci\u00f3n vulnerable del municipio de Pasto. Mejor cuentista del departamento de Nari\u00f1o \u2013 a\u00f1os 1989 \u2013 2004 \u2013 2005. Cronista m\u00e1s destacado del departamento de Nari\u00f1o \u2013 a\u00f1o 2001. Finalista VI Concurso Internacional de Cuento \u2013 Prensa Nueva \u2013 a\u00f1o 1991. Primer puesto Concurso nacional de cuento \u2013 Contralor\u00eda general de la Rep\u00fablica \u2013 a\u00f1o 1992. Primer Lugar Concurso Municipal de Periodismo \u201cSilvio Le\u00f3n Espa\u00f1a\u201d \u2013 2009. . Reconocimiento Concejo municipal de Pasto, por su labor c\u00edvica y educativa. Sus obras y escritos se conocen en varios pa\u00edses de Latinoam\u00e9rica y de Colombia. Es autor de una docena de textos y m\u00e1s de un millar de columnas de opini\u00f3n que han generado pol\u00e9mica en el contexto nacional y latinoamericano: Testimonio de una insurrecci\u00f3n ciudadana \u2013 2011. El doctor Mierda. Un pueblo ante la historia. La filosof\u00eda de la gallina. Del amor por la Tierra... y otros textos. Diario de un maestro de escuela. Apuntes para una nueva historia Nuevos apuntes \u2013 Tomas Hidalgo Calvache. El problema de los cristianos. La utilidad del poeta. \u00bfTe acuerdas Mariana...? Corona F\u00fanebre \u2013 Tomas Hidalgo Calvache. En formato digital ha editado los siguientes t\u00edtulos: - La nueva filosof\u00eda de la gallina. - Tomas Hidalgo Calvache - Apuntes. - Educar con valor. Figura en varias antolog\u00edas de autores nari\u00f1enses y en una latinoamericana. Sobre \u00e9l han escrito elogiosamente intelectuales de la talla de Otto Morales Ben\u00edtez, Edgar Bastidas Urresty, Juan Augusto Ortiz cabrera, Carlos Santamar\u00eda, Javier Rodrizales, Miguel Garz\u00f3n Arteaga, Fausto Molina, Jorge Arturo Bravo y otros tantos que ser\u00eda dif\u00edcil nombrar en esta peque\u00f1a cr\u00f3nica sobre Pablo Emilio Obando Acosta.","url":"https:\/\/pagina10.com\/web\/author\/pobando\/"}]}},"_links":{"self":[{"href":"https:\/\/pagina10.com\/web\/wp-json\/wp\/v2\/posts\/57925","targetHints":{"allow":["GET"]}}],"collection":[{"href":"https:\/\/pagina10.com\/web\/wp-json\/wp\/v2\/posts"}],"about":[{"href":"https:\/\/pagina10.com\/web\/wp-json\/wp\/v2\/types\/post"}],"author":[{"embeddable":true,"href":"https:\/\/pagina10.com\/web\/wp-json\/wp\/v2\/users\/46"}],"replies":[{"embeddable":true,"href":"https:\/\/pagina10.com\/web\/wp-json\/wp\/v2\/comments?post=57925"}],"version-history":[{"count":1,"href":"https:\/\/pagina10.com\/web\/wp-json\/wp\/v2\/posts\/57925\/revisions"}],"predecessor-version":[{"id":57926,"href":"https:\/\/pagina10.com\/web\/wp-json\/wp\/v2\/posts\/57925\/revisions\/57926"}],"wp:featuredmedia":[{"embeddable":true,"href":"https:\/\/pagina10.com\/web\/wp-json\/wp\/v2\/media\/52674"}],"wp:attachment":[{"href":"https:\/\/pagina10.com\/web\/wp-json\/wp\/v2\/media?parent=57925"}],"wp:term":[{"taxonomy":"category","embeddable":true,"href":"https:\/\/pagina10.com\/web\/wp-json\/wp\/v2\/categories?post=57925"},{"taxonomy":"post_tag","embeddable":true,"href":"https:\/\/pagina10.com\/web\/wp-json\/wp\/v2\/tags?post=57925"}],"curies":[{"name":"wp","href":"https:\/\/api.w.org\/{rel}","templated":true}]}}