{"id":57947,"date":"2022-01-28T22:20:26","date_gmt":"2022-01-29T03:20:26","guid":{"rendered":"https:\/\/pagina10.com\/web\/?p=57947"},"modified":"2022-01-28T22:20:26","modified_gmt":"2022-01-29T03:20:26","slug":"elecciones-en-narino-contaran-con-presencia-de-observadores-internacionales","status":"publish","type":"post","link":"https:\/\/pagina10.com\/web\/elecciones-en-narino-contaran-con-presencia-de-observadores-internacionales\/","title":{"rendered":"Elecciones en Nari\u00f1o contar\u00e1n con presencia de observadores internacionales"},"content":{"rendered":"<div>\n<div>\n<p style=\"text-align: justify;\">La Misi\u00f3n de Observaci\u00f3n Electoral de la Uni\u00f3n Europea, estar\u00e1 atenta al desarrollo del proceso electoral en el Departamento de Nari\u00f1o.<\/p>\n<\/div>\n<\/div>\n<div>\n<div>\n<p style=\"text-align: justify;\">El Secretario de Gobierno del departamento de Nari\u00f1o, Am\u00edlcar Pantoja, explic\u00f3 qu\u00e9 los cuatro integrantes de la Misi\u00f3n de Observaci\u00f3n Electoral estar\u00e1n en la regi\u00f3n entre el 20 de febrero y el 20 de marzo, con el objetivo de acompa\u00f1ar el proceso previo, la jornada de votaci\u00f3n y los d\u00edas posteriores a los comicios.<\/p>\n<p style=\"text-align: justify;\">La comisi\u00f3n estar\u00e1 como entidad veedora internacional, en especial para observar el proceso de elecciones de las curules de paz que se elegir\u00e1n en los territorios como la costa pac\u00edfica y la zona de cordillera; por ello, la articulaci\u00f3n de esfuerzos de las entidades que conforman el Comit\u00e9 de Seguimiento Electoral en Nari\u00f1o, se enfocar\u00e1 en brindar garant\u00edas de participaci\u00f3n, seguridad y normal desarrollo de los comicios del pr\u00f3ximo 13 de marzo, explic\u00f3 el Secretario.<\/p>\n<p style=\"text-align: justify;\">El funcionario dem\u00e1s indic\u00f3 que, desde la Comisi\u00f3n de Seguimiento y Garant\u00edas Electorales, conformada entre otras entidades, por la Gobernaci\u00f3n de Nari\u00f1o, existe toda la disposici\u00f3n para que los movimientos pol\u00edticos, partidos y ciudadanos tengan la informaci\u00f3n necesaria sobre el proceso electoral, funciones de las entidades, derechos y deberes tanto de partidos como de organizaciones y ciudadanos frente a las elecciones.<\/p>\n<\/div>\n<\/div>\n","protected":false},"excerpt":{"rendered":"<p>La Misi\u00f3n de Observaci\u00f3n Electoral de la Uni\u00f3n Europea, estar\u00e1 atenta al desarrollo del proceso electoral en el Departamento de Nari\u00f1o. El Secretario de Gobierno del departamento de Nari\u00f1o, Am\u00edlcar Pantoja, explic\u00f3 qu\u00e9 los cuatro integrantes de la Misi\u00f3n de Observaci\u00f3n Electoral estar\u00e1n en la regi\u00f3n entre el 20 de febrero y el 20 de [&hellip;]<\/p>\n","protected":false},"author":1,"featured_media":36168,"comment_status":"open","ping_status":"open","sticky":false,"template":"","format":"standard","meta":{"footnotes":""},"categories":[53],"tags":[],"class_list":["post-57947","post","type-post","status-publish","format-standard","has-post-thumbnail","hentry","category-regiones"],"yoast_head":"<!-- This site is optimized with the Yoast SEO plugin v27.1.1 - https:\/\/yoast.com\/product\/yoast-seo-wordpress\/ -->\n<title>Elecciones en Nari\u00f1o contar\u00e1n con presencia de observadores internacionales | P\u00e1gina10<\/title>\n<meta name=\"robots\" content=\"index, follow, max-snippet:-1, max-image-preview:large, max-video-preview:-1\" \/>\n<link rel=\"canonical\" href=\"https:\/\/pagina10.com\/web\/elecciones-en-narino-contaran-con-presencia-de-observadores-internacionales\/\" \/>\n<meta property=\"og:locale\" content=\"es_ES\" \/>\n<meta property=\"og:type\" content=\"article\" \/>\n<meta property=\"og:title\" content=\"Elecciones en Nari\u00f1o contar\u00e1n con presencia de observadores internacionales | P\u00e1gina10\" \/>\n<meta property=\"og:description\" content=\"La Misi\u00f3n de Observaci\u00f3n Electoral de la Uni\u00f3n Europea, estar\u00e1 atenta al desarrollo del proceso electoral en el Departamento de Nari\u00f1o. El Secretario de Gobierno del departamento de Nari\u00f1o, Am\u00edlcar Pantoja, explic\u00f3 qu\u00e9 los cuatro integrantes de la Misi\u00f3n de Observaci\u00f3n Electoral estar\u00e1n en la regi\u00f3n entre el 20 de febrero y el 20 de [&hellip;]\" \/>\n<meta property=\"og:url\" content=\"https:\/\/pagina10.com\/web\/elecciones-en-narino-contaran-con-presencia-de-observadores-internacionales\/\" \/>\n<meta property=\"og:site_name\" content=\"P\u00e1gina10\" \/>\n<meta property=\"article:publisher\" content=\"https:\/\/www.facebook.com\/pag10com\" \/>\n<meta property=\"article:published_time\" content=\"2022-01-29T03:20:26+00:00\" \/>\n<meta property=\"og:image\" content=\"https:\/\/pagina10.com\/web\/wp-content\/uploads\/2019\/01\/elecciones-colombia.-1.jpg\" \/>\n\t<meta property=\"og:image:width\" content=\"650\" \/>\n\t<meta property=\"og:image:height\" content=\"433\" \/>\n\t<meta property=\"og:image:type\" content=\"image\/jpeg\" \/>\n<meta name=\"author\" content=\"P\u00e1gina 10\" \/>\n<meta name=\"twitter:card\" content=\"summary_large_image\" \/>\n<meta name=\"twitter:creator\" content=\"@Pag10com\" \/>\n<meta name=\"twitter:site\" content=\"@Pag10com\" \/>\n<meta name=\"twitter:label1\" content=\"Escrito por\" \/>\n\t<meta name=\"twitter:data1\" content=\"P\u00e1gina 10\" \/>\n\t<meta name=\"twitter:label2\" content=\"Tiempo de lectura\" \/>\n\t<meta name=\"twitter:data2\" content=\"1 minuto\" \/>\n<script type=\"application\/ld+json\" class=\"yoast-schema-graph\">{\"@context\":\"https:\/\/schema.org\",\"@graph\":[{\"@type\":\"Article\",\"@id\":\"https:\/\/pagina10.com\/web\/elecciones-en-narino-contaran-con-presencia-de-observadores-internacionales\/#article\",\"isPartOf\":{\"@id\":\"https:\/\/pagina10.com\/web\/elecciones-en-narino-contaran-con-presencia-de-observadores-internacionales\/\"},\"author\":{\"name\":\"P\u00e1gina 10\",\"@id\":\"https:\/\/pagina10.com\/web\/#\/schema\/person\/2efc4a090d25b667d3bc796798a3a81b\"},\"headline\":\"Elecciones en Nari\u00f1o contar\u00e1n con presencia de observadores internacionales\",\"datePublished\":\"2022-01-29T03:20:26+00:00\",\"mainEntityOfPage\":{\"@id\":\"https:\/\/pagina10.com\/web\/elecciones-en-narino-contaran-con-presencia-de-observadores-internacionales\/\"},\"wordCount\":248,\"commentCount\":0,\"publisher\":{\"@id\":\"https:\/\/pagina10.com\/web\/#organization\"},\"image\":{\"@id\":\"https:\/\/pagina10.com\/web\/elecciones-en-narino-contaran-con-presencia-de-observadores-internacionales\/#primaryimage\"},\"thumbnailUrl\":\"https:\/\/pagina10.com\/web\/wp-content\/uploads\/2019\/01\/elecciones-colombia.-1.jpg\",\"articleSection\":[\"Regiones\"],\"inLanguage\":\"es\",\"potentialAction\":[{\"@type\":\"CommentAction\",\"name\":\"Comment\",\"target\":[\"https:\/\/pagina10.com\/web\/elecciones-en-narino-contaran-con-presencia-de-observadores-internacionales\/#respond\"]}]},{\"@type\":\"WebPage\",\"@id\":\"https:\/\/pagina10.com\/web\/elecciones-en-narino-contaran-con-presencia-de-observadores-internacionales\/\",\"url\":\"https:\/\/pagina10.com\/web\/elecciones-en-narino-contaran-con-presencia-de-observadores-internacionales\/\",\"name\":\"Elecciones en Nari\u00f1o contar\u00e1n con presencia de observadores internacionales | P\u00e1gina10\",\"isPartOf\":{\"@id\":\"https:\/\/pagina10.com\/web\/#website\"},\"primaryImageOfPage\":{\"@id\":\"https:\/\/pagina10.com\/web\/elecciones-en-narino-contaran-con-presencia-de-observadores-internacionales\/#primaryimage\"},\"image\":{\"@id\":\"https:\/\/pagina10.com\/web\/elecciones-en-narino-contaran-con-presencia-de-observadores-internacionales\/#primaryimage\"},\"thumbnailUrl\":\"https:\/\/pagina10.com\/web\/wp-content\/uploads\/2019\/01\/elecciones-colombia.-1.jpg\",\"datePublished\":\"2022-01-29T03:20:26+00:00\",\"breadcrumb\":{\"@id\":\"https:\/\/pagina10.com\/web\/elecciones-en-narino-contaran-con-presencia-de-observadores-internacionales\/#breadcrumb\"},\"inLanguage\":\"es\",\"potentialAction\":[{\"@type\":\"ReadAction\",\"target\":[\"https:\/\/pagina10.com\/web\/elecciones-en-narino-contaran-con-presencia-de-observadores-internacionales\/\"]}]},{\"@type\":\"ImageObject\",\"inLanguage\":\"es\",\"@id\":\"https:\/\/pagina10.com\/web\/elecciones-en-narino-contaran-con-presencia-de-observadores-internacionales\/#primaryimage\",\"url\":\"https:\/\/pagina10.com\/web\/wp-content\/uploads\/2019\/01\/elecciones-colombia.-1.jpg\",\"contentUrl\":\"https:\/\/pagina10.com\/web\/wp-content\/uploads\/2019\/01\/elecciones-colombia.-1.jpg\",\"width\":650,\"height\":433},{\"@type\":\"BreadcrumbList\",\"@id\":\"https:\/\/pagina10.com\/web\/elecciones-en-narino-contaran-con-presencia-de-observadores-internacionales\/#breadcrumb\",\"itemListElement\":[{\"@type\":\"ListItem\",\"position\":1,\"name\":\"Portada\",\"item\":\"https:\/\/pagina10.com\/web\/\"},{\"@type\":\"ListItem\",\"position\":2,\"name\":\"Elecciones en Nari\u00f1o contar\u00e1n con presencia de observadores internacionales\"}]},{\"@type\":\"WebSite\",\"@id\":\"https:\/\/pagina10.com\/web\/#website\",\"url\":\"https:\/\/pagina10.com\/web\/\",\"name\":\"P\u00e1gina10\",\"description\":\"Peri\u00f3dico Regional\",\"publisher\":{\"@id\":\"https:\/\/pagina10.com\/web\/#organization\"},\"alternateName\":\"P\u00e1gina10 Peri\u00f3dico Regional\",\"potentialAction\":[{\"@type\":\"SearchAction\",\"target\":{\"@type\":\"EntryPoint\",\"urlTemplate\":\"https:\/\/pagina10.com\/web\/?s={search_term_string}\"},\"query-input\":{\"@type\":\"PropertyValueSpecification\",\"valueRequired\":true,\"valueName\":\"search_term_string\"}}],\"inLanguage\":\"es\"},{\"@type\":\"Organization\",\"@id\":\"https:\/\/pagina10.com\/web\/#organization\",\"name\":\"P\u00e1gina10\",\"alternateName\":\"P\u00e1gina10 Peri\u00f3dico Regional\",\"url\":\"https:\/\/pagina10.com\/web\/\",\"logo\":{\"@type\":\"ImageObject\",\"inLanguage\":\"es\",\"@id\":\"https:\/\/pagina10.com\/web\/#\/schema\/logo\/image\/\",\"url\":\"https:\/\/pagina10.com\/web\/wp-content\/uploads\/2024\/01\/40-pagina-10-periodico-regional-pasto.jpg\",\"contentUrl\":\"https:\/\/pagina10.com\/web\/wp-content\/uploads\/2024\/01\/40-pagina-10-periodico-regional-pasto.jpg\",\"width\":1280,\"height\":720,\"caption\":\"P\u00e1gina10\"},\"image\":{\"@id\":\"https:\/\/pagina10.com\/web\/#\/schema\/logo\/image\/\"},\"sameAs\":[\"https:\/\/www.facebook.com\/pag10com\",\"https:\/\/x.com\/Pag10com\",\"https:\/\/www.instagram.com\/pagina10col\/\",\"https:\/\/youtube.com\/channel\/pag10\",\"https:\/\/www.tiktok.com\/@p10col\"]},{\"@type\":\"Person\",\"@id\":\"https:\/\/pagina10.com\/web\/#\/schema\/person\/2efc4a090d25b667d3bc796798a3a81b\",\"name\":\"P\u00e1gina 10\",\"description\":\"P\u00e1gina 10 es un peri\u00f3dico regional que nace en Colombia, en el departamento de Nari\u00f1o, con un enfoque global, fundamentado en cuatro pilares esenciales: la libertad, el pluralismo, la inclusi\u00f3n y la independencia. P\u00e1gina 10 hace referencia a Nari\u00f1o como el d\u00e9cimo departamento creado en Colombia, despu\u00e9s de un proceso pol\u00edtico liderado por actores y actrices regionales con el fin de obtener la independencia y autonom\u00eda de nuestros territorios. Con la creaci\u00f3n de P\u00e1gina 10 se pretende abrir un escenario para el dialogo, la reflexi\u00f3n y el debate que se extienda a otras geograf\u00edas de Am\u00e9rica Latina y del planeta, en una apuesta por transformar colectivamente los desaf\u00edos de un mundo contempor\u00e1neo, m\u00e1s all\u00e1 de las fronteras impuestas.\",\"url\":\"https:\/\/pagina10.com\/web\/author\/pdiezadmin\/\"}]}<\/script>\n<!-- \/ Yoast SEO plugin. -->","yoast_head_json":{"title":"Elecciones en Nari\u00f1o contar\u00e1n con presencia de observadores internacionales | P\u00e1gina10","robots":{"index":"index","follow":"follow","max-snippet":"max-snippet:-1","max-image-preview":"max-image-preview:large","max-video-preview":"max-video-preview:-1"},"canonical":"https:\/\/pagina10.com\/web\/elecciones-en-narino-contaran-con-presencia-de-observadores-internacionales\/","og_locale":"es_ES","og_type":"article","og_title":"Elecciones en Nari\u00f1o contar\u00e1n con presencia de observadores internacionales | P\u00e1gina10","og_description":"La Misi\u00f3n de Observaci\u00f3n Electoral de la Uni\u00f3n Europea, estar\u00e1 atenta al desarrollo del proceso electoral en el Departamento de Nari\u00f1o. El Secretario de Gobierno del departamento de Nari\u00f1o, Am\u00edlcar Pantoja, explic\u00f3 qu\u00e9 los cuatro integrantes de la Misi\u00f3n de Observaci\u00f3n Electoral estar\u00e1n en la regi\u00f3n entre el 20 de febrero y el 20 de [&hellip;]","og_url":"https:\/\/pagina10.com\/web\/elecciones-en-narino-contaran-con-presencia-de-observadores-internacionales\/","og_site_name":"P\u00e1gina10","article_publisher":"https:\/\/www.facebook.com\/pag10com","article_published_time":"2022-01-29T03:20:26+00:00","og_image":[{"width":650,"height":433,"url":"https:\/\/pagina10.com\/web\/wp-content\/uploads\/2019\/01\/elecciones-colombia.-1.jpg","type":"image\/jpeg"}],"author":"P\u00e1gina 10","twitter_card":"summary_large_image","twitter_creator":"@Pag10com","twitter_site":"@Pag10com","twitter_misc":{"Escrito por":"P\u00e1gina 10","Tiempo de lectura":"1 minuto"},"schema":{"@context":"https:\/\/schema.org","@graph":[{"@type":"Article","@id":"https:\/\/pagina10.com\/web\/elecciones-en-narino-contaran-con-presencia-de-observadores-internacionales\/#article","isPartOf":{"@id":"https:\/\/pagina10.com\/web\/elecciones-en-narino-contaran-con-presencia-de-observadores-internacionales\/"},"author":{"name":"P\u00e1gina 10","@id":"https:\/\/pagina10.com\/web\/#\/schema\/person\/2efc4a090d25b667d3bc796798a3a81b"},"headline":"Elecciones en Nari\u00f1o contar\u00e1n con presencia de observadores internacionales","datePublished":"2022-01-29T03:20:26+00:00","mainEntityOfPage":{"@id":"https:\/\/pagina10.com\/web\/elecciones-en-narino-contaran-con-presencia-de-observadores-internacionales\/"},"wordCount":248,"commentCount":0,"publisher":{"@id":"https:\/\/pagina10.com\/web\/#organization"},"image":{"@id":"https:\/\/pagina10.com\/web\/elecciones-en-narino-contaran-con-presencia-de-observadores-internacionales\/#primaryimage"},"thumbnailUrl":"https:\/\/pagina10.com\/web\/wp-content\/uploads\/2019\/01\/elecciones-colombia.-1.jpg","articleSection":["Regiones"],"inLanguage":"es","potentialAction":[{"@type":"CommentAction","name":"Comment","target":["https:\/\/pagina10.com\/web\/elecciones-en-narino-contaran-con-presencia-de-observadores-internacionales\/#respond"]}]},{"@type":"WebPage","@id":"https:\/\/pagina10.com\/web\/elecciones-en-narino-contaran-con-presencia-de-observadores-internacionales\/","url":"https:\/\/pagina10.com\/web\/elecciones-en-narino-contaran-con-presencia-de-observadores-internacionales\/","name":"Elecciones en Nari\u00f1o contar\u00e1n con presencia de observadores internacionales | P\u00e1gina10","isPartOf":{"@id":"https:\/\/pagina10.com\/web\/#website"},"primaryImageOfPage":{"@id":"https:\/\/pagina10.com\/web\/elecciones-en-narino-contaran-con-presencia-de-observadores-internacionales\/#primaryimage"},"image":{"@id":"https:\/\/pagina10.com\/web\/elecciones-en-narino-contaran-con-presencia-de-observadores-internacionales\/#primaryimage"},"thumbnailUrl":"https:\/\/pagina10.com\/web\/wp-content\/uploads\/2019\/01\/elecciones-colombia.-1.jpg","datePublished":"2022-01-29T03:20:26+00:00","breadcrumb":{"@id":"https:\/\/pagina10.com\/web\/elecciones-en-narino-contaran-con-presencia-de-observadores-internacionales\/#breadcrumb"},"inLanguage":"es","potentialAction":[{"@type":"ReadAction","target":["https:\/\/pagina10.com\/web\/elecciones-en-narino-contaran-con-presencia-de-observadores-internacionales\/"]}]},{"@type":"ImageObject","inLanguage":"es","@id":"https:\/\/pagina10.com\/web\/elecciones-en-narino-contaran-con-presencia-de-observadores-internacionales\/#primaryimage","url":"https:\/\/pagina10.com\/web\/wp-content\/uploads\/2019\/01\/elecciones-colombia.-1.jpg","contentUrl":"https:\/\/pagina10.com\/web\/wp-content\/uploads\/2019\/01\/elecciones-colombia.-1.jpg","width":650,"height":433},{"@type":"BreadcrumbList","@id":"https:\/\/pagina10.com\/web\/elecciones-en-narino-contaran-con-presencia-de-observadores-internacionales\/#breadcrumb","itemListElement":[{"@type":"ListItem","position":1,"name":"Portada","item":"https:\/\/pagina10.com\/web\/"},{"@type":"ListItem","position":2,"name":"Elecciones en Nari\u00f1o contar\u00e1n con presencia de observadores internacionales"}]},{"@type":"WebSite","@id":"https:\/\/pagina10.com\/web\/#website","url":"https:\/\/pagina10.com\/web\/","name":"P\u00e1gina10","description":"Peri\u00f3dico Regional","publisher":{"@id":"https:\/\/pagina10.com\/web\/#organization"},"alternateName":"P\u00e1gina10 Peri\u00f3dico Regional","potentialAction":[{"@type":"SearchAction","target":{"@type":"EntryPoint","urlTemplate":"https:\/\/pagina10.com\/web\/?s={search_term_string}"},"query-input":{"@type":"PropertyValueSpecification","valueRequired":true,"valueName":"search_term_string"}}],"inLanguage":"es"},{"@type":"Organization","@id":"https:\/\/pagina10.com\/web\/#organization","name":"P\u00e1gina10","alternateName":"P\u00e1gina10 Peri\u00f3dico Regional","url":"https:\/\/pagina10.com\/web\/","logo":{"@type":"ImageObject","inLanguage":"es","@id":"https:\/\/pagina10.com\/web\/#\/schema\/logo\/image\/","url":"https:\/\/pagina10.com\/web\/wp-content\/uploads\/2024\/01\/40-pagina-10-periodico-regional-pasto.jpg","contentUrl":"https:\/\/pagina10.com\/web\/wp-content\/uploads\/2024\/01\/40-pagina-10-periodico-regional-pasto.jpg","width":1280,"height":720,"caption":"P\u00e1gina10"},"image":{"@id":"https:\/\/pagina10.com\/web\/#\/schema\/logo\/image\/"},"sameAs":["https:\/\/www.facebook.com\/pag10com","https:\/\/x.com\/Pag10com","https:\/\/www.instagram.com\/pagina10col\/","https:\/\/youtube.com\/channel\/pag10","https:\/\/www.tiktok.com\/@p10col"]},{"@type":"Person","@id":"https:\/\/pagina10.com\/web\/#\/schema\/person\/2efc4a090d25b667d3bc796798a3a81b","name":"P\u00e1gina 10","description":"P\u00e1gina 10 es un peri\u00f3dico regional que nace en Colombia, en el departamento de Nari\u00f1o, con un enfoque global, fundamentado en cuatro pilares esenciales: la libertad, el pluralismo, la inclusi\u00f3n y la independencia. P\u00e1gina 10 hace referencia a Nari\u00f1o como el d\u00e9cimo departamento creado en Colombia, despu\u00e9s de un proceso pol\u00edtico liderado por actores y actrices regionales con el fin de obtener la independencia y autonom\u00eda de nuestros territorios. Con la creaci\u00f3n de P\u00e1gina 10 se pretende abrir un escenario para el dialogo, la reflexi\u00f3n y el debate que se extienda a otras geograf\u00edas de Am\u00e9rica Latina y del planeta, en una apuesta por transformar colectivamente los desaf\u00edos de un mundo contempor\u00e1neo, m\u00e1s all\u00e1 de las fronteras impuestas.","url":"https:\/\/pagina10.com\/web\/author\/pdiezadmin\/"}]}},"_links":{"self":[{"href":"https:\/\/pagina10.com\/web\/wp-json\/wp\/v2\/posts\/57947","targetHints":{"allow":["GET"]}}],"collection":[{"href":"https:\/\/pagina10.com\/web\/wp-json\/wp\/v2\/posts"}],"about":[{"href":"https:\/\/pagina10.com\/web\/wp-json\/wp\/v2\/types\/post"}],"author":[{"embeddable":true,"href":"https:\/\/pagina10.com\/web\/wp-json\/wp\/v2\/users\/1"}],"replies":[{"embeddable":true,"href":"https:\/\/pagina10.com\/web\/wp-json\/wp\/v2\/comments?post=57947"}],"version-history":[{"count":1,"href":"https:\/\/pagina10.com\/web\/wp-json\/wp\/v2\/posts\/57947\/revisions"}],"predecessor-version":[{"id":57948,"href":"https:\/\/pagina10.com\/web\/wp-json\/wp\/v2\/posts\/57947\/revisions\/57948"}],"wp:featuredmedia":[{"embeddable":true,"href":"https:\/\/pagina10.com\/web\/wp-json\/wp\/v2\/media\/36168"}],"wp:attachment":[{"href":"https:\/\/pagina10.com\/web\/wp-json\/wp\/v2\/media?parent=57947"}],"wp:term":[{"taxonomy":"category","embeddable":true,"href":"https:\/\/pagina10.com\/web\/wp-json\/wp\/v2\/categories?post=57947"},{"taxonomy":"post_tag","embeddable":true,"href":"https:\/\/pagina10.com\/web\/wp-json\/wp\/v2\/tags?post=57947"}],"curies":[{"name":"wp","href":"https:\/\/api.w.org\/{rel}","templated":true}]}}