{"id":57952,"date":"2022-01-29T21:42:20","date_gmt":"2022-01-30T02:42:20","guid":{"rendered":"https:\/\/pagina10.com\/web\/?p=57952"},"modified":"2022-01-30T11:30:07","modified_gmt":"2022-01-30T16:30:07","slug":"procuraduria-destituyo-e-inhabilito-por-10-anos-al-alcalde-de-taminango-narino-por-irregularidades-en-la-adquisicion-de-un-predio%e2%80%af","status":"publish","type":"post","link":"https:\/\/pagina10.com\/web\/procuraduria-destituyo-e-inhabilito-por-10-anos-al-alcalde-de-taminango-narino-por-irregularidades-en-la-adquisicion-de-un-predio%e2%80%af\/","title":{"rendered":"Procuradur\u00eda destituy\u00f3 e inhabilit\u00f3 por 10 a\u00f1os al alcalde de Taminango, por irregularidades en la adquisici\u00f3n de un predio.\u202f"},"content":{"rendered":"<p style=\"text-align: justify;\">El mandatario adquiri\u00f3 un predio para construir una estaci\u00f3n de polic\u00eda en un lugar que el Esquema de Ordenamiento Territorial no permite, con lo que viol\u00f3 los principios de econom\u00eda y responsabilidad.<\/p>\n<p style=\"text-align: justify;\">La Procuradur\u00eda General de la Naci\u00f3n sancion\u00f3 con\u00a0destituci\u00f3n e inhabilidad\u00a0por 10 a\u00f1os al actual alcalde de Taminango, Nari\u00f1o, Miller Leonardo Urbano Ojeda, por la adquisici\u00f3n de un predio durante su mandato del periodo 2012 \u2013 2015, sin tener en cuenta el Esquema de Ordenamiento Territorial, con lo que\u00a0vulner\u00f3 los principios de econom\u00eda y responsabilidad.<\/p>\n<p style=\"text-align: justify;\">La entidad comprob\u00f3 que el mandatario particip\u00f3 en la etapa precontractual y contractual en detrimento del\u00a0patrimonio p\u00fablico\u00a0y con desconocimiento de los principios de planeaci\u00f3n y responsabilidad que regulan la\u00a0contrataci\u00f3n estatal, por cuanto el aval\u00fao comercial de un predio adquirido para construir una estaci\u00f3n de polic\u00eda no fue hecho por una instituci\u00f3n especializada.<\/p>\n<p style=\"text-align: justify;\">De igual manera, el\u00a0Ministerio P\u00fablico\u00a0se\u00f1al\u00f3 que la compra del predio vulner\u00f3 las disposiciones del Esquema de Ordenamiento Territorial del municipio, pues si bien las entidades estatales pueden adquirir bienes, se deben seguir las reglas existentes para ello.<\/p>\n<p style=\"text-align: justify;\">La Procuradur\u00eda estableci\u00f3 que al hacer el pago de los $331 millones que cost\u00f3 el inmueble, Urbano Ojeda, el alcalde, como representante legal del municipio y responsable de dirigir la actividad contractual del ente territorial, no vel\u00f3 por la protecci\u00f3n de los\u00a0derechos\u00a0de la entidad.<\/p>\n<p style=\"text-align: justify;\">El\u00a0ente de control\u00a0reproch\u00f3 el hecho de que a la fecha no se le haya dado uso alguno al predio, a pesar de haber sido pagado en su totalidad, por lo que se gener\u00f3 un incumplimiento en los\u00a0planes de la contrataci\u00f3n.<\/p>\n<p style=\"text-align: justify;\">La Procuradur\u00eda calific\u00f3 la falta de forma definitiva como grav\u00edsima a t\u00edtulo de culpa grav\u00edsima por desatenci\u00f3n elemental.<\/p>\n<p style=\"text-align: justify;\">Contra la presente decisi\u00f3n procede el recurso de apelaci\u00f3n ante la\u202fSala Disciplinaria de Juzgamiento de Servidores P\u00fablicos de Elecci\u00f3n Popular.<\/p>\n<p style=\"text-align: justify;\">\n","protected":false},"excerpt":{"rendered":"<p>El mandatario adquiri\u00f3 un predio para construir una estaci\u00f3n de polic\u00eda en un lugar que el Esquema de Ordenamiento Territorial no permite, con lo que viol\u00f3 los principios de econom\u00eda y responsabilidad. La Procuradur\u00eda General de la Naci\u00f3n sancion\u00f3 con\u00a0destituci\u00f3n e inhabilidad\u00a0por 10 a\u00f1os al actual alcalde de Taminango, Nari\u00f1o, Miller Leonardo Urbano Ojeda, por [&hellip;]<\/p>\n","protected":false},"author":1,"featured_media":57966,"comment_status":"open","ping_status":"open","sticky":false,"template":"","format":"standard","meta":{"footnotes":""},"categories":[14],"tags":[],"class_list":["post-57952","post","type-post","status-publish","format-standard","has-post-thumbnail","hentry","category-narino-actual"],"yoast_head":"<!-- This site is optimized with the Yoast SEO plugin v27.1.1 - https:\/\/yoast.com\/product\/yoast-seo-wordpress\/ -->\n<title>Procuradur\u00eda destituy\u00f3 e inhabilit\u00f3 por 10 a\u00f1os al alcalde de Taminango, por irregularidades en la adquisici\u00f3n de un predio.\u202f | P\u00e1gina10<\/title>\n<meta name=\"robots\" content=\"index, follow, max-snippet:-1, max-image-preview:large, max-video-preview:-1\" \/>\n<link rel=\"canonical\" href=\"https:\/\/pagina10.com\/web\/procuraduria-destituyo-e-inhabilito-por-10-anos-al-alcalde-de-taminango-narino-por-irregularidades-en-la-adquisicion-de-un-predio\u202f\/\" \/>\n<meta property=\"og:locale\" content=\"es_ES\" \/>\n<meta property=\"og:type\" content=\"article\" \/>\n<meta property=\"og:title\" content=\"Procuradur\u00eda destituy\u00f3 e inhabilit\u00f3 por 10 a\u00f1os al alcalde de Taminango, por irregularidades en la adquisici\u00f3n de un predio.\u202f | P\u00e1gina10\" \/>\n<meta property=\"og:description\" content=\"El mandatario adquiri\u00f3 un predio para construir una estaci\u00f3n de polic\u00eda en un lugar que el Esquema de Ordenamiento Territorial no permite, con lo que viol\u00f3 los principios de econom\u00eda y responsabilidad. La Procuradur\u00eda General de la Naci\u00f3n sancion\u00f3 con\u00a0destituci\u00f3n e inhabilidad\u00a0por 10 a\u00f1os al actual alcalde de Taminango, Nari\u00f1o, Miller Leonardo Urbano Ojeda, por [&hellip;]\" \/>\n<meta property=\"og:url\" content=\"https:\/\/pagina10.com\/web\/procuraduria-destituyo-e-inhabilito-por-10-anos-al-alcalde-de-taminango-narino-por-irregularidades-en-la-adquisicion-de-un-predio\u202f\/\" \/>\n<meta property=\"og:site_name\" content=\"P\u00e1gina10\" \/>\n<meta property=\"article:publisher\" content=\"https:\/\/www.facebook.com\/pag10com\" \/>\n<meta property=\"article:published_time\" content=\"2022-01-30T02:42:20+00:00\" \/>\n<meta property=\"article:modified_time\" content=\"2022-01-30T16:30:07+00:00\" \/>\n<meta property=\"og:image\" content=\"https:\/\/pagina10.com\/web\/wp-content\/uploads\/2022\/01\/Captura-de-Pantalla-2022-01-30-a-las-11.29.21-a.-m..png\" \/>\n\t<meta property=\"og:image:width\" content=\"510\" \/>\n\t<meta property=\"og:image:height\" content=\"314\" \/>\n\t<meta property=\"og:image:type\" content=\"image\/png\" \/>\n<meta name=\"author\" content=\"P\u00e1gina 10\" \/>\n<meta name=\"twitter:card\" content=\"summary_large_image\" \/>\n<meta name=\"twitter:creator\" content=\"@Pag10com\" \/>\n<meta name=\"twitter:site\" content=\"@Pag10com\" \/>\n<meta name=\"twitter:label1\" content=\"Escrito por\" \/>\n\t<meta name=\"twitter:data1\" content=\"P\u00e1gina 10\" \/>\n\t<meta name=\"twitter:label2\" content=\"Tiempo de lectura\" \/>\n\t<meta name=\"twitter:data2\" content=\"2 minutos\" \/>\n<script type=\"application\/ld+json\" class=\"yoast-schema-graph\">{\"@context\":\"https:\/\/schema.org\",\"@graph\":[{\"@type\":\"Article\",\"@id\":\"https:\/\/pagina10.com\/web\/procuraduria-destituyo-e-inhabilito-por-10-anos-al-alcalde-de-taminango-narino-por-irregularidades-en-la-adquisicion-de-un-predio%e2%80%af\/#article\",\"isPartOf\":{\"@id\":\"https:\/\/pagina10.com\/web\/procuraduria-destituyo-e-inhabilito-por-10-anos-al-alcalde-de-taminango-narino-por-irregularidades-en-la-adquisicion-de-un-predio%e2%80%af\/\"},\"author\":{\"name\":\"P\u00e1gina 10\",\"@id\":\"https:\/\/pagina10.com\/web\/#\/schema\/person\/2efc4a090d25b667d3bc796798a3a81b\"},\"headline\":\"Procuradur\u00eda destituy\u00f3 e inhabilit\u00f3 por 10 a\u00f1os al alcalde de Taminango, por irregularidades en la adquisici\u00f3n de un predio.\u202f\",\"datePublished\":\"2022-01-30T02:42:20+00:00\",\"dateModified\":\"2022-01-30T16:30:07+00:00\",\"mainEntityOfPage\":{\"@id\":\"https:\/\/pagina10.com\/web\/procuraduria-destituyo-e-inhabilito-por-10-anos-al-alcalde-de-taminango-narino-por-irregularidades-en-la-adquisicion-de-un-predio%e2%80%af\/\"},\"wordCount\":358,\"commentCount\":0,\"publisher\":{\"@id\":\"https:\/\/pagina10.com\/web\/#organization\"},\"image\":{\"@id\":\"https:\/\/pagina10.com\/web\/procuraduria-destituyo-e-inhabilito-por-10-anos-al-alcalde-de-taminango-narino-por-irregularidades-en-la-adquisicion-de-un-predio%e2%80%af\/#primaryimage\"},\"thumbnailUrl\":\"https:\/\/pagina10.com\/web\/wp-content\/uploads\/2022\/01\/Captura-de-Pantalla-2022-01-30-a-las-11.29.21-a.-m..png\",\"articleSection\":[\"Nari\u00f1o Actual\"],\"inLanguage\":\"es\",\"potentialAction\":[{\"@type\":\"CommentAction\",\"name\":\"Comment\",\"target\":[\"https:\/\/pagina10.com\/web\/procuraduria-destituyo-e-inhabilito-por-10-anos-al-alcalde-de-taminango-narino-por-irregularidades-en-la-adquisicion-de-un-predio%e2%80%af\/#respond\"]}]},{\"@type\":\"WebPage\",\"@id\":\"https:\/\/pagina10.com\/web\/procuraduria-destituyo-e-inhabilito-por-10-anos-al-alcalde-de-taminango-narino-por-irregularidades-en-la-adquisicion-de-un-predio%e2%80%af\/\",\"url\":\"https:\/\/pagina10.com\/web\/procuraduria-destituyo-e-inhabilito-por-10-anos-al-alcalde-de-taminango-narino-por-irregularidades-en-la-adquisicion-de-un-predio%e2%80%af\/\",\"name\":\"Procuradur\u00eda destituy\u00f3 e inhabilit\u00f3 por 10 a\u00f1os al alcalde de Taminango, por irregularidades en la adquisici\u00f3n de un predio.\u202f | P\u00e1gina10\",\"isPartOf\":{\"@id\":\"https:\/\/pagina10.com\/web\/#website\"},\"primaryImageOfPage\":{\"@id\":\"https:\/\/pagina10.com\/web\/procuraduria-destituyo-e-inhabilito-por-10-anos-al-alcalde-de-taminango-narino-por-irregularidades-en-la-adquisicion-de-un-predio%e2%80%af\/#primaryimage\"},\"image\":{\"@id\":\"https:\/\/pagina10.com\/web\/procuraduria-destituyo-e-inhabilito-por-10-anos-al-alcalde-de-taminango-narino-por-irregularidades-en-la-adquisicion-de-un-predio%e2%80%af\/#primaryimage\"},\"thumbnailUrl\":\"https:\/\/pagina10.com\/web\/wp-content\/uploads\/2022\/01\/Captura-de-Pantalla-2022-01-30-a-las-11.29.21-a.-m..png\",\"datePublished\":\"2022-01-30T02:42:20+00:00\",\"dateModified\":\"2022-01-30T16:30:07+00:00\",\"breadcrumb\":{\"@id\":\"https:\/\/pagina10.com\/web\/procuraduria-destituyo-e-inhabilito-por-10-anos-al-alcalde-de-taminango-narino-por-irregularidades-en-la-adquisicion-de-un-predio%e2%80%af\/#breadcrumb\"},\"inLanguage\":\"es\",\"potentialAction\":[{\"@type\":\"ReadAction\",\"target\":[\"https:\/\/pagina10.com\/web\/procuraduria-destituyo-e-inhabilito-por-10-anos-al-alcalde-de-taminango-narino-por-irregularidades-en-la-adquisicion-de-un-predio%e2%80%af\/\"]}]},{\"@type\":\"ImageObject\",\"inLanguage\":\"es\",\"@id\":\"https:\/\/pagina10.com\/web\/procuraduria-destituyo-e-inhabilito-por-10-anos-al-alcalde-de-taminango-narino-por-irregularidades-en-la-adquisicion-de-un-predio%e2%80%af\/#primaryimage\",\"url\":\"https:\/\/pagina10.com\/web\/wp-content\/uploads\/2022\/01\/Captura-de-Pantalla-2022-01-30-a-las-11.29.21-a.-m..png\",\"contentUrl\":\"https:\/\/pagina10.com\/web\/wp-content\/uploads\/2022\/01\/Captura-de-Pantalla-2022-01-30-a-las-11.29.21-a.-m..png\",\"width\":510,\"height\":314},{\"@type\":\"BreadcrumbList\",\"@id\":\"https:\/\/pagina10.com\/web\/procuraduria-destituyo-e-inhabilito-por-10-anos-al-alcalde-de-taminango-narino-por-irregularidades-en-la-adquisicion-de-un-predio%e2%80%af\/#breadcrumb\",\"itemListElement\":[{\"@type\":\"ListItem\",\"position\":1,\"name\":\"Portada\",\"item\":\"https:\/\/pagina10.com\/web\/\"},{\"@type\":\"ListItem\",\"position\":2,\"name\":\"Procuradur\u00eda destituy\u00f3 e inhabilit\u00f3 por 10 a\u00f1os al alcalde de Taminango, por irregularidades en la adquisici\u00f3n de un predio.\u202f\"}]},{\"@type\":\"WebSite\",\"@id\":\"https:\/\/pagina10.com\/web\/#website\",\"url\":\"https:\/\/pagina10.com\/web\/\",\"name\":\"P\u00e1gina10\",\"description\":\"Peri\u00f3dico Regional\",\"publisher\":{\"@id\":\"https:\/\/pagina10.com\/web\/#organization\"},\"alternateName\":\"P\u00e1gina10 Peri\u00f3dico Regional\",\"potentialAction\":[{\"@type\":\"SearchAction\",\"target\":{\"@type\":\"EntryPoint\",\"urlTemplate\":\"https:\/\/pagina10.com\/web\/?s={search_term_string}\"},\"query-input\":{\"@type\":\"PropertyValueSpecification\",\"valueRequired\":true,\"valueName\":\"search_term_string\"}}],\"inLanguage\":\"es\"},{\"@type\":\"Organization\",\"@id\":\"https:\/\/pagina10.com\/web\/#organization\",\"name\":\"P\u00e1gina10\",\"alternateName\":\"P\u00e1gina10 Peri\u00f3dico Regional\",\"url\":\"https:\/\/pagina10.com\/web\/\",\"logo\":{\"@type\":\"ImageObject\",\"inLanguage\":\"es\",\"@id\":\"https:\/\/pagina10.com\/web\/#\/schema\/logo\/image\/\",\"url\":\"https:\/\/pagina10.com\/web\/wp-content\/uploads\/2024\/01\/40-pagina-10-periodico-regional-pasto.jpg\",\"contentUrl\":\"https:\/\/pagina10.com\/web\/wp-content\/uploads\/2024\/01\/40-pagina-10-periodico-regional-pasto.jpg\",\"width\":1280,\"height\":720,\"caption\":\"P\u00e1gina10\"},\"image\":{\"@id\":\"https:\/\/pagina10.com\/web\/#\/schema\/logo\/image\/\"},\"sameAs\":[\"https:\/\/www.facebook.com\/pag10com\",\"https:\/\/x.com\/Pag10com\",\"https:\/\/www.instagram.com\/pagina10col\/\",\"https:\/\/youtube.com\/channel\/pag10\",\"https:\/\/www.tiktok.com\/@p10col\"]},{\"@type\":\"Person\",\"@id\":\"https:\/\/pagina10.com\/web\/#\/schema\/person\/2efc4a090d25b667d3bc796798a3a81b\",\"name\":\"P\u00e1gina 10\",\"description\":\"P\u00e1gina 10 es un peri\u00f3dico regional que nace en Colombia, en el departamento de Nari\u00f1o, con un enfoque global, fundamentado en cuatro pilares esenciales: la libertad, el pluralismo, la inclusi\u00f3n y la independencia. P\u00e1gina 10 hace referencia a Nari\u00f1o como el d\u00e9cimo departamento creado en Colombia, despu\u00e9s de un proceso pol\u00edtico liderado por actores y actrices regionales con el fin de obtener la independencia y autonom\u00eda de nuestros territorios. Con la creaci\u00f3n de P\u00e1gina 10 se pretende abrir un escenario para el dialogo, la reflexi\u00f3n y el debate que se extienda a otras geograf\u00edas de Am\u00e9rica Latina y del planeta, en una apuesta por transformar colectivamente los desaf\u00edos de un mundo contempor\u00e1neo, m\u00e1s all\u00e1 de las fronteras impuestas.\",\"url\":\"https:\/\/pagina10.com\/web\/author\/pdiezadmin\/\"}]}<\/script>\n<!-- \/ Yoast SEO plugin. -->","yoast_head_json":{"title":"Procuradur\u00eda destituy\u00f3 e inhabilit\u00f3 por 10 a\u00f1os al alcalde de Taminango, por irregularidades en la adquisici\u00f3n de un predio.\u202f | P\u00e1gina10","robots":{"index":"index","follow":"follow","max-snippet":"max-snippet:-1","max-image-preview":"max-image-preview:large","max-video-preview":"max-video-preview:-1"},"canonical":"https:\/\/pagina10.com\/web\/procuraduria-destituyo-e-inhabilito-por-10-anos-al-alcalde-de-taminango-narino-por-irregularidades-en-la-adquisicion-de-un-predio\u202f\/","og_locale":"es_ES","og_type":"article","og_title":"Procuradur\u00eda destituy\u00f3 e inhabilit\u00f3 por 10 a\u00f1os al alcalde de Taminango, por irregularidades en la adquisici\u00f3n de un predio.\u202f | P\u00e1gina10","og_description":"El mandatario adquiri\u00f3 un predio para construir una estaci\u00f3n de polic\u00eda en un lugar que el Esquema de Ordenamiento Territorial no permite, con lo que viol\u00f3 los principios de econom\u00eda y responsabilidad. La Procuradur\u00eda General de la Naci\u00f3n sancion\u00f3 con\u00a0destituci\u00f3n e inhabilidad\u00a0por 10 a\u00f1os al actual alcalde de Taminango, Nari\u00f1o, Miller Leonardo Urbano Ojeda, por [&hellip;]","og_url":"https:\/\/pagina10.com\/web\/procuraduria-destituyo-e-inhabilito-por-10-anos-al-alcalde-de-taminango-narino-por-irregularidades-en-la-adquisicion-de-un-predio\u202f\/","og_site_name":"P\u00e1gina10","article_publisher":"https:\/\/www.facebook.com\/pag10com","article_published_time":"2022-01-30T02:42:20+00:00","article_modified_time":"2022-01-30T16:30:07+00:00","og_image":[{"width":510,"height":314,"url":"https:\/\/pagina10.com\/web\/wp-content\/uploads\/2022\/01\/Captura-de-Pantalla-2022-01-30-a-las-11.29.21-a.-m..png","type":"image\/png"}],"author":"P\u00e1gina 10","twitter_card":"summary_large_image","twitter_creator":"@Pag10com","twitter_site":"@Pag10com","twitter_misc":{"Escrito por":"P\u00e1gina 10","Tiempo de lectura":"2 minutos"},"schema":{"@context":"https:\/\/schema.org","@graph":[{"@type":"Article","@id":"https:\/\/pagina10.com\/web\/procuraduria-destituyo-e-inhabilito-por-10-anos-al-alcalde-de-taminango-narino-por-irregularidades-en-la-adquisicion-de-un-predio%e2%80%af\/#article","isPartOf":{"@id":"https:\/\/pagina10.com\/web\/procuraduria-destituyo-e-inhabilito-por-10-anos-al-alcalde-de-taminango-narino-por-irregularidades-en-la-adquisicion-de-un-predio%e2%80%af\/"},"author":{"name":"P\u00e1gina 10","@id":"https:\/\/pagina10.com\/web\/#\/schema\/person\/2efc4a090d25b667d3bc796798a3a81b"},"headline":"Procuradur\u00eda destituy\u00f3 e inhabilit\u00f3 por 10 a\u00f1os al alcalde de Taminango, por irregularidades en la adquisici\u00f3n de un predio.\u202f","datePublished":"2022-01-30T02:42:20+00:00","dateModified":"2022-01-30T16:30:07+00:00","mainEntityOfPage":{"@id":"https:\/\/pagina10.com\/web\/procuraduria-destituyo-e-inhabilito-por-10-anos-al-alcalde-de-taminango-narino-por-irregularidades-en-la-adquisicion-de-un-predio%e2%80%af\/"},"wordCount":358,"commentCount":0,"publisher":{"@id":"https:\/\/pagina10.com\/web\/#organization"},"image":{"@id":"https:\/\/pagina10.com\/web\/procuraduria-destituyo-e-inhabilito-por-10-anos-al-alcalde-de-taminango-narino-por-irregularidades-en-la-adquisicion-de-un-predio%e2%80%af\/#primaryimage"},"thumbnailUrl":"https:\/\/pagina10.com\/web\/wp-content\/uploads\/2022\/01\/Captura-de-Pantalla-2022-01-30-a-las-11.29.21-a.-m..png","articleSection":["Nari\u00f1o Actual"],"inLanguage":"es","potentialAction":[{"@type":"CommentAction","name":"Comment","target":["https:\/\/pagina10.com\/web\/procuraduria-destituyo-e-inhabilito-por-10-anos-al-alcalde-de-taminango-narino-por-irregularidades-en-la-adquisicion-de-un-predio%e2%80%af\/#respond"]}]},{"@type":"WebPage","@id":"https:\/\/pagina10.com\/web\/procuraduria-destituyo-e-inhabilito-por-10-anos-al-alcalde-de-taminango-narino-por-irregularidades-en-la-adquisicion-de-un-predio%e2%80%af\/","url":"https:\/\/pagina10.com\/web\/procuraduria-destituyo-e-inhabilito-por-10-anos-al-alcalde-de-taminango-narino-por-irregularidades-en-la-adquisicion-de-un-predio%e2%80%af\/","name":"Procuradur\u00eda destituy\u00f3 e inhabilit\u00f3 por 10 a\u00f1os al alcalde de Taminango, por irregularidades en la adquisici\u00f3n de un predio.\u202f | P\u00e1gina10","isPartOf":{"@id":"https:\/\/pagina10.com\/web\/#website"},"primaryImageOfPage":{"@id":"https:\/\/pagina10.com\/web\/procuraduria-destituyo-e-inhabilito-por-10-anos-al-alcalde-de-taminango-narino-por-irregularidades-en-la-adquisicion-de-un-predio%e2%80%af\/#primaryimage"},"image":{"@id":"https:\/\/pagina10.com\/web\/procuraduria-destituyo-e-inhabilito-por-10-anos-al-alcalde-de-taminango-narino-por-irregularidades-en-la-adquisicion-de-un-predio%e2%80%af\/#primaryimage"},"thumbnailUrl":"https:\/\/pagina10.com\/web\/wp-content\/uploads\/2022\/01\/Captura-de-Pantalla-2022-01-30-a-las-11.29.21-a.-m..png","datePublished":"2022-01-30T02:42:20+00:00","dateModified":"2022-01-30T16:30:07+00:00","breadcrumb":{"@id":"https:\/\/pagina10.com\/web\/procuraduria-destituyo-e-inhabilito-por-10-anos-al-alcalde-de-taminango-narino-por-irregularidades-en-la-adquisicion-de-un-predio%e2%80%af\/#breadcrumb"},"inLanguage":"es","potentialAction":[{"@type":"ReadAction","target":["https:\/\/pagina10.com\/web\/procuraduria-destituyo-e-inhabilito-por-10-anos-al-alcalde-de-taminango-narino-por-irregularidades-en-la-adquisicion-de-un-predio%e2%80%af\/"]}]},{"@type":"ImageObject","inLanguage":"es","@id":"https:\/\/pagina10.com\/web\/procuraduria-destituyo-e-inhabilito-por-10-anos-al-alcalde-de-taminango-narino-por-irregularidades-en-la-adquisicion-de-un-predio%e2%80%af\/#primaryimage","url":"https:\/\/pagina10.com\/web\/wp-content\/uploads\/2022\/01\/Captura-de-Pantalla-2022-01-30-a-las-11.29.21-a.-m..png","contentUrl":"https:\/\/pagina10.com\/web\/wp-content\/uploads\/2022\/01\/Captura-de-Pantalla-2022-01-30-a-las-11.29.21-a.-m..png","width":510,"height":314},{"@type":"BreadcrumbList","@id":"https:\/\/pagina10.com\/web\/procuraduria-destituyo-e-inhabilito-por-10-anos-al-alcalde-de-taminango-narino-por-irregularidades-en-la-adquisicion-de-un-predio%e2%80%af\/#breadcrumb","itemListElement":[{"@type":"ListItem","position":1,"name":"Portada","item":"https:\/\/pagina10.com\/web\/"},{"@type":"ListItem","position":2,"name":"Procuradur\u00eda destituy\u00f3 e inhabilit\u00f3 por 10 a\u00f1os al alcalde de Taminango, por irregularidades en la adquisici\u00f3n de un predio.\u202f"}]},{"@type":"WebSite","@id":"https:\/\/pagina10.com\/web\/#website","url":"https:\/\/pagina10.com\/web\/","name":"P\u00e1gina10","description":"Peri\u00f3dico Regional","publisher":{"@id":"https:\/\/pagina10.com\/web\/#organization"},"alternateName":"P\u00e1gina10 Peri\u00f3dico Regional","potentialAction":[{"@type":"SearchAction","target":{"@type":"EntryPoint","urlTemplate":"https:\/\/pagina10.com\/web\/?s={search_term_string}"},"query-input":{"@type":"PropertyValueSpecification","valueRequired":true,"valueName":"search_term_string"}}],"inLanguage":"es"},{"@type":"Organization","@id":"https:\/\/pagina10.com\/web\/#organization","name":"P\u00e1gina10","alternateName":"P\u00e1gina10 Peri\u00f3dico Regional","url":"https:\/\/pagina10.com\/web\/","logo":{"@type":"ImageObject","inLanguage":"es","@id":"https:\/\/pagina10.com\/web\/#\/schema\/logo\/image\/","url":"https:\/\/pagina10.com\/web\/wp-content\/uploads\/2024\/01\/40-pagina-10-periodico-regional-pasto.jpg","contentUrl":"https:\/\/pagina10.com\/web\/wp-content\/uploads\/2024\/01\/40-pagina-10-periodico-regional-pasto.jpg","width":1280,"height":720,"caption":"P\u00e1gina10"},"image":{"@id":"https:\/\/pagina10.com\/web\/#\/schema\/logo\/image\/"},"sameAs":["https:\/\/www.facebook.com\/pag10com","https:\/\/x.com\/Pag10com","https:\/\/www.instagram.com\/pagina10col\/","https:\/\/youtube.com\/channel\/pag10","https:\/\/www.tiktok.com\/@p10col"]},{"@type":"Person","@id":"https:\/\/pagina10.com\/web\/#\/schema\/person\/2efc4a090d25b667d3bc796798a3a81b","name":"P\u00e1gina 10","description":"P\u00e1gina 10 es un peri\u00f3dico regional que nace en Colombia, en el departamento de Nari\u00f1o, con un enfoque global, fundamentado en cuatro pilares esenciales: la libertad, el pluralismo, la inclusi\u00f3n y la independencia. P\u00e1gina 10 hace referencia a Nari\u00f1o como el d\u00e9cimo departamento creado en Colombia, despu\u00e9s de un proceso pol\u00edtico liderado por actores y actrices regionales con el fin de obtener la independencia y autonom\u00eda de nuestros territorios. Con la creaci\u00f3n de P\u00e1gina 10 se pretende abrir un escenario para el dialogo, la reflexi\u00f3n y el debate que se extienda a otras geograf\u00edas de Am\u00e9rica Latina y del planeta, en una apuesta por transformar colectivamente los desaf\u00edos de un mundo contempor\u00e1neo, m\u00e1s all\u00e1 de las fronteras impuestas.","url":"https:\/\/pagina10.com\/web\/author\/pdiezadmin\/"}]}},"_links":{"self":[{"href":"https:\/\/pagina10.com\/web\/wp-json\/wp\/v2\/posts\/57952","targetHints":{"allow":["GET"]}}],"collection":[{"href":"https:\/\/pagina10.com\/web\/wp-json\/wp\/v2\/posts"}],"about":[{"href":"https:\/\/pagina10.com\/web\/wp-json\/wp\/v2\/types\/post"}],"author":[{"embeddable":true,"href":"https:\/\/pagina10.com\/web\/wp-json\/wp\/v2\/users\/1"}],"replies":[{"embeddable":true,"href":"https:\/\/pagina10.com\/web\/wp-json\/wp\/v2\/comments?post=57952"}],"version-history":[{"count":4,"href":"https:\/\/pagina10.com\/web\/wp-json\/wp\/v2\/posts\/57952\/revisions"}],"predecessor-version":[{"id":57965,"href":"https:\/\/pagina10.com\/web\/wp-json\/wp\/v2\/posts\/57952\/revisions\/57965"}],"wp:featuredmedia":[{"embeddable":true,"href":"https:\/\/pagina10.com\/web\/wp-json\/wp\/v2\/media\/57966"}],"wp:attachment":[{"href":"https:\/\/pagina10.com\/web\/wp-json\/wp\/v2\/media?parent=57952"}],"wp:term":[{"taxonomy":"category","embeddable":true,"href":"https:\/\/pagina10.com\/web\/wp-json\/wp\/v2\/categories?post=57952"},{"taxonomy":"post_tag","embeddable":true,"href":"https:\/\/pagina10.com\/web\/wp-json\/wp\/v2\/tags?post=57952"}],"curies":[{"name":"wp","href":"https:\/\/api.w.org\/{rel}","templated":true}]}}