{"id":57976,"date":"2022-01-31T12:43:51","date_gmt":"2022-01-31T17:43:51","guid":{"rendered":"https:\/\/pagina10.com\/web\/?p=57976"},"modified":"2022-01-31T12:43:51","modified_gmt":"2022-01-31T17:43:51","slug":"autoridades-investigan-homicidio-en-el-municipio-de-ricaurte","status":"publish","type":"post","link":"https:\/\/pagina10.com\/web\/autoridades-investigan-homicidio-en-el-municipio-de-ricaurte\/","title":{"rendered":"Autoridades investigan homicidio en el municipio de Ricaurte"},"content":{"rendered":"<p style=\"text-align: justify;\">El Secretario de Gobierno de Nari\u00f1o, Am\u00edlcar Pantoja, manifest\u00f3 que en un hecho lamentable fueron asesinadas por desconocidos dos personas en el municipio de Ricaurte, tres mas est\u00e1n heridas. El hecho se present\u00f3 la noche del domingo 30 de enero, las autoridades investigan los m\u00f3viles del homicidio.<\/p>\n<p style=\"text-align: justify;\">Este lunes se desarrollo un Consejo extraordilario de seguridad convocado por el municipio de Ricaurte en el que se analizaron los hechos y se desarrollaron los actos urgentes por parte de las autoridades judiciales y se inici\u00f3 la investigaci\u00f3n para determinar qui\u00e9nes fueron los autores de este hecho.<\/p>\n<p style=\"text-align: justify;\">El Secretario rechaz\u00f3 este nuevo hecho violento que se present\u00f3 en la vereda Chamb\u00fa y precis\u00f3 que las personas asesinadas son hombre j\u00f3venes entre los 25 y 35 a\u00f1os y ya fueron identificados, las tres personas heridas est\u00e1n siendo atendidas en centros asistenciales.<\/p>\n","protected":false},"excerpt":{"rendered":"<p>El Secretario de Gobierno de Nari\u00f1o, Am\u00edlcar Pantoja, manifest\u00f3 que en un hecho lamentable fueron asesinadas por desconocidos dos personas en el municipio de Ricaurte, tres mas est\u00e1n heridas. El hecho se present\u00f3 la noche del domingo 30 de enero, las autoridades investigan los m\u00f3viles del homicidio. Este lunes se desarrollo un Consejo extraordilario de [&hellip;]<\/p>\n","protected":false},"author":1,"featured_media":5435,"comment_status":"open","ping_status":"open","sticky":false,"template":"","format":"standard","meta":{"footnotes":""},"categories":[53],"tags":[],"class_list":["post-57976","post","type-post","status-publish","format-standard","has-post-thumbnail","hentry","category-regiones"],"yoast_head":"<!-- This site is optimized with the Yoast SEO plugin v27.1.1 - https:\/\/yoast.com\/product\/yoast-seo-wordpress\/ -->\n<title>Autoridades investigan homicidio en el municipio de Ricaurte | P\u00e1gina10<\/title>\n<meta name=\"robots\" content=\"index, follow, max-snippet:-1, max-image-preview:large, max-video-preview:-1\" \/>\n<link rel=\"canonical\" href=\"https:\/\/pagina10.com\/web\/autoridades-investigan-homicidio-en-el-municipio-de-ricaurte\/\" \/>\n<meta property=\"og:locale\" content=\"es_ES\" \/>\n<meta property=\"og:type\" content=\"article\" \/>\n<meta property=\"og:title\" content=\"Autoridades investigan homicidio en el municipio de Ricaurte | P\u00e1gina10\" \/>\n<meta property=\"og:description\" content=\"El Secretario de Gobierno de Nari\u00f1o, Am\u00edlcar Pantoja, manifest\u00f3 que en un hecho lamentable fueron asesinadas por desconocidos dos personas en el municipio de Ricaurte, tres mas est\u00e1n heridas. El hecho se present\u00f3 la noche del domingo 30 de enero, las autoridades investigan los m\u00f3viles del homicidio. Este lunes se desarrollo un Consejo extraordilario de [&hellip;]\" \/>\n<meta property=\"og:url\" content=\"https:\/\/pagina10.com\/web\/autoridades-investigan-homicidio-en-el-municipio-de-ricaurte\/\" \/>\n<meta property=\"og:site_name\" content=\"P\u00e1gina10\" \/>\n<meta property=\"article:publisher\" content=\"https:\/\/www.facebook.com\/pag10com\" \/>\n<meta property=\"article:published_time\" content=\"2022-01-31T17:43:51+00:00\" \/>\n<meta property=\"og:image\" content=\"https:\/\/pagina10.com\/web\/wp-content\/uploads\/2013\/12\/e65c08bd652f5870b0a7c15f80a13a37.jpg\" \/>\n\t<meta property=\"og:image:width\" content=\"960\" \/>\n\t<meta property=\"og:image:height\" content=\"639\" \/>\n\t<meta property=\"og:image:type\" content=\"image\/jpeg\" \/>\n<meta name=\"author\" content=\"P\u00e1gina 10\" \/>\n<meta name=\"twitter:card\" content=\"summary_large_image\" \/>\n<meta name=\"twitter:creator\" content=\"@Pag10com\" \/>\n<meta name=\"twitter:site\" content=\"@Pag10com\" \/>\n<meta name=\"twitter:label1\" content=\"Escrito por\" \/>\n\t<meta name=\"twitter:data1\" content=\"P\u00e1gina 10\" \/>\n\t<meta name=\"twitter:label2\" content=\"Tiempo de lectura\" \/>\n\t<meta name=\"twitter:data2\" content=\"1 minuto\" \/>\n<script type=\"application\/ld+json\" class=\"yoast-schema-graph\">{\"@context\":\"https:\/\/schema.org\",\"@graph\":[{\"@type\":\"Article\",\"@id\":\"https:\/\/pagina10.com\/web\/autoridades-investigan-homicidio-en-el-municipio-de-ricaurte\/#article\",\"isPartOf\":{\"@id\":\"https:\/\/pagina10.com\/web\/autoridades-investigan-homicidio-en-el-municipio-de-ricaurte\/\"},\"author\":{\"name\":\"P\u00e1gina 10\",\"@id\":\"https:\/\/pagina10.com\/web\/#\/schema\/person\/2efc4a090d25b667d3bc796798a3a81b\"},\"headline\":\"Autoridades investigan homicidio en el municipio de Ricaurte\",\"datePublished\":\"2022-01-31T17:43:51+00:00\",\"mainEntityOfPage\":{\"@id\":\"https:\/\/pagina10.com\/web\/autoridades-investigan-homicidio-en-el-municipio-de-ricaurte\/\"},\"wordCount\":152,\"commentCount\":0,\"publisher\":{\"@id\":\"https:\/\/pagina10.com\/web\/#organization\"},\"image\":{\"@id\":\"https:\/\/pagina10.com\/web\/autoridades-investigan-homicidio-en-el-municipio-de-ricaurte\/#primaryimage\"},\"thumbnailUrl\":\"https:\/\/pagina10.com\/web\/wp-content\/uploads\/2013\/12\/e65c08bd652f5870b0a7c15f80a13a37.jpg\",\"articleSection\":[\"Regiones\"],\"inLanguage\":\"es\",\"potentialAction\":[{\"@type\":\"CommentAction\",\"name\":\"Comment\",\"target\":[\"https:\/\/pagina10.com\/web\/autoridades-investigan-homicidio-en-el-municipio-de-ricaurte\/#respond\"]}]},{\"@type\":\"WebPage\",\"@id\":\"https:\/\/pagina10.com\/web\/autoridades-investigan-homicidio-en-el-municipio-de-ricaurte\/\",\"url\":\"https:\/\/pagina10.com\/web\/autoridades-investigan-homicidio-en-el-municipio-de-ricaurte\/\",\"name\":\"Autoridades investigan homicidio en el municipio de Ricaurte | P\u00e1gina10\",\"isPartOf\":{\"@id\":\"https:\/\/pagina10.com\/web\/#website\"},\"primaryImageOfPage\":{\"@id\":\"https:\/\/pagina10.com\/web\/autoridades-investigan-homicidio-en-el-municipio-de-ricaurte\/#primaryimage\"},\"image\":{\"@id\":\"https:\/\/pagina10.com\/web\/autoridades-investigan-homicidio-en-el-municipio-de-ricaurte\/#primaryimage\"},\"thumbnailUrl\":\"https:\/\/pagina10.com\/web\/wp-content\/uploads\/2013\/12\/e65c08bd652f5870b0a7c15f80a13a37.jpg\",\"datePublished\":\"2022-01-31T17:43:51+00:00\",\"breadcrumb\":{\"@id\":\"https:\/\/pagina10.com\/web\/autoridades-investigan-homicidio-en-el-municipio-de-ricaurte\/#breadcrumb\"},\"inLanguage\":\"es\",\"potentialAction\":[{\"@type\":\"ReadAction\",\"target\":[\"https:\/\/pagina10.com\/web\/autoridades-investigan-homicidio-en-el-municipio-de-ricaurte\/\"]}]},{\"@type\":\"ImageObject\",\"inLanguage\":\"es\",\"@id\":\"https:\/\/pagina10.com\/web\/autoridades-investigan-homicidio-en-el-municipio-de-ricaurte\/#primaryimage\",\"url\":\"https:\/\/pagina10.com\/web\/wp-content\/uploads\/2013\/12\/e65c08bd652f5870b0a7c15f80a13a37.jpg\",\"contentUrl\":\"https:\/\/pagina10.com\/web\/wp-content\/uploads\/2013\/12\/e65c08bd652f5870b0a7c15f80a13a37.jpg\",\"width\":960,\"height\":639,\"caption\":\"Fuente: Alcald\u00eda de Ricaurte\"},{\"@type\":\"BreadcrumbList\",\"@id\":\"https:\/\/pagina10.com\/web\/autoridades-investigan-homicidio-en-el-municipio-de-ricaurte\/#breadcrumb\",\"itemListElement\":[{\"@type\":\"ListItem\",\"position\":1,\"name\":\"Portada\",\"item\":\"https:\/\/pagina10.com\/web\/\"},{\"@type\":\"ListItem\",\"position\":2,\"name\":\"Autoridades investigan homicidio en el municipio de Ricaurte\"}]},{\"@type\":\"WebSite\",\"@id\":\"https:\/\/pagina10.com\/web\/#website\",\"url\":\"https:\/\/pagina10.com\/web\/\",\"name\":\"P\u00e1gina10\",\"description\":\"Peri\u00f3dico Regional\",\"publisher\":{\"@id\":\"https:\/\/pagina10.com\/web\/#organization\"},\"alternateName\":\"P\u00e1gina10 Peri\u00f3dico Regional\",\"potentialAction\":[{\"@type\":\"SearchAction\",\"target\":{\"@type\":\"EntryPoint\",\"urlTemplate\":\"https:\/\/pagina10.com\/web\/?s={search_term_string}\"},\"query-input\":{\"@type\":\"PropertyValueSpecification\",\"valueRequired\":true,\"valueName\":\"search_term_string\"}}],\"inLanguage\":\"es\"},{\"@type\":\"Organization\",\"@id\":\"https:\/\/pagina10.com\/web\/#organization\",\"name\":\"P\u00e1gina10\",\"alternateName\":\"P\u00e1gina10 Peri\u00f3dico Regional\",\"url\":\"https:\/\/pagina10.com\/web\/\",\"logo\":{\"@type\":\"ImageObject\",\"inLanguage\":\"es\",\"@id\":\"https:\/\/pagina10.com\/web\/#\/schema\/logo\/image\/\",\"url\":\"https:\/\/pagina10.com\/web\/wp-content\/uploads\/2024\/01\/40-pagina-10-periodico-regional-pasto.jpg\",\"contentUrl\":\"https:\/\/pagina10.com\/web\/wp-content\/uploads\/2024\/01\/40-pagina-10-periodico-regional-pasto.jpg\",\"width\":1280,\"height\":720,\"caption\":\"P\u00e1gina10\"},\"image\":{\"@id\":\"https:\/\/pagina10.com\/web\/#\/schema\/logo\/image\/\"},\"sameAs\":[\"https:\/\/www.facebook.com\/pag10com\",\"https:\/\/x.com\/Pag10com\",\"https:\/\/www.instagram.com\/pagina10col\/\",\"https:\/\/youtube.com\/channel\/pag10\",\"https:\/\/www.tiktok.com\/@p10col\"]},{\"@type\":\"Person\",\"@id\":\"https:\/\/pagina10.com\/web\/#\/schema\/person\/2efc4a090d25b667d3bc796798a3a81b\",\"name\":\"P\u00e1gina 10\",\"description\":\"P\u00e1gina 10 es un peri\u00f3dico regional que nace en Colombia, en el departamento de Nari\u00f1o, con un enfoque global, fundamentado en cuatro pilares esenciales: la libertad, el pluralismo, la inclusi\u00f3n y la independencia. P\u00e1gina 10 hace referencia a Nari\u00f1o como el d\u00e9cimo departamento creado en Colombia, despu\u00e9s de un proceso pol\u00edtico liderado por actores y actrices regionales con el fin de obtener la independencia y autonom\u00eda de nuestros territorios. Con la creaci\u00f3n de P\u00e1gina 10 se pretende abrir un escenario para el dialogo, la reflexi\u00f3n y el debate que se extienda a otras geograf\u00edas de Am\u00e9rica Latina y del planeta, en una apuesta por transformar colectivamente los desaf\u00edos de un mundo contempor\u00e1neo, m\u00e1s all\u00e1 de las fronteras impuestas.\",\"url\":\"https:\/\/pagina10.com\/web\/author\/pdiezadmin\/\"}]}<\/script>\n<!-- \/ Yoast SEO plugin. -->","yoast_head_json":{"title":"Autoridades investigan homicidio en el municipio de Ricaurte | P\u00e1gina10","robots":{"index":"index","follow":"follow","max-snippet":"max-snippet:-1","max-image-preview":"max-image-preview:large","max-video-preview":"max-video-preview:-1"},"canonical":"https:\/\/pagina10.com\/web\/autoridades-investigan-homicidio-en-el-municipio-de-ricaurte\/","og_locale":"es_ES","og_type":"article","og_title":"Autoridades investigan homicidio en el municipio de Ricaurte | P\u00e1gina10","og_description":"El Secretario de Gobierno de Nari\u00f1o, Am\u00edlcar Pantoja, manifest\u00f3 que en un hecho lamentable fueron asesinadas por desconocidos dos personas en el municipio de Ricaurte, tres mas est\u00e1n heridas. El hecho se present\u00f3 la noche del domingo 30 de enero, las autoridades investigan los m\u00f3viles del homicidio. Este lunes se desarrollo un Consejo extraordilario de [&hellip;]","og_url":"https:\/\/pagina10.com\/web\/autoridades-investigan-homicidio-en-el-municipio-de-ricaurte\/","og_site_name":"P\u00e1gina10","article_publisher":"https:\/\/www.facebook.com\/pag10com","article_published_time":"2022-01-31T17:43:51+00:00","og_image":[{"width":960,"height":639,"url":"https:\/\/pagina10.com\/web\/wp-content\/uploads\/2013\/12\/e65c08bd652f5870b0a7c15f80a13a37.jpg","type":"image\/jpeg"}],"author":"P\u00e1gina 10","twitter_card":"summary_large_image","twitter_creator":"@Pag10com","twitter_site":"@Pag10com","twitter_misc":{"Escrito por":"P\u00e1gina 10","Tiempo de lectura":"1 minuto"},"schema":{"@context":"https:\/\/schema.org","@graph":[{"@type":"Article","@id":"https:\/\/pagina10.com\/web\/autoridades-investigan-homicidio-en-el-municipio-de-ricaurte\/#article","isPartOf":{"@id":"https:\/\/pagina10.com\/web\/autoridades-investigan-homicidio-en-el-municipio-de-ricaurte\/"},"author":{"name":"P\u00e1gina 10","@id":"https:\/\/pagina10.com\/web\/#\/schema\/person\/2efc4a090d25b667d3bc796798a3a81b"},"headline":"Autoridades investigan homicidio en el municipio de Ricaurte","datePublished":"2022-01-31T17:43:51+00:00","mainEntityOfPage":{"@id":"https:\/\/pagina10.com\/web\/autoridades-investigan-homicidio-en-el-municipio-de-ricaurte\/"},"wordCount":152,"commentCount":0,"publisher":{"@id":"https:\/\/pagina10.com\/web\/#organization"},"image":{"@id":"https:\/\/pagina10.com\/web\/autoridades-investigan-homicidio-en-el-municipio-de-ricaurte\/#primaryimage"},"thumbnailUrl":"https:\/\/pagina10.com\/web\/wp-content\/uploads\/2013\/12\/e65c08bd652f5870b0a7c15f80a13a37.jpg","articleSection":["Regiones"],"inLanguage":"es","potentialAction":[{"@type":"CommentAction","name":"Comment","target":["https:\/\/pagina10.com\/web\/autoridades-investigan-homicidio-en-el-municipio-de-ricaurte\/#respond"]}]},{"@type":"WebPage","@id":"https:\/\/pagina10.com\/web\/autoridades-investigan-homicidio-en-el-municipio-de-ricaurte\/","url":"https:\/\/pagina10.com\/web\/autoridades-investigan-homicidio-en-el-municipio-de-ricaurte\/","name":"Autoridades investigan homicidio en el municipio de Ricaurte | P\u00e1gina10","isPartOf":{"@id":"https:\/\/pagina10.com\/web\/#website"},"primaryImageOfPage":{"@id":"https:\/\/pagina10.com\/web\/autoridades-investigan-homicidio-en-el-municipio-de-ricaurte\/#primaryimage"},"image":{"@id":"https:\/\/pagina10.com\/web\/autoridades-investigan-homicidio-en-el-municipio-de-ricaurte\/#primaryimage"},"thumbnailUrl":"https:\/\/pagina10.com\/web\/wp-content\/uploads\/2013\/12\/e65c08bd652f5870b0a7c15f80a13a37.jpg","datePublished":"2022-01-31T17:43:51+00:00","breadcrumb":{"@id":"https:\/\/pagina10.com\/web\/autoridades-investigan-homicidio-en-el-municipio-de-ricaurte\/#breadcrumb"},"inLanguage":"es","potentialAction":[{"@type":"ReadAction","target":["https:\/\/pagina10.com\/web\/autoridades-investigan-homicidio-en-el-municipio-de-ricaurte\/"]}]},{"@type":"ImageObject","inLanguage":"es","@id":"https:\/\/pagina10.com\/web\/autoridades-investigan-homicidio-en-el-municipio-de-ricaurte\/#primaryimage","url":"https:\/\/pagina10.com\/web\/wp-content\/uploads\/2013\/12\/e65c08bd652f5870b0a7c15f80a13a37.jpg","contentUrl":"https:\/\/pagina10.com\/web\/wp-content\/uploads\/2013\/12\/e65c08bd652f5870b0a7c15f80a13a37.jpg","width":960,"height":639,"caption":"Fuente: Alcald\u00eda de Ricaurte"},{"@type":"BreadcrumbList","@id":"https:\/\/pagina10.com\/web\/autoridades-investigan-homicidio-en-el-municipio-de-ricaurte\/#breadcrumb","itemListElement":[{"@type":"ListItem","position":1,"name":"Portada","item":"https:\/\/pagina10.com\/web\/"},{"@type":"ListItem","position":2,"name":"Autoridades investigan homicidio en el municipio de Ricaurte"}]},{"@type":"WebSite","@id":"https:\/\/pagina10.com\/web\/#website","url":"https:\/\/pagina10.com\/web\/","name":"P\u00e1gina10","description":"Peri\u00f3dico Regional","publisher":{"@id":"https:\/\/pagina10.com\/web\/#organization"},"alternateName":"P\u00e1gina10 Peri\u00f3dico Regional","potentialAction":[{"@type":"SearchAction","target":{"@type":"EntryPoint","urlTemplate":"https:\/\/pagina10.com\/web\/?s={search_term_string}"},"query-input":{"@type":"PropertyValueSpecification","valueRequired":true,"valueName":"search_term_string"}}],"inLanguage":"es"},{"@type":"Organization","@id":"https:\/\/pagina10.com\/web\/#organization","name":"P\u00e1gina10","alternateName":"P\u00e1gina10 Peri\u00f3dico Regional","url":"https:\/\/pagina10.com\/web\/","logo":{"@type":"ImageObject","inLanguage":"es","@id":"https:\/\/pagina10.com\/web\/#\/schema\/logo\/image\/","url":"https:\/\/pagina10.com\/web\/wp-content\/uploads\/2024\/01\/40-pagina-10-periodico-regional-pasto.jpg","contentUrl":"https:\/\/pagina10.com\/web\/wp-content\/uploads\/2024\/01\/40-pagina-10-periodico-regional-pasto.jpg","width":1280,"height":720,"caption":"P\u00e1gina10"},"image":{"@id":"https:\/\/pagina10.com\/web\/#\/schema\/logo\/image\/"},"sameAs":["https:\/\/www.facebook.com\/pag10com","https:\/\/x.com\/Pag10com","https:\/\/www.instagram.com\/pagina10col\/","https:\/\/youtube.com\/channel\/pag10","https:\/\/www.tiktok.com\/@p10col"]},{"@type":"Person","@id":"https:\/\/pagina10.com\/web\/#\/schema\/person\/2efc4a090d25b667d3bc796798a3a81b","name":"P\u00e1gina 10","description":"P\u00e1gina 10 es un peri\u00f3dico regional que nace en Colombia, en el departamento de Nari\u00f1o, con un enfoque global, fundamentado en cuatro pilares esenciales: la libertad, el pluralismo, la inclusi\u00f3n y la independencia. P\u00e1gina 10 hace referencia a Nari\u00f1o como el d\u00e9cimo departamento creado en Colombia, despu\u00e9s de un proceso pol\u00edtico liderado por actores y actrices regionales con el fin de obtener la independencia y autonom\u00eda de nuestros territorios. Con la creaci\u00f3n de P\u00e1gina 10 se pretende abrir un escenario para el dialogo, la reflexi\u00f3n y el debate que se extienda a otras geograf\u00edas de Am\u00e9rica Latina y del planeta, en una apuesta por transformar colectivamente los desaf\u00edos de un mundo contempor\u00e1neo, m\u00e1s all\u00e1 de las fronteras impuestas.","url":"https:\/\/pagina10.com\/web\/author\/pdiezadmin\/"}]}},"_links":{"self":[{"href":"https:\/\/pagina10.com\/web\/wp-json\/wp\/v2\/posts\/57976","targetHints":{"allow":["GET"]}}],"collection":[{"href":"https:\/\/pagina10.com\/web\/wp-json\/wp\/v2\/posts"}],"about":[{"href":"https:\/\/pagina10.com\/web\/wp-json\/wp\/v2\/types\/post"}],"author":[{"embeddable":true,"href":"https:\/\/pagina10.com\/web\/wp-json\/wp\/v2\/users\/1"}],"replies":[{"embeddable":true,"href":"https:\/\/pagina10.com\/web\/wp-json\/wp\/v2\/comments?post=57976"}],"version-history":[{"count":1,"href":"https:\/\/pagina10.com\/web\/wp-json\/wp\/v2\/posts\/57976\/revisions"}],"predecessor-version":[{"id":57977,"href":"https:\/\/pagina10.com\/web\/wp-json\/wp\/v2\/posts\/57976\/revisions\/57977"}],"wp:featuredmedia":[{"embeddable":true,"href":"https:\/\/pagina10.com\/web\/wp-json\/wp\/v2\/media\/5435"}],"wp:attachment":[{"href":"https:\/\/pagina10.com\/web\/wp-json\/wp\/v2\/media?parent=57976"}],"wp:term":[{"taxonomy":"category","embeddable":true,"href":"https:\/\/pagina10.com\/web\/wp-json\/wp\/v2\/categories?post=57976"},{"taxonomy":"post_tag","embeddable":true,"href":"https:\/\/pagina10.com\/web\/wp-json\/wp\/v2\/tags?post=57976"}],"curies":[{"name":"wp","href":"https:\/\/api.w.org\/{rel}","templated":true}]}}