{"id":57982,"date":"2022-02-01T10:37:12","date_gmt":"2022-02-01T15:37:12","guid":{"rendered":"https:\/\/pagina10.com\/web\/?p=57982"},"modified":"2022-02-01T10:37:12","modified_gmt":"2022-02-01T15:37:12","slug":"los-ninos-ninas-y-adolescentes-de-narino-dicen-primero-mi-escuela","status":"publish","type":"post","link":"https:\/\/pagina10.com\/web\/los-ninos-ninas-y-adolescentes-de-narino-dicen-primero-mi-escuela\/","title":{"rendered":"Los ni\u00f1os, ni\u00f1as y adolescentes de Nari\u00f1o dicen: \u2018Primero mi escuela\u2019"},"content":{"rendered":"<p style=\"text-align: justify;\">Gobernaci\u00f3n de Nari\u00f1o visit\u00f3 a los estudiantes de la sede Santo Tom\u00e1s de la I.E. Juanamb\u00fa del municipio de La Uni\u00f3n, para darles la bienvenida en su primer d\u00eda de clases presencial.<\/p>\n<div>\nDurante el evento se desarroll\u00f3 una jornada de vacunaci\u00f3n de los menores presentes, quienes recibieron un kit educativo de parte del Instituto Departamental de Salud de Nari\u00f1o -IDSN. \u201cEstamos haciendo un acompa\u00f1amiento al retorno a la presencialidad dentro de nuestros establecimientos educativos. Hoy gracias a la dedicaci\u00f3n de docentes, directivos, personal administrativo y con el consentimiento de los padres de familia hemos llegado a la presencialidad; al mismo tiempo estamos haciendo campa\u00f1as que incentivan la vacunaci\u00f3n\u201d, indic\u00f3 el Secretario de Educaci\u00f3n Departamental, Jairo Cadena.<\/p>\n<div style=\"text-align: justify;\">\nAs\u00ed mismo, el Secretario insisti\u00f3 en la importancia que todos los padres de familia matriculen a sus hijos, ya que este a\u00f1o la consigna es que ning\u00fan ni\u00f1o o ni\u00f1a se quede por fuera del colegio; adem\u00e1s, junto a la Subsecretar\u00eda de Calidad Educativa, Margarita Rosero Mora, reiter\u00f3 la importancia del proceso de vacunaci\u00f3n, de perseverar en cada clase, vencer los obst\u00e1culos y ser los mejores estudiantes de Nari\u00f1o.<\/p>\n<p>Desde la Gobernaci\u00f3n de Nari\u00f1o, a trav\u00e9s de la Secretar\u00eda de Educaci\u00f3n, invitamos a sumarse a la campa\u00f1a de \u2018B\u00fasqueda Activa de Estudiantes\u2019, que se adelanta en todos los municipios no certificados de Nari\u00f1o, con el prop\u00f3sito de que todos disfruten del Derecho a la Educaci\u00f3n.<\/p><\/div>\n<\/div>\n","protected":false},"excerpt":{"rendered":"<p>Gobernaci\u00f3n de Nari\u00f1o visit\u00f3 a los estudiantes de la sede Santo Tom\u00e1s de la I.E. Juanamb\u00fa del municipio de La Uni\u00f3n, para darles la bienvenida en su primer d\u00eda de clases presencial. Durante el evento se desarroll\u00f3 una jornada de vacunaci\u00f3n de los menores presentes, quienes recibieron un kit educativo de parte del Instituto Departamental [&hellip;]<\/p>\n","protected":false},"author":1,"featured_media":57983,"comment_status":"open","ping_status":"open","sticky":false,"template":"","format":"standard","meta":{"footnotes":""},"categories":[53],"tags":[],"class_list":["post-57982","post","type-post","status-publish","format-standard","has-post-thumbnail","hentry","category-regiones"],"yoast_head":"<!-- This site is optimized with the Yoast SEO plugin v27.1.1 - https:\/\/yoast.com\/product\/yoast-seo-wordpress\/ -->\n<title>Los ni\u00f1os, ni\u00f1as y adolescentes de Nari\u00f1o dicen: \u2018Primero mi escuela\u2019 | P\u00e1gina10<\/title>\n<meta name=\"robots\" content=\"index, follow, max-snippet:-1, max-image-preview:large, max-video-preview:-1\" \/>\n<link rel=\"canonical\" href=\"https:\/\/pagina10.com\/web\/los-ninos-ninas-y-adolescentes-de-narino-dicen-primero-mi-escuela\/\" \/>\n<meta property=\"og:locale\" content=\"es_ES\" \/>\n<meta property=\"og:type\" content=\"article\" \/>\n<meta property=\"og:title\" content=\"Los ni\u00f1os, ni\u00f1as y adolescentes de Nari\u00f1o dicen: \u2018Primero mi escuela\u2019 | P\u00e1gina10\" \/>\n<meta property=\"og:description\" content=\"Gobernaci\u00f3n de Nari\u00f1o visit\u00f3 a los estudiantes de la sede Santo Tom\u00e1s de la I.E. Juanamb\u00fa del municipio de La Uni\u00f3n, para darles la bienvenida en su primer d\u00eda de clases presencial. Durante el evento se desarroll\u00f3 una jornada de vacunaci\u00f3n de los menores presentes, quienes recibieron un kit educativo de parte del Instituto Departamental [&hellip;]\" \/>\n<meta property=\"og:url\" content=\"https:\/\/pagina10.com\/web\/los-ninos-ninas-y-adolescentes-de-narino-dicen-primero-mi-escuela\/\" \/>\n<meta property=\"og:site_name\" content=\"P\u00e1gina10\" \/>\n<meta property=\"article:publisher\" content=\"https:\/\/www.facebook.com\/pag10com\" \/>\n<meta property=\"article:published_time\" content=\"2022-02-01T15:37:12+00:00\" \/>\n<meta property=\"og:image\" content=\"https:\/\/pagina10.com\/web\/wp-content\/uploads\/2022\/02\/Captura-de-Pantalla-2022-02-01-a-las-10.36.36-a.-m..png\" \/>\n\t<meta property=\"og:image:width\" content=\"453\" \/>\n\t<meta property=\"og:image:height\" content=\"305\" \/>\n\t<meta property=\"og:image:type\" content=\"image\/png\" \/>\n<meta name=\"author\" content=\"P\u00e1gina 10\" \/>\n<meta name=\"twitter:card\" content=\"summary_large_image\" \/>\n<meta name=\"twitter:creator\" content=\"@Pag10com\" \/>\n<meta name=\"twitter:site\" content=\"@Pag10com\" \/>\n<meta name=\"twitter:label1\" content=\"Escrito por\" \/>\n\t<meta name=\"twitter:data1\" content=\"P\u00e1gina 10\" \/>\n\t<meta name=\"twitter:label2\" content=\"Tiempo de lectura\" \/>\n\t<meta name=\"twitter:data2\" content=\"1 minuto\" \/>\n<script type=\"application\/ld+json\" class=\"yoast-schema-graph\">{\"@context\":\"https:\/\/schema.org\",\"@graph\":[{\"@type\":\"Article\",\"@id\":\"https:\/\/pagina10.com\/web\/los-ninos-ninas-y-adolescentes-de-narino-dicen-primero-mi-escuela\/#article\",\"isPartOf\":{\"@id\":\"https:\/\/pagina10.com\/web\/los-ninos-ninas-y-adolescentes-de-narino-dicen-primero-mi-escuela\/\"},\"author\":{\"name\":\"P\u00e1gina 10\",\"@id\":\"https:\/\/pagina10.com\/web\/#\/schema\/person\/2efc4a090d25b667d3bc796798a3a81b\"},\"headline\":\"Los ni\u00f1os, ni\u00f1as y adolescentes de Nari\u00f1o dicen: \u2018Primero mi escuela\u2019\",\"datePublished\":\"2022-02-01T15:37:12+00:00\",\"mainEntityOfPage\":{\"@id\":\"https:\/\/pagina10.com\/web\/los-ninos-ninas-y-adolescentes-de-narino-dicen-primero-mi-escuela\/\"},\"wordCount\":277,\"commentCount\":0,\"publisher\":{\"@id\":\"https:\/\/pagina10.com\/web\/#organization\"},\"image\":{\"@id\":\"https:\/\/pagina10.com\/web\/los-ninos-ninas-y-adolescentes-de-narino-dicen-primero-mi-escuela\/#primaryimage\"},\"thumbnailUrl\":\"https:\/\/pagina10.com\/web\/wp-content\/uploads\/2022\/02\/Captura-de-Pantalla-2022-02-01-a-las-10.36.36-a.-m..png\",\"articleSection\":[\"Regiones\"],\"inLanguage\":\"es\",\"potentialAction\":[{\"@type\":\"CommentAction\",\"name\":\"Comment\",\"target\":[\"https:\/\/pagina10.com\/web\/los-ninos-ninas-y-adolescentes-de-narino-dicen-primero-mi-escuela\/#respond\"]}]},{\"@type\":\"WebPage\",\"@id\":\"https:\/\/pagina10.com\/web\/los-ninos-ninas-y-adolescentes-de-narino-dicen-primero-mi-escuela\/\",\"url\":\"https:\/\/pagina10.com\/web\/los-ninos-ninas-y-adolescentes-de-narino-dicen-primero-mi-escuela\/\",\"name\":\"Los ni\u00f1os, ni\u00f1as y adolescentes de Nari\u00f1o dicen: \u2018Primero mi escuela\u2019 | P\u00e1gina10\",\"isPartOf\":{\"@id\":\"https:\/\/pagina10.com\/web\/#website\"},\"primaryImageOfPage\":{\"@id\":\"https:\/\/pagina10.com\/web\/los-ninos-ninas-y-adolescentes-de-narino-dicen-primero-mi-escuela\/#primaryimage\"},\"image\":{\"@id\":\"https:\/\/pagina10.com\/web\/los-ninos-ninas-y-adolescentes-de-narino-dicen-primero-mi-escuela\/#primaryimage\"},\"thumbnailUrl\":\"https:\/\/pagina10.com\/web\/wp-content\/uploads\/2022\/02\/Captura-de-Pantalla-2022-02-01-a-las-10.36.36-a.-m..png\",\"datePublished\":\"2022-02-01T15:37:12+00:00\",\"breadcrumb\":{\"@id\":\"https:\/\/pagina10.com\/web\/los-ninos-ninas-y-adolescentes-de-narino-dicen-primero-mi-escuela\/#breadcrumb\"},\"inLanguage\":\"es\",\"potentialAction\":[{\"@type\":\"ReadAction\",\"target\":[\"https:\/\/pagina10.com\/web\/los-ninos-ninas-y-adolescentes-de-narino-dicen-primero-mi-escuela\/\"]}]},{\"@type\":\"ImageObject\",\"inLanguage\":\"es\",\"@id\":\"https:\/\/pagina10.com\/web\/los-ninos-ninas-y-adolescentes-de-narino-dicen-primero-mi-escuela\/#primaryimage\",\"url\":\"https:\/\/pagina10.com\/web\/wp-content\/uploads\/2022\/02\/Captura-de-Pantalla-2022-02-01-a-las-10.36.36-a.-m..png\",\"contentUrl\":\"https:\/\/pagina10.com\/web\/wp-content\/uploads\/2022\/02\/Captura-de-Pantalla-2022-02-01-a-las-10.36.36-a.-m..png\",\"width\":453,\"height\":305},{\"@type\":\"BreadcrumbList\",\"@id\":\"https:\/\/pagina10.com\/web\/los-ninos-ninas-y-adolescentes-de-narino-dicen-primero-mi-escuela\/#breadcrumb\",\"itemListElement\":[{\"@type\":\"ListItem\",\"position\":1,\"name\":\"Portada\",\"item\":\"https:\/\/pagina10.com\/web\/\"},{\"@type\":\"ListItem\",\"position\":2,\"name\":\"Los ni\u00f1os, ni\u00f1as y adolescentes de Nari\u00f1o dicen: \u2018Primero mi escuela\u2019\"}]},{\"@type\":\"WebSite\",\"@id\":\"https:\/\/pagina10.com\/web\/#website\",\"url\":\"https:\/\/pagina10.com\/web\/\",\"name\":\"P\u00e1gina10\",\"description\":\"Peri\u00f3dico Regional\",\"publisher\":{\"@id\":\"https:\/\/pagina10.com\/web\/#organization\"},\"alternateName\":\"P\u00e1gina10 Peri\u00f3dico Regional\",\"potentialAction\":[{\"@type\":\"SearchAction\",\"target\":{\"@type\":\"EntryPoint\",\"urlTemplate\":\"https:\/\/pagina10.com\/web\/?s={search_term_string}\"},\"query-input\":{\"@type\":\"PropertyValueSpecification\",\"valueRequired\":true,\"valueName\":\"search_term_string\"}}],\"inLanguage\":\"es\"},{\"@type\":\"Organization\",\"@id\":\"https:\/\/pagina10.com\/web\/#organization\",\"name\":\"P\u00e1gina10\",\"alternateName\":\"P\u00e1gina10 Peri\u00f3dico Regional\",\"url\":\"https:\/\/pagina10.com\/web\/\",\"logo\":{\"@type\":\"ImageObject\",\"inLanguage\":\"es\",\"@id\":\"https:\/\/pagina10.com\/web\/#\/schema\/logo\/image\/\",\"url\":\"https:\/\/pagina10.com\/web\/wp-content\/uploads\/2024\/01\/40-pagina-10-periodico-regional-pasto.jpg\",\"contentUrl\":\"https:\/\/pagina10.com\/web\/wp-content\/uploads\/2024\/01\/40-pagina-10-periodico-regional-pasto.jpg\",\"width\":1280,\"height\":720,\"caption\":\"P\u00e1gina10\"},\"image\":{\"@id\":\"https:\/\/pagina10.com\/web\/#\/schema\/logo\/image\/\"},\"sameAs\":[\"https:\/\/www.facebook.com\/pag10com\",\"https:\/\/x.com\/Pag10com\",\"https:\/\/www.instagram.com\/pagina10col\/\",\"https:\/\/youtube.com\/channel\/pag10\",\"https:\/\/www.tiktok.com\/@p10col\"]},{\"@type\":\"Person\",\"@id\":\"https:\/\/pagina10.com\/web\/#\/schema\/person\/2efc4a090d25b667d3bc796798a3a81b\",\"name\":\"P\u00e1gina 10\",\"description\":\"P\u00e1gina 10 es un peri\u00f3dico regional que nace en Colombia, en el departamento de Nari\u00f1o, con un enfoque global, fundamentado en cuatro pilares esenciales: la libertad, el pluralismo, la inclusi\u00f3n y la independencia. P\u00e1gina 10 hace referencia a Nari\u00f1o como el d\u00e9cimo departamento creado en Colombia, despu\u00e9s de un proceso pol\u00edtico liderado por actores y actrices regionales con el fin de obtener la independencia y autonom\u00eda de nuestros territorios. Con la creaci\u00f3n de P\u00e1gina 10 se pretende abrir un escenario para el dialogo, la reflexi\u00f3n y el debate que se extienda a otras geograf\u00edas de Am\u00e9rica Latina y del planeta, en una apuesta por transformar colectivamente los desaf\u00edos de un mundo contempor\u00e1neo, m\u00e1s all\u00e1 de las fronteras impuestas.\",\"url\":\"https:\/\/pagina10.com\/web\/author\/pdiezadmin\/\"}]}<\/script>\n<!-- \/ Yoast SEO plugin. -->","yoast_head_json":{"title":"Los ni\u00f1os, ni\u00f1as y adolescentes de Nari\u00f1o dicen: \u2018Primero mi escuela\u2019 | P\u00e1gina10","robots":{"index":"index","follow":"follow","max-snippet":"max-snippet:-1","max-image-preview":"max-image-preview:large","max-video-preview":"max-video-preview:-1"},"canonical":"https:\/\/pagina10.com\/web\/los-ninos-ninas-y-adolescentes-de-narino-dicen-primero-mi-escuela\/","og_locale":"es_ES","og_type":"article","og_title":"Los ni\u00f1os, ni\u00f1as y adolescentes de Nari\u00f1o dicen: \u2018Primero mi escuela\u2019 | P\u00e1gina10","og_description":"Gobernaci\u00f3n de Nari\u00f1o visit\u00f3 a los estudiantes de la sede Santo Tom\u00e1s de la I.E. Juanamb\u00fa del municipio de La Uni\u00f3n, para darles la bienvenida en su primer d\u00eda de clases presencial. Durante el evento se desarroll\u00f3 una jornada de vacunaci\u00f3n de los menores presentes, quienes recibieron un kit educativo de parte del Instituto Departamental [&hellip;]","og_url":"https:\/\/pagina10.com\/web\/los-ninos-ninas-y-adolescentes-de-narino-dicen-primero-mi-escuela\/","og_site_name":"P\u00e1gina10","article_publisher":"https:\/\/www.facebook.com\/pag10com","article_published_time":"2022-02-01T15:37:12+00:00","og_image":[{"width":453,"height":305,"url":"https:\/\/pagina10.com\/web\/wp-content\/uploads\/2022\/02\/Captura-de-Pantalla-2022-02-01-a-las-10.36.36-a.-m..png","type":"image\/png"}],"author":"P\u00e1gina 10","twitter_card":"summary_large_image","twitter_creator":"@Pag10com","twitter_site":"@Pag10com","twitter_misc":{"Escrito por":"P\u00e1gina 10","Tiempo de lectura":"1 minuto"},"schema":{"@context":"https:\/\/schema.org","@graph":[{"@type":"Article","@id":"https:\/\/pagina10.com\/web\/los-ninos-ninas-y-adolescentes-de-narino-dicen-primero-mi-escuela\/#article","isPartOf":{"@id":"https:\/\/pagina10.com\/web\/los-ninos-ninas-y-adolescentes-de-narino-dicen-primero-mi-escuela\/"},"author":{"name":"P\u00e1gina 10","@id":"https:\/\/pagina10.com\/web\/#\/schema\/person\/2efc4a090d25b667d3bc796798a3a81b"},"headline":"Los ni\u00f1os, ni\u00f1as y adolescentes de Nari\u00f1o dicen: \u2018Primero mi escuela\u2019","datePublished":"2022-02-01T15:37:12+00:00","mainEntityOfPage":{"@id":"https:\/\/pagina10.com\/web\/los-ninos-ninas-y-adolescentes-de-narino-dicen-primero-mi-escuela\/"},"wordCount":277,"commentCount":0,"publisher":{"@id":"https:\/\/pagina10.com\/web\/#organization"},"image":{"@id":"https:\/\/pagina10.com\/web\/los-ninos-ninas-y-adolescentes-de-narino-dicen-primero-mi-escuela\/#primaryimage"},"thumbnailUrl":"https:\/\/pagina10.com\/web\/wp-content\/uploads\/2022\/02\/Captura-de-Pantalla-2022-02-01-a-las-10.36.36-a.-m..png","articleSection":["Regiones"],"inLanguage":"es","potentialAction":[{"@type":"CommentAction","name":"Comment","target":["https:\/\/pagina10.com\/web\/los-ninos-ninas-y-adolescentes-de-narino-dicen-primero-mi-escuela\/#respond"]}]},{"@type":"WebPage","@id":"https:\/\/pagina10.com\/web\/los-ninos-ninas-y-adolescentes-de-narino-dicen-primero-mi-escuela\/","url":"https:\/\/pagina10.com\/web\/los-ninos-ninas-y-adolescentes-de-narino-dicen-primero-mi-escuela\/","name":"Los ni\u00f1os, ni\u00f1as y adolescentes de Nari\u00f1o dicen: \u2018Primero mi escuela\u2019 | P\u00e1gina10","isPartOf":{"@id":"https:\/\/pagina10.com\/web\/#website"},"primaryImageOfPage":{"@id":"https:\/\/pagina10.com\/web\/los-ninos-ninas-y-adolescentes-de-narino-dicen-primero-mi-escuela\/#primaryimage"},"image":{"@id":"https:\/\/pagina10.com\/web\/los-ninos-ninas-y-adolescentes-de-narino-dicen-primero-mi-escuela\/#primaryimage"},"thumbnailUrl":"https:\/\/pagina10.com\/web\/wp-content\/uploads\/2022\/02\/Captura-de-Pantalla-2022-02-01-a-las-10.36.36-a.-m..png","datePublished":"2022-02-01T15:37:12+00:00","breadcrumb":{"@id":"https:\/\/pagina10.com\/web\/los-ninos-ninas-y-adolescentes-de-narino-dicen-primero-mi-escuela\/#breadcrumb"},"inLanguage":"es","potentialAction":[{"@type":"ReadAction","target":["https:\/\/pagina10.com\/web\/los-ninos-ninas-y-adolescentes-de-narino-dicen-primero-mi-escuela\/"]}]},{"@type":"ImageObject","inLanguage":"es","@id":"https:\/\/pagina10.com\/web\/los-ninos-ninas-y-adolescentes-de-narino-dicen-primero-mi-escuela\/#primaryimage","url":"https:\/\/pagina10.com\/web\/wp-content\/uploads\/2022\/02\/Captura-de-Pantalla-2022-02-01-a-las-10.36.36-a.-m..png","contentUrl":"https:\/\/pagina10.com\/web\/wp-content\/uploads\/2022\/02\/Captura-de-Pantalla-2022-02-01-a-las-10.36.36-a.-m..png","width":453,"height":305},{"@type":"BreadcrumbList","@id":"https:\/\/pagina10.com\/web\/los-ninos-ninas-y-adolescentes-de-narino-dicen-primero-mi-escuela\/#breadcrumb","itemListElement":[{"@type":"ListItem","position":1,"name":"Portada","item":"https:\/\/pagina10.com\/web\/"},{"@type":"ListItem","position":2,"name":"Los ni\u00f1os, ni\u00f1as y adolescentes de Nari\u00f1o dicen: \u2018Primero mi escuela\u2019"}]},{"@type":"WebSite","@id":"https:\/\/pagina10.com\/web\/#website","url":"https:\/\/pagina10.com\/web\/","name":"P\u00e1gina10","description":"Peri\u00f3dico Regional","publisher":{"@id":"https:\/\/pagina10.com\/web\/#organization"},"alternateName":"P\u00e1gina10 Peri\u00f3dico Regional","potentialAction":[{"@type":"SearchAction","target":{"@type":"EntryPoint","urlTemplate":"https:\/\/pagina10.com\/web\/?s={search_term_string}"},"query-input":{"@type":"PropertyValueSpecification","valueRequired":true,"valueName":"search_term_string"}}],"inLanguage":"es"},{"@type":"Organization","@id":"https:\/\/pagina10.com\/web\/#organization","name":"P\u00e1gina10","alternateName":"P\u00e1gina10 Peri\u00f3dico Regional","url":"https:\/\/pagina10.com\/web\/","logo":{"@type":"ImageObject","inLanguage":"es","@id":"https:\/\/pagina10.com\/web\/#\/schema\/logo\/image\/","url":"https:\/\/pagina10.com\/web\/wp-content\/uploads\/2024\/01\/40-pagina-10-periodico-regional-pasto.jpg","contentUrl":"https:\/\/pagina10.com\/web\/wp-content\/uploads\/2024\/01\/40-pagina-10-periodico-regional-pasto.jpg","width":1280,"height":720,"caption":"P\u00e1gina10"},"image":{"@id":"https:\/\/pagina10.com\/web\/#\/schema\/logo\/image\/"},"sameAs":["https:\/\/www.facebook.com\/pag10com","https:\/\/x.com\/Pag10com","https:\/\/www.instagram.com\/pagina10col\/","https:\/\/youtube.com\/channel\/pag10","https:\/\/www.tiktok.com\/@p10col"]},{"@type":"Person","@id":"https:\/\/pagina10.com\/web\/#\/schema\/person\/2efc4a090d25b667d3bc796798a3a81b","name":"P\u00e1gina 10","description":"P\u00e1gina 10 es un peri\u00f3dico regional que nace en Colombia, en el departamento de Nari\u00f1o, con un enfoque global, fundamentado en cuatro pilares esenciales: la libertad, el pluralismo, la inclusi\u00f3n y la independencia. P\u00e1gina 10 hace referencia a Nari\u00f1o como el d\u00e9cimo departamento creado en Colombia, despu\u00e9s de un proceso pol\u00edtico liderado por actores y actrices regionales con el fin de obtener la independencia y autonom\u00eda de nuestros territorios. Con la creaci\u00f3n de P\u00e1gina 10 se pretende abrir un escenario para el dialogo, la reflexi\u00f3n y el debate que se extienda a otras geograf\u00edas de Am\u00e9rica Latina y del planeta, en una apuesta por transformar colectivamente los desaf\u00edos de un mundo contempor\u00e1neo, m\u00e1s all\u00e1 de las fronteras impuestas.","url":"https:\/\/pagina10.com\/web\/author\/pdiezadmin\/"}]}},"_links":{"self":[{"href":"https:\/\/pagina10.com\/web\/wp-json\/wp\/v2\/posts\/57982","targetHints":{"allow":["GET"]}}],"collection":[{"href":"https:\/\/pagina10.com\/web\/wp-json\/wp\/v2\/posts"}],"about":[{"href":"https:\/\/pagina10.com\/web\/wp-json\/wp\/v2\/types\/post"}],"author":[{"embeddable":true,"href":"https:\/\/pagina10.com\/web\/wp-json\/wp\/v2\/users\/1"}],"replies":[{"embeddable":true,"href":"https:\/\/pagina10.com\/web\/wp-json\/wp\/v2\/comments?post=57982"}],"version-history":[{"count":1,"href":"https:\/\/pagina10.com\/web\/wp-json\/wp\/v2\/posts\/57982\/revisions"}],"predecessor-version":[{"id":57984,"href":"https:\/\/pagina10.com\/web\/wp-json\/wp\/v2\/posts\/57982\/revisions\/57984"}],"wp:featuredmedia":[{"embeddable":true,"href":"https:\/\/pagina10.com\/web\/wp-json\/wp\/v2\/media\/57983"}],"wp:attachment":[{"href":"https:\/\/pagina10.com\/web\/wp-json\/wp\/v2\/media?parent=57982"}],"wp:term":[{"taxonomy":"category","embeddable":true,"href":"https:\/\/pagina10.com\/web\/wp-json\/wp\/v2\/categories?post=57982"},{"taxonomy":"post_tag","embeddable":true,"href":"https:\/\/pagina10.com\/web\/wp-json\/wp\/v2\/tags?post=57982"}],"curies":[{"name":"wp","href":"https:\/\/api.w.org\/{rel}","templated":true}]}}