{"id":57985,"date":"2022-02-01T10:42:58","date_gmt":"2022-02-01T15:42:58","guid":{"rendered":"https:\/\/pagina10.com\/web\/?p=57985"},"modified":"2022-02-01T10:42:58","modified_gmt":"2022-02-01T15:42:58","slug":"colombia-debe-pensar-en-francia","status":"publish","type":"post","link":"https:\/\/pagina10.com\/web\/colombia-debe-pensar-en-francia\/","title":{"rendered":"Colombia debe pensar en Francia"},"content":{"rendered":"<p style=\"text-align: justify;\">A pocos d\u00edas de las consultas presidenciales, en las cuales 15 precandidatos est\u00e1n agrupados en las tres coaliciones (Pacto Hist\u00f3rico, Coalici\u00f3n de la Esperanza y Equipo por Colombia) y 4 m\u00e1s que no se someter\u00edan a consulta. De estas tres coaliciones, seg\u00fan las encuestas, la que m\u00e1s apoyos tiene es el Pacto Hist\u00f3rico, y, de este, los precandidatos con mejor aceptaci\u00f3n son Gustavo Petro y Francia M\u00e1rquez.<\/p>\n<p style=\"text-align: justify;\">\n<p style=\"text-align: justify;\">Por una parte, Petro viene punteando en todas las encuestas como el favorito para ocupar el cargo de presidente de Colombia, lo que garantiza que ser\u00e1 el candidato del Pacto. Por otra, las encuestas indican, de igual manera, que la segunda persona m\u00e1s votada en el Pacto ser\u00eda Francia M\u00e1rquez. Pero no solo eso, Francia viene participando en diferentes foros que la proyectan como una pol\u00edtica con una carrera brillante.<\/p>\n<p style=\"text-align: justify;\">\n<p style=\"text-align: justify;\">Creci\u00f3 en medio de m\u00faltiples carencias y las dificultades que tiene que soportar por pertenecer a un grupo \u00e9tnico que hist\u00f3ricamente ha sido segregado. Nacida en el corregimiento de Yolomb\u00f3, en el municipio de Su\u00e1rez, una comunidad afrodescendiente. Tuvo que dejar de ser una adolescente inquieta para convertirse en madre cabeza de familia, cuando un mestizo la ilusiono dej\u00e1ndola embarazada a la edad de 16 a\u00f1os y luego desapareci\u00f3. Para ese tiempo le hab\u00edan insinuado que hab\u00eda que mejorar la raza relacion\u00e1ndose con un \u201cblanco\u201d.<\/p>\n<p style=\"text-align: justify;\">\n<p style=\"text-align: justify;\">Pas\u00f3 momentos dif\u00edciles, como cuando tuvo que desempe\u00f1arse como empleada del servicio dom\u00e9stico, con unos ingresos precarios que hac\u00edan dif\u00edciles sus condiciones de vida. No obstante, su determinaci\u00f3n le permite continuar adelante con todo el entusiasmo, decidiendo estudiar derecho a pesar de la precariedad. Se titul\u00f3 como abogada en la Universidad Santiago de Cali.<\/p>\n<p style=\"text-align: justify;\">\n<p style=\"text-align: justify;\">Como l\u00edder social emprendi\u00f3 una lucha para proteger las fuentes h\u00eddricas y, en particular, el r\u00edo Ovejas, que se quer\u00eda cambiar su cauce para construir la represa Salvajina, y su impacto sobre la comunidad. Tambi\u00e9n lider\u00f3 una lucha en contra de la miner\u00eda ilegal con la pretensi\u00f3n de conservar los suelos para los cultivos que producen comida. Se contabilizaron m\u00e1s de doscientas m\u00e1quinas empleadas en la extracci\u00f3n minera de manera ilegal en la zona, y m\u00e1s de dos mil en todo el departamento del Cauca.<\/p>\n<p style=\"text-align: justify;\">\n<p style=\"text-align: justify;\">Estas actuaciones en favor de la naturaleza, con grandes beneficios para su comunidad, le vali\u00f3 para ganarse el Premio Medioambiental Goldman, que es como un Premio Nobel en medio ambiente. Eso hizo que una persona conocida apenas en su peque\u00f1o pueblo y las comunidades de su entorno, fuera conocida en el contexto nacional e internacional, y con ello vinieron las invitaciones a varios pa\u00edses para conferencias, congresos y entrevistas.<\/p>\n<p style=\"text-align: justify;\">\n<p style=\"text-align: justify;\">Francia M\u00e1rquez tiene el esp\u00edritu que le da su trayectoria de lucha, y como ella misma lo afirma, tiene en su haber un historial de m\u00e1s de 500 a\u00f1os de lucha por sobrevivir, cuando los conquistadores espa\u00f1oles esclavizaron a sus ancestros africanos. De ello quedan las evidencias f\u00edsicas, y su mismo pueblo, al ser un lugar de concentraci\u00f3n de poblaci\u00f3n negra, con los apellidos Carabal\u00ed, Lucum\u00ed, Klinger, Mina, denotan esa raigambre de un pueblo que no se deja morir.<\/p>\n<p style=\"text-align: justify;\">\n<p style=\"text-align: justify;\">Por su liderazgo en la lucha contra la miner\u00eda ilegal, que contamina el agua y destruye los suelos, Francia ha sufrido m\u00faltiples amenazas y el destierro.<\/p>\n<p style=\"text-align: justify;\">\n<p style=\"text-align: justify;\">Ya es tiempo que Colombia le brinde una oportunidad a las mujeres en el primer cargo del pa\u00eds. Ya es tiempo que le demos la oportunidad a las negritudes, como lo hizo Estados Unidos con Obama o m\u00e1s recientemente con la elecci\u00f3n de Kamala Harris como vicepresidenta, la primera mujer en ocupar esa alta distinci\u00f3n y la primera afroasi\u00e1tica.<\/p>\n<p style=\"text-align: justify;\">\n<p style=\"text-align: justify;\">Es por ello que vemos oportuno que el pueblo colombiano se fije en estas condiciones a la hora de dar el voto en la consulta presidencial, y, luego, en la elecci\u00f3n para presidente. Si bien las encuestas indican que a\u00fan no estamos en la madurez debida, apoyemos a una mujer con el temple y la cordura de Francia M\u00e1rquez.<\/p>\n<p style=\"text-align: justify;\">\n<p style=\"text-align: justify;\">\n<p style=\"text-align: justify;\">\n","protected":false},"excerpt":{"rendered":"<p>A pocos d\u00edas de las consultas presidenciales, en las cuales 15 precandidatos est\u00e1n agrupados en las tres coaliciones (Pacto Hist\u00f3rico, Coalici\u00f3n de la Esperanza y Equipo por Colombia) y 4 m\u00e1s que no se someter\u00edan a consulta. De estas tres coaliciones, seg\u00fan las encuestas, la que m\u00e1s apoyos tiene es el Pacto Hist\u00f3rico, y, de [&hellip;]<\/p>\n","protected":false},"author":65,"featured_media":57986,"comment_status":"open","ping_status":"open","sticky":false,"template":"","format":"standard","meta":{"footnotes":""},"categories":[94],"tags":[],"class_list":["post-57985","post","type-post","status-publish","format-standard","has-post-thumbnail","hentry","category-nacional-global-2"],"yoast_head":"<!-- This site is optimized with the Yoast SEO plugin v27.1.1 - https:\/\/yoast.com\/product\/yoast-seo-wordpress\/ -->\n<title>Colombia debe pensar en Francia | P\u00e1gina10<\/title>\n<meta name=\"robots\" content=\"index, follow, max-snippet:-1, max-image-preview:large, max-video-preview:-1\" \/>\n<link rel=\"canonical\" href=\"https:\/\/pagina10.com\/web\/colombia-debe-pensar-en-francia\/\" \/>\n<meta property=\"og:locale\" content=\"es_ES\" \/>\n<meta property=\"og:type\" content=\"article\" \/>\n<meta property=\"og:title\" content=\"Colombia debe pensar en Francia | P\u00e1gina10\" \/>\n<meta property=\"og:description\" content=\"A pocos d\u00edas de las consultas presidenciales, en las cuales 15 precandidatos est\u00e1n agrupados en las tres coaliciones (Pacto Hist\u00f3rico, Coalici\u00f3n de la Esperanza y Equipo por Colombia) y 4 m\u00e1s que no se someter\u00edan a consulta. De estas tres coaliciones, seg\u00fan las encuestas, la que m\u00e1s apoyos tiene es el Pacto Hist\u00f3rico, y, de [&hellip;]\" \/>\n<meta property=\"og:url\" content=\"https:\/\/pagina10.com\/web\/colombia-debe-pensar-en-francia\/\" \/>\n<meta property=\"og:site_name\" content=\"P\u00e1gina10\" \/>\n<meta property=\"article:publisher\" content=\"https:\/\/www.facebook.com\/pag10com\" \/>\n<meta property=\"article:published_time\" content=\"2022-02-01T15:42:58+00:00\" \/>\n<meta property=\"og:image\" content=\"https:\/\/pagina10.com\/web\/wp-content\/uploads\/2022\/02\/Captura-de-Pantalla-2022-02-01-a-las-10.40.36-a.-m..png\" \/>\n\t<meta property=\"og:image:width\" content=\"720\" \/>\n\t<meta property=\"og:image:height\" content=\"407\" \/>\n\t<meta property=\"og:image:type\" content=\"image\/png\" \/>\n<meta name=\"author\" content=\"Anibal Ar\u00e9valo Rosero\" \/>\n<meta name=\"twitter:card\" content=\"summary_large_image\" \/>\n<meta name=\"twitter:creator\" content=\"@Pag10com\" \/>\n<meta name=\"twitter:site\" content=\"@Pag10com\" \/>\n<meta name=\"twitter:label1\" content=\"Escrito por\" \/>\n\t<meta name=\"twitter:data1\" content=\"Anibal Ar\u00e9valo Rosero\" \/>\n\t<meta name=\"twitter:label2\" content=\"Tiempo de lectura\" \/>\n\t<meta name=\"twitter:data2\" content=\"4 minutos\" \/>\n<script type=\"application\/ld+json\" class=\"yoast-schema-graph\">{\"@context\":\"https:\/\/schema.org\",\"@graph\":[{\"@type\":\"Article\",\"@id\":\"https:\/\/pagina10.com\/web\/colombia-debe-pensar-en-francia\/#article\",\"isPartOf\":{\"@id\":\"https:\/\/pagina10.com\/web\/colombia-debe-pensar-en-francia\/\"},\"author\":{\"name\":\"Anibal Ar\u00e9valo Rosero\",\"@id\":\"https:\/\/pagina10.com\/web\/#\/schema\/person\/9ec3e2b432363a195d2d01bf820c66fe\"},\"headline\":\"Colombia debe pensar en Francia\",\"datePublished\":\"2022-02-01T15:42:58+00:00\",\"mainEntityOfPage\":{\"@id\":\"https:\/\/pagina10.com\/web\/colombia-debe-pensar-en-francia\/\"},\"wordCount\":714,\"commentCount\":0,\"publisher\":{\"@id\":\"https:\/\/pagina10.com\/web\/#organization\"},\"image\":{\"@id\":\"https:\/\/pagina10.com\/web\/colombia-debe-pensar-en-francia\/#primaryimage\"},\"thumbnailUrl\":\"https:\/\/pagina10.com\/web\/wp-content\/uploads\/2022\/02\/Captura-de-Pantalla-2022-02-01-a-las-10.40.36-a.-m..png\",\"articleSection\":[\"Nacional\"],\"inLanguage\":\"es\",\"potentialAction\":[{\"@type\":\"CommentAction\",\"name\":\"Comment\",\"target\":[\"https:\/\/pagina10.com\/web\/colombia-debe-pensar-en-francia\/#respond\"]}]},{\"@type\":\"WebPage\",\"@id\":\"https:\/\/pagina10.com\/web\/colombia-debe-pensar-en-francia\/\",\"url\":\"https:\/\/pagina10.com\/web\/colombia-debe-pensar-en-francia\/\",\"name\":\"Colombia debe pensar en Francia | P\u00e1gina10\",\"isPartOf\":{\"@id\":\"https:\/\/pagina10.com\/web\/#website\"},\"primaryImageOfPage\":{\"@id\":\"https:\/\/pagina10.com\/web\/colombia-debe-pensar-en-francia\/#primaryimage\"},\"image\":{\"@id\":\"https:\/\/pagina10.com\/web\/colombia-debe-pensar-en-francia\/#primaryimage\"},\"thumbnailUrl\":\"https:\/\/pagina10.com\/web\/wp-content\/uploads\/2022\/02\/Captura-de-Pantalla-2022-02-01-a-las-10.40.36-a.-m..png\",\"datePublished\":\"2022-02-01T15:42:58+00:00\",\"breadcrumb\":{\"@id\":\"https:\/\/pagina10.com\/web\/colombia-debe-pensar-en-francia\/#breadcrumb\"},\"inLanguage\":\"es\",\"potentialAction\":[{\"@type\":\"ReadAction\",\"target\":[\"https:\/\/pagina10.com\/web\/colombia-debe-pensar-en-francia\/\"]}]},{\"@type\":\"ImageObject\",\"inLanguage\":\"es\",\"@id\":\"https:\/\/pagina10.com\/web\/colombia-debe-pensar-en-francia\/#primaryimage\",\"url\":\"https:\/\/pagina10.com\/web\/wp-content\/uploads\/2022\/02\/Captura-de-Pantalla-2022-02-01-a-las-10.40.36-a.-m..png\",\"contentUrl\":\"https:\/\/pagina10.com\/web\/wp-content\/uploads\/2022\/02\/Captura-de-Pantalla-2022-02-01-a-las-10.40.36-a.-m..png\",\"width\":720,\"height\":407},{\"@type\":\"BreadcrumbList\",\"@id\":\"https:\/\/pagina10.com\/web\/colombia-debe-pensar-en-francia\/#breadcrumb\",\"itemListElement\":[{\"@type\":\"ListItem\",\"position\":1,\"name\":\"Portada\",\"item\":\"https:\/\/pagina10.com\/web\/\"},{\"@type\":\"ListItem\",\"position\":2,\"name\":\"Colombia debe pensar en Francia\"}]},{\"@type\":\"WebSite\",\"@id\":\"https:\/\/pagina10.com\/web\/#website\",\"url\":\"https:\/\/pagina10.com\/web\/\",\"name\":\"P\u00e1gina10\",\"description\":\"Peri\u00f3dico Regional\",\"publisher\":{\"@id\":\"https:\/\/pagina10.com\/web\/#organization\"},\"alternateName\":\"P\u00e1gina10 Peri\u00f3dico Regional\",\"potentialAction\":[{\"@type\":\"SearchAction\",\"target\":{\"@type\":\"EntryPoint\",\"urlTemplate\":\"https:\/\/pagina10.com\/web\/?s={search_term_string}\"},\"query-input\":{\"@type\":\"PropertyValueSpecification\",\"valueRequired\":true,\"valueName\":\"search_term_string\"}}],\"inLanguage\":\"es\"},{\"@type\":\"Organization\",\"@id\":\"https:\/\/pagina10.com\/web\/#organization\",\"name\":\"P\u00e1gina10\",\"alternateName\":\"P\u00e1gina10 Peri\u00f3dico Regional\",\"url\":\"https:\/\/pagina10.com\/web\/\",\"logo\":{\"@type\":\"ImageObject\",\"inLanguage\":\"es\",\"@id\":\"https:\/\/pagina10.com\/web\/#\/schema\/logo\/image\/\",\"url\":\"https:\/\/pagina10.com\/web\/wp-content\/uploads\/2024\/01\/40-pagina-10-periodico-regional-pasto.jpg\",\"contentUrl\":\"https:\/\/pagina10.com\/web\/wp-content\/uploads\/2024\/01\/40-pagina-10-periodico-regional-pasto.jpg\",\"width\":1280,\"height\":720,\"caption\":\"P\u00e1gina10\"},\"image\":{\"@id\":\"https:\/\/pagina10.com\/web\/#\/schema\/logo\/image\/\"},\"sameAs\":[\"https:\/\/www.facebook.com\/pag10com\",\"https:\/\/x.com\/Pag10com\",\"https:\/\/www.instagram.com\/pagina10col\/\",\"https:\/\/youtube.com\/channel\/pag10\",\"https:\/\/www.tiktok.com\/@p10col\"]},{\"@type\":\"Person\",\"@id\":\"https:\/\/pagina10.com\/web\/#\/schema\/person\/9ec3e2b432363a195d2d01bf820c66fe\",\"name\":\"Anibal Ar\u00e9valo Rosero\",\"description\":\"An\u00edbal Ar\u00e9valo Rosero a trav\u00e9s de su vida ha realizado diversas actividades tendientes a reivindicar al ser humano en su conciencia plena. Durante su vida ha hecho teatro, a escrito poes\u00eda y en sus tiempos de universitario realiz\u00f3 varias publicaciones entre las que se recuerda la revista Quinde. Junto con otros compa\u00f1eros fund\u00f3 el Taller Cultural El Cueche, equipo con el que se hicieron varias publicaciones. De este mismo grupo hay que resaltar que se hizo un trabajo pionero en la difusi\u00f3n de la m\u00fasica andina, latinoamericana y del caribe. Despu\u00e9s de terminar sus estudios de biolog\u00eda en la Universidad de Nari\u00f1o entr\u00f3 a laborar en emisoras de la ciudad de Pasto como en RCN, donde se desempe\u00f1aba como locutor de planta. Dirigi\u00f3 programas en la extinta Ondas del Mayo, en varias oportunidades; tambi\u00e9n en Ecos de Pasto. Fue colaborador de el Noticias RCN y dirigi\u00f3 el programa Simana al D\u00eda, del Sindicato del Magisterio de Nari\u00f1o, en dos \u00e9pocas. En el a\u00f1o de 1992 funda el Comit\u00e9 de Solidaridad con Cuba Jos\u00e9 Mart\u00ed, cuyo objetivo era divulgar la realidad cubana y expresar apoyo moral, pol\u00edtico y material al pa\u00eds caribe\u00f1o. Ante la mala interpretaci\u00f3n que la gente le daba a este tipo de acciones, se decide promover viajes de solidad a Cuba para participar en la Brigada Latinoamericana de Trabajo Voluntario, en el Festival Cuba Vive y, de manera especia,l en el 14 Festival Mundial de la Juventud y los Estudiantes, que se desarroll\u00f3 en la isla en el a\u00f1o de 1997. Con esta experiencia impulsa el turismo al pa\u00eds caribe\u00f1o con el resultado de que miles de personas han participado de las excursiones organizadas por Ar\u00e9valo Rosero. Asimismo ha venido impulsando las Brigadas de Salud en Cuba, tendiente a llevar pacientes de c\u00e1ncer a ese destino con el fin de que reciban atenci\u00f3n m\u00e9dica, teniendo en cuenta que la experiencia cubana en el tema ha sido bastante favorable. Veinte a\u00f1os despu\u00e9s de estas nutritivas experiencias, le permiten impulsar excursiones adem\u00e1s a M\u00e9xico, Machu Picchu, Argentina, Ecuador, Panam\u00e1 y Tierra Santa. En cuanto al desempe\u00f1o period\u00edstico, adem\u00e1s de los medios radiales y de televisi\u00f3n, en los canales de la universidades de Nari\u00f1o y Mariana, se ha desempe\u00f1ado como columnista en Diario del Sur durante 6 a\u00f1os y en algunos medios virtuales. Tambi\u00e9n es colaborador de el Diario del Cauca. Considera que la pr\u00e1ctica de la lectura es beber de la fuente nutricia que permite apropiarse de manera consciente del ejercicio de la democracia; y la posibilidad de escribir y ser le\u00eddo, acceder al poder, por que considera la palabra como el mayor instrumento de acci\u00f3n cuando est\u00e1 bien encamina al leg\u00edtimo servicio social. En la actualidad adem\u00e1s de so\u00f1ar con viajar por el mundo se desempe\u00f1a como docente del departamento de ciencias de Inem Luis Delf\u00edn Insuasty de Pasto. Correo: Esta direcci\u00f3n de correo electr\u00f3nico est\u00e1 protegida contra spambots. Usted necesita tener Javascript activado para poder verla.\\\" target=\\\"_blank\\\" style=\\\"color: #1155cc; text-align: justify; font-family: arial, sans-serif; font-size: 13px; line-height: normal;\\\"&gt;fundacionecosofia@gmail.com\",\"url\":\"https:\/\/pagina10.com\/web\/author\/anibal\/\"}]}<\/script>\n<!-- \/ Yoast SEO plugin. -->","yoast_head_json":{"title":"Colombia debe pensar en Francia | P\u00e1gina10","robots":{"index":"index","follow":"follow","max-snippet":"max-snippet:-1","max-image-preview":"max-image-preview:large","max-video-preview":"max-video-preview:-1"},"canonical":"https:\/\/pagina10.com\/web\/colombia-debe-pensar-en-francia\/","og_locale":"es_ES","og_type":"article","og_title":"Colombia debe pensar en Francia | P\u00e1gina10","og_description":"A pocos d\u00edas de las consultas presidenciales, en las cuales 15 precandidatos est\u00e1n agrupados en las tres coaliciones (Pacto Hist\u00f3rico, Coalici\u00f3n de la Esperanza y Equipo por Colombia) y 4 m\u00e1s que no se someter\u00edan a consulta. De estas tres coaliciones, seg\u00fan las encuestas, la que m\u00e1s apoyos tiene es el Pacto Hist\u00f3rico, y, de [&hellip;]","og_url":"https:\/\/pagina10.com\/web\/colombia-debe-pensar-en-francia\/","og_site_name":"P\u00e1gina10","article_publisher":"https:\/\/www.facebook.com\/pag10com","article_published_time":"2022-02-01T15:42:58+00:00","og_image":[{"width":720,"height":407,"url":"https:\/\/pagina10.com\/web\/wp-content\/uploads\/2022\/02\/Captura-de-Pantalla-2022-02-01-a-las-10.40.36-a.-m..png","type":"image\/png"}],"author":"Anibal Ar\u00e9valo Rosero","twitter_card":"summary_large_image","twitter_creator":"@Pag10com","twitter_site":"@Pag10com","twitter_misc":{"Escrito por":"Anibal Ar\u00e9valo Rosero","Tiempo de lectura":"4 minutos"},"schema":{"@context":"https:\/\/schema.org","@graph":[{"@type":"Article","@id":"https:\/\/pagina10.com\/web\/colombia-debe-pensar-en-francia\/#article","isPartOf":{"@id":"https:\/\/pagina10.com\/web\/colombia-debe-pensar-en-francia\/"},"author":{"name":"Anibal Ar\u00e9valo Rosero","@id":"https:\/\/pagina10.com\/web\/#\/schema\/person\/9ec3e2b432363a195d2d01bf820c66fe"},"headline":"Colombia debe pensar en Francia","datePublished":"2022-02-01T15:42:58+00:00","mainEntityOfPage":{"@id":"https:\/\/pagina10.com\/web\/colombia-debe-pensar-en-francia\/"},"wordCount":714,"commentCount":0,"publisher":{"@id":"https:\/\/pagina10.com\/web\/#organization"},"image":{"@id":"https:\/\/pagina10.com\/web\/colombia-debe-pensar-en-francia\/#primaryimage"},"thumbnailUrl":"https:\/\/pagina10.com\/web\/wp-content\/uploads\/2022\/02\/Captura-de-Pantalla-2022-02-01-a-las-10.40.36-a.-m..png","articleSection":["Nacional"],"inLanguage":"es","potentialAction":[{"@type":"CommentAction","name":"Comment","target":["https:\/\/pagina10.com\/web\/colombia-debe-pensar-en-francia\/#respond"]}]},{"@type":"WebPage","@id":"https:\/\/pagina10.com\/web\/colombia-debe-pensar-en-francia\/","url":"https:\/\/pagina10.com\/web\/colombia-debe-pensar-en-francia\/","name":"Colombia debe pensar en Francia | P\u00e1gina10","isPartOf":{"@id":"https:\/\/pagina10.com\/web\/#website"},"primaryImageOfPage":{"@id":"https:\/\/pagina10.com\/web\/colombia-debe-pensar-en-francia\/#primaryimage"},"image":{"@id":"https:\/\/pagina10.com\/web\/colombia-debe-pensar-en-francia\/#primaryimage"},"thumbnailUrl":"https:\/\/pagina10.com\/web\/wp-content\/uploads\/2022\/02\/Captura-de-Pantalla-2022-02-01-a-las-10.40.36-a.-m..png","datePublished":"2022-02-01T15:42:58+00:00","breadcrumb":{"@id":"https:\/\/pagina10.com\/web\/colombia-debe-pensar-en-francia\/#breadcrumb"},"inLanguage":"es","potentialAction":[{"@type":"ReadAction","target":["https:\/\/pagina10.com\/web\/colombia-debe-pensar-en-francia\/"]}]},{"@type":"ImageObject","inLanguage":"es","@id":"https:\/\/pagina10.com\/web\/colombia-debe-pensar-en-francia\/#primaryimage","url":"https:\/\/pagina10.com\/web\/wp-content\/uploads\/2022\/02\/Captura-de-Pantalla-2022-02-01-a-las-10.40.36-a.-m..png","contentUrl":"https:\/\/pagina10.com\/web\/wp-content\/uploads\/2022\/02\/Captura-de-Pantalla-2022-02-01-a-las-10.40.36-a.-m..png","width":720,"height":407},{"@type":"BreadcrumbList","@id":"https:\/\/pagina10.com\/web\/colombia-debe-pensar-en-francia\/#breadcrumb","itemListElement":[{"@type":"ListItem","position":1,"name":"Portada","item":"https:\/\/pagina10.com\/web\/"},{"@type":"ListItem","position":2,"name":"Colombia debe pensar en Francia"}]},{"@type":"WebSite","@id":"https:\/\/pagina10.com\/web\/#website","url":"https:\/\/pagina10.com\/web\/","name":"P\u00e1gina10","description":"Peri\u00f3dico Regional","publisher":{"@id":"https:\/\/pagina10.com\/web\/#organization"},"alternateName":"P\u00e1gina10 Peri\u00f3dico Regional","potentialAction":[{"@type":"SearchAction","target":{"@type":"EntryPoint","urlTemplate":"https:\/\/pagina10.com\/web\/?s={search_term_string}"},"query-input":{"@type":"PropertyValueSpecification","valueRequired":true,"valueName":"search_term_string"}}],"inLanguage":"es"},{"@type":"Organization","@id":"https:\/\/pagina10.com\/web\/#organization","name":"P\u00e1gina10","alternateName":"P\u00e1gina10 Peri\u00f3dico Regional","url":"https:\/\/pagina10.com\/web\/","logo":{"@type":"ImageObject","inLanguage":"es","@id":"https:\/\/pagina10.com\/web\/#\/schema\/logo\/image\/","url":"https:\/\/pagina10.com\/web\/wp-content\/uploads\/2024\/01\/40-pagina-10-periodico-regional-pasto.jpg","contentUrl":"https:\/\/pagina10.com\/web\/wp-content\/uploads\/2024\/01\/40-pagina-10-periodico-regional-pasto.jpg","width":1280,"height":720,"caption":"P\u00e1gina10"},"image":{"@id":"https:\/\/pagina10.com\/web\/#\/schema\/logo\/image\/"},"sameAs":["https:\/\/www.facebook.com\/pag10com","https:\/\/x.com\/Pag10com","https:\/\/www.instagram.com\/pagina10col\/","https:\/\/youtube.com\/channel\/pag10","https:\/\/www.tiktok.com\/@p10col"]},{"@type":"Person","@id":"https:\/\/pagina10.com\/web\/#\/schema\/person\/9ec3e2b432363a195d2d01bf820c66fe","name":"Anibal Ar\u00e9valo Rosero","description":"An\u00edbal Ar\u00e9valo Rosero a trav\u00e9s de su vida ha realizado diversas actividades tendientes a reivindicar al ser humano en su conciencia plena. Durante su vida ha hecho teatro, a escrito poes\u00eda y en sus tiempos de universitario realiz\u00f3 varias publicaciones entre las que se recuerda la revista Quinde. Junto con otros compa\u00f1eros fund\u00f3 el Taller Cultural El Cueche, equipo con el que se hicieron varias publicaciones. De este mismo grupo hay que resaltar que se hizo un trabajo pionero en la difusi\u00f3n de la m\u00fasica andina, latinoamericana y del caribe. Despu\u00e9s de terminar sus estudios de biolog\u00eda en la Universidad de Nari\u00f1o entr\u00f3 a laborar en emisoras de la ciudad de Pasto como en RCN, donde se desempe\u00f1aba como locutor de planta. Dirigi\u00f3 programas en la extinta Ondas del Mayo, en varias oportunidades; tambi\u00e9n en Ecos de Pasto. Fue colaborador de el Noticias RCN y dirigi\u00f3 el programa Simana al D\u00eda, del Sindicato del Magisterio de Nari\u00f1o, en dos \u00e9pocas. En el a\u00f1o de 1992 funda el Comit\u00e9 de Solidaridad con Cuba Jos\u00e9 Mart\u00ed, cuyo objetivo era divulgar la realidad cubana y expresar apoyo moral, pol\u00edtico y material al pa\u00eds caribe\u00f1o. Ante la mala interpretaci\u00f3n que la gente le daba a este tipo de acciones, se decide promover viajes de solidad a Cuba para participar en la Brigada Latinoamericana de Trabajo Voluntario, en el Festival Cuba Vive y, de manera especia,l en el 14 Festival Mundial de la Juventud y los Estudiantes, que se desarroll\u00f3 en la isla en el a\u00f1o de 1997. Con esta experiencia impulsa el turismo al pa\u00eds caribe\u00f1o con el resultado de que miles de personas han participado de las excursiones organizadas por Ar\u00e9valo Rosero. Asimismo ha venido impulsando las Brigadas de Salud en Cuba, tendiente a llevar pacientes de c\u00e1ncer a ese destino con el fin de que reciban atenci\u00f3n m\u00e9dica, teniendo en cuenta que la experiencia cubana en el tema ha sido bastante favorable. Veinte a\u00f1os despu\u00e9s de estas nutritivas experiencias, le permiten impulsar excursiones adem\u00e1s a M\u00e9xico, Machu Picchu, Argentina, Ecuador, Panam\u00e1 y Tierra Santa. En cuanto al desempe\u00f1o period\u00edstico, adem\u00e1s de los medios radiales y de televisi\u00f3n, en los canales de la universidades de Nari\u00f1o y Mariana, se ha desempe\u00f1ado como columnista en Diario del Sur durante 6 a\u00f1os y en algunos medios virtuales. Tambi\u00e9n es colaborador de el Diario del Cauca. Considera que la pr\u00e1ctica de la lectura es beber de la fuente nutricia que permite apropiarse de manera consciente del ejercicio de la democracia; y la posibilidad de escribir y ser le\u00eddo, acceder al poder, por que considera la palabra como el mayor instrumento de acci\u00f3n cuando est\u00e1 bien encamina al leg\u00edtimo servicio social. En la actualidad adem\u00e1s de so\u00f1ar con viajar por el mundo se desempe\u00f1a como docente del departamento de ciencias de Inem Luis Delf\u00edn Insuasty de Pasto. Correo: Esta direcci\u00f3n de correo electr\u00f3nico est\u00e1 protegida contra spambots. Usted necesita tener Javascript activado para poder verla.\" target=\"_blank\" style=\"color: #1155cc; text-align: justify; font-family: arial, sans-serif; font-size: 13px; line-height: normal;\"&gt;fundacionecosofia@gmail.com","url":"https:\/\/pagina10.com\/web\/author\/anibal\/"}]}},"_links":{"self":[{"href":"https:\/\/pagina10.com\/web\/wp-json\/wp\/v2\/posts\/57985","targetHints":{"allow":["GET"]}}],"collection":[{"href":"https:\/\/pagina10.com\/web\/wp-json\/wp\/v2\/posts"}],"about":[{"href":"https:\/\/pagina10.com\/web\/wp-json\/wp\/v2\/types\/post"}],"author":[{"embeddable":true,"href":"https:\/\/pagina10.com\/web\/wp-json\/wp\/v2\/users\/65"}],"replies":[{"embeddable":true,"href":"https:\/\/pagina10.com\/web\/wp-json\/wp\/v2\/comments?post=57985"}],"version-history":[{"count":1,"href":"https:\/\/pagina10.com\/web\/wp-json\/wp\/v2\/posts\/57985\/revisions"}],"predecessor-version":[{"id":57987,"href":"https:\/\/pagina10.com\/web\/wp-json\/wp\/v2\/posts\/57985\/revisions\/57987"}],"wp:featuredmedia":[{"embeddable":true,"href":"https:\/\/pagina10.com\/web\/wp-json\/wp\/v2\/media\/57986"}],"wp:attachment":[{"href":"https:\/\/pagina10.com\/web\/wp-json\/wp\/v2\/media?parent=57985"}],"wp:term":[{"taxonomy":"category","embeddable":true,"href":"https:\/\/pagina10.com\/web\/wp-json\/wp\/v2\/categories?post=57985"},{"taxonomy":"post_tag","embeddable":true,"href":"https:\/\/pagina10.com\/web\/wp-json\/wp\/v2\/tags?post=57985"}],"curies":[{"name":"wp","href":"https:\/\/api.w.org\/{rel}","templated":true}]}}