{"id":58000,"date":"2022-02-02T11:09:12","date_gmt":"2022-02-02T16:09:12","guid":{"rendered":"https:\/\/pagina10.com\/web\/?p=58000"},"modified":"2022-02-02T11:09:12","modified_gmt":"2022-02-02T16:09:12","slug":"desde-gobernacion-piden-a-alcaldes-suscribir-convenios-con-bomberos-y-a-comunidad-indigenas-permitir-mantenimiento-de-estaciones-de-monitoreo","status":"publish","type":"post","link":"https:\/\/pagina10.com\/web\/desde-gobernacion-piden-a-alcaldes-suscribir-convenios-con-bomberos-y-a-comunidad-indigenas-permitir-mantenimiento-de-estaciones-de-monitoreo\/","title":{"rendered":"Desde Gobernaci\u00f3n piden a alcaldes suscribir convenios con bomberos y a comunidad ind\u00edgenas permitir mantenimiento de estaciones de monitoreo"},"content":{"rendered":"<p style=\"text-align: justify;\">En Comit\u00e9 de Gesti\u00f3n del Riesgo de Desastres se conoci\u00f3 que no m\u00e1s de 10 municipios han suscrito convenios con cuerpos de bomberos voluntarios. Preocupa, adem\u00e1s, que autoridades y comunidades ind\u00edgenas impiden el mantenimiento de los equipos de monitoreo sismogr\u00e1fico y de condiciones ambientales.<\/p>\n<div style=\"text-align: justify;\"><\/div>\n<div>Un llamado a los alcaldes de los 64 municipios de Nari\u00f1o para que, en cumplimiento de la ley, suscriban el contrato con los cuerpos de Bomberos Voluntarios, hizo el Director de Gesti\u00f3n del Riesgo de Desastres, Jader Gaviria. El funcionario explic\u00f3 que este convenio es una obligaci\u00f3n de los mandatarios locales para posibilitar el funcionamiento de estos cuerpos de socorro en el territorio.<\/p>\n<div style=\"text-align: justify;\">\nEl funcionario expres\u00f3 que, en el \u00faltimo Comit\u00e9 Departamental de Gesti\u00f3n de Riesgo, se conoci\u00f3 que no m\u00e1s de 10 alcaldes de Nari\u00f1o, han cumplido con la ley 1575, de 2012 &#8211; Ley General de Bomberos de Colombia, que determina que es una obligaci\u00f3n los mandatarios locales y a su vez de los concejos municipales, suministrar a trav\u00e9s de convenio los recursos para el sostenimiento y funcionamiento de los cuerpos de bomberos.<\/div>\n<div style=\"text-align: justify;\">\nDe igual forma, el Director hizo un llamado a las autoridades ind\u00edgenas para que permitan el ingreso de t\u00e9cnicos a los volcanes Cumbal y Chiles, para realizar los mantenimientos necesarios para el \u00f3ptimo funcionamiento de los equipos de monitores, tanto del IDEAM, como del Observatorio Vulcanol\u00f3gico. Esta es una acci\u00f3n necesaria para garantizar el correcto funcionamiento y por ende tambi\u00e9n prevenir eventuales riesgos para toda la poblaci\u00f3n.<\/div>\n<div style=\"text-align: justify;\">\nFinalmente, el Director de la DAGRD, manifest\u00f3 que el robo de los equipos de monitoreo tanto sismogr\u00e1ficos como de pluviosidad, afectan a toda la comunidad y por ello pidi\u00f3 a las autoridades investigar estos delitos que afectan la gesti\u00f3n del riesgo y de igual forma inst\u00f3 a la comunidad a cuidar estos elementos.<\/div>\n<\/div>\n","protected":false},"excerpt":{"rendered":"<p>En Comit\u00e9 de Gesti\u00f3n del Riesgo de Desastres se conoci\u00f3 que no m\u00e1s de 10 municipios han suscrito convenios con cuerpos de bomberos voluntarios. Preocupa, adem\u00e1s, que autoridades y comunidades ind\u00edgenas impiden el mantenimiento de los equipos de monitoreo sismogr\u00e1fico y de condiciones ambientales. Un llamado a los alcaldes de los 64 municipios de Nari\u00f1o [&hellip;]<\/p>\n","protected":false},"author":1,"featured_media":58001,"comment_status":"open","ping_status":"open","sticky":false,"template":"","format":"standard","meta":{"footnotes":""},"categories":[53],"tags":[],"class_list":["post-58000","post","type-post","status-publish","format-standard","has-post-thumbnail","hentry","category-regiones"],"yoast_head":"<!-- This site is optimized with the Yoast SEO plugin v27.1.1 - https:\/\/yoast.com\/product\/yoast-seo-wordpress\/ -->\n<title>Desde Gobernaci\u00f3n piden a alcaldes suscribir convenios con bomberos y a comunidad ind\u00edgenas permitir mantenimiento de estaciones de monitoreo | P\u00e1gina10<\/title>\n<meta name=\"robots\" content=\"index, follow, max-snippet:-1, max-image-preview:large, max-video-preview:-1\" \/>\n<link rel=\"canonical\" href=\"https:\/\/pagina10.com\/web\/desde-gobernacion-piden-a-alcaldes-suscribir-convenios-con-bomberos-y-a-comunidad-indigenas-permitir-mantenimiento-de-estaciones-de-monitoreo\/\" \/>\n<meta property=\"og:locale\" content=\"es_ES\" \/>\n<meta property=\"og:type\" content=\"article\" \/>\n<meta property=\"og:title\" content=\"Desde Gobernaci\u00f3n piden a alcaldes suscribir convenios con bomberos y a comunidad ind\u00edgenas permitir mantenimiento de estaciones de monitoreo | P\u00e1gina10\" \/>\n<meta property=\"og:description\" content=\"En Comit\u00e9 de Gesti\u00f3n del Riesgo de Desastres se conoci\u00f3 que no m\u00e1s de 10 municipios han suscrito convenios con cuerpos de bomberos voluntarios. Preocupa, adem\u00e1s, que autoridades y comunidades ind\u00edgenas impiden el mantenimiento de los equipos de monitoreo sismogr\u00e1fico y de condiciones ambientales. Un llamado a los alcaldes de los 64 municipios de Nari\u00f1o [&hellip;]\" \/>\n<meta property=\"og:url\" content=\"https:\/\/pagina10.com\/web\/desde-gobernacion-piden-a-alcaldes-suscribir-convenios-con-bomberos-y-a-comunidad-indigenas-permitir-mantenimiento-de-estaciones-de-monitoreo\/\" \/>\n<meta property=\"og:site_name\" content=\"P\u00e1gina10\" \/>\n<meta property=\"article:publisher\" content=\"https:\/\/www.facebook.com\/pag10com\" \/>\n<meta property=\"article:published_time\" content=\"2022-02-02T16:09:12+00:00\" \/>\n<meta property=\"og:image\" content=\"https:\/\/pagina10.com\/web\/wp-content\/uploads\/2022\/02\/Captura-de-Pantalla-2022-02-02-a-las-11.08.37-a.-m..png\" \/>\n\t<meta property=\"og:image:width\" content=\"440\" \/>\n\t<meta property=\"og:image:height\" content=\"284\" \/>\n\t<meta property=\"og:image:type\" content=\"image\/png\" \/>\n<meta name=\"author\" content=\"P\u00e1gina 10\" \/>\n<meta name=\"twitter:card\" content=\"summary_large_image\" \/>\n<meta name=\"twitter:creator\" content=\"@Pag10com\" \/>\n<meta name=\"twitter:site\" content=\"@Pag10com\" \/>\n<meta name=\"twitter:label1\" content=\"Escrito por\" \/>\n\t<meta name=\"twitter:data1\" content=\"P\u00e1gina 10\" \/>\n\t<meta name=\"twitter:label2\" content=\"Tiempo de lectura\" \/>\n\t<meta name=\"twitter:data2\" content=\"2 minutos\" \/>\n<script type=\"application\/ld+json\" class=\"yoast-schema-graph\">{\"@context\":\"https:\/\/schema.org\",\"@graph\":[{\"@type\":\"Article\",\"@id\":\"https:\/\/pagina10.com\/web\/desde-gobernacion-piden-a-alcaldes-suscribir-convenios-con-bomberos-y-a-comunidad-indigenas-permitir-mantenimiento-de-estaciones-de-monitoreo\/#article\",\"isPartOf\":{\"@id\":\"https:\/\/pagina10.com\/web\/desde-gobernacion-piden-a-alcaldes-suscribir-convenios-con-bomberos-y-a-comunidad-indigenas-permitir-mantenimiento-de-estaciones-de-monitoreo\/\"},\"author\":{\"name\":\"P\u00e1gina 10\",\"@id\":\"https:\/\/pagina10.com\/web\/#\/schema\/person\/2efc4a090d25b667d3bc796798a3a81b\"},\"headline\":\"Desde Gobernaci\u00f3n piden a alcaldes suscribir convenios con bomberos y a comunidad ind\u00edgenas permitir mantenimiento de estaciones de monitoreo\",\"datePublished\":\"2022-02-02T16:09:12+00:00\",\"mainEntityOfPage\":{\"@id\":\"https:\/\/pagina10.com\/web\/desde-gobernacion-piden-a-alcaldes-suscribir-convenios-con-bomberos-y-a-comunidad-indigenas-permitir-mantenimiento-de-estaciones-de-monitoreo\/\"},\"wordCount\":336,\"commentCount\":0,\"publisher\":{\"@id\":\"https:\/\/pagina10.com\/web\/#organization\"},\"image\":{\"@id\":\"https:\/\/pagina10.com\/web\/desde-gobernacion-piden-a-alcaldes-suscribir-convenios-con-bomberos-y-a-comunidad-indigenas-permitir-mantenimiento-de-estaciones-de-monitoreo\/#primaryimage\"},\"thumbnailUrl\":\"https:\/\/pagina10.com\/web\/wp-content\/uploads\/2022\/02\/Captura-de-Pantalla-2022-02-02-a-las-11.08.37-a.-m..png\",\"articleSection\":[\"Regiones\"],\"inLanguage\":\"es\",\"potentialAction\":[{\"@type\":\"CommentAction\",\"name\":\"Comment\",\"target\":[\"https:\/\/pagina10.com\/web\/desde-gobernacion-piden-a-alcaldes-suscribir-convenios-con-bomberos-y-a-comunidad-indigenas-permitir-mantenimiento-de-estaciones-de-monitoreo\/#respond\"]}]},{\"@type\":\"WebPage\",\"@id\":\"https:\/\/pagina10.com\/web\/desde-gobernacion-piden-a-alcaldes-suscribir-convenios-con-bomberos-y-a-comunidad-indigenas-permitir-mantenimiento-de-estaciones-de-monitoreo\/\",\"url\":\"https:\/\/pagina10.com\/web\/desde-gobernacion-piden-a-alcaldes-suscribir-convenios-con-bomberos-y-a-comunidad-indigenas-permitir-mantenimiento-de-estaciones-de-monitoreo\/\",\"name\":\"Desde Gobernaci\u00f3n piden a alcaldes suscribir convenios con bomberos y a comunidad ind\u00edgenas permitir mantenimiento de estaciones de monitoreo | P\u00e1gina10\",\"isPartOf\":{\"@id\":\"https:\/\/pagina10.com\/web\/#website\"},\"primaryImageOfPage\":{\"@id\":\"https:\/\/pagina10.com\/web\/desde-gobernacion-piden-a-alcaldes-suscribir-convenios-con-bomberos-y-a-comunidad-indigenas-permitir-mantenimiento-de-estaciones-de-monitoreo\/#primaryimage\"},\"image\":{\"@id\":\"https:\/\/pagina10.com\/web\/desde-gobernacion-piden-a-alcaldes-suscribir-convenios-con-bomberos-y-a-comunidad-indigenas-permitir-mantenimiento-de-estaciones-de-monitoreo\/#primaryimage\"},\"thumbnailUrl\":\"https:\/\/pagina10.com\/web\/wp-content\/uploads\/2022\/02\/Captura-de-Pantalla-2022-02-02-a-las-11.08.37-a.-m..png\",\"datePublished\":\"2022-02-02T16:09:12+00:00\",\"breadcrumb\":{\"@id\":\"https:\/\/pagina10.com\/web\/desde-gobernacion-piden-a-alcaldes-suscribir-convenios-con-bomberos-y-a-comunidad-indigenas-permitir-mantenimiento-de-estaciones-de-monitoreo\/#breadcrumb\"},\"inLanguage\":\"es\",\"potentialAction\":[{\"@type\":\"ReadAction\",\"target\":[\"https:\/\/pagina10.com\/web\/desde-gobernacion-piden-a-alcaldes-suscribir-convenios-con-bomberos-y-a-comunidad-indigenas-permitir-mantenimiento-de-estaciones-de-monitoreo\/\"]}]},{\"@type\":\"ImageObject\",\"inLanguage\":\"es\",\"@id\":\"https:\/\/pagina10.com\/web\/desde-gobernacion-piden-a-alcaldes-suscribir-convenios-con-bomberos-y-a-comunidad-indigenas-permitir-mantenimiento-de-estaciones-de-monitoreo\/#primaryimage\",\"url\":\"https:\/\/pagina10.com\/web\/wp-content\/uploads\/2022\/02\/Captura-de-Pantalla-2022-02-02-a-las-11.08.37-a.-m..png\",\"contentUrl\":\"https:\/\/pagina10.com\/web\/wp-content\/uploads\/2022\/02\/Captura-de-Pantalla-2022-02-02-a-las-11.08.37-a.-m..png\",\"width\":440,\"height\":284},{\"@type\":\"BreadcrumbList\",\"@id\":\"https:\/\/pagina10.com\/web\/desde-gobernacion-piden-a-alcaldes-suscribir-convenios-con-bomberos-y-a-comunidad-indigenas-permitir-mantenimiento-de-estaciones-de-monitoreo\/#breadcrumb\",\"itemListElement\":[{\"@type\":\"ListItem\",\"position\":1,\"name\":\"Portada\",\"item\":\"https:\/\/pagina10.com\/web\/\"},{\"@type\":\"ListItem\",\"position\":2,\"name\":\"Desde Gobernaci\u00f3n piden a alcaldes suscribir convenios con bomberos y a comunidad ind\u00edgenas permitir mantenimiento de estaciones de monitoreo\"}]},{\"@type\":\"WebSite\",\"@id\":\"https:\/\/pagina10.com\/web\/#website\",\"url\":\"https:\/\/pagina10.com\/web\/\",\"name\":\"P\u00e1gina10\",\"description\":\"Peri\u00f3dico Regional\",\"publisher\":{\"@id\":\"https:\/\/pagina10.com\/web\/#organization\"},\"alternateName\":\"P\u00e1gina10 Peri\u00f3dico Regional\",\"potentialAction\":[{\"@type\":\"SearchAction\",\"target\":{\"@type\":\"EntryPoint\",\"urlTemplate\":\"https:\/\/pagina10.com\/web\/?s={search_term_string}\"},\"query-input\":{\"@type\":\"PropertyValueSpecification\",\"valueRequired\":true,\"valueName\":\"search_term_string\"}}],\"inLanguage\":\"es\"},{\"@type\":\"Organization\",\"@id\":\"https:\/\/pagina10.com\/web\/#organization\",\"name\":\"P\u00e1gina10\",\"alternateName\":\"P\u00e1gina10 Peri\u00f3dico Regional\",\"url\":\"https:\/\/pagina10.com\/web\/\",\"logo\":{\"@type\":\"ImageObject\",\"inLanguage\":\"es\",\"@id\":\"https:\/\/pagina10.com\/web\/#\/schema\/logo\/image\/\",\"url\":\"https:\/\/pagina10.com\/web\/wp-content\/uploads\/2024\/01\/40-pagina-10-periodico-regional-pasto.jpg\",\"contentUrl\":\"https:\/\/pagina10.com\/web\/wp-content\/uploads\/2024\/01\/40-pagina-10-periodico-regional-pasto.jpg\",\"width\":1280,\"height\":720,\"caption\":\"P\u00e1gina10\"},\"image\":{\"@id\":\"https:\/\/pagina10.com\/web\/#\/schema\/logo\/image\/\"},\"sameAs\":[\"https:\/\/www.facebook.com\/pag10com\",\"https:\/\/x.com\/Pag10com\",\"https:\/\/www.instagram.com\/pagina10col\/\",\"https:\/\/youtube.com\/channel\/pag10\",\"https:\/\/www.tiktok.com\/@p10col\"]},{\"@type\":\"Person\",\"@id\":\"https:\/\/pagina10.com\/web\/#\/schema\/person\/2efc4a090d25b667d3bc796798a3a81b\",\"name\":\"P\u00e1gina 10\",\"description\":\"P\u00e1gina 10 es un peri\u00f3dico regional que nace en Colombia, en el departamento de Nari\u00f1o, con un enfoque global, fundamentado en cuatro pilares esenciales: la libertad, el pluralismo, la inclusi\u00f3n y la independencia. P\u00e1gina 10 hace referencia a Nari\u00f1o como el d\u00e9cimo departamento creado en Colombia, despu\u00e9s de un proceso pol\u00edtico liderado por actores y actrices regionales con el fin de obtener la independencia y autonom\u00eda de nuestros territorios. Con la creaci\u00f3n de P\u00e1gina 10 se pretende abrir un escenario para el dialogo, la reflexi\u00f3n y el debate que se extienda a otras geograf\u00edas de Am\u00e9rica Latina y del planeta, en una apuesta por transformar colectivamente los desaf\u00edos de un mundo contempor\u00e1neo, m\u00e1s all\u00e1 de las fronteras impuestas.\",\"url\":\"https:\/\/pagina10.com\/web\/author\/pdiezadmin\/\"}]}<\/script>\n<!-- \/ Yoast SEO plugin. -->","yoast_head_json":{"title":"Desde Gobernaci\u00f3n piden a alcaldes suscribir convenios con bomberos y a comunidad ind\u00edgenas permitir mantenimiento de estaciones de monitoreo | P\u00e1gina10","robots":{"index":"index","follow":"follow","max-snippet":"max-snippet:-1","max-image-preview":"max-image-preview:large","max-video-preview":"max-video-preview:-1"},"canonical":"https:\/\/pagina10.com\/web\/desde-gobernacion-piden-a-alcaldes-suscribir-convenios-con-bomberos-y-a-comunidad-indigenas-permitir-mantenimiento-de-estaciones-de-monitoreo\/","og_locale":"es_ES","og_type":"article","og_title":"Desde Gobernaci\u00f3n piden a alcaldes suscribir convenios con bomberos y a comunidad ind\u00edgenas permitir mantenimiento de estaciones de monitoreo | P\u00e1gina10","og_description":"En Comit\u00e9 de Gesti\u00f3n del Riesgo de Desastres se conoci\u00f3 que no m\u00e1s de 10 municipios han suscrito convenios con cuerpos de bomberos voluntarios. Preocupa, adem\u00e1s, que autoridades y comunidades ind\u00edgenas impiden el mantenimiento de los equipos de monitoreo sismogr\u00e1fico y de condiciones ambientales. Un llamado a los alcaldes de los 64 municipios de Nari\u00f1o [&hellip;]","og_url":"https:\/\/pagina10.com\/web\/desde-gobernacion-piden-a-alcaldes-suscribir-convenios-con-bomberos-y-a-comunidad-indigenas-permitir-mantenimiento-de-estaciones-de-monitoreo\/","og_site_name":"P\u00e1gina10","article_publisher":"https:\/\/www.facebook.com\/pag10com","article_published_time":"2022-02-02T16:09:12+00:00","og_image":[{"width":440,"height":284,"url":"https:\/\/pagina10.com\/web\/wp-content\/uploads\/2022\/02\/Captura-de-Pantalla-2022-02-02-a-las-11.08.37-a.-m..png","type":"image\/png"}],"author":"P\u00e1gina 10","twitter_card":"summary_large_image","twitter_creator":"@Pag10com","twitter_site":"@Pag10com","twitter_misc":{"Escrito por":"P\u00e1gina 10","Tiempo de lectura":"2 minutos"},"schema":{"@context":"https:\/\/schema.org","@graph":[{"@type":"Article","@id":"https:\/\/pagina10.com\/web\/desde-gobernacion-piden-a-alcaldes-suscribir-convenios-con-bomberos-y-a-comunidad-indigenas-permitir-mantenimiento-de-estaciones-de-monitoreo\/#article","isPartOf":{"@id":"https:\/\/pagina10.com\/web\/desde-gobernacion-piden-a-alcaldes-suscribir-convenios-con-bomberos-y-a-comunidad-indigenas-permitir-mantenimiento-de-estaciones-de-monitoreo\/"},"author":{"name":"P\u00e1gina 10","@id":"https:\/\/pagina10.com\/web\/#\/schema\/person\/2efc4a090d25b667d3bc796798a3a81b"},"headline":"Desde Gobernaci\u00f3n piden a alcaldes suscribir convenios con bomberos y a comunidad ind\u00edgenas permitir mantenimiento de estaciones de monitoreo","datePublished":"2022-02-02T16:09:12+00:00","mainEntityOfPage":{"@id":"https:\/\/pagina10.com\/web\/desde-gobernacion-piden-a-alcaldes-suscribir-convenios-con-bomberos-y-a-comunidad-indigenas-permitir-mantenimiento-de-estaciones-de-monitoreo\/"},"wordCount":336,"commentCount":0,"publisher":{"@id":"https:\/\/pagina10.com\/web\/#organization"},"image":{"@id":"https:\/\/pagina10.com\/web\/desde-gobernacion-piden-a-alcaldes-suscribir-convenios-con-bomberos-y-a-comunidad-indigenas-permitir-mantenimiento-de-estaciones-de-monitoreo\/#primaryimage"},"thumbnailUrl":"https:\/\/pagina10.com\/web\/wp-content\/uploads\/2022\/02\/Captura-de-Pantalla-2022-02-02-a-las-11.08.37-a.-m..png","articleSection":["Regiones"],"inLanguage":"es","potentialAction":[{"@type":"CommentAction","name":"Comment","target":["https:\/\/pagina10.com\/web\/desde-gobernacion-piden-a-alcaldes-suscribir-convenios-con-bomberos-y-a-comunidad-indigenas-permitir-mantenimiento-de-estaciones-de-monitoreo\/#respond"]}]},{"@type":"WebPage","@id":"https:\/\/pagina10.com\/web\/desde-gobernacion-piden-a-alcaldes-suscribir-convenios-con-bomberos-y-a-comunidad-indigenas-permitir-mantenimiento-de-estaciones-de-monitoreo\/","url":"https:\/\/pagina10.com\/web\/desde-gobernacion-piden-a-alcaldes-suscribir-convenios-con-bomberos-y-a-comunidad-indigenas-permitir-mantenimiento-de-estaciones-de-monitoreo\/","name":"Desde Gobernaci\u00f3n piden a alcaldes suscribir convenios con bomberos y a comunidad ind\u00edgenas permitir mantenimiento de estaciones de monitoreo | P\u00e1gina10","isPartOf":{"@id":"https:\/\/pagina10.com\/web\/#website"},"primaryImageOfPage":{"@id":"https:\/\/pagina10.com\/web\/desde-gobernacion-piden-a-alcaldes-suscribir-convenios-con-bomberos-y-a-comunidad-indigenas-permitir-mantenimiento-de-estaciones-de-monitoreo\/#primaryimage"},"image":{"@id":"https:\/\/pagina10.com\/web\/desde-gobernacion-piden-a-alcaldes-suscribir-convenios-con-bomberos-y-a-comunidad-indigenas-permitir-mantenimiento-de-estaciones-de-monitoreo\/#primaryimage"},"thumbnailUrl":"https:\/\/pagina10.com\/web\/wp-content\/uploads\/2022\/02\/Captura-de-Pantalla-2022-02-02-a-las-11.08.37-a.-m..png","datePublished":"2022-02-02T16:09:12+00:00","breadcrumb":{"@id":"https:\/\/pagina10.com\/web\/desde-gobernacion-piden-a-alcaldes-suscribir-convenios-con-bomberos-y-a-comunidad-indigenas-permitir-mantenimiento-de-estaciones-de-monitoreo\/#breadcrumb"},"inLanguage":"es","potentialAction":[{"@type":"ReadAction","target":["https:\/\/pagina10.com\/web\/desde-gobernacion-piden-a-alcaldes-suscribir-convenios-con-bomberos-y-a-comunidad-indigenas-permitir-mantenimiento-de-estaciones-de-monitoreo\/"]}]},{"@type":"ImageObject","inLanguage":"es","@id":"https:\/\/pagina10.com\/web\/desde-gobernacion-piden-a-alcaldes-suscribir-convenios-con-bomberos-y-a-comunidad-indigenas-permitir-mantenimiento-de-estaciones-de-monitoreo\/#primaryimage","url":"https:\/\/pagina10.com\/web\/wp-content\/uploads\/2022\/02\/Captura-de-Pantalla-2022-02-02-a-las-11.08.37-a.-m..png","contentUrl":"https:\/\/pagina10.com\/web\/wp-content\/uploads\/2022\/02\/Captura-de-Pantalla-2022-02-02-a-las-11.08.37-a.-m..png","width":440,"height":284},{"@type":"BreadcrumbList","@id":"https:\/\/pagina10.com\/web\/desde-gobernacion-piden-a-alcaldes-suscribir-convenios-con-bomberos-y-a-comunidad-indigenas-permitir-mantenimiento-de-estaciones-de-monitoreo\/#breadcrumb","itemListElement":[{"@type":"ListItem","position":1,"name":"Portada","item":"https:\/\/pagina10.com\/web\/"},{"@type":"ListItem","position":2,"name":"Desde Gobernaci\u00f3n piden a alcaldes suscribir convenios con bomberos y a comunidad ind\u00edgenas permitir mantenimiento de estaciones de monitoreo"}]},{"@type":"WebSite","@id":"https:\/\/pagina10.com\/web\/#website","url":"https:\/\/pagina10.com\/web\/","name":"P\u00e1gina10","description":"Peri\u00f3dico Regional","publisher":{"@id":"https:\/\/pagina10.com\/web\/#organization"},"alternateName":"P\u00e1gina10 Peri\u00f3dico Regional","potentialAction":[{"@type":"SearchAction","target":{"@type":"EntryPoint","urlTemplate":"https:\/\/pagina10.com\/web\/?s={search_term_string}"},"query-input":{"@type":"PropertyValueSpecification","valueRequired":true,"valueName":"search_term_string"}}],"inLanguage":"es"},{"@type":"Organization","@id":"https:\/\/pagina10.com\/web\/#organization","name":"P\u00e1gina10","alternateName":"P\u00e1gina10 Peri\u00f3dico Regional","url":"https:\/\/pagina10.com\/web\/","logo":{"@type":"ImageObject","inLanguage":"es","@id":"https:\/\/pagina10.com\/web\/#\/schema\/logo\/image\/","url":"https:\/\/pagina10.com\/web\/wp-content\/uploads\/2024\/01\/40-pagina-10-periodico-regional-pasto.jpg","contentUrl":"https:\/\/pagina10.com\/web\/wp-content\/uploads\/2024\/01\/40-pagina-10-periodico-regional-pasto.jpg","width":1280,"height":720,"caption":"P\u00e1gina10"},"image":{"@id":"https:\/\/pagina10.com\/web\/#\/schema\/logo\/image\/"},"sameAs":["https:\/\/www.facebook.com\/pag10com","https:\/\/x.com\/Pag10com","https:\/\/www.instagram.com\/pagina10col\/","https:\/\/youtube.com\/channel\/pag10","https:\/\/www.tiktok.com\/@p10col"]},{"@type":"Person","@id":"https:\/\/pagina10.com\/web\/#\/schema\/person\/2efc4a090d25b667d3bc796798a3a81b","name":"P\u00e1gina 10","description":"P\u00e1gina 10 es un peri\u00f3dico regional que nace en Colombia, en el departamento de Nari\u00f1o, con un enfoque global, fundamentado en cuatro pilares esenciales: la libertad, el pluralismo, la inclusi\u00f3n y la independencia. P\u00e1gina 10 hace referencia a Nari\u00f1o como el d\u00e9cimo departamento creado en Colombia, despu\u00e9s de un proceso pol\u00edtico liderado por actores y actrices regionales con el fin de obtener la independencia y autonom\u00eda de nuestros territorios. Con la creaci\u00f3n de P\u00e1gina 10 se pretende abrir un escenario para el dialogo, la reflexi\u00f3n y el debate que se extienda a otras geograf\u00edas de Am\u00e9rica Latina y del planeta, en una apuesta por transformar colectivamente los desaf\u00edos de un mundo contempor\u00e1neo, m\u00e1s all\u00e1 de las fronteras impuestas.","url":"https:\/\/pagina10.com\/web\/author\/pdiezadmin\/"}]}},"_links":{"self":[{"href":"https:\/\/pagina10.com\/web\/wp-json\/wp\/v2\/posts\/58000","targetHints":{"allow":["GET"]}}],"collection":[{"href":"https:\/\/pagina10.com\/web\/wp-json\/wp\/v2\/posts"}],"about":[{"href":"https:\/\/pagina10.com\/web\/wp-json\/wp\/v2\/types\/post"}],"author":[{"embeddable":true,"href":"https:\/\/pagina10.com\/web\/wp-json\/wp\/v2\/users\/1"}],"replies":[{"embeddable":true,"href":"https:\/\/pagina10.com\/web\/wp-json\/wp\/v2\/comments?post=58000"}],"version-history":[{"count":1,"href":"https:\/\/pagina10.com\/web\/wp-json\/wp\/v2\/posts\/58000\/revisions"}],"predecessor-version":[{"id":58002,"href":"https:\/\/pagina10.com\/web\/wp-json\/wp\/v2\/posts\/58000\/revisions\/58002"}],"wp:featuredmedia":[{"embeddable":true,"href":"https:\/\/pagina10.com\/web\/wp-json\/wp\/v2\/media\/58001"}],"wp:attachment":[{"href":"https:\/\/pagina10.com\/web\/wp-json\/wp\/v2\/media?parent=58000"}],"wp:term":[{"taxonomy":"category","embeddable":true,"href":"https:\/\/pagina10.com\/web\/wp-json\/wp\/v2\/categories?post=58000"},{"taxonomy":"post_tag","embeddable":true,"href":"https:\/\/pagina10.com\/web\/wp-json\/wp\/v2\/tags?post=58000"}],"curies":[{"name":"wp","href":"https:\/\/api.w.org\/{rel}","templated":true}]}}