{"id":58003,"date":"2022-02-02T14:17:47","date_gmt":"2022-02-02T19:17:47","guid":{"rendered":"https:\/\/pagina10.com\/web\/?p=58003"},"modified":"2022-02-02T14:17:47","modified_gmt":"2022-02-02T19:17:47","slug":"supersalud-toma-posesion-de-la-eps-emssanar-por-finanzas-en-rojo-barreras-en-la-prestacion-del-servicio-e-incremento-de-quejas","status":"publish","type":"post","link":"https:\/\/pagina10.com\/web\/supersalud-toma-posesion-de-la-eps-emssanar-por-finanzas-en-rojo-barreras-en-la-prestacion-del-servicio-e-incremento-de-quejas\/","title":{"rendered":"Supersalud toma posesi\u00f3n de la EPS Emssanar por finanzas en rojo, barreras en la prestaci\u00f3n del servicio e incremento de quejas."},"content":{"rendered":"<p style=\"text-align: justify;\">La Superintendencia Nacional de Salud orden\u00f3 hoy la toma de posesi\u00f3n inmediata de la EPS Emssanar que opera en el suroccidente del pa\u00eds, debido a la deteriorada situaci\u00f3n financiera en que se encuentra y al incremento de las tutelas y quejas por la nula mejor\u00eda de sus indicadores de salud, que afectan especialmente a los pacientes cr\u00f3nicos y con diagn\u00f3sticos de c\u00e1ncer y VIH.<\/p>\n<p style=\"text-align: justify;\">Con esta medida, que rige inicialmente por dos meses, la Supersalud designa adem\u00e1s como agente especial al ingeniero caucano Juan Manuel Qui\u00f1ones Pinz\u00f3n, al tiempo que ordena la separaci\u00f3n del gerente y de la junta directiva de esta EPS.<\/p>\n<p style=\"text-align: justify;\">Emssanar se encontraba bajo medida de vigilancia especial de la Supersalud desde hace casi dos a\u00f1os y medio, tiempo en el cual no logr\u00f3 corregir el deterioro de sus indicadores administrativos, jur\u00eddicos, asistenciales y financieros.<\/p>\n<p style=\"text-align: justify;\">La EPS cuenta con 1.954.587 afiliados, ubicados en los departamentos de Valle (967.946), Nari\u00f1o (687.086), Putumayo (181.773) y Cauca (117.780). El 92% de esa poblaci\u00f3n pertenece al r\u00e9gimen subsidiado, es decir usuarios del sistema en condiciones de vulnerabilidad.<\/p>\n<p style=\"text-align: justify;\">Identificamos que, por insuficiencia en su red de prestadores, la EPS pon\u00eda barreras a la atenci\u00f3n de tratamientos de alto costo como quimioterapia y radioterapia para el c\u00e1ncer y hemodi\u00e1lisis, y dificultaba el acceso a los servicios y tecnolog\u00edas necesarias para el manejo de pacientes con VIH\u201d, expres\u00f3 el superintendente Delegado para Entidades de Aseguramiento en Salud, Henri Philippe Capmartin.<\/p>\n<p style=\"text-align: justify;\">Se evidenci\u00f3 que en los departamentos de Valle y Putumayo un porcentaje de pacientes con diagn\u00f3stico de c\u00e1ncer de mama qued\u00f3 a la deriva en sus tratamientos porque los prestadores y proveedores dejaron de prestar estos servicios a la EPS.<\/p>\n<p style=\"text-align: justify;\">Con corte noviembre de 2021 se identifica el cierre de servicios de manera unilateral con las IPS Cehan\u00ed ESE (Pasto), ESE Hospital Universitario del Valle Evaristo Garc\u00eda (Cali), Onc\u00f3logos Asociados Imbanaco (Cali), Recuperar \u2013 Centro de Medicina F\u00edsica y Rehabilitaci\u00f3n (Cali), por demoras en el pago; se observa que estos cuatro prestadores cuentan con saldos pendientes de pago por $120.865 millones\u201d, se\u00f1ala la resoluci\u00f3n 292-6 de este 2 de febrero mediante la cual la Supersalud orden\u00f3 la toma de posesi\u00f3n de los bienes, haberes y negocios de Emssanar.<\/p>\n<p style=\"text-align: justify;\">Finanzas en rojo<\/p>\n<p style=\"text-align: justify;\">Seg\u00fan la evaluaci\u00f3n t\u00e9cnica hecha por la Superintendencia al comportamiento financiero, la EPS incumple los indicadores de: capital m\u00ednimo, patrimonio adecuado, nivel endeudamiento, recaudo de cartera, porcentaje de siniestralidad y rentabilidad del margen operacional, entre otros.<\/p>\n<p style=\"text-align: justify;\">Entre enero y noviembre de 2021, la EPS Emssanar tuvo p\u00e9rdidas por 342.180 millones de pesos, lo que revela una situaci\u00f3n financiera cr\u00edtica que compromete sus condiciones de solvencia y habilitaci\u00f3n, y que se agrava por unos pasivos que superan los 1.3 billones de pesos.<\/p>\n<p style=\"text-align: justify;\">Adicionalmente, la Supersalud encontr\u00f3 que durante los \u00faltimos 3 a\u00f1os la EPS no ha realizado ni cumplido con las capitalizaciones previstas en su propio Plan de Reorganizaci\u00f3n Institucional. Incumple en 102.607 millones de pesos la capitalizaci\u00f3n a la que se comprometi\u00f3 como meta para el a\u00f1o 2021.<\/p>\n<p style=\"text-align: justify;\">Seg\u00fan los reportes en poder de la Superintendencia, la EPS a\u00fan no genera ning\u00fan mecanismo para hacer una capitalizaci\u00f3n con recursos frescos que le puedan generar un alivio financiero en materia de recursos.<\/p>\n<p style=\"text-align: justify;\">Tutelas y quejas<\/p>\n<p style=\"text-align: justify;\">Contra la EPS Emssanar se radicaron 78.940 peticiones, quejas, reclamos y peticiones (PQRD) en los \u00faltimos a\u00f1os, y es especialmente notorio que las quejas mostraron una tendencia creciente en los \u00faltimos 4 meses de 2021.<\/p>\n<p style=\"text-align: justify;\">La EPS exced\u00eda los t\u00e9rminos para resolver estas quejas: en 2021 tard\u00f3 un promedio de 23 d\u00edas para dar cierre a quejas calificadas como de \u2018riesgo de vida\u2019, es decir aquellas que requieren soluci\u00f3n en un tiempo m\u00e1ximo de 48 horas.<\/p>\n<p style=\"text-align: justify;\">Entre enero y noviembre de 2021 se interpusieron 2463 tutelas de salud y el principal motivo de inconformidad entre sus afiliados con enfermedades de alto costo fue el retraso en la quimioterapia y radioterapia para el c\u00e1ncer.<\/p>\n<p style=\"text-align: justify;\">En materia de atenci\u00f3n a sus afiliados, se evidenciaron incumplimientos de varios indicadores t\u00e9cnico-cient\u00edficos evaluados entre 2019 y 2021.<\/p>\n<p style=\"text-align: justify;\">Se encontr\u00f3, por ejemplo, una ausencia de informaci\u00f3n para los indicadores de autorizaci\u00f3n de cirug\u00eda de cataratas y de cirug\u00eda de revascularizaci\u00f3n mioc\u00e1rdica, lo que afectaba el seguimiento a la gesti\u00f3n del riesgo.<\/p>\n<p style=\"text-align: justify;\">Entre los motivos de quejas de sus usuarios estaban tambi\u00e9n las demoras en asignaci\u00f3n de citas m\u00e9dicas especializadas, los retrasos en la entrega de medicamentos y la falta de oportunidad en ex\u00e1menes de laboratorio.<\/p>\n<p style=\"text-align: justify;\">Incumplimiento de \u00f3rdenes<\/p>\n<p style=\"text-align: justify;\">La EPS tiene una sanci\u00f3n por parte de la Superintendencia y cuenta con 4 investigaciones en curso contra el representante legal y otras 6 en curso contra la EPS.<\/p>\n<p style=\"text-align: justify;\">La mayor\u00eda de estos procesos tienen como principal motivo el incumplimiento a las instrucciones de la Supersalud.<\/p>\n<p style=\"text-align: justify;\">Precisamente, la toma de posesi\u00f3n ordenada hoy se justifica, adem\u00e1s, en que \u201cel incumplimiento de todas las \u00f3rdenes muestra, a las claras, que existe una conducta renuente a la atenci\u00f3n de estas. Ello refleja la falta de esfuerzos institucionales de la EPS por mejorar su situaci\u00f3n y cumplir con las normas del sistema de salud\u201d, seg\u00fan indica la resoluci\u00f3n.<\/p>\n<p style=\"text-align: justify;\">La medida impuesta buscar\u00e1 verificar una de las dos siguientes circunstancias: si es posible situar a la EPS en condiciones de desarrollar adecuadamente su objeto social, o si se pueden realizar otras operaciones que permitan lograr mejores condiciones para el pago total o parcial de sus acreencias pendientes.<\/p>\n","protected":false},"excerpt":{"rendered":"<p>La Superintendencia Nacional de Salud orden\u00f3 hoy la toma de posesi\u00f3n inmediata de la EPS Emssanar que opera en el suroccidente del pa\u00eds, debido a la deteriorada situaci\u00f3n financiera en que se encuentra y al incremento de las tutelas y quejas por la nula mejor\u00eda de sus indicadores de salud, que afectan especialmente a los [&hellip;]<\/p>\n","protected":false},"author":1,"featured_media":58004,"comment_status":"open","ping_status":"open","sticky":false,"template":"","format":"standard","meta":{"footnotes":""},"categories":[53],"tags":[],"class_list":["post-58003","post","type-post","status-publish","format-standard","has-post-thumbnail","hentry","category-regiones"],"yoast_head":"<!-- This site is optimized with the Yoast SEO plugin v27.1.1 - https:\/\/yoast.com\/product\/yoast-seo-wordpress\/ -->\n<title>Supersalud toma posesi\u00f3n de la EPS Emssanar por finanzas en rojo, barreras en la prestaci\u00f3n del servicio e incremento de quejas. | P\u00e1gina10<\/title>\n<meta name=\"robots\" content=\"index, follow, max-snippet:-1, max-image-preview:large, max-video-preview:-1\" \/>\n<link rel=\"canonical\" href=\"https:\/\/pagina10.com\/web\/supersalud-toma-posesion-de-la-eps-emssanar-por-finanzas-en-rojo-barreras-en-la-prestacion-del-servicio-e-incremento-de-quejas\/\" \/>\n<meta property=\"og:locale\" content=\"es_ES\" \/>\n<meta property=\"og:type\" content=\"article\" \/>\n<meta property=\"og:title\" content=\"Supersalud toma posesi\u00f3n de la EPS Emssanar por finanzas en rojo, barreras en la prestaci\u00f3n del servicio e incremento de quejas. | P\u00e1gina10\" \/>\n<meta property=\"og:description\" content=\"La Superintendencia Nacional de Salud orden\u00f3 hoy la toma de posesi\u00f3n inmediata de la EPS Emssanar que opera en el suroccidente del pa\u00eds, debido a la deteriorada situaci\u00f3n financiera en que se encuentra y al incremento de las tutelas y quejas por la nula mejor\u00eda de sus indicadores de salud, que afectan especialmente a los [&hellip;]\" \/>\n<meta property=\"og:url\" content=\"https:\/\/pagina10.com\/web\/supersalud-toma-posesion-de-la-eps-emssanar-por-finanzas-en-rojo-barreras-en-la-prestacion-del-servicio-e-incremento-de-quejas\/\" \/>\n<meta property=\"og:site_name\" content=\"P\u00e1gina10\" \/>\n<meta property=\"article:publisher\" content=\"https:\/\/www.facebook.com\/pag10com\" \/>\n<meta property=\"article:published_time\" content=\"2022-02-02T19:17:47+00:00\" \/>\n<meta property=\"og:image\" content=\"https:\/\/pagina10.com\/web\/wp-content\/uploads\/2022\/02\/Captura-de-Pantalla-2022-02-02-a-las-2.17.12-p.-m..png\" \/>\n\t<meta property=\"og:image:width\" content=\"748\" \/>\n\t<meta property=\"og:image:height\" content=\"391\" \/>\n\t<meta property=\"og:image:type\" content=\"image\/png\" \/>\n<meta name=\"author\" content=\"P\u00e1gina 10\" \/>\n<meta name=\"twitter:card\" content=\"summary_large_image\" \/>\n<meta name=\"twitter:creator\" content=\"@Pag10com\" \/>\n<meta name=\"twitter:site\" content=\"@Pag10com\" \/>\n<meta name=\"twitter:label1\" content=\"Escrito por\" \/>\n\t<meta name=\"twitter:data1\" content=\"P\u00e1gina 10\" \/>\n\t<meta name=\"twitter:label2\" content=\"Tiempo de lectura\" \/>\n\t<meta name=\"twitter:data2\" content=\"5 minutos\" \/>\n<script type=\"application\/ld+json\" class=\"yoast-schema-graph\">{\"@context\":\"https:\/\/schema.org\",\"@graph\":[{\"@type\":\"Article\",\"@id\":\"https:\/\/pagina10.com\/web\/supersalud-toma-posesion-de-la-eps-emssanar-por-finanzas-en-rojo-barreras-en-la-prestacion-del-servicio-e-incremento-de-quejas\/#article\",\"isPartOf\":{\"@id\":\"https:\/\/pagina10.com\/web\/supersalud-toma-posesion-de-la-eps-emssanar-por-finanzas-en-rojo-barreras-en-la-prestacion-del-servicio-e-incremento-de-quejas\/\"},\"author\":{\"name\":\"P\u00e1gina 10\",\"@id\":\"https:\/\/pagina10.com\/web\/#\/schema\/person\/2efc4a090d25b667d3bc796798a3a81b\"},\"headline\":\"Supersalud toma posesi\u00f3n de la EPS Emssanar por finanzas en rojo, barreras en la prestaci\u00f3n del servicio e incremento de quejas.\",\"datePublished\":\"2022-02-02T19:17:47+00:00\",\"mainEntityOfPage\":{\"@id\":\"https:\/\/pagina10.com\/web\/supersalud-toma-posesion-de-la-eps-emssanar-por-finanzas-en-rojo-barreras-en-la-prestacion-del-servicio-e-incremento-de-quejas\/\"},\"wordCount\":956,\"commentCount\":0,\"publisher\":{\"@id\":\"https:\/\/pagina10.com\/web\/#organization\"},\"image\":{\"@id\":\"https:\/\/pagina10.com\/web\/supersalud-toma-posesion-de-la-eps-emssanar-por-finanzas-en-rojo-barreras-en-la-prestacion-del-servicio-e-incremento-de-quejas\/#primaryimage\"},\"thumbnailUrl\":\"https:\/\/pagina10.com\/web\/wp-content\/uploads\/2022\/02\/Captura-de-Pantalla-2022-02-02-a-las-2.17.12-p.-m..png\",\"articleSection\":[\"Regiones\"],\"inLanguage\":\"es\",\"potentialAction\":[{\"@type\":\"CommentAction\",\"name\":\"Comment\",\"target\":[\"https:\/\/pagina10.com\/web\/supersalud-toma-posesion-de-la-eps-emssanar-por-finanzas-en-rojo-barreras-en-la-prestacion-del-servicio-e-incremento-de-quejas\/#respond\"]}]},{\"@type\":\"WebPage\",\"@id\":\"https:\/\/pagina10.com\/web\/supersalud-toma-posesion-de-la-eps-emssanar-por-finanzas-en-rojo-barreras-en-la-prestacion-del-servicio-e-incremento-de-quejas\/\",\"url\":\"https:\/\/pagina10.com\/web\/supersalud-toma-posesion-de-la-eps-emssanar-por-finanzas-en-rojo-barreras-en-la-prestacion-del-servicio-e-incremento-de-quejas\/\",\"name\":\"Supersalud toma posesi\u00f3n de la EPS Emssanar por finanzas en rojo, barreras en la prestaci\u00f3n del servicio e incremento de quejas. | P\u00e1gina10\",\"isPartOf\":{\"@id\":\"https:\/\/pagina10.com\/web\/#website\"},\"primaryImageOfPage\":{\"@id\":\"https:\/\/pagina10.com\/web\/supersalud-toma-posesion-de-la-eps-emssanar-por-finanzas-en-rojo-barreras-en-la-prestacion-del-servicio-e-incremento-de-quejas\/#primaryimage\"},\"image\":{\"@id\":\"https:\/\/pagina10.com\/web\/supersalud-toma-posesion-de-la-eps-emssanar-por-finanzas-en-rojo-barreras-en-la-prestacion-del-servicio-e-incremento-de-quejas\/#primaryimage\"},\"thumbnailUrl\":\"https:\/\/pagina10.com\/web\/wp-content\/uploads\/2022\/02\/Captura-de-Pantalla-2022-02-02-a-las-2.17.12-p.-m..png\",\"datePublished\":\"2022-02-02T19:17:47+00:00\",\"breadcrumb\":{\"@id\":\"https:\/\/pagina10.com\/web\/supersalud-toma-posesion-de-la-eps-emssanar-por-finanzas-en-rojo-barreras-en-la-prestacion-del-servicio-e-incremento-de-quejas\/#breadcrumb\"},\"inLanguage\":\"es\",\"potentialAction\":[{\"@type\":\"ReadAction\",\"target\":[\"https:\/\/pagina10.com\/web\/supersalud-toma-posesion-de-la-eps-emssanar-por-finanzas-en-rojo-barreras-en-la-prestacion-del-servicio-e-incremento-de-quejas\/\"]}]},{\"@type\":\"ImageObject\",\"inLanguage\":\"es\",\"@id\":\"https:\/\/pagina10.com\/web\/supersalud-toma-posesion-de-la-eps-emssanar-por-finanzas-en-rojo-barreras-en-la-prestacion-del-servicio-e-incremento-de-quejas\/#primaryimage\",\"url\":\"https:\/\/pagina10.com\/web\/wp-content\/uploads\/2022\/02\/Captura-de-Pantalla-2022-02-02-a-las-2.17.12-p.-m..png\",\"contentUrl\":\"https:\/\/pagina10.com\/web\/wp-content\/uploads\/2022\/02\/Captura-de-Pantalla-2022-02-02-a-las-2.17.12-p.-m..png\",\"width\":748,\"height\":391},{\"@type\":\"BreadcrumbList\",\"@id\":\"https:\/\/pagina10.com\/web\/supersalud-toma-posesion-de-la-eps-emssanar-por-finanzas-en-rojo-barreras-en-la-prestacion-del-servicio-e-incremento-de-quejas\/#breadcrumb\",\"itemListElement\":[{\"@type\":\"ListItem\",\"position\":1,\"name\":\"Portada\",\"item\":\"https:\/\/pagina10.com\/web\/\"},{\"@type\":\"ListItem\",\"position\":2,\"name\":\"Supersalud toma posesi\u00f3n de la EPS Emssanar por finanzas en rojo, barreras en la prestaci\u00f3n del servicio e incremento de quejas.\"}]},{\"@type\":\"WebSite\",\"@id\":\"https:\/\/pagina10.com\/web\/#website\",\"url\":\"https:\/\/pagina10.com\/web\/\",\"name\":\"P\u00e1gina10\",\"description\":\"Peri\u00f3dico Regional\",\"publisher\":{\"@id\":\"https:\/\/pagina10.com\/web\/#organization\"},\"alternateName\":\"P\u00e1gina10 Peri\u00f3dico Regional\",\"potentialAction\":[{\"@type\":\"SearchAction\",\"target\":{\"@type\":\"EntryPoint\",\"urlTemplate\":\"https:\/\/pagina10.com\/web\/?s={search_term_string}\"},\"query-input\":{\"@type\":\"PropertyValueSpecification\",\"valueRequired\":true,\"valueName\":\"search_term_string\"}}],\"inLanguage\":\"es\"},{\"@type\":\"Organization\",\"@id\":\"https:\/\/pagina10.com\/web\/#organization\",\"name\":\"P\u00e1gina10\",\"alternateName\":\"P\u00e1gina10 Peri\u00f3dico Regional\",\"url\":\"https:\/\/pagina10.com\/web\/\",\"logo\":{\"@type\":\"ImageObject\",\"inLanguage\":\"es\",\"@id\":\"https:\/\/pagina10.com\/web\/#\/schema\/logo\/image\/\",\"url\":\"https:\/\/pagina10.com\/web\/wp-content\/uploads\/2024\/01\/40-pagina-10-periodico-regional-pasto.jpg\",\"contentUrl\":\"https:\/\/pagina10.com\/web\/wp-content\/uploads\/2024\/01\/40-pagina-10-periodico-regional-pasto.jpg\",\"width\":1280,\"height\":720,\"caption\":\"P\u00e1gina10\"},\"image\":{\"@id\":\"https:\/\/pagina10.com\/web\/#\/schema\/logo\/image\/\"},\"sameAs\":[\"https:\/\/www.facebook.com\/pag10com\",\"https:\/\/x.com\/Pag10com\",\"https:\/\/www.instagram.com\/pagina10col\/\",\"https:\/\/youtube.com\/channel\/pag10\",\"https:\/\/www.tiktok.com\/@p10col\"]},{\"@type\":\"Person\",\"@id\":\"https:\/\/pagina10.com\/web\/#\/schema\/person\/2efc4a090d25b667d3bc796798a3a81b\",\"name\":\"P\u00e1gina 10\",\"description\":\"P\u00e1gina 10 es un peri\u00f3dico regional que nace en Colombia, en el departamento de Nari\u00f1o, con un enfoque global, fundamentado en cuatro pilares esenciales: la libertad, el pluralismo, la inclusi\u00f3n y la independencia. P\u00e1gina 10 hace referencia a Nari\u00f1o como el d\u00e9cimo departamento creado en Colombia, despu\u00e9s de un proceso pol\u00edtico liderado por actores y actrices regionales con el fin de obtener la independencia y autonom\u00eda de nuestros territorios. Con la creaci\u00f3n de P\u00e1gina 10 se pretende abrir un escenario para el dialogo, la reflexi\u00f3n y el debate que se extienda a otras geograf\u00edas de Am\u00e9rica Latina y del planeta, en una apuesta por transformar colectivamente los desaf\u00edos de un mundo contempor\u00e1neo, m\u00e1s all\u00e1 de las fronteras impuestas.\",\"url\":\"https:\/\/pagina10.com\/web\/author\/pdiezadmin\/\"}]}<\/script>\n<!-- \/ Yoast SEO plugin. -->","yoast_head_json":{"title":"Supersalud toma posesi\u00f3n de la EPS Emssanar por finanzas en rojo, barreras en la prestaci\u00f3n del servicio e incremento de quejas. | P\u00e1gina10","robots":{"index":"index","follow":"follow","max-snippet":"max-snippet:-1","max-image-preview":"max-image-preview:large","max-video-preview":"max-video-preview:-1"},"canonical":"https:\/\/pagina10.com\/web\/supersalud-toma-posesion-de-la-eps-emssanar-por-finanzas-en-rojo-barreras-en-la-prestacion-del-servicio-e-incremento-de-quejas\/","og_locale":"es_ES","og_type":"article","og_title":"Supersalud toma posesi\u00f3n de la EPS Emssanar por finanzas en rojo, barreras en la prestaci\u00f3n del servicio e incremento de quejas. | P\u00e1gina10","og_description":"La Superintendencia Nacional de Salud orden\u00f3 hoy la toma de posesi\u00f3n inmediata de la EPS Emssanar que opera en el suroccidente del pa\u00eds, debido a la deteriorada situaci\u00f3n financiera en que se encuentra y al incremento de las tutelas y quejas por la nula mejor\u00eda de sus indicadores de salud, que afectan especialmente a los [&hellip;]","og_url":"https:\/\/pagina10.com\/web\/supersalud-toma-posesion-de-la-eps-emssanar-por-finanzas-en-rojo-barreras-en-la-prestacion-del-servicio-e-incremento-de-quejas\/","og_site_name":"P\u00e1gina10","article_publisher":"https:\/\/www.facebook.com\/pag10com","article_published_time":"2022-02-02T19:17:47+00:00","og_image":[{"width":748,"height":391,"url":"https:\/\/pagina10.com\/web\/wp-content\/uploads\/2022\/02\/Captura-de-Pantalla-2022-02-02-a-las-2.17.12-p.-m..png","type":"image\/png"}],"author":"P\u00e1gina 10","twitter_card":"summary_large_image","twitter_creator":"@Pag10com","twitter_site":"@Pag10com","twitter_misc":{"Escrito por":"P\u00e1gina 10","Tiempo de lectura":"5 minutos"},"schema":{"@context":"https:\/\/schema.org","@graph":[{"@type":"Article","@id":"https:\/\/pagina10.com\/web\/supersalud-toma-posesion-de-la-eps-emssanar-por-finanzas-en-rojo-barreras-en-la-prestacion-del-servicio-e-incremento-de-quejas\/#article","isPartOf":{"@id":"https:\/\/pagina10.com\/web\/supersalud-toma-posesion-de-la-eps-emssanar-por-finanzas-en-rojo-barreras-en-la-prestacion-del-servicio-e-incremento-de-quejas\/"},"author":{"name":"P\u00e1gina 10","@id":"https:\/\/pagina10.com\/web\/#\/schema\/person\/2efc4a090d25b667d3bc796798a3a81b"},"headline":"Supersalud toma posesi\u00f3n de la EPS Emssanar por finanzas en rojo, barreras en la prestaci\u00f3n del servicio e incremento de quejas.","datePublished":"2022-02-02T19:17:47+00:00","mainEntityOfPage":{"@id":"https:\/\/pagina10.com\/web\/supersalud-toma-posesion-de-la-eps-emssanar-por-finanzas-en-rojo-barreras-en-la-prestacion-del-servicio-e-incremento-de-quejas\/"},"wordCount":956,"commentCount":0,"publisher":{"@id":"https:\/\/pagina10.com\/web\/#organization"},"image":{"@id":"https:\/\/pagina10.com\/web\/supersalud-toma-posesion-de-la-eps-emssanar-por-finanzas-en-rojo-barreras-en-la-prestacion-del-servicio-e-incremento-de-quejas\/#primaryimage"},"thumbnailUrl":"https:\/\/pagina10.com\/web\/wp-content\/uploads\/2022\/02\/Captura-de-Pantalla-2022-02-02-a-las-2.17.12-p.-m..png","articleSection":["Regiones"],"inLanguage":"es","potentialAction":[{"@type":"CommentAction","name":"Comment","target":["https:\/\/pagina10.com\/web\/supersalud-toma-posesion-de-la-eps-emssanar-por-finanzas-en-rojo-barreras-en-la-prestacion-del-servicio-e-incremento-de-quejas\/#respond"]}]},{"@type":"WebPage","@id":"https:\/\/pagina10.com\/web\/supersalud-toma-posesion-de-la-eps-emssanar-por-finanzas-en-rojo-barreras-en-la-prestacion-del-servicio-e-incremento-de-quejas\/","url":"https:\/\/pagina10.com\/web\/supersalud-toma-posesion-de-la-eps-emssanar-por-finanzas-en-rojo-barreras-en-la-prestacion-del-servicio-e-incremento-de-quejas\/","name":"Supersalud toma posesi\u00f3n de la EPS Emssanar por finanzas en rojo, barreras en la prestaci\u00f3n del servicio e incremento de quejas. | P\u00e1gina10","isPartOf":{"@id":"https:\/\/pagina10.com\/web\/#website"},"primaryImageOfPage":{"@id":"https:\/\/pagina10.com\/web\/supersalud-toma-posesion-de-la-eps-emssanar-por-finanzas-en-rojo-barreras-en-la-prestacion-del-servicio-e-incremento-de-quejas\/#primaryimage"},"image":{"@id":"https:\/\/pagina10.com\/web\/supersalud-toma-posesion-de-la-eps-emssanar-por-finanzas-en-rojo-barreras-en-la-prestacion-del-servicio-e-incremento-de-quejas\/#primaryimage"},"thumbnailUrl":"https:\/\/pagina10.com\/web\/wp-content\/uploads\/2022\/02\/Captura-de-Pantalla-2022-02-02-a-las-2.17.12-p.-m..png","datePublished":"2022-02-02T19:17:47+00:00","breadcrumb":{"@id":"https:\/\/pagina10.com\/web\/supersalud-toma-posesion-de-la-eps-emssanar-por-finanzas-en-rojo-barreras-en-la-prestacion-del-servicio-e-incremento-de-quejas\/#breadcrumb"},"inLanguage":"es","potentialAction":[{"@type":"ReadAction","target":["https:\/\/pagina10.com\/web\/supersalud-toma-posesion-de-la-eps-emssanar-por-finanzas-en-rojo-barreras-en-la-prestacion-del-servicio-e-incremento-de-quejas\/"]}]},{"@type":"ImageObject","inLanguage":"es","@id":"https:\/\/pagina10.com\/web\/supersalud-toma-posesion-de-la-eps-emssanar-por-finanzas-en-rojo-barreras-en-la-prestacion-del-servicio-e-incremento-de-quejas\/#primaryimage","url":"https:\/\/pagina10.com\/web\/wp-content\/uploads\/2022\/02\/Captura-de-Pantalla-2022-02-02-a-las-2.17.12-p.-m..png","contentUrl":"https:\/\/pagina10.com\/web\/wp-content\/uploads\/2022\/02\/Captura-de-Pantalla-2022-02-02-a-las-2.17.12-p.-m..png","width":748,"height":391},{"@type":"BreadcrumbList","@id":"https:\/\/pagina10.com\/web\/supersalud-toma-posesion-de-la-eps-emssanar-por-finanzas-en-rojo-barreras-en-la-prestacion-del-servicio-e-incremento-de-quejas\/#breadcrumb","itemListElement":[{"@type":"ListItem","position":1,"name":"Portada","item":"https:\/\/pagina10.com\/web\/"},{"@type":"ListItem","position":2,"name":"Supersalud toma posesi\u00f3n de la EPS Emssanar por finanzas en rojo, barreras en la prestaci\u00f3n del servicio e incremento de quejas."}]},{"@type":"WebSite","@id":"https:\/\/pagina10.com\/web\/#website","url":"https:\/\/pagina10.com\/web\/","name":"P\u00e1gina10","description":"Peri\u00f3dico Regional","publisher":{"@id":"https:\/\/pagina10.com\/web\/#organization"},"alternateName":"P\u00e1gina10 Peri\u00f3dico Regional","potentialAction":[{"@type":"SearchAction","target":{"@type":"EntryPoint","urlTemplate":"https:\/\/pagina10.com\/web\/?s={search_term_string}"},"query-input":{"@type":"PropertyValueSpecification","valueRequired":true,"valueName":"search_term_string"}}],"inLanguage":"es"},{"@type":"Organization","@id":"https:\/\/pagina10.com\/web\/#organization","name":"P\u00e1gina10","alternateName":"P\u00e1gina10 Peri\u00f3dico Regional","url":"https:\/\/pagina10.com\/web\/","logo":{"@type":"ImageObject","inLanguage":"es","@id":"https:\/\/pagina10.com\/web\/#\/schema\/logo\/image\/","url":"https:\/\/pagina10.com\/web\/wp-content\/uploads\/2024\/01\/40-pagina-10-periodico-regional-pasto.jpg","contentUrl":"https:\/\/pagina10.com\/web\/wp-content\/uploads\/2024\/01\/40-pagina-10-periodico-regional-pasto.jpg","width":1280,"height":720,"caption":"P\u00e1gina10"},"image":{"@id":"https:\/\/pagina10.com\/web\/#\/schema\/logo\/image\/"},"sameAs":["https:\/\/www.facebook.com\/pag10com","https:\/\/x.com\/Pag10com","https:\/\/www.instagram.com\/pagina10col\/","https:\/\/youtube.com\/channel\/pag10","https:\/\/www.tiktok.com\/@p10col"]},{"@type":"Person","@id":"https:\/\/pagina10.com\/web\/#\/schema\/person\/2efc4a090d25b667d3bc796798a3a81b","name":"P\u00e1gina 10","description":"P\u00e1gina 10 es un peri\u00f3dico regional que nace en Colombia, en el departamento de Nari\u00f1o, con un enfoque global, fundamentado en cuatro pilares esenciales: la libertad, el pluralismo, la inclusi\u00f3n y la independencia. P\u00e1gina 10 hace referencia a Nari\u00f1o como el d\u00e9cimo departamento creado en Colombia, despu\u00e9s de un proceso pol\u00edtico liderado por actores y actrices regionales con el fin de obtener la independencia y autonom\u00eda de nuestros territorios. Con la creaci\u00f3n de P\u00e1gina 10 se pretende abrir un escenario para el dialogo, la reflexi\u00f3n y el debate que se extienda a otras geograf\u00edas de Am\u00e9rica Latina y del planeta, en una apuesta por transformar colectivamente los desaf\u00edos de un mundo contempor\u00e1neo, m\u00e1s all\u00e1 de las fronteras impuestas.","url":"https:\/\/pagina10.com\/web\/author\/pdiezadmin\/"}]}},"_links":{"self":[{"href":"https:\/\/pagina10.com\/web\/wp-json\/wp\/v2\/posts\/58003","targetHints":{"allow":["GET"]}}],"collection":[{"href":"https:\/\/pagina10.com\/web\/wp-json\/wp\/v2\/posts"}],"about":[{"href":"https:\/\/pagina10.com\/web\/wp-json\/wp\/v2\/types\/post"}],"author":[{"embeddable":true,"href":"https:\/\/pagina10.com\/web\/wp-json\/wp\/v2\/users\/1"}],"replies":[{"embeddable":true,"href":"https:\/\/pagina10.com\/web\/wp-json\/wp\/v2\/comments?post=58003"}],"version-history":[{"count":1,"href":"https:\/\/pagina10.com\/web\/wp-json\/wp\/v2\/posts\/58003\/revisions"}],"predecessor-version":[{"id":58005,"href":"https:\/\/pagina10.com\/web\/wp-json\/wp\/v2\/posts\/58003\/revisions\/58005"}],"wp:featuredmedia":[{"embeddable":true,"href":"https:\/\/pagina10.com\/web\/wp-json\/wp\/v2\/media\/58004"}],"wp:attachment":[{"href":"https:\/\/pagina10.com\/web\/wp-json\/wp\/v2\/media?parent=58003"}],"wp:term":[{"taxonomy":"category","embeddable":true,"href":"https:\/\/pagina10.com\/web\/wp-json\/wp\/v2\/categories?post=58003"},{"taxonomy":"post_tag","embeddable":true,"href":"https:\/\/pagina10.com\/web\/wp-json\/wp\/v2\/tags?post=58003"}],"curies":[{"name":"wp","href":"https:\/\/api.w.org\/{rel}","templated":true}]}}