{"id":58009,"date":"2022-02-03T12:07:24","date_gmt":"2022-02-03T17:07:24","guid":{"rendered":"https:\/\/pagina10.com\/web\/?p=58009"},"modified":"2022-02-03T12:07:24","modified_gmt":"2022-02-03T17:07:24","slug":"rechazan-homicidio-de-concejal-de-cordoba","status":"publish","type":"post","link":"https:\/\/pagina10.com\/web\/rechazan-homicidio-de-concejal-de-cordoba\/","title":{"rendered":"Rechazan homicidio de Concejal de C\u00f3rdoba"},"content":{"rendered":"<p style=\"text-align: justify;\">En las \u00faltimas horas en hechos que son materia de investigaci\u00f3n fue asesinado el Presidente del Concejo municipal de C\u00f3rdoba, Julio Cesar Bravo Benavidez.<\/p>\n<p style=\"text-align: justify;\">El Secretario de Gobierno de Nari\u00f1o, Amilcar Pantoja, expres\u00f3 su sentimiento de condolencias a los familiares del l\u00edder y manifest\u00f3 que las autoridades investigan los m\u00f3viles de este crimen.<br \/>\nDesde la Gobernaci\u00f3n de Nari\u00f1o, la Alcald\u00eda de C\u00f3rdoba y la Polic\u00eda, se ha dispuesto una recompensa de $30.000.000 por informaci\u00f3n que permita identificar a los autores de este hecho. Seg\u00fan el informe preliminar el homicidio se present\u00f3 en la vereda Guitongal del municipio de C\u00f3rdoba.<\/p>\n<div style=\"text-align: justify;\">\nJulio C\u00e9sar Bravo pertenec\u00eda al Cabildo Ind\u00edgena de Males y militaba en el partido Aico, en el momento se desempe\u00f1aba como Presidente del Concejo de C\u00f3rdoba.<br \/>\nPaz en su tumba.<\/div>\n","protected":false},"excerpt":{"rendered":"<p>En las \u00faltimas horas en hechos que son materia de investigaci\u00f3n fue asesinado el Presidente del Concejo municipal de C\u00f3rdoba, Julio Cesar Bravo Benavidez. El Secretario de Gobierno de Nari\u00f1o, Amilcar Pantoja, expres\u00f3 su sentimiento de condolencias a los familiares del l\u00edder y manifest\u00f3 que las autoridades investigan los m\u00f3viles de este crimen. Desde la [&hellip;]<\/p>\n","protected":false},"author":1,"featured_media":58010,"comment_status":"open","ping_status":"open","sticky":false,"template":"","format":"standard","meta":{"footnotes":""},"categories":[53],"tags":[],"class_list":["post-58009","post","type-post","status-publish","format-standard","has-post-thumbnail","hentry","category-regiones"],"yoast_head":"<!-- This site is optimized with the Yoast SEO plugin v27.1.1 - https:\/\/yoast.com\/product\/yoast-seo-wordpress\/ -->\n<title>Rechazan homicidio de Concejal de C\u00f3rdoba | P\u00e1gina10<\/title>\n<meta name=\"robots\" content=\"index, follow, max-snippet:-1, max-image-preview:large, max-video-preview:-1\" \/>\n<link rel=\"canonical\" href=\"https:\/\/pagina10.com\/web\/rechazan-homicidio-de-concejal-de-cordoba\/\" \/>\n<meta property=\"og:locale\" content=\"es_ES\" \/>\n<meta property=\"og:type\" content=\"article\" \/>\n<meta property=\"og:title\" content=\"Rechazan homicidio de Concejal de C\u00f3rdoba | P\u00e1gina10\" \/>\n<meta property=\"og:description\" content=\"En las \u00faltimas horas en hechos que son materia de investigaci\u00f3n fue asesinado el Presidente del Concejo municipal de C\u00f3rdoba, Julio Cesar Bravo Benavidez. El Secretario de Gobierno de Nari\u00f1o, Amilcar Pantoja, expres\u00f3 su sentimiento de condolencias a los familiares del l\u00edder y manifest\u00f3 que las autoridades investigan los m\u00f3viles de este crimen. Desde la [&hellip;]\" \/>\n<meta property=\"og:url\" content=\"https:\/\/pagina10.com\/web\/rechazan-homicidio-de-concejal-de-cordoba\/\" \/>\n<meta property=\"og:site_name\" content=\"P\u00e1gina10\" \/>\n<meta property=\"article:publisher\" content=\"https:\/\/www.facebook.com\/pag10com\" \/>\n<meta property=\"article:published_time\" content=\"2022-02-03T17:07:24+00:00\" \/>\n<meta property=\"og:image\" content=\"https:\/\/pagina10.com\/web\/wp-content\/uploads\/2022\/02\/Captura-de-Pantalla-2022-02-03-a-las-12.06.38-p.-m..png\" \/>\n\t<meta property=\"og:image:width\" content=\"565\" \/>\n\t<meta property=\"og:image:height\" content=\"386\" \/>\n\t<meta property=\"og:image:type\" content=\"image\/png\" \/>\n<meta name=\"author\" content=\"P\u00e1gina 10\" \/>\n<meta name=\"twitter:card\" content=\"summary_large_image\" \/>\n<meta name=\"twitter:creator\" content=\"@Pag10com\" \/>\n<meta name=\"twitter:site\" content=\"@Pag10com\" \/>\n<meta name=\"twitter:label1\" content=\"Escrito por\" \/>\n\t<meta name=\"twitter:data1\" content=\"P\u00e1gina 10\" \/>\n\t<meta name=\"twitter:label2\" content=\"Tiempo de lectura\" \/>\n\t<meta name=\"twitter:data2\" content=\"1 minuto\" \/>\n<script type=\"application\/ld+json\" class=\"yoast-schema-graph\">{\"@context\":\"https:\/\/schema.org\",\"@graph\":[{\"@type\":\"Article\",\"@id\":\"https:\/\/pagina10.com\/web\/rechazan-homicidio-de-concejal-de-cordoba\/#article\",\"isPartOf\":{\"@id\":\"https:\/\/pagina10.com\/web\/rechazan-homicidio-de-concejal-de-cordoba\/\"},\"author\":{\"name\":\"P\u00e1gina 10\",\"@id\":\"https:\/\/pagina10.com\/web\/#\/schema\/person\/2efc4a090d25b667d3bc796798a3a81b\"},\"headline\":\"Rechazan homicidio de Concejal de C\u00f3rdoba\",\"datePublished\":\"2022-02-03T17:07:24+00:00\",\"mainEntityOfPage\":{\"@id\":\"https:\/\/pagina10.com\/web\/rechazan-homicidio-de-concejal-de-cordoba\/\"},\"wordCount\":153,\"commentCount\":0,\"publisher\":{\"@id\":\"https:\/\/pagina10.com\/web\/#organization\"},\"image\":{\"@id\":\"https:\/\/pagina10.com\/web\/rechazan-homicidio-de-concejal-de-cordoba\/#primaryimage\"},\"thumbnailUrl\":\"https:\/\/pagina10.com\/web\/wp-content\/uploads\/2022\/02\/Captura-de-Pantalla-2022-02-03-a-las-12.06.38-p.-m..png\",\"articleSection\":[\"Regiones\"],\"inLanguage\":\"es\",\"potentialAction\":[{\"@type\":\"CommentAction\",\"name\":\"Comment\",\"target\":[\"https:\/\/pagina10.com\/web\/rechazan-homicidio-de-concejal-de-cordoba\/#respond\"]}]},{\"@type\":\"WebPage\",\"@id\":\"https:\/\/pagina10.com\/web\/rechazan-homicidio-de-concejal-de-cordoba\/\",\"url\":\"https:\/\/pagina10.com\/web\/rechazan-homicidio-de-concejal-de-cordoba\/\",\"name\":\"Rechazan homicidio de Concejal de C\u00f3rdoba | P\u00e1gina10\",\"isPartOf\":{\"@id\":\"https:\/\/pagina10.com\/web\/#website\"},\"primaryImageOfPage\":{\"@id\":\"https:\/\/pagina10.com\/web\/rechazan-homicidio-de-concejal-de-cordoba\/#primaryimage\"},\"image\":{\"@id\":\"https:\/\/pagina10.com\/web\/rechazan-homicidio-de-concejal-de-cordoba\/#primaryimage\"},\"thumbnailUrl\":\"https:\/\/pagina10.com\/web\/wp-content\/uploads\/2022\/02\/Captura-de-Pantalla-2022-02-03-a-las-12.06.38-p.-m..png\",\"datePublished\":\"2022-02-03T17:07:24+00:00\",\"breadcrumb\":{\"@id\":\"https:\/\/pagina10.com\/web\/rechazan-homicidio-de-concejal-de-cordoba\/#breadcrumb\"},\"inLanguage\":\"es\",\"potentialAction\":[{\"@type\":\"ReadAction\",\"target\":[\"https:\/\/pagina10.com\/web\/rechazan-homicidio-de-concejal-de-cordoba\/\"]}]},{\"@type\":\"ImageObject\",\"inLanguage\":\"es\",\"@id\":\"https:\/\/pagina10.com\/web\/rechazan-homicidio-de-concejal-de-cordoba\/#primaryimage\",\"url\":\"https:\/\/pagina10.com\/web\/wp-content\/uploads\/2022\/02\/Captura-de-Pantalla-2022-02-03-a-las-12.06.38-p.-m..png\",\"contentUrl\":\"https:\/\/pagina10.com\/web\/wp-content\/uploads\/2022\/02\/Captura-de-Pantalla-2022-02-03-a-las-12.06.38-p.-m..png\",\"width\":565,\"height\":386},{\"@type\":\"BreadcrumbList\",\"@id\":\"https:\/\/pagina10.com\/web\/rechazan-homicidio-de-concejal-de-cordoba\/#breadcrumb\",\"itemListElement\":[{\"@type\":\"ListItem\",\"position\":1,\"name\":\"Portada\",\"item\":\"https:\/\/pagina10.com\/web\/\"},{\"@type\":\"ListItem\",\"position\":2,\"name\":\"Rechazan homicidio de Concejal de C\u00f3rdoba\"}]},{\"@type\":\"WebSite\",\"@id\":\"https:\/\/pagina10.com\/web\/#website\",\"url\":\"https:\/\/pagina10.com\/web\/\",\"name\":\"P\u00e1gina10\",\"description\":\"Peri\u00f3dico Regional\",\"publisher\":{\"@id\":\"https:\/\/pagina10.com\/web\/#organization\"},\"alternateName\":\"P\u00e1gina10 Peri\u00f3dico Regional\",\"potentialAction\":[{\"@type\":\"SearchAction\",\"target\":{\"@type\":\"EntryPoint\",\"urlTemplate\":\"https:\/\/pagina10.com\/web\/?s={search_term_string}\"},\"query-input\":{\"@type\":\"PropertyValueSpecification\",\"valueRequired\":true,\"valueName\":\"search_term_string\"}}],\"inLanguage\":\"es\"},{\"@type\":\"Organization\",\"@id\":\"https:\/\/pagina10.com\/web\/#organization\",\"name\":\"P\u00e1gina10\",\"alternateName\":\"P\u00e1gina10 Peri\u00f3dico Regional\",\"url\":\"https:\/\/pagina10.com\/web\/\",\"logo\":{\"@type\":\"ImageObject\",\"inLanguage\":\"es\",\"@id\":\"https:\/\/pagina10.com\/web\/#\/schema\/logo\/image\/\",\"url\":\"https:\/\/pagina10.com\/web\/wp-content\/uploads\/2024\/01\/40-pagina-10-periodico-regional-pasto.jpg\",\"contentUrl\":\"https:\/\/pagina10.com\/web\/wp-content\/uploads\/2024\/01\/40-pagina-10-periodico-regional-pasto.jpg\",\"width\":1280,\"height\":720,\"caption\":\"P\u00e1gina10\"},\"image\":{\"@id\":\"https:\/\/pagina10.com\/web\/#\/schema\/logo\/image\/\"},\"sameAs\":[\"https:\/\/www.facebook.com\/pag10com\",\"https:\/\/x.com\/Pag10com\",\"https:\/\/www.instagram.com\/pagina10col\/\",\"https:\/\/youtube.com\/channel\/pag10\",\"https:\/\/www.tiktok.com\/@p10col\"]},{\"@type\":\"Person\",\"@id\":\"https:\/\/pagina10.com\/web\/#\/schema\/person\/2efc4a090d25b667d3bc796798a3a81b\",\"name\":\"P\u00e1gina 10\",\"description\":\"P\u00e1gina 10 es un peri\u00f3dico regional que nace en Colombia, en el departamento de Nari\u00f1o, con un enfoque global, fundamentado en cuatro pilares esenciales: la libertad, el pluralismo, la inclusi\u00f3n y la independencia. P\u00e1gina 10 hace referencia a Nari\u00f1o como el d\u00e9cimo departamento creado en Colombia, despu\u00e9s de un proceso pol\u00edtico liderado por actores y actrices regionales con el fin de obtener la independencia y autonom\u00eda de nuestros territorios. Con la creaci\u00f3n de P\u00e1gina 10 se pretende abrir un escenario para el dialogo, la reflexi\u00f3n y el debate que se extienda a otras geograf\u00edas de Am\u00e9rica Latina y del planeta, en una apuesta por transformar colectivamente los desaf\u00edos de un mundo contempor\u00e1neo, m\u00e1s all\u00e1 de las fronteras impuestas.\",\"url\":\"https:\/\/pagina10.com\/web\/author\/pdiezadmin\/\"}]}<\/script>\n<!-- \/ Yoast SEO plugin. -->","yoast_head_json":{"title":"Rechazan homicidio de Concejal de C\u00f3rdoba | P\u00e1gina10","robots":{"index":"index","follow":"follow","max-snippet":"max-snippet:-1","max-image-preview":"max-image-preview:large","max-video-preview":"max-video-preview:-1"},"canonical":"https:\/\/pagina10.com\/web\/rechazan-homicidio-de-concejal-de-cordoba\/","og_locale":"es_ES","og_type":"article","og_title":"Rechazan homicidio de Concejal de C\u00f3rdoba | P\u00e1gina10","og_description":"En las \u00faltimas horas en hechos que son materia de investigaci\u00f3n fue asesinado el Presidente del Concejo municipal de C\u00f3rdoba, Julio Cesar Bravo Benavidez. El Secretario de Gobierno de Nari\u00f1o, Amilcar Pantoja, expres\u00f3 su sentimiento de condolencias a los familiares del l\u00edder y manifest\u00f3 que las autoridades investigan los m\u00f3viles de este crimen. Desde la [&hellip;]","og_url":"https:\/\/pagina10.com\/web\/rechazan-homicidio-de-concejal-de-cordoba\/","og_site_name":"P\u00e1gina10","article_publisher":"https:\/\/www.facebook.com\/pag10com","article_published_time":"2022-02-03T17:07:24+00:00","og_image":[{"width":565,"height":386,"url":"https:\/\/pagina10.com\/web\/wp-content\/uploads\/2022\/02\/Captura-de-Pantalla-2022-02-03-a-las-12.06.38-p.-m..png","type":"image\/png"}],"author":"P\u00e1gina 10","twitter_card":"summary_large_image","twitter_creator":"@Pag10com","twitter_site":"@Pag10com","twitter_misc":{"Escrito por":"P\u00e1gina 10","Tiempo de lectura":"1 minuto"},"schema":{"@context":"https:\/\/schema.org","@graph":[{"@type":"Article","@id":"https:\/\/pagina10.com\/web\/rechazan-homicidio-de-concejal-de-cordoba\/#article","isPartOf":{"@id":"https:\/\/pagina10.com\/web\/rechazan-homicidio-de-concejal-de-cordoba\/"},"author":{"name":"P\u00e1gina 10","@id":"https:\/\/pagina10.com\/web\/#\/schema\/person\/2efc4a090d25b667d3bc796798a3a81b"},"headline":"Rechazan homicidio de Concejal de C\u00f3rdoba","datePublished":"2022-02-03T17:07:24+00:00","mainEntityOfPage":{"@id":"https:\/\/pagina10.com\/web\/rechazan-homicidio-de-concejal-de-cordoba\/"},"wordCount":153,"commentCount":0,"publisher":{"@id":"https:\/\/pagina10.com\/web\/#organization"},"image":{"@id":"https:\/\/pagina10.com\/web\/rechazan-homicidio-de-concejal-de-cordoba\/#primaryimage"},"thumbnailUrl":"https:\/\/pagina10.com\/web\/wp-content\/uploads\/2022\/02\/Captura-de-Pantalla-2022-02-03-a-las-12.06.38-p.-m..png","articleSection":["Regiones"],"inLanguage":"es","potentialAction":[{"@type":"CommentAction","name":"Comment","target":["https:\/\/pagina10.com\/web\/rechazan-homicidio-de-concejal-de-cordoba\/#respond"]}]},{"@type":"WebPage","@id":"https:\/\/pagina10.com\/web\/rechazan-homicidio-de-concejal-de-cordoba\/","url":"https:\/\/pagina10.com\/web\/rechazan-homicidio-de-concejal-de-cordoba\/","name":"Rechazan homicidio de Concejal de C\u00f3rdoba | P\u00e1gina10","isPartOf":{"@id":"https:\/\/pagina10.com\/web\/#website"},"primaryImageOfPage":{"@id":"https:\/\/pagina10.com\/web\/rechazan-homicidio-de-concejal-de-cordoba\/#primaryimage"},"image":{"@id":"https:\/\/pagina10.com\/web\/rechazan-homicidio-de-concejal-de-cordoba\/#primaryimage"},"thumbnailUrl":"https:\/\/pagina10.com\/web\/wp-content\/uploads\/2022\/02\/Captura-de-Pantalla-2022-02-03-a-las-12.06.38-p.-m..png","datePublished":"2022-02-03T17:07:24+00:00","breadcrumb":{"@id":"https:\/\/pagina10.com\/web\/rechazan-homicidio-de-concejal-de-cordoba\/#breadcrumb"},"inLanguage":"es","potentialAction":[{"@type":"ReadAction","target":["https:\/\/pagina10.com\/web\/rechazan-homicidio-de-concejal-de-cordoba\/"]}]},{"@type":"ImageObject","inLanguage":"es","@id":"https:\/\/pagina10.com\/web\/rechazan-homicidio-de-concejal-de-cordoba\/#primaryimage","url":"https:\/\/pagina10.com\/web\/wp-content\/uploads\/2022\/02\/Captura-de-Pantalla-2022-02-03-a-las-12.06.38-p.-m..png","contentUrl":"https:\/\/pagina10.com\/web\/wp-content\/uploads\/2022\/02\/Captura-de-Pantalla-2022-02-03-a-las-12.06.38-p.-m..png","width":565,"height":386},{"@type":"BreadcrumbList","@id":"https:\/\/pagina10.com\/web\/rechazan-homicidio-de-concejal-de-cordoba\/#breadcrumb","itemListElement":[{"@type":"ListItem","position":1,"name":"Portada","item":"https:\/\/pagina10.com\/web\/"},{"@type":"ListItem","position":2,"name":"Rechazan homicidio de Concejal de C\u00f3rdoba"}]},{"@type":"WebSite","@id":"https:\/\/pagina10.com\/web\/#website","url":"https:\/\/pagina10.com\/web\/","name":"P\u00e1gina10","description":"Peri\u00f3dico Regional","publisher":{"@id":"https:\/\/pagina10.com\/web\/#organization"},"alternateName":"P\u00e1gina10 Peri\u00f3dico Regional","potentialAction":[{"@type":"SearchAction","target":{"@type":"EntryPoint","urlTemplate":"https:\/\/pagina10.com\/web\/?s={search_term_string}"},"query-input":{"@type":"PropertyValueSpecification","valueRequired":true,"valueName":"search_term_string"}}],"inLanguage":"es"},{"@type":"Organization","@id":"https:\/\/pagina10.com\/web\/#organization","name":"P\u00e1gina10","alternateName":"P\u00e1gina10 Peri\u00f3dico Regional","url":"https:\/\/pagina10.com\/web\/","logo":{"@type":"ImageObject","inLanguage":"es","@id":"https:\/\/pagina10.com\/web\/#\/schema\/logo\/image\/","url":"https:\/\/pagina10.com\/web\/wp-content\/uploads\/2024\/01\/40-pagina-10-periodico-regional-pasto.jpg","contentUrl":"https:\/\/pagina10.com\/web\/wp-content\/uploads\/2024\/01\/40-pagina-10-periodico-regional-pasto.jpg","width":1280,"height":720,"caption":"P\u00e1gina10"},"image":{"@id":"https:\/\/pagina10.com\/web\/#\/schema\/logo\/image\/"},"sameAs":["https:\/\/www.facebook.com\/pag10com","https:\/\/x.com\/Pag10com","https:\/\/www.instagram.com\/pagina10col\/","https:\/\/youtube.com\/channel\/pag10","https:\/\/www.tiktok.com\/@p10col"]},{"@type":"Person","@id":"https:\/\/pagina10.com\/web\/#\/schema\/person\/2efc4a090d25b667d3bc796798a3a81b","name":"P\u00e1gina 10","description":"P\u00e1gina 10 es un peri\u00f3dico regional que nace en Colombia, en el departamento de Nari\u00f1o, con un enfoque global, fundamentado en cuatro pilares esenciales: la libertad, el pluralismo, la inclusi\u00f3n y la independencia. P\u00e1gina 10 hace referencia a Nari\u00f1o como el d\u00e9cimo departamento creado en Colombia, despu\u00e9s de un proceso pol\u00edtico liderado por actores y actrices regionales con el fin de obtener la independencia y autonom\u00eda de nuestros territorios. Con la creaci\u00f3n de P\u00e1gina 10 se pretende abrir un escenario para el dialogo, la reflexi\u00f3n y el debate que se extienda a otras geograf\u00edas de Am\u00e9rica Latina y del planeta, en una apuesta por transformar colectivamente los desaf\u00edos de un mundo contempor\u00e1neo, m\u00e1s all\u00e1 de las fronteras impuestas.","url":"https:\/\/pagina10.com\/web\/author\/pdiezadmin\/"}]}},"_links":{"self":[{"href":"https:\/\/pagina10.com\/web\/wp-json\/wp\/v2\/posts\/58009","targetHints":{"allow":["GET"]}}],"collection":[{"href":"https:\/\/pagina10.com\/web\/wp-json\/wp\/v2\/posts"}],"about":[{"href":"https:\/\/pagina10.com\/web\/wp-json\/wp\/v2\/types\/post"}],"author":[{"embeddable":true,"href":"https:\/\/pagina10.com\/web\/wp-json\/wp\/v2\/users\/1"}],"replies":[{"embeddable":true,"href":"https:\/\/pagina10.com\/web\/wp-json\/wp\/v2\/comments?post=58009"}],"version-history":[{"count":1,"href":"https:\/\/pagina10.com\/web\/wp-json\/wp\/v2\/posts\/58009\/revisions"}],"predecessor-version":[{"id":58011,"href":"https:\/\/pagina10.com\/web\/wp-json\/wp\/v2\/posts\/58009\/revisions\/58011"}],"wp:featuredmedia":[{"embeddable":true,"href":"https:\/\/pagina10.com\/web\/wp-json\/wp\/v2\/media\/58010"}],"wp:attachment":[{"href":"https:\/\/pagina10.com\/web\/wp-json\/wp\/v2\/media?parent=58009"}],"wp:term":[{"taxonomy":"category","embeddable":true,"href":"https:\/\/pagina10.com\/web\/wp-json\/wp\/v2\/categories?post=58009"},{"taxonomy":"post_tag","embeddable":true,"href":"https:\/\/pagina10.com\/web\/wp-json\/wp\/v2\/tags?post=58009"}],"curies":[{"name":"wp","href":"https:\/\/api.w.org\/{rel}","templated":true}]}}