{"id":58012,"date":"2022-02-03T14:29:34","date_gmt":"2022-02-03T19:29:34","guid":{"rendered":"https:\/\/pagina10.com\/web\/?p=58012"},"modified":"2022-02-03T14:29:34","modified_gmt":"2022-02-03T19:29:34","slug":"riesgo-electoral-extremo-en-narino-el-reto-de-hacer-campana-por-la-paz-en-zonas-de-guerra","status":"publish","type":"post","link":"https:\/\/pagina10.com\/web\/riesgo-electoral-extremo-en-narino-el-reto-de-hacer-campana-por-la-paz-en-zonas-de-guerra\/","title":{"rendered":"Riesgo electoral extremo en Nari\u00f1o: el reto de hacer campa\u00f1a por la paz en zonas de guerra"},"content":{"rendered":"<p style=\"text-align: justify;\"><a href=\"https:\/\/www.fundepaz.org\/riesgo-electoral-extremo-en-narino-el-reto-de-hacer-campana-por-la-paz-en-zonas-de-guerra\/\">Por: Fundepaz<\/a><\/p>\n<p style=\"text-align: justify;\">El anhelado sue\u00f1o de las v\u00edctimas del conflicto armado de tener representaci\u00f3n especial en el Congreso de la Rep\u00fablica como un mecanismo que contribuya a su reparaci\u00f3n, tuvo que recorrer un largo trecho desde que qued\u00f3 consignado en el Acuerdo de Paz firmado con las FARC-EP en el a\u00f1o 2016. Cabe recordar que el proyecto de acto legislativo que cre\u00f3 las curules de paz se tramit\u00f3 en el Congreso en el 2017, en el marco del llamado fast track o v\u00eda r\u00e1pida. No obstante, en el \u00faltimo debate en la plenaria del Senado, en noviembre de ese a\u00f1o, hubo una diferencia de interpretaciones sobre la cantidad de votos necesarios para su aprobaci\u00f3n, consider\u00e1ndose en aquel momento que el proyecto se hab\u00eda archivado.<\/p>\n<p style=\"text-align: justify;\">En respuesta a lo anterior, en el a\u00f1o 2019 el senador Roy Barreras y el se\u00f1or Guillermo Rivera interpusieron una acci\u00f3n de tutela con el fin de revivir la posibilidad de las curules en la C\u00e1mara de Representantes para las v\u00edctimas del conflicto armado. Finalmente, la Corte Constitucional, en su sentencia SU-150 de mayo de 2021, y el Consejo de Estado, en su decisi\u00f3n 110010324000 2017-00474 00 de julio 2021, avalaron de forma separada la existencia de las 16 curules de paz en la C\u00e1mara de Representantes y le dieron v\u00eda libre a su elecci\u00f3n.<\/p>\n<p style=\"text-align: justify;\">Conforme a lo anterior, el Congreso de la Rep\u00fablica expidi\u00f3 en agosto del a\u00f1o pasado el Acto Legislativo 02 con el cual se crea 16 Circunscripciones Transitorios Especiales de Paz en la C\u00e1mara de Representantes para los per\u00edodos constitucionales 2022-2026 y 2026-2030. En lo que al departamento de Nari\u00f1o ata\u00f1e, la Circunscripci\u00f3n 1, adem\u00e1s de 17 municipios del Cauca y 2 municipios del Valle, incluye los municipios de Cumbitara, El Rosario, Leiva, Los Andes y Policarpa. Por su parte la Circunscripci\u00f3n 10 est\u00e1 constituida por 11 municipios del departamento de Nari\u00f1o, a saber: Barbacoas, El Charco, La Tola, Mag\u00fc\u00ed, Mosquera, Olaya Herrera, Francisco Pizarro, Ricaurte, Roberto Pay\u00e1n, Santa B\u00e1rbara y Tumaco<sup>1<\/sup>.<\/p>\n<p style=\"text-align: justify;\"><strong>Candidatos\/as a las Circunscripciones de Paz<br \/>\nNari\u00f1o 2022-2026 y 2026-2030<\/strong><\/p>\n<figure class=\"wp-block-image size-full\" style=\"text-align: justify;\"><img fetchpriority=\"high\" decoding=\"async\" class=\"wp-image-908\" src=\"https:\/\/www.fundepaz.org\/wp-content\/uploads\/2022\/01\/Tabla-1.png\" sizes=\"(max-width: 892px) 100vw, 892px\" srcset=\"https:\/\/www.fundepaz.org\/wp-content\/uploads\/2022\/01\/Tabla-1.png 892w, https:\/\/www.fundepaz.org\/wp-content\/uploads\/2022\/01\/Tabla-1-300x270.png 300w, https:\/\/www.fundepaz.org\/wp-content\/uploads\/2022\/01\/Tabla-1-768x692.png 768w\" alt=\"\" width=\"892\" height=\"804\" \/><\/figure>\n<p class=\"has-small-font-size\" style=\"text-align: justify;\"><strong>Fuente:\u00a0<\/strong>Registradur\u00eda Nacional del Estado Civil<\/p>\n<p style=\"text-align: justify;\">De acuerdo con la Registradur\u00eda, en total son 398 candidatos y candidatas los que se disputar\u00e1n en todo el pa\u00eds las 16 Circunscripciones Transitorias Especiales de Paz (CTEP), que estar\u00e1n en los per\u00edodos 2022-2026 y 2026-2030, como se pact\u00f3 en el Acuerdo de Paz. Para el caso de Nari\u00f1o son 22 candidatos, 11 mujeres y 11 hombres en representaci\u00f3n de 11 organizaciones sociales de base (organizaciones de v\u00edctimas, organizaciones etnicoterritoriales)<\/p>\n<p style=\"text-align: justify;\">Dado lo in\u00e9dito de este proceso y las complejidades de los territorios priorizados, las y los candidatos a las circunscripciones de paz en Nari\u00f1o as\u00ed como en otras regiones del pa\u00eds deber\u00e1n enfrentar numerosos retos, entre otros tales como , la inexperiencia de la mayor\u00eda de ellos en procesos electorales, la extensi\u00f3n de los territorios a cubrir y la subsecuente dispersi\u00f3n de la poblaci\u00f3n, la d\u00e9bil cultura participativa de la poblaci\u00f3n, incluyendo pr\u00e1cticas electorales ilegales, la falta de financiaci\u00f3n y sobre todo, las garant\u00eda de seguridad por el deterioro del orden p\u00fablico.<\/p>\n<p style=\"text-align: justify;\">Algunos candidatos para las CTEP en Nari\u00f1o han expresado que hasta el momento han sido escasos los ejercicios pedag\u00f3gicos para la poblaci\u00f3n en general respecto sobre el proceso electoral y formativos para los candidatos en particular. Salvo un conversatorio realizado en el mes de diciembre del a\u00f1o pasado, han sido insuficientes los procesos de fortalecimiento de competencias ciudadanas sobre el proceso electoral por lo que existe un alto desconocimiento al respecto. Dado que el tema es nuevo, las y los candidatos han expresado la necesidad de espacios de formaci\u00f3n pues hay desconocimiento sobre c\u00f3mo presentar las cuentas de la campa\u00f1a de manera correcta, como abordar las donaciones, etc\u00e9tera.<\/p>\n<p style=\"text-align: justify;\">Al respecto algunos candidatos como la lideresa Carmen Olaya, ex coordinadora de la Mesa de V\u00edctimas de Tumaco y Nari\u00f1o, han coincidido en que no hay claridad en el proceso para acceder a la financiaci\u00f3n del Estado, incluyendo la apertura de cuentas bancarias o la presentaci\u00f3n de p\u00f3lizas, lo cual ha dificultado el acceso a los anticipos en recursos para adelantar la campa\u00f1a. Al respecto, el candidato Edgar Vidal, expres\u00f3 que es il\u00f3gico que el Gobierno Nacional equipare a las organizaciones sociales a trav\u00e9s de las cuales se avalaron sus candidaturas con los partidos pol\u00edticos tradicionales, los cuales tienen una estructura y un m\u00fasculo financiero que le facilita el acceso a la financiaci\u00f3n del Estado para las campa\u00f1as. Tal situaci\u00f3n ha repercutido en que no haya recursos para garantizar el desplazamiento seguro de las y los candidatos hacia las zonas rurales alejadas de los cascos urbanos para establecer el di\u00e1logo con las comunidades ni para garantizar un m\u00ednimo operativo en tal medida que algunos de los candidatos no poseen una sede f\u00edsica donde atender a las personas.<\/p>\n<p style=\"text-align: justify;\">La extensi\u00f3n del territorio es un reto en tanto que, de acuerdo con el Acto Legislativo 02, para las elecciones de las CTEP se excluir\u00e1n las cabeceras municipales de cada uno de los municipios que la conforman y \u00fanicamente se habilitar\u00e1n los puestos de votaci\u00f3n y el censo electoral de la zona rural. Al respecto hay que tener en cuenta que tan solo el municipio de Tumaco tiene una extensi\u00f3n de 3.778 km2 con 364 veredas<sup>2<\/sup>\u00a0con dif\u00edcil acceso ya que a muchas de ellas solo se puede acceder por mar o por r\u00edo.<\/p>\n<p style=\"text-align: justify;\">Con respecto a la transparencia del proceso electoral, algunos candidatos han manifestado su preocupaci\u00f3n porque los Tribunales Electorales Transitorios no est\u00e1n funcionando plenamente y por tanto no existe una instancia ante la cual presentar quejas y denuncias por irregularidades. Cabe recordar que en el mes de octubre del a\u00f1o pasado el Concejo Nacional Electoral (CNE) dio luz verde para el funcionamiento de estas instancias para las 16 Circunscripciones de Paz tres meses antes de las elecciones<sup>3<\/sup>.<\/p>\n<p style=\"text-align: justify;\">Otros candidatos han expresado su inconformismo con el hecho de que las maquinarias pol\u00edticas tradicionales de la costa est\u00e9n incluyendo de alguna manera en la actual campa\u00f1a electoral por las CTEP ya que est\u00e1n apoyando a sus propios candidatos frente a los cuales no se puede competir.<\/p>\n<p style=\"text-align: justify;\">Quiz\u00e1 el reto m\u00e1s complejo que deben encarar las y los candidatos a las CTEP en Nari\u00f1o es el relacionado con el deterioro de la situaci\u00f3n de violencia sociopol\u00edtica precisamente en aquellos municipios priorizados por las circunscripciones 1 y 10, provocada por la reconfiguraci\u00f3n de los grupos armados ilegales por la disputa de las econom\u00edas il\u00edcitas en los territorios controlados por las FARC-EP hasta el a\u00f1o 2016, teniendo como trasfondo el hist\u00f3rico abandono del Estado.<\/p>\n<p style=\"text-align: justify;\">La aparici\u00f3n durante el a\u00f1o 2019 de la Segunda Marquetalia bajo el mando de Iv\u00e1n M\u00e1rquez trajo consigo en Nari\u00f1o y en otras regiones del pa\u00eds el escalamiento del conflicto por la intensificaci\u00f3n de la disputa territorial con otras estructuras armadas disidentes que se han ido consolidando en el departamento y sus fronteras y que hace un par de a\u00f1os se han agrupado en el llamado Comando Coordinador de Occidente (CCO) bajo influencia de Gentil Duarte. Del CCO hacen parte las columnas m\u00f3viles Jaime Mart\u00ednez, Franco Benavides, Urias Rond\u00f3n y una facci\u00f3n del del Frente Oliver Sinisterra (FOS). En la Segunda Marquetalia se agrupan estructuras disidentes como el Occidental Alfonso Cano y parte del FOS. Esta reconfiguraci\u00f3n de los grupos armados en estructuras sombrilla m\u00e1s grandes no es un cambio menor ya que potencializa su capacidad militar y de control social y territorial.<\/p>\n<p style=\"text-align: justify;\">Al escenario del conflicto en Nari\u00f1o hay que sumarle otras estructuras armadas presentes en el territorio tales como el Ej\u00e9rcito Libertadores del Sur (ELN), las Autodefensas Gaitanistas de Colombia (AGC) y otras estructuras disidentes tambi\u00e9n con una importante capacidad b\u00e9lica.<\/p>\n<p style=\"text-align: justify;\">Siendo el a\u00f1o 2021 un per\u00edodo preelectoral, es importante mencionar un hecho que resulta un precedente preocupante en materia de seguridad en el territorio de la Circunscripci\u00f3n 10, y es la amenaza hecha por el Comando Coordinador de Occidente en el mes de septiembre a trav\u00e9s de un panfleto, en contra de los alcaldes de Barbacoas, Adam Rinc\u00f3n; de Roberto Pay\u00e1n, Juan Carlos Sinisterra, y de Mag\u00fc\u00ed Pay\u00e1n, Alejandro Qui\u00f1ones por \u201csu decidida posici\u00f3n de apoyo a las fuerzas militares en pro del paramilitarismo\u201d<sup>4<\/sup>.<\/p>\n<p style=\"text-align: justify;\">Las y los candidatos consultados para este informe expresaron que en sus territorios existe un riesgo extremo en materia de seguridad para ellos y sus equipos por la presencia de actores armados en sus territorios. Muchos de las y los candidatos abordados, expresaron sentir temor al hablar de los actores armados presentes en el territorio por la desconfianza generalizada, debido al debilitamiento del tejido social. Uno de los candidatos expres\u00f3 que existe un riesgo inminente contra su integridad porque los grupos al margen de ley ejercen un control territorial y existen territorios vedados para que ellos hagan campa\u00f1a electoral como por ejemplo el municipio de Argelia en el Cauca que es parte de la Circunscripci\u00f3n 1. En palabras del candidato, \u201call\u00e1 mandan o gobiernan estructuras criminales y all\u00e1 no hemos podido entrar a hacer campa\u00f1a\u201d.<\/p>\n<p style=\"text-align: justify;\">Algo que eleva la vulnerabilidad de las y los candidatos es su estado de indefensi\u00f3n en los territorios ya que, seg\u00fan ellos, no han tenido un acompa\u00f1amiento del Estado para mitigar los posibles riesgos inherentes a su actividad proselitista. Han expresado que a pesar de tener antecedentes en los cuales han sido sujetos de amenazas y hostigamientos en el reciente pasado, no cuentan con medidas de protecci\u00f3n por parte de la Unidad Nacional de Protecci\u00f3n (UNP). El candidato Andr\u00e9s Restrepo Cundum\u00cd, coordinador de proyectos de ASOCOETNAR que tiene influencia en los 10 municipios de la Circunscripci\u00f3n 10, manifiesta que en el mes de septiembre del a\u00f1o pasado recibi\u00f3 amenazas por la calidad de l\u00edder social que ostenta. Tales amenazas han sido puestas en conocimiento de la Fiscal\u00eda General de la Naci\u00f3n y la Personer\u00eda de Tumaco. Adem\u00e1s, agrega que su compa\u00f1era de f\u00f3rmula se encuentra fuera del territorio desplazada porque tambi\u00e9n ha tenido amenazas e incluso con un familiar reclutado o secuestrado.<\/p>\n<p style=\"text-align: justify;\">Otro candidato expres\u00f3 que, dado que ten\u00eda un alto riesgo en su seguridad personal, actualmente contaba con medidas de protecci\u00f3n de la UNP que consist\u00edan en un chaleco antibalas, un tel\u00e9fono celular y un guardaespaldas. Agreg\u00f3 que dos personas que son parte del equipo de campa\u00f1a han sido sujeto de amenazas, incluso una de ellas debi\u00f3 salir del territorio por ese hecho y a la otra le toc\u00f3 relegarse de las funciones que ten\u00eda en el equipo.<\/p>\n<p style=\"text-align: justify;\"><strong>Notas finales<\/strong><\/p>\n<p style=\"text-align: justify;\"><sup>1\u00a0<\/sup>CONGRESO DE LA REP\u00daBLICA. Acto Legislativo No 02 de 2021 [en l\u00ednea].\u00a0<a href=\"https:\/\/dapre.presidencia.gov.co\/normativa\/normativa\/Acto%20Legislativo%2002%20del%2025%20de%20Agosto%20de%202021.pdf\" target=\"_blank\" rel=\"noopener\">https:\/\/dapre.presidencia.gov.co\/normativa\/normativa\/Acto%20Legislativo%2002%20del%2025%20de%20Agosto%20de%202021.pdf<\/a>\u00a0[Citado el 18 de Enero de 2022] p. 1 y 2<br \/>\n<sub><sup>2\u00a0<\/sup><\/sub>ALCALD\u00cdA DE TUMACO. Plan de Desarrollo Enam\u00f3rate de Tumaco 2020-2023 2021 [en l\u00ednea].\u00a0<a href=\"https:\/\/www.obsgestioneducativa.com\/wp-content\/uploads\/2021\/02\/Tumaco.pdf\" target=\"_blank\" rel=\"noopener\">https:\/\/www.obsgestioneducativa.com\/wp-content\/uploads\/2021\/02\/Tumaco.pdf<\/a>\u00a0[Citado el 17 de Enero de 2022] p. 14<br \/>\n<sup>3\u00a0<\/sup>CONCEJO NACIONAL ELECTRORAL. CNE da luz verde a los Tribunales Electorales para las 16 Circunscripciones de Paz 2021 [en l\u00ednea]. &lt; https:\/\/www.cne.gov.co\/prensa\/comunicados-oficiales\/530-cne-da-luz-verde-a-los-tribunales-electorales-para-las-16-circunscripciones-de-paz&gt; [Citado el 15 de Enero de 2022]<br \/>\n<sup>4\u00a0<\/sup>Revista Semana. Disidencias de las Farc amenazan de muerte a tres alcaldes del Pac\u00edfico nari\u00f1ense. [en l\u00ednea].\u00a0<a href=\"https:\/\/www.semana.com\/nacion\/articulo\/disidencias-de-las-farc-amenazan-de-muerte-a-tres-alcaldes-del-pacifico-narinense\/202100\/\" target=\"_blank\" rel=\"noopener\">https:\/\/www.semana.com\/nacion\/articulo\/disidencias-de-las-farc-amenazan-de-muerte-a-tres-alcaldes-del-pacifico-narinense\/202100\/<\/a>\u00a0[Citado el 15 de Enero de 2022]<\/p>\n<p>Fuente: https:\/\/www.fundepaz.org\/riesgo-electoral-extremo-en-narino-el-reto-de-hacer-campana-por-la-paz-en-zonas-de-guerra\/<\/p>\n","protected":false},"excerpt":{"rendered":"<p>Por: Fundepaz El anhelado sue\u00f1o de las v\u00edctimas del conflicto armado de tener representaci\u00f3n especial en el Congreso de la Rep\u00fablica como un mecanismo que contribuya a su reparaci\u00f3n, tuvo que recorrer un largo trecho desde que qued\u00f3 consignado en el Acuerdo de Paz firmado con las FARC-EP en el a\u00f1o 2016. Cabe recordar que [&hellip;]<\/p>\n","protected":false},"author":15,"featured_media":28099,"comment_status":"open","ping_status":"open","sticky":false,"template":"","format":"standard","meta":{"footnotes":""},"categories":[84],"tags":[],"class_list":["post-58012","post","type-post","status-publish","format-standard","has-post-thumbnail","hentry","category-global-2"],"yoast_head":"<!-- This site is optimized with the Yoast SEO plugin v27.1.1 - https:\/\/yoast.com\/product\/yoast-seo-wordpress\/ -->\n<title>Riesgo electoral extremo en Nari\u00f1o: el reto de hacer campa\u00f1a por la paz en zonas de guerra | P\u00e1gina10<\/title>\n<meta name=\"robots\" content=\"index, follow, max-snippet:-1, max-image-preview:large, max-video-preview:-1\" \/>\n<link rel=\"canonical\" href=\"https:\/\/pagina10.com\/web\/riesgo-electoral-extremo-en-narino-el-reto-de-hacer-campana-por-la-paz-en-zonas-de-guerra\/\" \/>\n<meta property=\"og:locale\" content=\"es_ES\" \/>\n<meta property=\"og:type\" content=\"article\" \/>\n<meta property=\"og:title\" content=\"Riesgo electoral extremo en Nari\u00f1o: el reto de hacer campa\u00f1a por la paz en zonas de guerra | P\u00e1gina10\" \/>\n<meta property=\"og:description\" content=\"Por: Fundepaz El anhelado sue\u00f1o de las v\u00edctimas del conflicto armado de tener representaci\u00f3n especial en el Congreso de la Rep\u00fablica como un mecanismo que contribuya a su reparaci\u00f3n, tuvo que recorrer un largo trecho desde que qued\u00f3 consignado en el Acuerdo de Paz firmado con las FARC-EP en el a\u00f1o 2016. Cabe recordar que [&hellip;]\" \/>\n<meta property=\"og:url\" content=\"https:\/\/pagina10.com\/web\/riesgo-electoral-extremo-en-narino-el-reto-de-hacer-campana-por-la-paz-en-zonas-de-guerra\/\" \/>\n<meta property=\"og:site_name\" content=\"P\u00e1gina10\" \/>\n<meta property=\"article:publisher\" content=\"https:\/\/www.facebook.com\/pag10com\" \/>\n<meta property=\"article:published_time\" content=\"2022-02-03T19:29:34+00:00\" \/>\n<meta property=\"og:image\" content=\"https:\/\/pagina10.com\/web\/wp-content\/uploads\/2017\/12\/tumaco-costas.jpeg\" \/>\n\t<meta property=\"og:image:width\" content=\"950\" \/>\n\t<meta property=\"og:image:height\" content=\"475\" \/>\n\t<meta property=\"og:image:type\" content=\"image\/jpeg\" \/>\n<meta name=\"author\" content=\"Columnista Invitado\" \/>\n<meta name=\"twitter:card\" content=\"summary_large_image\" \/>\n<meta name=\"twitter:creator\" content=\"@Pag10com\" \/>\n<meta name=\"twitter:site\" content=\"@Pag10com\" \/>\n<meta name=\"twitter:label1\" content=\"Escrito por\" \/>\n\t<meta name=\"twitter:data1\" content=\"Columnista Invitado\" \/>\n\t<meta name=\"twitter:label2\" content=\"Tiempo de lectura\" \/>\n\t<meta name=\"twitter:data2\" content=\"10 minutos\" \/>\n<script type=\"application\/ld+json\" class=\"yoast-schema-graph\">{\"@context\":\"https:\/\/schema.org\",\"@graph\":[{\"@type\":\"Article\",\"@id\":\"https:\/\/pagina10.com\/web\/riesgo-electoral-extremo-en-narino-el-reto-de-hacer-campana-por-la-paz-en-zonas-de-guerra\/#article\",\"isPartOf\":{\"@id\":\"https:\/\/pagina10.com\/web\/riesgo-electoral-extremo-en-narino-el-reto-de-hacer-campana-por-la-paz-en-zonas-de-guerra\/\"},\"author\":{\"name\":\"Columnista Invitado\",\"@id\":\"https:\/\/pagina10.com\/web\/#\/schema\/person\/21249ac8e46fa849c3df7b78feed163e\"},\"headline\":\"Riesgo electoral extremo en Nari\u00f1o: el reto de hacer campa\u00f1a por la paz en zonas de guerra\",\"datePublished\":\"2022-02-03T19:29:34+00:00\",\"mainEntityOfPage\":{\"@id\":\"https:\/\/pagina10.com\/web\/riesgo-electoral-extremo-en-narino-el-reto-de-hacer-campana-por-la-paz-en-zonas-de-guerra\/\"},\"wordCount\":2004,\"commentCount\":0,\"publisher\":{\"@id\":\"https:\/\/pagina10.com\/web\/#organization\"},\"image\":{\"@id\":\"https:\/\/pagina10.com\/web\/riesgo-electoral-extremo-en-narino-el-reto-de-hacer-campana-por-la-paz-en-zonas-de-guerra\/#primaryimage\"},\"thumbnailUrl\":\"https:\/\/pagina10.com\/web\/wp-content\/uploads\/2017\/12\/tumaco-costas.jpeg\",\"articleSection\":[\"Global\"],\"inLanguage\":\"es\",\"potentialAction\":[{\"@type\":\"CommentAction\",\"name\":\"Comment\",\"target\":[\"https:\/\/pagina10.com\/web\/riesgo-electoral-extremo-en-narino-el-reto-de-hacer-campana-por-la-paz-en-zonas-de-guerra\/#respond\"]}]},{\"@type\":\"WebPage\",\"@id\":\"https:\/\/pagina10.com\/web\/riesgo-electoral-extremo-en-narino-el-reto-de-hacer-campana-por-la-paz-en-zonas-de-guerra\/\",\"url\":\"https:\/\/pagina10.com\/web\/riesgo-electoral-extremo-en-narino-el-reto-de-hacer-campana-por-la-paz-en-zonas-de-guerra\/\",\"name\":\"Riesgo electoral extremo en Nari\u00f1o: el reto de hacer campa\u00f1a por la paz en zonas de guerra | P\u00e1gina10\",\"isPartOf\":{\"@id\":\"https:\/\/pagina10.com\/web\/#website\"},\"primaryImageOfPage\":{\"@id\":\"https:\/\/pagina10.com\/web\/riesgo-electoral-extremo-en-narino-el-reto-de-hacer-campana-por-la-paz-en-zonas-de-guerra\/#primaryimage\"},\"image\":{\"@id\":\"https:\/\/pagina10.com\/web\/riesgo-electoral-extremo-en-narino-el-reto-de-hacer-campana-por-la-paz-en-zonas-de-guerra\/#primaryimage\"},\"thumbnailUrl\":\"https:\/\/pagina10.com\/web\/wp-content\/uploads\/2017\/12\/tumaco-costas.jpeg\",\"datePublished\":\"2022-02-03T19:29:34+00:00\",\"breadcrumb\":{\"@id\":\"https:\/\/pagina10.com\/web\/riesgo-electoral-extremo-en-narino-el-reto-de-hacer-campana-por-la-paz-en-zonas-de-guerra\/#breadcrumb\"},\"inLanguage\":\"es\",\"potentialAction\":[{\"@type\":\"ReadAction\",\"target\":[\"https:\/\/pagina10.com\/web\/riesgo-electoral-extremo-en-narino-el-reto-de-hacer-campana-por-la-paz-en-zonas-de-guerra\/\"]}]},{\"@type\":\"ImageObject\",\"inLanguage\":\"es\",\"@id\":\"https:\/\/pagina10.com\/web\/riesgo-electoral-extremo-en-narino-el-reto-de-hacer-campana-por-la-paz-en-zonas-de-guerra\/#primaryimage\",\"url\":\"https:\/\/pagina10.com\/web\/wp-content\/uploads\/2017\/12\/tumaco-costas.jpeg\",\"contentUrl\":\"https:\/\/pagina10.com\/web\/wp-content\/uploads\/2017\/12\/tumaco-costas.jpeg\",\"width\":950,\"height\":475,\"caption\":\"Foto: tomada de El Tiempo\"},{\"@type\":\"BreadcrumbList\",\"@id\":\"https:\/\/pagina10.com\/web\/riesgo-electoral-extremo-en-narino-el-reto-de-hacer-campana-por-la-paz-en-zonas-de-guerra\/#breadcrumb\",\"itemListElement\":[{\"@type\":\"ListItem\",\"position\":1,\"name\":\"Portada\",\"item\":\"https:\/\/pagina10.com\/web\/\"},{\"@type\":\"ListItem\",\"position\":2,\"name\":\"Riesgo electoral extremo en Nari\u00f1o: el reto de hacer campa\u00f1a por la paz en zonas de guerra\"}]},{\"@type\":\"WebSite\",\"@id\":\"https:\/\/pagina10.com\/web\/#website\",\"url\":\"https:\/\/pagina10.com\/web\/\",\"name\":\"P\u00e1gina10\",\"description\":\"Peri\u00f3dico Regional\",\"publisher\":{\"@id\":\"https:\/\/pagina10.com\/web\/#organization\"},\"alternateName\":\"P\u00e1gina10 Peri\u00f3dico Regional\",\"potentialAction\":[{\"@type\":\"SearchAction\",\"target\":{\"@type\":\"EntryPoint\",\"urlTemplate\":\"https:\/\/pagina10.com\/web\/?s={search_term_string}\"},\"query-input\":{\"@type\":\"PropertyValueSpecification\",\"valueRequired\":true,\"valueName\":\"search_term_string\"}}],\"inLanguage\":\"es\"},{\"@type\":\"Organization\",\"@id\":\"https:\/\/pagina10.com\/web\/#organization\",\"name\":\"P\u00e1gina10\",\"alternateName\":\"P\u00e1gina10 Peri\u00f3dico Regional\",\"url\":\"https:\/\/pagina10.com\/web\/\",\"logo\":{\"@type\":\"ImageObject\",\"inLanguage\":\"es\",\"@id\":\"https:\/\/pagina10.com\/web\/#\/schema\/logo\/image\/\",\"url\":\"https:\/\/pagina10.com\/web\/wp-content\/uploads\/2024\/01\/40-pagina-10-periodico-regional-pasto.jpg\",\"contentUrl\":\"https:\/\/pagina10.com\/web\/wp-content\/uploads\/2024\/01\/40-pagina-10-periodico-regional-pasto.jpg\",\"width\":1280,\"height\":720,\"caption\":\"P\u00e1gina10\"},\"image\":{\"@id\":\"https:\/\/pagina10.com\/web\/#\/schema\/logo\/image\/\"},\"sameAs\":[\"https:\/\/www.facebook.com\/pag10com\",\"https:\/\/x.com\/Pag10com\",\"https:\/\/www.instagram.com\/pagina10col\/\",\"https:\/\/youtube.com\/channel\/pag10\",\"https:\/\/www.tiktok.com\/@p10col\"]},{\"@type\":\"Person\",\"@id\":\"https:\/\/pagina10.com\/web\/#\/schema\/person\/21249ac8e46fa849c3df7b78feed163e\",\"name\":\"Columnista Invitado\",\"url\":\"https:\/\/pagina10.com\/web\/author\/invitado\/\"}]}<\/script>\n<!-- \/ Yoast SEO plugin. -->","yoast_head_json":{"title":"Riesgo electoral extremo en Nari\u00f1o: el reto de hacer campa\u00f1a por la paz en zonas de guerra | P\u00e1gina10","robots":{"index":"index","follow":"follow","max-snippet":"max-snippet:-1","max-image-preview":"max-image-preview:large","max-video-preview":"max-video-preview:-1"},"canonical":"https:\/\/pagina10.com\/web\/riesgo-electoral-extremo-en-narino-el-reto-de-hacer-campana-por-la-paz-en-zonas-de-guerra\/","og_locale":"es_ES","og_type":"article","og_title":"Riesgo electoral extremo en Nari\u00f1o: el reto de hacer campa\u00f1a por la paz en zonas de guerra | P\u00e1gina10","og_description":"Por: Fundepaz El anhelado sue\u00f1o de las v\u00edctimas del conflicto armado de tener representaci\u00f3n especial en el Congreso de la Rep\u00fablica como un mecanismo que contribuya a su reparaci\u00f3n, tuvo que recorrer un largo trecho desde que qued\u00f3 consignado en el Acuerdo de Paz firmado con las FARC-EP en el a\u00f1o 2016. Cabe recordar que [&hellip;]","og_url":"https:\/\/pagina10.com\/web\/riesgo-electoral-extremo-en-narino-el-reto-de-hacer-campana-por-la-paz-en-zonas-de-guerra\/","og_site_name":"P\u00e1gina10","article_publisher":"https:\/\/www.facebook.com\/pag10com","article_published_time":"2022-02-03T19:29:34+00:00","og_image":[{"width":950,"height":475,"url":"https:\/\/pagina10.com\/web\/wp-content\/uploads\/2017\/12\/tumaco-costas.jpeg","type":"image\/jpeg"}],"author":"Columnista Invitado","twitter_card":"summary_large_image","twitter_creator":"@Pag10com","twitter_site":"@Pag10com","twitter_misc":{"Escrito por":"Columnista Invitado","Tiempo de lectura":"10 minutos"},"schema":{"@context":"https:\/\/schema.org","@graph":[{"@type":"Article","@id":"https:\/\/pagina10.com\/web\/riesgo-electoral-extremo-en-narino-el-reto-de-hacer-campana-por-la-paz-en-zonas-de-guerra\/#article","isPartOf":{"@id":"https:\/\/pagina10.com\/web\/riesgo-electoral-extremo-en-narino-el-reto-de-hacer-campana-por-la-paz-en-zonas-de-guerra\/"},"author":{"name":"Columnista Invitado","@id":"https:\/\/pagina10.com\/web\/#\/schema\/person\/21249ac8e46fa849c3df7b78feed163e"},"headline":"Riesgo electoral extremo en Nari\u00f1o: el reto de hacer campa\u00f1a por la paz en zonas de guerra","datePublished":"2022-02-03T19:29:34+00:00","mainEntityOfPage":{"@id":"https:\/\/pagina10.com\/web\/riesgo-electoral-extremo-en-narino-el-reto-de-hacer-campana-por-la-paz-en-zonas-de-guerra\/"},"wordCount":2004,"commentCount":0,"publisher":{"@id":"https:\/\/pagina10.com\/web\/#organization"},"image":{"@id":"https:\/\/pagina10.com\/web\/riesgo-electoral-extremo-en-narino-el-reto-de-hacer-campana-por-la-paz-en-zonas-de-guerra\/#primaryimage"},"thumbnailUrl":"https:\/\/pagina10.com\/web\/wp-content\/uploads\/2017\/12\/tumaco-costas.jpeg","articleSection":["Global"],"inLanguage":"es","potentialAction":[{"@type":"CommentAction","name":"Comment","target":["https:\/\/pagina10.com\/web\/riesgo-electoral-extremo-en-narino-el-reto-de-hacer-campana-por-la-paz-en-zonas-de-guerra\/#respond"]}]},{"@type":"WebPage","@id":"https:\/\/pagina10.com\/web\/riesgo-electoral-extremo-en-narino-el-reto-de-hacer-campana-por-la-paz-en-zonas-de-guerra\/","url":"https:\/\/pagina10.com\/web\/riesgo-electoral-extremo-en-narino-el-reto-de-hacer-campana-por-la-paz-en-zonas-de-guerra\/","name":"Riesgo electoral extremo en Nari\u00f1o: el reto de hacer campa\u00f1a por la paz en zonas de guerra | P\u00e1gina10","isPartOf":{"@id":"https:\/\/pagina10.com\/web\/#website"},"primaryImageOfPage":{"@id":"https:\/\/pagina10.com\/web\/riesgo-electoral-extremo-en-narino-el-reto-de-hacer-campana-por-la-paz-en-zonas-de-guerra\/#primaryimage"},"image":{"@id":"https:\/\/pagina10.com\/web\/riesgo-electoral-extremo-en-narino-el-reto-de-hacer-campana-por-la-paz-en-zonas-de-guerra\/#primaryimage"},"thumbnailUrl":"https:\/\/pagina10.com\/web\/wp-content\/uploads\/2017\/12\/tumaco-costas.jpeg","datePublished":"2022-02-03T19:29:34+00:00","breadcrumb":{"@id":"https:\/\/pagina10.com\/web\/riesgo-electoral-extremo-en-narino-el-reto-de-hacer-campana-por-la-paz-en-zonas-de-guerra\/#breadcrumb"},"inLanguage":"es","potentialAction":[{"@type":"ReadAction","target":["https:\/\/pagina10.com\/web\/riesgo-electoral-extremo-en-narino-el-reto-de-hacer-campana-por-la-paz-en-zonas-de-guerra\/"]}]},{"@type":"ImageObject","inLanguage":"es","@id":"https:\/\/pagina10.com\/web\/riesgo-electoral-extremo-en-narino-el-reto-de-hacer-campana-por-la-paz-en-zonas-de-guerra\/#primaryimage","url":"https:\/\/pagina10.com\/web\/wp-content\/uploads\/2017\/12\/tumaco-costas.jpeg","contentUrl":"https:\/\/pagina10.com\/web\/wp-content\/uploads\/2017\/12\/tumaco-costas.jpeg","width":950,"height":475,"caption":"Foto: tomada de El Tiempo"},{"@type":"BreadcrumbList","@id":"https:\/\/pagina10.com\/web\/riesgo-electoral-extremo-en-narino-el-reto-de-hacer-campana-por-la-paz-en-zonas-de-guerra\/#breadcrumb","itemListElement":[{"@type":"ListItem","position":1,"name":"Portada","item":"https:\/\/pagina10.com\/web\/"},{"@type":"ListItem","position":2,"name":"Riesgo electoral extremo en Nari\u00f1o: el reto de hacer campa\u00f1a por la paz en zonas de guerra"}]},{"@type":"WebSite","@id":"https:\/\/pagina10.com\/web\/#website","url":"https:\/\/pagina10.com\/web\/","name":"P\u00e1gina10","description":"Peri\u00f3dico Regional","publisher":{"@id":"https:\/\/pagina10.com\/web\/#organization"},"alternateName":"P\u00e1gina10 Peri\u00f3dico Regional","potentialAction":[{"@type":"SearchAction","target":{"@type":"EntryPoint","urlTemplate":"https:\/\/pagina10.com\/web\/?s={search_term_string}"},"query-input":{"@type":"PropertyValueSpecification","valueRequired":true,"valueName":"search_term_string"}}],"inLanguage":"es"},{"@type":"Organization","@id":"https:\/\/pagina10.com\/web\/#organization","name":"P\u00e1gina10","alternateName":"P\u00e1gina10 Peri\u00f3dico Regional","url":"https:\/\/pagina10.com\/web\/","logo":{"@type":"ImageObject","inLanguage":"es","@id":"https:\/\/pagina10.com\/web\/#\/schema\/logo\/image\/","url":"https:\/\/pagina10.com\/web\/wp-content\/uploads\/2024\/01\/40-pagina-10-periodico-regional-pasto.jpg","contentUrl":"https:\/\/pagina10.com\/web\/wp-content\/uploads\/2024\/01\/40-pagina-10-periodico-regional-pasto.jpg","width":1280,"height":720,"caption":"P\u00e1gina10"},"image":{"@id":"https:\/\/pagina10.com\/web\/#\/schema\/logo\/image\/"},"sameAs":["https:\/\/www.facebook.com\/pag10com","https:\/\/x.com\/Pag10com","https:\/\/www.instagram.com\/pagina10col\/","https:\/\/youtube.com\/channel\/pag10","https:\/\/www.tiktok.com\/@p10col"]},{"@type":"Person","@id":"https:\/\/pagina10.com\/web\/#\/schema\/person\/21249ac8e46fa849c3df7b78feed163e","name":"Columnista Invitado","url":"https:\/\/pagina10.com\/web\/author\/invitado\/"}]}},"_links":{"self":[{"href":"https:\/\/pagina10.com\/web\/wp-json\/wp\/v2\/posts\/58012","targetHints":{"allow":["GET"]}}],"collection":[{"href":"https:\/\/pagina10.com\/web\/wp-json\/wp\/v2\/posts"}],"about":[{"href":"https:\/\/pagina10.com\/web\/wp-json\/wp\/v2\/types\/post"}],"author":[{"embeddable":true,"href":"https:\/\/pagina10.com\/web\/wp-json\/wp\/v2\/users\/15"}],"replies":[{"embeddable":true,"href":"https:\/\/pagina10.com\/web\/wp-json\/wp\/v2\/comments?post=58012"}],"version-history":[{"count":1,"href":"https:\/\/pagina10.com\/web\/wp-json\/wp\/v2\/posts\/58012\/revisions"}],"predecessor-version":[{"id":58013,"href":"https:\/\/pagina10.com\/web\/wp-json\/wp\/v2\/posts\/58012\/revisions\/58013"}],"wp:featuredmedia":[{"embeddable":true,"href":"https:\/\/pagina10.com\/web\/wp-json\/wp\/v2\/media\/28099"}],"wp:attachment":[{"href":"https:\/\/pagina10.com\/web\/wp-json\/wp\/v2\/media?parent=58012"}],"wp:term":[{"taxonomy":"category","embeddable":true,"href":"https:\/\/pagina10.com\/web\/wp-json\/wp\/v2\/categories?post=58012"},{"taxonomy":"post_tag","embeddable":true,"href":"https:\/\/pagina10.com\/web\/wp-json\/wp\/v2\/tags?post=58012"}],"curies":[{"name":"wp","href":"https:\/\/api.w.org\/{rel}","templated":true}]}}