{"id":58014,"date":"2022-02-03T22:13:29","date_gmt":"2022-02-04T03:13:29","guid":{"rendered":"https:\/\/pagina10.com\/web\/?p=58014"},"modified":"2022-02-03T22:13:29","modified_gmt":"2022-02-04T03:13:29","slug":"con-apoyo-internacional-unal-avanza-en-proyecto-tumaco-pacifico-campus","status":"publish","type":"post","link":"https:\/\/pagina10.com\/web\/con-apoyo-internacional-unal-avanza-en-proyecto-tumaco-pacifico-campus\/","title":{"rendered":"Con apoyo internacional, UNAL avanza en proyecto Tumaco Pac\u00edfico Campus"},"content":{"rendered":"<p style=\"text-align: justify;\">Directivos de la UNAL del nivel nacional, la Sede Tumaco, la Sede Bogot\u00e1, y la misi\u00f3n de Inves International, Agencia Internacional de Cooperaci\u00f3n de la Asociaci\u00f3n de Municipios del Reino de los Pa\u00edses Bajos, se reunieron en la Hemeroteca Nacional de la UNAL para analizar los avances, logros y cuellos de botella asociados con las Fases I y II del proyecto Tumaco Pac\u00edfico Campus (TPC), revisar el plan de trabajo a seguir para fortalecer el trabajo acad\u00e9mico adelantado y avanzar en la construcci\u00f3n de la infraestructura f\u00edsica del campus.<\/p>\n<p style=\"text-align: justify;\">El proyecto TPC tiene dos componentes, el acad\u00e9mico y el de infraestructura, este \u00faltimo planeado en tres fases: una primera que inici\u00f3 ejecuci\u00f3n en mayo del 2018; una segunda que est\u00e1 lista para empezar, y una tercera programada pero que a\u00fan no cuenta con recursos, seg\u00fan indic\u00f3 la profesora Amanda Luc\u00eda Mora Mart\u00ednez, directora de la UNAL Sede Tumaco.<\/p>\n<p style=\"text-align: justify;\">Durante la reuni\u00f3n, Corrado Minardi, representante del Reino de Pa\u00edses Bajos (cooperantes del proyecto), dijo: \u201chablo por el Gobierno de Holanda cuando digo que la visi\u00f3n de la UNAL coincide con la nuestra. Como cooperantes internacionales queremos bajar el desarrollo y el progreso de los escritorios y hacerlo realidad en los territorios. Estamos seguros y tenemos completa confianza de que trabajando de manera cercana llevaremos el proyecto a su culminaci\u00f3n y lograremos el impacto que ambas entidades y pa\u00edses quieren realizar\u201d.<\/p>\n<p style=\"text-align: justify;\">Por su parte, la Profesora Dolly Montoya, rectora de la UNAL, se\u00f1al\u00f3 que\u00a0\u201cdesde la Alta Direcci\u00f3n existe un compromiso total con la Sede Tumaco y el desarrollo del Proyecto Tumaco Pac\u00edfico Campus, y desde la Rector\u00eda se preside un comit\u00e9 estrat\u00e9gico que peri\u00f3dicamente revisa el estado de los proyectos para la construcci\u00f3n de las Fases I y Fase II del campus, la cual ser\u00e1 adelantada con el acompa\u00f1amiento de la Sede Bogot\u00e1\u201d.<\/p>\n<p style=\"text-align: justify;\">Educaci\u00f3n del escritorio al territorio<\/p>\n<p style=\"text-align: justify;\">Seg\u00fan el censo de 2018 adelantado por el DANE con proyecci\u00f3n al 2020, con 257.052 habitantes, en el Distrito Especial San Andr\u00e9s de Tumaco solo el 3\u00a0% de la poblaci\u00f3n tiene actividad econ\u00f3mica estable, mientras que el 90\u00a0% se dedica a la pesca. Los indicadores de educaci\u00f3n del mismo censo indican que solo el 4,7\u00a0% tiene acceso a educaci\u00f3n superior, y de estos solo el 2,6\u00a0% tiene acceso a la profesionalizaci\u00f3n, es decir cerca de 300 estudiantes al a\u00f1o.<\/p>\n<p style=\"text-align: justify;\">Por su parte, la profesora Mora destaca que \u201cla presencia permanente de la UNAL en el territorio, adem\u00e1s de contribuir a la formaci\u00f3n de profesionales competentes, \u00edntegros, capaces de liderar la transformaci\u00f3n social y econ\u00f3mica que demanda la regi\u00f3n, facilita la innovaci\u00f3n y la generaci\u00f3n y transferencia de conocimiento; en conclusi\u00f3n, constituye una estrategia institucional para aportar al desarrollo, la construcci\u00f3n de paz y el buen vivir de las comunidades\u201d.<\/p>\n<p style=\"text-align: justify;\">\u201cEn nuestra Sede Tumaco ofrecemos 64 de los 97 programas que tiene la UNAL en sus sedes andinas, los cuales abarcan diferentes \u00e1reas del conocimiento. Desde la entrada en funcionamiento en 2015, se ha tenido una gran demanda, representada en cerca de 18.000 aspirantes\u201d, comenta.<\/p>\n<p style=\"text-align: justify;\">La Sede Tumaco adelanta sus actividades de formaci\u00f3n a trav\u00e9s del Programa Especial de Admisi\u00f3n y Movilidad Acad\u00e9mica (Peama), que les permite a los estudiantes adelantar sus tres primeros semestres en las sedes de frontera y continuar su proceso en las sedes andinas de la Universidad, como parte de su formaci\u00f3n complementaria.<\/p>\n<p style=\"text-align: justify;\">A la fecha 1.046 estudiantes han realizado su movilidad acad\u00e9mica, y en 2021 la Sede Tumaco le entreg\u00f3 al territorio sus primeros 8 egresados, profesionales en diferentes \u00e1reas del conocimiento que impactar\u00e1n de manera positiva en sus comunidades.<\/p>\n<p style=\"text-align: justify;\">Estado del proyecto de infraestructura<\/p>\n<p style=\"text-align: justify;\">En el marco de la visita de seguimiento del cooperante internacional, la Universidad reiter\u00f3 la informaci\u00f3n presentada en los informes que forman parte del Acuerdo de Subvenci\u00f3n vigente entre las partes, recordando \u2013como ya es conocido por la comunidad acad\u00e9mica\u2013 que la construcci\u00f3n de la obra civil de la Fase I del proyecto se asign\u00f3 a la firma Miroal Ingenier\u00eda S.A.S, mediante el contrato de n\u00famero 14 de 2017, la cual fue seleccionada ese a\u00f1o mediante invitaci\u00f3n P\u00fablica. El contrato finaliz\u00f3 por vencimiento de su plazo contractual, el 23 de septiembre de 2021.<\/p>\n<p style=\"text-align: justify;\">Aunque mucho se ha hablado de que la obra est\u00e1 represada, la directora Mora aclara que desde el reinicio de la obra civil, el 1 de noviembre de 2019, la supervisi\u00f3n de la UNAL inst\u00f3 al contratista de obra civil a trav\u00e9s de la firma interventora (Consorcio Intereducativo 2018), a ejecutar el cronograma de obra en el marco del plazo contractual establecido en el contrato 14 de 2017. No obstante, seg\u00fan los informes de la interventor\u00eda, durante el proceso constructivo se fueron presentando retrasos en el cronograma de obra.<\/p>\n<p style=\"text-align: justify;\">La docente aclara que las instancias institucionales competentes est\u00e1n al tanto de lo ocurrido en la ejecuci\u00f3n del contrato, a fin de que las circunstancias acaecidas se tengan en cuenta para los fines a que haya lugar, en particular en el marco de la liquidaci\u00f3n contractual que est\u00e1 en curso.<\/p>\n<p style=\"text-align: justify;\">Por su parte, el cooperante internacional lamenta el lento avance en la Fase I de la obra del TPC, pero mantiene en su inter\u00e9s de seguir apoyando a la UNAL para lograr el objetivo propuesto por las partes en el Acuerdo de Subvenci\u00f3n.<\/p>\n<p style=\"text-align: justify;\">El \u00e9xito del encuentro entre la UNAL y los representantes del Reino de Pa\u00edses Bajos, que cont\u00f3 con la participaci\u00f3n de la Direcci\u00f3n de Relaciones Exteriores (DRE) de la UNAL, como eje articulador en procesos de cooperaci\u00f3n internacional, se debi\u00f3 al buen trabajo y la preparaci\u00f3n por parte de todo el equipo.<\/p>\n","protected":false},"excerpt":{"rendered":"<p>Directivos de la UNAL del nivel nacional, la Sede Tumaco, la Sede Bogot\u00e1, y la misi\u00f3n de Inves International, Agencia Internacional de Cooperaci\u00f3n de la Asociaci\u00f3n de Municipios del Reino de los Pa\u00edses Bajos, se reunieron en la Hemeroteca Nacional de la UNAL para analizar los avances, logros y cuellos de botella asociados con las [&hellip;]<\/p>\n","protected":false},"author":1,"featured_media":58015,"comment_status":"open","ping_status":"open","sticky":false,"template":"","format":"standard","meta":{"footnotes":""},"categories":[10],"tags":[],"class_list":["post-58014","post","type-post","status-publish","format-standard","has-post-thumbnail","hentry","category-pacifico"],"yoast_head":"<!-- This site is optimized with the Yoast SEO plugin v27.1.1 - https:\/\/yoast.com\/product\/yoast-seo-wordpress\/ -->\n<title>Con apoyo internacional, UNAL avanza en proyecto Tumaco Pac\u00edfico Campus | P\u00e1gina10<\/title>\n<meta name=\"robots\" content=\"index, follow, max-snippet:-1, max-image-preview:large, max-video-preview:-1\" \/>\n<link rel=\"canonical\" href=\"https:\/\/pagina10.com\/web\/con-apoyo-internacional-unal-avanza-en-proyecto-tumaco-pacifico-campus\/\" \/>\n<meta property=\"og:locale\" content=\"es_ES\" \/>\n<meta property=\"og:type\" content=\"article\" \/>\n<meta property=\"og:title\" content=\"Con apoyo internacional, UNAL avanza en proyecto Tumaco Pac\u00edfico Campus | P\u00e1gina10\" \/>\n<meta property=\"og:description\" content=\"Directivos de la UNAL del nivel nacional, la Sede Tumaco, la Sede Bogot\u00e1, y la misi\u00f3n de Inves International, Agencia Internacional de Cooperaci\u00f3n de la Asociaci\u00f3n de Municipios del Reino de los Pa\u00edses Bajos, se reunieron en la Hemeroteca Nacional de la UNAL para analizar los avances, logros y cuellos de botella asociados con las [&hellip;]\" \/>\n<meta property=\"og:url\" content=\"https:\/\/pagina10.com\/web\/con-apoyo-internacional-unal-avanza-en-proyecto-tumaco-pacifico-campus\/\" \/>\n<meta property=\"og:site_name\" content=\"P\u00e1gina10\" \/>\n<meta property=\"article:publisher\" content=\"https:\/\/www.facebook.com\/pag10com\" \/>\n<meta property=\"article:published_time\" content=\"2022-02-04T03:13:29+00:00\" \/>\n<meta property=\"og:image\" content=\"https:\/\/pagina10.com\/web\/wp-content\/uploads\/2022\/02\/Captura-de-Pantalla-2022-02-03-a-las-10.12.27-p.-m..png\" \/>\n\t<meta property=\"og:image:width\" content=\"488\" \/>\n\t<meta property=\"og:image:height\" content=\"314\" \/>\n\t<meta property=\"og:image:type\" content=\"image\/png\" \/>\n<meta name=\"author\" content=\"P\u00e1gina 10\" \/>\n<meta name=\"twitter:card\" content=\"summary_large_image\" \/>\n<meta name=\"twitter:creator\" content=\"@Pag10com\" \/>\n<meta name=\"twitter:site\" content=\"@Pag10com\" \/>\n<meta name=\"twitter:label1\" content=\"Escrito por\" \/>\n\t<meta name=\"twitter:data1\" content=\"P\u00e1gina 10\" \/>\n\t<meta name=\"twitter:label2\" content=\"Tiempo de lectura\" \/>\n\t<meta name=\"twitter:data2\" content=\"5 minutos\" \/>\n<script type=\"application\/ld+json\" class=\"yoast-schema-graph\">{\"@context\":\"https:\/\/schema.org\",\"@graph\":[{\"@type\":\"Article\",\"@id\":\"https:\/\/pagina10.com\/web\/con-apoyo-internacional-unal-avanza-en-proyecto-tumaco-pacifico-campus\/#article\",\"isPartOf\":{\"@id\":\"https:\/\/pagina10.com\/web\/con-apoyo-internacional-unal-avanza-en-proyecto-tumaco-pacifico-campus\/\"},\"author\":{\"name\":\"P\u00e1gina 10\",\"@id\":\"https:\/\/pagina10.com\/web\/#\/schema\/person\/2efc4a090d25b667d3bc796798a3a81b\"},\"headline\":\"Con apoyo internacional, UNAL avanza en proyecto Tumaco Pac\u00edfico Campus\",\"datePublished\":\"2022-02-04T03:13:29+00:00\",\"mainEntityOfPage\":{\"@id\":\"https:\/\/pagina10.com\/web\/con-apoyo-internacional-unal-avanza-en-proyecto-tumaco-pacifico-campus\/\"},\"wordCount\":987,\"commentCount\":0,\"publisher\":{\"@id\":\"https:\/\/pagina10.com\/web\/#organization\"},\"image\":{\"@id\":\"https:\/\/pagina10.com\/web\/con-apoyo-internacional-unal-avanza-en-proyecto-tumaco-pacifico-campus\/#primaryimage\"},\"thumbnailUrl\":\"https:\/\/pagina10.com\/web\/wp-content\/uploads\/2022\/02\/Captura-de-Pantalla-2022-02-03-a-las-10.12.27-p.-m..png\",\"articleSection\":[\"Pac\u00edfico\"],\"inLanguage\":\"es\",\"potentialAction\":[{\"@type\":\"CommentAction\",\"name\":\"Comment\",\"target\":[\"https:\/\/pagina10.com\/web\/con-apoyo-internacional-unal-avanza-en-proyecto-tumaco-pacifico-campus\/#respond\"]}]},{\"@type\":\"WebPage\",\"@id\":\"https:\/\/pagina10.com\/web\/con-apoyo-internacional-unal-avanza-en-proyecto-tumaco-pacifico-campus\/\",\"url\":\"https:\/\/pagina10.com\/web\/con-apoyo-internacional-unal-avanza-en-proyecto-tumaco-pacifico-campus\/\",\"name\":\"Con apoyo internacional, UNAL avanza en proyecto Tumaco Pac\u00edfico Campus | P\u00e1gina10\",\"isPartOf\":{\"@id\":\"https:\/\/pagina10.com\/web\/#website\"},\"primaryImageOfPage\":{\"@id\":\"https:\/\/pagina10.com\/web\/con-apoyo-internacional-unal-avanza-en-proyecto-tumaco-pacifico-campus\/#primaryimage\"},\"image\":{\"@id\":\"https:\/\/pagina10.com\/web\/con-apoyo-internacional-unal-avanza-en-proyecto-tumaco-pacifico-campus\/#primaryimage\"},\"thumbnailUrl\":\"https:\/\/pagina10.com\/web\/wp-content\/uploads\/2022\/02\/Captura-de-Pantalla-2022-02-03-a-las-10.12.27-p.-m..png\",\"datePublished\":\"2022-02-04T03:13:29+00:00\",\"breadcrumb\":{\"@id\":\"https:\/\/pagina10.com\/web\/con-apoyo-internacional-unal-avanza-en-proyecto-tumaco-pacifico-campus\/#breadcrumb\"},\"inLanguage\":\"es\",\"potentialAction\":[{\"@type\":\"ReadAction\",\"target\":[\"https:\/\/pagina10.com\/web\/con-apoyo-internacional-unal-avanza-en-proyecto-tumaco-pacifico-campus\/\"]}]},{\"@type\":\"ImageObject\",\"inLanguage\":\"es\",\"@id\":\"https:\/\/pagina10.com\/web\/con-apoyo-internacional-unal-avanza-en-proyecto-tumaco-pacifico-campus\/#primaryimage\",\"url\":\"https:\/\/pagina10.com\/web\/wp-content\/uploads\/2022\/02\/Captura-de-Pantalla-2022-02-03-a-las-10.12.27-p.-m..png\",\"contentUrl\":\"https:\/\/pagina10.com\/web\/wp-content\/uploads\/2022\/02\/Captura-de-Pantalla-2022-02-03-a-las-10.12.27-p.-m..png\",\"width\":488,\"height\":314},{\"@type\":\"BreadcrumbList\",\"@id\":\"https:\/\/pagina10.com\/web\/con-apoyo-internacional-unal-avanza-en-proyecto-tumaco-pacifico-campus\/#breadcrumb\",\"itemListElement\":[{\"@type\":\"ListItem\",\"position\":1,\"name\":\"Portada\",\"item\":\"https:\/\/pagina10.com\/web\/\"},{\"@type\":\"ListItem\",\"position\":2,\"name\":\"Con apoyo internacional, UNAL avanza en proyecto Tumaco Pac\u00edfico Campus\"}]},{\"@type\":\"WebSite\",\"@id\":\"https:\/\/pagina10.com\/web\/#website\",\"url\":\"https:\/\/pagina10.com\/web\/\",\"name\":\"P\u00e1gina10\",\"description\":\"Peri\u00f3dico Regional\",\"publisher\":{\"@id\":\"https:\/\/pagina10.com\/web\/#organization\"},\"alternateName\":\"P\u00e1gina10 Peri\u00f3dico Regional\",\"potentialAction\":[{\"@type\":\"SearchAction\",\"target\":{\"@type\":\"EntryPoint\",\"urlTemplate\":\"https:\/\/pagina10.com\/web\/?s={search_term_string}\"},\"query-input\":{\"@type\":\"PropertyValueSpecification\",\"valueRequired\":true,\"valueName\":\"search_term_string\"}}],\"inLanguage\":\"es\"},{\"@type\":\"Organization\",\"@id\":\"https:\/\/pagina10.com\/web\/#organization\",\"name\":\"P\u00e1gina10\",\"alternateName\":\"P\u00e1gina10 Peri\u00f3dico Regional\",\"url\":\"https:\/\/pagina10.com\/web\/\",\"logo\":{\"@type\":\"ImageObject\",\"inLanguage\":\"es\",\"@id\":\"https:\/\/pagina10.com\/web\/#\/schema\/logo\/image\/\",\"url\":\"https:\/\/pagina10.com\/web\/wp-content\/uploads\/2024\/01\/40-pagina-10-periodico-regional-pasto.jpg\",\"contentUrl\":\"https:\/\/pagina10.com\/web\/wp-content\/uploads\/2024\/01\/40-pagina-10-periodico-regional-pasto.jpg\",\"width\":1280,\"height\":720,\"caption\":\"P\u00e1gina10\"},\"image\":{\"@id\":\"https:\/\/pagina10.com\/web\/#\/schema\/logo\/image\/\"},\"sameAs\":[\"https:\/\/www.facebook.com\/pag10com\",\"https:\/\/x.com\/Pag10com\",\"https:\/\/www.instagram.com\/pagina10col\/\",\"https:\/\/youtube.com\/channel\/pag10\",\"https:\/\/www.tiktok.com\/@p10col\"]},{\"@type\":\"Person\",\"@id\":\"https:\/\/pagina10.com\/web\/#\/schema\/person\/2efc4a090d25b667d3bc796798a3a81b\",\"name\":\"P\u00e1gina 10\",\"description\":\"P\u00e1gina 10 es un peri\u00f3dico regional que nace en Colombia, en el departamento de Nari\u00f1o, con un enfoque global, fundamentado en cuatro pilares esenciales: la libertad, el pluralismo, la inclusi\u00f3n y la independencia. P\u00e1gina 10 hace referencia a Nari\u00f1o como el d\u00e9cimo departamento creado en Colombia, despu\u00e9s de un proceso pol\u00edtico liderado por actores y actrices regionales con el fin de obtener la independencia y autonom\u00eda de nuestros territorios. Con la creaci\u00f3n de P\u00e1gina 10 se pretende abrir un escenario para el dialogo, la reflexi\u00f3n y el debate que se extienda a otras geograf\u00edas de Am\u00e9rica Latina y del planeta, en una apuesta por transformar colectivamente los desaf\u00edos de un mundo contempor\u00e1neo, m\u00e1s all\u00e1 de las fronteras impuestas.\",\"url\":\"https:\/\/pagina10.com\/web\/author\/pdiezadmin\/\"}]}<\/script>\n<!-- \/ Yoast SEO plugin. -->","yoast_head_json":{"title":"Con apoyo internacional, UNAL avanza en proyecto Tumaco Pac\u00edfico Campus | P\u00e1gina10","robots":{"index":"index","follow":"follow","max-snippet":"max-snippet:-1","max-image-preview":"max-image-preview:large","max-video-preview":"max-video-preview:-1"},"canonical":"https:\/\/pagina10.com\/web\/con-apoyo-internacional-unal-avanza-en-proyecto-tumaco-pacifico-campus\/","og_locale":"es_ES","og_type":"article","og_title":"Con apoyo internacional, UNAL avanza en proyecto Tumaco Pac\u00edfico Campus | P\u00e1gina10","og_description":"Directivos de la UNAL del nivel nacional, la Sede Tumaco, la Sede Bogot\u00e1, y la misi\u00f3n de Inves International, Agencia Internacional de Cooperaci\u00f3n de la Asociaci\u00f3n de Municipios del Reino de los Pa\u00edses Bajos, se reunieron en la Hemeroteca Nacional de la UNAL para analizar los avances, logros y cuellos de botella asociados con las [&hellip;]","og_url":"https:\/\/pagina10.com\/web\/con-apoyo-internacional-unal-avanza-en-proyecto-tumaco-pacifico-campus\/","og_site_name":"P\u00e1gina10","article_publisher":"https:\/\/www.facebook.com\/pag10com","article_published_time":"2022-02-04T03:13:29+00:00","og_image":[{"width":488,"height":314,"url":"https:\/\/pagina10.com\/web\/wp-content\/uploads\/2022\/02\/Captura-de-Pantalla-2022-02-03-a-las-10.12.27-p.-m..png","type":"image\/png"}],"author":"P\u00e1gina 10","twitter_card":"summary_large_image","twitter_creator":"@Pag10com","twitter_site":"@Pag10com","twitter_misc":{"Escrito por":"P\u00e1gina 10","Tiempo de lectura":"5 minutos"},"schema":{"@context":"https:\/\/schema.org","@graph":[{"@type":"Article","@id":"https:\/\/pagina10.com\/web\/con-apoyo-internacional-unal-avanza-en-proyecto-tumaco-pacifico-campus\/#article","isPartOf":{"@id":"https:\/\/pagina10.com\/web\/con-apoyo-internacional-unal-avanza-en-proyecto-tumaco-pacifico-campus\/"},"author":{"name":"P\u00e1gina 10","@id":"https:\/\/pagina10.com\/web\/#\/schema\/person\/2efc4a090d25b667d3bc796798a3a81b"},"headline":"Con apoyo internacional, UNAL avanza en proyecto Tumaco Pac\u00edfico Campus","datePublished":"2022-02-04T03:13:29+00:00","mainEntityOfPage":{"@id":"https:\/\/pagina10.com\/web\/con-apoyo-internacional-unal-avanza-en-proyecto-tumaco-pacifico-campus\/"},"wordCount":987,"commentCount":0,"publisher":{"@id":"https:\/\/pagina10.com\/web\/#organization"},"image":{"@id":"https:\/\/pagina10.com\/web\/con-apoyo-internacional-unal-avanza-en-proyecto-tumaco-pacifico-campus\/#primaryimage"},"thumbnailUrl":"https:\/\/pagina10.com\/web\/wp-content\/uploads\/2022\/02\/Captura-de-Pantalla-2022-02-03-a-las-10.12.27-p.-m..png","articleSection":["Pac\u00edfico"],"inLanguage":"es","potentialAction":[{"@type":"CommentAction","name":"Comment","target":["https:\/\/pagina10.com\/web\/con-apoyo-internacional-unal-avanza-en-proyecto-tumaco-pacifico-campus\/#respond"]}]},{"@type":"WebPage","@id":"https:\/\/pagina10.com\/web\/con-apoyo-internacional-unal-avanza-en-proyecto-tumaco-pacifico-campus\/","url":"https:\/\/pagina10.com\/web\/con-apoyo-internacional-unal-avanza-en-proyecto-tumaco-pacifico-campus\/","name":"Con apoyo internacional, UNAL avanza en proyecto Tumaco Pac\u00edfico Campus | P\u00e1gina10","isPartOf":{"@id":"https:\/\/pagina10.com\/web\/#website"},"primaryImageOfPage":{"@id":"https:\/\/pagina10.com\/web\/con-apoyo-internacional-unal-avanza-en-proyecto-tumaco-pacifico-campus\/#primaryimage"},"image":{"@id":"https:\/\/pagina10.com\/web\/con-apoyo-internacional-unal-avanza-en-proyecto-tumaco-pacifico-campus\/#primaryimage"},"thumbnailUrl":"https:\/\/pagina10.com\/web\/wp-content\/uploads\/2022\/02\/Captura-de-Pantalla-2022-02-03-a-las-10.12.27-p.-m..png","datePublished":"2022-02-04T03:13:29+00:00","breadcrumb":{"@id":"https:\/\/pagina10.com\/web\/con-apoyo-internacional-unal-avanza-en-proyecto-tumaco-pacifico-campus\/#breadcrumb"},"inLanguage":"es","potentialAction":[{"@type":"ReadAction","target":["https:\/\/pagina10.com\/web\/con-apoyo-internacional-unal-avanza-en-proyecto-tumaco-pacifico-campus\/"]}]},{"@type":"ImageObject","inLanguage":"es","@id":"https:\/\/pagina10.com\/web\/con-apoyo-internacional-unal-avanza-en-proyecto-tumaco-pacifico-campus\/#primaryimage","url":"https:\/\/pagina10.com\/web\/wp-content\/uploads\/2022\/02\/Captura-de-Pantalla-2022-02-03-a-las-10.12.27-p.-m..png","contentUrl":"https:\/\/pagina10.com\/web\/wp-content\/uploads\/2022\/02\/Captura-de-Pantalla-2022-02-03-a-las-10.12.27-p.-m..png","width":488,"height":314},{"@type":"BreadcrumbList","@id":"https:\/\/pagina10.com\/web\/con-apoyo-internacional-unal-avanza-en-proyecto-tumaco-pacifico-campus\/#breadcrumb","itemListElement":[{"@type":"ListItem","position":1,"name":"Portada","item":"https:\/\/pagina10.com\/web\/"},{"@type":"ListItem","position":2,"name":"Con apoyo internacional, UNAL avanza en proyecto Tumaco Pac\u00edfico Campus"}]},{"@type":"WebSite","@id":"https:\/\/pagina10.com\/web\/#website","url":"https:\/\/pagina10.com\/web\/","name":"P\u00e1gina10","description":"Peri\u00f3dico Regional","publisher":{"@id":"https:\/\/pagina10.com\/web\/#organization"},"alternateName":"P\u00e1gina10 Peri\u00f3dico Regional","potentialAction":[{"@type":"SearchAction","target":{"@type":"EntryPoint","urlTemplate":"https:\/\/pagina10.com\/web\/?s={search_term_string}"},"query-input":{"@type":"PropertyValueSpecification","valueRequired":true,"valueName":"search_term_string"}}],"inLanguage":"es"},{"@type":"Organization","@id":"https:\/\/pagina10.com\/web\/#organization","name":"P\u00e1gina10","alternateName":"P\u00e1gina10 Peri\u00f3dico Regional","url":"https:\/\/pagina10.com\/web\/","logo":{"@type":"ImageObject","inLanguage":"es","@id":"https:\/\/pagina10.com\/web\/#\/schema\/logo\/image\/","url":"https:\/\/pagina10.com\/web\/wp-content\/uploads\/2024\/01\/40-pagina-10-periodico-regional-pasto.jpg","contentUrl":"https:\/\/pagina10.com\/web\/wp-content\/uploads\/2024\/01\/40-pagina-10-periodico-regional-pasto.jpg","width":1280,"height":720,"caption":"P\u00e1gina10"},"image":{"@id":"https:\/\/pagina10.com\/web\/#\/schema\/logo\/image\/"},"sameAs":["https:\/\/www.facebook.com\/pag10com","https:\/\/x.com\/Pag10com","https:\/\/www.instagram.com\/pagina10col\/","https:\/\/youtube.com\/channel\/pag10","https:\/\/www.tiktok.com\/@p10col"]},{"@type":"Person","@id":"https:\/\/pagina10.com\/web\/#\/schema\/person\/2efc4a090d25b667d3bc796798a3a81b","name":"P\u00e1gina 10","description":"P\u00e1gina 10 es un peri\u00f3dico regional que nace en Colombia, en el departamento de Nari\u00f1o, con un enfoque global, fundamentado en cuatro pilares esenciales: la libertad, el pluralismo, la inclusi\u00f3n y la independencia. P\u00e1gina 10 hace referencia a Nari\u00f1o como el d\u00e9cimo departamento creado en Colombia, despu\u00e9s de un proceso pol\u00edtico liderado por actores y actrices regionales con el fin de obtener la independencia y autonom\u00eda de nuestros territorios. Con la creaci\u00f3n de P\u00e1gina 10 se pretende abrir un escenario para el dialogo, la reflexi\u00f3n y el debate que se extienda a otras geograf\u00edas de Am\u00e9rica Latina y del planeta, en una apuesta por transformar colectivamente los desaf\u00edos de un mundo contempor\u00e1neo, m\u00e1s all\u00e1 de las fronteras impuestas.","url":"https:\/\/pagina10.com\/web\/author\/pdiezadmin\/"}]}},"_links":{"self":[{"href":"https:\/\/pagina10.com\/web\/wp-json\/wp\/v2\/posts\/58014","targetHints":{"allow":["GET"]}}],"collection":[{"href":"https:\/\/pagina10.com\/web\/wp-json\/wp\/v2\/posts"}],"about":[{"href":"https:\/\/pagina10.com\/web\/wp-json\/wp\/v2\/types\/post"}],"author":[{"embeddable":true,"href":"https:\/\/pagina10.com\/web\/wp-json\/wp\/v2\/users\/1"}],"replies":[{"embeddable":true,"href":"https:\/\/pagina10.com\/web\/wp-json\/wp\/v2\/comments?post=58014"}],"version-history":[{"count":1,"href":"https:\/\/pagina10.com\/web\/wp-json\/wp\/v2\/posts\/58014\/revisions"}],"predecessor-version":[{"id":58016,"href":"https:\/\/pagina10.com\/web\/wp-json\/wp\/v2\/posts\/58014\/revisions\/58016"}],"wp:featuredmedia":[{"embeddable":true,"href":"https:\/\/pagina10.com\/web\/wp-json\/wp\/v2\/media\/58015"}],"wp:attachment":[{"href":"https:\/\/pagina10.com\/web\/wp-json\/wp\/v2\/media?parent=58014"}],"wp:term":[{"taxonomy":"category","embeddable":true,"href":"https:\/\/pagina10.com\/web\/wp-json\/wp\/v2\/categories?post=58014"},{"taxonomy":"post_tag","embeddable":true,"href":"https:\/\/pagina10.com\/web\/wp-json\/wp\/v2\/tags?post=58014"}],"curies":[{"name":"wp","href":"https:\/\/api.w.org\/{rel}","templated":true}]}}