{"id":58025,"date":"2022-02-04T20:16:36","date_gmt":"2022-02-05T01:16:36","guid":{"rendered":"https:\/\/pagina10.com\/web\/?p=58025"},"modified":"2022-02-04T20:16:36","modified_gmt":"2022-02-05T01:16:36","slug":"amparo-fortaleche-del-horror-de-la-guerra-y-el-maltrato-a-las-curules-de-paz","status":"publish","type":"post","link":"https:\/\/pagina10.com\/web\/amparo-fortaleche-del-horror-de-la-guerra-y-el-maltrato-a-las-curules-de-paz\/","title":{"rendered":"Amparo Fortalech\u00e9, del horror de la guerra y el maltrato a las curules de paz"},"content":{"rendered":"<p style=\"text-align: justify;\">Amparo Fortalech\u00e9 Triana \u201ces v\u00edctima de todas las violencias, aprendi\u00f3 a leer con las manos de barro y los pies descalzos, como todas las ni\u00f1as y ni\u00f1os campesinos\u201d, dice el escritor Fernando Ayala Poveda. Sin ning\u00fan nexo pol\u00edtico, Amparo es una activista con estudios de Ingenier\u00eda Industrial, quien aspira a ocupar una curul de paz en la C\u00e1mara de Representantes dentro de las circunscripciones transitorias especiales.<\/p>\n<p style=\"text-align: justify;\">Amparo Fortalech\u00e9 Triana podr\u00eda ser elegida por el voto de las v\u00edctimas del Huila. La activista cree en la gobernanza de las mujeres del cacao, el caf\u00e9, la papa, la sostenibilidad agroalimentaria y el derecho a que los colombianos se sanen a trav\u00e9s de las posibilidades de contar su historia.<\/p>\n<p style=\"text-align: justify;\">De igual manera, cree en una educaci\u00f3n que prevenga el feminicidio, la trata de personas, la violencia pol\u00edtica y todas las formas de machismo. \u201cLa ni\u00f1a del barro\u201d, como sol\u00edan llamarla sus maestros, rechaza la ni\u00f1ez sin infancia, las marcas del abuso, el despojo, las muchas veces en que sus propios coterr\u00e1neos la sacaron a rastras del escenario de la cultura o las repetidas oportunidades en que los patrones la mantuvieron prisionera en su sitio de trabajo, sin derecho al lavabo a pesar de sus ataques de asma.<\/p>\n<p style=\"text-align: justify;\">\u201cAunque su historia cl\u00ednica la diagnostica como paciente catastr\u00f3fico, la ni\u00f1a de barro que perdi\u00f3 un zapato cruzando los r\u00edos del desplazamiento y la sangre, revivi\u00f3 para caminar al lado de las ni\u00f1as del pa\u00eds que queremos\u201d, dice el escritor Ayala Poveda.<\/p>\n<p style=\"text-align: justify;\">Amparo es coprotagonista de la novela La guerra de los Violines del escritor boyacense, una historia contada por mujeres, madres, viudas, esposas sin tierra y sin m\u00e1s medicina que la m\u00fasica colombiana para reparar sus dolores ocasionados por el conflicto armado colombiano.<\/p>\n<p style=\"text-align: justify;\">\u201cUna v\u00edctima no tiene ni para la comida\u201d, dice Amparo. \u201cNo tiene formas de vivir, es por eso que las pol\u00edticas para las v\u00edctimas deben ser m\u00e1s flexibles, que tengan oportunidades, una esperanza para un porvenir mejor\u201d.<\/p>\n<p style=\"text-align: justify;\">Desde cuando aprendi\u00f3 a leer y a escribir se convirti\u00f3 en una difusora de la literatura intentando hacer pa\u00eds y motivando a los j\u00f3venes y ni\u00f1os para que abran puertas a trav\u00e9s del conocimiento y los procesos acad\u00e9micos. \u201cNo se puede seguir abusando del ni\u00f1o que no puede defenderse, de la persona que se aparta de las inclinaciones sexuales aceptada como convencionales\u201d, manifiesta.<\/p>\n<p style=\"text-align: justify;\">Nacida en los horrores de la guerra y el maltrato, Amparo Fortalech\u00e9 Triana intenta conseguir una de las curules de paz en el congreso, despu\u00e9s de cumplir requisitos y m\u00faltiples exigencias establecidas por la legislaci\u00f3n colombiana.<\/p>\n","protected":false},"excerpt":{"rendered":"<p>Amparo Fortalech\u00e9 Triana \u201ces v\u00edctima de todas las violencias, aprendi\u00f3 a leer con las manos de barro y los pies descalzos, como todas las ni\u00f1as y ni\u00f1os campesinos\u201d, dice el escritor Fernando Ayala Poveda. Sin ning\u00fan nexo pol\u00edtico, Amparo es una activista con estudios de Ingenier\u00eda Industrial, quien aspira a ocupar una curul de paz [&hellip;]<\/p>\n","protected":false},"author":17,"featured_media":58026,"comment_status":"open","ping_status":"open","sticky":false,"template":"","format":"standard","meta":{"footnotes":""},"categories":[94],"tags":[],"class_list":["post-58025","post","type-post","status-publish","format-standard","has-post-thumbnail","hentry","category-nacional-global-2"],"yoast_head":"<!-- This site is optimized with the Yoast SEO plugin v27.1.1 - https:\/\/yoast.com\/product\/yoast-seo-wordpress\/ -->\n<title>Amparo Fortalech\u00e9, del horror de la guerra y el maltrato a las curules de paz | P\u00e1gina10<\/title>\n<meta name=\"robots\" content=\"index, follow, max-snippet:-1, max-image-preview:large, max-video-preview:-1\" \/>\n<link rel=\"canonical\" href=\"https:\/\/pagina10.com\/web\/amparo-fortaleche-del-horror-de-la-guerra-y-el-maltrato-a-las-curules-de-paz\/\" \/>\n<meta property=\"og:locale\" content=\"es_ES\" \/>\n<meta property=\"og:type\" content=\"article\" \/>\n<meta property=\"og:title\" content=\"Amparo Fortalech\u00e9, del horror de la guerra y el maltrato a las curules de paz | P\u00e1gina10\" \/>\n<meta property=\"og:description\" content=\"Amparo Fortalech\u00e9 Triana \u201ces v\u00edctima de todas las violencias, aprendi\u00f3 a leer con las manos de barro y los pies descalzos, como todas las ni\u00f1as y ni\u00f1os campesinos\u201d, dice el escritor Fernando Ayala Poveda. Sin ning\u00fan nexo pol\u00edtico, Amparo es una activista con estudios de Ingenier\u00eda Industrial, quien aspira a ocupar una curul de paz [&hellip;]\" \/>\n<meta property=\"og:url\" content=\"https:\/\/pagina10.com\/web\/amparo-fortaleche-del-horror-de-la-guerra-y-el-maltrato-a-las-curules-de-paz\/\" \/>\n<meta property=\"og:site_name\" content=\"P\u00e1gina10\" \/>\n<meta property=\"article:publisher\" content=\"https:\/\/www.facebook.com\/pag10com\" \/>\n<meta property=\"article:published_time\" content=\"2022-02-05T01:16:36+00:00\" \/>\n<meta property=\"og:image\" content=\"https:\/\/pagina10.com\/web\/wp-content\/uploads\/2022\/02\/Captura-de-Pantalla-2022-02-04-a-las-8.13.58-p.-m..png\" \/>\n\t<meta property=\"og:image:width\" content=\"937\" \/>\n\t<meta property=\"og:image:height\" content=\"545\" \/>\n\t<meta property=\"og:image:type\" content=\"image\/png\" \/>\n<meta name=\"author\" content=\"Albeiro Arciniegas\" \/>\n<meta name=\"twitter:card\" content=\"summary_large_image\" \/>\n<meta name=\"twitter:creator\" content=\"@Pag10com\" \/>\n<meta name=\"twitter:site\" content=\"@Pag10com\" \/>\n<meta name=\"twitter:label1\" content=\"Escrito por\" \/>\n\t<meta name=\"twitter:data1\" content=\"Albeiro Arciniegas\" \/>\n\t<meta name=\"twitter:label2\" content=\"Tiempo de lectura\" \/>\n\t<meta name=\"twitter:data2\" content=\"2 minutos\" \/>\n<script type=\"application\/ld+json\" class=\"yoast-schema-graph\">{\"@context\":\"https:\/\/schema.org\",\"@graph\":[{\"@type\":\"Article\",\"@id\":\"https:\/\/pagina10.com\/web\/amparo-fortaleche-del-horror-de-la-guerra-y-el-maltrato-a-las-curules-de-paz\/#article\",\"isPartOf\":{\"@id\":\"https:\/\/pagina10.com\/web\/amparo-fortaleche-del-horror-de-la-guerra-y-el-maltrato-a-las-curules-de-paz\/\"},\"author\":{\"name\":\"Albeiro Arciniegas\",\"@id\":\"https:\/\/pagina10.com\/web\/#\/schema\/person\/334a167008451d8dce4633b56c1082b8\"},\"headline\":\"Amparo Fortalech\u00e9, del horror de la guerra y el maltrato a las curules de paz\",\"datePublished\":\"2022-02-05T01:16:36+00:00\",\"mainEntityOfPage\":{\"@id\":\"https:\/\/pagina10.com\/web\/amparo-fortaleche-del-horror-de-la-guerra-y-el-maltrato-a-las-curules-de-paz\/\"},\"wordCount\":476,\"commentCount\":0,\"publisher\":{\"@id\":\"https:\/\/pagina10.com\/web\/#organization\"},\"image\":{\"@id\":\"https:\/\/pagina10.com\/web\/amparo-fortaleche-del-horror-de-la-guerra-y-el-maltrato-a-las-curules-de-paz\/#primaryimage\"},\"thumbnailUrl\":\"https:\/\/pagina10.com\/web\/wp-content\/uploads\/2022\/02\/Captura-de-Pantalla-2022-02-04-a-las-8.13.58-p.-m..png\",\"articleSection\":[\"Nacional\"],\"inLanguage\":\"es\",\"potentialAction\":[{\"@type\":\"CommentAction\",\"name\":\"Comment\",\"target\":[\"https:\/\/pagina10.com\/web\/amparo-fortaleche-del-horror-de-la-guerra-y-el-maltrato-a-las-curules-de-paz\/#respond\"]}]},{\"@type\":\"WebPage\",\"@id\":\"https:\/\/pagina10.com\/web\/amparo-fortaleche-del-horror-de-la-guerra-y-el-maltrato-a-las-curules-de-paz\/\",\"url\":\"https:\/\/pagina10.com\/web\/amparo-fortaleche-del-horror-de-la-guerra-y-el-maltrato-a-las-curules-de-paz\/\",\"name\":\"Amparo Fortalech\u00e9, del horror de la guerra y el maltrato a las curules de paz | P\u00e1gina10\",\"isPartOf\":{\"@id\":\"https:\/\/pagina10.com\/web\/#website\"},\"primaryImageOfPage\":{\"@id\":\"https:\/\/pagina10.com\/web\/amparo-fortaleche-del-horror-de-la-guerra-y-el-maltrato-a-las-curules-de-paz\/#primaryimage\"},\"image\":{\"@id\":\"https:\/\/pagina10.com\/web\/amparo-fortaleche-del-horror-de-la-guerra-y-el-maltrato-a-las-curules-de-paz\/#primaryimage\"},\"thumbnailUrl\":\"https:\/\/pagina10.com\/web\/wp-content\/uploads\/2022\/02\/Captura-de-Pantalla-2022-02-04-a-las-8.13.58-p.-m..png\",\"datePublished\":\"2022-02-05T01:16:36+00:00\",\"breadcrumb\":{\"@id\":\"https:\/\/pagina10.com\/web\/amparo-fortaleche-del-horror-de-la-guerra-y-el-maltrato-a-las-curules-de-paz\/#breadcrumb\"},\"inLanguage\":\"es\",\"potentialAction\":[{\"@type\":\"ReadAction\",\"target\":[\"https:\/\/pagina10.com\/web\/amparo-fortaleche-del-horror-de-la-guerra-y-el-maltrato-a-las-curules-de-paz\/\"]}]},{\"@type\":\"ImageObject\",\"inLanguage\":\"es\",\"@id\":\"https:\/\/pagina10.com\/web\/amparo-fortaleche-del-horror-de-la-guerra-y-el-maltrato-a-las-curules-de-paz\/#primaryimage\",\"url\":\"https:\/\/pagina10.com\/web\/wp-content\/uploads\/2022\/02\/Captura-de-Pantalla-2022-02-04-a-las-8.13.58-p.-m..png\",\"contentUrl\":\"https:\/\/pagina10.com\/web\/wp-content\/uploads\/2022\/02\/Captura-de-Pantalla-2022-02-04-a-las-8.13.58-p.-m..png\",\"width\":937,\"height\":545},{\"@type\":\"BreadcrumbList\",\"@id\":\"https:\/\/pagina10.com\/web\/amparo-fortaleche-del-horror-de-la-guerra-y-el-maltrato-a-las-curules-de-paz\/#breadcrumb\",\"itemListElement\":[{\"@type\":\"ListItem\",\"position\":1,\"name\":\"Portada\",\"item\":\"https:\/\/pagina10.com\/web\/\"},{\"@type\":\"ListItem\",\"position\":2,\"name\":\"Amparo Fortalech\u00e9, del horror de la guerra y el maltrato a las curules de paz\"}]},{\"@type\":\"WebSite\",\"@id\":\"https:\/\/pagina10.com\/web\/#website\",\"url\":\"https:\/\/pagina10.com\/web\/\",\"name\":\"P\u00e1gina10\",\"description\":\"Peri\u00f3dico Regional\",\"publisher\":{\"@id\":\"https:\/\/pagina10.com\/web\/#organization\"},\"alternateName\":\"P\u00e1gina10 Peri\u00f3dico Regional\",\"potentialAction\":[{\"@type\":\"SearchAction\",\"target\":{\"@type\":\"EntryPoint\",\"urlTemplate\":\"https:\/\/pagina10.com\/web\/?s={search_term_string}\"},\"query-input\":{\"@type\":\"PropertyValueSpecification\",\"valueRequired\":true,\"valueName\":\"search_term_string\"}}],\"inLanguage\":\"es\"},{\"@type\":\"Organization\",\"@id\":\"https:\/\/pagina10.com\/web\/#organization\",\"name\":\"P\u00e1gina10\",\"alternateName\":\"P\u00e1gina10 Peri\u00f3dico Regional\",\"url\":\"https:\/\/pagina10.com\/web\/\",\"logo\":{\"@type\":\"ImageObject\",\"inLanguage\":\"es\",\"@id\":\"https:\/\/pagina10.com\/web\/#\/schema\/logo\/image\/\",\"url\":\"https:\/\/pagina10.com\/web\/wp-content\/uploads\/2024\/01\/40-pagina-10-periodico-regional-pasto.jpg\",\"contentUrl\":\"https:\/\/pagina10.com\/web\/wp-content\/uploads\/2024\/01\/40-pagina-10-periodico-regional-pasto.jpg\",\"width\":1280,\"height\":720,\"caption\":\"P\u00e1gina10\"},\"image\":{\"@id\":\"https:\/\/pagina10.com\/web\/#\/schema\/logo\/image\/\"},\"sameAs\":[\"https:\/\/www.facebook.com\/pag10com\",\"https:\/\/x.com\/Pag10com\",\"https:\/\/www.instagram.com\/pagina10col\/\",\"https:\/\/youtube.com\/channel\/pag10\",\"https:\/\/www.tiktok.com\/@p10col\"]},{\"@type\":\"Person\",\"@id\":\"https:\/\/pagina10.com\/web\/#\/schema\/person\/334a167008451d8dce4633b56c1082b8\",\"name\":\"Albeiro Arciniegas\",\"description\":\"Escritor. Periodista. Licenciado en Filosof\u00eda y Letras y Mag\u00edster en Etnoliteratura de la Universidad de Nari\u00f1o. Ha publicado dos libros: Los decadentes y otros cuentos, con la Editorial Pre-textos de Valencia, Espa\u00f1a, y 5-12, Operaci\u00f3n Cauterio\/ Los decadentes y otros cuentos, con Ediciones Mascaluna de Medell\u00edn. Ganador del Concurso Nacional de Cuento de la Universidad Metropolitana de Barranquilla, finalista del Concurso de Cuentos \u201cCarlos Castro Saavedra\u201d de Medell\u00edn y ganador del Concurso Nacional de Cuento \u201cNuevo Milenio\u201d de Pereira. En Espa\u00f1a, gan\u00f3 el Premio Internacional de Libros de Cuentos \u201cManuel Llano\u201d, otorgado por el gobierno de Cantabria. Es el creador del Concurso Internacional de Cuento Ecol\u00f3gico \u201cCiudad de Pupiales\u201d, evento literario que cuenta con la participaci\u00f3n de escritores de los cinco continentes, especialmente de Am\u00e9rica y Europa. Actualmente, inmerso en la preparaci\u00f3n de su primera novela y algunos art\u00edculos de prensa. E-mail: albeiroarciniegas@yahoo.com.ar\",\"url\":\"https:\/\/pagina10.com\/web\/author\/aarciniegas\/\"}]}<\/script>\n<!-- \/ Yoast SEO plugin. -->","yoast_head_json":{"title":"Amparo Fortalech\u00e9, del horror de la guerra y el maltrato a las curules de paz | P\u00e1gina10","robots":{"index":"index","follow":"follow","max-snippet":"max-snippet:-1","max-image-preview":"max-image-preview:large","max-video-preview":"max-video-preview:-1"},"canonical":"https:\/\/pagina10.com\/web\/amparo-fortaleche-del-horror-de-la-guerra-y-el-maltrato-a-las-curules-de-paz\/","og_locale":"es_ES","og_type":"article","og_title":"Amparo Fortalech\u00e9, del horror de la guerra y el maltrato a las curules de paz | P\u00e1gina10","og_description":"Amparo Fortalech\u00e9 Triana \u201ces v\u00edctima de todas las violencias, aprendi\u00f3 a leer con las manos de barro y los pies descalzos, como todas las ni\u00f1as y ni\u00f1os campesinos\u201d, dice el escritor Fernando Ayala Poveda. Sin ning\u00fan nexo pol\u00edtico, Amparo es una activista con estudios de Ingenier\u00eda Industrial, quien aspira a ocupar una curul de paz [&hellip;]","og_url":"https:\/\/pagina10.com\/web\/amparo-fortaleche-del-horror-de-la-guerra-y-el-maltrato-a-las-curules-de-paz\/","og_site_name":"P\u00e1gina10","article_publisher":"https:\/\/www.facebook.com\/pag10com","article_published_time":"2022-02-05T01:16:36+00:00","og_image":[{"width":937,"height":545,"url":"https:\/\/pagina10.com\/web\/wp-content\/uploads\/2022\/02\/Captura-de-Pantalla-2022-02-04-a-las-8.13.58-p.-m..png","type":"image\/png"}],"author":"Albeiro Arciniegas","twitter_card":"summary_large_image","twitter_creator":"@Pag10com","twitter_site":"@Pag10com","twitter_misc":{"Escrito por":"Albeiro Arciniegas","Tiempo de lectura":"2 minutos"},"schema":{"@context":"https:\/\/schema.org","@graph":[{"@type":"Article","@id":"https:\/\/pagina10.com\/web\/amparo-fortaleche-del-horror-de-la-guerra-y-el-maltrato-a-las-curules-de-paz\/#article","isPartOf":{"@id":"https:\/\/pagina10.com\/web\/amparo-fortaleche-del-horror-de-la-guerra-y-el-maltrato-a-las-curules-de-paz\/"},"author":{"name":"Albeiro Arciniegas","@id":"https:\/\/pagina10.com\/web\/#\/schema\/person\/334a167008451d8dce4633b56c1082b8"},"headline":"Amparo Fortalech\u00e9, del horror de la guerra y el maltrato a las curules de paz","datePublished":"2022-02-05T01:16:36+00:00","mainEntityOfPage":{"@id":"https:\/\/pagina10.com\/web\/amparo-fortaleche-del-horror-de-la-guerra-y-el-maltrato-a-las-curules-de-paz\/"},"wordCount":476,"commentCount":0,"publisher":{"@id":"https:\/\/pagina10.com\/web\/#organization"},"image":{"@id":"https:\/\/pagina10.com\/web\/amparo-fortaleche-del-horror-de-la-guerra-y-el-maltrato-a-las-curules-de-paz\/#primaryimage"},"thumbnailUrl":"https:\/\/pagina10.com\/web\/wp-content\/uploads\/2022\/02\/Captura-de-Pantalla-2022-02-04-a-las-8.13.58-p.-m..png","articleSection":["Nacional"],"inLanguage":"es","potentialAction":[{"@type":"CommentAction","name":"Comment","target":["https:\/\/pagina10.com\/web\/amparo-fortaleche-del-horror-de-la-guerra-y-el-maltrato-a-las-curules-de-paz\/#respond"]}]},{"@type":"WebPage","@id":"https:\/\/pagina10.com\/web\/amparo-fortaleche-del-horror-de-la-guerra-y-el-maltrato-a-las-curules-de-paz\/","url":"https:\/\/pagina10.com\/web\/amparo-fortaleche-del-horror-de-la-guerra-y-el-maltrato-a-las-curules-de-paz\/","name":"Amparo Fortalech\u00e9, del horror de la guerra y el maltrato a las curules de paz | P\u00e1gina10","isPartOf":{"@id":"https:\/\/pagina10.com\/web\/#website"},"primaryImageOfPage":{"@id":"https:\/\/pagina10.com\/web\/amparo-fortaleche-del-horror-de-la-guerra-y-el-maltrato-a-las-curules-de-paz\/#primaryimage"},"image":{"@id":"https:\/\/pagina10.com\/web\/amparo-fortaleche-del-horror-de-la-guerra-y-el-maltrato-a-las-curules-de-paz\/#primaryimage"},"thumbnailUrl":"https:\/\/pagina10.com\/web\/wp-content\/uploads\/2022\/02\/Captura-de-Pantalla-2022-02-04-a-las-8.13.58-p.-m..png","datePublished":"2022-02-05T01:16:36+00:00","breadcrumb":{"@id":"https:\/\/pagina10.com\/web\/amparo-fortaleche-del-horror-de-la-guerra-y-el-maltrato-a-las-curules-de-paz\/#breadcrumb"},"inLanguage":"es","potentialAction":[{"@type":"ReadAction","target":["https:\/\/pagina10.com\/web\/amparo-fortaleche-del-horror-de-la-guerra-y-el-maltrato-a-las-curules-de-paz\/"]}]},{"@type":"ImageObject","inLanguage":"es","@id":"https:\/\/pagina10.com\/web\/amparo-fortaleche-del-horror-de-la-guerra-y-el-maltrato-a-las-curules-de-paz\/#primaryimage","url":"https:\/\/pagina10.com\/web\/wp-content\/uploads\/2022\/02\/Captura-de-Pantalla-2022-02-04-a-las-8.13.58-p.-m..png","contentUrl":"https:\/\/pagina10.com\/web\/wp-content\/uploads\/2022\/02\/Captura-de-Pantalla-2022-02-04-a-las-8.13.58-p.-m..png","width":937,"height":545},{"@type":"BreadcrumbList","@id":"https:\/\/pagina10.com\/web\/amparo-fortaleche-del-horror-de-la-guerra-y-el-maltrato-a-las-curules-de-paz\/#breadcrumb","itemListElement":[{"@type":"ListItem","position":1,"name":"Portada","item":"https:\/\/pagina10.com\/web\/"},{"@type":"ListItem","position":2,"name":"Amparo Fortalech\u00e9, del horror de la guerra y el maltrato a las curules de paz"}]},{"@type":"WebSite","@id":"https:\/\/pagina10.com\/web\/#website","url":"https:\/\/pagina10.com\/web\/","name":"P\u00e1gina10","description":"Peri\u00f3dico Regional","publisher":{"@id":"https:\/\/pagina10.com\/web\/#organization"},"alternateName":"P\u00e1gina10 Peri\u00f3dico Regional","potentialAction":[{"@type":"SearchAction","target":{"@type":"EntryPoint","urlTemplate":"https:\/\/pagina10.com\/web\/?s={search_term_string}"},"query-input":{"@type":"PropertyValueSpecification","valueRequired":true,"valueName":"search_term_string"}}],"inLanguage":"es"},{"@type":"Organization","@id":"https:\/\/pagina10.com\/web\/#organization","name":"P\u00e1gina10","alternateName":"P\u00e1gina10 Peri\u00f3dico Regional","url":"https:\/\/pagina10.com\/web\/","logo":{"@type":"ImageObject","inLanguage":"es","@id":"https:\/\/pagina10.com\/web\/#\/schema\/logo\/image\/","url":"https:\/\/pagina10.com\/web\/wp-content\/uploads\/2024\/01\/40-pagina-10-periodico-regional-pasto.jpg","contentUrl":"https:\/\/pagina10.com\/web\/wp-content\/uploads\/2024\/01\/40-pagina-10-periodico-regional-pasto.jpg","width":1280,"height":720,"caption":"P\u00e1gina10"},"image":{"@id":"https:\/\/pagina10.com\/web\/#\/schema\/logo\/image\/"},"sameAs":["https:\/\/www.facebook.com\/pag10com","https:\/\/x.com\/Pag10com","https:\/\/www.instagram.com\/pagina10col\/","https:\/\/youtube.com\/channel\/pag10","https:\/\/www.tiktok.com\/@p10col"]},{"@type":"Person","@id":"https:\/\/pagina10.com\/web\/#\/schema\/person\/334a167008451d8dce4633b56c1082b8","name":"Albeiro Arciniegas","description":"Escritor. Periodista. Licenciado en Filosof\u00eda y Letras y Mag\u00edster en Etnoliteratura de la Universidad de Nari\u00f1o. Ha publicado dos libros: Los decadentes y otros cuentos, con la Editorial Pre-textos de Valencia, Espa\u00f1a, y 5-12, Operaci\u00f3n Cauterio\/ Los decadentes y otros cuentos, con Ediciones Mascaluna de Medell\u00edn. Ganador del Concurso Nacional de Cuento de la Universidad Metropolitana de Barranquilla, finalista del Concurso de Cuentos \u201cCarlos Castro Saavedra\u201d de Medell\u00edn y ganador del Concurso Nacional de Cuento \u201cNuevo Milenio\u201d de Pereira. En Espa\u00f1a, gan\u00f3 el Premio Internacional de Libros de Cuentos \u201cManuel Llano\u201d, otorgado por el gobierno de Cantabria. Es el creador del Concurso Internacional de Cuento Ecol\u00f3gico \u201cCiudad de Pupiales\u201d, evento literario que cuenta con la participaci\u00f3n de escritores de los cinco continentes, especialmente de Am\u00e9rica y Europa. Actualmente, inmerso en la preparaci\u00f3n de su primera novela y algunos art\u00edculos de prensa. E-mail: albeiroarciniegas@yahoo.com.ar","url":"https:\/\/pagina10.com\/web\/author\/aarciniegas\/"}]}},"_links":{"self":[{"href":"https:\/\/pagina10.com\/web\/wp-json\/wp\/v2\/posts\/58025","targetHints":{"allow":["GET"]}}],"collection":[{"href":"https:\/\/pagina10.com\/web\/wp-json\/wp\/v2\/posts"}],"about":[{"href":"https:\/\/pagina10.com\/web\/wp-json\/wp\/v2\/types\/post"}],"author":[{"embeddable":true,"href":"https:\/\/pagina10.com\/web\/wp-json\/wp\/v2\/users\/17"}],"replies":[{"embeddable":true,"href":"https:\/\/pagina10.com\/web\/wp-json\/wp\/v2\/comments?post=58025"}],"version-history":[{"count":1,"href":"https:\/\/pagina10.com\/web\/wp-json\/wp\/v2\/posts\/58025\/revisions"}],"predecessor-version":[{"id":58027,"href":"https:\/\/pagina10.com\/web\/wp-json\/wp\/v2\/posts\/58025\/revisions\/58027"}],"wp:featuredmedia":[{"embeddable":true,"href":"https:\/\/pagina10.com\/web\/wp-json\/wp\/v2\/media\/58026"}],"wp:attachment":[{"href":"https:\/\/pagina10.com\/web\/wp-json\/wp\/v2\/media?parent=58025"}],"wp:term":[{"taxonomy":"category","embeddable":true,"href":"https:\/\/pagina10.com\/web\/wp-json\/wp\/v2\/categories?post=58025"},{"taxonomy":"post_tag","embeddable":true,"href":"https:\/\/pagina10.com\/web\/wp-json\/wp\/v2\/tags?post=58025"}],"curies":[{"name":"wp","href":"https:\/\/api.w.org\/{rel}","templated":true}]}}