{"id":58028,"date":"2022-02-04T20:22:53","date_gmt":"2022-02-05T01:22:53","guid":{"rendered":"https:\/\/pagina10.com\/web\/?p=58028"},"modified":"2022-02-04T20:22:53","modified_gmt":"2022-02-05T01:22:53","slug":"la-gobernacion-de-narino-conmemorara-el-dia-mundial-de-los-humedales","status":"publish","type":"post","link":"https:\/\/pagina10.com\/web\/la-gobernacion-de-narino-conmemorara-el-dia-mundial-de-los-humedales\/","title":{"rendered":"La Gobernaci\u00f3n de Nari\u00f1o conmemorar\u00e1 el D\u00eda Mundial de los Humedales"},"content":{"rendered":"<p style=\"text-align: justify;\">La Gobernaci\u00f3n de Nari\u00f1o, a trav\u00e9s de la Secretar\u00eda de Ambiente y Desarrollo Sostenible y el Plan Departamental de Agua de Nari\u00f1o, en articulaci\u00f3n a Corponari\u00f1o y entidades de orden municipal, conmemorar\u00e1n el pr\u00f3ximo 5 de febrero en la Laguna de La Cocha el d\u00eda mundial de los humedales, como reconocimiento a estos ecosistemas que contribuyen a la biodiversidad, la mitigaci\u00f3n del cambio clim\u00e1tico, la disponibilidad de agua dulce y la resiliencia econ\u00f3mica.<br \/>\nLos humedales constituyen uno de los ecosistemas m\u00e1s importantes del planeta, son un refugio para la fauna, filtran la contaminaci\u00f3n y son importantes dep\u00f3sitos de carbono.<\/p>\n<div style=\"text-align: justify;\">\n\u201cPara el Departamento de Nari\u00f1o, las comunidades ind\u00edgenas y campesinas, la Laguna de la Cocha, simboliza fuente de vida, adem\u00e1s, contribuye con el abastecimiento de alimentos a nivel local y regional. Es importante recalcar, que, en este punto de la geograf\u00eda nari\u00f1ense, nace la Amazon\u00eda de nuestro Pa\u00eds, por ello, celebraremos este d\u00eda en nuestro Humedal Ramsar, como muestra del compromiso institucional en la gesti\u00f3n sostenible y la restauraci\u00f3n de los mismos\u201d, afirm\u00f3 el Secretario de Ambiente y Desarrollo Sostenible, Pablo Aguirre.<\/p>\n<p>Por su parte, el Coordinador del Componente de Gesti\u00f3n Social del Plan Departamental de Agua, Nelson Leyt\u00f3n Portilla, hizo una invitaci\u00f3n a todos los nari\u00f1enses, para que asistan masivamente a esta conmemoraci\u00f3n: \u201cHacemos extensiva una invitaci\u00f3n, para que el d\u00eda 5 de febrero celebremos el d\u00eda mundial de los humedales. Conmemoramos, en articulaci\u00f3n con diferentes entidades departamentales y municipales, este d\u00eda fundamental para la conservaci\u00f3n del medio ambiente. Celebrar este d\u00eda, es una respuesta positiva al fen\u00f3meno del cambio clim\u00e1tico. Invitamos a la comunidad del corregimiento del Encano y a todos los nari\u00f1enses, a que se den cita en la Vereda Santa Rosa el pr\u00f3ximo 5 de febrero a partir de las 10:00 am\u201d.<\/p><\/div>\n","protected":false},"excerpt":{"rendered":"<p>La Gobernaci\u00f3n de Nari\u00f1o, a trav\u00e9s de la Secretar\u00eda de Ambiente y Desarrollo Sostenible y el Plan Departamental de Agua de Nari\u00f1o, en articulaci\u00f3n a Corponari\u00f1o y entidades de orden municipal, conmemorar\u00e1n el pr\u00f3ximo 5 de febrero en la Laguna de La Cocha el d\u00eda mundial de los humedales, como reconocimiento a estos ecosistemas que [&hellip;]<\/p>\n","protected":false},"author":1,"featured_media":58029,"comment_status":"open","ping_status":"open","sticky":false,"template":"","format":"standard","meta":{"footnotes":""},"categories":[53],"tags":[],"class_list":["post-58028","post","type-post","status-publish","format-standard","has-post-thumbnail","hentry","category-regiones"],"yoast_head":"<!-- This site is optimized with the Yoast SEO plugin v27.1.1 - https:\/\/yoast.com\/product\/yoast-seo-wordpress\/ -->\n<title>La Gobernaci\u00f3n de Nari\u00f1o conmemorar\u00e1 el D\u00eda Mundial de los Humedales | P\u00e1gina10<\/title>\n<meta name=\"robots\" content=\"index, follow, max-snippet:-1, max-image-preview:large, max-video-preview:-1\" \/>\n<link rel=\"canonical\" href=\"https:\/\/pagina10.com\/web\/la-gobernacion-de-narino-conmemorara-el-dia-mundial-de-los-humedales\/\" \/>\n<meta property=\"og:locale\" content=\"es_ES\" \/>\n<meta property=\"og:type\" content=\"article\" \/>\n<meta property=\"og:title\" content=\"La Gobernaci\u00f3n de Nari\u00f1o conmemorar\u00e1 el D\u00eda Mundial de los Humedales | P\u00e1gina10\" \/>\n<meta property=\"og:description\" content=\"La Gobernaci\u00f3n de Nari\u00f1o, a trav\u00e9s de la Secretar\u00eda de Ambiente y Desarrollo Sostenible y el Plan Departamental de Agua de Nari\u00f1o, en articulaci\u00f3n a Corponari\u00f1o y entidades de orden municipal, conmemorar\u00e1n el pr\u00f3ximo 5 de febrero en la Laguna de La Cocha el d\u00eda mundial de los humedales, como reconocimiento a estos ecosistemas que [&hellip;]\" \/>\n<meta property=\"og:url\" content=\"https:\/\/pagina10.com\/web\/la-gobernacion-de-narino-conmemorara-el-dia-mundial-de-los-humedales\/\" \/>\n<meta property=\"og:site_name\" content=\"P\u00e1gina10\" \/>\n<meta property=\"article:publisher\" content=\"https:\/\/www.facebook.com\/pag10com\" \/>\n<meta property=\"article:published_time\" content=\"2022-02-05T01:22:53+00:00\" \/>\n<meta property=\"og:image\" content=\"https:\/\/pagina10.com\/web\/wp-content\/uploads\/2022\/02\/Captura-de-Pantalla-2022-02-04-a-las-8.21.36-p.-m..png\" \/>\n\t<meta property=\"og:image:width\" content=\"552\" \/>\n\t<meta property=\"og:image:height\" content=\"306\" \/>\n\t<meta property=\"og:image:type\" content=\"image\/png\" \/>\n<meta name=\"author\" content=\"P\u00e1gina 10\" \/>\n<meta name=\"twitter:card\" content=\"summary_large_image\" \/>\n<meta name=\"twitter:creator\" content=\"@Pag10com\" \/>\n<meta name=\"twitter:site\" content=\"@Pag10com\" \/>\n<meta name=\"twitter:label1\" content=\"Escrito por\" \/>\n\t<meta name=\"twitter:data1\" content=\"P\u00e1gina 10\" \/>\n\t<meta name=\"twitter:label2\" content=\"Tiempo de lectura\" \/>\n\t<meta name=\"twitter:data2\" content=\"2 minutos\" \/>\n<script type=\"application\/ld+json\" class=\"yoast-schema-graph\">{\"@context\":\"https:\/\/schema.org\",\"@graph\":[{\"@type\":\"Article\",\"@id\":\"https:\/\/pagina10.com\/web\/la-gobernacion-de-narino-conmemorara-el-dia-mundial-de-los-humedales\/#article\",\"isPartOf\":{\"@id\":\"https:\/\/pagina10.com\/web\/la-gobernacion-de-narino-conmemorara-el-dia-mundial-de-los-humedales\/\"},\"author\":{\"name\":\"P\u00e1gina 10\",\"@id\":\"https:\/\/pagina10.com\/web\/#\/schema\/person\/2efc4a090d25b667d3bc796798a3a81b\"},\"headline\":\"La Gobernaci\u00f3n de Nari\u00f1o conmemorar\u00e1 el D\u00eda Mundial de los Humedales\",\"datePublished\":\"2022-02-05T01:22:53+00:00\",\"mainEntityOfPage\":{\"@id\":\"https:\/\/pagina10.com\/web\/la-gobernacion-de-narino-conmemorara-el-dia-mundial-de-los-humedales\/\"},\"wordCount\":347,\"commentCount\":0,\"publisher\":{\"@id\":\"https:\/\/pagina10.com\/web\/#organization\"},\"image\":{\"@id\":\"https:\/\/pagina10.com\/web\/la-gobernacion-de-narino-conmemorara-el-dia-mundial-de-los-humedales\/#primaryimage\"},\"thumbnailUrl\":\"https:\/\/pagina10.com\/web\/wp-content\/uploads\/2022\/02\/Captura-de-Pantalla-2022-02-04-a-las-8.21.36-p.-m..png\",\"articleSection\":[\"Regiones\"],\"inLanguage\":\"es\",\"potentialAction\":[{\"@type\":\"CommentAction\",\"name\":\"Comment\",\"target\":[\"https:\/\/pagina10.com\/web\/la-gobernacion-de-narino-conmemorara-el-dia-mundial-de-los-humedales\/#respond\"]}]},{\"@type\":\"WebPage\",\"@id\":\"https:\/\/pagina10.com\/web\/la-gobernacion-de-narino-conmemorara-el-dia-mundial-de-los-humedales\/\",\"url\":\"https:\/\/pagina10.com\/web\/la-gobernacion-de-narino-conmemorara-el-dia-mundial-de-los-humedales\/\",\"name\":\"La Gobernaci\u00f3n de Nari\u00f1o conmemorar\u00e1 el D\u00eda Mundial de los Humedales | P\u00e1gina10\",\"isPartOf\":{\"@id\":\"https:\/\/pagina10.com\/web\/#website\"},\"primaryImageOfPage\":{\"@id\":\"https:\/\/pagina10.com\/web\/la-gobernacion-de-narino-conmemorara-el-dia-mundial-de-los-humedales\/#primaryimage\"},\"image\":{\"@id\":\"https:\/\/pagina10.com\/web\/la-gobernacion-de-narino-conmemorara-el-dia-mundial-de-los-humedales\/#primaryimage\"},\"thumbnailUrl\":\"https:\/\/pagina10.com\/web\/wp-content\/uploads\/2022\/02\/Captura-de-Pantalla-2022-02-04-a-las-8.21.36-p.-m..png\",\"datePublished\":\"2022-02-05T01:22:53+00:00\",\"breadcrumb\":{\"@id\":\"https:\/\/pagina10.com\/web\/la-gobernacion-de-narino-conmemorara-el-dia-mundial-de-los-humedales\/#breadcrumb\"},\"inLanguage\":\"es\",\"potentialAction\":[{\"@type\":\"ReadAction\",\"target\":[\"https:\/\/pagina10.com\/web\/la-gobernacion-de-narino-conmemorara-el-dia-mundial-de-los-humedales\/\"]}]},{\"@type\":\"ImageObject\",\"inLanguage\":\"es\",\"@id\":\"https:\/\/pagina10.com\/web\/la-gobernacion-de-narino-conmemorara-el-dia-mundial-de-los-humedales\/#primaryimage\",\"url\":\"https:\/\/pagina10.com\/web\/wp-content\/uploads\/2022\/02\/Captura-de-Pantalla-2022-02-04-a-las-8.21.36-p.-m..png\",\"contentUrl\":\"https:\/\/pagina10.com\/web\/wp-content\/uploads\/2022\/02\/Captura-de-Pantalla-2022-02-04-a-las-8.21.36-p.-m..png\",\"width\":552,\"height\":306},{\"@type\":\"BreadcrumbList\",\"@id\":\"https:\/\/pagina10.com\/web\/la-gobernacion-de-narino-conmemorara-el-dia-mundial-de-los-humedales\/#breadcrumb\",\"itemListElement\":[{\"@type\":\"ListItem\",\"position\":1,\"name\":\"Portada\",\"item\":\"https:\/\/pagina10.com\/web\/\"},{\"@type\":\"ListItem\",\"position\":2,\"name\":\"La Gobernaci\u00f3n de Nari\u00f1o conmemorar\u00e1 el D\u00eda Mundial de los Humedales\"}]},{\"@type\":\"WebSite\",\"@id\":\"https:\/\/pagina10.com\/web\/#website\",\"url\":\"https:\/\/pagina10.com\/web\/\",\"name\":\"P\u00e1gina10\",\"description\":\"Peri\u00f3dico Regional\",\"publisher\":{\"@id\":\"https:\/\/pagina10.com\/web\/#organization\"},\"alternateName\":\"P\u00e1gina10 Peri\u00f3dico Regional\",\"potentialAction\":[{\"@type\":\"SearchAction\",\"target\":{\"@type\":\"EntryPoint\",\"urlTemplate\":\"https:\/\/pagina10.com\/web\/?s={search_term_string}\"},\"query-input\":{\"@type\":\"PropertyValueSpecification\",\"valueRequired\":true,\"valueName\":\"search_term_string\"}}],\"inLanguage\":\"es\"},{\"@type\":\"Organization\",\"@id\":\"https:\/\/pagina10.com\/web\/#organization\",\"name\":\"P\u00e1gina10\",\"alternateName\":\"P\u00e1gina10 Peri\u00f3dico Regional\",\"url\":\"https:\/\/pagina10.com\/web\/\",\"logo\":{\"@type\":\"ImageObject\",\"inLanguage\":\"es\",\"@id\":\"https:\/\/pagina10.com\/web\/#\/schema\/logo\/image\/\",\"url\":\"https:\/\/pagina10.com\/web\/wp-content\/uploads\/2024\/01\/40-pagina-10-periodico-regional-pasto.jpg\",\"contentUrl\":\"https:\/\/pagina10.com\/web\/wp-content\/uploads\/2024\/01\/40-pagina-10-periodico-regional-pasto.jpg\",\"width\":1280,\"height\":720,\"caption\":\"P\u00e1gina10\"},\"image\":{\"@id\":\"https:\/\/pagina10.com\/web\/#\/schema\/logo\/image\/\"},\"sameAs\":[\"https:\/\/www.facebook.com\/pag10com\",\"https:\/\/x.com\/Pag10com\",\"https:\/\/www.instagram.com\/pagina10col\/\",\"https:\/\/youtube.com\/channel\/pag10\",\"https:\/\/www.tiktok.com\/@p10col\"]},{\"@type\":\"Person\",\"@id\":\"https:\/\/pagina10.com\/web\/#\/schema\/person\/2efc4a090d25b667d3bc796798a3a81b\",\"name\":\"P\u00e1gina 10\",\"description\":\"P\u00e1gina 10 es un peri\u00f3dico regional que nace en Colombia, en el departamento de Nari\u00f1o, con un enfoque global, fundamentado en cuatro pilares esenciales: la libertad, el pluralismo, la inclusi\u00f3n y la independencia. P\u00e1gina 10 hace referencia a Nari\u00f1o como el d\u00e9cimo departamento creado en Colombia, despu\u00e9s de un proceso pol\u00edtico liderado por actores y actrices regionales con el fin de obtener la independencia y autonom\u00eda de nuestros territorios. Con la creaci\u00f3n de P\u00e1gina 10 se pretende abrir un escenario para el dialogo, la reflexi\u00f3n y el debate que se extienda a otras geograf\u00edas de Am\u00e9rica Latina y del planeta, en una apuesta por transformar colectivamente los desaf\u00edos de un mundo contempor\u00e1neo, m\u00e1s all\u00e1 de las fronteras impuestas.\",\"url\":\"https:\/\/pagina10.com\/web\/author\/pdiezadmin\/\"}]}<\/script>\n<!-- \/ Yoast SEO plugin. -->","yoast_head_json":{"title":"La Gobernaci\u00f3n de Nari\u00f1o conmemorar\u00e1 el D\u00eda Mundial de los Humedales | P\u00e1gina10","robots":{"index":"index","follow":"follow","max-snippet":"max-snippet:-1","max-image-preview":"max-image-preview:large","max-video-preview":"max-video-preview:-1"},"canonical":"https:\/\/pagina10.com\/web\/la-gobernacion-de-narino-conmemorara-el-dia-mundial-de-los-humedales\/","og_locale":"es_ES","og_type":"article","og_title":"La Gobernaci\u00f3n de Nari\u00f1o conmemorar\u00e1 el D\u00eda Mundial de los Humedales | P\u00e1gina10","og_description":"La Gobernaci\u00f3n de Nari\u00f1o, a trav\u00e9s de la Secretar\u00eda de Ambiente y Desarrollo Sostenible y el Plan Departamental de Agua de Nari\u00f1o, en articulaci\u00f3n a Corponari\u00f1o y entidades de orden municipal, conmemorar\u00e1n el pr\u00f3ximo 5 de febrero en la Laguna de La Cocha el d\u00eda mundial de los humedales, como reconocimiento a estos ecosistemas que [&hellip;]","og_url":"https:\/\/pagina10.com\/web\/la-gobernacion-de-narino-conmemorara-el-dia-mundial-de-los-humedales\/","og_site_name":"P\u00e1gina10","article_publisher":"https:\/\/www.facebook.com\/pag10com","article_published_time":"2022-02-05T01:22:53+00:00","og_image":[{"width":552,"height":306,"url":"https:\/\/pagina10.com\/web\/wp-content\/uploads\/2022\/02\/Captura-de-Pantalla-2022-02-04-a-las-8.21.36-p.-m..png","type":"image\/png"}],"author":"P\u00e1gina 10","twitter_card":"summary_large_image","twitter_creator":"@Pag10com","twitter_site":"@Pag10com","twitter_misc":{"Escrito por":"P\u00e1gina 10","Tiempo de lectura":"2 minutos"},"schema":{"@context":"https:\/\/schema.org","@graph":[{"@type":"Article","@id":"https:\/\/pagina10.com\/web\/la-gobernacion-de-narino-conmemorara-el-dia-mundial-de-los-humedales\/#article","isPartOf":{"@id":"https:\/\/pagina10.com\/web\/la-gobernacion-de-narino-conmemorara-el-dia-mundial-de-los-humedales\/"},"author":{"name":"P\u00e1gina 10","@id":"https:\/\/pagina10.com\/web\/#\/schema\/person\/2efc4a090d25b667d3bc796798a3a81b"},"headline":"La Gobernaci\u00f3n de Nari\u00f1o conmemorar\u00e1 el D\u00eda Mundial de los Humedales","datePublished":"2022-02-05T01:22:53+00:00","mainEntityOfPage":{"@id":"https:\/\/pagina10.com\/web\/la-gobernacion-de-narino-conmemorara-el-dia-mundial-de-los-humedales\/"},"wordCount":347,"commentCount":0,"publisher":{"@id":"https:\/\/pagina10.com\/web\/#organization"},"image":{"@id":"https:\/\/pagina10.com\/web\/la-gobernacion-de-narino-conmemorara-el-dia-mundial-de-los-humedales\/#primaryimage"},"thumbnailUrl":"https:\/\/pagina10.com\/web\/wp-content\/uploads\/2022\/02\/Captura-de-Pantalla-2022-02-04-a-las-8.21.36-p.-m..png","articleSection":["Regiones"],"inLanguage":"es","potentialAction":[{"@type":"CommentAction","name":"Comment","target":["https:\/\/pagina10.com\/web\/la-gobernacion-de-narino-conmemorara-el-dia-mundial-de-los-humedales\/#respond"]}]},{"@type":"WebPage","@id":"https:\/\/pagina10.com\/web\/la-gobernacion-de-narino-conmemorara-el-dia-mundial-de-los-humedales\/","url":"https:\/\/pagina10.com\/web\/la-gobernacion-de-narino-conmemorara-el-dia-mundial-de-los-humedales\/","name":"La Gobernaci\u00f3n de Nari\u00f1o conmemorar\u00e1 el D\u00eda Mundial de los Humedales | P\u00e1gina10","isPartOf":{"@id":"https:\/\/pagina10.com\/web\/#website"},"primaryImageOfPage":{"@id":"https:\/\/pagina10.com\/web\/la-gobernacion-de-narino-conmemorara-el-dia-mundial-de-los-humedales\/#primaryimage"},"image":{"@id":"https:\/\/pagina10.com\/web\/la-gobernacion-de-narino-conmemorara-el-dia-mundial-de-los-humedales\/#primaryimage"},"thumbnailUrl":"https:\/\/pagina10.com\/web\/wp-content\/uploads\/2022\/02\/Captura-de-Pantalla-2022-02-04-a-las-8.21.36-p.-m..png","datePublished":"2022-02-05T01:22:53+00:00","breadcrumb":{"@id":"https:\/\/pagina10.com\/web\/la-gobernacion-de-narino-conmemorara-el-dia-mundial-de-los-humedales\/#breadcrumb"},"inLanguage":"es","potentialAction":[{"@type":"ReadAction","target":["https:\/\/pagina10.com\/web\/la-gobernacion-de-narino-conmemorara-el-dia-mundial-de-los-humedales\/"]}]},{"@type":"ImageObject","inLanguage":"es","@id":"https:\/\/pagina10.com\/web\/la-gobernacion-de-narino-conmemorara-el-dia-mundial-de-los-humedales\/#primaryimage","url":"https:\/\/pagina10.com\/web\/wp-content\/uploads\/2022\/02\/Captura-de-Pantalla-2022-02-04-a-las-8.21.36-p.-m..png","contentUrl":"https:\/\/pagina10.com\/web\/wp-content\/uploads\/2022\/02\/Captura-de-Pantalla-2022-02-04-a-las-8.21.36-p.-m..png","width":552,"height":306},{"@type":"BreadcrumbList","@id":"https:\/\/pagina10.com\/web\/la-gobernacion-de-narino-conmemorara-el-dia-mundial-de-los-humedales\/#breadcrumb","itemListElement":[{"@type":"ListItem","position":1,"name":"Portada","item":"https:\/\/pagina10.com\/web\/"},{"@type":"ListItem","position":2,"name":"La Gobernaci\u00f3n de Nari\u00f1o conmemorar\u00e1 el D\u00eda Mundial de los Humedales"}]},{"@type":"WebSite","@id":"https:\/\/pagina10.com\/web\/#website","url":"https:\/\/pagina10.com\/web\/","name":"P\u00e1gina10","description":"Peri\u00f3dico Regional","publisher":{"@id":"https:\/\/pagina10.com\/web\/#organization"},"alternateName":"P\u00e1gina10 Peri\u00f3dico Regional","potentialAction":[{"@type":"SearchAction","target":{"@type":"EntryPoint","urlTemplate":"https:\/\/pagina10.com\/web\/?s={search_term_string}"},"query-input":{"@type":"PropertyValueSpecification","valueRequired":true,"valueName":"search_term_string"}}],"inLanguage":"es"},{"@type":"Organization","@id":"https:\/\/pagina10.com\/web\/#organization","name":"P\u00e1gina10","alternateName":"P\u00e1gina10 Peri\u00f3dico Regional","url":"https:\/\/pagina10.com\/web\/","logo":{"@type":"ImageObject","inLanguage":"es","@id":"https:\/\/pagina10.com\/web\/#\/schema\/logo\/image\/","url":"https:\/\/pagina10.com\/web\/wp-content\/uploads\/2024\/01\/40-pagina-10-periodico-regional-pasto.jpg","contentUrl":"https:\/\/pagina10.com\/web\/wp-content\/uploads\/2024\/01\/40-pagina-10-periodico-regional-pasto.jpg","width":1280,"height":720,"caption":"P\u00e1gina10"},"image":{"@id":"https:\/\/pagina10.com\/web\/#\/schema\/logo\/image\/"},"sameAs":["https:\/\/www.facebook.com\/pag10com","https:\/\/x.com\/Pag10com","https:\/\/www.instagram.com\/pagina10col\/","https:\/\/youtube.com\/channel\/pag10","https:\/\/www.tiktok.com\/@p10col"]},{"@type":"Person","@id":"https:\/\/pagina10.com\/web\/#\/schema\/person\/2efc4a090d25b667d3bc796798a3a81b","name":"P\u00e1gina 10","description":"P\u00e1gina 10 es un peri\u00f3dico regional que nace en Colombia, en el departamento de Nari\u00f1o, con un enfoque global, fundamentado en cuatro pilares esenciales: la libertad, el pluralismo, la inclusi\u00f3n y la independencia. P\u00e1gina 10 hace referencia a Nari\u00f1o como el d\u00e9cimo departamento creado en Colombia, despu\u00e9s de un proceso pol\u00edtico liderado por actores y actrices regionales con el fin de obtener la independencia y autonom\u00eda de nuestros territorios. Con la creaci\u00f3n de P\u00e1gina 10 se pretende abrir un escenario para el dialogo, la reflexi\u00f3n y el debate que se extienda a otras geograf\u00edas de Am\u00e9rica Latina y del planeta, en una apuesta por transformar colectivamente los desaf\u00edos de un mundo contempor\u00e1neo, m\u00e1s all\u00e1 de las fronteras impuestas.","url":"https:\/\/pagina10.com\/web\/author\/pdiezadmin\/"}]}},"_links":{"self":[{"href":"https:\/\/pagina10.com\/web\/wp-json\/wp\/v2\/posts\/58028","targetHints":{"allow":["GET"]}}],"collection":[{"href":"https:\/\/pagina10.com\/web\/wp-json\/wp\/v2\/posts"}],"about":[{"href":"https:\/\/pagina10.com\/web\/wp-json\/wp\/v2\/types\/post"}],"author":[{"embeddable":true,"href":"https:\/\/pagina10.com\/web\/wp-json\/wp\/v2\/users\/1"}],"replies":[{"embeddable":true,"href":"https:\/\/pagina10.com\/web\/wp-json\/wp\/v2\/comments?post=58028"}],"version-history":[{"count":1,"href":"https:\/\/pagina10.com\/web\/wp-json\/wp\/v2\/posts\/58028\/revisions"}],"predecessor-version":[{"id":58030,"href":"https:\/\/pagina10.com\/web\/wp-json\/wp\/v2\/posts\/58028\/revisions\/58030"}],"wp:featuredmedia":[{"embeddable":true,"href":"https:\/\/pagina10.com\/web\/wp-json\/wp\/v2\/media\/58029"}],"wp:attachment":[{"href":"https:\/\/pagina10.com\/web\/wp-json\/wp\/v2\/media?parent=58028"}],"wp:term":[{"taxonomy":"category","embeddable":true,"href":"https:\/\/pagina10.com\/web\/wp-json\/wp\/v2\/categories?post=58028"},{"taxonomy":"post_tag","embeddable":true,"href":"https:\/\/pagina10.com\/web\/wp-json\/wp\/v2\/tags?post=58028"}],"curies":[{"name":"wp","href":"https:\/\/api.w.org\/{rel}","templated":true}]}}