{"id":5803,"date":"2013-12-25T15:41:17","date_gmt":"2013-12-25T15:41:17","guid":{"rendered":"https:\/\/pagina10.com\/web\/denuncia-el-uso-de-polvora-por-la-web\/"},"modified":"2013-12-25T15:41:17","modified_gmt":"2013-12-25T15:41:17","slug":"denuncia-el-uso-de-polvora-por-la-web","status":"publish","type":"post","link":"https:\/\/pagina10.com\/web\/denuncia-el-uso-de-polvora-por-la-web\/","title":{"rendered":"Denuncia el uso de p\u00f3lvora por la web"},"content":{"rendered":"<p><img fetchpriority=\"high\" decoding=\"async\" class=\" size-full wp-image-5802\" src=\"https:\/\/pagina10.com\/web\/wp-content\/uploads\/2013\/12\/8e568f6b05376a132c0251c80ce7cb4a.jpg\" alt=\"\" width=\"843\" height=\"325\" srcset=\"https:\/\/pagina10.com\/web\/wp-content\/uploads\/2013\/12\/8e568f6b05376a132c0251c80ce7cb4a.jpg 843w, https:\/\/pagina10.com\/web\/wp-content\/uploads\/2013\/12\/8e568f6b05376a132c0251c80ce7cb4a-300x116.jpg 300w, https:\/\/pagina10.com\/web\/wp-content\/uploads\/2013\/12\/8e568f6b05376a132c0251c80ce7cb4a-768x296.jpg 768w\" sizes=\"(max-width: 843px) 100vw, 843px\" \/><\/p>\n<p style=\"text-align: justify;\">En el marco de la campa\u00f1a \u201cLa p\u00f3lvora te enga\u00f1a y te da\u00f1a\u201d, la Administraci\u00f3n Municipal a trav\u00e9s de las secretar\u00edas de Salud, Gobierno, Oficina de Comunicaci\u00f3n Social y la subsecretar\u00eda de Sistemas de Informaci\u00f3n lanz\u00f3 una secci\u00f3n en la p\u00e1gina web <a href=\"http:\/\/www.pasto.gov.co\/\" target=\"_blank\">www.pasto.gov.co<\/a> para que la ciudadan\u00eda denuncie los lugares donde se almacene, distribuya o comercialice p\u00f3lvora.<\/p>\n<p>  <!--more-->  <\/p>\n<p style=\"text-align: justify;\">El Subsecretario de Sistemas, Mario Land\u00e1zuri Santamar\u00eda, inform\u00f3 que las personas que presenten sus denuncias sobre la venta ilegal de p\u00f3lvora, deben ingresar datos b\u00e1sicos como la ubicaci\u00f3n donde se presenta el hecho y en lo posible adjuntar fotos o video, con el prop\u00f3sito que la Alcald\u00eda de Pasto a trav\u00e9s de la Secretar\u00eda de Gobierno y la Polic\u00eda Nacional, hagan efectivas las sanciones con la respectiva verificaci\u00f3n.<\/p>\n<p style=\"text-align: justify;\">&nbsp;<\/p>\n<p style=\"text-align: justify;\">Por su parte, la Secretar\u00eda de Salud, Carola Mu\u00f1oz, invit\u00f3 a la comunidad hacer uso de estos sistemas de comunicaci\u00f3n y contribuir a reducir los quemados por p\u00f3lvora para fin de a\u00f1o denunciando a trav\u00e9s del nuevo aplicativo que puede ser consultado en el siguiente link: <a href=\"http:\/\/www.pasto.gov.co\/index.php\/tramites-y-servicios-alcaldia-de-pasto\/pasto-en-el-mapa\" target=\"_blank\">http:\/\/www.pasto.gov.co\/index.php\/tramites-y-servicios-alcaldia-de-pasto\/pasto-en-el-mapahttp:\/\/www.pasto.gov.co\/index.php\/tramites-y-servicios-alcaldia-de-pasto\/pasto-en-el-mapa<\/a><\/p>\n<p style=\"text-align: justify;\">&nbsp;<\/p>\n<p style=\"text-align: justify;\">Una denuncia efectiva y a tiempo sobre el uso indebido e ilegal de p\u00f3lvora le permitir\u00e1 a la Alcald\u00eda de Pasto prevenir lesionados por este hecho. La participaci\u00f3n ciudadana lo convierte en un reportero m\u00f3vil y en un ciudadano ejemplar, capaz de proteger a toda la comunidad.&nbsp;<\/p>\n<p style=\"text-align: justify;\">&nbsp;<\/p>\n<p>Fuente: Alcald\u00eda de Pasto<\/p>\n","protected":false},"excerpt":{"rendered":"<p>En el marco de la campa\u00f1a \u201cLa p\u00f3lvora te enga\u00f1a y te da\u00f1a\u201d, la Administraci\u00f3n Municipal a trav\u00e9s de las secretar\u00edas de Salud, Gobierno, Oficina de Comunicaci\u00f3n Social y la subsecretar\u00eda de Sistemas de Informaci\u00f3n lanz\u00f3 una secci\u00f3n en la p\u00e1gina web www.pasto.gov.co para que la ciudadan\u00eda denuncie los lugares donde se almacene, distribuya o [&hellip;]<\/p>\n","protected":false},"author":29,"featured_media":5802,"comment_status":"open","ping_status":"open","sticky":false,"template":"","format":"standard","meta":{"footnotes":""},"categories":[82],"tags":[],"class_list":["post-5803","post","type-post","status-publish","format-standard","has-post-thumbnail","hentry","category-ciudad-2"],"yoast_head":"<!-- This site is optimized with the Yoast SEO plugin v27.1.1 - https:\/\/yoast.com\/product\/yoast-seo-wordpress\/ -->\n<title>Denuncia el uso de p\u00f3lvora por la web | P\u00e1gina10<\/title>\n<meta name=\"robots\" content=\"index, follow, max-snippet:-1, max-image-preview:large, max-video-preview:-1\" \/>\n<link rel=\"canonical\" href=\"https:\/\/pagina10.com\/web\/denuncia-el-uso-de-polvora-por-la-web\/\" \/>\n<meta property=\"og:locale\" content=\"es_ES\" \/>\n<meta property=\"og:type\" content=\"article\" \/>\n<meta property=\"og:title\" content=\"Denuncia el uso de p\u00f3lvora por la web | P\u00e1gina10\" \/>\n<meta property=\"og:description\" content=\"En el marco de la campa\u00f1a \u201cLa p\u00f3lvora te enga\u00f1a y te da\u00f1a\u201d, la Administraci\u00f3n Municipal a trav\u00e9s de las secretar\u00edas de Salud, Gobierno, Oficina de Comunicaci\u00f3n Social y la subsecretar\u00eda de Sistemas de Informaci\u00f3n lanz\u00f3 una secci\u00f3n en la p\u00e1gina web www.pasto.gov.co para que la ciudadan\u00eda denuncie los lugares donde se almacene, distribuya o [&hellip;]\" \/>\n<meta property=\"og:url\" content=\"https:\/\/pagina10.com\/web\/denuncia-el-uso-de-polvora-por-la-web\/\" \/>\n<meta property=\"og:site_name\" content=\"P\u00e1gina10\" \/>\n<meta property=\"article:publisher\" content=\"https:\/\/www.facebook.com\/pag10com\" \/>\n<meta property=\"article:published_time\" content=\"2013-12-25T15:41:17+00:00\" \/>\n<meta property=\"og:image\" content=\"https:\/\/pagina10.com\/web\/wp-content\/uploads\/2013\/12\/8e568f6b05376a132c0251c80ce7cb4a.jpg\" \/>\n\t<meta property=\"og:image:width\" content=\"843\" \/>\n\t<meta property=\"og:image:height\" content=\"325\" \/>\n\t<meta property=\"og:image:type\" content=\"image\/jpeg\" \/>\n<meta name=\"author\" content=\"P\u00e1gina 10\" \/>\n<meta name=\"twitter:card\" content=\"summary_large_image\" \/>\n<meta name=\"twitter:creator\" content=\"@Pag10com\" \/>\n<meta name=\"twitter:site\" content=\"@Pag10com\" \/>\n<meta name=\"twitter:label1\" content=\"Escrito por\" \/>\n\t<meta name=\"twitter:data1\" content=\"P\u00e1gina 10\" \/>\n\t<meta name=\"twitter:label2\" content=\"Tiempo de lectura\" \/>\n\t<meta name=\"twitter:data2\" content=\"1 minuto\" \/>\n<script type=\"application\/ld+json\" class=\"yoast-schema-graph\">{\"@context\":\"https:\/\/schema.org\",\"@graph\":[{\"@type\":\"Article\",\"@id\":\"https:\/\/pagina10.com\/web\/denuncia-el-uso-de-polvora-por-la-web\/#article\",\"isPartOf\":{\"@id\":\"https:\/\/pagina10.com\/web\/denuncia-el-uso-de-polvora-por-la-web\/\"},\"author\":{\"name\":\"P\u00e1gina 10\",\"@id\":\"https:\/\/pagina10.com\/web\/#\/schema\/person\/a7a5d38f0629dfc107f619fbae4f6cc3\"},\"headline\":\"Denuncia el uso de p\u00f3lvora por la web\",\"datePublished\":\"2013-12-25T15:41:17+00:00\",\"mainEntityOfPage\":{\"@id\":\"https:\/\/pagina10.com\/web\/denuncia-el-uso-de-polvora-por-la-web\/\"},\"wordCount\":291,\"commentCount\":0,\"publisher\":{\"@id\":\"https:\/\/pagina10.com\/web\/#organization\"},\"image\":{\"@id\":\"https:\/\/pagina10.com\/web\/denuncia-el-uso-de-polvora-por-la-web\/#primaryimage\"},\"thumbnailUrl\":\"https:\/\/pagina10.com\/web\/wp-content\/uploads\/2013\/12\/8e568f6b05376a132c0251c80ce7cb4a.jpg\",\"articleSection\":[\"Ciudad\"],\"inLanguage\":\"es\",\"potentialAction\":[{\"@type\":\"CommentAction\",\"name\":\"Comment\",\"target\":[\"https:\/\/pagina10.com\/web\/denuncia-el-uso-de-polvora-por-la-web\/#respond\"]}]},{\"@type\":\"WebPage\",\"@id\":\"https:\/\/pagina10.com\/web\/denuncia-el-uso-de-polvora-por-la-web\/\",\"url\":\"https:\/\/pagina10.com\/web\/denuncia-el-uso-de-polvora-por-la-web\/\",\"name\":\"Denuncia el uso de p\u00f3lvora por la web | P\u00e1gina10\",\"isPartOf\":{\"@id\":\"https:\/\/pagina10.com\/web\/#website\"},\"primaryImageOfPage\":{\"@id\":\"https:\/\/pagina10.com\/web\/denuncia-el-uso-de-polvora-por-la-web\/#primaryimage\"},\"image\":{\"@id\":\"https:\/\/pagina10.com\/web\/denuncia-el-uso-de-polvora-por-la-web\/#primaryimage\"},\"thumbnailUrl\":\"https:\/\/pagina10.com\/web\/wp-content\/uploads\/2013\/12\/8e568f6b05376a132c0251c80ce7cb4a.jpg\",\"datePublished\":\"2013-12-25T15:41:17+00:00\",\"breadcrumb\":{\"@id\":\"https:\/\/pagina10.com\/web\/denuncia-el-uso-de-polvora-por-la-web\/#breadcrumb\"},\"inLanguage\":\"es\",\"potentialAction\":[{\"@type\":\"ReadAction\",\"target\":[\"https:\/\/pagina10.com\/web\/denuncia-el-uso-de-polvora-por-la-web\/\"]}]},{\"@type\":\"ImageObject\",\"inLanguage\":\"es\",\"@id\":\"https:\/\/pagina10.com\/web\/denuncia-el-uso-de-polvora-por-la-web\/#primaryimage\",\"url\":\"https:\/\/pagina10.com\/web\/wp-content\/uploads\/2013\/12\/8e568f6b05376a132c0251c80ce7cb4a.jpg\",\"contentUrl\":\"https:\/\/pagina10.com\/web\/wp-content\/uploads\/2013\/12\/8e568f6b05376a132c0251c80ce7cb4a.jpg\",\"width\":843,\"height\":325},{\"@type\":\"BreadcrumbList\",\"@id\":\"https:\/\/pagina10.com\/web\/denuncia-el-uso-de-polvora-por-la-web\/#breadcrumb\",\"itemListElement\":[{\"@type\":\"ListItem\",\"position\":1,\"name\":\"Portada\",\"item\":\"https:\/\/pagina10.com\/web\/\"},{\"@type\":\"ListItem\",\"position\":2,\"name\":\"Denuncia el uso de p\u00f3lvora por la web\"}]},{\"@type\":\"WebSite\",\"@id\":\"https:\/\/pagina10.com\/web\/#website\",\"url\":\"https:\/\/pagina10.com\/web\/\",\"name\":\"P\u00e1gina10\",\"description\":\"Peri\u00f3dico Regional\",\"publisher\":{\"@id\":\"https:\/\/pagina10.com\/web\/#organization\"},\"alternateName\":\"P\u00e1gina10 Peri\u00f3dico Regional\",\"potentialAction\":[{\"@type\":\"SearchAction\",\"target\":{\"@type\":\"EntryPoint\",\"urlTemplate\":\"https:\/\/pagina10.com\/web\/?s={search_term_string}\"},\"query-input\":{\"@type\":\"PropertyValueSpecification\",\"valueRequired\":true,\"valueName\":\"search_term_string\"}}],\"inLanguage\":\"es\"},{\"@type\":\"Organization\",\"@id\":\"https:\/\/pagina10.com\/web\/#organization\",\"name\":\"P\u00e1gina10\",\"alternateName\":\"P\u00e1gina10 Peri\u00f3dico Regional\",\"url\":\"https:\/\/pagina10.com\/web\/\",\"logo\":{\"@type\":\"ImageObject\",\"inLanguage\":\"es\",\"@id\":\"https:\/\/pagina10.com\/web\/#\/schema\/logo\/image\/\",\"url\":\"https:\/\/pagina10.com\/web\/wp-content\/uploads\/2024\/01\/40-pagina-10-periodico-regional-pasto.jpg\",\"contentUrl\":\"https:\/\/pagina10.com\/web\/wp-content\/uploads\/2024\/01\/40-pagina-10-periodico-regional-pasto.jpg\",\"width\":1280,\"height\":720,\"caption\":\"P\u00e1gina10\"},\"image\":{\"@id\":\"https:\/\/pagina10.com\/web\/#\/schema\/logo\/image\/\"},\"sameAs\":[\"https:\/\/www.facebook.com\/pag10com\",\"https:\/\/x.com\/Pag10com\",\"https:\/\/www.instagram.com\/pagina10col\/\",\"https:\/\/youtube.com\/channel\/pag10\",\"https:\/\/www.tiktok.com\/@p10col\"]},{\"@type\":\"Person\",\"@id\":\"https:\/\/pagina10.com\/web\/#\/schema\/person\/a7a5d38f0629dfc107f619fbae4f6cc3\",\"name\":\"P\u00e1gina 10\",\"description\":\"P\u00e1gina10.com es un peri\u00f3dico digital que nace en Colombia, en el departamento de Nari\u00f1o, con un enfoque global, fundamentado en cuatro pilares esenciales: la libertad, el pluralismo, la inclusi\u00f3n y la independencia. P\u00e1gina10.com hace referencia a Nari\u00f1o como el d\u00e9cimo departamento creado en Colombia, despu\u00e9s de un proceso pol\u00edtico liderado por actores y actrices regionales con el fin de obtener la independencia y autonom\u00eda de nuestros territorios. Con la creaci\u00f3n de P\u00e1gina10.com se pretende abrir un escenario para el dialogo, la reflexi\u00f3n y el debate que se extienda a otras geograf\u00edas de Am\u00e9rica Latina y del planeta, en una apuesta por transformar colectivamente los desaf\u00edos de un mundo contempor\u00e1neo, m\u00e1s all\u00e1 de las fronteras impuestas.\",\"url\":\"https:\/\/pagina10.com\/web\/author\/mcepeda\/\"}]}<\/script>\n<!-- \/ Yoast SEO plugin. -->","yoast_head_json":{"title":"Denuncia el uso de p\u00f3lvora por la web | P\u00e1gina10","robots":{"index":"index","follow":"follow","max-snippet":"max-snippet:-1","max-image-preview":"max-image-preview:large","max-video-preview":"max-video-preview:-1"},"canonical":"https:\/\/pagina10.com\/web\/denuncia-el-uso-de-polvora-por-la-web\/","og_locale":"es_ES","og_type":"article","og_title":"Denuncia el uso de p\u00f3lvora por la web | P\u00e1gina10","og_description":"En el marco de la campa\u00f1a \u201cLa p\u00f3lvora te enga\u00f1a y te da\u00f1a\u201d, la Administraci\u00f3n Municipal a trav\u00e9s de las secretar\u00edas de Salud, Gobierno, Oficina de Comunicaci\u00f3n Social y la subsecretar\u00eda de Sistemas de Informaci\u00f3n lanz\u00f3 una secci\u00f3n en la p\u00e1gina web www.pasto.gov.co para que la ciudadan\u00eda denuncie los lugares donde se almacene, distribuya o [&hellip;]","og_url":"https:\/\/pagina10.com\/web\/denuncia-el-uso-de-polvora-por-la-web\/","og_site_name":"P\u00e1gina10","article_publisher":"https:\/\/www.facebook.com\/pag10com","article_published_time":"2013-12-25T15:41:17+00:00","og_image":[{"width":843,"height":325,"url":"https:\/\/pagina10.com\/web\/wp-content\/uploads\/2013\/12\/8e568f6b05376a132c0251c80ce7cb4a.jpg","type":"image\/jpeg"}],"author":"P\u00e1gina 10","twitter_card":"summary_large_image","twitter_creator":"@Pag10com","twitter_site":"@Pag10com","twitter_misc":{"Escrito por":"P\u00e1gina 10","Tiempo de lectura":"1 minuto"},"schema":{"@context":"https:\/\/schema.org","@graph":[{"@type":"Article","@id":"https:\/\/pagina10.com\/web\/denuncia-el-uso-de-polvora-por-la-web\/#article","isPartOf":{"@id":"https:\/\/pagina10.com\/web\/denuncia-el-uso-de-polvora-por-la-web\/"},"author":{"name":"P\u00e1gina 10","@id":"https:\/\/pagina10.com\/web\/#\/schema\/person\/a7a5d38f0629dfc107f619fbae4f6cc3"},"headline":"Denuncia el uso de p\u00f3lvora por la web","datePublished":"2013-12-25T15:41:17+00:00","mainEntityOfPage":{"@id":"https:\/\/pagina10.com\/web\/denuncia-el-uso-de-polvora-por-la-web\/"},"wordCount":291,"commentCount":0,"publisher":{"@id":"https:\/\/pagina10.com\/web\/#organization"},"image":{"@id":"https:\/\/pagina10.com\/web\/denuncia-el-uso-de-polvora-por-la-web\/#primaryimage"},"thumbnailUrl":"https:\/\/pagina10.com\/web\/wp-content\/uploads\/2013\/12\/8e568f6b05376a132c0251c80ce7cb4a.jpg","articleSection":["Ciudad"],"inLanguage":"es","potentialAction":[{"@type":"CommentAction","name":"Comment","target":["https:\/\/pagina10.com\/web\/denuncia-el-uso-de-polvora-por-la-web\/#respond"]}]},{"@type":"WebPage","@id":"https:\/\/pagina10.com\/web\/denuncia-el-uso-de-polvora-por-la-web\/","url":"https:\/\/pagina10.com\/web\/denuncia-el-uso-de-polvora-por-la-web\/","name":"Denuncia el uso de p\u00f3lvora por la web | P\u00e1gina10","isPartOf":{"@id":"https:\/\/pagina10.com\/web\/#website"},"primaryImageOfPage":{"@id":"https:\/\/pagina10.com\/web\/denuncia-el-uso-de-polvora-por-la-web\/#primaryimage"},"image":{"@id":"https:\/\/pagina10.com\/web\/denuncia-el-uso-de-polvora-por-la-web\/#primaryimage"},"thumbnailUrl":"https:\/\/pagina10.com\/web\/wp-content\/uploads\/2013\/12\/8e568f6b05376a132c0251c80ce7cb4a.jpg","datePublished":"2013-12-25T15:41:17+00:00","breadcrumb":{"@id":"https:\/\/pagina10.com\/web\/denuncia-el-uso-de-polvora-por-la-web\/#breadcrumb"},"inLanguage":"es","potentialAction":[{"@type":"ReadAction","target":["https:\/\/pagina10.com\/web\/denuncia-el-uso-de-polvora-por-la-web\/"]}]},{"@type":"ImageObject","inLanguage":"es","@id":"https:\/\/pagina10.com\/web\/denuncia-el-uso-de-polvora-por-la-web\/#primaryimage","url":"https:\/\/pagina10.com\/web\/wp-content\/uploads\/2013\/12\/8e568f6b05376a132c0251c80ce7cb4a.jpg","contentUrl":"https:\/\/pagina10.com\/web\/wp-content\/uploads\/2013\/12\/8e568f6b05376a132c0251c80ce7cb4a.jpg","width":843,"height":325},{"@type":"BreadcrumbList","@id":"https:\/\/pagina10.com\/web\/denuncia-el-uso-de-polvora-por-la-web\/#breadcrumb","itemListElement":[{"@type":"ListItem","position":1,"name":"Portada","item":"https:\/\/pagina10.com\/web\/"},{"@type":"ListItem","position":2,"name":"Denuncia el uso de p\u00f3lvora por la web"}]},{"@type":"WebSite","@id":"https:\/\/pagina10.com\/web\/#website","url":"https:\/\/pagina10.com\/web\/","name":"P\u00e1gina10","description":"Peri\u00f3dico Regional","publisher":{"@id":"https:\/\/pagina10.com\/web\/#organization"},"alternateName":"P\u00e1gina10 Peri\u00f3dico Regional","potentialAction":[{"@type":"SearchAction","target":{"@type":"EntryPoint","urlTemplate":"https:\/\/pagina10.com\/web\/?s={search_term_string}"},"query-input":{"@type":"PropertyValueSpecification","valueRequired":true,"valueName":"search_term_string"}}],"inLanguage":"es"},{"@type":"Organization","@id":"https:\/\/pagina10.com\/web\/#organization","name":"P\u00e1gina10","alternateName":"P\u00e1gina10 Peri\u00f3dico Regional","url":"https:\/\/pagina10.com\/web\/","logo":{"@type":"ImageObject","inLanguage":"es","@id":"https:\/\/pagina10.com\/web\/#\/schema\/logo\/image\/","url":"https:\/\/pagina10.com\/web\/wp-content\/uploads\/2024\/01\/40-pagina-10-periodico-regional-pasto.jpg","contentUrl":"https:\/\/pagina10.com\/web\/wp-content\/uploads\/2024\/01\/40-pagina-10-periodico-regional-pasto.jpg","width":1280,"height":720,"caption":"P\u00e1gina10"},"image":{"@id":"https:\/\/pagina10.com\/web\/#\/schema\/logo\/image\/"},"sameAs":["https:\/\/www.facebook.com\/pag10com","https:\/\/x.com\/Pag10com","https:\/\/www.instagram.com\/pagina10col\/","https:\/\/youtube.com\/channel\/pag10","https:\/\/www.tiktok.com\/@p10col"]},{"@type":"Person","@id":"https:\/\/pagina10.com\/web\/#\/schema\/person\/a7a5d38f0629dfc107f619fbae4f6cc3","name":"P\u00e1gina 10","description":"P\u00e1gina10.com es un peri\u00f3dico digital que nace en Colombia, en el departamento de Nari\u00f1o, con un enfoque global, fundamentado en cuatro pilares esenciales: la libertad, el pluralismo, la inclusi\u00f3n y la independencia. P\u00e1gina10.com hace referencia a Nari\u00f1o como el d\u00e9cimo departamento creado en Colombia, despu\u00e9s de un proceso pol\u00edtico liderado por actores y actrices regionales con el fin de obtener la independencia y autonom\u00eda de nuestros territorios. Con la creaci\u00f3n de P\u00e1gina10.com se pretende abrir un escenario para el dialogo, la reflexi\u00f3n y el debate que se extienda a otras geograf\u00edas de Am\u00e9rica Latina y del planeta, en una apuesta por transformar colectivamente los desaf\u00edos de un mundo contempor\u00e1neo, m\u00e1s all\u00e1 de las fronteras impuestas.","url":"https:\/\/pagina10.com\/web\/author\/mcepeda\/"}]}},"_links":{"self":[{"href":"https:\/\/pagina10.com\/web\/wp-json\/wp\/v2\/posts\/5803","targetHints":{"allow":["GET"]}}],"collection":[{"href":"https:\/\/pagina10.com\/web\/wp-json\/wp\/v2\/posts"}],"about":[{"href":"https:\/\/pagina10.com\/web\/wp-json\/wp\/v2\/types\/post"}],"author":[{"embeddable":true,"href":"https:\/\/pagina10.com\/web\/wp-json\/wp\/v2\/users\/29"}],"replies":[{"embeddable":true,"href":"https:\/\/pagina10.com\/web\/wp-json\/wp\/v2\/comments?post=5803"}],"version-history":[{"count":0,"href":"https:\/\/pagina10.com\/web\/wp-json\/wp\/v2\/posts\/5803\/revisions"}],"wp:featuredmedia":[{"embeddable":true,"href":"https:\/\/pagina10.com\/web\/wp-json\/wp\/v2\/media\/5802"}],"wp:attachment":[{"href":"https:\/\/pagina10.com\/web\/wp-json\/wp\/v2\/media?parent=5803"}],"wp:term":[{"taxonomy":"category","embeddable":true,"href":"https:\/\/pagina10.com\/web\/wp-json\/wp\/v2\/categories?post=5803"},{"taxonomy":"post_tag","embeddable":true,"href":"https:\/\/pagina10.com\/web\/wp-json\/wp\/v2\/tags?post=5803"}],"curies":[{"name":"wp","href":"https:\/\/api.w.org\/{rel}","templated":true}]}}