{"id":58031,"date":"2022-02-04T20:31:28","date_gmt":"2022-02-05T01:31:28","guid":{"rendered":"https:\/\/pagina10.com\/web\/?p=58031"},"modified":"2022-02-04T20:31:28","modified_gmt":"2022-02-05T01:31:28","slug":"gobernacion-de-narino-e-instituciones-atienden-crisis-humanitaria-en-el-charco","status":"publish","type":"post","link":"https:\/\/pagina10.com\/web\/gobernacion-de-narino-e-instituciones-atienden-crisis-humanitaria-en-el-charco\/","title":{"rendered":"Gobernaci\u00f3n de Nari\u00f1o e instituciones atienden crisis humanitaria en El Charco"},"content":{"rendered":"<p style=\"text-align: justify;\">El Gobernador de Nari\u00f1o, Jhon Rojas, visit\u00f3 El Charco, costa pac\u00edfica de Nari\u00f1o, para atender la crisis humanitaria que viven los habitantes de este municipio, quienes en este momento carecen de alimentos, agua potable y combustible, a ra\u00edz de un cese de actividades que impide el normal funcionamiento del comercio y la provisi\u00f3n de estos elementos.<\/p>\n<div style=\"text-align: justify;\">\nEl Gobernador indic\u00f3 que en este momento es apremiante atender la crisis humanitaria en esta zona y asegur\u00f3 que desde la institucionalidad se buscar\u00e1n los mecanismos para que en los pr\u00f3ximos d\u00edas se lleve alimento y combustible a esta poblaci\u00f3n. Adem\u00e1s, manifest\u00f3 que es prioritario buscar que los estudiantes vuelvan a las aulas, puesto que en el momento no hay actividades escolares.<\/p>\n<div style=\"text-align: justify;\">\nEn el Consejo Extraordinario de Seguridad cumplido en este municipio se acord\u00f3 que se har\u00e1 una reubicaci\u00f3n de las tropas de la Armada Nacional, presentes en la zona y posteriormente se instalar\u00e1 una mesa de di\u00e1logo para atender las peticiones de la comunidad. El Comandante de la Fuerza de Tarea Conjunta H\u00e9rcules, General Jaime Alfonso Galindo, manifest\u00f3 que las unidades militares adscritas a la Fuerza de Tarea H\u00e9rcules, se reubicar\u00e1n y contribuir\u00e1n a la gesti\u00f3n de ayuda humanitaria para esta poblaci\u00f3n.<\/div>\n<div style=\"text-align: justify;\">\nEste espacio cont\u00f3 con la presencia del Procurador Regional, Francisco Zarama, el Defensor del Pueblo en Tumaco, Luis Jaramillo, el Comandante de la Fuerza de Tarea H\u00e9rcules, General Jaime Alonso Galindo, el Comandante de Polic\u00eda Nari\u00f1o, Coronel Edwin Rojas, el Alcalde encargado de este municipio, Jos\u00e9 Denis Obreg\u00f3n, la Personer\u00eda Municipal de El Charco y delegados de la comunidad y comerciante.<\/div>\n<div style=\"text-align: justify;\">\nEl Gobernador de Nari\u00f1o, reitero qu\u00e9 es necesario atender de forma integral las necesidades de esta comunidad y manifest\u00f3, adem\u00e1s, que desde el Gobierno Departamental y en consenso con las comunidades se seguir\u00e1n planteando programas de sustituci\u00f3n voluntaria de los cultivos de uso il\u00edcito, puesto que es la presencia del narcotr\u00e1fico en Nari\u00f1o el factor que desencadena la crisis humanitaria, la violencia y el desarraigo de las comunidades.<\/div>\n<\/div>\n","protected":false},"excerpt":{"rendered":"<p>El Gobernador de Nari\u00f1o, Jhon Rojas, visit\u00f3 El Charco, costa pac\u00edfica de Nari\u00f1o, para atender la crisis humanitaria que viven los habitantes de este municipio, quienes en este momento carecen de alimentos, agua potable y combustible, a ra\u00edz de un cese de actividades que impide el normal funcionamiento del comercio y la provisi\u00f3n de estos [&hellip;]<\/p>\n","protected":false},"author":1,"featured_media":58032,"comment_status":"open","ping_status":"open","sticky":false,"template":"","format":"standard","meta":{"footnotes":""},"categories":[53],"tags":[],"class_list":["post-58031","post","type-post","status-publish","format-standard","has-post-thumbnail","hentry","category-regiones"],"yoast_head":"<!-- This site is optimized with the Yoast SEO plugin v27.1.1 - https:\/\/yoast.com\/product\/yoast-seo-wordpress\/ -->\n<title>Gobernaci\u00f3n de Nari\u00f1o e instituciones atienden crisis humanitaria en El Charco | P\u00e1gina10<\/title>\n<meta name=\"robots\" content=\"index, follow, max-snippet:-1, max-image-preview:large, max-video-preview:-1\" \/>\n<link rel=\"canonical\" href=\"https:\/\/pagina10.com\/web\/gobernacion-de-narino-e-instituciones-atienden-crisis-humanitaria-en-el-charco\/\" \/>\n<meta property=\"og:locale\" content=\"es_ES\" \/>\n<meta property=\"og:type\" content=\"article\" \/>\n<meta property=\"og:title\" content=\"Gobernaci\u00f3n de Nari\u00f1o e instituciones atienden crisis humanitaria en El Charco | P\u00e1gina10\" \/>\n<meta property=\"og:description\" content=\"El Gobernador de Nari\u00f1o, Jhon Rojas, visit\u00f3 El Charco, costa pac\u00edfica de Nari\u00f1o, para atender la crisis humanitaria que viven los habitantes de este municipio, quienes en este momento carecen de alimentos, agua potable y combustible, a ra\u00edz de un cese de actividades que impide el normal funcionamiento del comercio y la provisi\u00f3n de estos [&hellip;]\" \/>\n<meta property=\"og:url\" content=\"https:\/\/pagina10.com\/web\/gobernacion-de-narino-e-instituciones-atienden-crisis-humanitaria-en-el-charco\/\" \/>\n<meta property=\"og:site_name\" content=\"P\u00e1gina10\" \/>\n<meta property=\"article:publisher\" content=\"https:\/\/www.facebook.com\/pag10com\" \/>\n<meta property=\"article:published_time\" content=\"2022-02-05T01:31:28+00:00\" \/>\n<meta property=\"og:image\" content=\"https:\/\/pagina10.com\/web\/wp-content\/uploads\/2022\/02\/Captura-de-Pantalla-2022-02-04-a-las-8.30.12-p.-m..png\" \/>\n\t<meta property=\"og:image:width\" content=\"751\" \/>\n\t<meta property=\"og:image:height\" content=\"401\" \/>\n\t<meta property=\"og:image:type\" content=\"image\/png\" \/>\n<meta name=\"author\" content=\"P\u00e1gina 10\" \/>\n<meta name=\"twitter:card\" content=\"summary_large_image\" \/>\n<meta name=\"twitter:creator\" content=\"@Pag10com\" \/>\n<meta name=\"twitter:site\" content=\"@Pag10com\" \/>\n<meta name=\"twitter:label1\" content=\"Escrito por\" \/>\n\t<meta name=\"twitter:data1\" content=\"P\u00e1gina 10\" \/>\n\t<meta name=\"twitter:label2\" content=\"Tiempo de lectura\" \/>\n\t<meta name=\"twitter:data2\" content=\"2 minutos\" \/>\n<script type=\"application\/ld+json\" class=\"yoast-schema-graph\">{\"@context\":\"https:\/\/schema.org\",\"@graph\":[{\"@type\":\"Article\",\"@id\":\"https:\/\/pagina10.com\/web\/gobernacion-de-narino-e-instituciones-atienden-crisis-humanitaria-en-el-charco\/#article\",\"isPartOf\":{\"@id\":\"https:\/\/pagina10.com\/web\/gobernacion-de-narino-e-instituciones-atienden-crisis-humanitaria-en-el-charco\/\"},\"author\":{\"name\":\"P\u00e1gina 10\",\"@id\":\"https:\/\/pagina10.com\/web\/#\/schema\/person\/2efc4a090d25b667d3bc796798a3a81b\"},\"headline\":\"Gobernaci\u00f3n de Nari\u00f1o e instituciones atienden crisis humanitaria en El Charco\",\"datePublished\":\"2022-02-05T01:31:28+00:00\",\"mainEntityOfPage\":{\"@id\":\"https:\/\/pagina10.com\/web\/gobernacion-de-narino-e-instituciones-atienden-crisis-humanitaria-en-el-charco\/\"},\"wordCount\":371,\"commentCount\":0,\"publisher\":{\"@id\":\"https:\/\/pagina10.com\/web\/#organization\"},\"image\":{\"@id\":\"https:\/\/pagina10.com\/web\/gobernacion-de-narino-e-instituciones-atienden-crisis-humanitaria-en-el-charco\/#primaryimage\"},\"thumbnailUrl\":\"https:\/\/pagina10.com\/web\/wp-content\/uploads\/2022\/02\/Captura-de-Pantalla-2022-02-04-a-las-8.30.12-p.-m..png\",\"articleSection\":[\"Regiones\"],\"inLanguage\":\"es\",\"potentialAction\":[{\"@type\":\"CommentAction\",\"name\":\"Comment\",\"target\":[\"https:\/\/pagina10.com\/web\/gobernacion-de-narino-e-instituciones-atienden-crisis-humanitaria-en-el-charco\/#respond\"]}]},{\"@type\":\"WebPage\",\"@id\":\"https:\/\/pagina10.com\/web\/gobernacion-de-narino-e-instituciones-atienden-crisis-humanitaria-en-el-charco\/\",\"url\":\"https:\/\/pagina10.com\/web\/gobernacion-de-narino-e-instituciones-atienden-crisis-humanitaria-en-el-charco\/\",\"name\":\"Gobernaci\u00f3n de Nari\u00f1o e instituciones atienden crisis humanitaria en El Charco | P\u00e1gina10\",\"isPartOf\":{\"@id\":\"https:\/\/pagina10.com\/web\/#website\"},\"primaryImageOfPage\":{\"@id\":\"https:\/\/pagina10.com\/web\/gobernacion-de-narino-e-instituciones-atienden-crisis-humanitaria-en-el-charco\/#primaryimage\"},\"image\":{\"@id\":\"https:\/\/pagina10.com\/web\/gobernacion-de-narino-e-instituciones-atienden-crisis-humanitaria-en-el-charco\/#primaryimage\"},\"thumbnailUrl\":\"https:\/\/pagina10.com\/web\/wp-content\/uploads\/2022\/02\/Captura-de-Pantalla-2022-02-04-a-las-8.30.12-p.-m..png\",\"datePublished\":\"2022-02-05T01:31:28+00:00\",\"breadcrumb\":{\"@id\":\"https:\/\/pagina10.com\/web\/gobernacion-de-narino-e-instituciones-atienden-crisis-humanitaria-en-el-charco\/#breadcrumb\"},\"inLanguage\":\"es\",\"potentialAction\":[{\"@type\":\"ReadAction\",\"target\":[\"https:\/\/pagina10.com\/web\/gobernacion-de-narino-e-instituciones-atienden-crisis-humanitaria-en-el-charco\/\"]}]},{\"@type\":\"ImageObject\",\"inLanguage\":\"es\",\"@id\":\"https:\/\/pagina10.com\/web\/gobernacion-de-narino-e-instituciones-atienden-crisis-humanitaria-en-el-charco\/#primaryimage\",\"url\":\"https:\/\/pagina10.com\/web\/wp-content\/uploads\/2022\/02\/Captura-de-Pantalla-2022-02-04-a-las-8.30.12-p.-m..png\",\"contentUrl\":\"https:\/\/pagina10.com\/web\/wp-content\/uploads\/2022\/02\/Captura-de-Pantalla-2022-02-04-a-las-8.30.12-p.-m..png\",\"width\":751,\"height\":401},{\"@type\":\"BreadcrumbList\",\"@id\":\"https:\/\/pagina10.com\/web\/gobernacion-de-narino-e-instituciones-atienden-crisis-humanitaria-en-el-charco\/#breadcrumb\",\"itemListElement\":[{\"@type\":\"ListItem\",\"position\":1,\"name\":\"Portada\",\"item\":\"https:\/\/pagina10.com\/web\/\"},{\"@type\":\"ListItem\",\"position\":2,\"name\":\"Gobernaci\u00f3n de Nari\u00f1o e instituciones atienden crisis humanitaria en El Charco\"}]},{\"@type\":\"WebSite\",\"@id\":\"https:\/\/pagina10.com\/web\/#website\",\"url\":\"https:\/\/pagina10.com\/web\/\",\"name\":\"P\u00e1gina10\",\"description\":\"Peri\u00f3dico Regional\",\"publisher\":{\"@id\":\"https:\/\/pagina10.com\/web\/#organization\"},\"alternateName\":\"P\u00e1gina10 Peri\u00f3dico Regional\",\"potentialAction\":[{\"@type\":\"SearchAction\",\"target\":{\"@type\":\"EntryPoint\",\"urlTemplate\":\"https:\/\/pagina10.com\/web\/?s={search_term_string}\"},\"query-input\":{\"@type\":\"PropertyValueSpecification\",\"valueRequired\":true,\"valueName\":\"search_term_string\"}}],\"inLanguage\":\"es\"},{\"@type\":\"Organization\",\"@id\":\"https:\/\/pagina10.com\/web\/#organization\",\"name\":\"P\u00e1gina10\",\"alternateName\":\"P\u00e1gina10 Peri\u00f3dico Regional\",\"url\":\"https:\/\/pagina10.com\/web\/\",\"logo\":{\"@type\":\"ImageObject\",\"inLanguage\":\"es\",\"@id\":\"https:\/\/pagina10.com\/web\/#\/schema\/logo\/image\/\",\"url\":\"https:\/\/pagina10.com\/web\/wp-content\/uploads\/2024\/01\/40-pagina-10-periodico-regional-pasto.jpg\",\"contentUrl\":\"https:\/\/pagina10.com\/web\/wp-content\/uploads\/2024\/01\/40-pagina-10-periodico-regional-pasto.jpg\",\"width\":1280,\"height\":720,\"caption\":\"P\u00e1gina10\"},\"image\":{\"@id\":\"https:\/\/pagina10.com\/web\/#\/schema\/logo\/image\/\"},\"sameAs\":[\"https:\/\/www.facebook.com\/pag10com\",\"https:\/\/x.com\/Pag10com\",\"https:\/\/www.instagram.com\/pagina10col\/\",\"https:\/\/youtube.com\/channel\/pag10\",\"https:\/\/www.tiktok.com\/@p10col\"]},{\"@type\":\"Person\",\"@id\":\"https:\/\/pagina10.com\/web\/#\/schema\/person\/2efc4a090d25b667d3bc796798a3a81b\",\"name\":\"P\u00e1gina 10\",\"description\":\"P\u00e1gina 10 es un peri\u00f3dico regional que nace en Colombia, en el departamento de Nari\u00f1o, con un enfoque global, fundamentado en cuatro pilares esenciales: la libertad, el pluralismo, la inclusi\u00f3n y la independencia. P\u00e1gina 10 hace referencia a Nari\u00f1o como el d\u00e9cimo departamento creado en Colombia, despu\u00e9s de un proceso pol\u00edtico liderado por actores y actrices regionales con el fin de obtener la independencia y autonom\u00eda de nuestros territorios. Con la creaci\u00f3n de P\u00e1gina 10 se pretende abrir un escenario para el dialogo, la reflexi\u00f3n y el debate que se extienda a otras geograf\u00edas de Am\u00e9rica Latina y del planeta, en una apuesta por transformar colectivamente los desaf\u00edos de un mundo contempor\u00e1neo, m\u00e1s all\u00e1 de las fronteras impuestas.\",\"url\":\"https:\/\/pagina10.com\/web\/author\/pdiezadmin\/\"}]}<\/script>\n<!-- \/ Yoast SEO plugin. -->","yoast_head_json":{"title":"Gobernaci\u00f3n de Nari\u00f1o e instituciones atienden crisis humanitaria en El Charco | P\u00e1gina10","robots":{"index":"index","follow":"follow","max-snippet":"max-snippet:-1","max-image-preview":"max-image-preview:large","max-video-preview":"max-video-preview:-1"},"canonical":"https:\/\/pagina10.com\/web\/gobernacion-de-narino-e-instituciones-atienden-crisis-humanitaria-en-el-charco\/","og_locale":"es_ES","og_type":"article","og_title":"Gobernaci\u00f3n de Nari\u00f1o e instituciones atienden crisis humanitaria en El Charco | P\u00e1gina10","og_description":"El Gobernador de Nari\u00f1o, Jhon Rojas, visit\u00f3 El Charco, costa pac\u00edfica de Nari\u00f1o, para atender la crisis humanitaria que viven los habitantes de este municipio, quienes en este momento carecen de alimentos, agua potable y combustible, a ra\u00edz de un cese de actividades que impide el normal funcionamiento del comercio y la provisi\u00f3n de estos [&hellip;]","og_url":"https:\/\/pagina10.com\/web\/gobernacion-de-narino-e-instituciones-atienden-crisis-humanitaria-en-el-charco\/","og_site_name":"P\u00e1gina10","article_publisher":"https:\/\/www.facebook.com\/pag10com","article_published_time":"2022-02-05T01:31:28+00:00","og_image":[{"width":751,"height":401,"url":"https:\/\/pagina10.com\/web\/wp-content\/uploads\/2022\/02\/Captura-de-Pantalla-2022-02-04-a-las-8.30.12-p.-m..png","type":"image\/png"}],"author":"P\u00e1gina 10","twitter_card":"summary_large_image","twitter_creator":"@Pag10com","twitter_site":"@Pag10com","twitter_misc":{"Escrito por":"P\u00e1gina 10","Tiempo de lectura":"2 minutos"},"schema":{"@context":"https:\/\/schema.org","@graph":[{"@type":"Article","@id":"https:\/\/pagina10.com\/web\/gobernacion-de-narino-e-instituciones-atienden-crisis-humanitaria-en-el-charco\/#article","isPartOf":{"@id":"https:\/\/pagina10.com\/web\/gobernacion-de-narino-e-instituciones-atienden-crisis-humanitaria-en-el-charco\/"},"author":{"name":"P\u00e1gina 10","@id":"https:\/\/pagina10.com\/web\/#\/schema\/person\/2efc4a090d25b667d3bc796798a3a81b"},"headline":"Gobernaci\u00f3n de Nari\u00f1o e instituciones atienden crisis humanitaria en El Charco","datePublished":"2022-02-05T01:31:28+00:00","mainEntityOfPage":{"@id":"https:\/\/pagina10.com\/web\/gobernacion-de-narino-e-instituciones-atienden-crisis-humanitaria-en-el-charco\/"},"wordCount":371,"commentCount":0,"publisher":{"@id":"https:\/\/pagina10.com\/web\/#organization"},"image":{"@id":"https:\/\/pagina10.com\/web\/gobernacion-de-narino-e-instituciones-atienden-crisis-humanitaria-en-el-charco\/#primaryimage"},"thumbnailUrl":"https:\/\/pagina10.com\/web\/wp-content\/uploads\/2022\/02\/Captura-de-Pantalla-2022-02-04-a-las-8.30.12-p.-m..png","articleSection":["Regiones"],"inLanguage":"es","potentialAction":[{"@type":"CommentAction","name":"Comment","target":["https:\/\/pagina10.com\/web\/gobernacion-de-narino-e-instituciones-atienden-crisis-humanitaria-en-el-charco\/#respond"]}]},{"@type":"WebPage","@id":"https:\/\/pagina10.com\/web\/gobernacion-de-narino-e-instituciones-atienden-crisis-humanitaria-en-el-charco\/","url":"https:\/\/pagina10.com\/web\/gobernacion-de-narino-e-instituciones-atienden-crisis-humanitaria-en-el-charco\/","name":"Gobernaci\u00f3n de Nari\u00f1o e instituciones atienden crisis humanitaria en El Charco | P\u00e1gina10","isPartOf":{"@id":"https:\/\/pagina10.com\/web\/#website"},"primaryImageOfPage":{"@id":"https:\/\/pagina10.com\/web\/gobernacion-de-narino-e-instituciones-atienden-crisis-humanitaria-en-el-charco\/#primaryimage"},"image":{"@id":"https:\/\/pagina10.com\/web\/gobernacion-de-narino-e-instituciones-atienden-crisis-humanitaria-en-el-charco\/#primaryimage"},"thumbnailUrl":"https:\/\/pagina10.com\/web\/wp-content\/uploads\/2022\/02\/Captura-de-Pantalla-2022-02-04-a-las-8.30.12-p.-m..png","datePublished":"2022-02-05T01:31:28+00:00","breadcrumb":{"@id":"https:\/\/pagina10.com\/web\/gobernacion-de-narino-e-instituciones-atienden-crisis-humanitaria-en-el-charco\/#breadcrumb"},"inLanguage":"es","potentialAction":[{"@type":"ReadAction","target":["https:\/\/pagina10.com\/web\/gobernacion-de-narino-e-instituciones-atienden-crisis-humanitaria-en-el-charco\/"]}]},{"@type":"ImageObject","inLanguage":"es","@id":"https:\/\/pagina10.com\/web\/gobernacion-de-narino-e-instituciones-atienden-crisis-humanitaria-en-el-charco\/#primaryimage","url":"https:\/\/pagina10.com\/web\/wp-content\/uploads\/2022\/02\/Captura-de-Pantalla-2022-02-04-a-las-8.30.12-p.-m..png","contentUrl":"https:\/\/pagina10.com\/web\/wp-content\/uploads\/2022\/02\/Captura-de-Pantalla-2022-02-04-a-las-8.30.12-p.-m..png","width":751,"height":401},{"@type":"BreadcrumbList","@id":"https:\/\/pagina10.com\/web\/gobernacion-de-narino-e-instituciones-atienden-crisis-humanitaria-en-el-charco\/#breadcrumb","itemListElement":[{"@type":"ListItem","position":1,"name":"Portada","item":"https:\/\/pagina10.com\/web\/"},{"@type":"ListItem","position":2,"name":"Gobernaci\u00f3n de Nari\u00f1o e instituciones atienden crisis humanitaria en El Charco"}]},{"@type":"WebSite","@id":"https:\/\/pagina10.com\/web\/#website","url":"https:\/\/pagina10.com\/web\/","name":"P\u00e1gina10","description":"Peri\u00f3dico Regional","publisher":{"@id":"https:\/\/pagina10.com\/web\/#organization"},"alternateName":"P\u00e1gina10 Peri\u00f3dico Regional","potentialAction":[{"@type":"SearchAction","target":{"@type":"EntryPoint","urlTemplate":"https:\/\/pagina10.com\/web\/?s={search_term_string}"},"query-input":{"@type":"PropertyValueSpecification","valueRequired":true,"valueName":"search_term_string"}}],"inLanguage":"es"},{"@type":"Organization","@id":"https:\/\/pagina10.com\/web\/#organization","name":"P\u00e1gina10","alternateName":"P\u00e1gina10 Peri\u00f3dico Regional","url":"https:\/\/pagina10.com\/web\/","logo":{"@type":"ImageObject","inLanguage":"es","@id":"https:\/\/pagina10.com\/web\/#\/schema\/logo\/image\/","url":"https:\/\/pagina10.com\/web\/wp-content\/uploads\/2024\/01\/40-pagina-10-periodico-regional-pasto.jpg","contentUrl":"https:\/\/pagina10.com\/web\/wp-content\/uploads\/2024\/01\/40-pagina-10-periodico-regional-pasto.jpg","width":1280,"height":720,"caption":"P\u00e1gina10"},"image":{"@id":"https:\/\/pagina10.com\/web\/#\/schema\/logo\/image\/"},"sameAs":["https:\/\/www.facebook.com\/pag10com","https:\/\/x.com\/Pag10com","https:\/\/www.instagram.com\/pagina10col\/","https:\/\/youtube.com\/channel\/pag10","https:\/\/www.tiktok.com\/@p10col"]},{"@type":"Person","@id":"https:\/\/pagina10.com\/web\/#\/schema\/person\/2efc4a090d25b667d3bc796798a3a81b","name":"P\u00e1gina 10","description":"P\u00e1gina 10 es un peri\u00f3dico regional que nace en Colombia, en el departamento de Nari\u00f1o, con un enfoque global, fundamentado en cuatro pilares esenciales: la libertad, el pluralismo, la inclusi\u00f3n y la independencia. P\u00e1gina 10 hace referencia a Nari\u00f1o como el d\u00e9cimo departamento creado en Colombia, despu\u00e9s de un proceso pol\u00edtico liderado por actores y actrices regionales con el fin de obtener la independencia y autonom\u00eda de nuestros territorios. Con la creaci\u00f3n de P\u00e1gina 10 se pretende abrir un escenario para el dialogo, la reflexi\u00f3n y el debate que se extienda a otras geograf\u00edas de Am\u00e9rica Latina y del planeta, en una apuesta por transformar colectivamente los desaf\u00edos de un mundo contempor\u00e1neo, m\u00e1s all\u00e1 de las fronteras impuestas.","url":"https:\/\/pagina10.com\/web\/author\/pdiezadmin\/"}]}},"_links":{"self":[{"href":"https:\/\/pagina10.com\/web\/wp-json\/wp\/v2\/posts\/58031","targetHints":{"allow":["GET"]}}],"collection":[{"href":"https:\/\/pagina10.com\/web\/wp-json\/wp\/v2\/posts"}],"about":[{"href":"https:\/\/pagina10.com\/web\/wp-json\/wp\/v2\/types\/post"}],"author":[{"embeddable":true,"href":"https:\/\/pagina10.com\/web\/wp-json\/wp\/v2\/users\/1"}],"replies":[{"embeddable":true,"href":"https:\/\/pagina10.com\/web\/wp-json\/wp\/v2\/comments?post=58031"}],"version-history":[{"count":1,"href":"https:\/\/pagina10.com\/web\/wp-json\/wp\/v2\/posts\/58031\/revisions"}],"predecessor-version":[{"id":58033,"href":"https:\/\/pagina10.com\/web\/wp-json\/wp\/v2\/posts\/58031\/revisions\/58033"}],"wp:featuredmedia":[{"embeddable":true,"href":"https:\/\/pagina10.com\/web\/wp-json\/wp\/v2\/media\/58032"}],"wp:attachment":[{"href":"https:\/\/pagina10.com\/web\/wp-json\/wp\/v2\/media?parent=58031"}],"wp:term":[{"taxonomy":"category","embeddable":true,"href":"https:\/\/pagina10.com\/web\/wp-json\/wp\/v2\/categories?post=58031"},{"taxonomy":"post_tag","embeddable":true,"href":"https:\/\/pagina10.com\/web\/wp-json\/wp\/v2\/tags?post=58031"}],"curies":[{"name":"wp","href":"https:\/\/api.w.org\/{rel}","templated":true}]}}