{"id":58047,"date":"2022-02-06T19:10:26","date_gmt":"2022-02-07T00:10:26","guid":{"rendered":"https:\/\/pagina10.com\/web\/?p=58047"},"modified":"2022-02-06T19:19:53","modified_gmt":"2022-02-07T00:19:53","slug":"campana-politica-contara-con-direccion-de-genero","status":"publish","type":"post","link":"https:\/\/pagina10.com\/web\/campana-politica-contara-con-direccion-de-genero\/","title":{"rendered":"Campa\u00f1a pol\u00edtica contar\u00e1 con Direcci\u00f3n de G\u00e9nero."},"content":{"rendered":"<p style=\"text-align: justify;\">La Campa\u00f1a de Ruth Caicedo de Enr\u00edquez ha continuado un arduo trabajo operativo para consolidar el proyecto pol\u00edtico, como uno de los m\u00e1s votados y destacados de la pr\u00f3xima contienda electoral.<\/p>\n<p style=\"text-align: justify;\">En las \u00faltimos horas se terminaron de concretar las actividades que realizar\u00e1 la Direcci\u00f3n de G\u00e9nero de la campa\u00f1a C105, con la misi\u00f3n de fortalecerse como objetivo espec\u00edfico de este proyecto pol\u00edtico. Cada mi\u00e9rcoles, se desarrollar\u00e1n actividades culturales, acad\u00e9micas y l\u00fadicas, siguiendo un juicioso y variado cronograma, establecido por un importante grupo de mujeres que han decidido empoderarse de varios espacios de la Sede y de la campa\u00f1a. Ruth Caicedo de Enr\u00edquez, ha expresado en varias oportunidades su misi\u00f3n de exaltar la labor de la mujer en la construcci\u00f3n de proyectos familiares, empresariales, sociales y pol\u00edticos, como pilar fundamental para el \u00e9xito de los mismos.<\/p>\n<p style=\"text-align: justify;\"><img fetchpriority=\"high\" decoding=\"async\" class=\"aligncenter size-full wp-image-58049\" src=\"https:\/\/pagina10.com\/web\/wp-content\/uploads\/2022\/02\/Captura-de-Pantalla-2022-02-06-a-las-7.09.43-p.-m..png\" alt=\"\" width=\"544\" height=\"400\" srcset=\"https:\/\/pagina10.com\/web\/wp-content\/uploads\/2022\/02\/Captura-de-Pantalla-2022-02-06-a-las-7.09.43-p.-m..png 544w, https:\/\/pagina10.com\/web\/wp-content\/uploads\/2022\/02\/Captura-de-Pantalla-2022-02-06-a-las-7.09.43-p.-m.-300x221.png 300w, https:\/\/pagina10.com\/web\/wp-content\/uploads\/2022\/02\/Captura-de-Pantalla-2022-02-06-a-las-7.09.43-p.-m.-86x64.png 86w\" sizes=\"(max-width: 544px) 100vw, 544px\" \/>Por otro lado, la Sede de Ruth Caicedo, la \u201cCasa de las Puertas Abiertas\u201d recibi\u00f3 a un grupo de importantes empresarios de la regi\u00f3n, quienes despu\u00e9s de conversar con la candidata y Gerente General, han ratificado su apoyo a este proyecto, en el cual ven incontables beneficios para su gremio y para el Departamento. Recordemos que el emprendimiento e innovaci\u00f3n, ejes program\u00e1ticos de la campa\u00f1a, impulsan directamente el desarrollo econ\u00f3mico. Durante la noche, se recibi\u00f3 delegaciones de Samaniego y otros municipios del Departamento, este importante respaldo, se suma a la lista de lideres nari\u00f1enses, que conf\u00edan en que juntos,<\/p>\n<p style=\"text-align: justify;\"><strong>Art\u00edculo promocionado.<\/strong><\/p>\n","protected":false},"excerpt":{"rendered":"<p>La Campa\u00f1a de Ruth Caicedo de Enr\u00edquez ha continuado un arduo trabajo operativo para consolidar el proyecto pol\u00edtico, como uno de los m\u00e1s votados y destacados de la pr\u00f3xima contienda electoral. En las \u00faltimos horas se terminaron de concretar las actividades que realizar\u00e1 la Direcci\u00f3n de G\u00e9nero de la campa\u00f1a C105, con la misi\u00f3n de [&hellip;]<\/p>\n","protected":false},"author":1,"featured_media":58048,"comment_status":"open","ping_status":"open","sticky":false,"template":"","format":"standard","meta":{"footnotes":""},"categories":[53],"tags":[],"class_list":["post-58047","post","type-post","status-publish","format-standard","has-post-thumbnail","hentry","category-regiones"],"yoast_head":"<!-- This site is optimized with the Yoast SEO plugin v27.1.1 - https:\/\/yoast.com\/product\/yoast-seo-wordpress\/ -->\n<title>Campa\u00f1a pol\u00edtica contar\u00e1 con Direcci\u00f3n de G\u00e9nero. | P\u00e1gina10<\/title>\n<meta name=\"robots\" content=\"index, follow, max-snippet:-1, max-image-preview:large, max-video-preview:-1\" \/>\n<link rel=\"canonical\" href=\"https:\/\/pagina10.com\/web\/campana-politica-contara-con-direccion-de-genero\/\" \/>\n<meta property=\"og:locale\" content=\"es_ES\" \/>\n<meta property=\"og:type\" content=\"article\" \/>\n<meta property=\"og:title\" content=\"Campa\u00f1a pol\u00edtica contar\u00e1 con Direcci\u00f3n de G\u00e9nero. | P\u00e1gina10\" \/>\n<meta property=\"og:description\" content=\"La Campa\u00f1a de Ruth Caicedo de Enr\u00edquez ha continuado un arduo trabajo operativo para consolidar el proyecto pol\u00edtico, como uno de los m\u00e1s votados y destacados de la pr\u00f3xima contienda electoral. En las \u00faltimos horas se terminaron de concretar las actividades que realizar\u00e1 la Direcci\u00f3n de G\u00e9nero de la campa\u00f1a C105, con la misi\u00f3n de [&hellip;]\" \/>\n<meta property=\"og:url\" content=\"https:\/\/pagina10.com\/web\/campana-politica-contara-con-direccion-de-genero\/\" \/>\n<meta property=\"og:site_name\" content=\"P\u00e1gina10\" \/>\n<meta property=\"article:publisher\" content=\"https:\/\/www.facebook.com\/pag10com\" \/>\n<meta property=\"article:published_time\" content=\"2022-02-07T00:10:26+00:00\" \/>\n<meta property=\"article:modified_time\" content=\"2022-02-07T00:19:53+00:00\" \/>\n<meta property=\"og:image\" content=\"https:\/\/pagina10.com\/web\/wp-content\/uploads\/2022\/02\/Captura-de-Pantalla-2022-02-06-a-las-7.08.19-p.-m..png\" \/>\n\t<meta property=\"og:image:width\" content=\"526\" \/>\n\t<meta property=\"og:image:height\" content=\"271\" \/>\n\t<meta property=\"og:image:type\" content=\"image\/png\" \/>\n<meta name=\"author\" content=\"P\u00e1gina 10\" \/>\n<meta name=\"twitter:card\" content=\"summary_large_image\" \/>\n<meta name=\"twitter:creator\" content=\"@Pag10com\" \/>\n<meta name=\"twitter:site\" content=\"@Pag10com\" \/>\n<meta name=\"twitter:label1\" content=\"Escrito por\" \/>\n\t<meta name=\"twitter:data1\" content=\"P\u00e1gina 10\" \/>\n\t<meta name=\"twitter:label2\" content=\"Tiempo de lectura\" \/>\n\t<meta name=\"twitter:data2\" content=\"1 minuto\" \/>\n<script type=\"application\/ld+json\" class=\"yoast-schema-graph\">{\"@context\":\"https:\/\/schema.org\",\"@graph\":[{\"@type\":\"Article\",\"@id\":\"https:\/\/pagina10.com\/web\/campana-politica-contara-con-direccion-de-genero\/#article\",\"isPartOf\":{\"@id\":\"https:\/\/pagina10.com\/web\/campana-politica-contara-con-direccion-de-genero\/\"},\"author\":{\"name\":\"P\u00e1gina 10\",\"@id\":\"https:\/\/pagina10.com\/web\/#\/schema\/person\/2efc4a090d25b667d3bc796798a3a81b\"},\"headline\":\"Campa\u00f1a pol\u00edtica contar\u00e1 con Direcci\u00f3n de G\u00e9nero.\",\"datePublished\":\"2022-02-07T00:10:26+00:00\",\"dateModified\":\"2022-02-07T00:19:53+00:00\",\"mainEntityOfPage\":{\"@id\":\"https:\/\/pagina10.com\/web\/campana-politica-contara-con-direccion-de-genero\/\"},\"wordCount\":277,\"commentCount\":0,\"publisher\":{\"@id\":\"https:\/\/pagina10.com\/web\/#organization\"},\"image\":{\"@id\":\"https:\/\/pagina10.com\/web\/campana-politica-contara-con-direccion-de-genero\/#primaryimage\"},\"thumbnailUrl\":\"https:\/\/pagina10.com\/web\/wp-content\/uploads\/2022\/02\/Captura-de-Pantalla-2022-02-06-a-las-7.08.19-p.-m..png\",\"articleSection\":[\"Regiones\"],\"inLanguage\":\"es\",\"potentialAction\":[{\"@type\":\"CommentAction\",\"name\":\"Comment\",\"target\":[\"https:\/\/pagina10.com\/web\/campana-politica-contara-con-direccion-de-genero\/#respond\"]}]},{\"@type\":\"WebPage\",\"@id\":\"https:\/\/pagina10.com\/web\/campana-politica-contara-con-direccion-de-genero\/\",\"url\":\"https:\/\/pagina10.com\/web\/campana-politica-contara-con-direccion-de-genero\/\",\"name\":\"Campa\u00f1a pol\u00edtica contar\u00e1 con Direcci\u00f3n de G\u00e9nero. | P\u00e1gina10\",\"isPartOf\":{\"@id\":\"https:\/\/pagina10.com\/web\/#website\"},\"primaryImageOfPage\":{\"@id\":\"https:\/\/pagina10.com\/web\/campana-politica-contara-con-direccion-de-genero\/#primaryimage\"},\"image\":{\"@id\":\"https:\/\/pagina10.com\/web\/campana-politica-contara-con-direccion-de-genero\/#primaryimage\"},\"thumbnailUrl\":\"https:\/\/pagina10.com\/web\/wp-content\/uploads\/2022\/02\/Captura-de-Pantalla-2022-02-06-a-las-7.08.19-p.-m..png\",\"datePublished\":\"2022-02-07T00:10:26+00:00\",\"dateModified\":\"2022-02-07T00:19:53+00:00\",\"breadcrumb\":{\"@id\":\"https:\/\/pagina10.com\/web\/campana-politica-contara-con-direccion-de-genero\/#breadcrumb\"},\"inLanguage\":\"es\",\"potentialAction\":[{\"@type\":\"ReadAction\",\"target\":[\"https:\/\/pagina10.com\/web\/campana-politica-contara-con-direccion-de-genero\/\"]}]},{\"@type\":\"ImageObject\",\"inLanguage\":\"es\",\"@id\":\"https:\/\/pagina10.com\/web\/campana-politica-contara-con-direccion-de-genero\/#primaryimage\",\"url\":\"https:\/\/pagina10.com\/web\/wp-content\/uploads\/2022\/02\/Captura-de-Pantalla-2022-02-06-a-las-7.08.19-p.-m..png\",\"contentUrl\":\"https:\/\/pagina10.com\/web\/wp-content\/uploads\/2022\/02\/Captura-de-Pantalla-2022-02-06-a-las-7.08.19-p.-m..png\",\"width\":526,\"height\":271},{\"@type\":\"BreadcrumbList\",\"@id\":\"https:\/\/pagina10.com\/web\/campana-politica-contara-con-direccion-de-genero\/#breadcrumb\",\"itemListElement\":[{\"@type\":\"ListItem\",\"position\":1,\"name\":\"Portada\",\"item\":\"https:\/\/pagina10.com\/web\/\"},{\"@type\":\"ListItem\",\"position\":2,\"name\":\"Campa\u00f1a pol\u00edtica contar\u00e1 con Direcci\u00f3n de G\u00e9nero.\"}]},{\"@type\":\"WebSite\",\"@id\":\"https:\/\/pagina10.com\/web\/#website\",\"url\":\"https:\/\/pagina10.com\/web\/\",\"name\":\"P\u00e1gina10\",\"description\":\"Peri\u00f3dico Regional\",\"publisher\":{\"@id\":\"https:\/\/pagina10.com\/web\/#organization\"},\"alternateName\":\"P\u00e1gina10 Peri\u00f3dico Regional\",\"potentialAction\":[{\"@type\":\"SearchAction\",\"target\":{\"@type\":\"EntryPoint\",\"urlTemplate\":\"https:\/\/pagina10.com\/web\/?s={search_term_string}\"},\"query-input\":{\"@type\":\"PropertyValueSpecification\",\"valueRequired\":true,\"valueName\":\"search_term_string\"}}],\"inLanguage\":\"es\"},{\"@type\":\"Organization\",\"@id\":\"https:\/\/pagina10.com\/web\/#organization\",\"name\":\"P\u00e1gina10\",\"alternateName\":\"P\u00e1gina10 Peri\u00f3dico Regional\",\"url\":\"https:\/\/pagina10.com\/web\/\",\"logo\":{\"@type\":\"ImageObject\",\"inLanguage\":\"es\",\"@id\":\"https:\/\/pagina10.com\/web\/#\/schema\/logo\/image\/\",\"url\":\"https:\/\/pagina10.com\/web\/wp-content\/uploads\/2024\/01\/40-pagina-10-periodico-regional-pasto.jpg\",\"contentUrl\":\"https:\/\/pagina10.com\/web\/wp-content\/uploads\/2024\/01\/40-pagina-10-periodico-regional-pasto.jpg\",\"width\":1280,\"height\":720,\"caption\":\"P\u00e1gina10\"},\"image\":{\"@id\":\"https:\/\/pagina10.com\/web\/#\/schema\/logo\/image\/\"},\"sameAs\":[\"https:\/\/www.facebook.com\/pag10com\",\"https:\/\/x.com\/Pag10com\",\"https:\/\/www.instagram.com\/pagina10col\/\",\"https:\/\/youtube.com\/channel\/pag10\",\"https:\/\/www.tiktok.com\/@p10col\"]},{\"@type\":\"Person\",\"@id\":\"https:\/\/pagina10.com\/web\/#\/schema\/person\/2efc4a090d25b667d3bc796798a3a81b\",\"name\":\"P\u00e1gina 10\",\"description\":\"P\u00e1gina 10 es un peri\u00f3dico regional que nace en Colombia, en el departamento de Nari\u00f1o, con un enfoque global, fundamentado en cuatro pilares esenciales: la libertad, el pluralismo, la inclusi\u00f3n y la independencia. P\u00e1gina 10 hace referencia a Nari\u00f1o como el d\u00e9cimo departamento creado en Colombia, despu\u00e9s de un proceso pol\u00edtico liderado por actores y actrices regionales con el fin de obtener la independencia y autonom\u00eda de nuestros territorios. Con la creaci\u00f3n de P\u00e1gina 10 se pretende abrir un escenario para el dialogo, la reflexi\u00f3n y el debate que se extienda a otras geograf\u00edas de Am\u00e9rica Latina y del planeta, en una apuesta por transformar colectivamente los desaf\u00edos de un mundo contempor\u00e1neo, m\u00e1s all\u00e1 de las fronteras impuestas.\",\"url\":\"https:\/\/pagina10.com\/web\/author\/pdiezadmin\/\"}]}<\/script>\n<!-- \/ Yoast SEO plugin. -->","yoast_head_json":{"title":"Campa\u00f1a pol\u00edtica contar\u00e1 con Direcci\u00f3n de G\u00e9nero. | P\u00e1gina10","robots":{"index":"index","follow":"follow","max-snippet":"max-snippet:-1","max-image-preview":"max-image-preview:large","max-video-preview":"max-video-preview:-1"},"canonical":"https:\/\/pagina10.com\/web\/campana-politica-contara-con-direccion-de-genero\/","og_locale":"es_ES","og_type":"article","og_title":"Campa\u00f1a pol\u00edtica contar\u00e1 con Direcci\u00f3n de G\u00e9nero. | P\u00e1gina10","og_description":"La Campa\u00f1a de Ruth Caicedo de Enr\u00edquez ha continuado un arduo trabajo operativo para consolidar el proyecto pol\u00edtico, como uno de los m\u00e1s votados y destacados de la pr\u00f3xima contienda electoral. En las \u00faltimos horas se terminaron de concretar las actividades que realizar\u00e1 la Direcci\u00f3n de G\u00e9nero de la campa\u00f1a C105, con la misi\u00f3n de [&hellip;]","og_url":"https:\/\/pagina10.com\/web\/campana-politica-contara-con-direccion-de-genero\/","og_site_name":"P\u00e1gina10","article_publisher":"https:\/\/www.facebook.com\/pag10com","article_published_time":"2022-02-07T00:10:26+00:00","article_modified_time":"2022-02-07T00:19:53+00:00","og_image":[{"width":526,"height":271,"url":"https:\/\/pagina10.com\/web\/wp-content\/uploads\/2022\/02\/Captura-de-Pantalla-2022-02-06-a-las-7.08.19-p.-m..png","type":"image\/png"}],"author":"P\u00e1gina 10","twitter_card":"summary_large_image","twitter_creator":"@Pag10com","twitter_site":"@Pag10com","twitter_misc":{"Escrito por":"P\u00e1gina 10","Tiempo de lectura":"1 minuto"},"schema":{"@context":"https:\/\/schema.org","@graph":[{"@type":"Article","@id":"https:\/\/pagina10.com\/web\/campana-politica-contara-con-direccion-de-genero\/#article","isPartOf":{"@id":"https:\/\/pagina10.com\/web\/campana-politica-contara-con-direccion-de-genero\/"},"author":{"name":"P\u00e1gina 10","@id":"https:\/\/pagina10.com\/web\/#\/schema\/person\/2efc4a090d25b667d3bc796798a3a81b"},"headline":"Campa\u00f1a pol\u00edtica contar\u00e1 con Direcci\u00f3n de G\u00e9nero.","datePublished":"2022-02-07T00:10:26+00:00","dateModified":"2022-02-07T00:19:53+00:00","mainEntityOfPage":{"@id":"https:\/\/pagina10.com\/web\/campana-politica-contara-con-direccion-de-genero\/"},"wordCount":277,"commentCount":0,"publisher":{"@id":"https:\/\/pagina10.com\/web\/#organization"},"image":{"@id":"https:\/\/pagina10.com\/web\/campana-politica-contara-con-direccion-de-genero\/#primaryimage"},"thumbnailUrl":"https:\/\/pagina10.com\/web\/wp-content\/uploads\/2022\/02\/Captura-de-Pantalla-2022-02-06-a-las-7.08.19-p.-m..png","articleSection":["Regiones"],"inLanguage":"es","potentialAction":[{"@type":"CommentAction","name":"Comment","target":["https:\/\/pagina10.com\/web\/campana-politica-contara-con-direccion-de-genero\/#respond"]}]},{"@type":"WebPage","@id":"https:\/\/pagina10.com\/web\/campana-politica-contara-con-direccion-de-genero\/","url":"https:\/\/pagina10.com\/web\/campana-politica-contara-con-direccion-de-genero\/","name":"Campa\u00f1a pol\u00edtica contar\u00e1 con Direcci\u00f3n de G\u00e9nero. | P\u00e1gina10","isPartOf":{"@id":"https:\/\/pagina10.com\/web\/#website"},"primaryImageOfPage":{"@id":"https:\/\/pagina10.com\/web\/campana-politica-contara-con-direccion-de-genero\/#primaryimage"},"image":{"@id":"https:\/\/pagina10.com\/web\/campana-politica-contara-con-direccion-de-genero\/#primaryimage"},"thumbnailUrl":"https:\/\/pagina10.com\/web\/wp-content\/uploads\/2022\/02\/Captura-de-Pantalla-2022-02-06-a-las-7.08.19-p.-m..png","datePublished":"2022-02-07T00:10:26+00:00","dateModified":"2022-02-07T00:19:53+00:00","breadcrumb":{"@id":"https:\/\/pagina10.com\/web\/campana-politica-contara-con-direccion-de-genero\/#breadcrumb"},"inLanguage":"es","potentialAction":[{"@type":"ReadAction","target":["https:\/\/pagina10.com\/web\/campana-politica-contara-con-direccion-de-genero\/"]}]},{"@type":"ImageObject","inLanguage":"es","@id":"https:\/\/pagina10.com\/web\/campana-politica-contara-con-direccion-de-genero\/#primaryimage","url":"https:\/\/pagina10.com\/web\/wp-content\/uploads\/2022\/02\/Captura-de-Pantalla-2022-02-06-a-las-7.08.19-p.-m..png","contentUrl":"https:\/\/pagina10.com\/web\/wp-content\/uploads\/2022\/02\/Captura-de-Pantalla-2022-02-06-a-las-7.08.19-p.-m..png","width":526,"height":271},{"@type":"BreadcrumbList","@id":"https:\/\/pagina10.com\/web\/campana-politica-contara-con-direccion-de-genero\/#breadcrumb","itemListElement":[{"@type":"ListItem","position":1,"name":"Portada","item":"https:\/\/pagina10.com\/web\/"},{"@type":"ListItem","position":2,"name":"Campa\u00f1a pol\u00edtica contar\u00e1 con Direcci\u00f3n de G\u00e9nero."}]},{"@type":"WebSite","@id":"https:\/\/pagina10.com\/web\/#website","url":"https:\/\/pagina10.com\/web\/","name":"P\u00e1gina10","description":"Peri\u00f3dico Regional","publisher":{"@id":"https:\/\/pagina10.com\/web\/#organization"},"alternateName":"P\u00e1gina10 Peri\u00f3dico Regional","potentialAction":[{"@type":"SearchAction","target":{"@type":"EntryPoint","urlTemplate":"https:\/\/pagina10.com\/web\/?s={search_term_string}"},"query-input":{"@type":"PropertyValueSpecification","valueRequired":true,"valueName":"search_term_string"}}],"inLanguage":"es"},{"@type":"Organization","@id":"https:\/\/pagina10.com\/web\/#organization","name":"P\u00e1gina10","alternateName":"P\u00e1gina10 Peri\u00f3dico Regional","url":"https:\/\/pagina10.com\/web\/","logo":{"@type":"ImageObject","inLanguage":"es","@id":"https:\/\/pagina10.com\/web\/#\/schema\/logo\/image\/","url":"https:\/\/pagina10.com\/web\/wp-content\/uploads\/2024\/01\/40-pagina-10-periodico-regional-pasto.jpg","contentUrl":"https:\/\/pagina10.com\/web\/wp-content\/uploads\/2024\/01\/40-pagina-10-periodico-regional-pasto.jpg","width":1280,"height":720,"caption":"P\u00e1gina10"},"image":{"@id":"https:\/\/pagina10.com\/web\/#\/schema\/logo\/image\/"},"sameAs":["https:\/\/www.facebook.com\/pag10com","https:\/\/x.com\/Pag10com","https:\/\/www.instagram.com\/pagina10col\/","https:\/\/youtube.com\/channel\/pag10","https:\/\/www.tiktok.com\/@p10col"]},{"@type":"Person","@id":"https:\/\/pagina10.com\/web\/#\/schema\/person\/2efc4a090d25b667d3bc796798a3a81b","name":"P\u00e1gina 10","description":"P\u00e1gina 10 es un peri\u00f3dico regional que nace en Colombia, en el departamento de Nari\u00f1o, con un enfoque global, fundamentado en cuatro pilares esenciales: la libertad, el pluralismo, la inclusi\u00f3n y la independencia. P\u00e1gina 10 hace referencia a Nari\u00f1o como el d\u00e9cimo departamento creado en Colombia, despu\u00e9s de un proceso pol\u00edtico liderado por actores y actrices regionales con el fin de obtener la independencia y autonom\u00eda de nuestros territorios. Con la creaci\u00f3n de P\u00e1gina 10 se pretende abrir un escenario para el dialogo, la reflexi\u00f3n y el debate que se extienda a otras geograf\u00edas de Am\u00e9rica Latina y del planeta, en una apuesta por transformar colectivamente los desaf\u00edos de un mundo contempor\u00e1neo, m\u00e1s all\u00e1 de las fronteras impuestas.","url":"https:\/\/pagina10.com\/web\/author\/pdiezadmin\/"}]}},"_links":{"self":[{"href":"https:\/\/pagina10.com\/web\/wp-json\/wp\/v2\/posts\/58047","targetHints":{"allow":["GET"]}}],"collection":[{"href":"https:\/\/pagina10.com\/web\/wp-json\/wp\/v2\/posts"}],"about":[{"href":"https:\/\/pagina10.com\/web\/wp-json\/wp\/v2\/types\/post"}],"author":[{"embeddable":true,"href":"https:\/\/pagina10.com\/web\/wp-json\/wp\/v2\/users\/1"}],"replies":[{"embeddable":true,"href":"https:\/\/pagina10.com\/web\/wp-json\/wp\/v2\/comments?post=58047"}],"version-history":[{"count":2,"href":"https:\/\/pagina10.com\/web\/wp-json\/wp\/v2\/posts\/58047\/revisions"}],"predecessor-version":[{"id":58051,"href":"https:\/\/pagina10.com\/web\/wp-json\/wp\/v2\/posts\/58047\/revisions\/58051"}],"wp:featuredmedia":[{"embeddable":true,"href":"https:\/\/pagina10.com\/web\/wp-json\/wp\/v2\/media\/58048"}],"wp:attachment":[{"href":"https:\/\/pagina10.com\/web\/wp-json\/wp\/v2\/media?parent=58047"}],"wp:term":[{"taxonomy":"category","embeddable":true,"href":"https:\/\/pagina10.com\/web\/wp-json\/wp\/v2\/categories?post=58047"},{"taxonomy":"post_tag","embeddable":true,"href":"https:\/\/pagina10.com\/web\/wp-json\/wp\/v2\/tags?post=58047"}],"curies":[{"name":"wp","href":"https:\/\/api.w.org\/{rel}","templated":true}]}}