{"id":58052,"date":"2022-02-06T19:23:19","date_gmt":"2022-02-07T00:23:19","guid":{"rendered":"https:\/\/pagina10.com\/web\/?p=58052"},"modified":"2022-02-06T19:23:19","modified_gmt":"2022-02-07T00:23:19","slug":"politica-de-fumigacion-con-glifosato-estigmatizo-a-sus-detractores-javier-david-rodriguez","status":"publish","type":"post","link":"https:\/\/pagina10.com\/web\/politica-de-fumigacion-con-glifosato-estigmatizo-a-sus-detractores-javier-david-rodriguez\/","title":{"rendered":"&#8220;Pol\u00edtica de fumigaci\u00f3n con glifosato estigmatiz\u00f3 a sus detractores&#8221; Javier David Rodr\u00edguez"},"content":{"rendered":"<p style=\"text-align: justify;\">Los cr\u00edticos de la pol\u00edtica del Programa de Erradicaci\u00f3n de Cultivos Il\u00edcitos mediante aspersi\u00f3n a\u00e9rea con el glifosato herbicida (Pecig) fueron sistem\u00e1ticamente estigmatizados, criminalizados y subalternizados, incluso los actores cient\u00edficos que defend\u00edan evidencias de los severos impactos socioambientales y sanitarios sobre las comunidades y los territorios fumigados.<\/p>\n<p style=\"text-align: justify;\">As\u00ed lo advierte el m\u00e9dico Javier David Rodr\u00edguez Ruiz en su tesis para el Doctorado en Salud P\u00fablica de la Universidad Nacional de Colombia (UNAL), en la cual analiza la formulaci\u00f3n, implementaci\u00f3n y suspensi\u00f3n del Pecig durante el periodo 1992-2015, desde un modelo de an\u00e1lisis hermen\u00e9utico que articula un enfoque de an\u00e1lisis sociopol\u00edtico con el an\u00e1lisis de controversias cient\u00edficas en torno a los impactos sanitarios de esta pol\u00edtica.<\/p>\n<p style=\"text-align: justify;\">\u201cEl trabajo muestra el car\u00e1cter vertical, represivo, excluyente y violento asumido por el Pecig \u2013durante todo el periodo estudiado\u2013 hacia los detractores de la pol\u00edtica, quienes terminaron por ser parcialmente reconocidos y legitimados en el marco de la judicializaci\u00f3n de la pol\u00edtica y del cambio de la agenda antinarc\u00f3ticos global\u201d, contexto que explica la suspensi\u00f3n de este programa en Colombia.<\/p>\n<p style=\"text-align: justify;\">Para el investigador, \u201cel proceso de configuraci\u00f3n, reforma y suspensi\u00f3n del Pecig se puede caracterizar como altamente conflictivo, autoritario y violento, dado que su implementaci\u00f3n implic\u00f3 pr\u00e1cticas sistem\u00e1ticas de ejercicio de diversas formas de violencia por parte de los promotores de este programa, en particular desde el Gobierno nacional, encarnadas en el uso de las fuerzas armadas para ejecutar una pol\u00edtica de guerra y en una multiplicidad de violencias simb\u00f3licas, pol\u00edticas y directas, ileg\u00edtimas, y en muchos casos ilegales, ejercidas de forma sistem\u00e1tica y transversal sobre los detractores de esta pol\u00edtica\u201d.<\/p>\n<p style=\"text-align: justify;\">En la documentaci\u00f3n para este trabajo se estableci\u00f3 que frente a los detractores institucionales del Pecig \u2013como representantes pol\u00edticos nacionales o locales de las diversas ramas del poder p\u00fablico, o actores t\u00e9cnico-cient\u00edficos\u2013 la principal forma de violencia fue la estigmatizaci\u00f3n de sus posturas y la exclusi\u00f3n sistem\u00e1tica de las arenas principales de decisi\u00f3n de la pol\u00edtica.<\/p>\n<p style=\"text-align: justify;\">En ese aspecto, se advierte la estigmatizaci\u00f3n y criminalizaci\u00f3n sistem\u00e1tica en contra de la agenda pol\u00edtica que disput\u00f3 el movimiento cocalero y, en general, de las movilizaciones sociales que se presentaron durante el devenir del Pecig. \u201cLas repercusiones en forma de judicializaciones, violencias directas como lesiones, asesinatos y desplazamiento forzados fue extensa\u201d, anota el estudio.<\/p>\n<h3 style=\"text-align: justify;\">Cultivadores, los m\u00e1s afectados<\/h3>\n<p style=\"text-align: justify;\">Por otra parte, se determin\u00f3 que la mayor intensidad y diversidad de formas de violencias simb\u00f3licas y directas recay\u00f3 sobre las comunidades cultivadoras. \u201cLa exclusi\u00f3n sistem\u00e1tica de los escenarios de decisi\u00f3n sobre sus modos de vida, territorios y condiciones de vida fue evidente durante toda la implementaci\u00f3n del Pecig\u201d, se\u00f1ala el investigador.<\/p>\n<p style=\"text-align: justify;\">Al respecto, encuentra que la caracterizaci\u00f3n de las comunidades como ignorantes, atrasadas, criminales y dem\u00e1s formas de representaci\u00f3n impuesta por los promotores del Pecig, justific\u00f3 la continuidad de la exclusi\u00f3n, y la tentativa de ocultamiento y desconocimiento de sus agendas y propuestas.<\/p>\n<p style=\"text-align: justify;\">De hecho, en su investigaci\u00f3n observ\u00f3 que los actores que m\u00e1s acudieron a los medios judiciales para la disputa por derechos, reconocimiento y restituci\u00f3n de da\u00f1os fueron las comunidades de territorios asperjados, quienes recurrieron a demandas, tutelas, proceso de reparaci\u00f3n directa y otras expresiones extendidas de la agenda de reivindicaciones.<\/p>\n<p style=\"text-align: justify;\">En ese sentido, menciona que, jur\u00eddicamente, el reconocimiento de los da\u00f1os presuntamente ocasionados por el Pecig, la obligaci\u00f3n de indemnizaciones y reparaciones, y el reconocimiento de buena parte de los argumentos planteados por los detractores, fueron elementos determinantes para diversas reformas y para la suspensi\u00f3n de la pol\u00edtica.<\/p>\n<p style=\"text-align: justify;\">Por medio del an\u00e1lisis documental y de contenido, el autor desarroll\u00f3 una extensa cr\u00edtica de fuentes de informaci\u00f3n primarias y secundarias, incluyendo aquellas in\u00e9ditas, como las actas de reuni\u00f3n del Consejo Nacional de Estupefacientes del periodo 1992-2004, entrevistas a decisores y actores t\u00e9cnico-cient\u00edficos que, junto a fuentes normativas, jur\u00eddicas, de prensa y acad\u00e9micas, permitieron construir un relato explicativo que da cuenta de la din\u00e1mica del campo pol\u00edtico y cient\u00edfico en relaci\u00f3n con el devenir del Pecig y, en particular, de los actores y conocimientos cient\u00edficos contrapuestos alrededor de los impactos sanitarios de las aspersiones a\u00e9reas con glifosato (AAG).<\/p>\n<p style=\"text-align: justify;\">En el campo cient\u00edfico, el proceso de configuraci\u00f3n del Pecig implic\u00f3 m\u00faltiples controversias, que se ubicaron como elementos prioritarios de la disputa entre promotores y detractores de la pol\u00edtica, y que el investigador identific\u00f3 como centrales las de nocividad-toxicidad\/inocuidad y la de eficacia\/ineficacia.<\/p>\n<p style=\"text-align: justify;\">Pol\u00edticamente se puede se\u00f1alar que el conflicto sobre la pol\u00edtica de erradicaci\u00f3n de cultivos a\u00e9reos mediante la aspersi\u00f3n con glifosato se defini\u00f3 como la disputa entre la defensa de la primac\u00eda de valores de orden y seguridad, que se pueden enmarcar en la perspectiva de la defensa del Estado de derecho, en el cual el Pecig se presentaba como herramienta principal del combate a la ilegalidad y a la amenaza social implicada en el narcotr\u00e1fico, y la defensa de derechos pol\u00edticos y sociales de cu\u00f1o individual o colectivo, como el derecho a la consulta previa, a gozar de una medi ambiente sano, a la salud y la vida, que se presentaban como afectados por este Programa.<\/p>\n","protected":false},"excerpt":{"rendered":"<p>Los cr\u00edticos de la pol\u00edtica del Programa de Erradicaci\u00f3n de Cultivos Il\u00edcitos mediante aspersi\u00f3n a\u00e9rea con el glifosato herbicida (Pecig) fueron sistem\u00e1ticamente estigmatizados, criminalizados y subalternizados, incluso los actores cient\u00edficos que defend\u00edan evidencias de los severos impactos socioambientales y sanitarios sobre las comunidades y los territorios fumigados. As\u00ed lo advierte el m\u00e9dico Javier David Rodr\u00edguez [&hellip;]<\/p>\n","protected":false},"author":1,"featured_media":58053,"comment_status":"open","ping_status":"open","sticky":false,"template":"","format":"standard","meta":{"footnotes":""},"categories":[84],"tags":[],"class_list":["post-58052","post","type-post","status-publish","format-standard","has-post-thumbnail","hentry","category-global-2"],"yoast_head":"<!-- This site is optimized with the Yoast SEO plugin v27.1.1 - https:\/\/yoast.com\/product\/yoast-seo-wordpress\/ -->\n<title>&quot;Pol\u00edtica de fumigaci\u00f3n con glifosato estigmatiz\u00f3 a sus detractores&quot; Javier David Rodr\u00edguez | P\u00e1gina10<\/title>\n<meta name=\"robots\" content=\"index, follow, max-snippet:-1, max-image-preview:large, max-video-preview:-1\" \/>\n<link rel=\"canonical\" href=\"https:\/\/pagina10.com\/web\/politica-de-fumigacion-con-glifosato-estigmatizo-a-sus-detractores-javier-david-rodriguez\/\" \/>\n<meta property=\"og:locale\" content=\"es_ES\" \/>\n<meta property=\"og:type\" content=\"article\" \/>\n<meta property=\"og:title\" content=\"&quot;Pol\u00edtica de fumigaci\u00f3n con glifosato estigmatiz\u00f3 a sus detractores&quot; Javier David Rodr\u00edguez | P\u00e1gina10\" \/>\n<meta property=\"og:description\" content=\"Los cr\u00edticos de la pol\u00edtica del Programa de Erradicaci\u00f3n de Cultivos Il\u00edcitos mediante aspersi\u00f3n a\u00e9rea con el glifosato herbicida (Pecig) fueron sistem\u00e1ticamente estigmatizados, criminalizados y subalternizados, incluso los actores cient\u00edficos que defend\u00edan evidencias de los severos impactos socioambientales y sanitarios sobre las comunidades y los territorios fumigados. As\u00ed lo advierte el m\u00e9dico Javier David Rodr\u00edguez [&hellip;]\" \/>\n<meta property=\"og:url\" content=\"https:\/\/pagina10.com\/web\/politica-de-fumigacion-con-glifosato-estigmatizo-a-sus-detractores-javier-david-rodriguez\/\" \/>\n<meta property=\"og:site_name\" content=\"P\u00e1gina10\" \/>\n<meta property=\"article:publisher\" content=\"https:\/\/www.facebook.com\/pag10com\" \/>\n<meta property=\"article:published_time\" content=\"2022-02-07T00:23:19+00:00\" \/>\n<meta property=\"og:image\" content=\"https:\/\/pagina10.com\/web\/wp-content\/uploads\/2022\/02\/Captura-de-Pantalla-2022-02-06-a-las-7.22.31-p.-m..png\" \/>\n\t<meta property=\"og:image:width\" content=\"509\" \/>\n\t<meta property=\"og:image:height\" content=\"312\" \/>\n\t<meta property=\"og:image:type\" content=\"image\/png\" \/>\n<meta name=\"author\" content=\"P\u00e1gina 10\" \/>\n<meta name=\"twitter:card\" content=\"summary_large_image\" \/>\n<meta name=\"twitter:creator\" content=\"@Pag10com\" \/>\n<meta name=\"twitter:site\" content=\"@Pag10com\" \/>\n<meta name=\"twitter:label1\" content=\"Escrito por\" \/>\n\t<meta name=\"twitter:data1\" content=\"P\u00e1gina 10\" \/>\n\t<meta name=\"twitter:label2\" content=\"Tiempo de lectura\" \/>\n\t<meta name=\"twitter:data2\" content=\"5 minutos\" \/>\n<script type=\"application\/ld+json\" class=\"yoast-schema-graph\">{\"@context\":\"https:\/\/schema.org\",\"@graph\":[{\"@type\":\"Article\",\"@id\":\"https:\/\/pagina10.com\/web\/politica-de-fumigacion-con-glifosato-estigmatizo-a-sus-detractores-javier-david-rodriguez\/#article\",\"isPartOf\":{\"@id\":\"https:\/\/pagina10.com\/web\/politica-de-fumigacion-con-glifosato-estigmatizo-a-sus-detractores-javier-david-rodriguez\/\"},\"author\":{\"name\":\"P\u00e1gina 10\",\"@id\":\"https:\/\/pagina10.com\/web\/#\/schema\/person\/2efc4a090d25b667d3bc796798a3a81b\"},\"headline\":\"&#8220;Pol\u00edtica de fumigaci\u00f3n con glifosato estigmatiz\u00f3 a sus detractores&#8221; Javier David Rodr\u00edguez\",\"datePublished\":\"2022-02-07T00:23:19+00:00\",\"mainEntityOfPage\":{\"@id\":\"https:\/\/pagina10.com\/web\/politica-de-fumigacion-con-glifosato-estigmatizo-a-sus-detractores-javier-david-rodriguez\/\"},\"wordCount\":950,\"commentCount\":0,\"publisher\":{\"@id\":\"https:\/\/pagina10.com\/web\/#organization\"},\"image\":{\"@id\":\"https:\/\/pagina10.com\/web\/politica-de-fumigacion-con-glifosato-estigmatizo-a-sus-detractores-javier-david-rodriguez\/#primaryimage\"},\"thumbnailUrl\":\"https:\/\/pagina10.com\/web\/wp-content\/uploads\/2022\/02\/Captura-de-Pantalla-2022-02-06-a-las-7.22.31-p.-m..png\",\"articleSection\":[\"Global\"],\"inLanguage\":\"es\",\"potentialAction\":[{\"@type\":\"CommentAction\",\"name\":\"Comment\",\"target\":[\"https:\/\/pagina10.com\/web\/politica-de-fumigacion-con-glifosato-estigmatizo-a-sus-detractores-javier-david-rodriguez\/#respond\"]}]},{\"@type\":\"WebPage\",\"@id\":\"https:\/\/pagina10.com\/web\/politica-de-fumigacion-con-glifosato-estigmatizo-a-sus-detractores-javier-david-rodriguez\/\",\"url\":\"https:\/\/pagina10.com\/web\/politica-de-fumigacion-con-glifosato-estigmatizo-a-sus-detractores-javier-david-rodriguez\/\",\"name\":\"\\\"Pol\u00edtica de fumigaci\u00f3n con glifosato estigmatiz\u00f3 a sus detractores\\\" Javier David Rodr\u00edguez | P\u00e1gina10\",\"isPartOf\":{\"@id\":\"https:\/\/pagina10.com\/web\/#website\"},\"primaryImageOfPage\":{\"@id\":\"https:\/\/pagina10.com\/web\/politica-de-fumigacion-con-glifosato-estigmatizo-a-sus-detractores-javier-david-rodriguez\/#primaryimage\"},\"image\":{\"@id\":\"https:\/\/pagina10.com\/web\/politica-de-fumigacion-con-glifosato-estigmatizo-a-sus-detractores-javier-david-rodriguez\/#primaryimage\"},\"thumbnailUrl\":\"https:\/\/pagina10.com\/web\/wp-content\/uploads\/2022\/02\/Captura-de-Pantalla-2022-02-06-a-las-7.22.31-p.-m..png\",\"datePublished\":\"2022-02-07T00:23:19+00:00\",\"breadcrumb\":{\"@id\":\"https:\/\/pagina10.com\/web\/politica-de-fumigacion-con-glifosato-estigmatizo-a-sus-detractores-javier-david-rodriguez\/#breadcrumb\"},\"inLanguage\":\"es\",\"potentialAction\":[{\"@type\":\"ReadAction\",\"target\":[\"https:\/\/pagina10.com\/web\/politica-de-fumigacion-con-glifosato-estigmatizo-a-sus-detractores-javier-david-rodriguez\/\"]}]},{\"@type\":\"ImageObject\",\"inLanguage\":\"es\",\"@id\":\"https:\/\/pagina10.com\/web\/politica-de-fumigacion-con-glifosato-estigmatizo-a-sus-detractores-javier-david-rodriguez\/#primaryimage\",\"url\":\"https:\/\/pagina10.com\/web\/wp-content\/uploads\/2022\/02\/Captura-de-Pantalla-2022-02-06-a-las-7.22.31-p.-m..png\",\"contentUrl\":\"https:\/\/pagina10.com\/web\/wp-content\/uploads\/2022\/02\/Captura-de-Pantalla-2022-02-06-a-las-7.22.31-p.-m..png\",\"width\":509,\"height\":312},{\"@type\":\"BreadcrumbList\",\"@id\":\"https:\/\/pagina10.com\/web\/politica-de-fumigacion-con-glifosato-estigmatizo-a-sus-detractores-javier-david-rodriguez\/#breadcrumb\",\"itemListElement\":[{\"@type\":\"ListItem\",\"position\":1,\"name\":\"Portada\",\"item\":\"https:\/\/pagina10.com\/web\/\"},{\"@type\":\"ListItem\",\"position\":2,\"name\":\"&#8220;Pol\u00edtica de fumigaci\u00f3n con glifosato estigmatiz\u00f3 a sus detractores&#8221; Javier David Rodr\u00edguez\"}]},{\"@type\":\"WebSite\",\"@id\":\"https:\/\/pagina10.com\/web\/#website\",\"url\":\"https:\/\/pagina10.com\/web\/\",\"name\":\"P\u00e1gina10\",\"description\":\"Peri\u00f3dico Regional\",\"publisher\":{\"@id\":\"https:\/\/pagina10.com\/web\/#organization\"},\"alternateName\":\"P\u00e1gina10 Peri\u00f3dico Regional\",\"potentialAction\":[{\"@type\":\"SearchAction\",\"target\":{\"@type\":\"EntryPoint\",\"urlTemplate\":\"https:\/\/pagina10.com\/web\/?s={search_term_string}\"},\"query-input\":{\"@type\":\"PropertyValueSpecification\",\"valueRequired\":true,\"valueName\":\"search_term_string\"}}],\"inLanguage\":\"es\"},{\"@type\":\"Organization\",\"@id\":\"https:\/\/pagina10.com\/web\/#organization\",\"name\":\"P\u00e1gina10\",\"alternateName\":\"P\u00e1gina10 Peri\u00f3dico Regional\",\"url\":\"https:\/\/pagina10.com\/web\/\",\"logo\":{\"@type\":\"ImageObject\",\"inLanguage\":\"es\",\"@id\":\"https:\/\/pagina10.com\/web\/#\/schema\/logo\/image\/\",\"url\":\"https:\/\/pagina10.com\/web\/wp-content\/uploads\/2024\/01\/40-pagina-10-periodico-regional-pasto.jpg\",\"contentUrl\":\"https:\/\/pagina10.com\/web\/wp-content\/uploads\/2024\/01\/40-pagina-10-periodico-regional-pasto.jpg\",\"width\":1280,\"height\":720,\"caption\":\"P\u00e1gina10\"},\"image\":{\"@id\":\"https:\/\/pagina10.com\/web\/#\/schema\/logo\/image\/\"},\"sameAs\":[\"https:\/\/www.facebook.com\/pag10com\",\"https:\/\/x.com\/Pag10com\",\"https:\/\/www.instagram.com\/pagina10col\/\",\"https:\/\/youtube.com\/channel\/pag10\",\"https:\/\/www.tiktok.com\/@p10col\"]},{\"@type\":\"Person\",\"@id\":\"https:\/\/pagina10.com\/web\/#\/schema\/person\/2efc4a090d25b667d3bc796798a3a81b\",\"name\":\"P\u00e1gina 10\",\"description\":\"P\u00e1gina 10 es un peri\u00f3dico regional que nace en Colombia, en el departamento de Nari\u00f1o, con un enfoque global, fundamentado en cuatro pilares esenciales: la libertad, el pluralismo, la inclusi\u00f3n y la independencia. P\u00e1gina 10 hace referencia a Nari\u00f1o como el d\u00e9cimo departamento creado en Colombia, despu\u00e9s de un proceso pol\u00edtico liderado por actores y actrices regionales con el fin de obtener la independencia y autonom\u00eda de nuestros territorios. Con la creaci\u00f3n de P\u00e1gina 10 se pretende abrir un escenario para el dialogo, la reflexi\u00f3n y el debate que se extienda a otras geograf\u00edas de Am\u00e9rica Latina y del planeta, en una apuesta por transformar colectivamente los desaf\u00edos de un mundo contempor\u00e1neo, m\u00e1s all\u00e1 de las fronteras impuestas.\",\"url\":\"https:\/\/pagina10.com\/web\/author\/pdiezadmin\/\"}]}<\/script>\n<!-- \/ Yoast SEO plugin. -->","yoast_head_json":{"title":"\"Pol\u00edtica de fumigaci\u00f3n con glifosato estigmatiz\u00f3 a sus detractores\" Javier David Rodr\u00edguez | P\u00e1gina10","robots":{"index":"index","follow":"follow","max-snippet":"max-snippet:-1","max-image-preview":"max-image-preview:large","max-video-preview":"max-video-preview:-1"},"canonical":"https:\/\/pagina10.com\/web\/politica-de-fumigacion-con-glifosato-estigmatizo-a-sus-detractores-javier-david-rodriguez\/","og_locale":"es_ES","og_type":"article","og_title":"\"Pol\u00edtica de fumigaci\u00f3n con glifosato estigmatiz\u00f3 a sus detractores\" Javier David Rodr\u00edguez | P\u00e1gina10","og_description":"Los cr\u00edticos de la pol\u00edtica del Programa de Erradicaci\u00f3n de Cultivos Il\u00edcitos mediante aspersi\u00f3n a\u00e9rea con el glifosato herbicida (Pecig) fueron sistem\u00e1ticamente estigmatizados, criminalizados y subalternizados, incluso los actores cient\u00edficos que defend\u00edan evidencias de los severos impactos socioambientales y sanitarios sobre las comunidades y los territorios fumigados. As\u00ed lo advierte el m\u00e9dico Javier David Rodr\u00edguez [&hellip;]","og_url":"https:\/\/pagina10.com\/web\/politica-de-fumigacion-con-glifosato-estigmatizo-a-sus-detractores-javier-david-rodriguez\/","og_site_name":"P\u00e1gina10","article_publisher":"https:\/\/www.facebook.com\/pag10com","article_published_time":"2022-02-07T00:23:19+00:00","og_image":[{"width":509,"height":312,"url":"https:\/\/pagina10.com\/web\/wp-content\/uploads\/2022\/02\/Captura-de-Pantalla-2022-02-06-a-las-7.22.31-p.-m..png","type":"image\/png"}],"author":"P\u00e1gina 10","twitter_card":"summary_large_image","twitter_creator":"@Pag10com","twitter_site":"@Pag10com","twitter_misc":{"Escrito por":"P\u00e1gina 10","Tiempo de lectura":"5 minutos"},"schema":{"@context":"https:\/\/schema.org","@graph":[{"@type":"Article","@id":"https:\/\/pagina10.com\/web\/politica-de-fumigacion-con-glifosato-estigmatizo-a-sus-detractores-javier-david-rodriguez\/#article","isPartOf":{"@id":"https:\/\/pagina10.com\/web\/politica-de-fumigacion-con-glifosato-estigmatizo-a-sus-detractores-javier-david-rodriguez\/"},"author":{"name":"P\u00e1gina 10","@id":"https:\/\/pagina10.com\/web\/#\/schema\/person\/2efc4a090d25b667d3bc796798a3a81b"},"headline":"&#8220;Pol\u00edtica de fumigaci\u00f3n con glifosato estigmatiz\u00f3 a sus detractores&#8221; Javier David Rodr\u00edguez","datePublished":"2022-02-07T00:23:19+00:00","mainEntityOfPage":{"@id":"https:\/\/pagina10.com\/web\/politica-de-fumigacion-con-glifosato-estigmatizo-a-sus-detractores-javier-david-rodriguez\/"},"wordCount":950,"commentCount":0,"publisher":{"@id":"https:\/\/pagina10.com\/web\/#organization"},"image":{"@id":"https:\/\/pagina10.com\/web\/politica-de-fumigacion-con-glifosato-estigmatizo-a-sus-detractores-javier-david-rodriguez\/#primaryimage"},"thumbnailUrl":"https:\/\/pagina10.com\/web\/wp-content\/uploads\/2022\/02\/Captura-de-Pantalla-2022-02-06-a-las-7.22.31-p.-m..png","articleSection":["Global"],"inLanguage":"es","potentialAction":[{"@type":"CommentAction","name":"Comment","target":["https:\/\/pagina10.com\/web\/politica-de-fumigacion-con-glifosato-estigmatizo-a-sus-detractores-javier-david-rodriguez\/#respond"]}]},{"@type":"WebPage","@id":"https:\/\/pagina10.com\/web\/politica-de-fumigacion-con-glifosato-estigmatizo-a-sus-detractores-javier-david-rodriguez\/","url":"https:\/\/pagina10.com\/web\/politica-de-fumigacion-con-glifosato-estigmatizo-a-sus-detractores-javier-david-rodriguez\/","name":"\"Pol\u00edtica de fumigaci\u00f3n con glifosato estigmatiz\u00f3 a sus detractores\" Javier David Rodr\u00edguez | P\u00e1gina10","isPartOf":{"@id":"https:\/\/pagina10.com\/web\/#website"},"primaryImageOfPage":{"@id":"https:\/\/pagina10.com\/web\/politica-de-fumigacion-con-glifosato-estigmatizo-a-sus-detractores-javier-david-rodriguez\/#primaryimage"},"image":{"@id":"https:\/\/pagina10.com\/web\/politica-de-fumigacion-con-glifosato-estigmatizo-a-sus-detractores-javier-david-rodriguez\/#primaryimage"},"thumbnailUrl":"https:\/\/pagina10.com\/web\/wp-content\/uploads\/2022\/02\/Captura-de-Pantalla-2022-02-06-a-las-7.22.31-p.-m..png","datePublished":"2022-02-07T00:23:19+00:00","breadcrumb":{"@id":"https:\/\/pagina10.com\/web\/politica-de-fumigacion-con-glifosato-estigmatizo-a-sus-detractores-javier-david-rodriguez\/#breadcrumb"},"inLanguage":"es","potentialAction":[{"@type":"ReadAction","target":["https:\/\/pagina10.com\/web\/politica-de-fumigacion-con-glifosato-estigmatizo-a-sus-detractores-javier-david-rodriguez\/"]}]},{"@type":"ImageObject","inLanguage":"es","@id":"https:\/\/pagina10.com\/web\/politica-de-fumigacion-con-glifosato-estigmatizo-a-sus-detractores-javier-david-rodriguez\/#primaryimage","url":"https:\/\/pagina10.com\/web\/wp-content\/uploads\/2022\/02\/Captura-de-Pantalla-2022-02-06-a-las-7.22.31-p.-m..png","contentUrl":"https:\/\/pagina10.com\/web\/wp-content\/uploads\/2022\/02\/Captura-de-Pantalla-2022-02-06-a-las-7.22.31-p.-m..png","width":509,"height":312},{"@type":"BreadcrumbList","@id":"https:\/\/pagina10.com\/web\/politica-de-fumigacion-con-glifosato-estigmatizo-a-sus-detractores-javier-david-rodriguez\/#breadcrumb","itemListElement":[{"@type":"ListItem","position":1,"name":"Portada","item":"https:\/\/pagina10.com\/web\/"},{"@type":"ListItem","position":2,"name":"&#8220;Pol\u00edtica de fumigaci\u00f3n con glifosato estigmatiz\u00f3 a sus detractores&#8221; Javier David Rodr\u00edguez"}]},{"@type":"WebSite","@id":"https:\/\/pagina10.com\/web\/#website","url":"https:\/\/pagina10.com\/web\/","name":"P\u00e1gina10","description":"Peri\u00f3dico Regional","publisher":{"@id":"https:\/\/pagina10.com\/web\/#organization"},"alternateName":"P\u00e1gina10 Peri\u00f3dico Regional","potentialAction":[{"@type":"SearchAction","target":{"@type":"EntryPoint","urlTemplate":"https:\/\/pagina10.com\/web\/?s={search_term_string}"},"query-input":{"@type":"PropertyValueSpecification","valueRequired":true,"valueName":"search_term_string"}}],"inLanguage":"es"},{"@type":"Organization","@id":"https:\/\/pagina10.com\/web\/#organization","name":"P\u00e1gina10","alternateName":"P\u00e1gina10 Peri\u00f3dico Regional","url":"https:\/\/pagina10.com\/web\/","logo":{"@type":"ImageObject","inLanguage":"es","@id":"https:\/\/pagina10.com\/web\/#\/schema\/logo\/image\/","url":"https:\/\/pagina10.com\/web\/wp-content\/uploads\/2024\/01\/40-pagina-10-periodico-regional-pasto.jpg","contentUrl":"https:\/\/pagina10.com\/web\/wp-content\/uploads\/2024\/01\/40-pagina-10-periodico-regional-pasto.jpg","width":1280,"height":720,"caption":"P\u00e1gina10"},"image":{"@id":"https:\/\/pagina10.com\/web\/#\/schema\/logo\/image\/"},"sameAs":["https:\/\/www.facebook.com\/pag10com","https:\/\/x.com\/Pag10com","https:\/\/www.instagram.com\/pagina10col\/","https:\/\/youtube.com\/channel\/pag10","https:\/\/www.tiktok.com\/@p10col"]},{"@type":"Person","@id":"https:\/\/pagina10.com\/web\/#\/schema\/person\/2efc4a090d25b667d3bc796798a3a81b","name":"P\u00e1gina 10","description":"P\u00e1gina 10 es un peri\u00f3dico regional que nace en Colombia, en el departamento de Nari\u00f1o, con un enfoque global, fundamentado en cuatro pilares esenciales: la libertad, el pluralismo, la inclusi\u00f3n y la independencia. P\u00e1gina 10 hace referencia a Nari\u00f1o como el d\u00e9cimo departamento creado en Colombia, despu\u00e9s de un proceso pol\u00edtico liderado por actores y actrices regionales con el fin de obtener la independencia y autonom\u00eda de nuestros territorios. Con la creaci\u00f3n de P\u00e1gina 10 se pretende abrir un escenario para el dialogo, la reflexi\u00f3n y el debate que se extienda a otras geograf\u00edas de Am\u00e9rica Latina y del planeta, en una apuesta por transformar colectivamente los desaf\u00edos de un mundo contempor\u00e1neo, m\u00e1s all\u00e1 de las fronteras impuestas.","url":"https:\/\/pagina10.com\/web\/author\/pdiezadmin\/"}]}},"_links":{"self":[{"href":"https:\/\/pagina10.com\/web\/wp-json\/wp\/v2\/posts\/58052","targetHints":{"allow":["GET"]}}],"collection":[{"href":"https:\/\/pagina10.com\/web\/wp-json\/wp\/v2\/posts"}],"about":[{"href":"https:\/\/pagina10.com\/web\/wp-json\/wp\/v2\/types\/post"}],"author":[{"embeddable":true,"href":"https:\/\/pagina10.com\/web\/wp-json\/wp\/v2\/users\/1"}],"replies":[{"embeddable":true,"href":"https:\/\/pagina10.com\/web\/wp-json\/wp\/v2\/comments?post=58052"}],"version-history":[{"count":1,"href":"https:\/\/pagina10.com\/web\/wp-json\/wp\/v2\/posts\/58052\/revisions"}],"predecessor-version":[{"id":58054,"href":"https:\/\/pagina10.com\/web\/wp-json\/wp\/v2\/posts\/58052\/revisions\/58054"}],"wp:featuredmedia":[{"embeddable":true,"href":"https:\/\/pagina10.com\/web\/wp-json\/wp\/v2\/media\/58053"}],"wp:attachment":[{"href":"https:\/\/pagina10.com\/web\/wp-json\/wp\/v2\/media?parent=58052"}],"wp:term":[{"taxonomy":"category","embeddable":true,"href":"https:\/\/pagina10.com\/web\/wp-json\/wp\/v2\/categories?post=58052"},{"taxonomy":"post_tag","embeddable":true,"href":"https:\/\/pagina10.com\/web\/wp-json\/wp\/v2\/tags?post=58052"}],"curies":[{"name":"wp","href":"https:\/\/api.w.org\/{rel}","templated":true}]}}