{"id":58055,"date":"2022-02-06T19:30:10","date_gmt":"2022-02-07T00:30:10","guid":{"rendered":"https:\/\/pagina10.com\/web\/?p=58055"},"modified":"2022-02-06T19:30:10","modified_gmt":"2022-02-07T00:30:10","slug":"abejas-polinizadoras-aliadas-en-la-obtencion-de-mejores-granos-de-cafe","status":"publish","type":"post","link":"https:\/\/pagina10.com\/web\/abejas-polinizadoras-aliadas-en-la-obtencion-de-mejores-granos-de-cafe\/","title":{"rendered":"Abejas polinizadoras, aliadas en la obtenci\u00f3n de mejores granos de caf\u00e9"},"content":{"rendered":"<p style=\"text-align: justify;\">En los municipios cafeteros de Quipile y Juli, en Cundinamarca, una mayor presencia y frecuencia de abejas polinizadoras est\u00e1 relacionada con un incremento de plantas en los cafetales y con una menor distancia a los bosques m\u00e1s cercanos.<\/p>\n<p style=\"text-align: justify;\">El estudio de la bi\u00f3loga Juliana Cepeda Valencia, doctora en Agroecolog\u00eda y profesora ocasional de la Universidad Nacional de Colombia (UNAL), tambi\u00e9n mostr\u00f3 que las principales especies polinizadoras de estos sistemas productivos ser\u00edan las abejas de las familias Apidae (Trigona\u00a0y\u00a0Apis mellifera) y Halictidae, que encuentran su fuente de alimentos en malezas y \u00e1rboles dentro del cultivo.<\/p>\n<p style=\"text-align: justify;\">La bi\u00f3loga destaca que los resultados de su trabajo complementan lo reportado en otras investigaciones sobre la importancia de las abejas en la producci\u00f3n de cultivos de caf\u00e9.<\/p>\n<p style=\"text-align: justify;\">Algunos estudios mencionan adem\u00e1s que cuantas m\u00e1s abejas haya en los sistemas de cultivos cafeteros, mayor ser\u00e1 el n\u00famero de flores que se podr\u00edan convertir en frutos viables.<\/p>\n<p style=\"text-align: justify;\">La investigadora refiere que \u201cse ha encontrado que la polinizaci\u00f3n cruzada para el caf\u00e9 (transporte de polen de una planta a otra) implica una estabilidad en la producci\u00f3n de sus frutos, los cuales son de mayor calidad, m\u00e1s grandes, m\u00e1s pesados y con mayor contenido de az\u00facares, lo que no solo sugiere relaciones importantes entre estos polinizadores con la producci\u00f3n de caf\u00e9 o su estabilidad, sino tambi\u00e9n con la calidad, algo clave en la agricultura\u201d.<\/p>\n<h3 style=\"text-align: justify;\">As\u00ed fue el estudio<\/h3>\n<p style=\"text-align: justify;\">En Quipile y Juli se delimitaron diversos puntos de muestreo que hac\u00edan referencia a diferentes sistemas de cultivo de caf\u00e9, algunos eran sistemas de policultivos tradicionales y otros comerciales, en los que predominaba una \u00fanica especie vegetal encargada de dar sombra (sombr\u00edo monoespec\u00edfico), en este caso, pl\u00e1tano.<\/p>\n<p style=\"text-align: justify;\">\u201cEn el policultivo tradicional hab\u00eda mucha m\u00e1s riqueza de especie vegetal, mientras que en los comerciales hab\u00eda m\u00e1s maderables y frutales que forman parte del sombr\u00edo del caf\u00e9, y en los sombr\u00edos monoespec\u00edficos el caf\u00e9 solo estaba asociado con el pl\u00e1tano\u201d, detalla.<\/p>\n<p style=\"text-align: justify;\">En cada lugar, incluyendo los parques de bosques cercanos a la zona, se midieron \u00edndices de manejo como el porcentaje de intensidad de uso de agroqu\u00edmicos y la frecuencia de su aplicaci\u00f3n, para identificar dentro del sistema qu\u00e9 tanta riqueza y diversidad hab\u00eda dentro. Adem\u00e1s en cada una de las fincas se caracteriz\u00f3 cada sistema productivo.<\/p>\n<p style=\"text-align: justify;\">\u201cEn paralelo hicimos un muestreo de los polinizadores y un registro de las abejas presentes en la zona de estudio, lo cual se hizo de forma individual por cada abeja para analizar el polen de contacto (polen en sus patas), que indica qu\u00e9 plantas est\u00e1n visitando, y el polen de carga, que dan pista de si son visitantes florales o posible polinizadores\u201d.<\/p>\n<p style=\"text-align: justify;\">En todos los sistemas de estas zonas de cafetales se encontraron con mayor frecuencia y abundancia las especies\u00a0Apis mellifera, del g\u00e9nero\u00a0Trigona,\u00a0Paratrigona, y especies de la familia Halictidae, esta \u00faltima asociada con los espacios que no tienen sombr\u00edo.<\/p>\n<p style=\"text-align: justify;\">La investigadora se\u00f1ala que se realiz\u00f3 un an\u00e1lisis para entender mejor los grados de intensificaci\u00f3n del caf\u00e9, y con las variables m\u00e1s destacadas se generaron relaciones con la riqueza de las abejas. Encontramos que las especies vegetales m\u00e1s visitadas est\u00e1n en la parte interna del cafetal, mientras que otras est\u00e1n dentro de la zona, pero por fuera del cafetal.<\/p>\n","protected":false},"excerpt":{"rendered":"<p>En los municipios cafeteros de Quipile y Juli, en Cundinamarca, una mayor presencia y frecuencia de abejas polinizadoras est\u00e1 relacionada con un incremento de plantas en los cafetales y con una menor distancia a los bosques m\u00e1s cercanos. El estudio de la bi\u00f3loga Juliana Cepeda Valencia, doctora en Agroecolog\u00eda y profesora ocasional de la Universidad [&hellip;]<\/p>\n","protected":false},"author":1,"featured_media":58056,"comment_status":"open","ping_status":"open","sticky":false,"template":"","format":"standard","meta":{"footnotes":""},"categories":[84],"tags":[],"class_list":["post-58055","post","type-post","status-publish","format-standard","has-post-thumbnail","hentry","category-global-2"],"yoast_head":"<!-- This site is optimized with the Yoast SEO plugin v27.1.1 - https:\/\/yoast.com\/product\/yoast-seo-wordpress\/ -->\n<title>Abejas polinizadoras, aliadas en la obtenci\u00f3n de mejores granos de caf\u00e9 | P\u00e1gina10<\/title>\n<meta name=\"robots\" content=\"index, follow, max-snippet:-1, max-image-preview:large, max-video-preview:-1\" \/>\n<link rel=\"canonical\" href=\"https:\/\/pagina10.com\/web\/abejas-polinizadoras-aliadas-en-la-obtencion-de-mejores-granos-de-cafe\/\" \/>\n<meta property=\"og:locale\" content=\"es_ES\" \/>\n<meta property=\"og:type\" content=\"article\" \/>\n<meta property=\"og:title\" content=\"Abejas polinizadoras, aliadas en la obtenci\u00f3n de mejores granos de caf\u00e9 | P\u00e1gina10\" \/>\n<meta property=\"og:description\" content=\"En los municipios cafeteros de Quipile y Juli, en Cundinamarca, una mayor presencia y frecuencia de abejas polinizadoras est\u00e1 relacionada con un incremento de plantas en los cafetales y con una menor distancia a los bosques m\u00e1s cercanos. El estudio de la bi\u00f3loga Juliana Cepeda Valencia, doctora en Agroecolog\u00eda y profesora ocasional de la Universidad [&hellip;]\" \/>\n<meta property=\"og:url\" content=\"https:\/\/pagina10.com\/web\/abejas-polinizadoras-aliadas-en-la-obtencion-de-mejores-granos-de-cafe\/\" \/>\n<meta property=\"og:site_name\" content=\"P\u00e1gina10\" \/>\n<meta property=\"article:publisher\" content=\"https:\/\/www.facebook.com\/pag10com\" \/>\n<meta property=\"article:published_time\" content=\"2022-02-07T00:30:10+00:00\" \/>\n<meta property=\"og:image\" content=\"https:\/\/pagina10.com\/web\/wp-content\/uploads\/2022\/02\/Captura-de-Pantalla-2022-02-06-a-las-7.29.21-p.-m..png\" \/>\n\t<meta property=\"og:image:width\" content=\"622\" \/>\n\t<meta property=\"og:image:height\" content=\"381\" \/>\n\t<meta property=\"og:image:type\" content=\"image\/png\" \/>\n<meta name=\"author\" content=\"P\u00e1gina 10\" \/>\n<meta name=\"twitter:card\" content=\"summary_large_image\" \/>\n<meta name=\"twitter:creator\" content=\"@Pag10com\" \/>\n<meta name=\"twitter:site\" content=\"@Pag10com\" \/>\n<meta name=\"twitter:label1\" content=\"Escrito por\" \/>\n\t<meta name=\"twitter:data1\" content=\"P\u00e1gina 10\" \/>\n\t<meta name=\"twitter:label2\" content=\"Tiempo de lectura\" \/>\n\t<meta name=\"twitter:data2\" content=\"3 minutos\" \/>\n<script type=\"application\/ld+json\" class=\"yoast-schema-graph\">{\"@context\":\"https:\/\/schema.org\",\"@graph\":[{\"@type\":\"Article\",\"@id\":\"https:\/\/pagina10.com\/web\/abejas-polinizadoras-aliadas-en-la-obtencion-de-mejores-granos-de-cafe\/#article\",\"isPartOf\":{\"@id\":\"https:\/\/pagina10.com\/web\/abejas-polinizadoras-aliadas-en-la-obtencion-de-mejores-granos-de-cafe\/\"},\"author\":{\"name\":\"P\u00e1gina 10\",\"@id\":\"https:\/\/pagina10.com\/web\/#\/schema\/person\/2efc4a090d25b667d3bc796798a3a81b\"},\"headline\":\"Abejas polinizadoras, aliadas en la obtenci\u00f3n de mejores granos de caf\u00e9\",\"datePublished\":\"2022-02-07T00:30:10+00:00\",\"mainEntityOfPage\":{\"@id\":\"https:\/\/pagina10.com\/web\/abejas-polinizadoras-aliadas-en-la-obtencion-de-mejores-granos-de-cafe\/\"},\"wordCount\":593,\"commentCount\":0,\"publisher\":{\"@id\":\"https:\/\/pagina10.com\/web\/#organization\"},\"image\":{\"@id\":\"https:\/\/pagina10.com\/web\/abejas-polinizadoras-aliadas-en-la-obtencion-de-mejores-granos-de-cafe\/#primaryimage\"},\"thumbnailUrl\":\"https:\/\/pagina10.com\/web\/wp-content\/uploads\/2022\/02\/Captura-de-Pantalla-2022-02-06-a-las-7.29.21-p.-m..png\",\"articleSection\":[\"Global\"],\"inLanguage\":\"es\",\"potentialAction\":[{\"@type\":\"CommentAction\",\"name\":\"Comment\",\"target\":[\"https:\/\/pagina10.com\/web\/abejas-polinizadoras-aliadas-en-la-obtencion-de-mejores-granos-de-cafe\/#respond\"]}]},{\"@type\":\"WebPage\",\"@id\":\"https:\/\/pagina10.com\/web\/abejas-polinizadoras-aliadas-en-la-obtencion-de-mejores-granos-de-cafe\/\",\"url\":\"https:\/\/pagina10.com\/web\/abejas-polinizadoras-aliadas-en-la-obtencion-de-mejores-granos-de-cafe\/\",\"name\":\"Abejas polinizadoras, aliadas en la obtenci\u00f3n de mejores granos de caf\u00e9 | P\u00e1gina10\",\"isPartOf\":{\"@id\":\"https:\/\/pagina10.com\/web\/#website\"},\"primaryImageOfPage\":{\"@id\":\"https:\/\/pagina10.com\/web\/abejas-polinizadoras-aliadas-en-la-obtencion-de-mejores-granos-de-cafe\/#primaryimage\"},\"image\":{\"@id\":\"https:\/\/pagina10.com\/web\/abejas-polinizadoras-aliadas-en-la-obtencion-de-mejores-granos-de-cafe\/#primaryimage\"},\"thumbnailUrl\":\"https:\/\/pagina10.com\/web\/wp-content\/uploads\/2022\/02\/Captura-de-Pantalla-2022-02-06-a-las-7.29.21-p.-m..png\",\"datePublished\":\"2022-02-07T00:30:10+00:00\",\"breadcrumb\":{\"@id\":\"https:\/\/pagina10.com\/web\/abejas-polinizadoras-aliadas-en-la-obtencion-de-mejores-granos-de-cafe\/#breadcrumb\"},\"inLanguage\":\"es\",\"potentialAction\":[{\"@type\":\"ReadAction\",\"target\":[\"https:\/\/pagina10.com\/web\/abejas-polinizadoras-aliadas-en-la-obtencion-de-mejores-granos-de-cafe\/\"]}]},{\"@type\":\"ImageObject\",\"inLanguage\":\"es\",\"@id\":\"https:\/\/pagina10.com\/web\/abejas-polinizadoras-aliadas-en-la-obtencion-de-mejores-granos-de-cafe\/#primaryimage\",\"url\":\"https:\/\/pagina10.com\/web\/wp-content\/uploads\/2022\/02\/Captura-de-Pantalla-2022-02-06-a-las-7.29.21-p.-m..png\",\"contentUrl\":\"https:\/\/pagina10.com\/web\/wp-content\/uploads\/2022\/02\/Captura-de-Pantalla-2022-02-06-a-las-7.29.21-p.-m..png\",\"width\":622,\"height\":381},{\"@type\":\"BreadcrumbList\",\"@id\":\"https:\/\/pagina10.com\/web\/abejas-polinizadoras-aliadas-en-la-obtencion-de-mejores-granos-de-cafe\/#breadcrumb\",\"itemListElement\":[{\"@type\":\"ListItem\",\"position\":1,\"name\":\"Portada\",\"item\":\"https:\/\/pagina10.com\/web\/\"},{\"@type\":\"ListItem\",\"position\":2,\"name\":\"Abejas polinizadoras, aliadas en la obtenci\u00f3n de mejores granos de caf\u00e9\"}]},{\"@type\":\"WebSite\",\"@id\":\"https:\/\/pagina10.com\/web\/#website\",\"url\":\"https:\/\/pagina10.com\/web\/\",\"name\":\"P\u00e1gina10\",\"description\":\"Peri\u00f3dico Regional\",\"publisher\":{\"@id\":\"https:\/\/pagina10.com\/web\/#organization\"},\"alternateName\":\"P\u00e1gina10 Peri\u00f3dico Regional\",\"potentialAction\":[{\"@type\":\"SearchAction\",\"target\":{\"@type\":\"EntryPoint\",\"urlTemplate\":\"https:\/\/pagina10.com\/web\/?s={search_term_string}\"},\"query-input\":{\"@type\":\"PropertyValueSpecification\",\"valueRequired\":true,\"valueName\":\"search_term_string\"}}],\"inLanguage\":\"es\"},{\"@type\":\"Organization\",\"@id\":\"https:\/\/pagina10.com\/web\/#organization\",\"name\":\"P\u00e1gina10\",\"alternateName\":\"P\u00e1gina10 Peri\u00f3dico Regional\",\"url\":\"https:\/\/pagina10.com\/web\/\",\"logo\":{\"@type\":\"ImageObject\",\"inLanguage\":\"es\",\"@id\":\"https:\/\/pagina10.com\/web\/#\/schema\/logo\/image\/\",\"url\":\"https:\/\/pagina10.com\/web\/wp-content\/uploads\/2024\/01\/40-pagina-10-periodico-regional-pasto.jpg\",\"contentUrl\":\"https:\/\/pagina10.com\/web\/wp-content\/uploads\/2024\/01\/40-pagina-10-periodico-regional-pasto.jpg\",\"width\":1280,\"height\":720,\"caption\":\"P\u00e1gina10\"},\"image\":{\"@id\":\"https:\/\/pagina10.com\/web\/#\/schema\/logo\/image\/\"},\"sameAs\":[\"https:\/\/www.facebook.com\/pag10com\",\"https:\/\/x.com\/Pag10com\",\"https:\/\/www.instagram.com\/pagina10col\/\",\"https:\/\/youtube.com\/channel\/pag10\",\"https:\/\/www.tiktok.com\/@p10col\"]},{\"@type\":\"Person\",\"@id\":\"https:\/\/pagina10.com\/web\/#\/schema\/person\/2efc4a090d25b667d3bc796798a3a81b\",\"name\":\"P\u00e1gina 10\",\"description\":\"P\u00e1gina 10 es un peri\u00f3dico regional que nace en Colombia, en el departamento de Nari\u00f1o, con un enfoque global, fundamentado en cuatro pilares esenciales: la libertad, el pluralismo, la inclusi\u00f3n y la independencia. P\u00e1gina 10 hace referencia a Nari\u00f1o como el d\u00e9cimo departamento creado en Colombia, despu\u00e9s de un proceso pol\u00edtico liderado por actores y actrices regionales con el fin de obtener la independencia y autonom\u00eda de nuestros territorios. Con la creaci\u00f3n de P\u00e1gina 10 se pretende abrir un escenario para el dialogo, la reflexi\u00f3n y el debate que se extienda a otras geograf\u00edas de Am\u00e9rica Latina y del planeta, en una apuesta por transformar colectivamente los desaf\u00edos de un mundo contempor\u00e1neo, m\u00e1s all\u00e1 de las fronteras impuestas.\",\"url\":\"https:\/\/pagina10.com\/web\/author\/pdiezadmin\/\"}]}<\/script>\n<!-- \/ Yoast SEO plugin. -->","yoast_head_json":{"title":"Abejas polinizadoras, aliadas en la obtenci\u00f3n de mejores granos de caf\u00e9 | P\u00e1gina10","robots":{"index":"index","follow":"follow","max-snippet":"max-snippet:-1","max-image-preview":"max-image-preview:large","max-video-preview":"max-video-preview:-1"},"canonical":"https:\/\/pagina10.com\/web\/abejas-polinizadoras-aliadas-en-la-obtencion-de-mejores-granos-de-cafe\/","og_locale":"es_ES","og_type":"article","og_title":"Abejas polinizadoras, aliadas en la obtenci\u00f3n de mejores granos de caf\u00e9 | P\u00e1gina10","og_description":"En los municipios cafeteros de Quipile y Juli, en Cundinamarca, una mayor presencia y frecuencia de abejas polinizadoras est\u00e1 relacionada con un incremento de plantas en los cafetales y con una menor distancia a los bosques m\u00e1s cercanos. El estudio de la bi\u00f3loga Juliana Cepeda Valencia, doctora en Agroecolog\u00eda y profesora ocasional de la Universidad [&hellip;]","og_url":"https:\/\/pagina10.com\/web\/abejas-polinizadoras-aliadas-en-la-obtencion-de-mejores-granos-de-cafe\/","og_site_name":"P\u00e1gina10","article_publisher":"https:\/\/www.facebook.com\/pag10com","article_published_time":"2022-02-07T00:30:10+00:00","og_image":[{"width":622,"height":381,"url":"https:\/\/pagina10.com\/web\/wp-content\/uploads\/2022\/02\/Captura-de-Pantalla-2022-02-06-a-las-7.29.21-p.-m..png","type":"image\/png"}],"author":"P\u00e1gina 10","twitter_card":"summary_large_image","twitter_creator":"@Pag10com","twitter_site":"@Pag10com","twitter_misc":{"Escrito por":"P\u00e1gina 10","Tiempo de lectura":"3 minutos"},"schema":{"@context":"https:\/\/schema.org","@graph":[{"@type":"Article","@id":"https:\/\/pagina10.com\/web\/abejas-polinizadoras-aliadas-en-la-obtencion-de-mejores-granos-de-cafe\/#article","isPartOf":{"@id":"https:\/\/pagina10.com\/web\/abejas-polinizadoras-aliadas-en-la-obtencion-de-mejores-granos-de-cafe\/"},"author":{"name":"P\u00e1gina 10","@id":"https:\/\/pagina10.com\/web\/#\/schema\/person\/2efc4a090d25b667d3bc796798a3a81b"},"headline":"Abejas polinizadoras, aliadas en la obtenci\u00f3n de mejores granos de caf\u00e9","datePublished":"2022-02-07T00:30:10+00:00","mainEntityOfPage":{"@id":"https:\/\/pagina10.com\/web\/abejas-polinizadoras-aliadas-en-la-obtencion-de-mejores-granos-de-cafe\/"},"wordCount":593,"commentCount":0,"publisher":{"@id":"https:\/\/pagina10.com\/web\/#organization"},"image":{"@id":"https:\/\/pagina10.com\/web\/abejas-polinizadoras-aliadas-en-la-obtencion-de-mejores-granos-de-cafe\/#primaryimage"},"thumbnailUrl":"https:\/\/pagina10.com\/web\/wp-content\/uploads\/2022\/02\/Captura-de-Pantalla-2022-02-06-a-las-7.29.21-p.-m..png","articleSection":["Global"],"inLanguage":"es","potentialAction":[{"@type":"CommentAction","name":"Comment","target":["https:\/\/pagina10.com\/web\/abejas-polinizadoras-aliadas-en-la-obtencion-de-mejores-granos-de-cafe\/#respond"]}]},{"@type":"WebPage","@id":"https:\/\/pagina10.com\/web\/abejas-polinizadoras-aliadas-en-la-obtencion-de-mejores-granos-de-cafe\/","url":"https:\/\/pagina10.com\/web\/abejas-polinizadoras-aliadas-en-la-obtencion-de-mejores-granos-de-cafe\/","name":"Abejas polinizadoras, aliadas en la obtenci\u00f3n de mejores granos de caf\u00e9 | P\u00e1gina10","isPartOf":{"@id":"https:\/\/pagina10.com\/web\/#website"},"primaryImageOfPage":{"@id":"https:\/\/pagina10.com\/web\/abejas-polinizadoras-aliadas-en-la-obtencion-de-mejores-granos-de-cafe\/#primaryimage"},"image":{"@id":"https:\/\/pagina10.com\/web\/abejas-polinizadoras-aliadas-en-la-obtencion-de-mejores-granos-de-cafe\/#primaryimage"},"thumbnailUrl":"https:\/\/pagina10.com\/web\/wp-content\/uploads\/2022\/02\/Captura-de-Pantalla-2022-02-06-a-las-7.29.21-p.-m..png","datePublished":"2022-02-07T00:30:10+00:00","breadcrumb":{"@id":"https:\/\/pagina10.com\/web\/abejas-polinizadoras-aliadas-en-la-obtencion-de-mejores-granos-de-cafe\/#breadcrumb"},"inLanguage":"es","potentialAction":[{"@type":"ReadAction","target":["https:\/\/pagina10.com\/web\/abejas-polinizadoras-aliadas-en-la-obtencion-de-mejores-granos-de-cafe\/"]}]},{"@type":"ImageObject","inLanguage":"es","@id":"https:\/\/pagina10.com\/web\/abejas-polinizadoras-aliadas-en-la-obtencion-de-mejores-granos-de-cafe\/#primaryimage","url":"https:\/\/pagina10.com\/web\/wp-content\/uploads\/2022\/02\/Captura-de-Pantalla-2022-02-06-a-las-7.29.21-p.-m..png","contentUrl":"https:\/\/pagina10.com\/web\/wp-content\/uploads\/2022\/02\/Captura-de-Pantalla-2022-02-06-a-las-7.29.21-p.-m..png","width":622,"height":381},{"@type":"BreadcrumbList","@id":"https:\/\/pagina10.com\/web\/abejas-polinizadoras-aliadas-en-la-obtencion-de-mejores-granos-de-cafe\/#breadcrumb","itemListElement":[{"@type":"ListItem","position":1,"name":"Portada","item":"https:\/\/pagina10.com\/web\/"},{"@type":"ListItem","position":2,"name":"Abejas polinizadoras, aliadas en la obtenci\u00f3n de mejores granos de caf\u00e9"}]},{"@type":"WebSite","@id":"https:\/\/pagina10.com\/web\/#website","url":"https:\/\/pagina10.com\/web\/","name":"P\u00e1gina10","description":"Peri\u00f3dico Regional","publisher":{"@id":"https:\/\/pagina10.com\/web\/#organization"},"alternateName":"P\u00e1gina10 Peri\u00f3dico Regional","potentialAction":[{"@type":"SearchAction","target":{"@type":"EntryPoint","urlTemplate":"https:\/\/pagina10.com\/web\/?s={search_term_string}"},"query-input":{"@type":"PropertyValueSpecification","valueRequired":true,"valueName":"search_term_string"}}],"inLanguage":"es"},{"@type":"Organization","@id":"https:\/\/pagina10.com\/web\/#organization","name":"P\u00e1gina10","alternateName":"P\u00e1gina10 Peri\u00f3dico Regional","url":"https:\/\/pagina10.com\/web\/","logo":{"@type":"ImageObject","inLanguage":"es","@id":"https:\/\/pagina10.com\/web\/#\/schema\/logo\/image\/","url":"https:\/\/pagina10.com\/web\/wp-content\/uploads\/2024\/01\/40-pagina-10-periodico-regional-pasto.jpg","contentUrl":"https:\/\/pagina10.com\/web\/wp-content\/uploads\/2024\/01\/40-pagina-10-periodico-regional-pasto.jpg","width":1280,"height":720,"caption":"P\u00e1gina10"},"image":{"@id":"https:\/\/pagina10.com\/web\/#\/schema\/logo\/image\/"},"sameAs":["https:\/\/www.facebook.com\/pag10com","https:\/\/x.com\/Pag10com","https:\/\/www.instagram.com\/pagina10col\/","https:\/\/youtube.com\/channel\/pag10","https:\/\/www.tiktok.com\/@p10col"]},{"@type":"Person","@id":"https:\/\/pagina10.com\/web\/#\/schema\/person\/2efc4a090d25b667d3bc796798a3a81b","name":"P\u00e1gina 10","description":"P\u00e1gina 10 es un peri\u00f3dico regional que nace en Colombia, en el departamento de Nari\u00f1o, con un enfoque global, fundamentado en cuatro pilares esenciales: la libertad, el pluralismo, la inclusi\u00f3n y la independencia. P\u00e1gina 10 hace referencia a Nari\u00f1o como el d\u00e9cimo departamento creado en Colombia, despu\u00e9s de un proceso pol\u00edtico liderado por actores y actrices regionales con el fin de obtener la independencia y autonom\u00eda de nuestros territorios. Con la creaci\u00f3n de P\u00e1gina 10 se pretende abrir un escenario para el dialogo, la reflexi\u00f3n y el debate que se extienda a otras geograf\u00edas de Am\u00e9rica Latina y del planeta, en una apuesta por transformar colectivamente los desaf\u00edos de un mundo contempor\u00e1neo, m\u00e1s all\u00e1 de las fronteras impuestas.","url":"https:\/\/pagina10.com\/web\/author\/pdiezadmin\/"}]}},"_links":{"self":[{"href":"https:\/\/pagina10.com\/web\/wp-json\/wp\/v2\/posts\/58055","targetHints":{"allow":["GET"]}}],"collection":[{"href":"https:\/\/pagina10.com\/web\/wp-json\/wp\/v2\/posts"}],"about":[{"href":"https:\/\/pagina10.com\/web\/wp-json\/wp\/v2\/types\/post"}],"author":[{"embeddable":true,"href":"https:\/\/pagina10.com\/web\/wp-json\/wp\/v2\/users\/1"}],"replies":[{"embeddable":true,"href":"https:\/\/pagina10.com\/web\/wp-json\/wp\/v2\/comments?post=58055"}],"version-history":[{"count":1,"href":"https:\/\/pagina10.com\/web\/wp-json\/wp\/v2\/posts\/58055\/revisions"}],"predecessor-version":[{"id":58057,"href":"https:\/\/pagina10.com\/web\/wp-json\/wp\/v2\/posts\/58055\/revisions\/58057"}],"wp:featuredmedia":[{"embeddable":true,"href":"https:\/\/pagina10.com\/web\/wp-json\/wp\/v2\/media\/58056"}],"wp:attachment":[{"href":"https:\/\/pagina10.com\/web\/wp-json\/wp\/v2\/media?parent=58055"}],"wp:term":[{"taxonomy":"category","embeddable":true,"href":"https:\/\/pagina10.com\/web\/wp-json\/wp\/v2\/categories?post=58055"},{"taxonomy":"post_tag","embeddable":true,"href":"https:\/\/pagina10.com\/web\/wp-json\/wp\/v2\/tags?post=58055"}],"curies":[{"name":"wp","href":"https:\/\/api.w.org\/{rel}","templated":true}]}}