{"id":58058,"date":"2022-02-07T14:18:15","date_gmt":"2022-02-07T19:18:15","guid":{"rendered":"https:\/\/pagina10.com\/web\/?p=58058"},"modified":"2022-02-07T14:18:15","modified_gmt":"2022-02-07T19:18:15","slug":"evaluaran-avances-en-recuperacion-de-vias-terciarias","status":"publish","type":"post","link":"https:\/\/pagina10.com\/web\/evaluaran-avances-en-recuperacion-de-vias-terciarias\/","title":{"rendered":"Evaluar\u00e1n avances en recuperaci\u00f3n de v\u00edas terciarias"},"content":{"rendered":"<p style=\"text-align: justify;\">Con el objetivo de revisar el avance de los trabajos de recuperaci\u00f3n, rehabilitaci\u00f3n y mantenimiento de la red vial terciaria en el departamento de Nari\u00f1o, contemplada en el acuerdo de entendimiento entre el Instituto Nacional de V\u00edas &#8211; Inv\u00edas y la Gobernaci\u00f3n de Nari\u00f1o, este lunes 7 de febrero, el Subdirector Nacional de Red Terciaria y F\u00e9rrea del Inv\u00edas, Ricardo Corredor, participar\u00e1 en una mesa t\u00e9cnica conjunta con los municipios y la Secretar\u00eda de Infraestructura de Nari\u00f1o, para determinar un plan de trabajo que permita recuperar estas v\u00edas.<\/p>\n<div style=\"text-align: justify;\">\nLa Secretaria Infraestructura del Departamento, Nilza Pantoja, manifest\u00f3 que este trabajo es de gran importancia para conocer la actual situaci\u00f3n de las v\u00edas terciarias afectadas por las fuertes lluvias registradas en los \u00faltimos meses en Nari\u00f1o.<\/div>\n<div style=\"text-align: justify;\">\n&#8220;Realizar este diagn\u00f3stico permitir\u00e1 determinar las acciones necesarias para el mejoramiento de la red a trav\u00e9s del convenio con Inv\u00edas y tambi\u00e9n posibilita adelantar las acciones pertinentes en aquellos sectores viales que no est\u00e1n hoy cubiertos con el convenio&#8221;, indic\u00f3 la Secretaria de Infraestructura y Minas de Nari\u00f1o.<\/div>\n<div style=\"text-align: justify;\">\nLa funcionaria adem\u00e1s, manifest\u00f3 que, en los pr\u00f3ximos d\u00edas estar\u00e1 en funcionamiento el nuevo banco de maquinaria adquirida por la actual Administraci\u00f3n Departamental, que entrar\u00e1 a trabajar de forma prioritaria en las v\u00edas secundarias, con mayor complejidad en el norte y tambi\u00e9n en la secci\u00f3n occidental de Nari\u00f1o.<\/div>\n","protected":false},"excerpt":{"rendered":"<p>Con el objetivo de revisar el avance de los trabajos de recuperaci\u00f3n, rehabilitaci\u00f3n y mantenimiento de la red vial terciaria en el departamento de Nari\u00f1o, contemplada en el acuerdo de entendimiento entre el Instituto Nacional de V\u00edas &#8211; Inv\u00edas y la Gobernaci\u00f3n de Nari\u00f1o, este lunes 7 de febrero, el Subdirector Nacional de Red Terciaria [&hellip;]<\/p>\n","protected":false},"author":1,"featured_media":58059,"comment_status":"open","ping_status":"open","sticky":false,"template":"","format":"standard","meta":{"footnotes":""},"categories":[53],"tags":[],"class_list":["post-58058","post","type-post","status-publish","format-standard","has-post-thumbnail","hentry","category-regiones"],"yoast_head":"<!-- This site is optimized with the Yoast SEO plugin v27.1.1 - https:\/\/yoast.com\/product\/yoast-seo-wordpress\/ -->\n<title>Evaluar\u00e1n avances en recuperaci\u00f3n de v\u00edas terciarias | P\u00e1gina10<\/title>\n<meta name=\"robots\" content=\"index, follow, max-snippet:-1, max-image-preview:large, max-video-preview:-1\" \/>\n<link rel=\"canonical\" href=\"https:\/\/pagina10.com\/web\/evaluaran-avances-en-recuperacion-de-vias-terciarias\/\" \/>\n<meta property=\"og:locale\" content=\"es_ES\" \/>\n<meta property=\"og:type\" content=\"article\" \/>\n<meta property=\"og:title\" content=\"Evaluar\u00e1n avances en recuperaci\u00f3n de v\u00edas terciarias | P\u00e1gina10\" \/>\n<meta property=\"og:description\" content=\"Con el objetivo de revisar el avance de los trabajos de recuperaci\u00f3n, rehabilitaci\u00f3n y mantenimiento de la red vial terciaria en el departamento de Nari\u00f1o, contemplada en el acuerdo de entendimiento entre el Instituto Nacional de V\u00edas &#8211; Inv\u00edas y la Gobernaci\u00f3n de Nari\u00f1o, este lunes 7 de febrero, el Subdirector Nacional de Red Terciaria [&hellip;]\" \/>\n<meta property=\"og:url\" content=\"https:\/\/pagina10.com\/web\/evaluaran-avances-en-recuperacion-de-vias-terciarias\/\" \/>\n<meta property=\"og:site_name\" content=\"P\u00e1gina10\" \/>\n<meta property=\"article:publisher\" content=\"https:\/\/www.facebook.com\/pag10com\" \/>\n<meta property=\"article:published_time\" content=\"2022-02-07T19:18:15+00:00\" \/>\n<meta property=\"og:image\" content=\"https:\/\/pagina10.com\/web\/wp-content\/uploads\/2022\/02\/Captura-de-Pantalla-2022-02-07-a-las-2.17.37-p.-m..png\" \/>\n\t<meta property=\"og:image:width\" content=\"612\" \/>\n\t<meta property=\"og:image:height\" content=\"364\" \/>\n\t<meta property=\"og:image:type\" content=\"image\/png\" \/>\n<meta name=\"author\" content=\"P\u00e1gina 10\" \/>\n<meta name=\"twitter:card\" content=\"summary_large_image\" \/>\n<meta name=\"twitter:creator\" content=\"@Pag10com\" \/>\n<meta name=\"twitter:site\" content=\"@Pag10com\" \/>\n<meta name=\"twitter:label1\" content=\"Escrito por\" \/>\n\t<meta name=\"twitter:data1\" content=\"P\u00e1gina 10\" \/>\n\t<meta name=\"twitter:label2\" content=\"Tiempo de lectura\" \/>\n\t<meta name=\"twitter:data2\" content=\"1 minuto\" \/>\n<script type=\"application\/ld+json\" class=\"yoast-schema-graph\">{\"@context\":\"https:\/\/schema.org\",\"@graph\":[{\"@type\":\"Article\",\"@id\":\"https:\/\/pagina10.com\/web\/evaluaran-avances-en-recuperacion-de-vias-terciarias\/#article\",\"isPartOf\":{\"@id\":\"https:\/\/pagina10.com\/web\/evaluaran-avances-en-recuperacion-de-vias-terciarias\/\"},\"author\":{\"name\":\"P\u00e1gina 10\",\"@id\":\"https:\/\/pagina10.com\/web\/#\/schema\/person\/2efc4a090d25b667d3bc796798a3a81b\"},\"headline\":\"Evaluar\u00e1n avances en recuperaci\u00f3n de v\u00edas terciarias\",\"datePublished\":\"2022-02-07T19:18:15+00:00\",\"mainEntityOfPage\":{\"@id\":\"https:\/\/pagina10.com\/web\/evaluaran-avances-en-recuperacion-de-vias-terciarias\/\"},\"wordCount\":259,\"commentCount\":0,\"publisher\":{\"@id\":\"https:\/\/pagina10.com\/web\/#organization\"},\"image\":{\"@id\":\"https:\/\/pagina10.com\/web\/evaluaran-avances-en-recuperacion-de-vias-terciarias\/#primaryimage\"},\"thumbnailUrl\":\"https:\/\/pagina10.com\/web\/wp-content\/uploads\/2022\/02\/Captura-de-Pantalla-2022-02-07-a-las-2.17.37-p.-m..png\",\"articleSection\":[\"Regiones\"],\"inLanguage\":\"es\",\"potentialAction\":[{\"@type\":\"CommentAction\",\"name\":\"Comment\",\"target\":[\"https:\/\/pagina10.com\/web\/evaluaran-avances-en-recuperacion-de-vias-terciarias\/#respond\"]}]},{\"@type\":\"WebPage\",\"@id\":\"https:\/\/pagina10.com\/web\/evaluaran-avances-en-recuperacion-de-vias-terciarias\/\",\"url\":\"https:\/\/pagina10.com\/web\/evaluaran-avances-en-recuperacion-de-vias-terciarias\/\",\"name\":\"Evaluar\u00e1n avances en recuperaci\u00f3n de v\u00edas terciarias | P\u00e1gina10\",\"isPartOf\":{\"@id\":\"https:\/\/pagina10.com\/web\/#website\"},\"primaryImageOfPage\":{\"@id\":\"https:\/\/pagina10.com\/web\/evaluaran-avances-en-recuperacion-de-vias-terciarias\/#primaryimage\"},\"image\":{\"@id\":\"https:\/\/pagina10.com\/web\/evaluaran-avances-en-recuperacion-de-vias-terciarias\/#primaryimage\"},\"thumbnailUrl\":\"https:\/\/pagina10.com\/web\/wp-content\/uploads\/2022\/02\/Captura-de-Pantalla-2022-02-07-a-las-2.17.37-p.-m..png\",\"datePublished\":\"2022-02-07T19:18:15+00:00\",\"breadcrumb\":{\"@id\":\"https:\/\/pagina10.com\/web\/evaluaran-avances-en-recuperacion-de-vias-terciarias\/#breadcrumb\"},\"inLanguage\":\"es\",\"potentialAction\":[{\"@type\":\"ReadAction\",\"target\":[\"https:\/\/pagina10.com\/web\/evaluaran-avances-en-recuperacion-de-vias-terciarias\/\"]}]},{\"@type\":\"ImageObject\",\"inLanguage\":\"es\",\"@id\":\"https:\/\/pagina10.com\/web\/evaluaran-avances-en-recuperacion-de-vias-terciarias\/#primaryimage\",\"url\":\"https:\/\/pagina10.com\/web\/wp-content\/uploads\/2022\/02\/Captura-de-Pantalla-2022-02-07-a-las-2.17.37-p.-m..png\",\"contentUrl\":\"https:\/\/pagina10.com\/web\/wp-content\/uploads\/2022\/02\/Captura-de-Pantalla-2022-02-07-a-las-2.17.37-p.-m..png\",\"width\":612,\"height\":364},{\"@type\":\"BreadcrumbList\",\"@id\":\"https:\/\/pagina10.com\/web\/evaluaran-avances-en-recuperacion-de-vias-terciarias\/#breadcrumb\",\"itemListElement\":[{\"@type\":\"ListItem\",\"position\":1,\"name\":\"Portada\",\"item\":\"https:\/\/pagina10.com\/web\/\"},{\"@type\":\"ListItem\",\"position\":2,\"name\":\"Evaluar\u00e1n avances en recuperaci\u00f3n de v\u00edas terciarias\"}]},{\"@type\":\"WebSite\",\"@id\":\"https:\/\/pagina10.com\/web\/#website\",\"url\":\"https:\/\/pagina10.com\/web\/\",\"name\":\"P\u00e1gina10\",\"description\":\"Peri\u00f3dico Regional\",\"publisher\":{\"@id\":\"https:\/\/pagina10.com\/web\/#organization\"},\"alternateName\":\"P\u00e1gina10 Peri\u00f3dico Regional\",\"potentialAction\":[{\"@type\":\"SearchAction\",\"target\":{\"@type\":\"EntryPoint\",\"urlTemplate\":\"https:\/\/pagina10.com\/web\/?s={search_term_string}\"},\"query-input\":{\"@type\":\"PropertyValueSpecification\",\"valueRequired\":true,\"valueName\":\"search_term_string\"}}],\"inLanguage\":\"es\"},{\"@type\":\"Organization\",\"@id\":\"https:\/\/pagina10.com\/web\/#organization\",\"name\":\"P\u00e1gina10\",\"alternateName\":\"P\u00e1gina10 Peri\u00f3dico Regional\",\"url\":\"https:\/\/pagina10.com\/web\/\",\"logo\":{\"@type\":\"ImageObject\",\"inLanguage\":\"es\",\"@id\":\"https:\/\/pagina10.com\/web\/#\/schema\/logo\/image\/\",\"url\":\"https:\/\/pagina10.com\/web\/wp-content\/uploads\/2024\/01\/40-pagina-10-periodico-regional-pasto.jpg\",\"contentUrl\":\"https:\/\/pagina10.com\/web\/wp-content\/uploads\/2024\/01\/40-pagina-10-periodico-regional-pasto.jpg\",\"width\":1280,\"height\":720,\"caption\":\"P\u00e1gina10\"},\"image\":{\"@id\":\"https:\/\/pagina10.com\/web\/#\/schema\/logo\/image\/\"},\"sameAs\":[\"https:\/\/www.facebook.com\/pag10com\",\"https:\/\/x.com\/Pag10com\",\"https:\/\/www.instagram.com\/pagina10col\/\",\"https:\/\/youtube.com\/channel\/pag10\",\"https:\/\/www.tiktok.com\/@p10col\"]},{\"@type\":\"Person\",\"@id\":\"https:\/\/pagina10.com\/web\/#\/schema\/person\/2efc4a090d25b667d3bc796798a3a81b\",\"name\":\"P\u00e1gina 10\",\"description\":\"P\u00e1gina 10 es un peri\u00f3dico regional que nace en Colombia, en el departamento de Nari\u00f1o, con un enfoque global, fundamentado en cuatro pilares esenciales: la libertad, el pluralismo, la inclusi\u00f3n y la independencia. P\u00e1gina 10 hace referencia a Nari\u00f1o como el d\u00e9cimo departamento creado en Colombia, despu\u00e9s de un proceso pol\u00edtico liderado por actores y actrices regionales con el fin de obtener la independencia y autonom\u00eda de nuestros territorios. Con la creaci\u00f3n de P\u00e1gina 10 se pretende abrir un escenario para el dialogo, la reflexi\u00f3n y el debate que se extienda a otras geograf\u00edas de Am\u00e9rica Latina y del planeta, en una apuesta por transformar colectivamente los desaf\u00edos de un mundo contempor\u00e1neo, m\u00e1s all\u00e1 de las fronteras impuestas.\",\"url\":\"https:\/\/pagina10.com\/web\/author\/pdiezadmin\/\"}]}<\/script>\n<!-- \/ Yoast SEO plugin. -->","yoast_head_json":{"title":"Evaluar\u00e1n avances en recuperaci\u00f3n de v\u00edas terciarias | P\u00e1gina10","robots":{"index":"index","follow":"follow","max-snippet":"max-snippet:-1","max-image-preview":"max-image-preview:large","max-video-preview":"max-video-preview:-1"},"canonical":"https:\/\/pagina10.com\/web\/evaluaran-avances-en-recuperacion-de-vias-terciarias\/","og_locale":"es_ES","og_type":"article","og_title":"Evaluar\u00e1n avances en recuperaci\u00f3n de v\u00edas terciarias | P\u00e1gina10","og_description":"Con el objetivo de revisar el avance de los trabajos de recuperaci\u00f3n, rehabilitaci\u00f3n y mantenimiento de la red vial terciaria en el departamento de Nari\u00f1o, contemplada en el acuerdo de entendimiento entre el Instituto Nacional de V\u00edas &#8211; Inv\u00edas y la Gobernaci\u00f3n de Nari\u00f1o, este lunes 7 de febrero, el Subdirector Nacional de Red Terciaria [&hellip;]","og_url":"https:\/\/pagina10.com\/web\/evaluaran-avances-en-recuperacion-de-vias-terciarias\/","og_site_name":"P\u00e1gina10","article_publisher":"https:\/\/www.facebook.com\/pag10com","article_published_time":"2022-02-07T19:18:15+00:00","og_image":[{"width":612,"height":364,"url":"https:\/\/pagina10.com\/web\/wp-content\/uploads\/2022\/02\/Captura-de-Pantalla-2022-02-07-a-las-2.17.37-p.-m..png","type":"image\/png"}],"author":"P\u00e1gina 10","twitter_card":"summary_large_image","twitter_creator":"@Pag10com","twitter_site":"@Pag10com","twitter_misc":{"Escrito por":"P\u00e1gina 10","Tiempo de lectura":"1 minuto"},"schema":{"@context":"https:\/\/schema.org","@graph":[{"@type":"Article","@id":"https:\/\/pagina10.com\/web\/evaluaran-avances-en-recuperacion-de-vias-terciarias\/#article","isPartOf":{"@id":"https:\/\/pagina10.com\/web\/evaluaran-avances-en-recuperacion-de-vias-terciarias\/"},"author":{"name":"P\u00e1gina 10","@id":"https:\/\/pagina10.com\/web\/#\/schema\/person\/2efc4a090d25b667d3bc796798a3a81b"},"headline":"Evaluar\u00e1n avances en recuperaci\u00f3n de v\u00edas terciarias","datePublished":"2022-02-07T19:18:15+00:00","mainEntityOfPage":{"@id":"https:\/\/pagina10.com\/web\/evaluaran-avances-en-recuperacion-de-vias-terciarias\/"},"wordCount":259,"commentCount":0,"publisher":{"@id":"https:\/\/pagina10.com\/web\/#organization"},"image":{"@id":"https:\/\/pagina10.com\/web\/evaluaran-avances-en-recuperacion-de-vias-terciarias\/#primaryimage"},"thumbnailUrl":"https:\/\/pagina10.com\/web\/wp-content\/uploads\/2022\/02\/Captura-de-Pantalla-2022-02-07-a-las-2.17.37-p.-m..png","articleSection":["Regiones"],"inLanguage":"es","potentialAction":[{"@type":"CommentAction","name":"Comment","target":["https:\/\/pagina10.com\/web\/evaluaran-avances-en-recuperacion-de-vias-terciarias\/#respond"]}]},{"@type":"WebPage","@id":"https:\/\/pagina10.com\/web\/evaluaran-avances-en-recuperacion-de-vias-terciarias\/","url":"https:\/\/pagina10.com\/web\/evaluaran-avances-en-recuperacion-de-vias-terciarias\/","name":"Evaluar\u00e1n avances en recuperaci\u00f3n de v\u00edas terciarias | P\u00e1gina10","isPartOf":{"@id":"https:\/\/pagina10.com\/web\/#website"},"primaryImageOfPage":{"@id":"https:\/\/pagina10.com\/web\/evaluaran-avances-en-recuperacion-de-vias-terciarias\/#primaryimage"},"image":{"@id":"https:\/\/pagina10.com\/web\/evaluaran-avances-en-recuperacion-de-vias-terciarias\/#primaryimage"},"thumbnailUrl":"https:\/\/pagina10.com\/web\/wp-content\/uploads\/2022\/02\/Captura-de-Pantalla-2022-02-07-a-las-2.17.37-p.-m..png","datePublished":"2022-02-07T19:18:15+00:00","breadcrumb":{"@id":"https:\/\/pagina10.com\/web\/evaluaran-avances-en-recuperacion-de-vias-terciarias\/#breadcrumb"},"inLanguage":"es","potentialAction":[{"@type":"ReadAction","target":["https:\/\/pagina10.com\/web\/evaluaran-avances-en-recuperacion-de-vias-terciarias\/"]}]},{"@type":"ImageObject","inLanguage":"es","@id":"https:\/\/pagina10.com\/web\/evaluaran-avances-en-recuperacion-de-vias-terciarias\/#primaryimage","url":"https:\/\/pagina10.com\/web\/wp-content\/uploads\/2022\/02\/Captura-de-Pantalla-2022-02-07-a-las-2.17.37-p.-m..png","contentUrl":"https:\/\/pagina10.com\/web\/wp-content\/uploads\/2022\/02\/Captura-de-Pantalla-2022-02-07-a-las-2.17.37-p.-m..png","width":612,"height":364},{"@type":"BreadcrumbList","@id":"https:\/\/pagina10.com\/web\/evaluaran-avances-en-recuperacion-de-vias-terciarias\/#breadcrumb","itemListElement":[{"@type":"ListItem","position":1,"name":"Portada","item":"https:\/\/pagina10.com\/web\/"},{"@type":"ListItem","position":2,"name":"Evaluar\u00e1n avances en recuperaci\u00f3n de v\u00edas terciarias"}]},{"@type":"WebSite","@id":"https:\/\/pagina10.com\/web\/#website","url":"https:\/\/pagina10.com\/web\/","name":"P\u00e1gina10","description":"Peri\u00f3dico Regional","publisher":{"@id":"https:\/\/pagina10.com\/web\/#organization"},"alternateName":"P\u00e1gina10 Peri\u00f3dico Regional","potentialAction":[{"@type":"SearchAction","target":{"@type":"EntryPoint","urlTemplate":"https:\/\/pagina10.com\/web\/?s={search_term_string}"},"query-input":{"@type":"PropertyValueSpecification","valueRequired":true,"valueName":"search_term_string"}}],"inLanguage":"es"},{"@type":"Organization","@id":"https:\/\/pagina10.com\/web\/#organization","name":"P\u00e1gina10","alternateName":"P\u00e1gina10 Peri\u00f3dico Regional","url":"https:\/\/pagina10.com\/web\/","logo":{"@type":"ImageObject","inLanguage":"es","@id":"https:\/\/pagina10.com\/web\/#\/schema\/logo\/image\/","url":"https:\/\/pagina10.com\/web\/wp-content\/uploads\/2024\/01\/40-pagina-10-periodico-regional-pasto.jpg","contentUrl":"https:\/\/pagina10.com\/web\/wp-content\/uploads\/2024\/01\/40-pagina-10-periodico-regional-pasto.jpg","width":1280,"height":720,"caption":"P\u00e1gina10"},"image":{"@id":"https:\/\/pagina10.com\/web\/#\/schema\/logo\/image\/"},"sameAs":["https:\/\/www.facebook.com\/pag10com","https:\/\/x.com\/Pag10com","https:\/\/www.instagram.com\/pagina10col\/","https:\/\/youtube.com\/channel\/pag10","https:\/\/www.tiktok.com\/@p10col"]},{"@type":"Person","@id":"https:\/\/pagina10.com\/web\/#\/schema\/person\/2efc4a090d25b667d3bc796798a3a81b","name":"P\u00e1gina 10","description":"P\u00e1gina 10 es un peri\u00f3dico regional que nace en Colombia, en el departamento de Nari\u00f1o, con un enfoque global, fundamentado en cuatro pilares esenciales: la libertad, el pluralismo, la inclusi\u00f3n y la independencia. P\u00e1gina 10 hace referencia a Nari\u00f1o como el d\u00e9cimo departamento creado en Colombia, despu\u00e9s de un proceso pol\u00edtico liderado por actores y actrices regionales con el fin de obtener la independencia y autonom\u00eda de nuestros territorios. Con la creaci\u00f3n de P\u00e1gina 10 se pretende abrir un escenario para el dialogo, la reflexi\u00f3n y el debate que se extienda a otras geograf\u00edas de Am\u00e9rica Latina y del planeta, en una apuesta por transformar colectivamente los desaf\u00edos de un mundo contempor\u00e1neo, m\u00e1s all\u00e1 de las fronteras impuestas.","url":"https:\/\/pagina10.com\/web\/author\/pdiezadmin\/"}]}},"_links":{"self":[{"href":"https:\/\/pagina10.com\/web\/wp-json\/wp\/v2\/posts\/58058","targetHints":{"allow":["GET"]}}],"collection":[{"href":"https:\/\/pagina10.com\/web\/wp-json\/wp\/v2\/posts"}],"about":[{"href":"https:\/\/pagina10.com\/web\/wp-json\/wp\/v2\/types\/post"}],"author":[{"embeddable":true,"href":"https:\/\/pagina10.com\/web\/wp-json\/wp\/v2\/users\/1"}],"replies":[{"embeddable":true,"href":"https:\/\/pagina10.com\/web\/wp-json\/wp\/v2\/comments?post=58058"}],"version-history":[{"count":1,"href":"https:\/\/pagina10.com\/web\/wp-json\/wp\/v2\/posts\/58058\/revisions"}],"predecessor-version":[{"id":58060,"href":"https:\/\/pagina10.com\/web\/wp-json\/wp\/v2\/posts\/58058\/revisions\/58060"}],"wp:featuredmedia":[{"embeddable":true,"href":"https:\/\/pagina10.com\/web\/wp-json\/wp\/v2\/media\/58059"}],"wp:attachment":[{"href":"https:\/\/pagina10.com\/web\/wp-json\/wp\/v2\/media?parent=58058"}],"wp:term":[{"taxonomy":"category","embeddable":true,"href":"https:\/\/pagina10.com\/web\/wp-json\/wp\/v2\/categories?post=58058"},{"taxonomy":"post_tag","embeddable":true,"href":"https:\/\/pagina10.com\/web\/wp-json\/wp\/v2\/tags?post=58058"}],"curies":[{"name":"wp","href":"https:\/\/api.w.org\/{rel}","templated":true}]}}