{"id":58064,"date":"2022-02-07T14:22:02","date_gmt":"2022-02-07T19:22:02","guid":{"rendered":"https:\/\/pagina10.com\/web\/?p=58064"},"modified":"2022-02-07T21:01:54","modified_gmt":"2022-02-08T02:01:54","slug":"acto-simbolico-a-victimas-de-desaparicion-forzada-en-barbacoas-sector-pena-de-maidel","status":"publish","type":"post","link":"https:\/\/pagina10.com\/web\/acto-simbolico-a-victimas-de-desaparicion-forzada-en-barbacoas-sector-pena-de-maidel\/","title":{"rendered":"Acto simb\u00f3lico a v\u00edctimas de desaparici\u00f3n forzada en Barbacoas sector Pe\u00f1a de Maidel"},"content":{"rendered":"<p style=\"text-align: justify;\">En el municipio de Barbacoas en el sector Pe\u00f1a del Maidel, integrantes de la Mesa Departamental de Desaparici\u00f3n, junto al Gobernador de\u00a0Nari\u00f1o, Jhon Rojas, entregaron a familiares de v\u00edctimas de desaparici\u00f3n un campo santo, donde seg\u00fan investigaciones y testimonios reposan los cuerpos de algunas personas desaparecidas.<\/p>\n<div style=\"text-align: justify;\">El mandatario departamental agradeci\u00f3 a las diferentes instituciones que hicieron posible la intervenci\u00f3n y destac\u00f3 la importancia de este sitio como s\u00edmbolo de paz y reconciliaci\u00f3n. \u201cEs muy importante que las futuras generaciones conozcan lo que ha tra\u00eddo la violencia y esta guerra que ocurri\u00f3 en el municipio de Barbacoas, donde cerca de 242 personas fueron v\u00edctimas de desaparici\u00f3n y donde muchas perecieron. Como v\u00edctima de conflicto, comprendo el dolor en sus testimonios, hace 26 a\u00f1os perd\u00ed a mi padre por la violencia. Por esto, tengo un compromiso mayor como Gobernador para dedicar los esfuerzos institucionales para que ustedes como familias de personas desaparecidas tengan paz y conozcan la verdad\u201d, indic\u00f3 el Gobernador de Nari\u00f1o, Jhon Rojas.<\/p>\n<div style=\"text-align: justify;\">Este emotivo acto cont\u00f3 con la presencia de los familiares de las v\u00edctimas, quienes dieron su testimonio y resaltaron la importancia de esta clase de eventos para encontrarse, no perder la esperanza y seguir luchando para que las madres encuentren a sus hijos o esposos, y que todas las personas que est\u00e1n desaparecidas regresen al seno de su hogar.<\/div>\n<div style=\"text-align: justify;\">El Departamento de Nari\u00f1o, tiene m\u00e1s de 3.000 v\u00edctimas de desaparici\u00f3n forzada por causa del conflicto armado. Desde la Mesa Departamental de Desaparici\u00f3n se lidera en conjunto con asociaciones de v\u00edctimas un trabajo interinstitucional para que se haga justicia y se conozca la verdad.<\/div>\n<\/div>\n","protected":false},"excerpt":{"rendered":"<p>En el municipio de Barbacoas en el sector Pe\u00f1a del Maidel, integrantes de la Mesa Departamental de Desaparici\u00f3n, junto al Gobernador de\u00a0Nari\u00f1o, Jhon Rojas, entregaron a familiares de v\u00edctimas de desaparici\u00f3n un campo santo, donde seg\u00fan investigaciones y testimonios reposan los cuerpos de algunas personas desaparecidas. El mandatario departamental agradeci\u00f3 a las diferentes instituciones que [&hellip;]<\/p>\n","protected":false},"author":1,"featured_media":58065,"comment_status":"open","ping_status":"open","sticky":false,"template":"","format":"standard","meta":{"footnotes":""},"categories":[53],"tags":[],"class_list":["post-58064","post","type-post","status-publish","format-standard","has-post-thumbnail","hentry","category-regiones"],"yoast_head":"<!-- This site is optimized with the Yoast SEO plugin v27.1.1 - https:\/\/yoast.com\/product\/yoast-seo-wordpress\/ -->\n<title>Acto simb\u00f3lico a v\u00edctimas de desaparici\u00f3n forzada en Barbacoas sector Pe\u00f1a de Maidel | P\u00e1gina10<\/title>\n<meta name=\"robots\" content=\"index, follow, max-snippet:-1, max-image-preview:large, max-video-preview:-1\" \/>\n<link rel=\"canonical\" href=\"https:\/\/pagina10.com\/web\/acto-simbolico-a-victimas-de-desaparicion-forzada-en-barbacoas-sector-pena-de-maidel\/\" \/>\n<meta property=\"og:locale\" content=\"es_ES\" \/>\n<meta property=\"og:type\" content=\"article\" \/>\n<meta property=\"og:title\" content=\"Acto simb\u00f3lico a v\u00edctimas de desaparici\u00f3n forzada en Barbacoas sector Pe\u00f1a de Maidel | P\u00e1gina10\" \/>\n<meta property=\"og:description\" content=\"En el municipio de Barbacoas en el sector Pe\u00f1a del Maidel, integrantes de la Mesa Departamental de Desaparici\u00f3n, junto al Gobernador de\u00a0Nari\u00f1o, Jhon Rojas, entregaron a familiares de v\u00edctimas de desaparici\u00f3n un campo santo, donde seg\u00fan investigaciones y testimonios reposan los cuerpos de algunas personas desaparecidas. El mandatario departamental agradeci\u00f3 a las diferentes instituciones que [&hellip;]\" \/>\n<meta property=\"og:url\" content=\"https:\/\/pagina10.com\/web\/acto-simbolico-a-victimas-de-desaparicion-forzada-en-barbacoas-sector-pena-de-maidel\/\" \/>\n<meta property=\"og:site_name\" content=\"P\u00e1gina10\" \/>\n<meta property=\"article:publisher\" content=\"https:\/\/www.facebook.com\/pag10com\" \/>\n<meta property=\"article:published_time\" content=\"2022-02-07T19:22:02+00:00\" \/>\n<meta property=\"article:modified_time\" content=\"2022-02-08T02:01:54+00:00\" \/>\n<meta property=\"og:image\" content=\"https:\/\/pagina10.com\/web\/wp-content\/uploads\/2022\/02\/273318939_3385254858265315_8724833949428801555_n.jpg\" \/>\n\t<meta property=\"og:image:width\" content=\"1600\" \/>\n\t<meta property=\"og:image:height\" content=\"1067\" \/>\n\t<meta property=\"og:image:type\" content=\"image\/jpeg\" \/>\n<meta name=\"author\" content=\"P\u00e1gina 10\" \/>\n<meta name=\"twitter:card\" content=\"summary_large_image\" \/>\n<meta name=\"twitter:creator\" content=\"@Pag10com\" \/>\n<meta name=\"twitter:site\" content=\"@Pag10com\" \/>\n<meta name=\"twitter:label1\" content=\"Escrito por\" \/>\n\t<meta name=\"twitter:data1\" content=\"P\u00e1gina 10\" \/>\n\t<meta name=\"twitter:label2\" content=\"Tiempo de lectura\" \/>\n\t<meta name=\"twitter:data2\" content=\"1 minuto\" \/>\n<script type=\"application\/ld+json\" class=\"yoast-schema-graph\">{\"@context\":\"https:\/\/schema.org\",\"@graph\":[{\"@type\":\"Article\",\"@id\":\"https:\/\/pagina10.com\/web\/acto-simbolico-a-victimas-de-desaparicion-forzada-en-barbacoas-sector-pena-de-maidel\/#article\",\"isPartOf\":{\"@id\":\"https:\/\/pagina10.com\/web\/acto-simbolico-a-victimas-de-desaparicion-forzada-en-barbacoas-sector-pena-de-maidel\/\"},\"author\":{\"name\":\"P\u00e1gina 10\",\"@id\":\"https:\/\/pagina10.com\/web\/#\/schema\/person\/2efc4a090d25b667d3bc796798a3a81b\"},\"headline\":\"Acto simb\u00f3lico a v\u00edctimas de desaparici\u00f3n forzada en Barbacoas sector Pe\u00f1a de Maidel\",\"datePublished\":\"2022-02-07T19:22:02+00:00\",\"dateModified\":\"2022-02-08T02:01:54+00:00\",\"mainEntityOfPage\":{\"@id\":\"https:\/\/pagina10.com\/web\/acto-simbolico-a-victimas-de-desaparicion-forzada-en-barbacoas-sector-pena-de-maidel\/\"},\"wordCount\":304,\"commentCount\":0,\"publisher\":{\"@id\":\"https:\/\/pagina10.com\/web\/#organization\"},\"image\":{\"@id\":\"https:\/\/pagina10.com\/web\/acto-simbolico-a-victimas-de-desaparicion-forzada-en-barbacoas-sector-pena-de-maidel\/#primaryimage\"},\"thumbnailUrl\":\"https:\/\/pagina10.com\/web\/wp-content\/uploads\/2022\/02\/273318939_3385254858265315_8724833949428801555_n.jpg\",\"articleSection\":[\"Regiones\"],\"inLanguage\":\"es\",\"potentialAction\":[{\"@type\":\"CommentAction\",\"name\":\"Comment\",\"target\":[\"https:\/\/pagina10.com\/web\/acto-simbolico-a-victimas-de-desaparicion-forzada-en-barbacoas-sector-pena-de-maidel\/#respond\"]}]},{\"@type\":\"WebPage\",\"@id\":\"https:\/\/pagina10.com\/web\/acto-simbolico-a-victimas-de-desaparicion-forzada-en-barbacoas-sector-pena-de-maidel\/\",\"url\":\"https:\/\/pagina10.com\/web\/acto-simbolico-a-victimas-de-desaparicion-forzada-en-barbacoas-sector-pena-de-maidel\/\",\"name\":\"Acto simb\u00f3lico a v\u00edctimas de desaparici\u00f3n forzada en Barbacoas sector Pe\u00f1a de Maidel | P\u00e1gina10\",\"isPartOf\":{\"@id\":\"https:\/\/pagina10.com\/web\/#website\"},\"primaryImageOfPage\":{\"@id\":\"https:\/\/pagina10.com\/web\/acto-simbolico-a-victimas-de-desaparicion-forzada-en-barbacoas-sector-pena-de-maidel\/#primaryimage\"},\"image\":{\"@id\":\"https:\/\/pagina10.com\/web\/acto-simbolico-a-victimas-de-desaparicion-forzada-en-barbacoas-sector-pena-de-maidel\/#primaryimage\"},\"thumbnailUrl\":\"https:\/\/pagina10.com\/web\/wp-content\/uploads\/2022\/02\/273318939_3385254858265315_8724833949428801555_n.jpg\",\"datePublished\":\"2022-02-07T19:22:02+00:00\",\"dateModified\":\"2022-02-08T02:01:54+00:00\",\"breadcrumb\":{\"@id\":\"https:\/\/pagina10.com\/web\/acto-simbolico-a-victimas-de-desaparicion-forzada-en-barbacoas-sector-pena-de-maidel\/#breadcrumb\"},\"inLanguage\":\"es\",\"potentialAction\":[{\"@type\":\"ReadAction\",\"target\":[\"https:\/\/pagina10.com\/web\/acto-simbolico-a-victimas-de-desaparicion-forzada-en-barbacoas-sector-pena-de-maidel\/\"]}]},{\"@type\":\"ImageObject\",\"inLanguage\":\"es\",\"@id\":\"https:\/\/pagina10.com\/web\/acto-simbolico-a-victimas-de-desaparicion-forzada-en-barbacoas-sector-pena-de-maidel\/#primaryimage\",\"url\":\"https:\/\/pagina10.com\/web\/wp-content\/uploads\/2022\/02\/273318939_3385254858265315_8724833949428801555_n.jpg\",\"contentUrl\":\"https:\/\/pagina10.com\/web\/wp-content\/uploads\/2022\/02\/273318939_3385254858265315_8724833949428801555_n.jpg\",\"width\":1600,\"height\":1067},{\"@type\":\"BreadcrumbList\",\"@id\":\"https:\/\/pagina10.com\/web\/acto-simbolico-a-victimas-de-desaparicion-forzada-en-barbacoas-sector-pena-de-maidel\/#breadcrumb\",\"itemListElement\":[{\"@type\":\"ListItem\",\"position\":1,\"name\":\"Portada\",\"item\":\"https:\/\/pagina10.com\/web\/\"},{\"@type\":\"ListItem\",\"position\":2,\"name\":\"Acto simb\u00f3lico a v\u00edctimas de desaparici\u00f3n forzada en Barbacoas sector Pe\u00f1a de Maidel\"}]},{\"@type\":\"WebSite\",\"@id\":\"https:\/\/pagina10.com\/web\/#website\",\"url\":\"https:\/\/pagina10.com\/web\/\",\"name\":\"P\u00e1gina10\",\"description\":\"Peri\u00f3dico Regional\",\"publisher\":{\"@id\":\"https:\/\/pagina10.com\/web\/#organization\"},\"alternateName\":\"P\u00e1gina10 Peri\u00f3dico Regional\",\"potentialAction\":[{\"@type\":\"SearchAction\",\"target\":{\"@type\":\"EntryPoint\",\"urlTemplate\":\"https:\/\/pagina10.com\/web\/?s={search_term_string}\"},\"query-input\":{\"@type\":\"PropertyValueSpecification\",\"valueRequired\":true,\"valueName\":\"search_term_string\"}}],\"inLanguage\":\"es\"},{\"@type\":\"Organization\",\"@id\":\"https:\/\/pagina10.com\/web\/#organization\",\"name\":\"P\u00e1gina10\",\"alternateName\":\"P\u00e1gina10 Peri\u00f3dico Regional\",\"url\":\"https:\/\/pagina10.com\/web\/\",\"logo\":{\"@type\":\"ImageObject\",\"inLanguage\":\"es\",\"@id\":\"https:\/\/pagina10.com\/web\/#\/schema\/logo\/image\/\",\"url\":\"https:\/\/pagina10.com\/web\/wp-content\/uploads\/2024\/01\/40-pagina-10-periodico-regional-pasto.jpg\",\"contentUrl\":\"https:\/\/pagina10.com\/web\/wp-content\/uploads\/2024\/01\/40-pagina-10-periodico-regional-pasto.jpg\",\"width\":1280,\"height\":720,\"caption\":\"P\u00e1gina10\"},\"image\":{\"@id\":\"https:\/\/pagina10.com\/web\/#\/schema\/logo\/image\/\"},\"sameAs\":[\"https:\/\/www.facebook.com\/pag10com\",\"https:\/\/x.com\/Pag10com\",\"https:\/\/www.instagram.com\/pagina10col\/\",\"https:\/\/youtube.com\/channel\/pag10\",\"https:\/\/www.tiktok.com\/@p10col\"]},{\"@type\":\"Person\",\"@id\":\"https:\/\/pagina10.com\/web\/#\/schema\/person\/2efc4a090d25b667d3bc796798a3a81b\",\"name\":\"P\u00e1gina 10\",\"description\":\"P\u00e1gina 10 es un peri\u00f3dico regional que nace en Colombia, en el departamento de Nari\u00f1o, con un enfoque global, fundamentado en cuatro pilares esenciales: la libertad, el pluralismo, la inclusi\u00f3n y la independencia. P\u00e1gina 10 hace referencia a Nari\u00f1o como el d\u00e9cimo departamento creado en Colombia, despu\u00e9s de un proceso pol\u00edtico liderado por actores y actrices regionales con el fin de obtener la independencia y autonom\u00eda de nuestros territorios. Con la creaci\u00f3n de P\u00e1gina 10 se pretende abrir un escenario para el dialogo, la reflexi\u00f3n y el debate que se extienda a otras geograf\u00edas de Am\u00e9rica Latina y del planeta, en una apuesta por transformar colectivamente los desaf\u00edos de un mundo contempor\u00e1neo, m\u00e1s all\u00e1 de las fronteras impuestas.\",\"url\":\"https:\/\/pagina10.com\/web\/author\/pdiezadmin\/\"}]}<\/script>\n<!-- \/ Yoast SEO plugin. -->","yoast_head_json":{"title":"Acto simb\u00f3lico a v\u00edctimas de desaparici\u00f3n forzada en Barbacoas sector Pe\u00f1a de Maidel | P\u00e1gina10","robots":{"index":"index","follow":"follow","max-snippet":"max-snippet:-1","max-image-preview":"max-image-preview:large","max-video-preview":"max-video-preview:-1"},"canonical":"https:\/\/pagina10.com\/web\/acto-simbolico-a-victimas-de-desaparicion-forzada-en-barbacoas-sector-pena-de-maidel\/","og_locale":"es_ES","og_type":"article","og_title":"Acto simb\u00f3lico a v\u00edctimas de desaparici\u00f3n forzada en Barbacoas sector Pe\u00f1a de Maidel | P\u00e1gina10","og_description":"En el municipio de Barbacoas en el sector Pe\u00f1a del Maidel, integrantes de la Mesa Departamental de Desaparici\u00f3n, junto al Gobernador de\u00a0Nari\u00f1o, Jhon Rojas, entregaron a familiares de v\u00edctimas de desaparici\u00f3n un campo santo, donde seg\u00fan investigaciones y testimonios reposan los cuerpos de algunas personas desaparecidas. El mandatario departamental agradeci\u00f3 a las diferentes instituciones que [&hellip;]","og_url":"https:\/\/pagina10.com\/web\/acto-simbolico-a-victimas-de-desaparicion-forzada-en-barbacoas-sector-pena-de-maidel\/","og_site_name":"P\u00e1gina10","article_publisher":"https:\/\/www.facebook.com\/pag10com","article_published_time":"2022-02-07T19:22:02+00:00","article_modified_time":"2022-02-08T02:01:54+00:00","og_image":[{"width":1600,"height":1067,"url":"https:\/\/pagina10.com\/web\/wp-content\/uploads\/2022\/02\/273318939_3385254858265315_8724833949428801555_n.jpg","type":"image\/jpeg"}],"author":"P\u00e1gina 10","twitter_card":"summary_large_image","twitter_creator":"@Pag10com","twitter_site":"@Pag10com","twitter_misc":{"Escrito por":"P\u00e1gina 10","Tiempo de lectura":"1 minuto"},"schema":{"@context":"https:\/\/schema.org","@graph":[{"@type":"Article","@id":"https:\/\/pagina10.com\/web\/acto-simbolico-a-victimas-de-desaparicion-forzada-en-barbacoas-sector-pena-de-maidel\/#article","isPartOf":{"@id":"https:\/\/pagina10.com\/web\/acto-simbolico-a-victimas-de-desaparicion-forzada-en-barbacoas-sector-pena-de-maidel\/"},"author":{"name":"P\u00e1gina 10","@id":"https:\/\/pagina10.com\/web\/#\/schema\/person\/2efc4a090d25b667d3bc796798a3a81b"},"headline":"Acto simb\u00f3lico a v\u00edctimas de desaparici\u00f3n forzada en Barbacoas sector Pe\u00f1a de Maidel","datePublished":"2022-02-07T19:22:02+00:00","dateModified":"2022-02-08T02:01:54+00:00","mainEntityOfPage":{"@id":"https:\/\/pagina10.com\/web\/acto-simbolico-a-victimas-de-desaparicion-forzada-en-barbacoas-sector-pena-de-maidel\/"},"wordCount":304,"commentCount":0,"publisher":{"@id":"https:\/\/pagina10.com\/web\/#organization"},"image":{"@id":"https:\/\/pagina10.com\/web\/acto-simbolico-a-victimas-de-desaparicion-forzada-en-barbacoas-sector-pena-de-maidel\/#primaryimage"},"thumbnailUrl":"https:\/\/pagina10.com\/web\/wp-content\/uploads\/2022\/02\/273318939_3385254858265315_8724833949428801555_n.jpg","articleSection":["Regiones"],"inLanguage":"es","potentialAction":[{"@type":"CommentAction","name":"Comment","target":["https:\/\/pagina10.com\/web\/acto-simbolico-a-victimas-de-desaparicion-forzada-en-barbacoas-sector-pena-de-maidel\/#respond"]}]},{"@type":"WebPage","@id":"https:\/\/pagina10.com\/web\/acto-simbolico-a-victimas-de-desaparicion-forzada-en-barbacoas-sector-pena-de-maidel\/","url":"https:\/\/pagina10.com\/web\/acto-simbolico-a-victimas-de-desaparicion-forzada-en-barbacoas-sector-pena-de-maidel\/","name":"Acto simb\u00f3lico a v\u00edctimas de desaparici\u00f3n forzada en Barbacoas sector Pe\u00f1a de Maidel | P\u00e1gina10","isPartOf":{"@id":"https:\/\/pagina10.com\/web\/#website"},"primaryImageOfPage":{"@id":"https:\/\/pagina10.com\/web\/acto-simbolico-a-victimas-de-desaparicion-forzada-en-barbacoas-sector-pena-de-maidel\/#primaryimage"},"image":{"@id":"https:\/\/pagina10.com\/web\/acto-simbolico-a-victimas-de-desaparicion-forzada-en-barbacoas-sector-pena-de-maidel\/#primaryimage"},"thumbnailUrl":"https:\/\/pagina10.com\/web\/wp-content\/uploads\/2022\/02\/273318939_3385254858265315_8724833949428801555_n.jpg","datePublished":"2022-02-07T19:22:02+00:00","dateModified":"2022-02-08T02:01:54+00:00","breadcrumb":{"@id":"https:\/\/pagina10.com\/web\/acto-simbolico-a-victimas-de-desaparicion-forzada-en-barbacoas-sector-pena-de-maidel\/#breadcrumb"},"inLanguage":"es","potentialAction":[{"@type":"ReadAction","target":["https:\/\/pagina10.com\/web\/acto-simbolico-a-victimas-de-desaparicion-forzada-en-barbacoas-sector-pena-de-maidel\/"]}]},{"@type":"ImageObject","inLanguage":"es","@id":"https:\/\/pagina10.com\/web\/acto-simbolico-a-victimas-de-desaparicion-forzada-en-barbacoas-sector-pena-de-maidel\/#primaryimage","url":"https:\/\/pagina10.com\/web\/wp-content\/uploads\/2022\/02\/273318939_3385254858265315_8724833949428801555_n.jpg","contentUrl":"https:\/\/pagina10.com\/web\/wp-content\/uploads\/2022\/02\/273318939_3385254858265315_8724833949428801555_n.jpg","width":1600,"height":1067},{"@type":"BreadcrumbList","@id":"https:\/\/pagina10.com\/web\/acto-simbolico-a-victimas-de-desaparicion-forzada-en-barbacoas-sector-pena-de-maidel\/#breadcrumb","itemListElement":[{"@type":"ListItem","position":1,"name":"Portada","item":"https:\/\/pagina10.com\/web\/"},{"@type":"ListItem","position":2,"name":"Acto simb\u00f3lico a v\u00edctimas de desaparici\u00f3n forzada en Barbacoas sector Pe\u00f1a de Maidel"}]},{"@type":"WebSite","@id":"https:\/\/pagina10.com\/web\/#website","url":"https:\/\/pagina10.com\/web\/","name":"P\u00e1gina10","description":"Peri\u00f3dico Regional","publisher":{"@id":"https:\/\/pagina10.com\/web\/#organization"},"alternateName":"P\u00e1gina10 Peri\u00f3dico Regional","potentialAction":[{"@type":"SearchAction","target":{"@type":"EntryPoint","urlTemplate":"https:\/\/pagina10.com\/web\/?s={search_term_string}"},"query-input":{"@type":"PropertyValueSpecification","valueRequired":true,"valueName":"search_term_string"}}],"inLanguage":"es"},{"@type":"Organization","@id":"https:\/\/pagina10.com\/web\/#organization","name":"P\u00e1gina10","alternateName":"P\u00e1gina10 Peri\u00f3dico Regional","url":"https:\/\/pagina10.com\/web\/","logo":{"@type":"ImageObject","inLanguage":"es","@id":"https:\/\/pagina10.com\/web\/#\/schema\/logo\/image\/","url":"https:\/\/pagina10.com\/web\/wp-content\/uploads\/2024\/01\/40-pagina-10-periodico-regional-pasto.jpg","contentUrl":"https:\/\/pagina10.com\/web\/wp-content\/uploads\/2024\/01\/40-pagina-10-periodico-regional-pasto.jpg","width":1280,"height":720,"caption":"P\u00e1gina10"},"image":{"@id":"https:\/\/pagina10.com\/web\/#\/schema\/logo\/image\/"},"sameAs":["https:\/\/www.facebook.com\/pag10com","https:\/\/x.com\/Pag10com","https:\/\/www.instagram.com\/pagina10col\/","https:\/\/youtube.com\/channel\/pag10","https:\/\/www.tiktok.com\/@p10col"]},{"@type":"Person","@id":"https:\/\/pagina10.com\/web\/#\/schema\/person\/2efc4a090d25b667d3bc796798a3a81b","name":"P\u00e1gina 10","description":"P\u00e1gina 10 es un peri\u00f3dico regional que nace en Colombia, en el departamento de Nari\u00f1o, con un enfoque global, fundamentado en cuatro pilares esenciales: la libertad, el pluralismo, la inclusi\u00f3n y la independencia. P\u00e1gina 10 hace referencia a Nari\u00f1o como el d\u00e9cimo departamento creado en Colombia, despu\u00e9s de un proceso pol\u00edtico liderado por actores y actrices regionales con el fin de obtener la independencia y autonom\u00eda de nuestros territorios. Con la creaci\u00f3n de P\u00e1gina 10 se pretende abrir un escenario para el dialogo, la reflexi\u00f3n y el debate que se extienda a otras geograf\u00edas de Am\u00e9rica Latina y del planeta, en una apuesta por transformar colectivamente los desaf\u00edos de un mundo contempor\u00e1neo, m\u00e1s all\u00e1 de las fronteras impuestas.","url":"https:\/\/pagina10.com\/web\/author\/pdiezadmin\/"}]}},"_links":{"self":[{"href":"https:\/\/pagina10.com\/web\/wp-json\/wp\/v2\/posts\/58064","targetHints":{"allow":["GET"]}}],"collection":[{"href":"https:\/\/pagina10.com\/web\/wp-json\/wp\/v2\/posts"}],"about":[{"href":"https:\/\/pagina10.com\/web\/wp-json\/wp\/v2\/types\/post"}],"author":[{"embeddable":true,"href":"https:\/\/pagina10.com\/web\/wp-json\/wp\/v2\/users\/1"}],"replies":[{"embeddable":true,"href":"https:\/\/pagina10.com\/web\/wp-json\/wp\/v2\/comments?post=58064"}],"version-history":[{"count":2,"href":"https:\/\/pagina10.com\/web\/wp-json\/wp\/v2\/posts\/58064\/revisions"}],"predecessor-version":[{"id":58071,"href":"https:\/\/pagina10.com\/web\/wp-json\/wp\/v2\/posts\/58064\/revisions\/58071"}],"wp:featuredmedia":[{"embeddable":true,"href":"https:\/\/pagina10.com\/web\/wp-json\/wp\/v2\/media\/58065"}],"wp:attachment":[{"href":"https:\/\/pagina10.com\/web\/wp-json\/wp\/v2\/media?parent=58064"}],"wp:term":[{"taxonomy":"category","embeddable":true,"href":"https:\/\/pagina10.com\/web\/wp-json\/wp\/v2\/categories?post=58064"},{"taxonomy":"post_tag","embeddable":true,"href":"https:\/\/pagina10.com\/web\/wp-json\/wp\/v2\/tags?post=58064"}],"curies":[{"name":"wp","href":"https:\/\/api.w.org\/{rel}","templated":true}]}}