{"id":58080,"date":"2022-02-08T20:21:37","date_gmt":"2022-02-09T01:21:37","guid":{"rendered":"https:\/\/pagina10.com\/web\/?p=58080"},"modified":"2022-02-08T20:21:37","modified_gmt":"2022-02-09T01:21:37","slug":"alarma-electoral-de-la-procuraduria-por-inscripcion-inusitada-de-cedulas-en-3-municipios-de-narino","status":"publish","type":"post","link":"https:\/\/pagina10.com\/web\/alarma-electoral-de-la-procuraduria-por-inscripcion-inusitada-de-cedulas-en-3-municipios-de-narino\/","title":{"rendered":"Alarma electoral de la Procuradur\u00eda por inscripci\u00f3n inusitada de c\u00e9dulas en 3 municipios de Nari\u00f1o"},"content":{"rendered":"<ul>\n<li style=\"text-align: justify;\">La Unidad de Vigilancia de Control Electoral evidenci\u00f3 un incremento por encima del 100% en la inscripci\u00f3n de c\u00e9dulas correspondiente al actual proceso electoral para Congreso de la Rep\u00fablica, en comparaci\u00f3n con los comicios del a\u00f1o 2019.<\/li>\n<li style=\"text-align: justify;\">Siete municipios se encuentran en esta situaci\u00f3n, y otro tanto presentan un aumento por encima del 50 %.<\/li>\n<\/ul>\n<p style=\"text-align: justify;\">\u00a0La Procuradora General de la Naci\u00f3n,\u00a0Margarita Cabello Blanco, como presidenta de la\u00a0Comisi\u00f3n Nacional de Control Electoral, advirti\u00f3 sobre la\u00a0inscripci\u00f3n inusitada de c\u00e9dulas\u00a0en algunos municipios de los departamentos de Amazonas, Antioquia, Bol\u00edvar, Cauca, Guain\u00eda, Nari\u00f1o, Santander y Vichada.<\/p>\n<p style=\"text-align: justify;\">La jefe del\u00a0Ministerio P\u00fablico\u00a0alert\u00f3 sobre la situaci\u00f3n presentada, y precis\u00f3 que son las autoridades electorales las encargadas de verificar las circunstancias que se presentan en cada una de las localidades, as\u00ed como de garantizar el cumplimiento del art\u00edculo 316 de la\u00a0Constituci\u00f3n, relacionado con la actualizaci\u00f3n de la residencia electoral de los votantes.<\/p>\n<blockquote>\n<p style=\"text-align: center;\">&#8220;Si bien esta norma no tendr\u00eda plena aplicaci\u00f3n en el proceso electoral actual, en cuanto se trata de inscripciones para las elecciones al Congreso, Presidencia y Vicepresidencia de la Rep\u00fablica, las inscripciones realizadas para estos comicios podr\u00edan incidir sobre las votaciones de autoridades y corporaciones locales a realizarse en el a\u00f1o 2023\u201d, advirti\u00f3 la Procuradora General.<\/p>\n<\/blockquote>\n<p style=\"text-align: justify;\">An\u00e1lisis inscripci\u00f3n de c\u00e9dulas<\/p>\n<p style=\"text-align: justify;\">La\u00a0Unidad de Vigilancia de Control Electoral evidenci\u00f3 un incremento en la inscripci\u00f3n de c\u00e9dulas por encima del 100 % en siete municipios diferentes a las capitales de departamento y a los que integran las \u00e1reas metropolitanas, a saber: Nari\u00f1o (Nari\u00f1o) con 317 %, Cumaribo (Vichada) con 266 %, Torib\u00edo y Jambal\u00f3 (Cauca) con 186 % y 154 % respectivamente, Barrancominas (Guain\u00eda) con 160 %, Puerto Nari\u00f1o (Amazonas) con 117 % y Arenal (Bol\u00edvar) con 106 %.<\/p>\n<p style=\"text-align: justify;\">Igualmente, otros siete municipios presentaron un aumento por encima del 50 % en relaci\u00f3n con las elecciones de autoridades locales del a\u00f1o 2019. Se trata de: La Tola (Nari\u00f1o), Simit\u00ed (Bol\u00edvar), Brice\u00f1o (Antioquia), Cumbal (Nari\u00f1o), Santa Rosa del Sur (Bol\u00edvar), Concepci\u00f3n (Santander) y P\u00e1ez \u2013 Belalc\u00e1zar (Cauca).<\/p>\n<p style=\"text-align: justify;\">La\u00a0Procuradur\u00eda\u00a0tambi\u00e9n encontr\u00f3 que en 1.038 municipios la inscripci\u00f3n de c\u00e9dulas fue menor a la presentada para la contienda electoral de 2019.<\/p>\n<p style=\"text-align: justify;\">La jefe del Ministerio P\u00fablico reiter\u00f3 que la Procuradur\u00eda General de la Naci\u00f3n, en ejercicio de su\u00a0funci\u00f3n preventiva y de intervenci\u00f3n,\u00a0continuar\u00e1 ejerciendo un minucioso seguimiento al desarrollo de las diferentes actividades y etapas propias de los\u00a0procesos electorales de 2022, buscando garantizar la transparencia y la democracia en el pa\u00eds.<\/p>\n<p style=\"text-align: justify;\">\n","protected":false},"excerpt":{"rendered":"<p>La Unidad de Vigilancia de Control Electoral evidenci\u00f3 un incremento por encima del 100% en la inscripci\u00f3n de c\u00e9dulas correspondiente al actual proceso electoral para Congreso de la Rep\u00fablica, en comparaci\u00f3n con los comicios del a\u00f1o 2019. Siete municipios se encuentran en esta situaci\u00f3n, y otro tanto presentan un aumento por encima del 50 %. [&hellip;]<\/p>\n","protected":false},"author":1,"featured_media":28806,"comment_status":"open","ping_status":"open","sticky":false,"template":"","format":"standard","meta":{"footnotes":""},"categories":[53],"tags":[],"class_list":["post-58080","post","type-post","status-publish","format-standard","has-post-thumbnail","hentry","category-regiones"],"yoast_head":"<!-- This site is optimized with the Yoast SEO plugin v27.1.1 - https:\/\/yoast.com\/product\/yoast-seo-wordpress\/ -->\n<title>Alarma electoral de la Procuradur\u00eda por inscripci\u00f3n inusitada de c\u00e9dulas en 3 municipios de Nari\u00f1o | P\u00e1gina10<\/title>\n<meta name=\"robots\" content=\"index, follow, max-snippet:-1, max-image-preview:large, max-video-preview:-1\" \/>\n<link rel=\"canonical\" href=\"https:\/\/pagina10.com\/web\/alarma-electoral-de-la-procuraduria-por-inscripcion-inusitada-de-cedulas-en-3-municipios-de-narino\/\" \/>\n<meta property=\"og:locale\" content=\"es_ES\" \/>\n<meta property=\"og:type\" content=\"article\" \/>\n<meta property=\"og:title\" content=\"Alarma electoral de la Procuradur\u00eda por inscripci\u00f3n inusitada de c\u00e9dulas en 3 municipios de Nari\u00f1o | P\u00e1gina10\" \/>\n<meta property=\"og:description\" content=\"La Unidad de Vigilancia de Control Electoral evidenci\u00f3 un incremento por encima del 100% en la inscripci\u00f3n de c\u00e9dulas correspondiente al actual proceso electoral para Congreso de la Rep\u00fablica, en comparaci\u00f3n con los comicios del a\u00f1o 2019. Siete municipios se encuentran en esta situaci\u00f3n, y otro tanto presentan un aumento por encima del 50 %. [&hellip;]\" \/>\n<meta property=\"og:url\" content=\"https:\/\/pagina10.com\/web\/alarma-electoral-de-la-procuraduria-por-inscripcion-inusitada-de-cedulas-en-3-municipios-de-narino\/\" \/>\n<meta property=\"og:site_name\" content=\"P\u00e1gina10\" \/>\n<meta property=\"article:publisher\" content=\"https:\/\/www.facebook.com\/pag10com\" \/>\n<meta property=\"article:published_time\" content=\"2022-02-09T01:21:37+00:00\" \/>\n<meta property=\"og:image\" content=\"https:\/\/pagina10.com\/web\/wp-content\/uploads\/2018\/02\/procuraduria-bogota.jpg\" \/>\n\t<meta property=\"og:image:width\" content=\"770\" \/>\n\t<meta property=\"og:image:height\" content=\"450\" \/>\n\t<meta property=\"og:image:type\" content=\"image\/jpeg\" \/>\n<meta name=\"author\" content=\"P\u00e1gina 10\" \/>\n<meta name=\"twitter:card\" content=\"summary_large_image\" \/>\n<meta name=\"twitter:creator\" content=\"@Pag10com\" \/>\n<meta name=\"twitter:site\" content=\"@Pag10com\" \/>\n<meta name=\"twitter:label1\" content=\"Escrito por\" \/>\n\t<meta name=\"twitter:data1\" content=\"P\u00e1gina 10\" \/>\n\t<meta name=\"twitter:label2\" content=\"Tiempo de lectura\" \/>\n\t<meta name=\"twitter:data2\" content=\"2 minutos\" \/>\n<script type=\"application\/ld+json\" class=\"yoast-schema-graph\">{\"@context\":\"https:\/\/schema.org\",\"@graph\":[{\"@type\":\"Article\",\"@id\":\"https:\/\/pagina10.com\/web\/alarma-electoral-de-la-procuraduria-por-inscripcion-inusitada-de-cedulas-en-3-municipios-de-narino\/#article\",\"isPartOf\":{\"@id\":\"https:\/\/pagina10.com\/web\/alarma-electoral-de-la-procuraduria-por-inscripcion-inusitada-de-cedulas-en-3-municipios-de-narino\/\"},\"author\":{\"name\":\"P\u00e1gina 10\",\"@id\":\"https:\/\/pagina10.com\/web\/#\/schema\/person\/2efc4a090d25b667d3bc796798a3a81b\"},\"headline\":\"Alarma electoral de la Procuradur\u00eda por inscripci\u00f3n inusitada de c\u00e9dulas en 3 municipios de Nari\u00f1o\",\"datePublished\":\"2022-02-09T01:21:37+00:00\",\"mainEntityOfPage\":{\"@id\":\"https:\/\/pagina10.com\/web\/alarma-electoral-de-la-procuraduria-por-inscripcion-inusitada-de-cedulas-en-3-municipios-de-narino\/\"},\"wordCount\":453,\"commentCount\":0,\"publisher\":{\"@id\":\"https:\/\/pagina10.com\/web\/#organization\"},\"image\":{\"@id\":\"https:\/\/pagina10.com\/web\/alarma-electoral-de-la-procuraduria-por-inscripcion-inusitada-de-cedulas-en-3-municipios-de-narino\/#primaryimage\"},\"thumbnailUrl\":\"https:\/\/pagina10.com\/web\/wp-content\/uploads\/2018\/02\/procuraduria-bogota.jpg\",\"articleSection\":[\"Regiones\"],\"inLanguage\":\"es\",\"potentialAction\":[{\"@type\":\"CommentAction\",\"name\":\"Comment\",\"target\":[\"https:\/\/pagina10.com\/web\/alarma-electoral-de-la-procuraduria-por-inscripcion-inusitada-de-cedulas-en-3-municipios-de-narino\/#respond\"]}]},{\"@type\":\"WebPage\",\"@id\":\"https:\/\/pagina10.com\/web\/alarma-electoral-de-la-procuraduria-por-inscripcion-inusitada-de-cedulas-en-3-municipios-de-narino\/\",\"url\":\"https:\/\/pagina10.com\/web\/alarma-electoral-de-la-procuraduria-por-inscripcion-inusitada-de-cedulas-en-3-municipios-de-narino\/\",\"name\":\"Alarma electoral de la Procuradur\u00eda por inscripci\u00f3n inusitada de c\u00e9dulas en 3 municipios de Nari\u00f1o | P\u00e1gina10\",\"isPartOf\":{\"@id\":\"https:\/\/pagina10.com\/web\/#website\"},\"primaryImageOfPage\":{\"@id\":\"https:\/\/pagina10.com\/web\/alarma-electoral-de-la-procuraduria-por-inscripcion-inusitada-de-cedulas-en-3-municipios-de-narino\/#primaryimage\"},\"image\":{\"@id\":\"https:\/\/pagina10.com\/web\/alarma-electoral-de-la-procuraduria-por-inscripcion-inusitada-de-cedulas-en-3-municipios-de-narino\/#primaryimage\"},\"thumbnailUrl\":\"https:\/\/pagina10.com\/web\/wp-content\/uploads\/2018\/02\/procuraduria-bogota.jpg\",\"datePublished\":\"2022-02-09T01:21:37+00:00\",\"breadcrumb\":{\"@id\":\"https:\/\/pagina10.com\/web\/alarma-electoral-de-la-procuraduria-por-inscripcion-inusitada-de-cedulas-en-3-municipios-de-narino\/#breadcrumb\"},\"inLanguage\":\"es\",\"potentialAction\":[{\"@type\":\"ReadAction\",\"target\":[\"https:\/\/pagina10.com\/web\/alarma-electoral-de-la-procuraduria-por-inscripcion-inusitada-de-cedulas-en-3-municipios-de-narino\/\"]}]},{\"@type\":\"ImageObject\",\"inLanguage\":\"es\",\"@id\":\"https:\/\/pagina10.com\/web\/alarma-electoral-de-la-procuraduria-por-inscripcion-inusitada-de-cedulas-en-3-municipios-de-narino\/#primaryimage\",\"url\":\"https:\/\/pagina10.com\/web\/wp-content\/uploads\/2018\/02\/procuraduria-bogota.jpg\",\"contentUrl\":\"https:\/\/pagina10.com\/web\/wp-content\/uploads\/2018\/02\/procuraduria-bogota.jpg\",\"width\":770,\"height\":450},{\"@type\":\"BreadcrumbList\",\"@id\":\"https:\/\/pagina10.com\/web\/alarma-electoral-de-la-procuraduria-por-inscripcion-inusitada-de-cedulas-en-3-municipios-de-narino\/#breadcrumb\",\"itemListElement\":[{\"@type\":\"ListItem\",\"position\":1,\"name\":\"Portada\",\"item\":\"https:\/\/pagina10.com\/web\/\"},{\"@type\":\"ListItem\",\"position\":2,\"name\":\"Alarma electoral de la Procuradur\u00eda por inscripci\u00f3n inusitada de c\u00e9dulas en 3 municipios de Nari\u00f1o\"}]},{\"@type\":\"WebSite\",\"@id\":\"https:\/\/pagina10.com\/web\/#website\",\"url\":\"https:\/\/pagina10.com\/web\/\",\"name\":\"P\u00e1gina10\",\"description\":\"Peri\u00f3dico Regional\",\"publisher\":{\"@id\":\"https:\/\/pagina10.com\/web\/#organization\"},\"alternateName\":\"P\u00e1gina10 Peri\u00f3dico Regional\",\"potentialAction\":[{\"@type\":\"SearchAction\",\"target\":{\"@type\":\"EntryPoint\",\"urlTemplate\":\"https:\/\/pagina10.com\/web\/?s={search_term_string}\"},\"query-input\":{\"@type\":\"PropertyValueSpecification\",\"valueRequired\":true,\"valueName\":\"search_term_string\"}}],\"inLanguage\":\"es\"},{\"@type\":\"Organization\",\"@id\":\"https:\/\/pagina10.com\/web\/#organization\",\"name\":\"P\u00e1gina10\",\"alternateName\":\"P\u00e1gina10 Peri\u00f3dico Regional\",\"url\":\"https:\/\/pagina10.com\/web\/\",\"logo\":{\"@type\":\"ImageObject\",\"inLanguage\":\"es\",\"@id\":\"https:\/\/pagina10.com\/web\/#\/schema\/logo\/image\/\",\"url\":\"https:\/\/pagina10.com\/web\/wp-content\/uploads\/2024\/01\/40-pagina-10-periodico-regional-pasto.jpg\",\"contentUrl\":\"https:\/\/pagina10.com\/web\/wp-content\/uploads\/2024\/01\/40-pagina-10-periodico-regional-pasto.jpg\",\"width\":1280,\"height\":720,\"caption\":\"P\u00e1gina10\"},\"image\":{\"@id\":\"https:\/\/pagina10.com\/web\/#\/schema\/logo\/image\/\"},\"sameAs\":[\"https:\/\/www.facebook.com\/pag10com\",\"https:\/\/x.com\/Pag10com\",\"https:\/\/www.instagram.com\/pagina10col\/\",\"https:\/\/youtube.com\/channel\/pag10\",\"https:\/\/www.tiktok.com\/@p10col\"]},{\"@type\":\"Person\",\"@id\":\"https:\/\/pagina10.com\/web\/#\/schema\/person\/2efc4a090d25b667d3bc796798a3a81b\",\"name\":\"P\u00e1gina 10\",\"description\":\"P\u00e1gina 10 es un peri\u00f3dico regional que nace en Colombia, en el departamento de Nari\u00f1o, con un enfoque global, fundamentado en cuatro pilares esenciales: la libertad, el pluralismo, la inclusi\u00f3n y la independencia. P\u00e1gina 10 hace referencia a Nari\u00f1o como el d\u00e9cimo departamento creado en Colombia, despu\u00e9s de un proceso pol\u00edtico liderado por actores y actrices regionales con el fin de obtener la independencia y autonom\u00eda de nuestros territorios. Con la creaci\u00f3n de P\u00e1gina 10 se pretende abrir un escenario para el dialogo, la reflexi\u00f3n y el debate que se extienda a otras geograf\u00edas de Am\u00e9rica Latina y del planeta, en una apuesta por transformar colectivamente los desaf\u00edos de un mundo contempor\u00e1neo, m\u00e1s all\u00e1 de las fronteras impuestas.\",\"url\":\"https:\/\/pagina10.com\/web\/author\/pdiezadmin\/\"}]}<\/script>\n<!-- \/ Yoast SEO plugin. -->","yoast_head_json":{"title":"Alarma electoral de la Procuradur\u00eda por inscripci\u00f3n inusitada de c\u00e9dulas en 3 municipios de Nari\u00f1o | P\u00e1gina10","robots":{"index":"index","follow":"follow","max-snippet":"max-snippet:-1","max-image-preview":"max-image-preview:large","max-video-preview":"max-video-preview:-1"},"canonical":"https:\/\/pagina10.com\/web\/alarma-electoral-de-la-procuraduria-por-inscripcion-inusitada-de-cedulas-en-3-municipios-de-narino\/","og_locale":"es_ES","og_type":"article","og_title":"Alarma electoral de la Procuradur\u00eda por inscripci\u00f3n inusitada de c\u00e9dulas en 3 municipios de Nari\u00f1o | P\u00e1gina10","og_description":"La Unidad de Vigilancia de Control Electoral evidenci\u00f3 un incremento por encima del 100% en la inscripci\u00f3n de c\u00e9dulas correspondiente al actual proceso electoral para Congreso de la Rep\u00fablica, en comparaci\u00f3n con los comicios del a\u00f1o 2019. Siete municipios se encuentran en esta situaci\u00f3n, y otro tanto presentan un aumento por encima del 50 %. [&hellip;]","og_url":"https:\/\/pagina10.com\/web\/alarma-electoral-de-la-procuraduria-por-inscripcion-inusitada-de-cedulas-en-3-municipios-de-narino\/","og_site_name":"P\u00e1gina10","article_publisher":"https:\/\/www.facebook.com\/pag10com","article_published_time":"2022-02-09T01:21:37+00:00","og_image":[{"width":770,"height":450,"url":"https:\/\/pagina10.com\/web\/wp-content\/uploads\/2018\/02\/procuraduria-bogota.jpg","type":"image\/jpeg"}],"author":"P\u00e1gina 10","twitter_card":"summary_large_image","twitter_creator":"@Pag10com","twitter_site":"@Pag10com","twitter_misc":{"Escrito por":"P\u00e1gina 10","Tiempo de lectura":"2 minutos"},"schema":{"@context":"https:\/\/schema.org","@graph":[{"@type":"Article","@id":"https:\/\/pagina10.com\/web\/alarma-electoral-de-la-procuraduria-por-inscripcion-inusitada-de-cedulas-en-3-municipios-de-narino\/#article","isPartOf":{"@id":"https:\/\/pagina10.com\/web\/alarma-electoral-de-la-procuraduria-por-inscripcion-inusitada-de-cedulas-en-3-municipios-de-narino\/"},"author":{"name":"P\u00e1gina 10","@id":"https:\/\/pagina10.com\/web\/#\/schema\/person\/2efc4a090d25b667d3bc796798a3a81b"},"headline":"Alarma electoral de la Procuradur\u00eda por inscripci\u00f3n inusitada de c\u00e9dulas en 3 municipios de Nari\u00f1o","datePublished":"2022-02-09T01:21:37+00:00","mainEntityOfPage":{"@id":"https:\/\/pagina10.com\/web\/alarma-electoral-de-la-procuraduria-por-inscripcion-inusitada-de-cedulas-en-3-municipios-de-narino\/"},"wordCount":453,"commentCount":0,"publisher":{"@id":"https:\/\/pagina10.com\/web\/#organization"},"image":{"@id":"https:\/\/pagina10.com\/web\/alarma-electoral-de-la-procuraduria-por-inscripcion-inusitada-de-cedulas-en-3-municipios-de-narino\/#primaryimage"},"thumbnailUrl":"https:\/\/pagina10.com\/web\/wp-content\/uploads\/2018\/02\/procuraduria-bogota.jpg","articleSection":["Regiones"],"inLanguage":"es","potentialAction":[{"@type":"CommentAction","name":"Comment","target":["https:\/\/pagina10.com\/web\/alarma-electoral-de-la-procuraduria-por-inscripcion-inusitada-de-cedulas-en-3-municipios-de-narino\/#respond"]}]},{"@type":"WebPage","@id":"https:\/\/pagina10.com\/web\/alarma-electoral-de-la-procuraduria-por-inscripcion-inusitada-de-cedulas-en-3-municipios-de-narino\/","url":"https:\/\/pagina10.com\/web\/alarma-electoral-de-la-procuraduria-por-inscripcion-inusitada-de-cedulas-en-3-municipios-de-narino\/","name":"Alarma electoral de la Procuradur\u00eda por inscripci\u00f3n inusitada de c\u00e9dulas en 3 municipios de Nari\u00f1o | P\u00e1gina10","isPartOf":{"@id":"https:\/\/pagina10.com\/web\/#website"},"primaryImageOfPage":{"@id":"https:\/\/pagina10.com\/web\/alarma-electoral-de-la-procuraduria-por-inscripcion-inusitada-de-cedulas-en-3-municipios-de-narino\/#primaryimage"},"image":{"@id":"https:\/\/pagina10.com\/web\/alarma-electoral-de-la-procuraduria-por-inscripcion-inusitada-de-cedulas-en-3-municipios-de-narino\/#primaryimage"},"thumbnailUrl":"https:\/\/pagina10.com\/web\/wp-content\/uploads\/2018\/02\/procuraduria-bogota.jpg","datePublished":"2022-02-09T01:21:37+00:00","breadcrumb":{"@id":"https:\/\/pagina10.com\/web\/alarma-electoral-de-la-procuraduria-por-inscripcion-inusitada-de-cedulas-en-3-municipios-de-narino\/#breadcrumb"},"inLanguage":"es","potentialAction":[{"@type":"ReadAction","target":["https:\/\/pagina10.com\/web\/alarma-electoral-de-la-procuraduria-por-inscripcion-inusitada-de-cedulas-en-3-municipios-de-narino\/"]}]},{"@type":"ImageObject","inLanguage":"es","@id":"https:\/\/pagina10.com\/web\/alarma-electoral-de-la-procuraduria-por-inscripcion-inusitada-de-cedulas-en-3-municipios-de-narino\/#primaryimage","url":"https:\/\/pagina10.com\/web\/wp-content\/uploads\/2018\/02\/procuraduria-bogota.jpg","contentUrl":"https:\/\/pagina10.com\/web\/wp-content\/uploads\/2018\/02\/procuraduria-bogota.jpg","width":770,"height":450},{"@type":"BreadcrumbList","@id":"https:\/\/pagina10.com\/web\/alarma-electoral-de-la-procuraduria-por-inscripcion-inusitada-de-cedulas-en-3-municipios-de-narino\/#breadcrumb","itemListElement":[{"@type":"ListItem","position":1,"name":"Portada","item":"https:\/\/pagina10.com\/web\/"},{"@type":"ListItem","position":2,"name":"Alarma electoral de la Procuradur\u00eda por inscripci\u00f3n inusitada de c\u00e9dulas en 3 municipios de Nari\u00f1o"}]},{"@type":"WebSite","@id":"https:\/\/pagina10.com\/web\/#website","url":"https:\/\/pagina10.com\/web\/","name":"P\u00e1gina10","description":"Peri\u00f3dico Regional","publisher":{"@id":"https:\/\/pagina10.com\/web\/#organization"},"alternateName":"P\u00e1gina10 Peri\u00f3dico Regional","potentialAction":[{"@type":"SearchAction","target":{"@type":"EntryPoint","urlTemplate":"https:\/\/pagina10.com\/web\/?s={search_term_string}"},"query-input":{"@type":"PropertyValueSpecification","valueRequired":true,"valueName":"search_term_string"}}],"inLanguage":"es"},{"@type":"Organization","@id":"https:\/\/pagina10.com\/web\/#organization","name":"P\u00e1gina10","alternateName":"P\u00e1gina10 Peri\u00f3dico Regional","url":"https:\/\/pagina10.com\/web\/","logo":{"@type":"ImageObject","inLanguage":"es","@id":"https:\/\/pagina10.com\/web\/#\/schema\/logo\/image\/","url":"https:\/\/pagina10.com\/web\/wp-content\/uploads\/2024\/01\/40-pagina-10-periodico-regional-pasto.jpg","contentUrl":"https:\/\/pagina10.com\/web\/wp-content\/uploads\/2024\/01\/40-pagina-10-periodico-regional-pasto.jpg","width":1280,"height":720,"caption":"P\u00e1gina10"},"image":{"@id":"https:\/\/pagina10.com\/web\/#\/schema\/logo\/image\/"},"sameAs":["https:\/\/www.facebook.com\/pag10com","https:\/\/x.com\/Pag10com","https:\/\/www.instagram.com\/pagina10col\/","https:\/\/youtube.com\/channel\/pag10","https:\/\/www.tiktok.com\/@p10col"]},{"@type":"Person","@id":"https:\/\/pagina10.com\/web\/#\/schema\/person\/2efc4a090d25b667d3bc796798a3a81b","name":"P\u00e1gina 10","description":"P\u00e1gina 10 es un peri\u00f3dico regional que nace en Colombia, en el departamento de Nari\u00f1o, con un enfoque global, fundamentado en cuatro pilares esenciales: la libertad, el pluralismo, la inclusi\u00f3n y la independencia. P\u00e1gina 10 hace referencia a Nari\u00f1o como el d\u00e9cimo departamento creado en Colombia, despu\u00e9s de un proceso pol\u00edtico liderado por actores y actrices regionales con el fin de obtener la independencia y autonom\u00eda de nuestros territorios. Con la creaci\u00f3n de P\u00e1gina 10 se pretende abrir un escenario para el dialogo, la reflexi\u00f3n y el debate que se extienda a otras geograf\u00edas de Am\u00e9rica Latina y del planeta, en una apuesta por transformar colectivamente los desaf\u00edos de un mundo contempor\u00e1neo, m\u00e1s all\u00e1 de las fronteras impuestas.","url":"https:\/\/pagina10.com\/web\/author\/pdiezadmin\/"}]}},"_links":{"self":[{"href":"https:\/\/pagina10.com\/web\/wp-json\/wp\/v2\/posts\/58080","targetHints":{"allow":["GET"]}}],"collection":[{"href":"https:\/\/pagina10.com\/web\/wp-json\/wp\/v2\/posts"}],"about":[{"href":"https:\/\/pagina10.com\/web\/wp-json\/wp\/v2\/types\/post"}],"author":[{"embeddable":true,"href":"https:\/\/pagina10.com\/web\/wp-json\/wp\/v2\/users\/1"}],"replies":[{"embeddable":true,"href":"https:\/\/pagina10.com\/web\/wp-json\/wp\/v2\/comments?post=58080"}],"version-history":[{"count":1,"href":"https:\/\/pagina10.com\/web\/wp-json\/wp\/v2\/posts\/58080\/revisions"}],"predecessor-version":[{"id":58081,"href":"https:\/\/pagina10.com\/web\/wp-json\/wp\/v2\/posts\/58080\/revisions\/58081"}],"wp:featuredmedia":[{"embeddable":true,"href":"https:\/\/pagina10.com\/web\/wp-json\/wp\/v2\/media\/28806"}],"wp:attachment":[{"href":"https:\/\/pagina10.com\/web\/wp-json\/wp\/v2\/media?parent=58080"}],"wp:term":[{"taxonomy":"category","embeddable":true,"href":"https:\/\/pagina10.com\/web\/wp-json\/wp\/v2\/categories?post=58080"},{"taxonomy":"post_tag","embeddable":true,"href":"https:\/\/pagina10.com\/web\/wp-json\/wp\/v2\/tags?post=58080"}],"curies":[{"name":"wp","href":"https:\/\/api.w.org\/{rel}","templated":true}]}}