{"id":58113,"date":"2022-02-10T22:21:10","date_gmt":"2022-02-11T03:21:10","guid":{"rendered":"https:\/\/pagina10.com\/web\/?p=58113"},"modified":"2022-02-10T22:21:10","modified_gmt":"2022-02-11T03:21:10","slug":"invias-y-gobernacion-de-narino-iniciaran-pavimentacion-de-vias-en-la-zona-de-cordillera","status":"publish","type":"post","link":"https:\/\/pagina10.com\/web\/invias-y-gobernacion-de-narino-iniciaran-pavimentacion-de-vias-en-la-zona-de-cordillera\/","title":{"rendered":"Invias y Gobernaci\u00f3n de Nari\u00f1o iniciar\u00e1n pavimentaci\u00f3n de v\u00edas en la zona de cordillera"},"content":{"rendered":"<div style=\"text-align: justify;\">Como parte de los acuerdos y compromisos con la zona de cordillera pactados en las mesas de concertaci\u00f3n con las comunidades, se encuentran listos para ejecuci\u00f3n proyectos de pavimentaci\u00f3n y mejoramiento en v\u00edas terciarias de la zona de cordillera; as\u00ed mismo, la realizaci\u00f3n de estudios y dise\u00f1os para obras en esta zona de Nari\u00f1o. En total se invertir\u00e1n $6.000 millones en las obras que benefician a comunidades rurales.<\/div>\n<div style=\"text-align: justify;\">As\u00ed lo ratific\u00f3 el Director de la Red Terciaria del Instituto Nacional de V\u00edas \u2013 Invias, Ricardo Corredor, quien en reuni\u00f3n con el Gobernador de Nari\u00f1o, Jhon Rojas y alcaldes de la zona de cordillera de Nari\u00f1o, revis\u00f3 el estado de los proyectos que se ejecutar\u00e1n en los pr\u00f3ximos d\u00edas, para los cuales se encuentran listos los recursos aportados tanto por el Invias, como por la Gobernaci\u00f3n de Nari\u00f1o y las alcald\u00edas. El funcionario destac\u00f3 el trabajo articulado con la Gobernaci\u00f3n de Nari\u00f1o a trav\u00e9s de la Subsecretar\u00eda de Infraestructura y Minas.<\/div>\n<div style=\"text-align: justify;\">Las v\u00edas que ser\u00e1n pavimentadas son Remolino &#8211; Policarpa hacia Puente R\u00edo Pat\u00eda, un tramo de 1.5 km; y de Policarpa hacia remolino, 1 km aproximadamente. Adem\u00e1s, de la ejecuci\u00f3n de obras complementarias, como la construcci\u00f3n de muros de contenci\u00f3n para el desarrollo de los proyectos viales en el municipio de Taminango.<\/div>\n<div style=\"text-align: justify;\">Tambi\u00e9n, se estructurar\u00e1n los estudios y dise\u00f1os para 46 km de v\u00edas terciarias en la zona de cordillera, en los municipios de Remolino, Cumbitara, Policarpa y el Rosario.<\/div>\n<div style=\"text-align: justify;\">Las v\u00edas en las que se trabajar\u00e1 en la formulaci\u00f3n de estudios y dise\u00f1os son:<\/div>\n<div style=\"text-align: justify;\">\u2022 Mejoramiento tramo Remolino \u2013 Policarpa -16 kil\u00f3metros<\/div>\n<div style=\"text-align: justify;\">\u2022 Mejoramiento tramo Pizanda \u2013 Cumbitara -12 kil\u00f3metros<\/div>\n<div style=\"text-align: justify;\">\u2022 Mejoramiento tramo Pizanda \u2013 Loma de arroz -12 kil\u00f3metros<\/div>\n<div style=\"text-align: justify;\">\u2022 Mejoramiento tramo Remolino \u2013 El Rosario -6 kil\u00f3metros<\/div>\n","protected":false},"excerpt":{"rendered":"<p>Como parte de los acuerdos y compromisos con la zona de cordillera pactados en las mesas de concertaci\u00f3n con las comunidades, se encuentran listos para ejecuci\u00f3n proyectos de pavimentaci\u00f3n y mejoramiento en v\u00edas terciarias de la zona de cordillera; as\u00ed mismo, la realizaci\u00f3n de estudios y dise\u00f1os para obras en esta zona de Nari\u00f1o. En [&hellip;]<\/p>\n","protected":false},"author":1,"featured_media":12648,"comment_status":"open","ping_status":"open","sticky":false,"template":"","format":"standard","meta":{"footnotes":""},"categories":[53],"tags":[],"class_list":["post-58113","post","type-post","status-publish","format-standard","has-post-thumbnail","hentry","category-regiones"],"yoast_head":"<!-- This site is optimized with the Yoast SEO plugin v27.1.1 - https:\/\/yoast.com\/product\/yoast-seo-wordpress\/ -->\n<title>Invias y Gobernaci\u00f3n de Nari\u00f1o iniciar\u00e1n pavimentaci\u00f3n de v\u00edas en la zona de cordillera | P\u00e1gina10<\/title>\n<meta name=\"robots\" content=\"index, follow, max-snippet:-1, max-image-preview:large, max-video-preview:-1\" \/>\n<link rel=\"canonical\" href=\"https:\/\/pagina10.com\/web\/invias-y-gobernacion-de-narino-iniciaran-pavimentacion-de-vias-en-la-zona-de-cordillera\/\" \/>\n<meta property=\"og:locale\" content=\"es_ES\" \/>\n<meta property=\"og:type\" content=\"article\" \/>\n<meta property=\"og:title\" content=\"Invias y Gobernaci\u00f3n de Nari\u00f1o iniciar\u00e1n pavimentaci\u00f3n de v\u00edas en la zona de cordillera | P\u00e1gina10\" \/>\n<meta property=\"og:description\" content=\"Como parte de los acuerdos y compromisos con la zona de cordillera pactados en las mesas de concertaci\u00f3n con las comunidades, se encuentran listos para ejecuci\u00f3n proyectos de pavimentaci\u00f3n y mejoramiento en v\u00edas terciarias de la zona de cordillera; as\u00ed mismo, la realizaci\u00f3n de estudios y dise\u00f1os para obras en esta zona de Nari\u00f1o. En [&hellip;]\" \/>\n<meta property=\"og:url\" content=\"https:\/\/pagina10.com\/web\/invias-y-gobernacion-de-narino-iniciaran-pavimentacion-de-vias-en-la-zona-de-cordillera\/\" \/>\n<meta property=\"og:site_name\" content=\"P\u00e1gina10\" \/>\n<meta property=\"article:publisher\" content=\"https:\/\/www.facebook.com\/pag10com\" \/>\n<meta property=\"article:published_time\" content=\"2022-02-11T03:21:10+00:00\" \/>\n<meta property=\"og:image\" content=\"https:\/\/pagina10.com\/web\/wp-content\/uploads\/2017\/05\/policarpa-narino-colombia-083010.jpg\" \/>\n\t<meta property=\"og:image:width\" content=\"718\" \/>\n\t<meta property=\"og:image:height\" content=\"396\" \/>\n\t<meta property=\"og:image:type\" content=\"image\/jpeg\" \/>\n<meta name=\"author\" content=\"P\u00e1gina 10\" \/>\n<meta name=\"twitter:card\" content=\"summary_large_image\" \/>\n<meta name=\"twitter:creator\" content=\"@Pag10com\" \/>\n<meta name=\"twitter:site\" content=\"@Pag10com\" \/>\n<meta name=\"twitter:label1\" content=\"Escrito por\" \/>\n\t<meta name=\"twitter:data1\" content=\"P\u00e1gina 10\" \/>\n\t<meta name=\"twitter:label2\" content=\"Tiempo de lectura\" \/>\n\t<meta name=\"twitter:data2\" content=\"2 minutos\" \/>\n<script type=\"application\/ld+json\" class=\"yoast-schema-graph\">{\"@context\":\"https:\/\/schema.org\",\"@graph\":[{\"@type\":\"Article\",\"@id\":\"https:\/\/pagina10.com\/web\/invias-y-gobernacion-de-narino-iniciaran-pavimentacion-de-vias-en-la-zona-de-cordillera\/#article\",\"isPartOf\":{\"@id\":\"https:\/\/pagina10.com\/web\/invias-y-gobernacion-de-narino-iniciaran-pavimentacion-de-vias-en-la-zona-de-cordillera\/\"},\"author\":{\"name\":\"P\u00e1gina 10\",\"@id\":\"https:\/\/pagina10.com\/web\/#\/schema\/person\/2efc4a090d25b667d3bc796798a3a81b\"},\"headline\":\"Invias y Gobernaci\u00f3n de Nari\u00f1o iniciar\u00e1n pavimentaci\u00f3n de v\u00edas en la zona de cordillera\",\"datePublished\":\"2022-02-11T03:21:10+00:00\",\"mainEntityOfPage\":{\"@id\":\"https:\/\/pagina10.com\/web\/invias-y-gobernacion-de-narino-iniciaran-pavimentacion-de-vias-en-la-zona-de-cordillera\/\"},\"wordCount\":337,\"commentCount\":0,\"publisher\":{\"@id\":\"https:\/\/pagina10.com\/web\/#organization\"},\"image\":{\"@id\":\"https:\/\/pagina10.com\/web\/invias-y-gobernacion-de-narino-iniciaran-pavimentacion-de-vias-en-la-zona-de-cordillera\/#primaryimage\"},\"thumbnailUrl\":\"https:\/\/pagina10.com\/web\/wp-content\/uploads\/2017\/05\/policarpa-narino-colombia-083010.jpg\",\"articleSection\":[\"Regiones\"],\"inLanguage\":\"es\",\"potentialAction\":[{\"@type\":\"CommentAction\",\"name\":\"Comment\",\"target\":[\"https:\/\/pagina10.com\/web\/invias-y-gobernacion-de-narino-iniciaran-pavimentacion-de-vias-en-la-zona-de-cordillera\/#respond\"]}]},{\"@type\":\"WebPage\",\"@id\":\"https:\/\/pagina10.com\/web\/invias-y-gobernacion-de-narino-iniciaran-pavimentacion-de-vias-en-la-zona-de-cordillera\/\",\"url\":\"https:\/\/pagina10.com\/web\/invias-y-gobernacion-de-narino-iniciaran-pavimentacion-de-vias-en-la-zona-de-cordillera\/\",\"name\":\"Invias y Gobernaci\u00f3n de Nari\u00f1o iniciar\u00e1n pavimentaci\u00f3n de v\u00edas en la zona de cordillera | P\u00e1gina10\",\"isPartOf\":{\"@id\":\"https:\/\/pagina10.com\/web\/#website\"},\"primaryImageOfPage\":{\"@id\":\"https:\/\/pagina10.com\/web\/invias-y-gobernacion-de-narino-iniciaran-pavimentacion-de-vias-en-la-zona-de-cordillera\/#primaryimage\"},\"image\":{\"@id\":\"https:\/\/pagina10.com\/web\/invias-y-gobernacion-de-narino-iniciaran-pavimentacion-de-vias-en-la-zona-de-cordillera\/#primaryimage\"},\"thumbnailUrl\":\"https:\/\/pagina10.com\/web\/wp-content\/uploads\/2017\/05\/policarpa-narino-colombia-083010.jpg\",\"datePublished\":\"2022-02-11T03:21:10+00:00\",\"breadcrumb\":{\"@id\":\"https:\/\/pagina10.com\/web\/invias-y-gobernacion-de-narino-iniciaran-pavimentacion-de-vias-en-la-zona-de-cordillera\/#breadcrumb\"},\"inLanguage\":\"es\",\"potentialAction\":[{\"@type\":\"ReadAction\",\"target\":[\"https:\/\/pagina10.com\/web\/invias-y-gobernacion-de-narino-iniciaran-pavimentacion-de-vias-en-la-zona-de-cordillera\/\"]}]},{\"@type\":\"ImageObject\",\"inLanguage\":\"es\",\"@id\":\"https:\/\/pagina10.com\/web\/invias-y-gobernacion-de-narino-iniciaran-pavimentacion-de-vias-en-la-zona-de-cordillera\/#primaryimage\",\"url\":\"https:\/\/pagina10.com\/web\/wp-content\/uploads\/2017\/05\/policarpa-narino-colombia-083010.jpg\",\"contentUrl\":\"https:\/\/pagina10.com\/web\/wp-content\/uploads\/2017\/05\/policarpa-narino-colombia-083010.jpg\",\"width\":718,\"height\":396},{\"@type\":\"BreadcrumbList\",\"@id\":\"https:\/\/pagina10.com\/web\/invias-y-gobernacion-de-narino-iniciaran-pavimentacion-de-vias-en-la-zona-de-cordillera\/#breadcrumb\",\"itemListElement\":[{\"@type\":\"ListItem\",\"position\":1,\"name\":\"Portada\",\"item\":\"https:\/\/pagina10.com\/web\/\"},{\"@type\":\"ListItem\",\"position\":2,\"name\":\"Invias y Gobernaci\u00f3n de Nari\u00f1o iniciar\u00e1n pavimentaci\u00f3n de v\u00edas en la zona de cordillera\"}]},{\"@type\":\"WebSite\",\"@id\":\"https:\/\/pagina10.com\/web\/#website\",\"url\":\"https:\/\/pagina10.com\/web\/\",\"name\":\"P\u00e1gina10\",\"description\":\"Peri\u00f3dico Regional\",\"publisher\":{\"@id\":\"https:\/\/pagina10.com\/web\/#organization\"},\"alternateName\":\"P\u00e1gina10 Peri\u00f3dico Regional\",\"potentialAction\":[{\"@type\":\"SearchAction\",\"target\":{\"@type\":\"EntryPoint\",\"urlTemplate\":\"https:\/\/pagina10.com\/web\/?s={search_term_string}\"},\"query-input\":{\"@type\":\"PropertyValueSpecification\",\"valueRequired\":true,\"valueName\":\"search_term_string\"}}],\"inLanguage\":\"es\"},{\"@type\":\"Organization\",\"@id\":\"https:\/\/pagina10.com\/web\/#organization\",\"name\":\"P\u00e1gina10\",\"alternateName\":\"P\u00e1gina10 Peri\u00f3dico Regional\",\"url\":\"https:\/\/pagina10.com\/web\/\",\"logo\":{\"@type\":\"ImageObject\",\"inLanguage\":\"es\",\"@id\":\"https:\/\/pagina10.com\/web\/#\/schema\/logo\/image\/\",\"url\":\"https:\/\/pagina10.com\/web\/wp-content\/uploads\/2024\/01\/40-pagina-10-periodico-regional-pasto.jpg\",\"contentUrl\":\"https:\/\/pagina10.com\/web\/wp-content\/uploads\/2024\/01\/40-pagina-10-periodico-regional-pasto.jpg\",\"width\":1280,\"height\":720,\"caption\":\"P\u00e1gina10\"},\"image\":{\"@id\":\"https:\/\/pagina10.com\/web\/#\/schema\/logo\/image\/\"},\"sameAs\":[\"https:\/\/www.facebook.com\/pag10com\",\"https:\/\/x.com\/Pag10com\",\"https:\/\/www.instagram.com\/pagina10col\/\",\"https:\/\/youtube.com\/channel\/pag10\",\"https:\/\/www.tiktok.com\/@p10col\"]},{\"@type\":\"Person\",\"@id\":\"https:\/\/pagina10.com\/web\/#\/schema\/person\/2efc4a090d25b667d3bc796798a3a81b\",\"name\":\"P\u00e1gina 10\",\"description\":\"P\u00e1gina 10 es un peri\u00f3dico regional que nace en Colombia, en el departamento de Nari\u00f1o, con un enfoque global, fundamentado en cuatro pilares esenciales: la libertad, el pluralismo, la inclusi\u00f3n y la independencia. P\u00e1gina 10 hace referencia a Nari\u00f1o como el d\u00e9cimo departamento creado en Colombia, despu\u00e9s de un proceso pol\u00edtico liderado por actores y actrices regionales con el fin de obtener la independencia y autonom\u00eda de nuestros territorios. Con la creaci\u00f3n de P\u00e1gina 10 se pretende abrir un escenario para el dialogo, la reflexi\u00f3n y el debate que se extienda a otras geograf\u00edas de Am\u00e9rica Latina y del planeta, en una apuesta por transformar colectivamente los desaf\u00edos de un mundo contempor\u00e1neo, m\u00e1s all\u00e1 de las fronteras impuestas.\",\"url\":\"https:\/\/pagina10.com\/web\/author\/pdiezadmin\/\"}]}<\/script>\n<!-- \/ Yoast SEO plugin. -->","yoast_head_json":{"title":"Invias y Gobernaci\u00f3n de Nari\u00f1o iniciar\u00e1n pavimentaci\u00f3n de v\u00edas en la zona de cordillera | P\u00e1gina10","robots":{"index":"index","follow":"follow","max-snippet":"max-snippet:-1","max-image-preview":"max-image-preview:large","max-video-preview":"max-video-preview:-1"},"canonical":"https:\/\/pagina10.com\/web\/invias-y-gobernacion-de-narino-iniciaran-pavimentacion-de-vias-en-la-zona-de-cordillera\/","og_locale":"es_ES","og_type":"article","og_title":"Invias y Gobernaci\u00f3n de Nari\u00f1o iniciar\u00e1n pavimentaci\u00f3n de v\u00edas en la zona de cordillera | P\u00e1gina10","og_description":"Como parte de los acuerdos y compromisos con la zona de cordillera pactados en las mesas de concertaci\u00f3n con las comunidades, se encuentran listos para ejecuci\u00f3n proyectos de pavimentaci\u00f3n y mejoramiento en v\u00edas terciarias de la zona de cordillera; as\u00ed mismo, la realizaci\u00f3n de estudios y dise\u00f1os para obras en esta zona de Nari\u00f1o. En [&hellip;]","og_url":"https:\/\/pagina10.com\/web\/invias-y-gobernacion-de-narino-iniciaran-pavimentacion-de-vias-en-la-zona-de-cordillera\/","og_site_name":"P\u00e1gina10","article_publisher":"https:\/\/www.facebook.com\/pag10com","article_published_time":"2022-02-11T03:21:10+00:00","og_image":[{"width":718,"height":396,"url":"https:\/\/pagina10.com\/web\/wp-content\/uploads\/2017\/05\/policarpa-narino-colombia-083010.jpg","type":"image\/jpeg"}],"author":"P\u00e1gina 10","twitter_card":"summary_large_image","twitter_creator":"@Pag10com","twitter_site":"@Pag10com","twitter_misc":{"Escrito por":"P\u00e1gina 10","Tiempo de lectura":"2 minutos"},"schema":{"@context":"https:\/\/schema.org","@graph":[{"@type":"Article","@id":"https:\/\/pagina10.com\/web\/invias-y-gobernacion-de-narino-iniciaran-pavimentacion-de-vias-en-la-zona-de-cordillera\/#article","isPartOf":{"@id":"https:\/\/pagina10.com\/web\/invias-y-gobernacion-de-narino-iniciaran-pavimentacion-de-vias-en-la-zona-de-cordillera\/"},"author":{"name":"P\u00e1gina 10","@id":"https:\/\/pagina10.com\/web\/#\/schema\/person\/2efc4a090d25b667d3bc796798a3a81b"},"headline":"Invias y Gobernaci\u00f3n de Nari\u00f1o iniciar\u00e1n pavimentaci\u00f3n de v\u00edas en la zona de cordillera","datePublished":"2022-02-11T03:21:10+00:00","mainEntityOfPage":{"@id":"https:\/\/pagina10.com\/web\/invias-y-gobernacion-de-narino-iniciaran-pavimentacion-de-vias-en-la-zona-de-cordillera\/"},"wordCount":337,"commentCount":0,"publisher":{"@id":"https:\/\/pagina10.com\/web\/#organization"},"image":{"@id":"https:\/\/pagina10.com\/web\/invias-y-gobernacion-de-narino-iniciaran-pavimentacion-de-vias-en-la-zona-de-cordillera\/#primaryimage"},"thumbnailUrl":"https:\/\/pagina10.com\/web\/wp-content\/uploads\/2017\/05\/policarpa-narino-colombia-083010.jpg","articleSection":["Regiones"],"inLanguage":"es","potentialAction":[{"@type":"CommentAction","name":"Comment","target":["https:\/\/pagina10.com\/web\/invias-y-gobernacion-de-narino-iniciaran-pavimentacion-de-vias-en-la-zona-de-cordillera\/#respond"]}]},{"@type":"WebPage","@id":"https:\/\/pagina10.com\/web\/invias-y-gobernacion-de-narino-iniciaran-pavimentacion-de-vias-en-la-zona-de-cordillera\/","url":"https:\/\/pagina10.com\/web\/invias-y-gobernacion-de-narino-iniciaran-pavimentacion-de-vias-en-la-zona-de-cordillera\/","name":"Invias y Gobernaci\u00f3n de Nari\u00f1o iniciar\u00e1n pavimentaci\u00f3n de v\u00edas en la zona de cordillera | P\u00e1gina10","isPartOf":{"@id":"https:\/\/pagina10.com\/web\/#website"},"primaryImageOfPage":{"@id":"https:\/\/pagina10.com\/web\/invias-y-gobernacion-de-narino-iniciaran-pavimentacion-de-vias-en-la-zona-de-cordillera\/#primaryimage"},"image":{"@id":"https:\/\/pagina10.com\/web\/invias-y-gobernacion-de-narino-iniciaran-pavimentacion-de-vias-en-la-zona-de-cordillera\/#primaryimage"},"thumbnailUrl":"https:\/\/pagina10.com\/web\/wp-content\/uploads\/2017\/05\/policarpa-narino-colombia-083010.jpg","datePublished":"2022-02-11T03:21:10+00:00","breadcrumb":{"@id":"https:\/\/pagina10.com\/web\/invias-y-gobernacion-de-narino-iniciaran-pavimentacion-de-vias-en-la-zona-de-cordillera\/#breadcrumb"},"inLanguage":"es","potentialAction":[{"@type":"ReadAction","target":["https:\/\/pagina10.com\/web\/invias-y-gobernacion-de-narino-iniciaran-pavimentacion-de-vias-en-la-zona-de-cordillera\/"]}]},{"@type":"ImageObject","inLanguage":"es","@id":"https:\/\/pagina10.com\/web\/invias-y-gobernacion-de-narino-iniciaran-pavimentacion-de-vias-en-la-zona-de-cordillera\/#primaryimage","url":"https:\/\/pagina10.com\/web\/wp-content\/uploads\/2017\/05\/policarpa-narino-colombia-083010.jpg","contentUrl":"https:\/\/pagina10.com\/web\/wp-content\/uploads\/2017\/05\/policarpa-narino-colombia-083010.jpg","width":718,"height":396},{"@type":"BreadcrumbList","@id":"https:\/\/pagina10.com\/web\/invias-y-gobernacion-de-narino-iniciaran-pavimentacion-de-vias-en-la-zona-de-cordillera\/#breadcrumb","itemListElement":[{"@type":"ListItem","position":1,"name":"Portada","item":"https:\/\/pagina10.com\/web\/"},{"@type":"ListItem","position":2,"name":"Invias y Gobernaci\u00f3n de Nari\u00f1o iniciar\u00e1n pavimentaci\u00f3n de v\u00edas en la zona de cordillera"}]},{"@type":"WebSite","@id":"https:\/\/pagina10.com\/web\/#website","url":"https:\/\/pagina10.com\/web\/","name":"P\u00e1gina10","description":"Peri\u00f3dico Regional","publisher":{"@id":"https:\/\/pagina10.com\/web\/#organization"},"alternateName":"P\u00e1gina10 Peri\u00f3dico Regional","potentialAction":[{"@type":"SearchAction","target":{"@type":"EntryPoint","urlTemplate":"https:\/\/pagina10.com\/web\/?s={search_term_string}"},"query-input":{"@type":"PropertyValueSpecification","valueRequired":true,"valueName":"search_term_string"}}],"inLanguage":"es"},{"@type":"Organization","@id":"https:\/\/pagina10.com\/web\/#organization","name":"P\u00e1gina10","alternateName":"P\u00e1gina10 Peri\u00f3dico Regional","url":"https:\/\/pagina10.com\/web\/","logo":{"@type":"ImageObject","inLanguage":"es","@id":"https:\/\/pagina10.com\/web\/#\/schema\/logo\/image\/","url":"https:\/\/pagina10.com\/web\/wp-content\/uploads\/2024\/01\/40-pagina-10-periodico-regional-pasto.jpg","contentUrl":"https:\/\/pagina10.com\/web\/wp-content\/uploads\/2024\/01\/40-pagina-10-periodico-regional-pasto.jpg","width":1280,"height":720,"caption":"P\u00e1gina10"},"image":{"@id":"https:\/\/pagina10.com\/web\/#\/schema\/logo\/image\/"},"sameAs":["https:\/\/www.facebook.com\/pag10com","https:\/\/x.com\/Pag10com","https:\/\/www.instagram.com\/pagina10col\/","https:\/\/youtube.com\/channel\/pag10","https:\/\/www.tiktok.com\/@p10col"]},{"@type":"Person","@id":"https:\/\/pagina10.com\/web\/#\/schema\/person\/2efc4a090d25b667d3bc796798a3a81b","name":"P\u00e1gina 10","description":"P\u00e1gina 10 es un peri\u00f3dico regional que nace en Colombia, en el departamento de Nari\u00f1o, con un enfoque global, fundamentado en cuatro pilares esenciales: la libertad, el pluralismo, la inclusi\u00f3n y la independencia. P\u00e1gina 10 hace referencia a Nari\u00f1o como el d\u00e9cimo departamento creado en Colombia, despu\u00e9s de un proceso pol\u00edtico liderado por actores y actrices regionales con el fin de obtener la independencia y autonom\u00eda de nuestros territorios. Con la creaci\u00f3n de P\u00e1gina 10 se pretende abrir un escenario para el dialogo, la reflexi\u00f3n y el debate que se extienda a otras geograf\u00edas de Am\u00e9rica Latina y del planeta, en una apuesta por transformar colectivamente los desaf\u00edos de un mundo contempor\u00e1neo, m\u00e1s all\u00e1 de las fronteras impuestas.","url":"https:\/\/pagina10.com\/web\/author\/pdiezadmin\/"}]}},"_links":{"self":[{"href":"https:\/\/pagina10.com\/web\/wp-json\/wp\/v2\/posts\/58113","targetHints":{"allow":["GET"]}}],"collection":[{"href":"https:\/\/pagina10.com\/web\/wp-json\/wp\/v2\/posts"}],"about":[{"href":"https:\/\/pagina10.com\/web\/wp-json\/wp\/v2\/types\/post"}],"author":[{"embeddable":true,"href":"https:\/\/pagina10.com\/web\/wp-json\/wp\/v2\/users\/1"}],"replies":[{"embeddable":true,"href":"https:\/\/pagina10.com\/web\/wp-json\/wp\/v2\/comments?post=58113"}],"version-history":[{"count":1,"href":"https:\/\/pagina10.com\/web\/wp-json\/wp\/v2\/posts\/58113\/revisions"}],"predecessor-version":[{"id":58114,"href":"https:\/\/pagina10.com\/web\/wp-json\/wp\/v2\/posts\/58113\/revisions\/58114"}],"wp:featuredmedia":[{"embeddable":true,"href":"https:\/\/pagina10.com\/web\/wp-json\/wp\/v2\/media\/12648"}],"wp:attachment":[{"href":"https:\/\/pagina10.com\/web\/wp-json\/wp\/v2\/media?parent=58113"}],"wp:term":[{"taxonomy":"category","embeddable":true,"href":"https:\/\/pagina10.com\/web\/wp-json\/wp\/v2\/categories?post=58113"},{"taxonomy":"post_tag","embeddable":true,"href":"https:\/\/pagina10.com\/web\/wp-json\/wp\/v2\/tags?post=58113"}],"curies":[{"name":"wp","href":"https:\/\/api.w.org\/{rel}","templated":true}]}}