{"id":58118,"date":"2022-02-10T22:27:29","date_gmt":"2022-02-11T03:27:29","guid":{"rendered":"https:\/\/pagina10.com\/web\/?p=58118"},"modified":"2022-02-10T22:27:29","modified_gmt":"2022-02-11T03:27:29","slug":"avanzan-satisfactoriamente-proyectos-por-el-fondo-todos-somos-pazcifico-en-narino","status":"publish","type":"post","link":"https:\/\/pagina10.com\/web\/avanzan-satisfactoriamente-proyectos-por-el-fondo-todos-somos-pazcifico-en-narino\/","title":{"rendered":"Avanzan satisfactoriamente proyectos por el fondo \u2018Todos Somos Pazcifico\u2019 en Nari\u00f1o"},"content":{"rendered":"<p style=\"text-align: justify;\">La Directora del Fondo \u2018Todos Somos Pazcifico\u2019, Luz Amanda Pulido, se reuni\u00f3 con el Gobernador de Nari\u00f1o, Jhon Rojas, para presentar el informe de avance de los proyectos que se ejecutan en los municipios costeros de Departamento, los cuales suman m\u00e1s de $256 mil millones, invertidos en 30 proyectos de agua y saneamiento b\u00e1sico, energ\u00eda y conectividad el\u00e9ctrica, adem\u00e1s, de construcci\u00f3n de muelles. El avance fue calificado como satisfactorio.<br \/>\nEl Gobernador de Nari\u00f1o, destac\u00f3 al final de la exposici\u00f3n del equipo de trabajo del Fondo \u2018Todos Somos Pazcifico\u2019, que el pr\u00f3ximo a\u00f1o se contempla la terminaci\u00f3n de la gran mayor\u00eda de obras del proyecto de acueducto para el distrito de Tumaco, adem\u00e1s, est\u00e1n garantizados los recursos para culminar el proyecto y agreg\u00f3 que se encuentran en estructuraci\u00f3n los estudios y dise\u00f1os para la red de alcantarillado. El Mandatario Departamental asegur\u00f3 que este es un logro hist\u00f3rico en beneficio de la comunidad tumaque\u00f1a.<br \/>\nEntre los anuncios m\u00e1s importantes, se inform\u00f3 que ya est\u00e1 lista la interconexi\u00f3n el\u00e9ctrica que beneficia a 6 municipios de Nari\u00f1o m\u00e1s 2.300 usuarios conectados correspondientes a zonas rurales de El Charco, La Tola, Olaya herrera, Mosquera, Iscaund\u00e9 y Francisco Pizarro, en los cuales se invertir\u00e1n recursos por el orden de los $50 mil millones. Adem\u00e1s, est\u00e1n por iniciarse las obras para la construcci\u00f3n del acueducto de Francisco Pizarro.<br \/>\nLa Directora del Fondo, indic\u00f3 que se encuentran listos los estudios y dise\u00f1os para la construcci\u00f3n del muelle en el municipio de La Tola, posteriormente se construir\u00e1n los muelles en Iscuand\u00e9, El Charco, Olaya Herrera y Mosquera, con los cuales se optimiza el transporte fluvial de pasajeros y carga en la costa pac\u00edfica de Nari\u00f1o.<br \/>\nFinalmente, desde el Fondo \u2018Todos Somos Pazcifico\u2019 se destac\u00f3 la articulaci\u00f3n entre el Gobierno Nacional, la Gobernaci\u00f3n de Nari\u00f1o, los municipios y la comunidad beneficiada con las obras.<br \/>\nLas obras desarrolladas generan m\u00e1s de 450 empleos directos, dinamizan adem\u00e1s la econom\u00eda local y regional.<\/p>\n","protected":false},"excerpt":{"rendered":"<p>La Directora del Fondo \u2018Todos Somos Pazcifico\u2019, Luz Amanda Pulido, se reuni\u00f3 con el Gobernador de Nari\u00f1o, Jhon Rojas, para presentar el informe de avance de los proyectos que se ejecutan en los municipios costeros de Departamento, los cuales suman m\u00e1s de $256 mil millones, invertidos en 30 proyectos de agua y saneamiento b\u00e1sico, energ\u00eda [&hellip;]<\/p>\n","protected":false},"author":1,"featured_media":58119,"comment_status":"open","ping_status":"open","sticky":false,"template":"","format":"standard","meta":{"footnotes":""},"categories":[53],"tags":[],"class_list":["post-58118","post","type-post","status-publish","format-standard","has-post-thumbnail","hentry","category-regiones"],"yoast_head":"<!-- This site is optimized with the Yoast SEO plugin v27.1.1 - https:\/\/yoast.com\/product\/yoast-seo-wordpress\/ -->\n<title>Avanzan satisfactoriamente proyectos por el fondo \u2018Todos Somos Pazcifico\u2019 en Nari\u00f1o | P\u00e1gina10<\/title>\n<meta name=\"robots\" content=\"index, follow, max-snippet:-1, max-image-preview:large, max-video-preview:-1\" \/>\n<link rel=\"canonical\" href=\"https:\/\/pagina10.com\/web\/avanzan-satisfactoriamente-proyectos-por-el-fondo-todos-somos-pazcifico-en-narino\/\" \/>\n<meta property=\"og:locale\" content=\"es_ES\" \/>\n<meta property=\"og:type\" content=\"article\" \/>\n<meta property=\"og:title\" content=\"Avanzan satisfactoriamente proyectos por el fondo \u2018Todos Somos Pazcifico\u2019 en Nari\u00f1o | P\u00e1gina10\" \/>\n<meta property=\"og:description\" content=\"La Directora del Fondo \u2018Todos Somos Pazcifico\u2019, Luz Amanda Pulido, se reuni\u00f3 con el Gobernador de Nari\u00f1o, Jhon Rojas, para presentar el informe de avance de los proyectos que se ejecutan en los municipios costeros de Departamento, los cuales suman m\u00e1s de $256 mil millones, invertidos en 30 proyectos de agua y saneamiento b\u00e1sico, energ\u00eda [&hellip;]\" \/>\n<meta property=\"og:url\" content=\"https:\/\/pagina10.com\/web\/avanzan-satisfactoriamente-proyectos-por-el-fondo-todos-somos-pazcifico-en-narino\/\" \/>\n<meta property=\"og:site_name\" content=\"P\u00e1gina10\" \/>\n<meta property=\"article:publisher\" content=\"https:\/\/www.facebook.com\/pag10com\" \/>\n<meta property=\"article:published_time\" content=\"2022-02-11T03:27:29+00:00\" \/>\n<meta property=\"og:image\" content=\"https:\/\/pagina10.com\/web\/wp-content\/uploads\/2022\/02\/Captura-de-Pantalla-2022-02-10-a-las-10.26.46-p.-m..png\" \/>\n\t<meta property=\"og:image:width\" content=\"587\" \/>\n\t<meta property=\"og:image:height\" content=\"302\" \/>\n\t<meta property=\"og:image:type\" content=\"image\/png\" \/>\n<meta name=\"author\" content=\"P\u00e1gina 10\" \/>\n<meta name=\"twitter:card\" content=\"summary_large_image\" \/>\n<meta name=\"twitter:creator\" content=\"@Pag10com\" \/>\n<meta name=\"twitter:site\" content=\"@Pag10com\" \/>\n<meta name=\"twitter:label1\" content=\"Escrito por\" \/>\n\t<meta name=\"twitter:data1\" content=\"P\u00e1gina 10\" \/>\n\t<meta name=\"twitter:label2\" content=\"Tiempo de lectura\" \/>\n\t<meta name=\"twitter:data2\" content=\"2 minutos\" \/>\n<script type=\"application\/ld+json\" class=\"yoast-schema-graph\">{\"@context\":\"https:\/\/schema.org\",\"@graph\":[{\"@type\":\"Article\",\"@id\":\"https:\/\/pagina10.com\/web\/avanzan-satisfactoriamente-proyectos-por-el-fondo-todos-somos-pazcifico-en-narino\/#article\",\"isPartOf\":{\"@id\":\"https:\/\/pagina10.com\/web\/avanzan-satisfactoriamente-proyectos-por-el-fondo-todos-somos-pazcifico-en-narino\/\"},\"author\":{\"name\":\"P\u00e1gina 10\",\"@id\":\"https:\/\/pagina10.com\/web\/#\/schema\/person\/2efc4a090d25b667d3bc796798a3a81b\"},\"headline\":\"Avanzan satisfactoriamente proyectos por el fondo \u2018Todos Somos Pazcifico\u2019 en Nari\u00f1o\",\"datePublished\":\"2022-02-11T03:27:29+00:00\",\"mainEntityOfPage\":{\"@id\":\"https:\/\/pagina10.com\/web\/avanzan-satisfactoriamente-proyectos-por-el-fondo-todos-somos-pazcifico-en-narino\/\"},\"wordCount\":365,\"commentCount\":0,\"publisher\":{\"@id\":\"https:\/\/pagina10.com\/web\/#organization\"},\"image\":{\"@id\":\"https:\/\/pagina10.com\/web\/avanzan-satisfactoriamente-proyectos-por-el-fondo-todos-somos-pazcifico-en-narino\/#primaryimage\"},\"thumbnailUrl\":\"https:\/\/pagina10.com\/web\/wp-content\/uploads\/2022\/02\/Captura-de-Pantalla-2022-02-10-a-las-10.26.46-p.-m..png\",\"articleSection\":[\"Regiones\"],\"inLanguage\":\"es\",\"potentialAction\":[{\"@type\":\"CommentAction\",\"name\":\"Comment\",\"target\":[\"https:\/\/pagina10.com\/web\/avanzan-satisfactoriamente-proyectos-por-el-fondo-todos-somos-pazcifico-en-narino\/#respond\"]}]},{\"@type\":\"WebPage\",\"@id\":\"https:\/\/pagina10.com\/web\/avanzan-satisfactoriamente-proyectos-por-el-fondo-todos-somos-pazcifico-en-narino\/\",\"url\":\"https:\/\/pagina10.com\/web\/avanzan-satisfactoriamente-proyectos-por-el-fondo-todos-somos-pazcifico-en-narino\/\",\"name\":\"Avanzan satisfactoriamente proyectos por el fondo \u2018Todos Somos Pazcifico\u2019 en Nari\u00f1o | P\u00e1gina10\",\"isPartOf\":{\"@id\":\"https:\/\/pagina10.com\/web\/#website\"},\"primaryImageOfPage\":{\"@id\":\"https:\/\/pagina10.com\/web\/avanzan-satisfactoriamente-proyectos-por-el-fondo-todos-somos-pazcifico-en-narino\/#primaryimage\"},\"image\":{\"@id\":\"https:\/\/pagina10.com\/web\/avanzan-satisfactoriamente-proyectos-por-el-fondo-todos-somos-pazcifico-en-narino\/#primaryimage\"},\"thumbnailUrl\":\"https:\/\/pagina10.com\/web\/wp-content\/uploads\/2022\/02\/Captura-de-Pantalla-2022-02-10-a-las-10.26.46-p.-m..png\",\"datePublished\":\"2022-02-11T03:27:29+00:00\",\"breadcrumb\":{\"@id\":\"https:\/\/pagina10.com\/web\/avanzan-satisfactoriamente-proyectos-por-el-fondo-todos-somos-pazcifico-en-narino\/#breadcrumb\"},\"inLanguage\":\"es\",\"potentialAction\":[{\"@type\":\"ReadAction\",\"target\":[\"https:\/\/pagina10.com\/web\/avanzan-satisfactoriamente-proyectos-por-el-fondo-todos-somos-pazcifico-en-narino\/\"]}]},{\"@type\":\"ImageObject\",\"inLanguage\":\"es\",\"@id\":\"https:\/\/pagina10.com\/web\/avanzan-satisfactoriamente-proyectos-por-el-fondo-todos-somos-pazcifico-en-narino\/#primaryimage\",\"url\":\"https:\/\/pagina10.com\/web\/wp-content\/uploads\/2022\/02\/Captura-de-Pantalla-2022-02-10-a-las-10.26.46-p.-m..png\",\"contentUrl\":\"https:\/\/pagina10.com\/web\/wp-content\/uploads\/2022\/02\/Captura-de-Pantalla-2022-02-10-a-las-10.26.46-p.-m..png\",\"width\":587,\"height\":302},{\"@type\":\"BreadcrumbList\",\"@id\":\"https:\/\/pagina10.com\/web\/avanzan-satisfactoriamente-proyectos-por-el-fondo-todos-somos-pazcifico-en-narino\/#breadcrumb\",\"itemListElement\":[{\"@type\":\"ListItem\",\"position\":1,\"name\":\"Portada\",\"item\":\"https:\/\/pagina10.com\/web\/\"},{\"@type\":\"ListItem\",\"position\":2,\"name\":\"Avanzan satisfactoriamente proyectos por el fondo \u2018Todos Somos Pazcifico\u2019 en Nari\u00f1o\"}]},{\"@type\":\"WebSite\",\"@id\":\"https:\/\/pagina10.com\/web\/#website\",\"url\":\"https:\/\/pagina10.com\/web\/\",\"name\":\"P\u00e1gina10\",\"description\":\"Peri\u00f3dico Regional\",\"publisher\":{\"@id\":\"https:\/\/pagina10.com\/web\/#organization\"},\"alternateName\":\"P\u00e1gina10 Peri\u00f3dico Regional\",\"potentialAction\":[{\"@type\":\"SearchAction\",\"target\":{\"@type\":\"EntryPoint\",\"urlTemplate\":\"https:\/\/pagina10.com\/web\/?s={search_term_string}\"},\"query-input\":{\"@type\":\"PropertyValueSpecification\",\"valueRequired\":true,\"valueName\":\"search_term_string\"}}],\"inLanguage\":\"es\"},{\"@type\":\"Organization\",\"@id\":\"https:\/\/pagina10.com\/web\/#organization\",\"name\":\"P\u00e1gina10\",\"alternateName\":\"P\u00e1gina10 Peri\u00f3dico Regional\",\"url\":\"https:\/\/pagina10.com\/web\/\",\"logo\":{\"@type\":\"ImageObject\",\"inLanguage\":\"es\",\"@id\":\"https:\/\/pagina10.com\/web\/#\/schema\/logo\/image\/\",\"url\":\"https:\/\/pagina10.com\/web\/wp-content\/uploads\/2024\/01\/40-pagina-10-periodico-regional-pasto.jpg\",\"contentUrl\":\"https:\/\/pagina10.com\/web\/wp-content\/uploads\/2024\/01\/40-pagina-10-periodico-regional-pasto.jpg\",\"width\":1280,\"height\":720,\"caption\":\"P\u00e1gina10\"},\"image\":{\"@id\":\"https:\/\/pagina10.com\/web\/#\/schema\/logo\/image\/\"},\"sameAs\":[\"https:\/\/www.facebook.com\/pag10com\",\"https:\/\/x.com\/Pag10com\",\"https:\/\/www.instagram.com\/pagina10col\/\",\"https:\/\/youtube.com\/channel\/pag10\",\"https:\/\/www.tiktok.com\/@p10col\"]},{\"@type\":\"Person\",\"@id\":\"https:\/\/pagina10.com\/web\/#\/schema\/person\/2efc4a090d25b667d3bc796798a3a81b\",\"name\":\"P\u00e1gina 10\",\"description\":\"P\u00e1gina 10 es un peri\u00f3dico regional que nace en Colombia, en el departamento de Nari\u00f1o, con un enfoque global, fundamentado en cuatro pilares esenciales: la libertad, el pluralismo, la inclusi\u00f3n y la independencia. P\u00e1gina 10 hace referencia a Nari\u00f1o como el d\u00e9cimo departamento creado en Colombia, despu\u00e9s de un proceso pol\u00edtico liderado por actores y actrices regionales con el fin de obtener la independencia y autonom\u00eda de nuestros territorios. Con la creaci\u00f3n de P\u00e1gina 10 se pretende abrir un escenario para el dialogo, la reflexi\u00f3n y el debate que se extienda a otras geograf\u00edas de Am\u00e9rica Latina y del planeta, en una apuesta por transformar colectivamente los desaf\u00edos de un mundo contempor\u00e1neo, m\u00e1s all\u00e1 de las fronteras impuestas.\",\"url\":\"https:\/\/pagina10.com\/web\/author\/pdiezadmin\/\"}]}<\/script>\n<!-- \/ Yoast SEO plugin. -->","yoast_head_json":{"title":"Avanzan satisfactoriamente proyectos por el fondo \u2018Todos Somos Pazcifico\u2019 en Nari\u00f1o | P\u00e1gina10","robots":{"index":"index","follow":"follow","max-snippet":"max-snippet:-1","max-image-preview":"max-image-preview:large","max-video-preview":"max-video-preview:-1"},"canonical":"https:\/\/pagina10.com\/web\/avanzan-satisfactoriamente-proyectos-por-el-fondo-todos-somos-pazcifico-en-narino\/","og_locale":"es_ES","og_type":"article","og_title":"Avanzan satisfactoriamente proyectos por el fondo \u2018Todos Somos Pazcifico\u2019 en Nari\u00f1o | P\u00e1gina10","og_description":"La Directora del Fondo \u2018Todos Somos Pazcifico\u2019, Luz Amanda Pulido, se reuni\u00f3 con el Gobernador de Nari\u00f1o, Jhon Rojas, para presentar el informe de avance de los proyectos que se ejecutan en los municipios costeros de Departamento, los cuales suman m\u00e1s de $256 mil millones, invertidos en 30 proyectos de agua y saneamiento b\u00e1sico, energ\u00eda [&hellip;]","og_url":"https:\/\/pagina10.com\/web\/avanzan-satisfactoriamente-proyectos-por-el-fondo-todos-somos-pazcifico-en-narino\/","og_site_name":"P\u00e1gina10","article_publisher":"https:\/\/www.facebook.com\/pag10com","article_published_time":"2022-02-11T03:27:29+00:00","og_image":[{"width":587,"height":302,"url":"https:\/\/pagina10.com\/web\/wp-content\/uploads\/2022\/02\/Captura-de-Pantalla-2022-02-10-a-las-10.26.46-p.-m..png","type":"image\/png"}],"author":"P\u00e1gina 10","twitter_card":"summary_large_image","twitter_creator":"@Pag10com","twitter_site":"@Pag10com","twitter_misc":{"Escrito por":"P\u00e1gina 10","Tiempo de lectura":"2 minutos"},"schema":{"@context":"https:\/\/schema.org","@graph":[{"@type":"Article","@id":"https:\/\/pagina10.com\/web\/avanzan-satisfactoriamente-proyectos-por-el-fondo-todos-somos-pazcifico-en-narino\/#article","isPartOf":{"@id":"https:\/\/pagina10.com\/web\/avanzan-satisfactoriamente-proyectos-por-el-fondo-todos-somos-pazcifico-en-narino\/"},"author":{"name":"P\u00e1gina 10","@id":"https:\/\/pagina10.com\/web\/#\/schema\/person\/2efc4a090d25b667d3bc796798a3a81b"},"headline":"Avanzan satisfactoriamente proyectos por el fondo \u2018Todos Somos Pazcifico\u2019 en Nari\u00f1o","datePublished":"2022-02-11T03:27:29+00:00","mainEntityOfPage":{"@id":"https:\/\/pagina10.com\/web\/avanzan-satisfactoriamente-proyectos-por-el-fondo-todos-somos-pazcifico-en-narino\/"},"wordCount":365,"commentCount":0,"publisher":{"@id":"https:\/\/pagina10.com\/web\/#organization"},"image":{"@id":"https:\/\/pagina10.com\/web\/avanzan-satisfactoriamente-proyectos-por-el-fondo-todos-somos-pazcifico-en-narino\/#primaryimage"},"thumbnailUrl":"https:\/\/pagina10.com\/web\/wp-content\/uploads\/2022\/02\/Captura-de-Pantalla-2022-02-10-a-las-10.26.46-p.-m..png","articleSection":["Regiones"],"inLanguage":"es","potentialAction":[{"@type":"CommentAction","name":"Comment","target":["https:\/\/pagina10.com\/web\/avanzan-satisfactoriamente-proyectos-por-el-fondo-todos-somos-pazcifico-en-narino\/#respond"]}]},{"@type":"WebPage","@id":"https:\/\/pagina10.com\/web\/avanzan-satisfactoriamente-proyectos-por-el-fondo-todos-somos-pazcifico-en-narino\/","url":"https:\/\/pagina10.com\/web\/avanzan-satisfactoriamente-proyectos-por-el-fondo-todos-somos-pazcifico-en-narino\/","name":"Avanzan satisfactoriamente proyectos por el fondo \u2018Todos Somos Pazcifico\u2019 en Nari\u00f1o | P\u00e1gina10","isPartOf":{"@id":"https:\/\/pagina10.com\/web\/#website"},"primaryImageOfPage":{"@id":"https:\/\/pagina10.com\/web\/avanzan-satisfactoriamente-proyectos-por-el-fondo-todos-somos-pazcifico-en-narino\/#primaryimage"},"image":{"@id":"https:\/\/pagina10.com\/web\/avanzan-satisfactoriamente-proyectos-por-el-fondo-todos-somos-pazcifico-en-narino\/#primaryimage"},"thumbnailUrl":"https:\/\/pagina10.com\/web\/wp-content\/uploads\/2022\/02\/Captura-de-Pantalla-2022-02-10-a-las-10.26.46-p.-m..png","datePublished":"2022-02-11T03:27:29+00:00","breadcrumb":{"@id":"https:\/\/pagina10.com\/web\/avanzan-satisfactoriamente-proyectos-por-el-fondo-todos-somos-pazcifico-en-narino\/#breadcrumb"},"inLanguage":"es","potentialAction":[{"@type":"ReadAction","target":["https:\/\/pagina10.com\/web\/avanzan-satisfactoriamente-proyectos-por-el-fondo-todos-somos-pazcifico-en-narino\/"]}]},{"@type":"ImageObject","inLanguage":"es","@id":"https:\/\/pagina10.com\/web\/avanzan-satisfactoriamente-proyectos-por-el-fondo-todos-somos-pazcifico-en-narino\/#primaryimage","url":"https:\/\/pagina10.com\/web\/wp-content\/uploads\/2022\/02\/Captura-de-Pantalla-2022-02-10-a-las-10.26.46-p.-m..png","contentUrl":"https:\/\/pagina10.com\/web\/wp-content\/uploads\/2022\/02\/Captura-de-Pantalla-2022-02-10-a-las-10.26.46-p.-m..png","width":587,"height":302},{"@type":"BreadcrumbList","@id":"https:\/\/pagina10.com\/web\/avanzan-satisfactoriamente-proyectos-por-el-fondo-todos-somos-pazcifico-en-narino\/#breadcrumb","itemListElement":[{"@type":"ListItem","position":1,"name":"Portada","item":"https:\/\/pagina10.com\/web\/"},{"@type":"ListItem","position":2,"name":"Avanzan satisfactoriamente proyectos por el fondo \u2018Todos Somos Pazcifico\u2019 en Nari\u00f1o"}]},{"@type":"WebSite","@id":"https:\/\/pagina10.com\/web\/#website","url":"https:\/\/pagina10.com\/web\/","name":"P\u00e1gina10","description":"Peri\u00f3dico Regional","publisher":{"@id":"https:\/\/pagina10.com\/web\/#organization"},"alternateName":"P\u00e1gina10 Peri\u00f3dico Regional","potentialAction":[{"@type":"SearchAction","target":{"@type":"EntryPoint","urlTemplate":"https:\/\/pagina10.com\/web\/?s={search_term_string}"},"query-input":{"@type":"PropertyValueSpecification","valueRequired":true,"valueName":"search_term_string"}}],"inLanguage":"es"},{"@type":"Organization","@id":"https:\/\/pagina10.com\/web\/#organization","name":"P\u00e1gina10","alternateName":"P\u00e1gina10 Peri\u00f3dico Regional","url":"https:\/\/pagina10.com\/web\/","logo":{"@type":"ImageObject","inLanguage":"es","@id":"https:\/\/pagina10.com\/web\/#\/schema\/logo\/image\/","url":"https:\/\/pagina10.com\/web\/wp-content\/uploads\/2024\/01\/40-pagina-10-periodico-regional-pasto.jpg","contentUrl":"https:\/\/pagina10.com\/web\/wp-content\/uploads\/2024\/01\/40-pagina-10-periodico-regional-pasto.jpg","width":1280,"height":720,"caption":"P\u00e1gina10"},"image":{"@id":"https:\/\/pagina10.com\/web\/#\/schema\/logo\/image\/"},"sameAs":["https:\/\/www.facebook.com\/pag10com","https:\/\/x.com\/Pag10com","https:\/\/www.instagram.com\/pagina10col\/","https:\/\/youtube.com\/channel\/pag10","https:\/\/www.tiktok.com\/@p10col"]},{"@type":"Person","@id":"https:\/\/pagina10.com\/web\/#\/schema\/person\/2efc4a090d25b667d3bc796798a3a81b","name":"P\u00e1gina 10","description":"P\u00e1gina 10 es un peri\u00f3dico regional que nace en Colombia, en el departamento de Nari\u00f1o, con un enfoque global, fundamentado en cuatro pilares esenciales: la libertad, el pluralismo, la inclusi\u00f3n y la independencia. P\u00e1gina 10 hace referencia a Nari\u00f1o como el d\u00e9cimo departamento creado en Colombia, despu\u00e9s de un proceso pol\u00edtico liderado por actores y actrices regionales con el fin de obtener la independencia y autonom\u00eda de nuestros territorios. Con la creaci\u00f3n de P\u00e1gina 10 se pretende abrir un escenario para el dialogo, la reflexi\u00f3n y el debate que se extienda a otras geograf\u00edas de Am\u00e9rica Latina y del planeta, en una apuesta por transformar colectivamente los desaf\u00edos de un mundo contempor\u00e1neo, m\u00e1s all\u00e1 de las fronteras impuestas.","url":"https:\/\/pagina10.com\/web\/author\/pdiezadmin\/"}]}},"_links":{"self":[{"href":"https:\/\/pagina10.com\/web\/wp-json\/wp\/v2\/posts\/58118","targetHints":{"allow":["GET"]}}],"collection":[{"href":"https:\/\/pagina10.com\/web\/wp-json\/wp\/v2\/posts"}],"about":[{"href":"https:\/\/pagina10.com\/web\/wp-json\/wp\/v2\/types\/post"}],"author":[{"embeddable":true,"href":"https:\/\/pagina10.com\/web\/wp-json\/wp\/v2\/users\/1"}],"replies":[{"embeddable":true,"href":"https:\/\/pagina10.com\/web\/wp-json\/wp\/v2\/comments?post=58118"}],"version-history":[{"count":1,"href":"https:\/\/pagina10.com\/web\/wp-json\/wp\/v2\/posts\/58118\/revisions"}],"predecessor-version":[{"id":58120,"href":"https:\/\/pagina10.com\/web\/wp-json\/wp\/v2\/posts\/58118\/revisions\/58120"}],"wp:featuredmedia":[{"embeddable":true,"href":"https:\/\/pagina10.com\/web\/wp-json\/wp\/v2\/media\/58119"}],"wp:attachment":[{"href":"https:\/\/pagina10.com\/web\/wp-json\/wp\/v2\/media?parent=58118"}],"wp:term":[{"taxonomy":"category","embeddable":true,"href":"https:\/\/pagina10.com\/web\/wp-json\/wp\/v2\/categories?post=58118"},{"taxonomy":"post_tag","embeddable":true,"href":"https:\/\/pagina10.com\/web\/wp-json\/wp\/v2\/tags?post=58118"}],"curies":[{"name":"wp","href":"https:\/\/api.w.org\/{rel}","templated":true}]}}