{"id":58124,"date":"2022-02-11T10:40:59","date_gmt":"2022-02-11T15:40:59","guid":{"rendered":"https:\/\/pagina10.com\/web\/?p=58124"},"modified":"2022-02-11T10:40:59","modified_gmt":"2022-02-11T15:40:59","slug":"alcaldia-de-pasto-sistematiza-14-tramites-en-linea","status":"publish","type":"post","link":"https:\/\/pagina10.com\/web\/alcaldia-de-pasto-sistematiza-14-tramites-en-linea\/","title":{"rendered":"Alcald\u00eda de Pasto sistematiza 14 tr\u00e1mites en l\u00ednea"},"content":{"rendered":"<p style=\"text-align: justify;\">El liderazgo del Alcalde Germ\u00e1n Chamorro de la Rosa permite brindar transparencia y agilidad a la ciudadan\u00eda en tr\u00e1mites y servicios ante la Administraci\u00f3n Municipal.<\/p>\n<p style=\"text-align: justify;\">Con el fin de fortalecer la interacci\u00f3n con los ciudadanos de &#8216;La Gran Capital&#8217;, la Secretar\u00eda de Planeaci\u00f3n sistematiz\u00f3 14 tr\u00e1mites en l\u00ednea que, a su vez, posibilitaron la entrega de m\u00e1s de 19.000 documentos a la comunidad a trav\u00e9s de la sede electr\u00f3nica.<\/p>\n<p style=\"text-align: justify;\">El secretario de Planeaci\u00f3n, Germ\u00e1n Ortega G\u00f3mez, manifest\u00f3 que el proceso mejor\u00f3 la relaci\u00f3n entre la Alcald\u00eda y la comunidad al darle una respuesta oportuna y efectiva, pues la pandemia evidenci\u00f3 que era necesario reestructurar estos tr\u00e1mites de manera virtual para brindar alternativas en el tiempo.<\/p>\n<p style=\"text-align: justify;\">\u201cTrabajamos de la mano de la Subsecretar\u00eda de Sistemas de la Informaci\u00f3n y la Secretar\u00eda de Hacienda para cumplir con los procesos, sistematizarlos a trav\u00e9s de la sede electr\u00f3nica tramites.pasto.gov.co y brindarle un mejor servicio al ciudadano; por ejemplo, liquidaci\u00f3n de impuestos de construcci\u00f3n, liquidaci\u00f3n de compensaci\u00f3n de espacio p\u00fablico, concepto de norma urban\u00edstica, concepto de perfil vial, uso de suelos, certificado de riesgos, restricciones, entre otros. Logramos un proceso conectado, con factores de seguridad que permiten dar soluci\u00f3n en poco tiempo\u201d, indic\u00f3 el funcionario.<\/p>\n<p style=\"text-align: justify;\">Bajo los lineamientos de la Ley 2052 de 2020, que enmarca los tr\u00e1mites en l\u00ednea, la Administraci\u00f3n Municipal est\u00e1 enfocada en optimizar estos procesos para brindar un mejor acceso a estos al ciudadano de &#8216;La Gran Capital&#8217;.<\/p>\n","protected":false},"excerpt":{"rendered":"<p>El liderazgo del Alcalde Germ\u00e1n Chamorro de la Rosa permite brindar transparencia y agilidad a la ciudadan\u00eda en tr\u00e1mites y servicios ante la Administraci\u00f3n Municipal. Con el fin de fortalecer la interacci\u00f3n con los ciudadanos de &#8216;La Gran Capital&#8217;, la Secretar\u00eda de Planeaci\u00f3n sistematiz\u00f3 14 tr\u00e1mites en l\u00ednea que, a su vez, posibilitaron la entrega [&hellip;]<\/p>\n","protected":false},"author":1,"featured_media":39748,"comment_status":"open","ping_status":"open","sticky":false,"template":"","format":"standard","meta":{"footnotes":""},"categories":[82],"tags":[],"class_list":["post-58124","post","type-post","status-publish","format-standard","has-post-thumbnail","hentry","category-ciudad-2"],"yoast_head":"<!-- This site is optimized with the Yoast SEO plugin v27.1.1 - https:\/\/yoast.com\/product\/yoast-seo-wordpress\/ -->\n<title>Alcald\u00eda de Pasto sistematiza 14 tr\u00e1mites en l\u00ednea | P\u00e1gina10<\/title>\n<meta name=\"robots\" content=\"index, follow, max-snippet:-1, max-image-preview:large, max-video-preview:-1\" \/>\n<link rel=\"canonical\" href=\"https:\/\/pagina10.com\/web\/alcaldia-de-pasto-sistematiza-14-tramites-en-linea\/\" \/>\n<meta property=\"og:locale\" content=\"es_ES\" \/>\n<meta property=\"og:type\" content=\"article\" \/>\n<meta property=\"og:title\" content=\"Alcald\u00eda de Pasto sistematiza 14 tr\u00e1mites en l\u00ednea | P\u00e1gina10\" \/>\n<meta property=\"og:description\" content=\"El liderazgo del Alcalde Germ\u00e1n Chamorro de la Rosa permite brindar transparencia y agilidad a la ciudadan\u00eda en tr\u00e1mites y servicios ante la Administraci\u00f3n Municipal. Con el fin de fortalecer la interacci\u00f3n con los ciudadanos de &#8216;La Gran Capital&#8217;, la Secretar\u00eda de Planeaci\u00f3n sistematiz\u00f3 14 tr\u00e1mites en l\u00ednea que, a su vez, posibilitaron la entrega [&hellip;]\" \/>\n<meta property=\"og:url\" content=\"https:\/\/pagina10.com\/web\/alcaldia-de-pasto-sistematiza-14-tramites-en-linea\/\" \/>\n<meta property=\"og:site_name\" content=\"P\u00e1gina10\" \/>\n<meta property=\"article:publisher\" content=\"https:\/\/www.facebook.com\/pag10com\" \/>\n<meta property=\"article:published_time\" content=\"2022-02-11T15:40:59+00:00\" \/>\n<meta property=\"og:image\" content=\"https:\/\/pagina10.com\/web\/wp-content\/uploads\/2019\/06\/San-Juan-de-Pasto-2.jpg\" \/>\n\t<meta property=\"og:image:width\" content=\"834\" \/>\n\t<meta property=\"og:image:height\" content=\"363\" \/>\n\t<meta property=\"og:image:type\" content=\"image\/jpeg\" \/>\n<meta name=\"author\" content=\"P\u00e1gina 10\" \/>\n<meta name=\"twitter:card\" content=\"summary_large_image\" \/>\n<meta name=\"twitter:creator\" content=\"@Pag10com\" \/>\n<meta name=\"twitter:site\" content=\"@Pag10com\" \/>\n<meta name=\"twitter:label1\" content=\"Escrito por\" \/>\n\t<meta name=\"twitter:data1\" content=\"P\u00e1gina 10\" \/>\n\t<meta name=\"twitter:label2\" content=\"Tiempo de lectura\" \/>\n\t<meta name=\"twitter:data2\" content=\"1 minuto\" \/>\n<script type=\"application\/ld+json\" class=\"yoast-schema-graph\">{\"@context\":\"https:\/\/schema.org\",\"@graph\":[{\"@type\":\"Article\",\"@id\":\"https:\/\/pagina10.com\/web\/alcaldia-de-pasto-sistematiza-14-tramites-en-linea\/#article\",\"isPartOf\":{\"@id\":\"https:\/\/pagina10.com\/web\/alcaldia-de-pasto-sistematiza-14-tramites-en-linea\/\"},\"author\":{\"name\":\"P\u00e1gina 10\",\"@id\":\"https:\/\/pagina10.com\/web\/#\/schema\/person\/2efc4a090d25b667d3bc796798a3a81b\"},\"headline\":\"Alcald\u00eda de Pasto sistematiza 14 tr\u00e1mites en l\u00ednea\",\"datePublished\":\"2022-02-11T15:40:59+00:00\",\"mainEntityOfPage\":{\"@id\":\"https:\/\/pagina10.com\/web\/alcaldia-de-pasto-sistematiza-14-tramites-en-linea\/\"},\"wordCount\":279,\"commentCount\":0,\"publisher\":{\"@id\":\"https:\/\/pagina10.com\/web\/#organization\"},\"image\":{\"@id\":\"https:\/\/pagina10.com\/web\/alcaldia-de-pasto-sistematiza-14-tramites-en-linea\/#primaryimage\"},\"thumbnailUrl\":\"https:\/\/pagina10.com\/web\/wp-content\/uploads\/2019\/06\/San-Juan-de-Pasto-2.jpg\",\"articleSection\":[\"Ciudad\"],\"inLanguage\":\"es\",\"potentialAction\":[{\"@type\":\"CommentAction\",\"name\":\"Comment\",\"target\":[\"https:\/\/pagina10.com\/web\/alcaldia-de-pasto-sistematiza-14-tramites-en-linea\/#respond\"]}]},{\"@type\":\"WebPage\",\"@id\":\"https:\/\/pagina10.com\/web\/alcaldia-de-pasto-sistematiza-14-tramites-en-linea\/\",\"url\":\"https:\/\/pagina10.com\/web\/alcaldia-de-pasto-sistematiza-14-tramites-en-linea\/\",\"name\":\"Alcald\u00eda de Pasto sistematiza 14 tr\u00e1mites en l\u00ednea | P\u00e1gina10\",\"isPartOf\":{\"@id\":\"https:\/\/pagina10.com\/web\/#website\"},\"primaryImageOfPage\":{\"@id\":\"https:\/\/pagina10.com\/web\/alcaldia-de-pasto-sistematiza-14-tramites-en-linea\/#primaryimage\"},\"image\":{\"@id\":\"https:\/\/pagina10.com\/web\/alcaldia-de-pasto-sistematiza-14-tramites-en-linea\/#primaryimage\"},\"thumbnailUrl\":\"https:\/\/pagina10.com\/web\/wp-content\/uploads\/2019\/06\/San-Juan-de-Pasto-2.jpg\",\"datePublished\":\"2022-02-11T15:40:59+00:00\",\"breadcrumb\":{\"@id\":\"https:\/\/pagina10.com\/web\/alcaldia-de-pasto-sistematiza-14-tramites-en-linea\/#breadcrumb\"},\"inLanguage\":\"es\",\"potentialAction\":[{\"@type\":\"ReadAction\",\"target\":[\"https:\/\/pagina10.com\/web\/alcaldia-de-pasto-sistematiza-14-tramites-en-linea\/\"]}]},{\"@type\":\"ImageObject\",\"inLanguage\":\"es\",\"@id\":\"https:\/\/pagina10.com\/web\/alcaldia-de-pasto-sistematiza-14-tramites-en-linea\/#primaryimage\",\"url\":\"https:\/\/pagina10.com\/web\/wp-content\/uploads\/2019\/06\/San-Juan-de-Pasto-2.jpg\",\"contentUrl\":\"https:\/\/pagina10.com\/web\/wp-content\/uploads\/2019\/06\/San-Juan-de-Pasto-2.jpg\",\"width\":834,\"height\":363},{\"@type\":\"BreadcrumbList\",\"@id\":\"https:\/\/pagina10.com\/web\/alcaldia-de-pasto-sistematiza-14-tramites-en-linea\/#breadcrumb\",\"itemListElement\":[{\"@type\":\"ListItem\",\"position\":1,\"name\":\"Portada\",\"item\":\"https:\/\/pagina10.com\/web\/\"},{\"@type\":\"ListItem\",\"position\":2,\"name\":\"Alcald\u00eda de Pasto sistematiza 14 tr\u00e1mites en l\u00ednea\"}]},{\"@type\":\"WebSite\",\"@id\":\"https:\/\/pagina10.com\/web\/#website\",\"url\":\"https:\/\/pagina10.com\/web\/\",\"name\":\"P\u00e1gina10\",\"description\":\"Peri\u00f3dico Regional\",\"publisher\":{\"@id\":\"https:\/\/pagina10.com\/web\/#organization\"},\"alternateName\":\"P\u00e1gina10 Peri\u00f3dico Regional\",\"potentialAction\":[{\"@type\":\"SearchAction\",\"target\":{\"@type\":\"EntryPoint\",\"urlTemplate\":\"https:\/\/pagina10.com\/web\/?s={search_term_string}\"},\"query-input\":{\"@type\":\"PropertyValueSpecification\",\"valueRequired\":true,\"valueName\":\"search_term_string\"}}],\"inLanguage\":\"es\"},{\"@type\":\"Organization\",\"@id\":\"https:\/\/pagina10.com\/web\/#organization\",\"name\":\"P\u00e1gina10\",\"alternateName\":\"P\u00e1gina10 Peri\u00f3dico Regional\",\"url\":\"https:\/\/pagina10.com\/web\/\",\"logo\":{\"@type\":\"ImageObject\",\"inLanguage\":\"es\",\"@id\":\"https:\/\/pagina10.com\/web\/#\/schema\/logo\/image\/\",\"url\":\"https:\/\/pagina10.com\/web\/wp-content\/uploads\/2024\/01\/40-pagina-10-periodico-regional-pasto.jpg\",\"contentUrl\":\"https:\/\/pagina10.com\/web\/wp-content\/uploads\/2024\/01\/40-pagina-10-periodico-regional-pasto.jpg\",\"width\":1280,\"height\":720,\"caption\":\"P\u00e1gina10\"},\"image\":{\"@id\":\"https:\/\/pagina10.com\/web\/#\/schema\/logo\/image\/\"},\"sameAs\":[\"https:\/\/www.facebook.com\/pag10com\",\"https:\/\/x.com\/Pag10com\",\"https:\/\/www.instagram.com\/pagina10col\/\",\"https:\/\/youtube.com\/channel\/pag10\",\"https:\/\/www.tiktok.com\/@p10col\"]},{\"@type\":\"Person\",\"@id\":\"https:\/\/pagina10.com\/web\/#\/schema\/person\/2efc4a090d25b667d3bc796798a3a81b\",\"name\":\"P\u00e1gina 10\",\"description\":\"P\u00e1gina 10 es un peri\u00f3dico regional que nace en Colombia, en el departamento de Nari\u00f1o, con un enfoque global, fundamentado en cuatro pilares esenciales: la libertad, el pluralismo, la inclusi\u00f3n y la independencia. P\u00e1gina 10 hace referencia a Nari\u00f1o como el d\u00e9cimo departamento creado en Colombia, despu\u00e9s de un proceso pol\u00edtico liderado por actores y actrices regionales con el fin de obtener la independencia y autonom\u00eda de nuestros territorios. Con la creaci\u00f3n de P\u00e1gina 10 se pretende abrir un escenario para el dialogo, la reflexi\u00f3n y el debate que se extienda a otras geograf\u00edas de Am\u00e9rica Latina y del planeta, en una apuesta por transformar colectivamente los desaf\u00edos de un mundo contempor\u00e1neo, m\u00e1s all\u00e1 de las fronteras impuestas.\",\"url\":\"https:\/\/pagina10.com\/web\/author\/pdiezadmin\/\"}]}<\/script>\n<!-- \/ Yoast SEO plugin. -->","yoast_head_json":{"title":"Alcald\u00eda de Pasto sistematiza 14 tr\u00e1mites en l\u00ednea | P\u00e1gina10","robots":{"index":"index","follow":"follow","max-snippet":"max-snippet:-1","max-image-preview":"max-image-preview:large","max-video-preview":"max-video-preview:-1"},"canonical":"https:\/\/pagina10.com\/web\/alcaldia-de-pasto-sistematiza-14-tramites-en-linea\/","og_locale":"es_ES","og_type":"article","og_title":"Alcald\u00eda de Pasto sistematiza 14 tr\u00e1mites en l\u00ednea | P\u00e1gina10","og_description":"El liderazgo del Alcalde Germ\u00e1n Chamorro de la Rosa permite brindar transparencia y agilidad a la ciudadan\u00eda en tr\u00e1mites y servicios ante la Administraci\u00f3n Municipal. Con el fin de fortalecer la interacci\u00f3n con los ciudadanos de &#8216;La Gran Capital&#8217;, la Secretar\u00eda de Planeaci\u00f3n sistematiz\u00f3 14 tr\u00e1mites en l\u00ednea que, a su vez, posibilitaron la entrega [&hellip;]","og_url":"https:\/\/pagina10.com\/web\/alcaldia-de-pasto-sistematiza-14-tramites-en-linea\/","og_site_name":"P\u00e1gina10","article_publisher":"https:\/\/www.facebook.com\/pag10com","article_published_time":"2022-02-11T15:40:59+00:00","og_image":[{"width":834,"height":363,"url":"https:\/\/pagina10.com\/web\/wp-content\/uploads\/2019\/06\/San-Juan-de-Pasto-2.jpg","type":"image\/jpeg"}],"author":"P\u00e1gina 10","twitter_card":"summary_large_image","twitter_creator":"@Pag10com","twitter_site":"@Pag10com","twitter_misc":{"Escrito por":"P\u00e1gina 10","Tiempo de lectura":"1 minuto"},"schema":{"@context":"https:\/\/schema.org","@graph":[{"@type":"Article","@id":"https:\/\/pagina10.com\/web\/alcaldia-de-pasto-sistematiza-14-tramites-en-linea\/#article","isPartOf":{"@id":"https:\/\/pagina10.com\/web\/alcaldia-de-pasto-sistematiza-14-tramites-en-linea\/"},"author":{"name":"P\u00e1gina 10","@id":"https:\/\/pagina10.com\/web\/#\/schema\/person\/2efc4a090d25b667d3bc796798a3a81b"},"headline":"Alcald\u00eda de Pasto sistematiza 14 tr\u00e1mites en l\u00ednea","datePublished":"2022-02-11T15:40:59+00:00","mainEntityOfPage":{"@id":"https:\/\/pagina10.com\/web\/alcaldia-de-pasto-sistematiza-14-tramites-en-linea\/"},"wordCount":279,"commentCount":0,"publisher":{"@id":"https:\/\/pagina10.com\/web\/#organization"},"image":{"@id":"https:\/\/pagina10.com\/web\/alcaldia-de-pasto-sistematiza-14-tramites-en-linea\/#primaryimage"},"thumbnailUrl":"https:\/\/pagina10.com\/web\/wp-content\/uploads\/2019\/06\/San-Juan-de-Pasto-2.jpg","articleSection":["Ciudad"],"inLanguage":"es","potentialAction":[{"@type":"CommentAction","name":"Comment","target":["https:\/\/pagina10.com\/web\/alcaldia-de-pasto-sistematiza-14-tramites-en-linea\/#respond"]}]},{"@type":"WebPage","@id":"https:\/\/pagina10.com\/web\/alcaldia-de-pasto-sistematiza-14-tramites-en-linea\/","url":"https:\/\/pagina10.com\/web\/alcaldia-de-pasto-sistematiza-14-tramites-en-linea\/","name":"Alcald\u00eda de Pasto sistematiza 14 tr\u00e1mites en l\u00ednea | P\u00e1gina10","isPartOf":{"@id":"https:\/\/pagina10.com\/web\/#website"},"primaryImageOfPage":{"@id":"https:\/\/pagina10.com\/web\/alcaldia-de-pasto-sistematiza-14-tramites-en-linea\/#primaryimage"},"image":{"@id":"https:\/\/pagina10.com\/web\/alcaldia-de-pasto-sistematiza-14-tramites-en-linea\/#primaryimage"},"thumbnailUrl":"https:\/\/pagina10.com\/web\/wp-content\/uploads\/2019\/06\/San-Juan-de-Pasto-2.jpg","datePublished":"2022-02-11T15:40:59+00:00","breadcrumb":{"@id":"https:\/\/pagina10.com\/web\/alcaldia-de-pasto-sistematiza-14-tramites-en-linea\/#breadcrumb"},"inLanguage":"es","potentialAction":[{"@type":"ReadAction","target":["https:\/\/pagina10.com\/web\/alcaldia-de-pasto-sistematiza-14-tramites-en-linea\/"]}]},{"@type":"ImageObject","inLanguage":"es","@id":"https:\/\/pagina10.com\/web\/alcaldia-de-pasto-sistematiza-14-tramites-en-linea\/#primaryimage","url":"https:\/\/pagina10.com\/web\/wp-content\/uploads\/2019\/06\/San-Juan-de-Pasto-2.jpg","contentUrl":"https:\/\/pagina10.com\/web\/wp-content\/uploads\/2019\/06\/San-Juan-de-Pasto-2.jpg","width":834,"height":363},{"@type":"BreadcrumbList","@id":"https:\/\/pagina10.com\/web\/alcaldia-de-pasto-sistematiza-14-tramites-en-linea\/#breadcrumb","itemListElement":[{"@type":"ListItem","position":1,"name":"Portada","item":"https:\/\/pagina10.com\/web\/"},{"@type":"ListItem","position":2,"name":"Alcald\u00eda de Pasto sistematiza 14 tr\u00e1mites en l\u00ednea"}]},{"@type":"WebSite","@id":"https:\/\/pagina10.com\/web\/#website","url":"https:\/\/pagina10.com\/web\/","name":"P\u00e1gina10","description":"Peri\u00f3dico Regional","publisher":{"@id":"https:\/\/pagina10.com\/web\/#organization"},"alternateName":"P\u00e1gina10 Peri\u00f3dico Regional","potentialAction":[{"@type":"SearchAction","target":{"@type":"EntryPoint","urlTemplate":"https:\/\/pagina10.com\/web\/?s={search_term_string}"},"query-input":{"@type":"PropertyValueSpecification","valueRequired":true,"valueName":"search_term_string"}}],"inLanguage":"es"},{"@type":"Organization","@id":"https:\/\/pagina10.com\/web\/#organization","name":"P\u00e1gina10","alternateName":"P\u00e1gina10 Peri\u00f3dico Regional","url":"https:\/\/pagina10.com\/web\/","logo":{"@type":"ImageObject","inLanguage":"es","@id":"https:\/\/pagina10.com\/web\/#\/schema\/logo\/image\/","url":"https:\/\/pagina10.com\/web\/wp-content\/uploads\/2024\/01\/40-pagina-10-periodico-regional-pasto.jpg","contentUrl":"https:\/\/pagina10.com\/web\/wp-content\/uploads\/2024\/01\/40-pagina-10-periodico-regional-pasto.jpg","width":1280,"height":720,"caption":"P\u00e1gina10"},"image":{"@id":"https:\/\/pagina10.com\/web\/#\/schema\/logo\/image\/"},"sameAs":["https:\/\/www.facebook.com\/pag10com","https:\/\/x.com\/Pag10com","https:\/\/www.instagram.com\/pagina10col\/","https:\/\/youtube.com\/channel\/pag10","https:\/\/www.tiktok.com\/@p10col"]},{"@type":"Person","@id":"https:\/\/pagina10.com\/web\/#\/schema\/person\/2efc4a090d25b667d3bc796798a3a81b","name":"P\u00e1gina 10","description":"P\u00e1gina 10 es un peri\u00f3dico regional que nace en Colombia, en el departamento de Nari\u00f1o, con un enfoque global, fundamentado en cuatro pilares esenciales: la libertad, el pluralismo, la inclusi\u00f3n y la independencia. P\u00e1gina 10 hace referencia a Nari\u00f1o como el d\u00e9cimo departamento creado en Colombia, despu\u00e9s de un proceso pol\u00edtico liderado por actores y actrices regionales con el fin de obtener la independencia y autonom\u00eda de nuestros territorios. Con la creaci\u00f3n de P\u00e1gina 10 se pretende abrir un escenario para el dialogo, la reflexi\u00f3n y el debate que se extienda a otras geograf\u00edas de Am\u00e9rica Latina y del planeta, en una apuesta por transformar colectivamente los desaf\u00edos de un mundo contempor\u00e1neo, m\u00e1s all\u00e1 de las fronteras impuestas.","url":"https:\/\/pagina10.com\/web\/author\/pdiezadmin\/"}]}},"_links":{"self":[{"href":"https:\/\/pagina10.com\/web\/wp-json\/wp\/v2\/posts\/58124","targetHints":{"allow":["GET"]}}],"collection":[{"href":"https:\/\/pagina10.com\/web\/wp-json\/wp\/v2\/posts"}],"about":[{"href":"https:\/\/pagina10.com\/web\/wp-json\/wp\/v2\/types\/post"}],"author":[{"embeddable":true,"href":"https:\/\/pagina10.com\/web\/wp-json\/wp\/v2\/users\/1"}],"replies":[{"embeddable":true,"href":"https:\/\/pagina10.com\/web\/wp-json\/wp\/v2\/comments?post=58124"}],"version-history":[{"count":1,"href":"https:\/\/pagina10.com\/web\/wp-json\/wp\/v2\/posts\/58124\/revisions"}],"predecessor-version":[{"id":58125,"href":"https:\/\/pagina10.com\/web\/wp-json\/wp\/v2\/posts\/58124\/revisions\/58125"}],"wp:featuredmedia":[{"embeddable":true,"href":"https:\/\/pagina10.com\/web\/wp-json\/wp\/v2\/media\/39748"}],"wp:attachment":[{"href":"https:\/\/pagina10.com\/web\/wp-json\/wp\/v2\/media?parent=58124"}],"wp:term":[{"taxonomy":"category","embeddable":true,"href":"https:\/\/pagina10.com\/web\/wp-json\/wp\/v2\/categories?post=58124"},{"taxonomy":"post_tag","embeddable":true,"href":"https:\/\/pagina10.com\/web\/wp-json\/wp\/v2\/tags?post=58124"}],"curies":[{"name":"wp","href":"https:\/\/api.w.org\/{rel}","templated":true}]}}