{"id":58142,"date":"2022-02-13T17:07:51","date_gmt":"2022-02-13T22:07:51","guid":{"rendered":"https:\/\/pagina10.com\/web\/?p=58142"},"modified":"2022-02-13T17:07:51","modified_gmt":"2022-02-13T22:07:51","slug":"privado-de-la-libertad-presunto-autor-de-extorsion-y-pornografia-con-menores-de-18-anos-en-narino","status":"publish","type":"post","link":"https:\/\/pagina10.com\/web\/privado-de-la-libertad-presunto-autor-de-extorsion-y-pornografia-con-menores-de-18-anos-en-narino\/","title":{"rendered":"Privado de la libertad presunto autor de extorsi\u00f3n y pornograf\u00eda con menores de 18 a\u00f1os en Nari\u00f1o"},"content":{"rendered":"<p style=\"text-align: justify;\">Por solicitud de un fiscal de la Seccional Nari\u00f1o, un juez de control de garant\u00edas dict\u00f3 medida de aseguramiento en centro carcelario en contra de Fabi\u00e1n Eli\u00e9cer Guzm\u00e1n Mu\u00f1oz, por su presunta responsabilidad en los delitos de extorsi\u00f3n y\u00a0<a href=\"https:\/\/www.fiscalia.gov.co\/colombia\/seccionales\/seccional-pasto\/judicializado-presunto-responsable-de-pornografia-infantil-en-remolinos-narino\/\" data-saferedirecturl=\"https:\/\/www.google.com\/url?q=https:\/\/www.fiscalia.gov.co\/colombia\/seccionales\/seccional-pasto\/judicializado-presunto-responsable-de-pornografia-infantil-en-remolinos-narino\/&amp;source=gmail&amp;ust=1644684338173000&amp;usg=AOvVaw2eno5zCV2GCk3XHkhcchfD\">pornograf\u00eda<\/a>\u00a0con personas menores de 18 a\u00f1os.<\/p>\n<p style=\"text-align: justify;\">Los hechos que involucran en el proceso penal a\u00a0Guzm\u00e1n Mu\u00f1oz ocurrieron el 22 de enero de 2020 en la vereda Tosoabi, zona rural de Pasto (Nari\u00f1o), cuando una adolescente fue contactada a trav\u00e9s de una red social por un desconocido, quien le asegur\u00f3 que ten\u00eda\u00a0<a href=\"https:\/\/www.fiscalia.gov.co\/colombia\/seccionales\/asegurados-dos-hombres-por-publicar-fotografias-intimas-de-una-menor-de-edad-en-redes-sociales\/\" data-saferedirecturl=\"https:\/\/www.google.com\/url?q=https:\/\/www.fiscalia.gov.co\/colombia\/seccionales\/asegurados-dos-hombres-por-publicar-fotografias-intimas-de-una-menor-de-edad-en-redes-sociales\/&amp;source=gmail&amp;ust=1644684338173000&amp;usg=AOvVaw0V7KNH8nn77HBihK_o1qlF\">fotograf\u00edas \u00edntimas<\/a>\u00a0de ella y, para no publicarlas en internet, deb\u00eda pagarle $1.000.000.<\/p>\n<figure id=\"attachment_240709\" style=\"text-align: justify;\" aria-describedby=\"caption-attachment-240709\"><img fetchpriority=\"high\" decoding=\"async\" src=\"https:\/\/www.fiscalia.gov.co\/colombia\/wp-content\/uploads\/moto-incautada-Fabi%C3%A1n-Eliecer-Guzm%C3%A1n-extorsi%C3%B3n-pornograf%C3%ADa-Nari%C3%B1o.jpeg\" sizes=\"(max-width: 1280px) 100vw, 1280px\" srcset=\"https:\/\/www.fiscalia.gov.co\/colombia\/wp-content\/uploads\/moto-incautada-Fabi\u00e1n-Eliecer-Guzm\u00e1n-extorsi\u00f3n-pornograf\u00eda-Nari\u00f1o.jpeg 1280w, https:\/\/www.fiscalia.gov.co\/colombia\/wp-content\/uploads\/moto-incautada-Fabi\u00e1n-Eliecer-Guzm\u00e1n-extorsi\u00f3n-pornograf\u00eda-Nari\u00f1o-300x168.jpeg 300w, https:\/\/www.fiscalia.gov.co\/colombia\/wp-content\/uploads\/moto-incautada-Fabi\u00e1n-Eliecer-Guzm\u00e1n-extorsi\u00f3n-pornograf\u00eda-Nari\u00f1o-1024x572.jpeg 1024w, https:\/\/www.fiscalia.gov.co\/colombia\/wp-content\/uploads\/moto-incautada-Fabi\u00e1n-Eliecer-Guzm\u00e1n-extorsi\u00f3n-pornograf\u00eda-Nari\u00f1o-768x429.jpeg 768w, https:\/\/www.fiscalia.gov.co\/colombia\/wp-content\/uploads\/moto-incautada-Fabi\u00e1n-Eliecer-Guzm\u00e1n-extorsi\u00f3n-pornograf\u00eda-Nari\u00f1o-696x389.jpeg 696w, https:\/\/www.fiscalia.gov.co\/colombia\/wp-content\/uploads\/moto-incautada-Fabi\u00e1n-Eliecer-Guzm\u00e1n-extorsi\u00f3n-pornograf\u00eda-Nari\u00f1o-1068x597.jpeg 1068w, https:\/\/www.fiscalia.gov.co\/colombia\/wp-content\/uploads\/moto-incautada-Fabi\u00e1n-Eliecer-Guzm\u00e1n-extorsi\u00f3n-pornograf\u00eda-Nari\u00f1o-752x420.jpeg 752w\" alt=\"\" width=\"1280\" height=\"715\" \/><figcaption id=\"caption-attachment-240709\">Durante la captura de Guzm\u00e1n Mu\u00f1oz en el municipio de San Jos\u00e9 de Alb\u00e1n, los agentes del Gaula Polic\u00eda encontraron material pornogr\u00e1fico, un computador y una motocicleta.<\/figcaption><\/figure>\n<p style=\"text-align: justify;\">Seg\u00fan la investigaci\u00f3n, el hombre amenaz\u00f3 a la adolescente con vender las fotograf\u00edas por internet y mand\u00e1rselas a la mam\u00e1, \u201cpara que se diera cuenta de la clase de hija que ten\u00eda\u201d.<\/p>\n<p style=\"text-align: justify;\">Luego de varias conversaciones, la v\u00edctima logr\u00f3 un acuerdo con el extorsionista para entregarle el dinero exigido en el parque Chimayoi de la capital nari\u00f1ense. El hombre, adem\u00e1s, le habr\u00eda exigido que llevara puesto un vestido para tener relaciones \u00edntimas.<\/p>\n<p style=\"text-align: justify;\">Asimismo, el procesado le asegur\u00f3 supuestamente que si no pagaba el dinero la matar\u00eda a ella y a su mam\u00e1, envi\u00e1ndole por whatsapp fotograf\u00edas de un arma de fuego.<\/p>\n<p style=\"text-align: justify;\">El Instituto Colombiano de Bienestar Familiar (Icbf) puso en conocimiento el caso ante el Gaula Polic\u00eda, que coordin\u00f3 un operativo antiextorsi\u00f3n.<\/p>\n<p style=\"text-align: justify;\">En desarrollo de las labores investigativas se logr\u00f3 identificar y ubicar a Fabi\u00e1n Eli\u00e9cer Guzm\u00e1n como el posible responsable del hecho, quien viv\u00eda en la vereda Chapiurco, del municipio San Jos\u00e9 de Alb\u00e1n.<\/p>\n<p style=\"text-align: justify;\">As\u00ed, el pasado 8 de febrero, en diligencia de allanamiento y registro a una vivienda ubicada en el citado sector, se efectu\u00f3 la captura del hoy procesado y la incautaci\u00f3n de material de pornograf\u00eda, un computador y una motocicleta en la cual se habr\u00eda desplazado una persona a la que Guzm\u00e1n supuestamente envi\u00f3 a cobrar el dinero hasta Pasto.<\/p>\n<p style=\"text-align: justify;\">El hombre, quien no acept\u00f3 los cargos, fue puesto a disposici\u00f3n del Inpec para ser trasladado a la c\u00e1rcel de la capital de Nari\u00f1o.<\/p>\n","protected":false},"excerpt":{"rendered":"<p>Por solicitud de un fiscal de la Seccional Nari\u00f1o, un juez de control de garant\u00edas dict\u00f3 medida de aseguramiento en centro carcelario en contra de Fabi\u00e1n Eli\u00e9cer Guzm\u00e1n Mu\u00f1oz, por su presunta responsabilidad en los delitos de extorsi\u00f3n y\u00a0pornograf\u00eda\u00a0con personas menores de 18 a\u00f1os. Los hechos que involucran en el proceso penal a\u00a0Guzm\u00e1n Mu\u00f1oz ocurrieron [&hellip;]<\/p>\n","protected":false},"author":1,"featured_media":58143,"comment_status":"open","ping_status":"open","sticky":false,"template":"","format":"standard","meta":{"footnotes":""},"categories":[61],"tags":[],"class_list":["post-58142","post","type-post","status-publish","format-standard","has-post-thumbnail","hentry","category-judicial"],"yoast_head":"<!-- This site is optimized with the Yoast SEO plugin v27.1.1 - https:\/\/yoast.com\/product\/yoast-seo-wordpress\/ -->\n<title>Privado de la libertad presunto autor de extorsi\u00f3n y pornograf\u00eda con menores de 18 a\u00f1os en Nari\u00f1o | P\u00e1gina10<\/title>\n<meta name=\"robots\" content=\"index, follow, max-snippet:-1, max-image-preview:large, max-video-preview:-1\" \/>\n<link rel=\"canonical\" href=\"https:\/\/pagina10.com\/web\/privado-de-la-libertad-presunto-autor-de-extorsion-y-pornografia-con-menores-de-18-anos-en-narino\/\" \/>\n<meta property=\"og:locale\" content=\"es_ES\" \/>\n<meta property=\"og:type\" content=\"article\" \/>\n<meta property=\"og:title\" content=\"Privado de la libertad presunto autor de extorsi\u00f3n y pornograf\u00eda con menores de 18 a\u00f1os en Nari\u00f1o | P\u00e1gina10\" \/>\n<meta property=\"og:description\" content=\"Por solicitud de un fiscal de la Seccional Nari\u00f1o, un juez de control de garant\u00edas dict\u00f3 medida de aseguramiento en centro carcelario en contra de Fabi\u00e1n Eli\u00e9cer Guzm\u00e1n Mu\u00f1oz, por su presunta responsabilidad en los delitos de extorsi\u00f3n y\u00a0pornograf\u00eda\u00a0con personas menores de 18 a\u00f1os. Los hechos que involucran en el proceso penal a\u00a0Guzm\u00e1n Mu\u00f1oz ocurrieron [&hellip;]\" \/>\n<meta property=\"og:url\" content=\"https:\/\/pagina10.com\/web\/privado-de-la-libertad-presunto-autor-de-extorsion-y-pornografia-con-menores-de-18-anos-en-narino\/\" \/>\n<meta property=\"og:site_name\" content=\"P\u00e1gina10\" \/>\n<meta property=\"article:publisher\" content=\"https:\/\/www.facebook.com\/pag10com\" \/>\n<meta property=\"article:published_time\" content=\"2022-02-13T22:07:51+00:00\" \/>\n<meta property=\"og:image\" content=\"https:\/\/pagina10.com\/web\/wp-content\/uploads\/2022\/02\/Captura-de-Pantalla-2022-02-13-a-las-5.06.59-p.-m..png\" \/>\n\t<meta property=\"og:image:width\" content=\"665\" \/>\n\t<meta property=\"og:image:height\" content=\"381\" \/>\n\t<meta property=\"og:image:type\" content=\"image\/png\" \/>\n<meta name=\"author\" content=\"P\u00e1gina 10\" \/>\n<meta name=\"twitter:card\" content=\"summary_large_image\" \/>\n<meta name=\"twitter:creator\" content=\"@Pag10com\" \/>\n<meta name=\"twitter:site\" content=\"@Pag10com\" \/>\n<meta name=\"twitter:label1\" content=\"Escrito por\" \/>\n\t<meta name=\"twitter:data1\" content=\"P\u00e1gina 10\" \/>\n\t<meta name=\"twitter:label2\" content=\"Tiempo de lectura\" \/>\n\t<meta name=\"twitter:data2\" content=\"2 minutos\" \/>\n<script type=\"application\/ld+json\" class=\"yoast-schema-graph\">{\"@context\":\"https:\/\/schema.org\",\"@graph\":[{\"@type\":\"Article\",\"@id\":\"https:\/\/pagina10.com\/web\/privado-de-la-libertad-presunto-autor-de-extorsion-y-pornografia-con-menores-de-18-anos-en-narino\/#article\",\"isPartOf\":{\"@id\":\"https:\/\/pagina10.com\/web\/privado-de-la-libertad-presunto-autor-de-extorsion-y-pornografia-con-menores-de-18-anos-en-narino\/\"},\"author\":{\"name\":\"P\u00e1gina 10\",\"@id\":\"https:\/\/pagina10.com\/web\/#\/schema\/person\/2efc4a090d25b667d3bc796798a3a81b\"},\"headline\":\"Privado de la libertad presunto autor de extorsi\u00f3n y pornograf\u00eda con menores de 18 a\u00f1os en Nari\u00f1o\",\"datePublished\":\"2022-02-13T22:07:51+00:00\",\"mainEntityOfPage\":{\"@id\":\"https:\/\/pagina10.com\/web\/privado-de-la-libertad-presunto-autor-de-extorsion-y-pornografia-con-menores-de-18-anos-en-narino\/\"},\"wordCount\":432,\"commentCount\":0,\"publisher\":{\"@id\":\"https:\/\/pagina10.com\/web\/#organization\"},\"image\":{\"@id\":\"https:\/\/pagina10.com\/web\/privado-de-la-libertad-presunto-autor-de-extorsion-y-pornografia-con-menores-de-18-anos-en-narino\/#primaryimage\"},\"thumbnailUrl\":\"https:\/\/pagina10.com\/web\/wp-content\/uploads\/2022\/02\/Captura-de-Pantalla-2022-02-13-a-las-5.06.59-p.-m..png\",\"articleSection\":[\"Judicial\"],\"inLanguage\":\"es\",\"potentialAction\":[{\"@type\":\"CommentAction\",\"name\":\"Comment\",\"target\":[\"https:\/\/pagina10.com\/web\/privado-de-la-libertad-presunto-autor-de-extorsion-y-pornografia-con-menores-de-18-anos-en-narino\/#respond\"]}]},{\"@type\":\"WebPage\",\"@id\":\"https:\/\/pagina10.com\/web\/privado-de-la-libertad-presunto-autor-de-extorsion-y-pornografia-con-menores-de-18-anos-en-narino\/\",\"url\":\"https:\/\/pagina10.com\/web\/privado-de-la-libertad-presunto-autor-de-extorsion-y-pornografia-con-menores-de-18-anos-en-narino\/\",\"name\":\"Privado de la libertad presunto autor de extorsi\u00f3n y pornograf\u00eda con menores de 18 a\u00f1os en Nari\u00f1o | P\u00e1gina10\",\"isPartOf\":{\"@id\":\"https:\/\/pagina10.com\/web\/#website\"},\"primaryImageOfPage\":{\"@id\":\"https:\/\/pagina10.com\/web\/privado-de-la-libertad-presunto-autor-de-extorsion-y-pornografia-con-menores-de-18-anos-en-narino\/#primaryimage\"},\"image\":{\"@id\":\"https:\/\/pagina10.com\/web\/privado-de-la-libertad-presunto-autor-de-extorsion-y-pornografia-con-menores-de-18-anos-en-narino\/#primaryimage\"},\"thumbnailUrl\":\"https:\/\/pagina10.com\/web\/wp-content\/uploads\/2022\/02\/Captura-de-Pantalla-2022-02-13-a-las-5.06.59-p.-m..png\",\"datePublished\":\"2022-02-13T22:07:51+00:00\",\"breadcrumb\":{\"@id\":\"https:\/\/pagina10.com\/web\/privado-de-la-libertad-presunto-autor-de-extorsion-y-pornografia-con-menores-de-18-anos-en-narino\/#breadcrumb\"},\"inLanguage\":\"es\",\"potentialAction\":[{\"@type\":\"ReadAction\",\"target\":[\"https:\/\/pagina10.com\/web\/privado-de-la-libertad-presunto-autor-de-extorsion-y-pornografia-con-menores-de-18-anos-en-narino\/\"]}]},{\"@type\":\"ImageObject\",\"inLanguage\":\"es\",\"@id\":\"https:\/\/pagina10.com\/web\/privado-de-la-libertad-presunto-autor-de-extorsion-y-pornografia-con-menores-de-18-anos-en-narino\/#primaryimage\",\"url\":\"https:\/\/pagina10.com\/web\/wp-content\/uploads\/2022\/02\/Captura-de-Pantalla-2022-02-13-a-las-5.06.59-p.-m..png\",\"contentUrl\":\"https:\/\/pagina10.com\/web\/wp-content\/uploads\/2022\/02\/Captura-de-Pantalla-2022-02-13-a-las-5.06.59-p.-m..png\",\"width\":665,\"height\":381},{\"@type\":\"BreadcrumbList\",\"@id\":\"https:\/\/pagina10.com\/web\/privado-de-la-libertad-presunto-autor-de-extorsion-y-pornografia-con-menores-de-18-anos-en-narino\/#breadcrumb\",\"itemListElement\":[{\"@type\":\"ListItem\",\"position\":1,\"name\":\"Portada\",\"item\":\"https:\/\/pagina10.com\/web\/\"},{\"@type\":\"ListItem\",\"position\":2,\"name\":\"Privado de la libertad presunto autor de extorsi\u00f3n y pornograf\u00eda con menores de 18 a\u00f1os en Nari\u00f1o\"}]},{\"@type\":\"WebSite\",\"@id\":\"https:\/\/pagina10.com\/web\/#website\",\"url\":\"https:\/\/pagina10.com\/web\/\",\"name\":\"P\u00e1gina10\",\"description\":\"Peri\u00f3dico Regional\",\"publisher\":{\"@id\":\"https:\/\/pagina10.com\/web\/#organization\"},\"alternateName\":\"P\u00e1gina10 Peri\u00f3dico Regional\",\"potentialAction\":[{\"@type\":\"SearchAction\",\"target\":{\"@type\":\"EntryPoint\",\"urlTemplate\":\"https:\/\/pagina10.com\/web\/?s={search_term_string}\"},\"query-input\":{\"@type\":\"PropertyValueSpecification\",\"valueRequired\":true,\"valueName\":\"search_term_string\"}}],\"inLanguage\":\"es\"},{\"@type\":\"Organization\",\"@id\":\"https:\/\/pagina10.com\/web\/#organization\",\"name\":\"P\u00e1gina10\",\"alternateName\":\"P\u00e1gina10 Peri\u00f3dico Regional\",\"url\":\"https:\/\/pagina10.com\/web\/\",\"logo\":{\"@type\":\"ImageObject\",\"inLanguage\":\"es\",\"@id\":\"https:\/\/pagina10.com\/web\/#\/schema\/logo\/image\/\",\"url\":\"https:\/\/pagina10.com\/web\/wp-content\/uploads\/2024\/01\/40-pagina-10-periodico-regional-pasto.jpg\",\"contentUrl\":\"https:\/\/pagina10.com\/web\/wp-content\/uploads\/2024\/01\/40-pagina-10-periodico-regional-pasto.jpg\",\"width\":1280,\"height\":720,\"caption\":\"P\u00e1gina10\"},\"image\":{\"@id\":\"https:\/\/pagina10.com\/web\/#\/schema\/logo\/image\/\"},\"sameAs\":[\"https:\/\/www.facebook.com\/pag10com\",\"https:\/\/x.com\/Pag10com\",\"https:\/\/www.instagram.com\/pagina10col\/\",\"https:\/\/youtube.com\/channel\/pag10\",\"https:\/\/www.tiktok.com\/@p10col\"]},{\"@type\":\"Person\",\"@id\":\"https:\/\/pagina10.com\/web\/#\/schema\/person\/2efc4a090d25b667d3bc796798a3a81b\",\"name\":\"P\u00e1gina 10\",\"description\":\"P\u00e1gina 10 es un peri\u00f3dico regional que nace en Colombia, en el departamento de Nari\u00f1o, con un enfoque global, fundamentado en cuatro pilares esenciales: la libertad, el pluralismo, la inclusi\u00f3n y la independencia. P\u00e1gina 10 hace referencia a Nari\u00f1o como el d\u00e9cimo departamento creado en Colombia, despu\u00e9s de un proceso pol\u00edtico liderado por actores y actrices regionales con el fin de obtener la independencia y autonom\u00eda de nuestros territorios. Con la creaci\u00f3n de P\u00e1gina 10 se pretende abrir un escenario para el dialogo, la reflexi\u00f3n y el debate que se extienda a otras geograf\u00edas de Am\u00e9rica Latina y del planeta, en una apuesta por transformar colectivamente los desaf\u00edos de un mundo contempor\u00e1neo, m\u00e1s all\u00e1 de las fronteras impuestas.\",\"url\":\"https:\/\/pagina10.com\/web\/author\/pdiezadmin\/\"}]}<\/script>\n<!-- \/ Yoast SEO plugin. -->","yoast_head_json":{"title":"Privado de la libertad presunto autor de extorsi\u00f3n y pornograf\u00eda con menores de 18 a\u00f1os en Nari\u00f1o | P\u00e1gina10","robots":{"index":"index","follow":"follow","max-snippet":"max-snippet:-1","max-image-preview":"max-image-preview:large","max-video-preview":"max-video-preview:-1"},"canonical":"https:\/\/pagina10.com\/web\/privado-de-la-libertad-presunto-autor-de-extorsion-y-pornografia-con-menores-de-18-anos-en-narino\/","og_locale":"es_ES","og_type":"article","og_title":"Privado de la libertad presunto autor de extorsi\u00f3n y pornograf\u00eda con menores de 18 a\u00f1os en Nari\u00f1o | P\u00e1gina10","og_description":"Por solicitud de un fiscal de la Seccional Nari\u00f1o, un juez de control de garant\u00edas dict\u00f3 medida de aseguramiento en centro carcelario en contra de Fabi\u00e1n Eli\u00e9cer Guzm\u00e1n Mu\u00f1oz, por su presunta responsabilidad en los delitos de extorsi\u00f3n y\u00a0pornograf\u00eda\u00a0con personas menores de 18 a\u00f1os. Los hechos que involucran en el proceso penal a\u00a0Guzm\u00e1n Mu\u00f1oz ocurrieron [&hellip;]","og_url":"https:\/\/pagina10.com\/web\/privado-de-la-libertad-presunto-autor-de-extorsion-y-pornografia-con-menores-de-18-anos-en-narino\/","og_site_name":"P\u00e1gina10","article_publisher":"https:\/\/www.facebook.com\/pag10com","article_published_time":"2022-02-13T22:07:51+00:00","og_image":[{"width":665,"height":381,"url":"https:\/\/pagina10.com\/web\/wp-content\/uploads\/2022\/02\/Captura-de-Pantalla-2022-02-13-a-las-5.06.59-p.-m..png","type":"image\/png"}],"author":"P\u00e1gina 10","twitter_card":"summary_large_image","twitter_creator":"@Pag10com","twitter_site":"@Pag10com","twitter_misc":{"Escrito por":"P\u00e1gina 10","Tiempo de lectura":"2 minutos"},"schema":{"@context":"https:\/\/schema.org","@graph":[{"@type":"Article","@id":"https:\/\/pagina10.com\/web\/privado-de-la-libertad-presunto-autor-de-extorsion-y-pornografia-con-menores-de-18-anos-en-narino\/#article","isPartOf":{"@id":"https:\/\/pagina10.com\/web\/privado-de-la-libertad-presunto-autor-de-extorsion-y-pornografia-con-menores-de-18-anos-en-narino\/"},"author":{"name":"P\u00e1gina 10","@id":"https:\/\/pagina10.com\/web\/#\/schema\/person\/2efc4a090d25b667d3bc796798a3a81b"},"headline":"Privado de la libertad presunto autor de extorsi\u00f3n y pornograf\u00eda con menores de 18 a\u00f1os en Nari\u00f1o","datePublished":"2022-02-13T22:07:51+00:00","mainEntityOfPage":{"@id":"https:\/\/pagina10.com\/web\/privado-de-la-libertad-presunto-autor-de-extorsion-y-pornografia-con-menores-de-18-anos-en-narino\/"},"wordCount":432,"commentCount":0,"publisher":{"@id":"https:\/\/pagina10.com\/web\/#organization"},"image":{"@id":"https:\/\/pagina10.com\/web\/privado-de-la-libertad-presunto-autor-de-extorsion-y-pornografia-con-menores-de-18-anos-en-narino\/#primaryimage"},"thumbnailUrl":"https:\/\/pagina10.com\/web\/wp-content\/uploads\/2022\/02\/Captura-de-Pantalla-2022-02-13-a-las-5.06.59-p.-m..png","articleSection":["Judicial"],"inLanguage":"es","potentialAction":[{"@type":"CommentAction","name":"Comment","target":["https:\/\/pagina10.com\/web\/privado-de-la-libertad-presunto-autor-de-extorsion-y-pornografia-con-menores-de-18-anos-en-narino\/#respond"]}]},{"@type":"WebPage","@id":"https:\/\/pagina10.com\/web\/privado-de-la-libertad-presunto-autor-de-extorsion-y-pornografia-con-menores-de-18-anos-en-narino\/","url":"https:\/\/pagina10.com\/web\/privado-de-la-libertad-presunto-autor-de-extorsion-y-pornografia-con-menores-de-18-anos-en-narino\/","name":"Privado de la libertad presunto autor de extorsi\u00f3n y pornograf\u00eda con menores de 18 a\u00f1os en Nari\u00f1o | P\u00e1gina10","isPartOf":{"@id":"https:\/\/pagina10.com\/web\/#website"},"primaryImageOfPage":{"@id":"https:\/\/pagina10.com\/web\/privado-de-la-libertad-presunto-autor-de-extorsion-y-pornografia-con-menores-de-18-anos-en-narino\/#primaryimage"},"image":{"@id":"https:\/\/pagina10.com\/web\/privado-de-la-libertad-presunto-autor-de-extorsion-y-pornografia-con-menores-de-18-anos-en-narino\/#primaryimage"},"thumbnailUrl":"https:\/\/pagina10.com\/web\/wp-content\/uploads\/2022\/02\/Captura-de-Pantalla-2022-02-13-a-las-5.06.59-p.-m..png","datePublished":"2022-02-13T22:07:51+00:00","breadcrumb":{"@id":"https:\/\/pagina10.com\/web\/privado-de-la-libertad-presunto-autor-de-extorsion-y-pornografia-con-menores-de-18-anos-en-narino\/#breadcrumb"},"inLanguage":"es","potentialAction":[{"@type":"ReadAction","target":["https:\/\/pagina10.com\/web\/privado-de-la-libertad-presunto-autor-de-extorsion-y-pornografia-con-menores-de-18-anos-en-narino\/"]}]},{"@type":"ImageObject","inLanguage":"es","@id":"https:\/\/pagina10.com\/web\/privado-de-la-libertad-presunto-autor-de-extorsion-y-pornografia-con-menores-de-18-anos-en-narino\/#primaryimage","url":"https:\/\/pagina10.com\/web\/wp-content\/uploads\/2022\/02\/Captura-de-Pantalla-2022-02-13-a-las-5.06.59-p.-m..png","contentUrl":"https:\/\/pagina10.com\/web\/wp-content\/uploads\/2022\/02\/Captura-de-Pantalla-2022-02-13-a-las-5.06.59-p.-m..png","width":665,"height":381},{"@type":"BreadcrumbList","@id":"https:\/\/pagina10.com\/web\/privado-de-la-libertad-presunto-autor-de-extorsion-y-pornografia-con-menores-de-18-anos-en-narino\/#breadcrumb","itemListElement":[{"@type":"ListItem","position":1,"name":"Portada","item":"https:\/\/pagina10.com\/web\/"},{"@type":"ListItem","position":2,"name":"Privado de la libertad presunto autor de extorsi\u00f3n y pornograf\u00eda con menores de 18 a\u00f1os en Nari\u00f1o"}]},{"@type":"WebSite","@id":"https:\/\/pagina10.com\/web\/#website","url":"https:\/\/pagina10.com\/web\/","name":"P\u00e1gina10","description":"Peri\u00f3dico Regional","publisher":{"@id":"https:\/\/pagina10.com\/web\/#organization"},"alternateName":"P\u00e1gina10 Peri\u00f3dico Regional","potentialAction":[{"@type":"SearchAction","target":{"@type":"EntryPoint","urlTemplate":"https:\/\/pagina10.com\/web\/?s={search_term_string}"},"query-input":{"@type":"PropertyValueSpecification","valueRequired":true,"valueName":"search_term_string"}}],"inLanguage":"es"},{"@type":"Organization","@id":"https:\/\/pagina10.com\/web\/#organization","name":"P\u00e1gina10","alternateName":"P\u00e1gina10 Peri\u00f3dico Regional","url":"https:\/\/pagina10.com\/web\/","logo":{"@type":"ImageObject","inLanguage":"es","@id":"https:\/\/pagina10.com\/web\/#\/schema\/logo\/image\/","url":"https:\/\/pagina10.com\/web\/wp-content\/uploads\/2024\/01\/40-pagina-10-periodico-regional-pasto.jpg","contentUrl":"https:\/\/pagina10.com\/web\/wp-content\/uploads\/2024\/01\/40-pagina-10-periodico-regional-pasto.jpg","width":1280,"height":720,"caption":"P\u00e1gina10"},"image":{"@id":"https:\/\/pagina10.com\/web\/#\/schema\/logo\/image\/"},"sameAs":["https:\/\/www.facebook.com\/pag10com","https:\/\/x.com\/Pag10com","https:\/\/www.instagram.com\/pagina10col\/","https:\/\/youtube.com\/channel\/pag10","https:\/\/www.tiktok.com\/@p10col"]},{"@type":"Person","@id":"https:\/\/pagina10.com\/web\/#\/schema\/person\/2efc4a090d25b667d3bc796798a3a81b","name":"P\u00e1gina 10","description":"P\u00e1gina 10 es un peri\u00f3dico regional que nace en Colombia, en el departamento de Nari\u00f1o, con un enfoque global, fundamentado en cuatro pilares esenciales: la libertad, el pluralismo, la inclusi\u00f3n y la independencia. P\u00e1gina 10 hace referencia a Nari\u00f1o como el d\u00e9cimo departamento creado en Colombia, despu\u00e9s de un proceso pol\u00edtico liderado por actores y actrices regionales con el fin de obtener la independencia y autonom\u00eda de nuestros territorios. Con la creaci\u00f3n de P\u00e1gina 10 se pretende abrir un escenario para el dialogo, la reflexi\u00f3n y el debate que se extienda a otras geograf\u00edas de Am\u00e9rica Latina y del planeta, en una apuesta por transformar colectivamente los desaf\u00edos de un mundo contempor\u00e1neo, m\u00e1s all\u00e1 de las fronteras impuestas.","url":"https:\/\/pagina10.com\/web\/author\/pdiezadmin\/"}]}},"_links":{"self":[{"href":"https:\/\/pagina10.com\/web\/wp-json\/wp\/v2\/posts\/58142","targetHints":{"allow":["GET"]}}],"collection":[{"href":"https:\/\/pagina10.com\/web\/wp-json\/wp\/v2\/posts"}],"about":[{"href":"https:\/\/pagina10.com\/web\/wp-json\/wp\/v2\/types\/post"}],"author":[{"embeddable":true,"href":"https:\/\/pagina10.com\/web\/wp-json\/wp\/v2\/users\/1"}],"replies":[{"embeddable":true,"href":"https:\/\/pagina10.com\/web\/wp-json\/wp\/v2\/comments?post=58142"}],"version-history":[{"count":1,"href":"https:\/\/pagina10.com\/web\/wp-json\/wp\/v2\/posts\/58142\/revisions"}],"predecessor-version":[{"id":58144,"href":"https:\/\/pagina10.com\/web\/wp-json\/wp\/v2\/posts\/58142\/revisions\/58144"}],"wp:featuredmedia":[{"embeddable":true,"href":"https:\/\/pagina10.com\/web\/wp-json\/wp\/v2\/media\/58143"}],"wp:attachment":[{"href":"https:\/\/pagina10.com\/web\/wp-json\/wp\/v2\/media?parent=58142"}],"wp:term":[{"taxonomy":"category","embeddable":true,"href":"https:\/\/pagina10.com\/web\/wp-json\/wp\/v2\/categories?post=58142"},{"taxonomy":"post_tag","embeddable":true,"href":"https:\/\/pagina10.com\/web\/wp-json\/wp\/v2\/tags?post=58142"}],"curies":[{"name":"wp","href":"https:\/\/api.w.org\/{rel}","templated":true}]}}