{"id":58147,"date":"2022-02-13T17:34:02","date_gmt":"2022-02-13T22:34:02","guid":{"rendered":"https:\/\/pagina10.com\/web\/?p=58147"},"modified":"2022-02-13T17:34:02","modified_gmt":"2022-02-13T22:34:02","slug":"propuesta-politica-sigue-sumando","status":"publish","type":"post","link":"https:\/\/pagina10.com\/web\/propuesta-politica-sigue-sumando\/","title":{"rendered":"Propuesta pol\u00edtica sigue sumando."},"content":{"rendered":"<p style=\"text-align: justify;\">Un s\u00e1bado lleno de trabajo por y para Nari\u00f1o, desde la campa\u00f1a de Ruth Caicedo de Enr\u00edquez. Durante este d\u00eda, se visit\u00f3 distintos rincones de nuestro departamento, donde se dialog\u00f3 con los nari\u00f1enses que abrieron sus puertas y corazones a esta propuesta ciudadana.<\/p>\n<p style=\"text-align: justify;\">Las actividades iniciaron en Pupiales, precisamente en el corregimiento Jos\u00e9 Mar\u00eda Hern\u00e1ndez, donde la candidata tuvo la oportunidad de conversar con la comunidad y resaltar el trabajo que se ha realizado por m\u00e1s de 30 a\u00f1os, buscando el bienestar del departamento. Durante este recorrido, tambi\u00e9n se lleg\u00f3 al municipio de Gualmat\u00e1n, en donde se conoci\u00f3 de cerca el trabajo de campesinos nari\u00f1enses y se estuvo atento a escuchar sus necesidades generales, y articularlas con los ejes program\u00e1ticos de tipo rural, que propone la campa\u00f1a.<\/p>\n<p style=\"text-align: justify;\"><img fetchpriority=\"high\" decoding=\"async\" class=\"aligncenter size-full wp-image-58149\" src=\"https:\/\/pagina10.com\/web\/wp-content\/uploads\/2022\/02\/Captura-de-Pantalla-2022-02-13-a-las-5.33.04-p.-m..png\" alt=\"\" width=\"702\" height=\"431\" srcset=\"https:\/\/pagina10.com\/web\/wp-content\/uploads\/2022\/02\/Captura-de-Pantalla-2022-02-13-a-las-5.33.04-p.-m..png 702w, https:\/\/pagina10.com\/web\/wp-content\/uploads\/2022\/02\/Captura-de-Pantalla-2022-02-13-a-las-5.33.04-p.-m.-300x184.png 300w\" sizes=\"(max-width: 702px) 100vw, 702px\" \/>As\u00ed mismo, la Casa de las Puertas Abiertas recibi\u00f3 nuevamente a m\u00e1s de 1.000 personas que se dieron cita en la noche de hoy, y quienes compartieron una jornada cultural y pol\u00edtica, junto a la candidata Ruth Caicedo de Enr\u00edquez. En paralelo, la Dirigencia Rural visit\u00f3 Obonuco y el Corregimiento de La Laguna en Pasto, atendiendo el grato llamado de amigos de las Veredas San Pedro y El Barbero, mientras la Gerencia de Pasto visit\u00f3 San Isidro y Pejendino. Chachag\u00fc\u00ed y Genoy, recibieron a dirigentes y j\u00f3venes l\u00edderes, a quienes se agradece enormemente por plasmar el sello de la campa\u00f1a C105, en cada acci\u00f3n que adelantan en pro de este proyecto y de Nari\u00f1o y que se difunde con facilidad en todas las personas que comparten las actividades propuestas. Igualmente,\u00a0la campa\u00f1a resalta el trabajo de los Ex Alcaldes Pupiales; Omar Moreno, Otmaro Belalc\u00e1zar, Ex Concejal Jhonny Jaramillo, a la l\u00edder Mishelle Villota, y a todos, quienes hacen posible estos importantes y emotivos encuentros para seguir juntos y \u00a0fuertes.<\/p>\n","protected":false},"excerpt":{"rendered":"<p>Un s\u00e1bado lleno de trabajo por y para Nari\u00f1o, desde la campa\u00f1a de Ruth Caicedo de Enr\u00edquez. Durante este d\u00eda, se visit\u00f3 distintos rincones de nuestro departamento, donde se dialog\u00f3 con los nari\u00f1enses que abrieron sus puertas y corazones a esta propuesta ciudadana. Las actividades iniciaron en Pupiales, precisamente en el corregimiento Jos\u00e9 Mar\u00eda Hern\u00e1ndez, [&hellip;]<\/p>\n","protected":false},"author":1,"featured_media":58148,"comment_status":"open","ping_status":"open","sticky":false,"template":"","format":"standard","meta":{"footnotes":""},"categories":[53],"tags":[],"class_list":["post-58147","post","type-post","status-publish","format-standard","has-post-thumbnail","hentry","category-regiones"],"yoast_head":"<!-- This site is optimized with the Yoast SEO plugin v27.1.1 - https:\/\/yoast.com\/product\/yoast-seo-wordpress\/ -->\n<title>Propuesta pol\u00edtica sigue sumando. | P\u00e1gina10<\/title>\n<meta name=\"robots\" content=\"index, follow, max-snippet:-1, max-image-preview:large, max-video-preview:-1\" \/>\n<link rel=\"canonical\" href=\"https:\/\/pagina10.com\/web\/propuesta-politica-sigue-sumando\/\" \/>\n<meta property=\"og:locale\" content=\"es_ES\" \/>\n<meta property=\"og:type\" content=\"article\" \/>\n<meta property=\"og:title\" content=\"Propuesta pol\u00edtica sigue sumando. | P\u00e1gina10\" \/>\n<meta property=\"og:description\" content=\"Un s\u00e1bado lleno de trabajo por y para Nari\u00f1o, desde la campa\u00f1a de Ruth Caicedo de Enr\u00edquez. Durante este d\u00eda, se visit\u00f3 distintos rincones de nuestro departamento, donde se dialog\u00f3 con los nari\u00f1enses que abrieron sus puertas y corazones a esta propuesta ciudadana. Las actividades iniciaron en Pupiales, precisamente en el corregimiento Jos\u00e9 Mar\u00eda Hern\u00e1ndez, [&hellip;]\" \/>\n<meta property=\"og:url\" content=\"https:\/\/pagina10.com\/web\/propuesta-politica-sigue-sumando\/\" \/>\n<meta property=\"og:site_name\" content=\"P\u00e1gina10\" \/>\n<meta property=\"article:publisher\" content=\"https:\/\/www.facebook.com\/pag10com\" \/>\n<meta property=\"article:published_time\" content=\"2022-02-13T22:34:02+00:00\" \/>\n<meta property=\"og:image\" content=\"https:\/\/pagina10.com\/web\/wp-content\/uploads\/2022\/02\/Captura-de-Pantalla-2022-02-13-a-las-5.32.42-p.-m..png\" \/>\n\t<meta property=\"og:image:width\" content=\"951\" \/>\n\t<meta property=\"og:image:height\" content=\"455\" \/>\n\t<meta property=\"og:image:type\" content=\"image\/png\" \/>\n<meta name=\"author\" content=\"P\u00e1gina 10\" \/>\n<meta name=\"twitter:card\" content=\"summary_large_image\" \/>\n<meta name=\"twitter:creator\" content=\"@Pag10com\" \/>\n<meta name=\"twitter:site\" content=\"@Pag10com\" \/>\n<meta name=\"twitter:label1\" content=\"Escrito por\" \/>\n\t<meta name=\"twitter:data1\" content=\"P\u00e1gina 10\" \/>\n\t<meta name=\"twitter:label2\" content=\"Tiempo de lectura\" \/>\n\t<meta name=\"twitter:data2\" content=\"2 minutos\" \/>\n<script type=\"application\/ld+json\" class=\"yoast-schema-graph\">{\"@context\":\"https:\/\/schema.org\",\"@graph\":[{\"@type\":\"Article\",\"@id\":\"https:\/\/pagina10.com\/web\/propuesta-politica-sigue-sumando\/#article\",\"isPartOf\":{\"@id\":\"https:\/\/pagina10.com\/web\/propuesta-politica-sigue-sumando\/\"},\"author\":{\"name\":\"P\u00e1gina 10\",\"@id\":\"https:\/\/pagina10.com\/web\/#\/schema\/person\/2efc4a090d25b667d3bc796798a3a81b\"},\"headline\":\"Propuesta pol\u00edtica sigue sumando.\",\"datePublished\":\"2022-02-13T22:34:02+00:00\",\"mainEntityOfPage\":{\"@id\":\"https:\/\/pagina10.com\/web\/propuesta-politica-sigue-sumando\/\"},\"wordCount\":325,\"commentCount\":0,\"publisher\":{\"@id\":\"https:\/\/pagina10.com\/web\/#organization\"},\"image\":{\"@id\":\"https:\/\/pagina10.com\/web\/propuesta-politica-sigue-sumando\/#primaryimage\"},\"thumbnailUrl\":\"https:\/\/pagina10.com\/web\/wp-content\/uploads\/2022\/02\/Captura-de-Pantalla-2022-02-13-a-las-5.32.42-p.-m..png\",\"articleSection\":[\"Regiones\"],\"inLanguage\":\"es\",\"potentialAction\":[{\"@type\":\"CommentAction\",\"name\":\"Comment\",\"target\":[\"https:\/\/pagina10.com\/web\/propuesta-politica-sigue-sumando\/#respond\"]}]},{\"@type\":\"WebPage\",\"@id\":\"https:\/\/pagina10.com\/web\/propuesta-politica-sigue-sumando\/\",\"url\":\"https:\/\/pagina10.com\/web\/propuesta-politica-sigue-sumando\/\",\"name\":\"Propuesta pol\u00edtica sigue sumando. | P\u00e1gina10\",\"isPartOf\":{\"@id\":\"https:\/\/pagina10.com\/web\/#website\"},\"primaryImageOfPage\":{\"@id\":\"https:\/\/pagina10.com\/web\/propuesta-politica-sigue-sumando\/#primaryimage\"},\"image\":{\"@id\":\"https:\/\/pagina10.com\/web\/propuesta-politica-sigue-sumando\/#primaryimage\"},\"thumbnailUrl\":\"https:\/\/pagina10.com\/web\/wp-content\/uploads\/2022\/02\/Captura-de-Pantalla-2022-02-13-a-las-5.32.42-p.-m..png\",\"datePublished\":\"2022-02-13T22:34:02+00:00\",\"breadcrumb\":{\"@id\":\"https:\/\/pagina10.com\/web\/propuesta-politica-sigue-sumando\/#breadcrumb\"},\"inLanguage\":\"es\",\"potentialAction\":[{\"@type\":\"ReadAction\",\"target\":[\"https:\/\/pagina10.com\/web\/propuesta-politica-sigue-sumando\/\"]}]},{\"@type\":\"ImageObject\",\"inLanguage\":\"es\",\"@id\":\"https:\/\/pagina10.com\/web\/propuesta-politica-sigue-sumando\/#primaryimage\",\"url\":\"https:\/\/pagina10.com\/web\/wp-content\/uploads\/2022\/02\/Captura-de-Pantalla-2022-02-13-a-las-5.32.42-p.-m..png\",\"contentUrl\":\"https:\/\/pagina10.com\/web\/wp-content\/uploads\/2022\/02\/Captura-de-Pantalla-2022-02-13-a-las-5.32.42-p.-m..png\",\"width\":951,\"height\":455},{\"@type\":\"BreadcrumbList\",\"@id\":\"https:\/\/pagina10.com\/web\/propuesta-politica-sigue-sumando\/#breadcrumb\",\"itemListElement\":[{\"@type\":\"ListItem\",\"position\":1,\"name\":\"Portada\",\"item\":\"https:\/\/pagina10.com\/web\/\"},{\"@type\":\"ListItem\",\"position\":2,\"name\":\"Propuesta pol\u00edtica sigue sumando.\"}]},{\"@type\":\"WebSite\",\"@id\":\"https:\/\/pagina10.com\/web\/#website\",\"url\":\"https:\/\/pagina10.com\/web\/\",\"name\":\"P\u00e1gina10\",\"description\":\"Peri\u00f3dico Regional\",\"publisher\":{\"@id\":\"https:\/\/pagina10.com\/web\/#organization\"},\"alternateName\":\"P\u00e1gina10 Peri\u00f3dico Regional\",\"potentialAction\":[{\"@type\":\"SearchAction\",\"target\":{\"@type\":\"EntryPoint\",\"urlTemplate\":\"https:\/\/pagina10.com\/web\/?s={search_term_string}\"},\"query-input\":{\"@type\":\"PropertyValueSpecification\",\"valueRequired\":true,\"valueName\":\"search_term_string\"}}],\"inLanguage\":\"es\"},{\"@type\":\"Organization\",\"@id\":\"https:\/\/pagina10.com\/web\/#organization\",\"name\":\"P\u00e1gina10\",\"alternateName\":\"P\u00e1gina10 Peri\u00f3dico Regional\",\"url\":\"https:\/\/pagina10.com\/web\/\",\"logo\":{\"@type\":\"ImageObject\",\"inLanguage\":\"es\",\"@id\":\"https:\/\/pagina10.com\/web\/#\/schema\/logo\/image\/\",\"url\":\"https:\/\/pagina10.com\/web\/wp-content\/uploads\/2024\/01\/40-pagina-10-periodico-regional-pasto.jpg\",\"contentUrl\":\"https:\/\/pagina10.com\/web\/wp-content\/uploads\/2024\/01\/40-pagina-10-periodico-regional-pasto.jpg\",\"width\":1280,\"height\":720,\"caption\":\"P\u00e1gina10\"},\"image\":{\"@id\":\"https:\/\/pagina10.com\/web\/#\/schema\/logo\/image\/\"},\"sameAs\":[\"https:\/\/www.facebook.com\/pag10com\",\"https:\/\/x.com\/Pag10com\",\"https:\/\/www.instagram.com\/pagina10col\/\",\"https:\/\/youtube.com\/channel\/pag10\",\"https:\/\/www.tiktok.com\/@p10col\"]},{\"@type\":\"Person\",\"@id\":\"https:\/\/pagina10.com\/web\/#\/schema\/person\/2efc4a090d25b667d3bc796798a3a81b\",\"name\":\"P\u00e1gina 10\",\"description\":\"P\u00e1gina 10 es un peri\u00f3dico regional que nace en Colombia, en el departamento de Nari\u00f1o, con un enfoque global, fundamentado en cuatro pilares esenciales: la libertad, el pluralismo, la inclusi\u00f3n y la independencia. P\u00e1gina 10 hace referencia a Nari\u00f1o como el d\u00e9cimo departamento creado en Colombia, despu\u00e9s de un proceso pol\u00edtico liderado por actores y actrices regionales con el fin de obtener la independencia y autonom\u00eda de nuestros territorios. Con la creaci\u00f3n de P\u00e1gina 10 se pretende abrir un escenario para el dialogo, la reflexi\u00f3n y el debate que se extienda a otras geograf\u00edas de Am\u00e9rica Latina y del planeta, en una apuesta por transformar colectivamente los desaf\u00edos de un mundo contempor\u00e1neo, m\u00e1s all\u00e1 de las fronteras impuestas.\",\"url\":\"https:\/\/pagina10.com\/web\/author\/pdiezadmin\/\"}]}<\/script>\n<!-- \/ Yoast SEO plugin. -->","yoast_head_json":{"title":"Propuesta pol\u00edtica sigue sumando. | P\u00e1gina10","robots":{"index":"index","follow":"follow","max-snippet":"max-snippet:-1","max-image-preview":"max-image-preview:large","max-video-preview":"max-video-preview:-1"},"canonical":"https:\/\/pagina10.com\/web\/propuesta-politica-sigue-sumando\/","og_locale":"es_ES","og_type":"article","og_title":"Propuesta pol\u00edtica sigue sumando. | P\u00e1gina10","og_description":"Un s\u00e1bado lleno de trabajo por y para Nari\u00f1o, desde la campa\u00f1a de Ruth Caicedo de Enr\u00edquez. Durante este d\u00eda, se visit\u00f3 distintos rincones de nuestro departamento, donde se dialog\u00f3 con los nari\u00f1enses que abrieron sus puertas y corazones a esta propuesta ciudadana. Las actividades iniciaron en Pupiales, precisamente en el corregimiento Jos\u00e9 Mar\u00eda Hern\u00e1ndez, [&hellip;]","og_url":"https:\/\/pagina10.com\/web\/propuesta-politica-sigue-sumando\/","og_site_name":"P\u00e1gina10","article_publisher":"https:\/\/www.facebook.com\/pag10com","article_published_time":"2022-02-13T22:34:02+00:00","og_image":[{"width":951,"height":455,"url":"https:\/\/pagina10.com\/web\/wp-content\/uploads\/2022\/02\/Captura-de-Pantalla-2022-02-13-a-las-5.32.42-p.-m..png","type":"image\/png"}],"author":"P\u00e1gina 10","twitter_card":"summary_large_image","twitter_creator":"@Pag10com","twitter_site":"@Pag10com","twitter_misc":{"Escrito por":"P\u00e1gina 10","Tiempo de lectura":"2 minutos"},"schema":{"@context":"https:\/\/schema.org","@graph":[{"@type":"Article","@id":"https:\/\/pagina10.com\/web\/propuesta-politica-sigue-sumando\/#article","isPartOf":{"@id":"https:\/\/pagina10.com\/web\/propuesta-politica-sigue-sumando\/"},"author":{"name":"P\u00e1gina 10","@id":"https:\/\/pagina10.com\/web\/#\/schema\/person\/2efc4a090d25b667d3bc796798a3a81b"},"headline":"Propuesta pol\u00edtica sigue sumando.","datePublished":"2022-02-13T22:34:02+00:00","mainEntityOfPage":{"@id":"https:\/\/pagina10.com\/web\/propuesta-politica-sigue-sumando\/"},"wordCount":325,"commentCount":0,"publisher":{"@id":"https:\/\/pagina10.com\/web\/#organization"},"image":{"@id":"https:\/\/pagina10.com\/web\/propuesta-politica-sigue-sumando\/#primaryimage"},"thumbnailUrl":"https:\/\/pagina10.com\/web\/wp-content\/uploads\/2022\/02\/Captura-de-Pantalla-2022-02-13-a-las-5.32.42-p.-m..png","articleSection":["Regiones"],"inLanguage":"es","potentialAction":[{"@type":"CommentAction","name":"Comment","target":["https:\/\/pagina10.com\/web\/propuesta-politica-sigue-sumando\/#respond"]}]},{"@type":"WebPage","@id":"https:\/\/pagina10.com\/web\/propuesta-politica-sigue-sumando\/","url":"https:\/\/pagina10.com\/web\/propuesta-politica-sigue-sumando\/","name":"Propuesta pol\u00edtica sigue sumando. | P\u00e1gina10","isPartOf":{"@id":"https:\/\/pagina10.com\/web\/#website"},"primaryImageOfPage":{"@id":"https:\/\/pagina10.com\/web\/propuesta-politica-sigue-sumando\/#primaryimage"},"image":{"@id":"https:\/\/pagina10.com\/web\/propuesta-politica-sigue-sumando\/#primaryimage"},"thumbnailUrl":"https:\/\/pagina10.com\/web\/wp-content\/uploads\/2022\/02\/Captura-de-Pantalla-2022-02-13-a-las-5.32.42-p.-m..png","datePublished":"2022-02-13T22:34:02+00:00","breadcrumb":{"@id":"https:\/\/pagina10.com\/web\/propuesta-politica-sigue-sumando\/#breadcrumb"},"inLanguage":"es","potentialAction":[{"@type":"ReadAction","target":["https:\/\/pagina10.com\/web\/propuesta-politica-sigue-sumando\/"]}]},{"@type":"ImageObject","inLanguage":"es","@id":"https:\/\/pagina10.com\/web\/propuesta-politica-sigue-sumando\/#primaryimage","url":"https:\/\/pagina10.com\/web\/wp-content\/uploads\/2022\/02\/Captura-de-Pantalla-2022-02-13-a-las-5.32.42-p.-m..png","contentUrl":"https:\/\/pagina10.com\/web\/wp-content\/uploads\/2022\/02\/Captura-de-Pantalla-2022-02-13-a-las-5.32.42-p.-m..png","width":951,"height":455},{"@type":"BreadcrumbList","@id":"https:\/\/pagina10.com\/web\/propuesta-politica-sigue-sumando\/#breadcrumb","itemListElement":[{"@type":"ListItem","position":1,"name":"Portada","item":"https:\/\/pagina10.com\/web\/"},{"@type":"ListItem","position":2,"name":"Propuesta pol\u00edtica sigue sumando."}]},{"@type":"WebSite","@id":"https:\/\/pagina10.com\/web\/#website","url":"https:\/\/pagina10.com\/web\/","name":"P\u00e1gina10","description":"Peri\u00f3dico Regional","publisher":{"@id":"https:\/\/pagina10.com\/web\/#organization"},"alternateName":"P\u00e1gina10 Peri\u00f3dico Regional","potentialAction":[{"@type":"SearchAction","target":{"@type":"EntryPoint","urlTemplate":"https:\/\/pagina10.com\/web\/?s={search_term_string}"},"query-input":{"@type":"PropertyValueSpecification","valueRequired":true,"valueName":"search_term_string"}}],"inLanguage":"es"},{"@type":"Organization","@id":"https:\/\/pagina10.com\/web\/#organization","name":"P\u00e1gina10","alternateName":"P\u00e1gina10 Peri\u00f3dico Regional","url":"https:\/\/pagina10.com\/web\/","logo":{"@type":"ImageObject","inLanguage":"es","@id":"https:\/\/pagina10.com\/web\/#\/schema\/logo\/image\/","url":"https:\/\/pagina10.com\/web\/wp-content\/uploads\/2024\/01\/40-pagina-10-periodico-regional-pasto.jpg","contentUrl":"https:\/\/pagina10.com\/web\/wp-content\/uploads\/2024\/01\/40-pagina-10-periodico-regional-pasto.jpg","width":1280,"height":720,"caption":"P\u00e1gina10"},"image":{"@id":"https:\/\/pagina10.com\/web\/#\/schema\/logo\/image\/"},"sameAs":["https:\/\/www.facebook.com\/pag10com","https:\/\/x.com\/Pag10com","https:\/\/www.instagram.com\/pagina10col\/","https:\/\/youtube.com\/channel\/pag10","https:\/\/www.tiktok.com\/@p10col"]},{"@type":"Person","@id":"https:\/\/pagina10.com\/web\/#\/schema\/person\/2efc4a090d25b667d3bc796798a3a81b","name":"P\u00e1gina 10","description":"P\u00e1gina 10 es un peri\u00f3dico regional que nace en Colombia, en el departamento de Nari\u00f1o, con un enfoque global, fundamentado en cuatro pilares esenciales: la libertad, el pluralismo, la inclusi\u00f3n y la independencia. P\u00e1gina 10 hace referencia a Nari\u00f1o como el d\u00e9cimo departamento creado en Colombia, despu\u00e9s de un proceso pol\u00edtico liderado por actores y actrices regionales con el fin de obtener la independencia y autonom\u00eda de nuestros territorios. Con la creaci\u00f3n de P\u00e1gina 10 se pretende abrir un escenario para el dialogo, la reflexi\u00f3n y el debate que se extienda a otras geograf\u00edas de Am\u00e9rica Latina y del planeta, en una apuesta por transformar colectivamente los desaf\u00edos de un mundo contempor\u00e1neo, m\u00e1s all\u00e1 de las fronteras impuestas.","url":"https:\/\/pagina10.com\/web\/author\/pdiezadmin\/"}]}},"_links":{"self":[{"href":"https:\/\/pagina10.com\/web\/wp-json\/wp\/v2\/posts\/58147","targetHints":{"allow":["GET"]}}],"collection":[{"href":"https:\/\/pagina10.com\/web\/wp-json\/wp\/v2\/posts"}],"about":[{"href":"https:\/\/pagina10.com\/web\/wp-json\/wp\/v2\/types\/post"}],"author":[{"embeddable":true,"href":"https:\/\/pagina10.com\/web\/wp-json\/wp\/v2\/users\/1"}],"replies":[{"embeddable":true,"href":"https:\/\/pagina10.com\/web\/wp-json\/wp\/v2\/comments?post=58147"}],"version-history":[{"count":1,"href":"https:\/\/pagina10.com\/web\/wp-json\/wp\/v2\/posts\/58147\/revisions"}],"predecessor-version":[{"id":58150,"href":"https:\/\/pagina10.com\/web\/wp-json\/wp\/v2\/posts\/58147\/revisions\/58150"}],"wp:featuredmedia":[{"embeddable":true,"href":"https:\/\/pagina10.com\/web\/wp-json\/wp\/v2\/media\/58148"}],"wp:attachment":[{"href":"https:\/\/pagina10.com\/web\/wp-json\/wp\/v2\/media?parent=58147"}],"wp:term":[{"taxonomy":"category","embeddable":true,"href":"https:\/\/pagina10.com\/web\/wp-json\/wp\/v2\/categories?post=58147"},{"taxonomy":"post_tag","embeddable":true,"href":"https:\/\/pagina10.com\/web\/wp-json\/wp\/v2\/tags?post=58147"}],"curies":[{"name":"wp","href":"https:\/\/api.w.org\/{rel}","templated":true}]}}