{"id":58172,"date":"2022-02-14T22:30:04","date_gmt":"2022-02-15T03:30:04","guid":{"rendered":"https:\/\/pagina10.com\/web\/?p=58172"},"modified":"2022-02-14T22:30:04","modified_gmt":"2022-02-15T03:30:04","slug":"la-gobernacion-adquirio-tres-bancos-de-maquinaria-para-recuperar-vias-en-narino","status":"publish","type":"post","link":"https:\/\/pagina10.com\/web\/la-gobernacion-adquirio-tres-bancos-de-maquinaria-para-recuperar-vias-en-narino\/","title":{"rendered":"La Gobernaci\u00f3n adquiri\u00f3 tres bancos de maquinaria para recuperar v\u00edas en Nari\u00f1o"},"content":{"rendered":"<p style=\"text-align: justify;\">Por un valor de $12.500 millones, provenientes de recursos de regal\u00edas departamentales, la Gobernaci\u00f3n de Nari\u00f1o adquiri\u00f3 tres nuevos bancos de maquinaria, destinados a la recuperaci\u00f3n de las v\u00edas secundarias y terciarias en el departamento de Nari\u00f1o. La maquinaria consta de tres motoniveladoras, tres vibro compactadores y dos retroexcavadoras (pajaritas) que entrar\u00e1n en funcionamiento en los pr\u00f3ximos d\u00edas para atender la red vial Departamental.<br \/>\n&#8220;Iniciaremos con los municipios el proceso de recuperaci\u00f3n de las v\u00edas secundarias y terciarias del Departamento, con esfuerzos hemos adquirido la maquinaria de las mejores caracter\u00edsticas, capacitamos al personal que estar\u00e1 al frente de los trabajos en las distintas v\u00edas Departamentales y en coordinaci\u00f3n con las alcald\u00edas, vamos a intervenir la red vial para el servicio de la comunidad, especialmente de nuestros campesinos&#8221;, indic\u00f3 el Gobernador de Nari\u00f1o, Jhon Rojas.<br \/>\nEl mandatario departamental explic\u00f3 que con los dos bancos existentes hoy se suman 5 equipos de maquinaria para atender las v\u00edas que han sufrido bastante deterioro en especial por la intensa temporada de lluvias qu\u00e9 se vivi\u00f3 en el departamento de Nari\u00f1o. As\u00ed mismo, manifest\u00f3 que est\u00e1n identificados los puntos cr\u00edticos, en el norte y occidente de Nari\u00f1o y que se atender\u00e1n de forma prioritaria est\u00e1s v\u00edas.<br \/>\nEn pocos d\u00edas se espera la llegada tambi\u00e9n de un banco de transporte con los veh\u00edculos para desplazamiento de la maquinaria y tambi\u00e9n est\u00e1n en proceso de adquisici\u00f3n las p\u00f3lizas necesarias para el funcionamiento de los veh\u00edculos.<\/p>\n","protected":false},"excerpt":{"rendered":"<p>Por un valor de $12.500 millones, provenientes de recursos de regal\u00edas departamentales, la Gobernaci\u00f3n de Nari\u00f1o adquiri\u00f3 tres nuevos bancos de maquinaria, destinados a la recuperaci\u00f3n de las v\u00edas secundarias y terciarias en el departamento de Nari\u00f1o. La maquinaria consta de tres motoniveladoras, tres vibro compactadores y dos retroexcavadoras (pajaritas) que entrar\u00e1n en funcionamiento en [&hellip;]<\/p>\n","protected":false},"author":1,"featured_media":58173,"comment_status":"open","ping_status":"open","sticky":false,"template":"","format":"standard","meta":{"footnotes":""},"categories":[53],"tags":[],"class_list":["post-58172","post","type-post","status-publish","format-standard","has-post-thumbnail","hentry","category-regiones"],"yoast_head":"<!-- This site is optimized with the Yoast SEO plugin v27.1.1 - https:\/\/yoast.com\/product\/yoast-seo-wordpress\/ -->\n<title>La Gobernaci\u00f3n adquiri\u00f3 tres bancos de maquinaria para recuperar v\u00edas en Nari\u00f1o | P\u00e1gina10<\/title>\n<meta name=\"robots\" content=\"index, follow, max-snippet:-1, max-image-preview:large, max-video-preview:-1\" \/>\n<link rel=\"canonical\" href=\"https:\/\/pagina10.com\/web\/la-gobernacion-adquirio-tres-bancos-de-maquinaria-para-recuperar-vias-en-narino\/\" \/>\n<meta property=\"og:locale\" content=\"es_ES\" \/>\n<meta property=\"og:type\" content=\"article\" \/>\n<meta property=\"og:title\" content=\"La Gobernaci\u00f3n adquiri\u00f3 tres bancos de maquinaria para recuperar v\u00edas en Nari\u00f1o | P\u00e1gina10\" \/>\n<meta property=\"og:description\" content=\"Por un valor de $12.500 millones, provenientes de recursos de regal\u00edas departamentales, la Gobernaci\u00f3n de Nari\u00f1o adquiri\u00f3 tres nuevos bancos de maquinaria, destinados a la recuperaci\u00f3n de las v\u00edas secundarias y terciarias en el departamento de Nari\u00f1o. La maquinaria consta de tres motoniveladoras, tres vibro compactadores y dos retroexcavadoras (pajaritas) que entrar\u00e1n en funcionamiento en [&hellip;]\" \/>\n<meta property=\"og:url\" content=\"https:\/\/pagina10.com\/web\/la-gobernacion-adquirio-tres-bancos-de-maquinaria-para-recuperar-vias-en-narino\/\" \/>\n<meta property=\"og:site_name\" content=\"P\u00e1gina10\" \/>\n<meta property=\"article:publisher\" content=\"https:\/\/www.facebook.com\/pag10com\" \/>\n<meta property=\"article:published_time\" content=\"2022-02-15T03:30:04+00:00\" \/>\n<meta property=\"og:image\" content=\"https:\/\/pagina10.com\/web\/wp-content\/uploads\/2022\/02\/Captura-de-Pantalla-2022-02-14-a-las-10.29.17-p.-m..png\" \/>\n\t<meta property=\"og:image:width\" content=\"554\" \/>\n\t<meta property=\"og:image:height\" content=\"262\" \/>\n\t<meta property=\"og:image:type\" content=\"image\/png\" \/>\n<meta name=\"author\" content=\"P\u00e1gina 10\" \/>\n<meta name=\"twitter:card\" content=\"summary_large_image\" \/>\n<meta name=\"twitter:creator\" content=\"@Pag10com\" \/>\n<meta name=\"twitter:site\" content=\"@Pag10com\" \/>\n<meta name=\"twitter:label1\" content=\"Escrito por\" \/>\n\t<meta name=\"twitter:data1\" content=\"P\u00e1gina 10\" \/>\n\t<meta name=\"twitter:label2\" content=\"Tiempo de lectura\" \/>\n\t<meta name=\"twitter:data2\" content=\"1 minuto\" \/>\n<script type=\"application\/ld+json\" class=\"yoast-schema-graph\">{\"@context\":\"https:\/\/schema.org\",\"@graph\":[{\"@type\":\"Article\",\"@id\":\"https:\/\/pagina10.com\/web\/la-gobernacion-adquirio-tres-bancos-de-maquinaria-para-recuperar-vias-en-narino\/#article\",\"isPartOf\":{\"@id\":\"https:\/\/pagina10.com\/web\/la-gobernacion-adquirio-tres-bancos-de-maquinaria-para-recuperar-vias-en-narino\/\"},\"author\":{\"name\":\"P\u00e1gina 10\",\"@id\":\"https:\/\/pagina10.com\/web\/#\/schema\/person\/2efc4a090d25b667d3bc796798a3a81b\"},\"headline\":\"La Gobernaci\u00f3n adquiri\u00f3 tres bancos de maquinaria para recuperar v\u00edas en Nari\u00f1o\",\"datePublished\":\"2022-02-15T03:30:04+00:00\",\"mainEntityOfPage\":{\"@id\":\"https:\/\/pagina10.com\/web\/la-gobernacion-adquirio-tres-bancos-de-maquinaria-para-recuperar-vias-en-narino\/\"},\"wordCount\":283,\"commentCount\":0,\"publisher\":{\"@id\":\"https:\/\/pagina10.com\/web\/#organization\"},\"image\":{\"@id\":\"https:\/\/pagina10.com\/web\/la-gobernacion-adquirio-tres-bancos-de-maquinaria-para-recuperar-vias-en-narino\/#primaryimage\"},\"thumbnailUrl\":\"https:\/\/pagina10.com\/web\/wp-content\/uploads\/2022\/02\/Captura-de-Pantalla-2022-02-14-a-las-10.29.17-p.-m..png\",\"articleSection\":[\"Regiones\"],\"inLanguage\":\"es\",\"potentialAction\":[{\"@type\":\"CommentAction\",\"name\":\"Comment\",\"target\":[\"https:\/\/pagina10.com\/web\/la-gobernacion-adquirio-tres-bancos-de-maquinaria-para-recuperar-vias-en-narino\/#respond\"]}]},{\"@type\":\"WebPage\",\"@id\":\"https:\/\/pagina10.com\/web\/la-gobernacion-adquirio-tres-bancos-de-maquinaria-para-recuperar-vias-en-narino\/\",\"url\":\"https:\/\/pagina10.com\/web\/la-gobernacion-adquirio-tres-bancos-de-maquinaria-para-recuperar-vias-en-narino\/\",\"name\":\"La Gobernaci\u00f3n adquiri\u00f3 tres bancos de maquinaria para recuperar v\u00edas en Nari\u00f1o | P\u00e1gina10\",\"isPartOf\":{\"@id\":\"https:\/\/pagina10.com\/web\/#website\"},\"primaryImageOfPage\":{\"@id\":\"https:\/\/pagina10.com\/web\/la-gobernacion-adquirio-tres-bancos-de-maquinaria-para-recuperar-vias-en-narino\/#primaryimage\"},\"image\":{\"@id\":\"https:\/\/pagina10.com\/web\/la-gobernacion-adquirio-tres-bancos-de-maquinaria-para-recuperar-vias-en-narino\/#primaryimage\"},\"thumbnailUrl\":\"https:\/\/pagina10.com\/web\/wp-content\/uploads\/2022\/02\/Captura-de-Pantalla-2022-02-14-a-las-10.29.17-p.-m..png\",\"datePublished\":\"2022-02-15T03:30:04+00:00\",\"breadcrumb\":{\"@id\":\"https:\/\/pagina10.com\/web\/la-gobernacion-adquirio-tres-bancos-de-maquinaria-para-recuperar-vias-en-narino\/#breadcrumb\"},\"inLanguage\":\"es\",\"potentialAction\":[{\"@type\":\"ReadAction\",\"target\":[\"https:\/\/pagina10.com\/web\/la-gobernacion-adquirio-tres-bancos-de-maquinaria-para-recuperar-vias-en-narino\/\"]}]},{\"@type\":\"ImageObject\",\"inLanguage\":\"es\",\"@id\":\"https:\/\/pagina10.com\/web\/la-gobernacion-adquirio-tres-bancos-de-maquinaria-para-recuperar-vias-en-narino\/#primaryimage\",\"url\":\"https:\/\/pagina10.com\/web\/wp-content\/uploads\/2022\/02\/Captura-de-Pantalla-2022-02-14-a-las-10.29.17-p.-m..png\",\"contentUrl\":\"https:\/\/pagina10.com\/web\/wp-content\/uploads\/2022\/02\/Captura-de-Pantalla-2022-02-14-a-las-10.29.17-p.-m..png\",\"width\":554,\"height\":262},{\"@type\":\"BreadcrumbList\",\"@id\":\"https:\/\/pagina10.com\/web\/la-gobernacion-adquirio-tres-bancos-de-maquinaria-para-recuperar-vias-en-narino\/#breadcrumb\",\"itemListElement\":[{\"@type\":\"ListItem\",\"position\":1,\"name\":\"Portada\",\"item\":\"https:\/\/pagina10.com\/web\/\"},{\"@type\":\"ListItem\",\"position\":2,\"name\":\"La Gobernaci\u00f3n adquiri\u00f3 tres bancos de maquinaria para recuperar v\u00edas en Nari\u00f1o\"}]},{\"@type\":\"WebSite\",\"@id\":\"https:\/\/pagina10.com\/web\/#website\",\"url\":\"https:\/\/pagina10.com\/web\/\",\"name\":\"P\u00e1gina10\",\"description\":\"Peri\u00f3dico Regional\",\"publisher\":{\"@id\":\"https:\/\/pagina10.com\/web\/#organization\"},\"alternateName\":\"P\u00e1gina10 Peri\u00f3dico Regional\",\"potentialAction\":[{\"@type\":\"SearchAction\",\"target\":{\"@type\":\"EntryPoint\",\"urlTemplate\":\"https:\/\/pagina10.com\/web\/?s={search_term_string}\"},\"query-input\":{\"@type\":\"PropertyValueSpecification\",\"valueRequired\":true,\"valueName\":\"search_term_string\"}}],\"inLanguage\":\"es\"},{\"@type\":\"Organization\",\"@id\":\"https:\/\/pagina10.com\/web\/#organization\",\"name\":\"P\u00e1gina10\",\"alternateName\":\"P\u00e1gina10 Peri\u00f3dico Regional\",\"url\":\"https:\/\/pagina10.com\/web\/\",\"logo\":{\"@type\":\"ImageObject\",\"inLanguage\":\"es\",\"@id\":\"https:\/\/pagina10.com\/web\/#\/schema\/logo\/image\/\",\"url\":\"https:\/\/pagina10.com\/web\/wp-content\/uploads\/2024\/01\/40-pagina-10-periodico-regional-pasto.jpg\",\"contentUrl\":\"https:\/\/pagina10.com\/web\/wp-content\/uploads\/2024\/01\/40-pagina-10-periodico-regional-pasto.jpg\",\"width\":1280,\"height\":720,\"caption\":\"P\u00e1gina10\"},\"image\":{\"@id\":\"https:\/\/pagina10.com\/web\/#\/schema\/logo\/image\/\"},\"sameAs\":[\"https:\/\/www.facebook.com\/pag10com\",\"https:\/\/x.com\/Pag10com\",\"https:\/\/www.instagram.com\/pagina10col\/\",\"https:\/\/youtube.com\/channel\/pag10\",\"https:\/\/www.tiktok.com\/@p10col\"]},{\"@type\":\"Person\",\"@id\":\"https:\/\/pagina10.com\/web\/#\/schema\/person\/2efc4a090d25b667d3bc796798a3a81b\",\"name\":\"P\u00e1gina 10\",\"description\":\"P\u00e1gina 10 es un peri\u00f3dico regional que nace en Colombia, en el departamento de Nari\u00f1o, con un enfoque global, fundamentado en cuatro pilares esenciales: la libertad, el pluralismo, la inclusi\u00f3n y la independencia. P\u00e1gina 10 hace referencia a Nari\u00f1o como el d\u00e9cimo departamento creado en Colombia, despu\u00e9s de un proceso pol\u00edtico liderado por actores y actrices regionales con el fin de obtener la independencia y autonom\u00eda de nuestros territorios. Con la creaci\u00f3n de P\u00e1gina 10 se pretende abrir un escenario para el dialogo, la reflexi\u00f3n y el debate que se extienda a otras geograf\u00edas de Am\u00e9rica Latina y del planeta, en una apuesta por transformar colectivamente los desaf\u00edos de un mundo contempor\u00e1neo, m\u00e1s all\u00e1 de las fronteras impuestas.\",\"url\":\"https:\/\/pagina10.com\/web\/author\/pdiezadmin\/\"}]}<\/script>\n<!-- \/ Yoast SEO plugin. -->","yoast_head_json":{"title":"La Gobernaci\u00f3n adquiri\u00f3 tres bancos de maquinaria para recuperar v\u00edas en Nari\u00f1o | P\u00e1gina10","robots":{"index":"index","follow":"follow","max-snippet":"max-snippet:-1","max-image-preview":"max-image-preview:large","max-video-preview":"max-video-preview:-1"},"canonical":"https:\/\/pagina10.com\/web\/la-gobernacion-adquirio-tres-bancos-de-maquinaria-para-recuperar-vias-en-narino\/","og_locale":"es_ES","og_type":"article","og_title":"La Gobernaci\u00f3n adquiri\u00f3 tres bancos de maquinaria para recuperar v\u00edas en Nari\u00f1o | P\u00e1gina10","og_description":"Por un valor de $12.500 millones, provenientes de recursos de regal\u00edas departamentales, la Gobernaci\u00f3n de Nari\u00f1o adquiri\u00f3 tres nuevos bancos de maquinaria, destinados a la recuperaci\u00f3n de las v\u00edas secundarias y terciarias en el departamento de Nari\u00f1o. La maquinaria consta de tres motoniveladoras, tres vibro compactadores y dos retroexcavadoras (pajaritas) que entrar\u00e1n en funcionamiento en [&hellip;]","og_url":"https:\/\/pagina10.com\/web\/la-gobernacion-adquirio-tres-bancos-de-maquinaria-para-recuperar-vias-en-narino\/","og_site_name":"P\u00e1gina10","article_publisher":"https:\/\/www.facebook.com\/pag10com","article_published_time":"2022-02-15T03:30:04+00:00","og_image":[{"width":554,"height":262,"url":"https:\/\/pagina10.com\/web\/wp-content\/uploads\/2022\/02\/Captura-de-Pantalla-2022-02-14-a-las-10.29.17-p.-m..png","type":"image\/png"}],"author":"P\u00e1gina 10","twitter_card":"summary_large_image","twitter_creator":"@Pag10com","twitter_site":"@Pag10com","twitter_misc":{"Escrito por":"P\u00e1gina 10","Tiempo de lectura":"1 minuto"},"schema":{"@context":"https:\/\/schema.org","@graph":[{"@type":"Article","@id":"https:\/\/pagina10.com\/web\/la-gobernacion-adquirio-tres-bancos-de-maquinaria-para-recuperar-vias-en-narino\/#article","isPartOf":{"@id":"https:\/\/pagina10.com\/web\/la-gobernacion-adquirio-tres-bancos-de-maquinaria-para-recuperar-vias-en-narino\/"},"author":{"name":"P\u00e1gina 10","@id":"https:\/\/pagina10.com\/web\/#\/schema\/person\/2efc4a090d25b667d3bc796798a3a81b"},"headline":"La Gobernaci\u00f3n adquiri\u00f3 tres bancos de maquinaria para recuperar v\u00edas en Nari\u00f1o","datePublished":"2022-02-15T03:30:04+00:00","mainEntityOfPage":{"@id":"https:\/\/pagina10.com\/web\/la-gobernacion-adquirio-tres-bancos-de-maquinaria-para-recuperar-vias-en-narino\/"},"wordCount":283,"commentCount":0,"publisher":{"@id":"https:\/\/pagina10.com\/web\/#organization"},"image":{"@id":"https:\/\/pagina10.com\/web\/la-gobernacion-adquirio-tres-bancos-de-maquinaria-para-recuperar-vias-en-narino\/#primaryimage"},"thumbnailUrl":"https:\/\/pagina10.com\/web\/wp-content\/uploads\/2022\/02\/Captura-de-Pantalla-2022-02-14-a-las-10.29.17-p.-m..png","articleSection":["Regiones"],"inLanguage":"es","potentialAction":[{"@type":"CommentAction","name":"Comment","target":["https:\/\/pagina10.com\/web\/la-gobernacion-adquirio-tres-bancos-de-maquinaria-para-recuperar-vias-en-narino\/#respond"]}]},{"@type":"WebPage","@id":"https:\/\/pagina10.com\/web\/la-gobernacion-adquirio-tres-bancos-de-maquinaria-para-recuperar-vias-en-narino\/","url":"https:\/\/pagina10.com\/web\/la-gobernacion-adquirio-tres-bancos-de-maquinaria-para-recuperar-vias-en-narino\/","name":"La Gobernaci\u00f3n adquiri\u00f3 tres bancos de maquinaria para recuperar v\u00edas en Nari\u00f1o | P\u00e1gina10","isPartOf":{"@id":"https:\/\/pagina10.com\/web\/#website"},"primaryImageOfPage":{"@id":"https:\/\/pagina10.com\/web\/la-gobernacion-adquirio-tres-bancos-de-maquinaria-para-recuperar-vias-en-narino\/#primaryimage"},"image":{"@id":"https:\/\/pagina10.com\/web\/la-gobernacion-adquirio-tres-bancos-de-maquinaria-para-recuperar-vias-en-narino\/#primaryimage"},"thumbnailUrl":"https:\/\/pagina10.com\/web\/wp-content\/uploads\/2022\/02\/Captura-de-Pantalla-2022-02-14-a-las-10.29.17-p.-m..png","datePublished":"2022-02-15T03:30:04+00:00","breadcrumb":{"@id":"https:\/\/pagina10.com\/web\/la-gobernacion-adquirio-tres-bancos-de-maquinaria-para-recuperar-vias-en-narino\/#breadcrumb"},"inLanguage":"es","potentialAction":[{"@type":"ReadAction","target":["https:\/\/pagina10.com\/web\/la-gobernacion-adquirio-tres-bancos-de-maquinaria-para-recuperar-vias-en-narino\/"]}]},{"@type":"ImageObject","inLanguage":"es","@id":"https:\/\/pagina10.com\/web\/la-gobernacion-adquirio-tres-bancos-de-maquinaria-para-recuperar-vias-en-narino\/#primaryimage","url":"https:\/\/pagina10.com\/web\/wp-content\/uploads\/2022\/02\/Captura-de-Pantalla-2022-02-14-a-las-10.29.17-p.-m..png","contentUrl":"https:\/\/pagina10.com\/web\/wp-content\/uploads\/2022\/02\/Captura-de-Pantalla-2022-02-14-a-las-10.29.17-p.-m..png","width":554,"height":262},{"@type":"BreadcrumbList","@id":"https:\/\/pagina10.com\/web\/la-gobernacion-adquirio-tres-bancos-de-maquinaria-para-recuperar-vias-en-narino\/#breadcrumb","itemListElement":[{"@type":"ListItem","position":1,"name":"Portada","item":"https:\/\/pagina10.com\/web\/"},{"@type":"ListItem","position":2,"name":"La Gobernaci\u00f3n adquiri\u00f3 tres bancos de maquinaria para recuperar v\u00edas en Nari\u00f1o"}]},{"@type":"WebSite","@id":"https:\/\/pagina10.com\/web\/#website","url":"https:\/\/pagina10.com\/web\/","name":"P\u00e1gina10","description":"Peri\u00f3dico Regional","publisher":{"@id":"https:\/\/pagina10.com\/web\/#organization"},"alternateName":"P\u00e1gina10 Peri\u00f3dico Regional","potentialAction":[{"@type":"SearchAction","target":{"@type":"EntryPoint","urlTemplate":"https:\/\/pagina10.com\/web\/?s={search_term_string}"},"query-input":{"@type":"PropertyValueSpecification","valueRequired":true,"valueName":"search_term_string"}}],"inLanguage":"es"},{"@type":"Organization","@id":"https:\/\/pagina10.com\/web\/#organization","name":"P\u00e1gina10","alternateName":"P\u00e1gina10 Peri\u00f3dico Regional","url":"https:\/\/pagina10.com\/web\/","logo":{"@type":"ImageObject","inLanguage":"es","@id":"https:\/\/pagina10.com\/web\/#\/schema\/logo\/image\/","url":"https:\/\/pagina10.com\/web\/wp-content\/uploads\/2024\/01\/40-pagina-10-periodico-regional-pasto.jpg","contentUrl":"https:\/\/pagina10.com\/web\/wp-content\/uploads\/2024\/01\/40-pagina-10-periodico-regional-pasto.jpg","width":1280,"height":720,"caption":"P\u00e1gina10"},"image":{"@id":"https:\/\/pagina10.com\/web\/#\/schema\/logo\/image\/"},"sameAs":["https:\/\/www.facebook.com\/pag10com","https:\/\/x.com\/Pag10com","https:\/\/www.instagram.com\/pagina10col\/","https:\/\/youtube.com\/channel\/pag10","https:\/\/www.tiktok.com\/@p10col"]},{"@type":"Person","@id":"https:\/\/pagina10.com\/web\/#\/schema\/person\/2efc4a090d25b667d3bc796798a3a81b","name":"P\u00e1gina 10","description":"P\u00e1gina 10 es un peri\u00f3dico regional que nace en Colombia, en el departamento de Nari\u00f1o, con un enfoque global, fundamentado en cuatro pilares esenciales: la libertad, el pluralismo, la inclusi\u00f3n y la independencia. P\u00e1gina 10 hace referencia a Nari\u00f1o como el d\u00e9cimo departamento creado en Colombia, despu\u00e9s de un proceso pol\u00edtico liderado por actores y actrices regionales con el fin de obtener la independencia y autonom\u00eda de nuestros territorios. Con la creaci\u00f3n de P\u00e1gina 10 se pretende abrir un escenario para el dialogo, la reflexi\u00f3n y el debate que se extienda a otras geograf\u00edas de Am\u00e9rica Latina y del planeta, en una apuesta por transformar colectivamente los desaf\u00edos de un mundo contempor\u00e1neo, m\u00e1s all\u00e1 de las fronteras impuestas.","url":"https:\/\/pagina10.com\/web\/author\/pdiezadmin\/"}]}},"_links":{"self":[{"href":"https:\/\/pagina10.com\/web\/wp-json\/wp\/v2\/posts\/58172","targetHints":{"allow":["GET"]}}],"collection":[{"href":"https:\/\/pagina10.com\/web\/wp-json\/wp\/v2\/posts"}],"about":[{"href":"https:\/\/pagina10.com\/web\/wp-json\/wp\/v2\/types\/post"}],"author":[{"embeddable":true,"href":"https:\/\/pagina10.com\/web\/wp-json\/wp\/v2\/users\/1"}],"replies":[{"embeddable":true,"href":"https:\/\/pagina10.com\/web\/wp-json\/wp\/v2\/comments?post=58172"}],"version-history":[{"count":1,"href":"https:\/\/pagina10.com\/web\/wp-json\/wp\/v2\/posts\/58172\/revisions"}],"predecessor-version":[{"id":58174,"href":"https:\/\/pagina10.com\/web\/wp-json\/wp\/v2\/posts\/58172\/revisions\/58174"}],"wp:featuredmedia":[{"embeddable":true,"href":"https:\/\/pagina10.com\/web\/wp-json\/wp\/v2\/media\/58173"}],"wp:attachment":[{"href":"https:\/\/pagina10.com\/web\/wp-json\/wp\/v2\/media?parent=58172"}],"wp:term":[{"taxonomy":"category","embeddable":true,"href":"https:\/\/pagina10.com\/web\/wp-json\/wp\/v2\/categories?post=58172"},{"taxonomy":"post_tag","embeddable":true,"href":"https:\/\/pagina10.com\/web\/wp-json\/wp\/v2\/tags?post=58172"}],"curies":[{"name":"wp","href":"https:\/\/api.w.org\/{rel}","templated":true}]}}