{"id":58175,"date":"2022-02-14T22:32:33","date_gmt":"2022-02-15T03:32:33","guid":{"rendered":"https:\/\/pagina10.com\/web\/?p=58175"},"modified":"2022-02-14T22:32:33","modified_gmt":"2022-02-15T03:32:33","slug":"entre-cuerpos-de-nn-sepultados-en-cementerio-de-tumaco-buscaran-a-victimas-de-desaparicion-forzada","status":"publish","type":"post","link":"https:\/\/pagina10.com\/web\/entre-cuerpos-de-nn-sepultados-en-cementerio-de-tumaco-buscaran-a-victimas-de-desaparicion-forzada\/","title":{"rendered":"Entre cuerpos de NN sepultados en cementerio de Tumaco buscar\u00e1n a v\u00edctimas de desaparici\u00f3n forzada"},"content":{"rendered":"<p>Familiares de v\u00edctimas de desaparici\u00f3n en Tumaco esperan que m\u00e1s de 200 cuerpos NN que reposan en el cementerio distrital sean identificados con la esperanza de encontrar a sus familiares.<br \/>\nEste lunes 14 de febrero se realizar\u00e1 la exhumaci\u00f3n de los cuerpos no identificados que reposan en el cementerio de Tumaco. Seg\u00fan las cifras, se encuentran cerca de 775 personas desaparecidas y en este campo santo existen 287 cuerpos sin identificar.<br \/>\n\u201cDentro de este acto, se realizar\u00e1 un ritual de sanaci\u00f3n y conmemoraci\u00f3n a las v\u00edctimas de desaparici\u00f3n. El evento est\u00e1 liderado desde la Mesa Departamental de Desaparici\u00f3n y apoyado por el trabajo riguroso del Colectivo Fals Borda, la Fiscal\u00eda y otras entidades que est\u00e1n coordinando el proceso de intervenci\u00f3n del cementerio distrital de Tumaco\u201d, indic\u00f3 la Subsecretar\u00eda de Paz y Derechos Humanos, Juliana Viveros.<br \/>\nEste proceso de intervenci\u00f3n del cementerio central tendr\u00e1 acompa\u00f1amiento psicosocial con un grupo de profesionales para velar por la salud mental de las v\u00edctimas y tambi\u00e9n intervendr\u00e1 un equipo forense de Medicina Legal para apoyar este proceso de identificaci\u00f3n que se realizar\u00e1 tambi\u00e9n en Pasto, Ipiales y Samaniego.<br \/>\nEste acto simb\u00f3lico contar\u00e1 con la presencia de dos organizaciones de familiares de personas desaparecidas: Afadepac, Luz de Esperanza y otras asociaciones de Nari\u00f1o.<\/p>\n","protected":false},"excerpt":{"rendered":"<p>Familiares de v\u00edctimas de desaparici\u00f3n en Tumaco esperan que m\u00e1s de 200 cuerpos NN que reposan en el cementerio distrital sean identificados con la esperanza de encontrar a sus familiares. Este lunes 14 de febrero se realizar\u00e1 la exhumaci\u00f3n de los cuerpos no identificados que reposan en el cementerio de Tumaco. Seg\u00fan las cifras, se [&hellip;]<\/p>\n","protected":false},"author":1,"featured_media":58176,"comment_status":"open","ping_status":"open","sticky":false,"template":"","format":"standard","meta":{"footnotes":""},"categories":[53],"tags":[],"class_list":["post-58175","post","type-post","status-publish","format-standard","has-post-thumbnail","hentry","category-regiones"],"yoast_head":"<!-- This site is optimized with the Yoast SEO plugin v27.1.1 - https:\/\/yoast.com\/product\/yoast-seo-wordpress\/ -->\n<title>Entre cuerpos de NN sepultados en cementerio de Tumaco buscar\u00e1n a v\u00edctimas de desaparici\u00f3n forzada | P\u00e1gina10<\/title>\n<meta name=\"robots\" content=\"index, follow, max-snippet:-1, max-image-preview:large, max-video-preview:-1\" \/>\n<link rel=\"canonical\" href=\"https:\/\/pagina10.com\/web\/entre-cuerpos-de-nn-sepultados-en-cementerio-de-tumaco-buscaran-a-victimas-de-desaparicion-forzada\/\" \/>\n<meta property=\"og:locale\" content=\"es_ES\" \/>\n<meta property=\"og:type\" content=\"article\" \/>\n<meta property=\"og:title\" content=\"Entre cuerpos de NN sepultados en cementerio de Tumaco buscar\u00e1n a v\u00edctimas de desaparici\u00f3n forzada | P\u00e1gina10\" \/>\n<meta property=\"og:description\" content=\"Familiares de v\u00edctimas de desaparici\u00f3n en Tumaco esperan que m\u00e1s de 200 cuerpos NN que reposan en el cementerio distrital sean identificados con la esperanza de encontrar a sus familiares. Este lunes 14 de febrero se realizar\u00e1 la exhumaci\u00f3n de los cuerpos no identificados que reposan en el cementerio de Tumaco. Seg\u00fan las cifras, se [&hellip;]\" \/>\n<meta property=\"og:url\" content=\"https:\/\/pagina10.com\/web\/entre-cuerpos-de-nn-sepultados-en-cementerio-de-tumaco-buscaran-a-victimas-de-desaparicion-forzada\/\" \/>\n<meta property=\"og:site_name\" content=\"P\u00e1gina10\" \/>\n<meta property=\"article:publisher\" content=\"https:\/\/www.facebook.com\/pag10com\" \/>\n<meta property=\"article:published_time\" content=\"2022-02-15T03:32:33+00:00\" \/>\n<meta property=\"og:image\" content=\"https:\/\/pagina10.com\/web\/wp-content\/uploads\/2022\/02\/Captura-de-Pantalla-2022-02-14-a-las-10.31.53-p.-m..png\" \/>\n\t<meta property=\"og:image:width\" content=\"402\" \/>\n\t<meta property=\"og:image:height\" content=\"296\" \/>\n\t<meta property=\"og:image:type\" content=\"image\/png\" \/>\n<meta name=\"author\" content=\"P\u00e1gina 10\" \/>\n<meta name=\"twitter:card\" content=\"summary_large_image\" \/>\n<meta name=\"twitter:creator\" content=\"@Pag10com\" \/>\n<meta name=\"twitter:site\" content=\"@Pag10com\" \/>\n<meta name=\"twitter:label1\" content=\"Escrito por\" \/>\n\t<meta name=\"twitter:data1\" content=\"P\u00e1gina 10\" \/>\n\t<meta name=\"twitter:label2\" content=\"Tiempo de lectura\" \/>\n\t<meta name=\"twitter:data2\" content=\"1 minuto\" \/>\n<script type=\"application\/ld+json\" class=\"yoast-schema-graph\">{\"@context\":\"https:\/\/schema.org\",\"@graph\":[{\"@type\":\"Article\",\"@id\":\"https:\/\/pagina10.com\/web\/entre-cuerpos-de-nn-sepultados-en-cementerio-de-tumaco-buscaran-a-victimas-de-desaparicion-forzada\/#article\",\"isPartOf\":{\"@id\":\"https:\/\/pagina10.com\/web\/entre-cuerpos-de-nn-sepultados-en-cementerio-de-tumaco-buscaran-a-victimas-de-desaparicion-forzada\/\"},\"author\":{\"name\":\"P\u00e1gina 10\",\"@id\":\"https:\/\/pagina10.com\/web\/#\/schema\/person\/2efc4a090d25b667d3bc796798a3a81b\"},\"headline\":\"Entre cuerpos de NN sepultados en cementerio de Tumaco buscar\u00e1n a v\u00edctimas de desaparici\u00f3n forzada\",\"datePublished\":\"2022-02-15T03:32:33+00:00\",\"mainEntityOfPage\":{\"@id\":\"https:\/\/pagina10.com\/web\/entre-cuerpos-de-nn-sepultados-en-cementerio-de-tumaco-buscaran-a-victimas-de-desaparicion-forzada\/\"},\"wordCount\":243,\"commentCount\":0,\"publisher\":{\"@id\":\"https:\/\/pagina10.com\/web\/#organization\"},\"image\":{\"@id\":\"https:\/\/pagina10.com\/web\/entre-cuerpos-de-nn-sepultados-en-cementerio-de-tumaco-buscaran-a-victimas-de-desaparicion-forzada\/#primaryimage\"},\"thumbnailUrl\":\"https:\/\/pagina10.com\/web\/wp-content\/uploads\/2022\/02\/Captura-de-Pantalla-2022-02-14-a-las-10.31.53-p.-m..png\",\"articleSection\":[\"Regiones\"],\"inLanguage\":\"es\",\"potentialAction\":[{\"@type\":\"CommentAction\",\"name\":\"Comment\",\"target\":[\"https:\/\/pagina10.com\/web\/entre-cuerpos-de-nn-sepultados-en-cementerio-de-tumaco-buscaran-a-victimas-de-desaparicion-forzada\/#respond\"]}]},{\"@type\":\"WebPage\",\"@id\":\"https:\/\/pagina10.com\/web\/entre-cuerpos-de-nn-sepultados-en-cementerio-de-tumaco-buscaran-a-victimas-de-desaparicion-forzada\/\",\"url\":\"https:\/\/pagina10.com\/web\/entre-cuerpos-de-nn-sepultados-en-cementerio-de-tumaco-buscaran-a-victimas-de-desaparicion-forzada\/\",\"name\":\"Entre cuerpos de NN sepultados en cementerio de Tumaco buscar\u00e1n a v\u00edctimas de desaparici\u00f3n forzada | P\u00e1gina10\",\"isPartOf\":{\"@id\":\"https:\/\/pagina10.com\/web\/#website\"},\"primaryImageOfPage\":{\"@id\":\"https:\/\/pagina10.com\/web\/entre-cuerpos-de-nn-sepultados-en-cementerio-de-tumaco-buscaran-a-victimas-de-desaparicion-forzada\/#primaryimage\"},\"image\":{\"@id\":\"https:\/\/pagina10.com\/web\/entre-cuerpos-de-nn-sepultados-en-cementerio-de-tumaco-buscaran-a-victimas-de-desaparicion-forzada\/#primaryimage\"},\"thumbnailUrl\":\"https:\/\/pagina10.com\/web\/wp-content\/uploads\/2022\/02\/Captura-de-Pantalla-2022-02-14-a-las-10.31.53-p.-m..png\",\"datePublished\":\"2022-02-15T03:32:33+00:00\",\"breadcrumb\":{\"@id\":\"https:\/\/pagina10.com\/web\/entre-cuerpos-de-nn-sepultados-en-cementerio-de-tumaco-buscaran-a-victimas-de-desaparicion-forzada\/#breadcrumb\"},\"inLanguage\":\"es\",\"potentialAction\":[{\"@type\":\"ReadAction\",\"target\":[\"https:\/\/pagina10.com\/web\/entre-cuerpos-de-nn-sepultados-en-cementerio-de-tumaco-buscaran-a-victimas-de-desaparicion-forzada\/\"]}]},{\"@type\":\"ImageObject\",\"inLanguage\":\"es\",\"@id\":\"https:\/\/pagina10.com\/web\/entre-cuerpos-de-nn-sepultados-en-cementerio-de-tumaco-buscaran-a-victimas-de-desaparicion-forzada\/#primaryimage\",\"url\":\"https:\/\/pagina10.com\/web\/wp-content\/uploads\/2022\/02\/Captura-de-Pantalla-2022-02-14-a-las-10.31.53-p.-m..png\",\"contentUrl\":\"https:\/\/pagina10.com\/web\/wp-content\/uploads\/2022\/02\/Captura-de-Pantalla-2022-02-14-a-las-10.31.53-p.-m..png\",\"width\":402,\"height\":296},{\"@type\":\"BreadcrumbList\",\"@id\":\"https:\/\/pagina10.com\/web\/entre-cuerpos-de-nn-sepultados-en-cementerio-de-tumaco-buscaran-a-victimas-de-desaparicion-forzada\/#breadcrumb\",\"itemListElement\":[{\"@type\":\"ListItem\",\"position\":1,\"name\":\"Portada\",\"item\":\"https:\/\/pagina10.com\/web\/\"},{\"@type\":\"ListItem\",\"position\":2,\"name\":\"Entre cuerpos de NN sepultados en cementerio de Tumaco buscar\u00e1n a v\u00edctimas de desaparici\u00f3n forzada\"}]},{\"@type\":\"WebSite\",\"@id\":\"https:\/\/pagina10.com\/web\/#website\",\"url\":\"https:\/\/pagina10.com\/web\/\",\"name\":\"P\u00e1gina10\",\"description\":\"Peri\u00f3dico Regional\",\"publisher\":{\"@id\":\"https:\/\/pagina10.com\/web\/#organization\"},\"alternateName\":\"P\u00e1gina10 Peri\u00f3dico Regional\",\"potentialAction\":[{\"@type\":\"SearchAction\",\"target\":{\"@type\":\"EntryPoint\",\"urlTemplate\":\"https:\/\/pagina10.com\/web\/?s={search_term_string}\"},\"query-input\":{\"@type\":\"PropertyValueSpecification\",\"valueRequired\":true,\"valueName\":\"search_term_string\"}}],\"inLanguage\":\"es\"},{\"@type\":\"Organization\",\"@id\":\"https:\/\/pagina10.com\/web\/#organization\",\"name\":\"P\u00e1gina10\",\"alternateName\":\"P\u00e1gina10 Peri\u00f3dico Regional\",\"url\":\"https:\/\/pagina10.com\/web\/\",\"logo\":{\"@type\":\"ImageObject\",\"inLanguage\":\"es\",\"@id\":\"https:\/\/pagina10.com\/web\/#\/schema\/logo\/image\/\",\"url\":\"https:\/\/pagina10.com\/web\/wp-content\/uploads\/2024\/01\/40-pagina-10-periodico-regional-pasto.jpg\",\"contentUrl\":\"https:\/\/pagina10.com\/web\/wp-content\/uploads\/2024\/01\/40-pagina-10-periodico-regional-pasto.jpg\",\"width\":1280,\"height\":720,\"caption\":\"P\u00e1gina10\"},\"image\":{\"@id\":\"https:\/\/pagina10.com\/web\/#\/schema\/logo\/image\/\"},\"sameAs\":[\"https:\/\/www.facebook.com\/pag10com\",\"https:\/\/x.com\/Pag10com\",\"https:\/\/www.instagram.com\/pagina10col\/\",\"https:\/\/youtube.com\/channel\/pag10\",\"https:\/\/www.tiktok.com\/@p10col\"]},{\"@type\":\"Person\",\"@id\":\"https:\/\/pagina10.com\/web\/#\/schema\/person\/2efc4a090d25b667d3bc796798a3a81b\",\"name\":\"P\u00e1gina 10\",\"description\":\"P\u00e1gina 10 es un peri\u00f3dico regional que nace en Colombia, en el departamento de Nari\u00f1o, con un enfoque global, fundamentado en cuatro pilares esenciales: la libertad, el pluralismo, la inclusi\u00f3n y la independencia. P\u00e1gina 10 hace referencia a Nari\u00f1o como el d\u00e9cimo departamento creado en Colombia, despu\u00e9s de un proceso pol\u00edtico liderado por actores y actrices regionales con el fin de obtener la independencia y autonom\u00eda de nuestros territorios. Con la creaci\u00f3n de P\u00e1gina 10 se pretende abrir un escenario para el dialogo, la reflexi\u00f3n y el debate que se extienda a otras geograf\u00edas de Am\u00e9rica Latina y del planeta, en una apuesta por transformar colectivamente los desaf\u00edos de un mundo contempor\u00e1neo, m\u00e1s all\u00e1 de las fronteras impuestas.\",\"url\":\"https:\/\/pagina10.com\/web\/author\/pdiezadmin\/\"}]}<\/script>\n<!-- \/ Yoast SEO plugin. -->","yoast_head_json":{"title":"Entre cuerpos de NN sepultados en cementerio de Tumaco buscar\u00e1n a v\u00edctimas de desaparici\u00f3n forzada | P\u00e1gina10","robots":{"index":"index","follow":"follow","max-snippet":"max-snippet:-1","max-image-preview":"max-image-preview:large","max-video-preview":"max-video-preview:-1"},"canonical":"https:\/\/pagina10.com\/web\/entre-cuerpos-de-nn-sepultados-en-cementerio-de-tumaco-buscaran-a-victimas-de-desaparicion-forzada\/","og_locale":"es_ES","og_type":"article","og_title":"Entre cuerpos de NN sepultados en cementerio de Tumaco buscar\u00e1n a v\u00edctimas de desaparici\u00f3n forzada | P\u00e1gina10","og_description":"Familiares de v\u00edctimas de desaparici\u00f3n en Tumaco esperan que m\u00e1s de 200 cuerpos NN que reposan en el cementerio distrital sean identificados con la esperanza de encontrar a sus familiares. Este lunes 14 de febrero se realizar\u00e1 la exhumaci\u00f3n de los cuerpos no identificados que reposan en el cementerio de Tumaco. Seg\u00fan las cifras, se [&hellip;]","og_url":"https:\/\/pagina10.com\/web\/entre-cuerpos-de-nn-sepultados-en-cementerio-de-tumaco-buscaran-a-victimas-de-desaparicion-forzada\/","og_site_name":"P\u00e1gina10","article_publisher":"https:\/\/www.facebook.com\/pag10com","article_published_time":"2022-02-15T03:32:33+00:00","og_image":[{"width":402,"height":296,"url":"https:\/\/pagina10.com\/web\/wp-content\/uploads\/2022\/02\/Captura-de-Pantalla-2022-02-14-a-las-10.31.53-p.-m..png","type":"image\/png"}],"author":"P\u00e1gina 10","twitter_card":"summary_large_image","twitter_creator":"@Pag10com","twitter_site":"@Pag10com","twitter_misc":{"Escrito por":"P\u00e1gina 10","Tiempo de lectura":"1 minuto"},"schema":{"@context":"https:\/\/schema.org","@graph":[{"@type":"Article","@id":"https:\/\/pagina10.com\/web\/entre-cuerpos-de-nn-sepultados-en-cementerio-de-tumaco-buscaran-a-victimas-de-desaparicion-forzada\/#article","isPartOf":{"@id":"https:\/\/pagina10.com\/web\/entre-cuerpos-de-nn-sepultados-en-cementerio-de-tumaco-buscaran-a-victimas-de-desaparicion-forzada\/"},"author":{"name":"P\u00e1gina 10","@id":"https:\/\/pagina10.com\/web\/#\/schema\/person\/2efc4a090d25b667d3bc796798a3a81b"},"headline":"Entre cuerpos de NN sepultados en cementerio de Tumaco buscar\u00e1n a v\u00edctimas de desaparici\u00f3n forzada","datePublished":"2022-02-15T03:32:33+00:00","mainEntityOfPage":{"@id":"https:\/\/pagina10.com\/web\/entre-cuerpos-de-nn-sepultados-en-cementerio-de-tumaco-buscaran-a-victimas-de-desaparicion-forzada\/"},"wordCount":243,"commentCount":0,"publisher":{"@id":"https:\/\/pagina10.com\/web\/#organization"},"image":{"@id":"https:\/\/pagina10.com\/web\/entre-cuerpos-de-nn-sepultados-en-cementerio-de-tumaco-buscaran-a-victimas-de-desaparicion-forzada\/#primaryimage"},"thumbnailUrl":"https:\/\/pagina10.com\/web\/wp-content\/uploads\/2022\/02\/Captura-de-Pantalla-2022-02-14-a-las-10.31.53-p.-m..png","articleSection":["Regiones"],"inLanguage":"es","potentialAction":[{"@type":"CommentAction","name":"Comment","target":["https:\/\/pagina10.com\/web\/entre-cuerpos-de-nn-sepultados-en-cementerio-de-tumaco-buscaran-a-victimas-de-desaparicion-forzada\/#respond"]}]},{"@type":"WebPage","@id":"https:\/\/pagina10.com\/web\/entre-cuerpos-de-nn-sepultados-en-cementerio-de-tumaco-buscaran-a-victimas-de-desaparicion-forzada\/","url":"https:\/\/pagina10.com\/web\/entre-cuerpos-de-nn-sepultados-en-cementerio-de-tumaco-buscaran-a-victimas-de-desaparicion-forzada\/","name":"Entre cuerpos de NN sepultados en cementerio de Tumaco buscar\u00e1n a v\u00edctimas de desaparici\u00f3n forzada | P\u00e1gina10","isPartOf":{"@id":"https:\/\/pagina10.com\/web\/#website"},"primaryImageOfPage":{"@id":"https:\/\/pagina10.com\/web\/entre-cuerpos-de-nn-sepultados-en-cementerio-de-tumaco-buscaran-a-victimas-de-desaparicion-forzada\/#primaryimage"},"image":{"@id":"https:\/\/pagina10.com\/web\/entre-cuerpos-de-nn-sepultados-en-cementerio-de-tumaco-buscaran-a-victimas-de-desaparicion-forzada\/#primaryimage"},"thumbnailUrl":"https:\/\/pagina10.com\/web\/wp-content\/uploads\/2022\/02\/Captura-de-Pantalla-2022-02-14-a-las-10.31.53-p.-m..png","datePublished":"2022-02-15T03:32:33+00:00","breadcrumb":{"@id":"https:\/\/pagina10.com\/web\/entre-cuerpos-de-nn-sepultados-en-cementerio-de-tumaco-buscaran-a-victimas-de-desaparicion-forzada\/#breadcrumb"},"inLanguage":"es","potentialAction":[{"@type":"ReadAction","target":["https:\/\/pagina10.com\/web\/entre-cuerpos-de-nn-sepultados-en-cementerio-de-tumaco-buscaran-a-victimas-de-desaparicion-forzada\/"]}]},{"@type":"ImageObject","inLanguage":"es","@id":"https:\/\/pagina10.com\/web\/entre-cuerpos-de-nn-sepultados-en-cementerio-de-tumaco-buscaran-a-victimas-de-desaparicion-forzada\/#primaryimage","url":"https:\/\/pagina10.com\/web\/wp-content\/uploads\/2022\/02\/Captura-de-Pantalla-2022-02-14-a-las-10.31.53-p.-m..png","contentUrl":"https:\/\/pagina10.com\/web\/wp-content\/uploads\/2022\/02\/Captura-de-Pantalla-2022-02-14-a-las-10.31.53-p.-m..png","width":402,"height":296},{"@type":"BreadcrumbList","@id":"https:\/\/pagina10.com\/web\/entre-cuerpos-de-nn-sepultados-en-cementerio-de-tumaco-buscaran-a-victimas-de-desaparicion-forzada\/#breadcrumb","itemListElement":[{"@type":"ListItem","position":1,"name":"Portada","item":"https:\/\/pagina10.com\/web\/"},{"@type":"ListItem","position":2,"name":"Entre cuerpos de NN sepultados en cementerio de Tumaco buscar\u00e1n a v\u00edctimas de desaparici\u00f3n forzada"}]},{"@type":"WebSite","@id":"https:\/\/pagina10.com\/web\/#website","url":"https:\/\/pagina10.com\/web\/","name":"P\u00e1gina10","description":"Peri\u00f3dico Regional","publisher":{"@id":"https:\/\/pagina10.com\/web\/#organization"},"alternateName":"P\u00e1gina10 Peri\u00f3dico Regional","potentialAction":[{"@type":"SearchAction","target":{"@type":"EntryPoint","urlTemplate":"https:\/\/pagina10.com\/web\/?s={search_term_string}"},"query-input":{"@type":"PropertyValueSpecification","valueRequired":true,"valueName":"search_term_string"}}],"inLanguage":"es"},{"@type":"Organization","@id":"https:\/\/pagina10.com\/web\/#organization","name":"P\u00e1gina10","alternateName":"P\u00e1gina10 Peri\u00f3dico Regional","url":"https:\/\/pagina10.com\/web\/","logo":{"@type":"ImageObject","inLanguage":"es","@id":"https:\/\/pagina10.com\/web\/#\/schema\/logo\/image\/","url":"https:\/\/pagina10.com\/web\/wp-content\/uploads\/2024\/01\/40-pagina-10-periodico-regional-pasto.jpg","contentUrl":"https:\/\/pagina10.com\/web\/wp-content\/uploads\/2024\/01\/40-pagina-10-periodico-regional-pasto.jpg","width":1280,"height":720,"caption":"P\u00e1gina10"},"image":{"@id":"https:\/\/pagina10.com\/web\/#\/schema\/logo\/image\/"},"sameAs":["https:\/\/www.facebook.com\/pag10com","https:\/\/x.com\/Pag10com","https:\/\/www.instagram.com\/pagina10col\/","https:\/\/youtube.com\/channel\/pag10","https:\/\/www.tiktok.com\/@p10col"]},{"@type":"Person","@id":"https:\/\/pagina10.com\/web\/#\/schema\/person\/2efc4a090d25b667d3bc796798a3a81b","name":"P\u00e1gina 10","description":"P\u00e1gina 10 es un peri\u00f3dico regional que nace en Colombia, en el departamento de Nari\u00f1o, con un enfoque global, fundamentado en cuatro pilares esenciales: la libertad, el pluralismo, la inclusi\u00f3n y la independencia. P\u00e1gina 10 hace referencia a Nari\u00f1o como el d\u00e9cimo departamento creado en Colombia, despu\u00e9s de un proceso pol\u00edtico liderado por actores y actrices regionales con el fin de obtener la independencia y autonom\u00eda de nuestros territorios. Con la creaci\u00f3n de P\u00e1gina 10 se pretende abrir un escenario para el dialogo, la reflexi\u00f3n y el debate que se extienda a otras geograf\u00edas de Am\u00e9rica Latina y del planeta, en una apuesta por transformar colectivamente los desaf\u00edos de un mundo contempor\u00e1neo, m\u00e1s all\u00e1 de las fronteras impuestas.","url":"https:\/\/pagina10.com\/web\/author\/pdiezadmin\/"}]}},"_links":{"self":[{"href":"https:\/\/pagina10.com\/web\/wp-json\/wp\/v2\/posts\/58175","targetHints":{"allow":["GET"]}}],"collection":[{"href":"https:\/\/pagina10.com\/web\/wp-json\/wp\/v2\/posts"}],"about":[{"href":"https:\/\/pagina10.com\/web\/wp-json\/wp\/v2\/types\/post"}],"author":[{"embeddable":true,"href":"https:\/\/pagina10.com\/web\/wp-json\/wp\/v2\/users\/1"}],"replies":[{"embeddable":true,"href":"https:\/\/pagina10.com\/web\/wp-json\/wp\/v2\/comments?post=58175"}],"version-history":[{"count":1,"href":"https:\/\/pagina10.com\/web\/wp-json\/wp\/v2\/posts\/58175\/revisions"}],"predecessor-version":[{"id":58177,"href":"https:\/\/pagina10.com\/web\/wp-json\/wp\/v2\/posts\/58175\/revisions\/58177"}],"wp:featuredmedia":[{"embeddable":true,"href":"https:\/\/pagina10.com\/web\/wp-json\/wp\/v2\/media\/58176"}],"wp:attachment":[{"href":"https:\/\/pagina10.com\/web\/wp-json\/wp\/v2\/media?parent=58175"}],"wp:term":[{"taxonomy":"category","embeddable":true,"href":"https:\/\/pagina10.com\/web\/wp-json\/wp\/v2\/categories?post=58175"},{"taxonomy":"post_tag","embeddable":true,"href":"https:\/\/pagina10.com\/web\/wp-json\/wp\/v2\/tags?post=58175"}],"curies":[{"name":"wp","href":"https:\/\/api.w.org\/{rel}","templated":true}]}}