{"id":58191,"date":"2022-02-15T22:15:58","date_gmt":"2022-02-16T03:15:58","guid":{"rendered":"https:\/\/pagina10.com\/web\/?p=58191"},"modified":"2022-02-15T22:15:58","modified_gmt":"2022-02-16T03:15:58","slug":"ministro-del-interior-anuncio-que-se-garantizara-seguridad-en-narino-y-destaco-reduccion-de-homicidios-en-el-departamento","status":"publish","type":"post","link":"https:\/\/pagina10.com\/web\/ministro-del-interior-anuncio-que-se-garantizara-seguridad-en-narino-y-destaco-reduccion-de-homicidios-en-el-departamento\/","title":{"rendered":"Ministro del Interior anunci\u00f3 que se garantizar\u00e1 seguridad en Nari\u00f1o y destac\u00f3 reducci\u00f3n de homicidios en el Departamento"},"content":{"rendered":"<p style=\"text-align: justify;\">El Gobernador de Nari\u00f1o, Jhon Rojas, recibi\u00f3 al Ministro del Interior, Daniel Palacios, a qui\u00e9n expuso en una reuni\u00f3n de seguridad, las preocupaciones que tiene la regi\u00f3n frente a temas de convivencia, seguridad, orden p\u00fablico y el fortalecimiento institucional frente a las elecciones que se cumplir\u00e1n el pr\u00f3ximo mes de marzo.<br \/>\nAl t\u00e9rmino de la reuni\u00f3n, el Ministro Palacios indic\u00f3 que desde el Gobierno Nacional, se pondr\u00e1 en marcha toda la capacidad log\u00edstica para garantizar no solo la seguridad y la convivencia, sino tambi\u00e9n, el normal desarrollo de los comicios. El Ministro anuncio adem\u00e1s, que en Nari\u00f1o se logr\u00f3 disminuir el n\u00famero de homicidios en un 32% y asegur\u00f3 que se continuar\u00e1 la lucha frontal contra los grupos armados.<br \/>\nEl alto funcionario manifest\u00f3 qu\u00e9 frente al supuesto anuncio del ELN sobre un paro armado, el Gobierno responder\u00e1 con ofensiva de la fuerza p\u00fablica y mayor despliegue en el pa\u00eds.<br \/>\nDurante la visita oficial a Nari\u00f1o, el Ministro entreg\u00f3 dotaciones a los cuerpos de bomberos voluntarios, firm\u00f3 convenios para la construcci\u00f3n de centros &#8216;Sac\u00fadete&#8217; y entreg\u00f3 veh\u00edculos y motocicletas para la Polic\u00eda de distintos municipios del departamento de Nari\u00f1o, como parte del proceso de fortalecimiento de la seguridad ciudadana.<br \/>\nEl Gobernador de Nari\u00f1o, Jhon Rojas, manifest\u00f3 que la coordinaci\u00f3n con el Gobierno Nacional ha permitido fortalecer la seguridad y asegur\u00f3 que en ese prop\u00f3sito se siguen gestionando proyectos con el objetivo de mejorar la tecnolog\u00eda, la movilidad y la atenci\u00f3n a los ciudadanos en temas de seguridad y convivencia.<br \/>\nAs\u00ed mismo, el mandatario departamental pidi\u00f3 al Ministro apoyo t\u00e9cnico, log\u00edstico y operativo para propiciar mayor seguridad a los ciudadanos que se ven afectados por temas como el hurto y la inseguridad.<br \/>\nFinalmente, el mandatario departamental expres\u00f3 que las condiciones y garant\u00edas para el normal desarrollo de las elecciones son un compromiso en el que se encuentran involucradas todas las entidades tanto del orden nacional como regional.<\/p>\n","protected":false},"excerpt":{"rendered":"<p>El Gobernador de Nari\u00f1o, Jhon Rojas, recibi\u00f3 al Ministro del Interior, Daniel Palacios, a qui\u00e9n expuso en una reuni\u00f3n de seguridad, las preocupaciones que tiene la regi\u00f3n frente a temas de convivencia, seguridad, orden p\u00fablico y el fortalecimiento institucional frente a las elecciones que se cumplir\u00e1n el pr\u00f3ximo mes de marzo. Al t\u00e9rmino de la [&hellip;]<\/p>\n","protected":false},"author":1,"featured_media":58192,"comment_status":"open","ping_status":"open","sticky":false,"template":"","format":"standard","meta":{"footnotes":""},"categories":[53],"tags":[],"class_list":["post-58191","post","type-post","status-publish","format-standard","has-post-thumbnail","hentry","category-regiones"],"yoast_head":"<!-- This site is optimized with the Yoast SEO plugin v27.1.1 - https:\/\/yoast.com\/product\/yoast-seo-wordpress\/ -->\n<title>Ministro del Interior anunci\u00f3 que se garantizar\u00e1 seguridad en Nari\u00f1o y destac\u00f3 reducci\u00f3n de homicidios en el Departamento | P\u00e1gina10<\/title>\n<meta name=\"robots\" content=\"index, follow, max-snippet:-1, max-image-preview:large, max-video-preview:-1\" \/>\n<link rel=\"canonical\" href=\"https:\/\/pagina10.com\/web\/ministro-del-interior-anuncio-que-se-garantizara-seguridad-en-narino-y-destaco-reduccion-de-homicidios-en-el-departamento\/\" \/>\n<meta property=\"og:locale\" content=\"es_ES\" \/>\n<meta property=\"og:type\" content=\"article\" \/>\n<meta property=\"og:title\" content=\"Ministro del Interior anunci\u00f3 que se garantizar\u00e1 seguridad en Nari\u00f1o y destac\u00f3 reducci\u00f3n de homicidios en el Departamento | P\u00e1gina10\" \/>\n<meta property=\"og:description\" content=\"El Gobernador de Nari\u00f1o, Jhon Rojas, recibi\u00f3 al Ministro del Interior, Daniel Palacios, a qui\u00e9n expuso en una reuni\u00f3n de seguridad, las preocupaciones que tiene la regi\u00f3n frente a temas de convivencia, seguridad, orden p\u00fablico y el fortalecimiento institucional frente a las elecciones que se cumplir\u00e1n el pr\u00f3ximo mes de marzo. Al t\u00e9rmino de la [&hellip;]\" \/>\n<meta property=\"og:url\" content=\"https:\/\/pagina10.com\/web\/ministro-del-interior-anuncio-que-se-garantizara-seguridad-en-narino-y-destaco-reduccion-de-homicidios-en-el-departamento\/\" \/>\n<meta property=\"og:site_name\" content=\"P\u00e1gina10\" \/>\n<meta property=\"article:publisher\" content=\"https:\/\/www.facebook.com\/pag10com\" \/>\n<meta property=\"article:published_time\" content=\"2022-02-16T03:15:58+00:00\" \/>\n<meta property=\"og:image\" content=\"https:\/\/pagina10.com\/web\/wp-content\/uploads\/2022\/02\/WhatsApp-Image-2022-02-14-at-11.38.45-PM.jpeg\" \/>\n\t<meta property=\"og:image:width\" content=\"1280\" \/>\n\t<meta property=\"og:image:height\" content=\"853\" \/>\n\t<meta property=\"og:image:type\" content=\"image\/jpeg\" \/>\n<meta name=\"author\" content=\"P\u00e1gina 10\" \/>\n<meta name=\"twitter:card\" content=\"summary_large_image\" \/>\n<meta name=\"twitter:creator\" content=\"@Pag10com\" \/>\n<meta name=\"twitter:site\" content=\"@Pag10com\" \/>\n<meta name=\"twitter:label1\" content=\"Escrito por\" \/>\n\t<meta name=\"twitter:data1\" content=\"P\u00e1gina 10\" \/>\n\t<meta name=\"twitter:label2\" content=\"Tiempo de lectura\" \/>\n\t<meta name=\"twitter:data2\" content=\"2 minutos\" \/>\n<script type=\"application\/ld+json\" class=\"yoast-schema-graph\">{\"@context\":\"https:\/\/schema.org\",\"@graph\":[{\"@type\":\"Article\",\"@id\":\"https:\/\/pagina10.com\/web\/ministro-del-interior-anuncio-que-se-garantizara-seguridad-en-narino-y-destaco-reduccion-de-homicidios-en-el-departamento\/#article\",\"isPartOf\":{\"@id\":\"https:\/\/pagina10.com\/web\/ministro-del-interior-anuncio-que-se-garantizara-seguridad-en-narino-y-destaco-reduccion-de-homicidios-en-el-departamento\/\"},\"author\":{\"name\":\"P\u00e1gina 10\",\"@id\":\"https:\/\/pagina10.com\/web\/#\/schema\/person\/2efc4a090d25b667d3bc796798a3a81b\"},\"headline\":\"Ministro del Interior anunci\u00f3 que se garantizar\u00e1 seguridad en Nari\u00f1o y destac\u00f3 reducci\u00f3n de homicidios en el Departamento\",\"datePublished\":\"2022-02-16T03:15:58+00:00\",\"mainEntityOfPage\":{\"@id\":\"https:\/\/pagina10.com\/web\/ministro-del-interior-anuncio-que-se-garantizara-seguridad-en-narino-y-destaco-reduccion-de-homicidios-en-el-departamento\/\"},\"wordCount\":364,\"commentCount\":0,\"publisher\":{\"@id\":\"https:\/\/pagina10.com\/web\/#organization\"},\"image\":{\"@id\":\"https:\/\/pagina10.com\/web\/ministro-del-interior-anuncio-que-se-garantizara-seguridad-en-narino-y-destaco-reduccion-de-homicidios-en-el-departamento\/#primaryimage\"},\"thumbnailUrl\":\"https:\/\/pagina10.com\/web\/wp-content\/uploads\/2022\/02\/WhatsApp-Image-2022-02-14-at-11.38.45-PM.jpeg\",\"articleSection\":[\"Regiones\"],\"inLanguage\":\"es\",\"potentialAction\":[{\"@type\":\"CommentAction\",\"name\":\"Comment\",\"target\":[\"https:\/\/pagina10.com\/web\/ministro-del-interior-anuncio-que-se-garantizara-seguridad-en-narino-y-destaco-reduccion-de-homicidios-en-el-departamento\/#respond\"]}]},{\"@type\":\"WebPage\",\"@id\":\"https:\/\/pagina10.com\/web\/ministro-del-interior-anuncio-que-se-garantizara-seguridad-en-narino-y-destaco-reduccion-de-homicidios-en-el-departamento\/\",\"url\":\"https:\/\/pagina10.com\/web\/ministro-del-interior-anuncio-que-se-garantizara-seguridad-en-narino-y-destaco-reduccion-de-homicidios-en-el-departamento\/\",\"name\":\"Ministro del Interior anunci\u00f3 que se garantizar\u00e1 seguridad en Nari\u00f1o y destac\u00f3 reducci\u00f3n de homicidios en el Departamento | P\u00e1gina10\",\"isPartOf\":{\"@id\":\"https:\/\/pagina10.com\/web\/#website\"},\"primaryImageOfPage\":{\"@id\":\"https:\/\/pagina10.com\/web\/ministro-del-interior-anuncio-que-se-garantizara-seguridad-en-narino-y-destaco-reduccion-de-homicidios-en-el-departamento\/#primaryimage\"},\"image\":{\"@id\":\"https:\/\/pagina10.com\/web\/ministro-del-interior-anuncio-que-se-garantizara-seguridad-en-narino-y-destaco-reduccion-de-homicidios-en-el-departamento\/#primaryimage\"},\"thumbnailUrl\":\"https:\/\/pagina10.com\/web\/wp-content\/uploads\/2022\/02\/WhatsApp-Image-2022-02-14-at-11.38.45-PM.jpeg\",\"datePublished\":\"2022-02-16T03:15:58+00:00\",\"breadcrumb\":{\"@id\":\"https:\/\/pagina10.com\/web\/ministro-del-interior-anuncio-que-se-garantizara-seguridad-en-narino-y-destaco-reduccion-de-homicidios-en-el-departamento\/#breadcrumb\"},\"inLanguage\":\"es\",\"potentialAction\":[{\"@type\":\"ReadAction\",\"target\":[\"https:\/\/pagina10.com\/web\/ministro-del-interior-anuncio-que-se-garantizara-seguridad-en-narino-y-destaco-reduccion-de-homicidios-en-el-departamento\/\"]}]},{\"@type\":\"ImageObject\",\"inLanguage\":\"es\",\"@id\":\"https:\/\/pagina10.com\/web\/ministro-del-interior-anuncio-que-se-garantizara-seguridad-en-narino-y-destaco-reduccion-de-homicidios-en-el-departamento\/#primaryimage\",\"url\":\"https:\/\/pagina10.com\/web\/wp-content\/uploads\/2022\/02\/WhatsApp-Image-2022-02-14-at-11.38.45-PM.jpeg\",\"contentUrl\":\"https:\/\/pagina10.com\/web\/wp-content\/uploads\/2022\/02\/WhatsApp-Image-2022-02-14-at-11.38.45-PM.jpeg\",\"width\":1280,\"height\":853},{\"@type\":\"BreadcrumbList\",\"@id\":\"https:\/\/pagina10.com\/web\/ministro-del-interior-anuncio-que-se-garantizara-seguridad-en-narino-y-destaco-reduccion-de-homicidios-en-el-departamento\/#breadcrumb\",\"itemListElement\":[{\"@type\":\"ListItem\",\"position\":1,\"name\":\"Portada\",\"item\":\"https:\/\/pagina10.com\/web\/\"},{\"@type\":\"ListItem\",\"position\":2,\"name\":\"Ministro del Interior anunci\u00f3 que se garantizar\u00e1 seguridad en Nari\u00f1o y destac\u00f3 reducci\u00f3n de homicidios en el Departamento\"}]},{\"@type\":\"WebSite\",\"@id\":\"https:\/\/pagina10.com\/web\/#website\",\"url\":\"https:\/\/pagina10.com\/web\/\",\"name\":\"P\u00e1gina10\",\"description\":\"Peri\u00f3dico Regional\",\"publisher\":{\"@id\":\"https:\/\/pagina10.com\/web\/#organization\"},\"alternateName\":\"P\u00e1gina10 Peri\u00f3dico Regional\",\"potentialAction\":[{\"@type\":\"SearchAction\",\"target\":{\"@type\":\"EntryPoint\",\"urlTemplate\":\"https:\/\/pagina10.com\/web\/?s={search_term_string}\"},\"query-input\":{\"@type\":\"PropertyValueSpecification\",\"valueRequired\":true,\"valueName\":\"search_term_string\"}}],\"inLanguage\":\"es\"},{\"@type\":\"Organization\",\"@id\":\"https:\/\/pagina10.com\/web\/#organization\",\"name\":\"P\u00e1gina10\",\"alternateName\":\"P\u00e1gina10 Peri\u00f3dico Regional\",\"url\":\"https:\/\/pagina10.com\/web\/\",\"logo\":{\"@type\":\"ImageObject\",\"inLanguage\":\"es\",\"@id\":\"https:\/\/pagina10.com\/web\/#\/schema\/logo\/image\/\",\"url\":\"https:\/\/pagina10.com\/web\/wp-content\/uploads\/2024\/01\/40-pagina-10-periodico-regional-pasto.jpg\",\"contentUrl\":\"https:\/\/pagina10.com\/web\/wp-content\/uploads\/2024\/01\/40-pagina-10-periodico-regional-pasto.jpg\",\"width\":1280,\"height\":720,\"caption\":\"P\u00e1gina10\"},\"image\":{\"@id\":\"https:\/\/pagina10.com\/web\/#\/schema\/logo\/image\/\"},\"sameAs\":[\"https:\/\/www.facebook.com\/pag10com\",\"https:\/\/x.com\/Pag10com\",\"https:\/\/www.instagram.com\/pagina10col\/\",\"https:\/\/youtube.com\/channel\/pag10\",\"https:\/\/www.tiktok.com\/@p10col\"]},{\"@type\":\"Person\",\"@id\":\"https:\/\/pagina10.com\/web\/#\/schema\/person\/2efc4a090d25b667d3bc796798a3a81b\",\"name\":\"P\u00e1gina 10\",\"description\":\"P\u00e1gina 10 es un peri\u00f3dico regional que nace en Colombia, en el departamento de Nari\u00f1o, con un enfoque global, fundamentado en cuatro pilares esenciales: la libertad, el pluralismo, la inclusi\u00f3n y la independencia. P\u00e1gina 10 hace referencia a Nari\u00f1o como el d\u00e9cimo departamento creado en Colombia, despu\u00e9s de un proceso pol\u00edtico liderado por actores y actrices regionales con el fin de obtener la independencia y autonom\u00eda de nuestros territorios. Con la creaci\u00f3n de P\u00e1gina 10 se pretende abrir un escenario para el dialogo, la reflexi\u00f3n y el debate que se extienda a otras geograf\u00edas de Am\u00e9rica Latina y del planeta, en una apuesta por transformar colectivamente los desaf\u00edos de un mundo contempor\u00e1neo, m\u00e1s all\u00e1 de las fronteras impuestas.\",\"url\":\"https:\/\/pagina10.com\/web\/author\/pdiezadmin\/\"}]}<\/script>\n<!-- \/ Yoast SEO plugin. -->","yoast_head_json":{"title":"Ministro del Interior anunci\u00f3 que se garantizar\u00e1 seguridad en Nari\u00f1o y destac\u00f3 reducci\u00f3n de homicidios en el Departamento | P\u00e1gina10","robots":{"index":"index","follow":"follow","max-snippet":"max-snippet:-1","max-image-preview":"max-image-preview:large","max-video-preview":"max-video-preview:-1"},"canonical":"https:\/\/pagina10.com\/web\/ministro-del-interior-anuncio-que-se-garantizara-seguridad-en-narino-y-destaco-reduccion-de-homicidios-en-el-departamento\/","og_locale":"es_ES","og_type":"article","og_title":"Ministro del Interior anunci\u00f3 que se garantizar\u00e1 seguridad en Nari\u00f1o y destac\u00f3 reducci\u00f3n de homicidios en el Departamento | P\u00e1gina10","og_description":"El Gobernador de Nari\u00f1o, Jhon Rojas, recibi\u00f3 al Ministro del Interior, Daniel Palacios, a qui\u00e9n expuso en una reuni\u00f3n de seguridad, las preocupaciones que tiene la regi\u00f3n frente a temas de convivencia, seguridad, orden p\u00fablico y el fortalecimiento institucional frente a las elecciones que se cumplir\u00e1n el pr\u00f3ximo mes de marzo. Al t\u00e9rmino de la [&hellip;]","og_url":"https:\/\/pagina10.com\/web\/ministro-del-interior-anuncio-que-se-garantizara-seguridad-en-narino-y-destaco-reduccion-de-homicidios-en-el-departamento\/","og_site_name":"P\u00e1gina10","article_publisher":"https:\/\/www.facebook.com\/pag10com","article_published_time":"2022-02-16T03:15:58+00:00","og_image":[{"width":1280,"height":853,"url":"https:\/\/pagina10.com\/web\/wp-content\/uploads\/2022\/02\/WhatsApp-Image-2022-02-14-at-11.38.45-PM.jpeg","type":"image\/jpeg"}],"author":"P\u00e1gina 10","twitter_card":"summary_large_image","twitter_creator":"@Pag10com","twitter_site":"@Pag10com","twitter_misc":{"Escrito por":"P\u00e1gina 10","Tiempo de lectura":"2 minutos"},"schema":{"@context":"https:\/\/schema.org","@graph":[{"@type":"Article","@id":"https:\/\/pagina10.com\/web\/ministro-del-interior-anuncio-que-se-garantizara-seguridad-en-narino-y-destaco-reduccion-de-homicidios-en-el-departamento\/#article","isPartOf":{"@id":"https:\/\/pagina10.com\/web\/ministro-del-interior-anuncio-que-se-garantizara-seguridad-en-narino-y-destaco-reduccion-de-homicidios-en-el-departamento\/"},"author":{"name":"P\u00e1gina 10","@id":"https:\/\/pagina10.com\/web\/#\/schema\/person\/2efc4a090d25b667d3bc796798a3a81b"},"headline":"Ministro del Interior anunci\u00f3 que se garantizar\u00e1 seguridad en Nari\u00f1o y destac\u00f3 reducci\u00f3n de homicidios en el Departamento","datePublished":"2022-02-16T03:15:58+00:00","mainEntityOfPage":{"@id":"https:\/\/pagina10.com\/web\/ministro-del-interior-anuncio-que-se-garantizara-seguridad-en-narino-y-destaco-reduccion-de-homicidios-en-el-departamento\/"},"wordCount":364,"commentCount":0,"publisher":{"@id":"https:\/\/pagina10.com\/web\/#organization"},"image":{"@id":"https:\/\/pagina10.com\/web\/ministro-del-interior-anuncio-que-se-garantizara-seguridad-en-narino-y-destaco-reduccion-de-homicidios-en-el-departamento\/#primaryimage"},"thumbnailUrl":"https:\/\/pagina10.com\/web\/wp-content\/uploads\/2022\/02\/WhatsApp-Image-2022-02-14-at-11.38.45-PM.jpeg","articleSection":["Regiones"],"inLanguage":"es","potentialAction":[{"@type":"CommentAction","name":"Comment","target":["https:\/\/pagina10.com\/web\/ministro-del-interior-anuncio-que-se-garantizara-seguridad-en-narino-y-destaco-reduccion-de-homicidios-en-el-departamento\/#respond"]}]},{"@type":"WebPage","@id":"https:\/\/pagina10.com\/web\/ministro-del-interior-anuncio-que-se-garantizara-seguridad-en-narino-y-destaco-reduccion-de-homicidios-en-el-departamento\/","url":"https:\/\/pagina10.com\/web\/ministro-del-interior-anuncio-que-se-garantizara-seguridad-en-narino-y-destaco-reduccion-de-homicidios-en-el-departamento\/","name":"Ministro del Interior anunci\u00f3 que se garantizar\u00e1 seguridad en Nari\u00f1o y destac\u00f3 reducci\u00f3n de homicidios en el Departamento | P\u00e1gina10","isPartOf":{"@id":"https:\/\/pagina10.com\/web\/#website"},"primaryImageOfPage":{"@id":"https:\/\/pagina10.com\/web\/ministro-del-interior-anuncio-que-se-garantizara-seguridad-en-narino-y-destaco-reduccion-de-homicidios-en-el-departamento\/#primaryimage"},"image":{"@id":"https:\/\/pagina10.com\/web\/ministro-del-interior-anuncio-que-se-garantizara-seguridad-en-narino-y-destaco-reduccion-de-homicidios-en-el-departamento\/#primaryimage"},"thumbnailUrl":"https:\/\/pagina10.com\/web\/wp-content\/uploads\/2022\/02\/WhatsApp-Image-2022-02-14-at-11.38.45-PM.jpeg","datePublished":"2022-02-16T03:15:58+00:00","breadcrumb":{"@id":"https:\/\/pagina10.com\/web\/ministro-del-interior-anuncio-que-se-garantizara-seguridad-en-narino-y-destaco-reduccion-de-homicidios-en-el-departamento\/#breadcrumb"},"inLanguage":"es","potentialAction":[{"@type":"ReadAction","target":["https:\/\/pagina10.com\/web\/ministro-del-interior-anuncio-que-se-garantizara-seguridad-en-narino-y-destaco-reduccion-de-homicidios-en-el-departamento\/"]}]},{"@type":"ImageObject","inLanguage":"es","@id":"https:\/\/pagina10.com\/web\/ministro-del-interior-anuncio-que-se-garantizara-seguridad-en-narino-y-destaco-reduccion-de-homicidios-en-el-departamento\/#primaryimage","url":"https:\/\/pagina10.com\/web\/wp-content\/uploads\/2022\/02\/WhatsApp-Image-2022-02-14-at-11.38.45-PM.jpeg","contentUrl":"https:\/\/pagina10.com\/web\/wp-content\/uploads\/2022\/02\/WhatsApp-Image-2022-02-14-at-11.38.45-PM.jpeg","width":1280,"height":853},{"@type":"BreadcrumbList","@id":"https:\/\/pagina10.com\/web\/ministro-del-interior-anuncio-que-se-garantizara-seguridad-en-narino-y-destaco-reduccion-de-homicidios-en-el-departamento\/#breadcrumb","itemListElement":[{"@type":"ListItem","position":1,"name":"Portada","item":"https:\/\/pagina10.com\/web\/"},{"@type":"ListItem","position":2,"name":"Ministro del Interior anunci\u00f3 que se garantizar\u00e1 seguridad en Nari\u00f1o y destac\u00f3 reducci\u00f3n de homicidios en el Departamento"}]},{"@type":"WebSite","@id":"https:\/\/pagina10.com\/web\/#website","url":"https:\/\/pagina10.com\/web\/","name":"P\u00e1gina10","description":"Peri\u00f3dico Regional","publisher":{"@id":"https:\/\/pagina10.com\/web\/#organization"},"alternateName":"P\u00e1gina10 Peri\u00f3dico Regional","potentialAction":[{"@type":"SearchAction","target":{"@type":"EntryPoint","urlTemplate":"https:\/\/pagina10.com\/web\/?s={search_term_string}"},"query-input":{"@type":"PropertyValueSpecification","valueRequired":true,"valueName":"search_term_string"}}],"inLanguage":"es"},{"@type":"Organization","@id":"https:\/\/pagina10.com\/web\/#organization","name":"P\u00e1gina10","alternateName":"P\u00e1gina10 Peri\u00f3dico Regional","url":"https:\/\/pagina10.com\/web\/","logo":{"@type":"ImageObject","inLanguage":"es","@id":"https:\/\/pagina10.com\/web\/#\/schema\/logo\/image\/","url":"https:\/\/pagina10.com\/web\/wp-content\/uploads\/2024\/01\/40-pagina-10-periodico-regional-pasto.jpg","contentUrl":"https:\/\/pagina10.com\/web\/wp-content\/uploads\/2024\/01\/40-pagina-10-periodico-regional-pasto.jpg","width":1280,"height":720,"caption":"P\u00e1gina10"},"image":{"@id":"https:\/\/pagina10.com\/web\/#\/schema\/logo\/image\/"},"sameAs":["https:\/\/www.facebook.com\/pag10com","https:\/\/x.com\/Pag10com","https:\/\/www.instagram.com\/pagina10col\/","https:\/\/youtube.com\/channel\/pag10","https:\/\/www.tiktok.com\/@p10col"]},{"@type":"Person","@id":"https:\/\/pagina10.com\/web\/#\/schema\/person\/2efc4a090d25b667d3bc796798a3a81b","name":"P\u00e1gina 10","description":"P\u00e1gina 10 es un peri\u00f3dico regional que nace en Colombia, en el departamento de Nari\u00f1o, con un enfoque global, fundamentado en cuatro pilares esenciales: la libertad, el pluralismo, la inclusi\u00f3n y la independencia. P\u00e1gina 10 hace referencia a Nari\u00f1o como el d\u00e9cimo departamento creado en Colombia, despu\u00e9s de un proceso pol\u00edtico liderado por actores y actrices regionales con el fin de obtener la independencia y autonom\u00eda de nuestros territorios. Con la creaci\u00f3n de P\u00e1gina 10 se pretende abrir un escenario para el dialogo, la reflexi\u00f3n y el debate que se extienda a otras geograf\u00edas de Am\u00e9rica Latina y del planeta, en una apuesta por transformar colectivamente los desaf\u00edos de un mundo contempor\u00e1neo, m\u00e1s all\u00e1 de las fronteras impuestas.","url":"https:\/\/pagina10.com\/web\/author\/pdiezadmin\/"}]}},"_links":{"self":[{"href":"https:\/\/pagina10.com\/web\/wp-json\/wp\/v2\/posts\/58191","targetHints":{"allow":["GET"]}}],"collection":[{"href":"https:\/\/pagina10.com\/web\/wp-json\/wp\/v2\/posts"}],"about":[{"href":"https:\/\/pagina10.com\/web\/wp-json\/wp\/v2\/types\/post"}],"author":[{"embeddable":true,"href":"https:\/\/pagina10.com\/web\/wp-json\/wp\/v2\/users\/1"}],"replies":[{"embeddable":true,"href":"https:\/\/pagina10.com\/web\/wp-json\/wp\/v2\/comments?post=58191"}],"version-history":[{"count":1,"href":"https:\/\/pagina10.com\/web\/wp-json\/wp\/v2\/posts\/58191\/revisions"}],"predecessor-version":[{"id":58193,"href":"https:\/\/pagina10.com\/web\/wp-json\/wp\/v2\/posts\/58191\/revisions\/58193"}],"wp:featuredmedia":[{"embeddable":true,"href":"https:\/\/pagina10.com\/web\/wp-json\/wp\/v2\/media\/58192"}],"wp:attachment":[{"href":"https:\/\/pagina10.com\/web\/wp-json\/wp\/v2\/media?parent=58191"}],"wp:term":[{"taxonomy":"category","embeddable":true,"href":"https:\/\/pagina10.com\/web\/wp-json\/wp\/v2\/categories?post=58191"},{"taxonomy":"post_tag","embeddable":true,"href":"https:\/\/pagina10.com\/web\/wp-json\/wp\/v2\/tags?post=58191"}],"curies":[{"name":"wp","href":"https:\/\/api.w.org\/{rel}","templated":true}]}}