{"id":58194,"date":"2022-02-15T22:19:11","date_gmt":"2022-02-16T03:19:11","guid":{"rendered":"https:\/\/pagina10.com\/web\/?p=58194"},"modified":"2022-02-15T22:19:11","modified_gmt":"2022-02-16T03:19:11","slug":"en-instalacion-de-sesiones-extraordinarias-de-la-asamblea-gobernador-presento-balance-de-gestiones","status":"publish","type":"post","link":"https:\/\/pagina10.com\/web\/en-instalacion-de-sesiones-extraordinarias-de-la-asamblea-gobernador-presento-balance-de-gestiones\/","title":{"rendered":"En instalaci\u00f3n de sesiones extraordinarias de la Asamblea, Gobernador present\u00f3 balance de gestiones"},"content":{"rendered":"<p style=\"text-align: justify;\">Durante la instalaci\u00f3n de las sesiones extra ordinarias del Asamblea del departamento de Nari\u00f1o, el Gobernador, Jhon Rojas, present\u00f3 un balance de lo que ha sido el proceso de recuperaci\u00f3n de la red vial afectada por la temporada de lluvias que a\u00fan vive el Departamento.<br \/>\nEl Gobernador destac\u00f3, adem\u00e1s, qu\u00e9 Nari\u00f1o se posicion\u00f3 como uno de los Departamentos que, a nivel nacional, logr\u00f3 aprobar en el 2021 la mayor cantidad de recursos del Sistema General de Regal\u00edas y subray\u00f3 que la ejecuci\u00f3n \u00f3ptima de estos, es un reto en el que est\u00e1 comprometida la Administraci\u00f3n Departamental.<br \/>\nAdem\u00e1s, el mandatario departamental indic\u00f3, qu\u00e9 para la recuperaci\u00f3n de las v\u00edas terciarias y secundarias, se han logrado gestiones con la Direcci\u00f3n Nacional de Gesti\u00f3n del Riesgo de Desastres -DAGRD, que posibilit\u00f3 que los municipios cuenten con recursos representados en horas de maquinaria pesada que est\u00e1 trabajando en distintos frentes en Nari\u00f1o.<br \/>\nEl Gobernador ratific\u00f3, qu\u00e9 en los pr\u00f3ximos d\u00edas y despu\u00e9s de adquirir las p\u00f3lizas necesarias para el funcionamiento se pondr\u00e1n al servicio a la comunidad los tres nuevos bancos de maquinarias que ya fueron adquiridos y est\u00e1n en el Departamento.<br \/>\nFinalmente, el mandatario regional hizo un balance de los proyectos m\u00e1s importantes que se encuentran en ejecuci\u00f3n y destac\u00f3 que en el Departamento se han logrado consolidar proyectos de entidades del orden nacional, proyectos gestionados por la Administraci\u00f3n Departamental y tambi\u00e9n en coordinaci\u00f3n con las alcald\u00edas.<\/p>\n","protected":false},"excerpt":{"rendered":"<p>Durante la instalaci\u00f3n de las sesiones extra ordinarias del Asamblea del departamento de Nari\u00f1o, el Gobernador, Jhon Rojas, present\u00f3 un balance de lo que ha sido el proceso de recuperaci\u00f3n de la red vial afectada por la temporada de lluvias que a\u00fan vive el Departamento. El Gobernador destac\u00f3, adem\u00e1s, qu\u00e9 Nari\u00f1o se posicion\u00f3 como uno [&hellip;]<\/p>\n","protected":false},"author":1,"featured_media":58195,"comment_status":"open","ping_status":"open","sticky":false,"template":"","format":"standard","meta":{"footnotes":""},"categories":[53],"tags":[],"class_list":["post-58194","post","type-post","status-publish","format-standard","has-post-thumbnail","hentry","category-regiones"],"yoast_head":"<!-- This site is optimized with the Yoast SEO plugin v27.1.1 - https:\/\/yoast.com\/product\/yoast-seo-wordpress\/ -->\n<title>En instalaci\u00f3n de sesiones extraordinarias de la Asamblea, Gobernador present\u00f3 balance de gestiones | P\u00e1gina10<\/title>\n<meta name=\"robots\" content=\"index, follow, max-snippet:-1, max-image-preview:large, max-video-preview:-1\" \/>\n<link rel=\"canonical\" href=\"https:\/\/pagina10.com\/web\/en-instalacion-de-sesiones-extraordinarias-de-la-asamblea-gobernador-presento-balance-de-gestiones\/\" \/>\n<meta property=\"og:locale\" content=\"es_ES\" \/>\n<meta property=\"og:type\" content=\"article\" \/>\n<meta property=\"og:title\" content=\"En instalaci\u00f3n de sesiones extraordinarias de la Asamblea, Gobernador present\u00f3 balance de gestiones | P\u00e1gina10\" \/>\n<meta property=\"og:description\" content=\"Durante la instalaci\u00f3n de las sesiones extra ordinarias del Asamblea del departamento de Nari\u00f1o, el Gobernador, Jhon Rojas, present\u00f3 un balance de lo que ha sido el proceso de recuperaci\u00f3n de la red vial afectada por la temporada de lluvias que a\u00fan vive el Departamento. El Gobernador destac\u00f3, adem\u00e1s, qu\u00e9 Nari\u00f1o se posicion\u00f3 como uno [&hellip;]\" \/>\n<meta property=\"og:url\" content=\"https:\/\/pagina10.com\/web\/en-instalacion-de-sesiones-extraordinarias-de-la-asamblea-gobernador-presento-balance-de-gestiones\/\" \/>\n<meta property=\"og:site_name\" content=\"P\u00e1gina10\" \/>\n<meta property=\"article:publisher\" content=\"https:\/\/www.facebook.com\/pag10com\" \/>\n<meta property=\"article:published_time\" content=\"2022-02-16T03:19:11+00:00\" \/>\n<meta property=\"og:image\" content=\"https:\/\/pagina10.com\/web\/wp-content\/uploads\/2022\/02\/WhatsApp-Image-2022-02-14-at-11.33.45-PM.jpeg\" \/>\n\t<meta property=\"og:image:width\" content=\"1280\" \/>\n\t<meta property=\"og:image:height\" content=\"853\" \/>\n\t<meta property=\"og:image:type\" content=\"image\/jpeg\" \/>\n<meta name=\"author\" content=\"P\u00e1gina 10\" \/>\n<meta name=\"twitter:card\" content=\"summary_large_image\" \/>\n<meta name=\"twitter:creator\" content=\"@Pag10com\" \/>\n<meta name=\"twitter:site\" content=\"@Pag10com\" \/>\n<meta name=\"twitter:label1\" content=\"Escrito por\" \/>\n\t<meta name=\"twitter:data1\" content=\"P\u00e1gina 10\" \/>\n\t<meta name=\"twitter:label2\" content=\"Tiempo de lectura\" \/>\n\t<meta name=\"twitter:data2\" content=\"1 minuto\" \/>\n<script type=\"application\/ld+json\" class=\"yoast-schema-graph\">{\"@context\":\"https:\/\/schema.org\",\"@graph\":[{\"@type\":\"Article\",\"@id\":\"https:\/\/pagina10.com\/web\/en-instalacion-de-sesiones-extraordinarias-de-la-asamblea-gobernador-presento-balance-de-gestiones\/#article\",\"isPartOf\":{\"@id\":\"https:\/\/pagina10.com\/web\/en-instalacion-de-sesiones-extraordinarias-de-la-asamblea-gobernador-presento-balance-de-gestiones\/\"},\"author\":{\"name\":\"P\u00e1gina 10\",\"@id\":\"https:\/\/pagina10.com\/web\/#\/schema\/person\/2efc4a090d25b667d3bc796798a3a81b\"},\"headline\":\"En instalaci\u00f3n de sesiones extraordinarias de la Asamblea, Gobernador present\u00f3 balance de gestiones\",\"datePublished\":\"2022-02-16T03:19:11+00:00\",\"mainEntityOfPage\":{\"@id\":\"https:\/\/pagina10.com\/web\/en-instalacion-de-sesiones-extraordinarias-de-la-asamblea-gobernador-presento-balance-de-gestiones\/\"},\"wordCount\":274,\"commentCount\":0,\"publisher\":{\"@id\":\"https:\/\/pagina10.com\/web\/#organization\"},\"image\":{\"@id\":\"https:\/\/pagina10.com\/web\/en-instalacion-de-sesiones-extraordinarias-de-la-asamblea-gobernador-presento-balance-de-gestiones\/#primaryimage\"},\"thumbnailUrl\":\"https:\/\/pagina10.com\/web\/wp-content\/uploads\/2022\/02\/WhatsApp-Image-2022-02-14-at-11.33.45-PM.jpeg\",\"articleSection\":[\"Regiones\"],\"inLanguage\":\"es\",\"potentialAction\":[{\"@type\":\"CommentAction\",\"name\":\"Comment\",\"target\":[\"https:\/\/pagina10.com\/web\/en-instalacion-de-sesiones-extraordinarias-de-la-asamblea-gobernador-presento-balance-de-gestiones\/#respond\"]}]},{\"@type\":\"WebPage\",\"@id\":\"https:\/\/pagina10.com\/web\/en-instalacion-de-sesiones-extraordinarias-de-la-asamblea-gobernador-presento-balance-de-gestiones\/\",\"url\":\"https:\/\/pagina10.com\/web\/en-instalacion-de-sesiones-extraordinarias-de-la-asamblea-gobernador-presento-balance-de-gestiones\/\",\"name\":\"En instalaci\u00f3n de sesiones extraordinarias de la Asamblea, Gobernador present\u00f3 balance de gestiones | P\u00e1gina10\",\"isPartOf\":{\"@id\":\"https:\/\/pagina10.com\/web\/#website\"},\"primaryImageOfPage\":{\"@id\":\"https:\/\/pagina10.com\/web\/en-instalacion-de-sesiones-extraordinarias-de-la-asamblea-gobernador-presento-balance-de-gestiones\/#primaryimage\"},\"image\":{\"@id\":\"https:\/\/pagina10.com\/web\/en-instalacion-de-sesiones-extraordinarias-de-la-asamblea-gobernador-presento-balance-de-gestiones\/#primaryimage\"},\"thumbnailUrl\":\"https:\/\/pagina10.com\/web\/wp-content\/uploads\/2022\/02\/WhatsApp-Image-2022-02-14-at-11.33.45-PM.jpeg\",\"datePublished\":\"2022-02-16T03:19:11+00:00\",\"breadcrumb\":{\"@id\":\"https:\/\/pagina10.com\/web\/en-instalacion-de-sesiones-extraordinarias-de-la-asamblea-gobernador-presento-balance-de-gestiones\/#breadcrumb\"},\"inLanguage\":\"es\",\"potentialAction\":[{\"@type\":\"ReadAction\",\"target\":[\"https:\/\/pagina10.com\/web\/en-instalacion-de-sesiones-extraordinarias-de-la-asamblea-gobernador-presento-balance-de-gestiones\/\"]}]},{\"@type\":\"ImageObject\",\"inLanguage\":\"es\",\"@id\":\"https:\/\/pagina10.com\/web\/en-instalacion-de-sesiones-extraordinarias-de-la-asamblea-gobernador-presento-balance-de-gestiones\/#primaryimage\",\"url\":\"https:\/\/pagina10.com\/web\/wp-content\/uploads\/2022\/02\/WhatsApp-Image-2022-02-14-at-11.33.45-PM.jpeg\",\"contentUrl\":\"https:\/\/pagina10.com\/web\/wp-content\/uploads\/2022\/02\/WhatsApp-Image-2022-02-14-at-11.33.45-PM.jpeg\",\"width\":1280,\"height\":853},{\"@type\":\"BreadcrumbList\",\"@id\":\"https:\/\/pagina10.com\/web\/en-instalacion-de-sesiones-extraordinarias-de-la-asamblea-gobernador-presento-balance-de-gestiones\/#breadcrumb\",\"itemListElement\":[{\"@type\":\"ListItem\",\"position\":1,\"name\":\"Portada\",\"item\":\"https:\/\/pagina10.com\/web\/\"},{\"@type\":\"ListItem\",\"position\":2,\"name\":\"En instalaci\u00f3n de sesiones extraordinarias de la Asamblea, Gobernador present\u00f3 balance de gestiones\"}]},{\"@type\":\"WebSite\",\"@id\":\"https:\/\/pagina10.com\/web\/#website\",\"url\":\"https:\/\/pagina10.com\/web\/\",\"name\":\"P\u00e1gina10\",\"description\":\"Peri\u00f3dico Regional\",\"publisher\":{\"@id\":\"https:\/\/pagina10.com\/web\/#organization\"},\"alternateName\":\"P\u00e1gina10 Peri\u00f3dico Regional\",\"potentialAction\":[{\"@type\":\"SearchAction\",\"target\":{\"@type\":\"EntryPoint\",\"urlTemplate\":\"https:\/\/pagina10.com\/web\/?s={search_term_string}\"},\"query-input\":{\"@type\":\"PropertyValueSpecification\",\"valueRequired\":true,\"valueName\":\"search_term_string\"}}],\"inLanguage\":\"es\"},{\"@type\":\"Organization\",\"@id\":\"https:\/\/pagina10.com\/web\/#organization\",\"name\":\"P\u00e1gina10\",\"alternateName\":\"P\u00e1gina10 Peri\u00f3dico Regional\",\"url\":\"https:\/\/pagina10.com\/web\/\",\"logo\":{\"@type\":\"ImageObject\",\"inLanguage\":\"es\",\"@id\":\"https:\/\/pagina10.com\/web\/#\/schema\/logo\/image\/\",\"url\":\"https:\/\/pagina10.com\/web\/wp-content\/uploads\/2024\/01\/40-pagina-10-periodico-regional-pasto.jpg\",\"contentUrl\":\"https:\/\/pagina10.com\/web\/wp-content\/uploads\/2024\/01\/40-pagina-10-periodico-regional-pasto.jpg\",\"width\":1280,\"height\":720,\"caption\":\"P\u00e1gina10\"},\"image\":{\"@id\":\"https:\/\/pagina10.com\/web\/#\/schema\/logo\/image\/\"},\"sameAs\":[\"https:\/\/www.facebook.com\/pag10com\",\"https:\/\/x.com\/Pag10com\",\"https:\/\/www.instagram.com\/pagina10col\/\",\"https:\/\/youtube.com\/channel\/pag10\",\"https:\/\/www.tiktok.com\/@p10col\"]},{\"@type\":\"Person\",\"@id\":\"https:\/\/pagina10.com\/web\/#\/schema\/person\/2efc4a090d25b667d3bc796798a3a81b\",\"name\":\"P\u00e1gina 10\",\"description\":\"P\u00e1gina 10 es un peri\u00f3dico regional que nace en Colombia, en el departamento de Nari\u00f1o, con un enfoque global, fundamentado en cuatro pilares esenciales: la libertad, el pluralismo, la inclusi\u00f3n y la independencia. P\u00e1gina 10 hace referencia a Nari\u00f1o como el d\u00e9cimo departamento creado en Colombia, despu\u00e9s de un proceso pol\u00edtico liderado por actores y actrices regionales con el fin de obtener la independencia y autonom\u00eda de nuestros territorios. Con la creaci\u00f3n de P\u00e1gina 10 se pretende abrir un escenario para el dialogo, la reflexi\u00f3n y el debate que se extienda a otras geograf\u00edas de Am\u00e9rica Latina y del planeta, en una apuesta por transformar colectivamente los desaf\u00edos de un mundo contempor\u00e1neo, m\u00e1s all\u00e1 de las fronteras impuestas.\",\"url\":\"https:\/\/pagina10.com\/web\/author\/pdiezadmin\/\"}]}<\/script>\n<!-- \/ Yoast SEO plugin. -->","yoast_head_json":{"title":"En instalaci\u00f3n de sesiones extraordinarias de la Asamblea, Gobernador present\u00f3 balance de gestiones | P\u00e1gina10","robots":{"index":"index","follow":"follow","max-snippet":"max-snippet:-1","max-image-preview":"max-image-preview:large","max-video-preview":"max-video-preview:-1"},"canonical":"https:\/\/pagina10.com\/web\/en-instalacion-de-sesiones-extraordinarias-de-la-asamblea-gobernador-presento-balance-de-gestiones\/","og_locale":"es_ES","og_type":"article","og_title":"En instalaci\u00f3n de sesiones extraordinarias de la Asamblea, Gobernador present\u00f3 balance de gestiones | P\u00e1gina10","og_description":"Durante la instalaci\u00f3n de las sesiones extra ordinarias del Asamblea del departamento de Nari\u00f1o, el Gobernador, Jhon Rojas, present\u00f3 un balance de lo que ha sido el proceso de recuperaci\u00f3n de la red vial afectada por la temporada de lluvias que a\u00fan vive el Departamento. El Gobernador destac\u00f3, adem\u00e1s, qu\u00e9 Nari\u00f1o se posicion\u00f3 como uno [&hellip;]","og_url":"https:\/\/pagina10.com\/web\/en-instalacion-de-sesiones-extraordinarias-de-la-asamblea-gobernador-presento-balance-de-gestiones\/","og_site_name":"P\u00e1gina10","article_publisher":"https:\/\/www.facebook.com\/pag10com","article_published_time":"2022-02-16T03:19:11+00:00","og_image":[{"width":1280,"height":853,"url":"https:\/\/pagina10.com\/web\/wp-content\/uploads\/2022\/02\/WhatsApp-Image-2022-02-14-at-11.33.45-PM.jpeg","type":"image\/jpeg"}],"author":"P\u00e1gina 10","twitter_card":"summary_large_image","twitter_creator":"@Pag10com","twitter_site":"@Pag10com","twitter_misc":{"Escrito por":"P\u00e1gina 10","Tiempo de lectura":"1 minuto"},"schema":{"@context":"https:\/\/schema.org","@graph":[{"@type":"Article","@id":"https:\/\/pagina10.com\/web\/en-instalacion-de-sesiones-extraordinarias-de-la-asamblea-gobernador-presento-balance-de-gestiones\/#article","isPartOf":{"@id":"https:\/\/pagina10.com\/web\/en-instalacion-de-sesiones-extraordinarias-de-la-asamblea-gobernador-presento-balance-de-gestiones\/"},"author":{"name":"P\u00e1gina 10","@id":"https:\/\/pagina10.com\/web\/#\/schema\/person\/2efc4a090d25b667d3bc796798a3a81b"},"headline":"En instalaci\u00f3n de sesiones extraordinarias de la Asamblea, Gobernador present\u00f3 balance de gestiones","datePublished":"2022-02-16T03:19:11+00:00","mainEntityOfPage":{"@id":"https:\/\/pagina10.com\/web\/en-instalacion-de-sesiones-extraordinarias-de-la-asamblea-gobernador-presento-balance-de-gestiones\/"},"wordCount":274,"commentCount":0,"publisher":{"@id":"https:\/\/pagina10.com\/web\/#organization"},"image":{"@id":"https:\/\/pagina10.com\/web\/en-instalacion-de-sesiones-extraordinarias-de-la-asamblea-gobernador-presento-balance-de-gestiones\/#primaryimage"},"thumbnailUrl":"https:\/\/pagina10.com\/web\/wp-content\/uploads\/2022\/02\/WhatsApp-Image-2022-02-14-at-11.33.45-PM.jpeg","articleSection":["Regiones"],"inLanguage":"es","potentialAction":[{"@type":"CommentAction","name":"Comment","target":["https:\/\/pagina10.com\/web\/en-instalacion-de-sesiones-extraordinarias-de-la-asamblea-gobernador-presento-balance-de-gestiones\/#respond"]}]},{"@type":"WebPage","@id":"https:\/\/pagina10.com\/web\/en-instalacion-de-sesiones-extraordinarias-de-la-asamblea-gobernador-presento-balance-de-gestiones\/","url":"https:\/\/pagina10.com\/web\/en-instalacion-de-sesiones-extraordinarias-de-la-asamblea-gobernador-presento-balance-de-gestiones\/","name":"En instalaci\u00f3n de sesiones extraordinarias de la Asamblea, Gobernador present\u00f3 balance de gestiones | P\u00e1gina10","isPartOf":{"@id":"https:\/\/pagina10.com\/web\/#website"},"primaryImageOfPage":{"@id":"https:\/\/pagina10.com\/web\/en-instalacion-de-sesiones-extraordinarias-de-la-asamblea-gobernador-presento-balance-de-gestiones\/#primaryimage"},"image":{"@id":"https:\/\/pagina10.com\/web\/en-instalacion-de-sesiones-extraordinarias-de-la-asamblea-gobernador-presento-balance-de-gestiones\/#primaryimage"},"thumbnailUrl":"https:\/\/pagina10.com\/web\/wp-content\/uploads\/2022\/02\/WhatsApp-Image-2022-02-14-at-11.33.45-PM.jpeg","datePublished":"2022-02-16T03:19:11+00:00","breadcrumb":{"@id":"https:\/\/pagina10.com\/web\/en-instalacion-de-sesiones-extraordinarias-de-la-asamblea-gobernador-presento-balance-de-gestiones\/#breadcrumb"},"inLanguage":"es","potentialAction":[{"@type":"ReadAction","target":["https:\/\/pagina10.com\/web\/en-instalacion-de-sesiones-extraordinarias-de-la-asamblea-gobernador-presento-balance-de-gestiones\/"]}]},{"@type":"ImageObject","inLanguage":"es","@id":"https:\/\/pagina10.com\/web\/en-instalacion-de-sesiones-extraordinarias-de-la-asamblea-gobernador-presento-balance-de-gestiones\/#primaryimage","url":"https:\/\/pagina10.com\/web\/wp-content\/uploads\/2022\/02\/WhatsApp-Image-2022-02-14-at-11.33.45-PM.jpeg","contentUrl":"https:\/\/pagina10.com\/web\/wp-content\/uploads\/2022\/02\/WhatsApp-Image-2022-02-14-at-11.33.45-PM.jpeg","width":1280,"height":853},{"@type":"BreadcrumbList","@id":"https:\/\/pagina10.com\/web\/en-instalacion-de-sesiones-extraordinarias-de-la-asamblea-gobernador-presento-balance-de-gestiones\/#breadcrumb","itemListElement":[{"@type":"ListItem","position":1,"name":"Portada","item":"https:\/\/pagina10.com\/web\/"},{"@type":"ListItem","position":2,"name":"En instalaci\u00f3n de sesiones extraordinarias de la Asamblea, Gobernador present\u00f3 balance de gestiones"}]},{"@type":"WebSite","@id":"https:\/\/pagina10.com\/web\/#website","url":"https:\/\/pagina10.com\/web\/","name":"P\u00e1gina10","description":"Peri\u00f3dico Regional","publisher":{"@id":"https:\/\/pagina10.com\/web\/#organization"},"alternateName":"P\u00e1gina10 Peri\u00f3dico Regional","potentialAction":[{"@type":"SearchAction","target":{"@type":"EntryPoint","urlTemplate":"https:\/\/pagina10.com\/web\/?s={search_term_string}"},"query-input":{"@type":"PropertyValueSpecification","valueRequired":true,"valueName":"search_term_string"}}],"inLanguage":"es"},{"@type":"Organization","@id":"https:\/\/pagina10.com\/web\/#organization","name":"P\u00e1gina10","alternateName":"P\u00e1gina10 Peri\u00f3dico Regional","url":"https:\/\/pagina10.com\/web\/","logo":{"@type":"ImageObject","inLanguage":"es","@id":"https:\/\/pagina10.com\/web\/#\/schema\/logo\/image\/","url":"https:\/\/pagina10.com\/web\/wp-content\/uploads\/2024\/01\/40-pagina-10-periodico-regional-pasto.jpg","contentUrl":"https:\/\/pagina10.com\/web\/wp-content\/uploads\/2024\/01\/40-pagina-10-periodico-regional-pasto.jpg","width":1280,"height":720,"caption":"P\u00e1gina10"},"image":{"@id":"https:\/\/pagina10.com\/web\/#\/schema\/logo\/image\/"},"sameAs":["https:\/\/www.facebook.com\/pag10com","https:\/\/x.com\/Pag10com","https:\/\/www.instagram.com\/pagina10col\/","https:\/\/youtube.com\/channel\/pag10","https:\/\/www.tiktok.com\/@p10col"]},{"@type":"Person","@id":"https:\/\/pagina10.com\/web\/#\/schema\/person\/2efc4a090d25b667d3bc796798a3a81b","name":"P\u00e1gina 10","description":"P\u00e1gina 10 es un peri\u00f3dico regional que nace en Colombia, en el departamento de Nari\u00f1o, con un enfoque global, fundamentado en cuatro pilares esenciales: la libertad, el pluralismo, la inclusi\u00f3n y la independencia. P\u00e1gina 10 hace referencia a Nari\u00f1o como el d\u00e9cimo departamento creado en Colombia, despu\u00e9s de un proceso pol\u00edtico liderado por actores y actrices regionales con el fin de obtener la independencia y autonom\u00eda de nuestros territorios. Con la creaci\u00f3n de P\u00e1gina 10 se pretende abrir un escenario para el dialogo, la reflexi\u00f3n y el debate que se extienda a otras geograf\u00edas de Am\u00e9rica Latina y del planeta, en una apuesta por transformar colectivamente los desaf\u00edos de un mundo contempor\u00e1neo, m\u00e1s all\u00e1 de las fronteras impuestas.","url":"https:\/\/pagina10.com\/web\/author\/pdiezadmin\/"}]}},"_links":{"self":[{"href":"https:\/\/pagina10.com\/web\/wp-json\/wp\/v2\/posts\/58194","targetHints":{"allow":["GET"]}}],"collection":[{"href":"https:\/\/pagina10.com\/web\/wp-json\/wp\/v2\/posts"}],"about":[{"href":"https:\/\/pagina10.com\/web\/wp-json\/wp\/v2\/types\/post"}],"author":[{"embeddable":true,"href":"https:\/\/pagina10.com\/web\/wp-json\/wp\/v2\/users\/1"}],"replies":[{"embeddable":true,"href":"https:\/\/pagina10.com\/web\/wp-json\/wp\/v2\/comments?post=58194"}],"version-history":[{"count":1,"href":"https:\/\/pagina10.com\/web\/wp-json\/wp\/v2\/posts\/58194\/revisions"}],"predecessor-version":[{"id":58196,"href":"https:\/\/pagina10.com\/web\/wp-json\/wp\/v2\/posts\/58194\/revisions\/58196"}],"wp:featuredmedia":[{"embeddable":true,"href":"https:\/\/pagina10.com\/web\/wp-json\/wp\/v2\/media\/58195"}],"wp:attachment":[{"href":"https:\/\/pagina10.com\/web\/wp-json\/wp\/v2\/media?parent=58194"}],"wp:term":[{"taxonomy":"category","embeddable":true,"href":"https:\/\/pagina10.com\/web\/wp-json\/wp\/v2\/categories?post=58194"},{"taxonomy":"post_tag","embeddable":true,"href":"https:\/\/pagina10.com\/web\/wp-json\/wp\/v2\/tags?post=58194"}],"curies":[{"name":"wp","href":"https:\/\/api.w.org\/{rel}","templated":true}]}}