{"id":58200,"date":"2022-02-15T22:32:11","date_gmt":"2022-02-16T03:32:11","guid":{"rendered":"https:\/\/pagina10.com\/web\/?p=58200"},"modified":"2022-02-15T22:32:11","modified_gmt":"2022-02-16T03:32:11","slug":"asegurado-un-hombre-que-habria-abusado-sexualmente-de-dos-hermanas-menores-de-edad","status":"publish","type":"post","link":"https:\/\/pagina10.com\/web\/asegurado-un-hombre-que-habria-abusado-sexualmente-de-dos-hermanas-menores-de-edad\/","title":{"rendered":"Asegurado un hombre que habr\u00eda abusado sexualmente de dos hermanas menores de edad"},"content":{"rendered":"<p style=\"text-align: justify;\">Tras acoger la solicitud de la Fiscal\u00eda, el Juzgado Primero Penal Ambulante de esta capital dict\u00f3 medida de aseguramiento en establecimiento carcelario en contra de un hombre luego que le fueran imputados cargos por su presunta responsabilidad en los delitos de acceso carnal abusivo con menor de 14 a\u00f1os agravado en concurso homog\u00e9neo y sucesivo en concurso heterog\u00e9neo con actos sexuales con menor de 14 a\u00f1os.<\/p>\n<p style=\"text-align: justify;\">Este hombre fue privado de la libertad con medida de aseguramiento intramural por presuntamente abusar de dos hermanas menores de edad.<\/p>\n<p style=\"text-align: justify;\">Los hechos investigados por el ente acusador ocurrieron entre diciembre de 2020 y julio de 2021 en una finca de la vereda El Vergel del corregimiento El Encanto, zona rural de esta capital. De acuerdo con la denuncia de la madre de las dos v\u00edctimas en la Unidad de Reacci\u00f3n Inmediata, el abuso se habr\u00eda presentado cuando eran llevadas a la casa de la abuela para que pasaran vacaciones escolares.<\/p>\n<p style=\"text-align: justify;\">Seg\u00fan la indagaci\u00f3n de Polic\u00eda Judicial, aprovechando la confianza de la familia Jos\u00e9 Le\u00f3nidas Josa se quedaba solo con las dos hermanas y presuntamente accedi\u00f3 sexualmente a la mayor (10 a\u00f1os) en varias oportunidades e igualmente al parecer manipulaba las partes \u00edntimas de la menor (5 a\u00f1os).<\/p>\n<p style=\"text-align: justify;\">Tras la denuncia de la madre de las v\u00edctimas y las evidencias recolectadas, la Fiscal\u00eda solicit\u00f3 una orden de captura en contra del presunto agresor sexual, la cual fue emitida por el Juzgado Cuarto Penal con control de garant\u00edas.<\/p>\n<p style=\"text-align: justify;\">Servidores del Cuerpo T\u00e9cnico de Investigaci\u00f3n, (CTI) junto con agentes de la Polic\u00eda Nacional, abordaron al agresor y\u00a0 el 10 de febrero de 2022 cumpliendo con la orden judicial en su contra.<\/p>\n<p style=\"text-align: justify;\">El Juez Primero Penal emiti\u00f3 la boleta de encarcelamiento en contra del asegurado, quien fue puesto a disposici\u00f3n del Inpec para ser trasladado a la c\u00e1rcel de Pasto.a<\/p>\n","protected":false},"excerpt":{"rendered":"<p>Tras acoger la solicitud de la Fiscal\u00eda, el Juzgado Primero Penal Ambulante de esta capital dict\u00f3 medida de aseguramiento en establecimiento carcelario en contra de un hombre luego que le fueran imputados cargos por su presunta responsabilidad en los delitos de acceso carnal abusivo con menor de 14 a\u00f1os agravado en concurso homog\u00e9neo y sucesivo [&hellip;]<\/p>\n","protected":false},"author":1,"featured_media":58201,"comment_status":"open","ping_status":"open","sticky":false,"template":"","format":"standard","meta":{"footnotes":""},"categories":[61],"tags":[],"class_list":["post-58200","post","type-post","status-publish","format-standard","has-post-thumbnail","hentry","category-judicial"],"yoast_head":"<!-- This site is optimized with the Yoast SEO plugin v27.1.1 - https:\/\/yoast.com\/product\/yoast-seo-wordpress\/ -->\n<title>Asegurado un hombre que habr\u00eda abusado sexualmente de dos hermanas menores de edad | P\u00e1gina10<\/title>\n<meta name=\"robots\" content=\"index, follow, max-snippet:-1, max-image-preview:large, max-video-preview:-1\" \/>\n<link rel=\"canonical\" href=\"https:\/\/pagina10.com\/web\/asegurado-un-hombre-que-habria-abusado-sexualmente-de-dos-hermanas-menores-de-edad\/\" \/>\n<meta property=\"og:locale\" content=\"es_ES\" \/>\n<meta property=\"og:type\" content=\"article\" \/>\n<meta property=\"og:title\" content=\"Asegurado un hombre que habr\u00eda abusado sexualmente de dos hermanas menores de edad | P\u00e1gina10\" \/>\n<meta property=\"og:description\" content=\"Tras acoger la solicitud de la Fiscal\u00eda, el Juzgado Primero Penal Ambulante de esta capital dict\u00f3 medida de aseguramiento en establecimiento carcelario en contra de un hombre luego que le fueran imputados cargos por su presunta responsabilidad en los delitos de acceso carnal abusivo con menor de 14 a\u00f1os agravado en concurso homog\u00e9neo y sucesivo [&hellip;]\" \/>\n<meta property=\"og:url\" content=\"https:\/\/pagina10.com\/web\/asegurado-un-hombre-que-habria-abusado-sexualmente-de-dos-hermanas-menores-de-edad\/\" \/>\n<meta property=\"og:site_name\" content=\"P\u00e1gina10\" \/>\n<meta property=\"article:publisher\" content=\"https:\/\/www.facebook.com\/pag10com\" \/>\n<meta property=\"article:published_time\" content=\"2022-02-16T03:32:11+00:00\" \/>\n<meta property=\"og:image\" content=\"https:\/\/pagina10.com\/web\/wp-content\/uploads\/2022\/02\/Captura-de-Pantalla-2022-02-15-a-las-10.31.08-p.-m..png\" \/>\n\t<meta property=\"og:image:width\" content=\"599\" \/>\n\t<meta property=\"og:image:height\" content=\"397\" \/>\n\t<meta property=\"og:image:type\" content=\"image\/png\" \/>\n<meta name=\"author\" content=\"P\u00e1gina 10\" \/>\n<meta name=\"twitter:card\" content=\"summary_large_image\" \/>\n<meta name=\"twitter:creator\" content=\"@Pag10com\" \/>\n<meta name=\"twitter:site\" content=\"@Pag10com\" \/>\n<meta name=\"twitter:label1\" content=\"Escrito por\" \/>\n\t<meta name=\"twitter:data1\" content=\"P\u00e1gina 10\" \/>\n\t<meta name=\"twitter:label2\" content=\"Tiempo de lectura\" \/>\n\t<meta name=\"twitter:data2\" content=\"2 minutos\" \/>\n<script type=\"application\/ld+json\" class=\"yoast-schema-graph\">{\"@context\":\"https:\/\/schema.org\",\"@graph\":[{\"@type\":\"Article\",\"@id\":\"https:\/\/pagina10.com\/web\/asegurado-un-hombre-que-habria-abusado-sexualmente-de-dos-hermanas-menores-de-edad\/#article\",\"isPartOf\":{\"@id\":\"https:\/\/pagina10.com\/web\/asegurado-un-hombre-que-habria-abusado-sexualmente-de-dos-hermanas-menores-de-edad\/\"},\"author\":{\"name\":\"P\u00e1gina 10\",\"@id\":\"https:\/\/pagina10.com\/web\/#\/schema\/person\/2efc4a090d25b667d3bc796798a3a81b\"},\"headline\":\"Asegurado un hombre que habr\u00eda abusado sexualmente de dos hermanas menores de edad\",\"datePublished\":\"2022-02-16T03:32:11+00:00\",\"mainEntityOfPage\":{\"@id\":\"https:\/\/pagina10.com\/web\/asegurado-un-hombre-que-habria-abusado-sexualmente-de-dos-hermanas-menores-de-edad\/\"},\"wordCount\":332,\"commentCount\":0,\"publisher\":{\"@id\":\"https:\/\/pagina10.com\/web\/#organization\"},\"image\":{\"@id\":\"https:\/\/pagina10.com\/web\/asegurado-un-hombre-que-habria-abusado-sexualmente-de-dos-hermanas-menores-de-edad\/#primaryimage\"},\"thumbnailUrl\":\"https:\/\/pagina10.com\/web\/wp-content\/uploads\/2022\/02\/Captura-de-Pantalla-2022-02-15-a-las-10.31.08-p.-m..png\",\"articleSection\":[\"Judicial\"],\"inLanguage\":\"es\",\"potentialAction\":[{\"@type\":\"CommentAction\",\"name\":\"Comment\",\"target\":[\"https:\/\/pagina10.com\/web\/asegurado-un-hombre-que-habria-abusado-sexualmente-de-dos-hermanas-menores-de-edad\/#respond\"]}]},{\"@type\":\"WebPage\",\"@id\":\"https:\/\/pagina10.com\/web\/asegurado-un-hombre-que-habria-abusado-sexualmente-de-dos-hermanas-menores-de-edad\/\",\"url\":\"https:\/\/pagina10.com\/web\/asegurado-un-hombre-que-habria-abusado-sexualmente-de-dos-hermanas-menores-de-edad\/\",\"name\":\"Asegurado un hombre que habr\u00eda abusado sexualmente de dos hermanas menores de edad | P\u00e1gina10\",\"isPartOf\":{\"@id\":\"https:\/\/pagina10.com\/web\/#website\"},\"primaryImageOfPage\":{\"@id\":\"https:\/\/pagina10.com\/web\/asegurado-un-hombre-que-habria-abusado-sexualmente-de-dos-hermanas-menores-de-edad\/#primaryimage\"},\"image\":{\"@id\":\"https:\/\/pagina10.com\/web\/asegurado-un-hombre-que-habria-abusado-sexualmente-de-dos-hermanas-menores-de-edad\/#primaryimage\"},\"thumbnailUrl\":\"https:\/\/pagina10.com\/web\/wp-content\/uploads\/2022\/02\/Captura-de-Pantalla-2022-02-15-a-las-10.31.08-p.-m..png\",\"datePublished\":\"2022-02-16T03:32:11+00:00\",\"breadcrumb\":{\"@id\":\"https:\/\/pagina10.com\/web\/asegurado-un-hombre-que-habria-abusado-sexualmente-de-dos-hermanas-menores-de-edad\/#breadcrumb\"},\"inLanguage\":\"es\",\"potentialAction\":[{\"@type\":\"ReadAction\",\"target\":[\"https:\/\/pagina10.com\/web\/asegurado-un-hombre-que-habria-abusado-sexualmente-de-dos-hermanas-menores-de-edad\/\"]}]},{\"@type\":\"ImageObject\",\"inLanguage\":\"es\",\"@id\":\"https:\/\/pagina10.com\/web\/asegurado-un-hombre-que-habria-abusado-sexualmente-de-dos-hermanas-menores-de-edad\/#primaryimage\",\"url\":\"https:\/\/pagina10.com\/web\/wp-content\/uploads\/2022\/02\/Captura-de-Pantalla-2022-02-15-a-las-10.31.08-p.-m..png\",\"contentUrl\":\"https:\/\/pagina10.com\/web\/wp-content\/uploads\/2022\/02\/Captura-de-Pantalla-2022-02-15-a-las-10.31.08-p.-m..png\",\"width\":599,\"height\":397},{\"@type\":\"BreadcrumbList\",\"@id\":\"https:\/\/pagina10.com\/web\/asegurado-un-hombre-que-habria-abusado-sexualmente-de-dos-hermanas-menores-de-edad\/#breadcrumb\",\"itemListElement\":[{\"@type\":\"ListItem\",\"position\":1,\"name\":\"Portada\",\"item\":\"https:\/\/pagina10.com\/web\/\"},{\"@type\":\"ListItem\",\"position\":2,\"name\":\"Asegurado un hombre que habr\u00eda abusado sexualmente de dos hermanas menores de edad\"}]},{\"@type\":\"WebSite\",\"@id\":\"https:\/\/pagina10.com\/web\/#website\",\"url\":\"https:\/\/pagina10.com\/web\/\",\"name\":\"P\u00e1gina10\",\"description\":\"Peri\u00f3dico Regional\",\"publisher\":{\"@id\":\"https:\/\/pagina10.com\/web\/#organization\"},\"alternateName\":\"P\u00e1gina10 Peri\u00f3dico Regional\",\"potentialAction\":[{\"@type\":\"SearchAction\",\"target\":{\"@type\":\"EntryPoint\",\"urlTemplate\":\"https:\/\/pagina10.com\/web\/?s={search_term_string}\"},\"query-input\":{\"@type\":\"PropertyValueSpecification\",\"valueRequired\":true,\"valueName\":\"search_term_string\"}}],\"inLanguage\":\"es\"},{\"@type\":\"Organization\",\"@id\":\"https:\/\/pagina10.com\/web\/#organization\",\"name\":\"P\u00e1gina10\",\"alternateName\":\"P\u00e1gina10 Peri\u00f3dico Regional\",\"url\":\"https:\/\/pagina10.com\/web\/\",\"logo\":{\"@type\":\"ImageObject\",\"inLanguage\":\"es\",\"@id\":\"https:\/\/pagina10.com\/web\/#\/schema\/logo\/image\/\",\"url\":\"https:\/\/pagina10.com\/web\/wp-content\/uploads\/2024\/01\/40-pagina-10-periodico-regional-pasto.jpg\",\"contentUrl\":\"https:\/\/pagina10.com\/web\/wp-content\/uploads\/2024\/01\/40-pagina-10-periodico-regional-pasto.jpg\",\"width\":1280,\"height\":720,\"caption\":\"P\u00e1gina10\"},\"image\":{\"@id\":\"https:\/\/pagina10.com\/web\/#\/schema\/logo\/image\/\"},\"sameAs\":[\"https:\/\/www.facebook.com\/pag10com\",\"https:\/\/x.com\/Pag10com\",\"https:\/\/www.instagram.com\/pagina10col\/\",\"https:\/\/youtube.com\/channel\/pag10\",\"https:\/\/www.tiktok.com\/@p10col\"]},{\"@type\":\"Person\",\"@id\":\"https:\/\/pagina10.com\/web\/#\/schema\/person\/2efc4a090d25b667d3bc796798a3a81b\",\"name\":\"P\u00e1gina 10\",\"description\":\"P\u00e1gina 10 es un peri\u00f3dico regional que nace en Colombia, en el departamento de Nari\u00f1o, con un enfoque global, fundamentado en cuatro pilares esenciales: la libertad, el pluralismo, la inclusi\u00f3n y la independencia. P\u00e1gina 10 hace referencia a Nari\u00f1o como el d\u00e9cimo departamento creado en Colombia, despu\u00e9s de un proceso pol\u00edtico liderado por actores y actrices regionales con el fin de obtener la independencia y autonom\u00eda de nuestros territorios. Con la creaci\u00f3n de P\u00e1gina 10 se pretende abrir un escenario para el dialogo, la reflexi\u00f3n y el debate que se extienda a otras geograf\u00edas de Am\u00e9rica Latina y del planeta, en una apuesta por transformar colectivamente los desaf\u00edos de un mundo contempor\u00e1neo, m\u00e1s all\u00e1 de las fronteras impuestas.\",\"url\":\"https:\/\/pagina10.com\/web\/author\/pdiezadmin\/\"}]}<\/script>\n<!-- \/ Yoast SEO plugin. -->","yoast_head_json":{"title":"Asegurado un hombre que habr\u00eda abusado sexualmente de dos hermanas menores de edad | P\u00e1gina10","robots":{"index":"index","follow":"follow","max-snippet":"max-snippet:-1","max-image-preview":"max-image-preview:large","max-video-preview":"max-video-preview:-1"},"canonical":"https:\/\/pagina10.com\/web\/asegurado-un-hombre-que-habria-abusado-sexualmente-de-dos-hermanas-menores-de-edad\/","og_locale":"es_ES","og_type":"article","og_title":"Asegurado un hombre que habr\u00eda abusado sexualmente de dos hermanas menores de edad | P\u00e1gina10","og_description":"Tras acoger la solicitud de la Fiscal\u00eda, el Juzgado Primero Penal Ambulante de esta capital dict\u00f3 medida de aseguramiento en establecimiento carcelario en contra de un hombre luego que le fueran imputados cargos por su presunta responsabilidad en los delitos de acceso carnal abusivo con menor de 14 a\u00f1os agravado en concurso homog\u00e9neo y sucesivo [&hellip;]","og_url":"https:\/\/pagina10.com\/web\/asegurado-un-hombre-que-habria-abusado-sexualmente-de-dos-hermanas-menores-de-edad\/","og_site_name":"P\u00e1gina10","article_publisher":"https:\/\/www.facebook.com\/pag10com","article_published_time":"2022-02-16T03:32:11+00:00","og_image":[{"width":599,"height":397,"url":"https:\/\/pagina10.com\/web\/wp-content\/uploads\/2022\/02\/Captura-de-Pantalla-2022-02-15-a-las-10.31.08-p.-m..png","type":"image\/png"}],"author":"P\u00e1gina 10","twitter_card":"summary_large_image","twitter_creator":"@Pag10com","twitter_site":"@Pag10com","twitter_misc":{"Escrito por":"P\u00e1gina 10","Tiempo de lectura":"2 minutos"},"schema":{"@context":"https:\/\/schema.org","@graph":[{"@type":"Article","@id":"https:\/\/pagina10.com\/web\/asegurado-un-hombre-que-habria-abusado-sexualmente-de-dos-hermanas-menores-de-edad\/#article","isPartOf":{"@id":"https:\/\/pagina10.com\/web\/asegurado-un-hombre-que-habria-abusado-sexualmente-de-dos-hermanas-menores-de-edad\/"},"author":{"name":"P\u00e1gina 10","@id":"https:\/\/pagina10.com\/web\/#\/schema\/person\/2efc4a090d25b667d3bc796798a3a81b"},"headline":"Asegurado un hombre que habr\u00eda abusado sexualmente de dos hermanas menores de edad","datePublished":"2022-02-16T03:32:11+00:00","mainEntityOfPage":{"@id":"https:\/\/pagina10.com\/web\/asegurado-un-hombre-que-habria-abusado-sexualmente-de-dos-hermanas-menores-de-edad\/"},"wordCount":332,"commentCount":0,"publisher":{"@id":"https:\/\/pagina10.com\/web\/#organization"},"image":{"@id":"https:\/\/pagina10.com\/web\/asegurado-un-hombre-que-habria-abusado-sexualmente-de-dos-hermanas-menores-de-edad\/#primaryimage"},"thumbnailUrl":"https:\/\/pagina10.com\/web\/wp-content\/uploads\/2022\/02\/Captura-de-Pantalla-2022-02-15-a-las-10.31.08-p.-m..png","articleSection":["Judicial"],"inLanguage":"es","potentialAction":[{"@type":"CommentAction","name":"Comment","target":["https:\/\/pagina10.com\/web\/asegurado-un-hombre-que-habria-abusado-sexualmente-de-dos-hermanas-menores-de-edad\/#respond"]}]},{"@type":"WebPage","@id":"https:\/\/pagina10.com\/web\/asegurado-un-hombre-que-habria-abusado-sexualmente-de-dos-hermanas-menores-de-edad\/","url":"https:\/\/pagina10.com\/web\/asegurado-un-hombre-que-habria-abusado-sexualmente-de-dos-hermanas-menores-de-edad\/","name":"Asegurado un hombre que habr\u00eda abusado sexualmente de dos hermanas menores de edad | P\u00e1gina10","isPartOf":{"@id":"https:\/\/pagina10.com\/web\/#website"},"primaryImageOfPage":{"@id":"https:\/\/pagina10.com\/web\/asegurado-un-hombre-que-habria-abusado-sexualmente-de-dos-hermanas-menores-de-edad\/#primaryimage"},"image":{"@id":"https:\/\/pagina10.com\/web\/asegurado-un-hombre-que-habria-abusado-sexualmente-de-dos-hermanas-menores-de-edad\/#primaryimage"},"thumbnailUrl":"https:\/\/pagina10.com\/web\/wp-content\/uploads\/2022\/02\/Captura-de-Pantalla-2022-02-15-a-las-10.31.08-p.-m..png","datePublished":"2022-02-16T03:32:11+00:00","breadcrumb":{"@id":"https:\/\/pagina10.com\/web\/asegurado-un-hombre-que-habria-abusado-sexualmente-de-dos-hermanas-menores-de-edad\/#breadcrumb"},"inLanguage":"es","potentialAction":[{"@type":"ReadAction","target":["https:\/\/pagina10.com\/web\/asegurado-un-hombre-que-habria-abusado-sexualmente-de-dos-hermanas-menores-de-edad\/"]}]},{"@type":"ImageObject","inLanguage":"es","@id":"https:\/\/pagina10.com\/web\/asegurado-un-hombre-que-habria-abusado-sexualmente-de-dos-hermanas-menores-de-edad\/#primaryimage","url":"https:\/\/pagina10.com\/web\/wp-content\/uploads\/2022\/02\/Captura-de-Pantalla-2022-02-15-a-las-10.31.08-p.-m..png","contentUrl":"https:\/\/pagina10.com\/web\/wp-content\/uploads\/2022\/02\/Captura-de-Pantalla-2022-02-15-a-las-10.31.08-p.-m..png","width":599,"height":397},{"@type":"BreadcrumbList","@id":"https:\/\/pagina10.com\/web\/asegurado-un-hombre-que-habria-abusado-sexualmente-de-dos-hermanas-menores-de-edad\/#breadcrumb","itemListElement":[{"@type":"ListItem","position":1,"name":"Portada","item":"https:\/\/pagina10.com\/web\/"},{"@type":"ListItem","position":2,"name":"Asegurado un hombre que habr\u00eda abusado sexualmente de dos hermanas menores de edad"}]},{"@type":"WebSite","@id":"https:\/\/pagina10.com\/web\/#website","url":"https:\/\/pagina10.com\/web\/","name":"P\u00e1gina10","description":"Peri\u00f3dico Regional","publisher":{"@id":"https:\/\/pagina10.com\/web\/#organization"},"alternateName":"P\u00e1gina10 Peri\u00f3dico Regional","potentialAction":[{"@type":"SearchAction","target":{"@type":"EntryPoint","urlTemplate":"https:\/\/pagina10.com\/web\/?s={search_term_string}"},"query-input":{"@type":"PropertyValueSpecification","valueRequired":true,"valueName":"search_term_string"}}],"inLanguage":"es"},{"@type":"Organization","@id":"https:\/\/pagina10.com\/web\/#organization","name":"P\u00e1gina10","alternateName":"P\u00e1gina10 Peri\u00f3dico Regional","url":"https:\/\/pagina10.com\/web\/","logo":{"@type":"ImageObject","inLanguage":"es","@id":"https:\/\/pagina10.com\/web\/#\/schema\/logo\/image\/","url":"https:\/\/pagina10.com\/web\/wp-content\/uploads\/2024\/01\/40-pagina-10-periodico-regional-pasto.jpg","contentUrl":"https:\/\/pagina10.com\/web\/wp-content\/uploads\/2024\/01\/40-pagina-10-periodico-regional-pasto.jpg","width":1280,"height":720,"caption":"P\u00e1gina10"},"image":{"@id":"https:\/\/pagina10.com\/web\/#\/schema\/logo\/image\/"},"sameAs":["https:\/\/www.facebook.com\/pag10com","https:\/\/x.com\/Pag10com","https:\/\/www.instagram.com\/pagina10col\/","https:\/\/youtube.com\/channel\/pag10","https:\/\/www.tiktok.com\/@p10col"]},{"@type":"Person","@id":"https:\/\/pagina10.com\/web\/#\/schema\/person\/2efc4a090d25b667d3bc796798a3a81b","name":"P\u00e1gina 10","description":"P\u00e1gina 10 es un peri\u00f3dico regional que nace en Colombia, en el departamento de Nari\u00f1o, con un enfoque global, fundamentado en cuatro pilares esenciales: la libertad, el pluralismo, la inclusi\u00f3n y la independencia. P\u00e1gina 10 hace referencia a Nari\u00f1o como el d\u00e9cimo departamento creado en Colombia, despu\u00e9s de un proceso pol\u00edtico liderado por actores y actrices regionales con el fin de obtener la independencia y autonom\u00eda de nuestros territorios. Con la creaci\u00f3n de P\u00e1gina 10 se pretende abrir un escenario para el dialogo, la reflexi\u00f3n y el debate que se extienda a otras geograf\u00edas de Am\u00e9rica Latina y del planeta, en una apuesta por transformar colectivamente los desaf\u00edos de un mundo contempor\u00e1neo, m\u00e1s all\u00e1 de las fronteras impuestas.","url":"https:\/\/pagina10.com\/web\/author\/pdiezadmin\/"}]}},"_links":{"self":[{"href":"https:\/\/pagina10.com\/web\/wp-json\/wp\/v2\/posts\/58200","targetHints":{"allow":["GET"]}}],"collection":[{"href":"https:\/\/pagina10.com\/web\/wp-json\/wp\/v2\/posts"}],"about":[{"href":"https:\/\/pagina10.com\/web\/wp-json\/wp\/v2\/types\/post"}],"author":[{"embeddable":true,"href":"https:\/\/pagina10.com\/web\/wp-json\/wp\/v2\/users\/1"}],"replies":[{"embeddable":true,"href":"https:\/\/pagina10.com\/web\/wp-json\/wp\/v2\/comments?post=58200"}],"version-history":[{"count":1,"href":"https:\/\/pagina10.com\/web\/wp-json\/wp\/v2\/posts\/58200\/revisions"}],"predecessor-version":[{"id":58202,"href":"https:\/\/pagina10.com\/web\/wp-json\/wp\/v2\/posts\/58200\/revisions\/58202"}],"wp:featuredmedia":[{"embeddable":true,"href":"https:\/\/pagina10.com\/web\/wp-json\/wp\/v2\/media\/58201"}],"wp:attachment":[{"href":"https:\/\/pagina10.com\/web\/wp-json\/wp\/v2\/media?parent=58200"}],"wp:term":[{"taxonomy":"category","embeddable":true,"href":"https:\/\/pagina10.com\/web\/wp-json\/wp\/v2\/categories?post=58200"},{"taxonomy":"post_tag","embeddable":true,"href":"https:\/\/pagina10.com\/web\/wp-json\/wp\/v2\/tags?post=58200"}],"curies":[{"name":"wp","href":"https:\/\/api.w.org\/{rel}","templated":true}]}}