{"id":58210,"date":"2022-02-16T22:36:58","date_gmt":"2022-02-17T03:36:58","guid":{"rendered":"https:\/\/pagina10.com\/web\/?p=58210"},"modified":"2022-02-16T22:36:58","modified_gmt":"2022-02-17T03:36:58","slug":"jovenes-de-narino-invitados-a-ser-parte-de-mundo-sacudete","status":"publish","type":"post","link":"https:\/\/pagina10.com\/web\/jovenes-de-narino-invitados-a-ser-parte-de-mundo-sacudete\/","title":{"rendered":"J\u00f3venes de Nari\u00f1o invitados a ser parte de Mundo Sac\u00fadete"},"content":{"rendered":"<p style=\"text-align: justify;\">\u2018Mundo Sac\u00fadete 100% virtual\u2019, programa liderado por el Instituto Colombiano de Bienestar Familiar -ICBF, propende por la generaci\u00f3n de herramientas para adolescentes y j\u00f3venes que les aportara en la construcci\u00f3n de sus proyectos de vida sostenibles.<br \/>\n\u201cLos participantes del proceso contar\u00e1n con 14 cursos totalmente virtuales, relacionados con temas estrat\u00e9gicos como mega tendencias, retos sociales, habilidades digitales, promoci\u00f3n de derechos, h\u00e1bitos para una mentalidad emprendedora, econom\u00eda verde, econom\u00eda naranja y otros; adem\u00e1s, de generar oportunidades para contribuir a la materializaci\u00f3n de sus proyectos de vida\u201d, indic\u00f3 Luis Carlos Espa\u00f1a, Director Territorial del ICBF para Nari\u00f1o.<br \/>\nDesde la Gobernaci\u00f3n de Nari\u00f1o, a trav\u00e9s de la Secretar\u00eda de Equidad de G\u00e9nero e Inclusi\u00f3n Social y el Subprograma de Adolescencia y Juventud, invitamos a los y las j\u00f3venes entre los 14 y 28 a\u00f1os de edad del Departamento, a inscribirse y formarse en procesos que fortalezcan sus habilidades, reconocer sus derechos, potencializar sus talentos, acceder a informaci\u00f3n, apropiar conocimientos para<\/p>\n<p>tomar decisiones que les permitan materializar sus proyectos de vida entre otras acciones.<br \/>\n\u201cPara el Gobierno de Mi Nari\u00f1o, es fundamental que este grupo poblacional adquiera todas las bases posibles, reconociendo el importante aporte que representan para la reactivaci\u00f3n econ\u00f3mica y social y con ello la construcci\u00f3n de un Nari\u00f1o m\u00e1s incluyente y competitivo\u201d, manifest\u00f3 la Secretaria SEGIS, Ver\u00f3nica Caicedo.<br \/>\nLos interesados deben inscribirse y conocer m\u00e1s sobre el proceso, a trav\u00e9s de<br \/>\nwww.sacudete.gov.co<\/p>\n","protected":false},"excerpt":{"rendered":"<p>\u2018Mundo Sac\u00fadete 100% virtual\u2019, programa liderado por el Instituto Colombiano de Bienestar Familiar -ICBF, propende por la generaci\u00f3n de herramientas para adolescentes y j\u00f3venes que les aportara en la construcci\u00f3n de sus proyectos de vida sostenibles. \u201cLos participantes del proceso contar\u00e1n con 14 cursos totalmente virtuales, relacionados con temas estrat\u00e9gicos como mega tendencias, retos sociales, [&hellip;]<\/p>\n","protected":false},"author":1,"featured_media":58211,"comment_status":"open","ping_status":"open","sticky":false,"template":"","format":"standard","meta":{"footnotes":""},"categories":[53],"tags":[],"class_list":["post-58210","post","type-post","status-publish","format-standard","has-post-thumbnail","hentry","category-regiones"],"yoast_head":"<!-- This site is optimized with the Yoast SEO plugin v27.1.1 - https:\/\/yoast.com\/product\/yoast-seo-wordpress\/ -->\n<title>J\u00f3venes de Nari\u00f1o invitados a ser parte de Mundo Sac\u00fadete | P\u00e1gina10<\/title>\n<meta name=\"robots\" content=\"index, follow, max-snippet:-1, max-image-preview:large, max-video-preview:-1\" \/>\n<link rel=\"canonical\" href=\"https:\/\/pagina10.com\/web\/jovenes-de-narino-invitados-a-ser-parte-de-mundo-sacudete\/\" \/>\n<meta property=\"og:locale\" content=\"es_ES\" \/>\n<meta property=\"og:type\" content=\"article\" \/>\n<meta property=\"og:title\" content=\"J\u00f3venes de Nari\u00f1o invitados a ser parte de Mundo Sac\u00fadete | P\u00e1gina10\" \/>\n<meta property=\"og:description\" content=\"\u2018Mundo Sac\u00fadete 100% virtual\u2019, programa liderado por el Instituto Colombiano de Bienestar Familiar -ICBF, propende por la generaci\u00f3n de herramientas para adolescentes y j\u00f3venes que les aportara en la construcci\u00f3n de sus proyectos de vida sostenibles. \u201cLos participantes del proceso contar\u00e1n con 14 cursos totalmente virtuales, relacionados con temas estrat\u00e9gicos como mega tendencias, retos sociales, [&hellip;]\" \/>\n<meta property=\"og:url\" content=\"https:\/\/pagina10.com\/web\/jovenes-de-narino-invitados-a-ser-parte-de-mundo-sacudete\/\" \/>\n<meta property=\"og:site_name\" content=\"P\u00e1gina10\" \/>\n<meta property=\"article:publisher\" content=\"https:\/\/www.facebook.com\/pag10com\" \/>\n<meta property=\"article:published_time\" content=\"2022-02-17T03:36:58+00:00\" \/>\n<meta property=\"og:image\" content=\"https:\/\/pagina10.com\/web\/wp-content\/uploads\/2022\/02\/WhatsApp-Image-2022-02-16-at-10.30.46-PM.jpeg\" \/>\n\t<meta property=\"og:image:width\" content=\"1280\" \/>\n\t<meta property=\"og:image:height\" content=\"1280\" \/>\n\t<meta property=\"og:image:type\" content=\"image\/jpeg\" \/>\n<meta name=\"author\" content=\"P\u00e1gina 10\" \/>\n<meta name=\"twitter:card\" content=\"summary_large_image\" \/>\n<meta name=\"twitter:creator\" content=\"@Pag10com\" \/>\n<meta name=\"twitter:site\" content=\"@Pag10com\" \/>\n<meta name=\"twitter:label1\" content=\"Escrito por\" \/>\n\t<meta name=\"twitter:data1\" content=\"P\u00e1gina 10\" \/>\n\t<meta name=\"twitter:label2\" content=\"Tiempo de lectura\" \/>\n\t<meta name=\"twitter:data2\" content=\"1 minuto\" \/>\n<script type=\"application\/ld+json\" class=\"yoast-schema-graph\">{\"@context\":\"https:\/\/schema.org\",\"@graph\":[{\"@type\":\"Article\",\"@id\":\"https:\/\/pagina10.com\/web\/jovenes-de-narino-invitados-a-ser-parte-de-mundo-sacudete\/#article\",\"isPartOf\":{\"@id\":\"https:\/\/pagina10.com\/web\/jovenes-de-narino-invitados-a-ser-parte-de-mundo-sacudete\/\"},\"author\":{\"name\":\"P\u00e1gina 10\",\"@id\":\"https:\/\/pagina10.com\/web\/#\/schema\/person\/2efc4a090d25b667d3bc796798a3a81b\"},\"headline\":\"J\u00f3venes de Nari\u00f1o invitados a ser parte de Mundo Sac\u00fadete\",\"datePublished\":\"2022-02-17T03:36:58+00:00\",\"mainEntityOfPage\":{\"@id\":\"https:\/\/pagina10.com\/web\/jovenes-de-narino-invitados-a-ser-parte-de-mundo-sacudete\/\"},\"wordCount\":275,\"commentCount\":0,\"publisher\":{\"@id\":\"https:\/\/pagina10.com\/web\/#organization\"},\"image\":{\"@id\":\"https:\/\/pagina10.com\/web\/jovenes-de-narino-invitados-a-ser-parte-de-mundo-sacudete\/#primaryimage\"},\"thumbnailUrl\":\"https:\/\/pagina10.com\/web\/wp-content\/uploads\/2022\/02\/WhatsApp-Image-2022-02-16-at-10.30.46-PM.jpeg\",\"articleSection\":[\"Regiones\"],\"inLanguage\":\"es\",\"potentialAction\":[{\"@type\":\"CommentAction\",\"name\":\"Comment\",\"target\":[\"https:\/\/pagina10.com\/web\/jovenes-de-narino-invitados-a-ser-parte-de-mundo-sacudete\/#respond\"]}]},{\"@type\":\"WebPage\",\"@id\":\"https:\/\/pagina10.com\/web\/jovenes-de-narino-invitados-a-ser-parte-de-mundo-sacudete\/\",\"url\":\"https:\/\/pagina10.com\/web\/jovenes-de-narino-invitados-a-ser-parte-de-mundo-sacudete\/\",\"name\":\"J\u00f3venes de Nari\u00f1o invitados a ser parte de Mundo Sac\u00fadete | P\u00e1gina10\",\"isPartOf\":{\"@id\":\"https:\/\/pagina10.com\/web\/#website\"},\"primaryImageOfPage\":{\"@id\":\"https:\/\/pagina10.com\/web\/jovenes-de-narino-invitados-a-ser-parte-de-mundo-sacudete\/#primaryimage\"},\"image\":{\"@id\":\"https:\/\/pagina10.com\/web\/jovenes-de-narino-invitados-a-ser-parte-de-mundo-sacudete\/#primaryimage\"},\"thumbnailUrl\":\"https:\/\/pagina10.com\/web\/wp-content\/uploads\/2022\/02\/WhatsApp-Image-2022-02-16-at-10.30.46-PM.jpeg\",\"datePublished\":\"2022-02-17T03:36:58+00:00\",\"breadcrumb\":{\"@id\":\"https:\/\/pagina10.com\/web\/jovenes-de-narino-invitados-a-ser-parte-de-mundo-sacudete\/#breadcrumb\"},\"inLanguage\":\"es\",\"potentialAction\":[{\"@type\":\"ReadAction\",\"target\":[\"https:\/\/pagina10.com\/web\/jovenes-de-narino-invitados-a-ser-parte-de-mundo-sacudete\/\"]}]},{\"@type\":\"ImageObject\",\"inLanguage\":\"es\",\"@id\":\"https:\/\/pagina10.com\/web\/jovenes-de-narino-invitados-a-ser-parte-de-mundo-sacudete\/#primaryimage\",\"url\":\"https:\/\/pagina10.com\/web\/wp-content\/uploads\/2022\/02\/WhatsApp-Image-2022-02-16-at-10.30.46-PM.jpeg\",\"contentUrl\":\"https:\/\/pagina10.com\/web\/wp-content\/uploads\/2022\/02\/WhatsApp-Image-2022-02-16-at-10.30.46-PM.jpeg\",\"width\":1280,\"height\":1280},{\"@type\":\"BreadcrumbList\",\"@id\":\"https:\/\/pagina10.com\/web\/jovenes-de-narino-invitados-a-ser-parte-de-mundo-sacudete\/#breadcrumb\",\"itemListElement\":[{\"@type\":\"ListItem\",\"position\":1,\"name\":\"Portada\",\"item\":\"https:\/\/pagina10.com\/web\/\"},{\"@type\":\"ListItem\",\"position\":2,\"name\":\"J\u00f3venes de Nari\u00f1o invitados a ser parte de Mundo Sac\u00fadete\"}]},{\"@type\":\"WebSite\",\"@id\":\"https:\/\/pagina10.com\/web\/#website\",\"url\":\"https:\/\/pagina10.com\/web\/\",\"name\":\"P\u00e1gina10\",\"description\":\"Peri\u00f3dico Regional\",\"publisher\":{\"@id\":\"https:\/\/pagina10.com\/web\/#organization\"},\"alternateName\":\"P\u00e1gina10 Peri\u00f3dico Regional\",\"potentialAction\":[{\"@type\":\"SearchAction\",\"target\":{\"@type\":\"EntryPoint\",\"urlTemplate\":\"https:\/\/pagina10.com\/web\/?s={search_term_string}\"},\"query-input\":{\"@type\":\"PropertyValueSpecification\",\"valueRequired\":true,\"valueName\":\"search_term_string\"}}],\"inLanguage\":\"es\"},{\"@type\":\"Organization\",\"@id\":\"https:\/\/pagina10.com\/web\/#organization\",\"name\":\"P\u00e1gina10\",\"alternateName\":\"P\u00e1gina10 Peri\u00f3dico Regional\",\"url\":\"https:\/\/pagina10.com\/web\/\",\"logo\":{\"@type\":\"ImageObject\",\"inLanguage\":\"es\",\"@id\":\"https:\/\/pagina10.com\/web\/#\/schema\/logo\/image\/\",\"url\":\"https:\/\/pagina10.com\/web\/wp-content\/uploads\/2024\/01\/40-pagina-10-periodico-regional-pasto.jpg\",\"contentUrl\":\"https:\/\/pagina10.com\/web\/wp-content\/uploads\/2024\/01\/40-pagina-10-periodico-regional-pasto.jpg\",\"width\":1280,\"height\":720,\"caption\":\"P\u00e1gina10\"},\"image\":{\"@id\":\"https:\/\/pagina10.com\/web\/#\/schema\/logo\/image\/\"},\"sameAs\":[\"https:\/\/www.facebook.com\/pag10com\",\"https:\/\/x.com\/Pag10com\",\"https:\/\/www.instagram.com\/pagina10col\/\",\"https:\/\/youtube.com\/channel\/pag10\",\"https:\/\/www.tiktok.com\/@p10col\"]},{\"@type\":\"Person\",\"@id\":\"https:\/\/pagina10.com\/web\/#\/schema\/person\/2efc4a090d25b667d3bc796798a3a81b\",\"name\":\"P\u00e1gina 10\",\"description\":\"P\u00e1gina 10 es un peri\u00f3dico regional que nace en Colombia, en el departamento de Nari\u00f1o, con un enfoque global, fundamentado en cuatro pilares esenciales: la libertad, el pluralismo, la inclusi\u00f3n y la independencia. P\u00e1gina 10 hace referencia a Nari\u00f1o como el d\u00e9cimo departamento creado en Colombia, despu\u00e9s de un proceso pol\u00edtico liderado por actores y actrices regionales con el fin de obtener la independencia y autonom\u00eda de nuestros territorios. Con la creaci\u00f3n de P\u00e1gina 10 se pretende abrir un escenario para el dialogo, la reflexi\u00f3n y el debate que se extienda a otras geograf\u00edas de Am\u00e9rica Latina y del planeta, en una apuesta por transformar colectivamente los desaf\u00edos de un mundo contempor\u00e1neo, m\u00e1s all\u00e1 de las fronteras impuestas.\",\"url\":\"https:\/\/pagina10.com\/web\/author\/pdiezadmin\/\"}]}<\/script>\n<!-- \/ Yoast SEO plugin. -->","yoast_head_json":{"title":"J\u00f3venes de Nari\u00f1o invitados a ser parte de Mundo Sac\u00fadete | P\u00e1gina10","robots":{"index":"index","follow":"follow","max-snippet":"max-snippet:-1","max-image-preview":"max-image-preview:large","max-video-preview":"max-video-preview:-1"},"canonical":"https:\/\/pagina10.com\/web\/jovenes-de-narino-invitados-a-ser-parte-de-mundo-sacudete\/","og_locale":"es_ES","og_type":"article","og_title":"J\u00f3venes de Nari\u00f1o invitados a ser parte de Mundo Sac\u00fadete | P\u00e1gina10","og_description":"\u2018Mundo Sac\u00fadete 100% virtual\u2019, programa liderado por el Instituto Colombiano de Bienestar Familiar -ICBF, propende por la generaci\u00f3n de herramientas para adolescentes y j\u00f3venes que les aportara en la construcci\u00f3n de sus proyectos de vida sostenibles. \u201cLos participantes del proceso contar\u00e1n con 14 cursos totalmente virtuales, relacionados con temas estrat\u00e9gicos como mega tendencias, retos sociales, [&hellip;]","og_url":"https:\/\/pagina10.com\/web\/jovenes-de-narino-invitados-a-ser-parte-de-mundo-sacudete\/","og_site_name":"P\u00e1gina10","article_publisher":"https:\/\/www.facebook.com\/pag10com","article_published_time":"2022-02-17T03:36:58+00:00","og_image":[{"width":1280,"height":1280,"url":"https:\/\/pagina10.com\/web\/wp-content\/uploads\/2022\/02\/WhatsApp-Image-2022-02-16-at-10.30.46-PM.jpeg","type":"image\/jpeg"}],"author":"P\u00e1gina 10","twitter_card":"summary_large_image","twitter_creator":"@Pag10com","twitter_site":"@Pag10com","twitter_misc":{"Escrito por":"P\u00e1gina 10","Tiempo de lectura":"1 minuto"},"schema":{"@context":"https:\/\/schema.org","@graph":[{"@type":"Article","@id":"https:\/\/pagina10.com\/web\/jovenes-de-narino-invitados-a-ser-parte-de-mundo-sacudete\/#article","isPartOf":{"@id":"https:\/\/pagina10.com\/web\/jovenes-de-narino-invitados-a-ser-parte-de-mundo-sacudete\/"},"author":{"name":"P\u00e1gina 10","@id":"https:\/\/pagina10.com\/web\/#\/schema\/person\/2efc4a090d25b667d3bc796798a3a81b"},"headline":"J\u00f3venes de Nari\u00f1o invitados a ser parte de Mundo Sac\u00fadete","datePublished":"2022-02-17T03:36:58+00:00","mainEntityOfPage":{"@id":"https:\/\/pagina10.com\/web\/jovenes-de-narino-invitados-a-ser-parte-de-mundo-sacudete\/"},"wordCount":275,"commentCount":0,"publisher":{"@id":"https:\/\/pagina10.com\/web\/#organization"},"image":{"@id":"https:\/\/pagina10.com\/web\/jovenes-de-narino-invitados-a-ser-parte-de-mundo-sacudete\/#primaryimage"},"thumbnailUrl":"https:\/\/pagina10.com\/web\/wp-content\/uploads\/2022\/02\/WhatsApp-Image-2022-02-16-at-10.30.46-PM.jpeg","articleSection":["Regiones"],"inLanguage":"es","potentialAction":[{"@type":"CommentAction","name":"Comment","target":["https:\/\/pagina10.com\/web\/jovenes-de-narino-invitados-a-ser-parte-de-mundo-sacudete\/#respond"]}]},{"@type":"WebPage","@id":"https:\/\/pagina10.com\/web\/jovenes-de-narino-invitados-a-ser-parte-de-mundo-sacudete\/","url":"https:\/\/pagina10.com\/web\/jovenes-de-narino-invitados-a-ser-parte-de-mundo-sacudete\/","name":"J\u00f3venes de Nari\u00f1o invitados a ser parte de Mundo Sac\u00fadete | P\u00e1gina10","isPartOf":{"@id":"https:\/\/pagina10.com\/web\/#website"},"primaryImageOfPage":{"@id":"https:\/\/pagina10.com\/web\/jovenes-de-narino-invitados-a-ser-parte-de-mundo-sacudete\/#primaryimage"},"image":{"@id":"https:\/\/pagina10.com\/web\/jovenes-de-narino-invitados-a-ser-parte-de-mundo-sacudete\/#primaryimage"},"thumbnailUrl":"https:\/\/pagina10.com\/web\/wp-content\/uploads\/2022\/02\/WhatsApp-Image-2022-02-16-at-10.30.46-PM.jpeg","datePublished":"2022-02-17T03:36:58+00:00","breadcrumb":{"@id":"https:\/\/pagina10.com\/web\/jovenes-de-narino-invitados-a-ser-parte-de-mundo-sacudete\/#breadcrumb"},"inLanguage":"es","potentialAction":[{"@type":"ReadAction","target":["https:\/\/pagina10.com\/web\/jovenes-de-narino-invitados-a-ser-parte-de-mundo-sacudete\/"]}]},{"@type":"ImageObject","inLanguage":"es","@id":"https:\/\/pagina10.com\/web\/jovenes-de-narino-invitados-a-ser-parte-de-mundo-sacudete\/#primaryimage","url":"https:\/\/pagina10.com\/web\/wp-content\/uploads\/2022\/02\/WhatsApp-Image-2022-02-16-at-10.30.46-PM.jpeg","contentUrl":"https:\/\/pagina10.com\/web\/wp-content\/uploads\/2022\/02\/WhatsApp-Image-2022-02-16-at-10.30.46-PM.jpeg","width":1280,"height":1280},{"@type":"BreadcrumbList","@id":"https:\/\/pagina10.com\/web\/jovenes-de-narino-invitados-a-ser-parte-de-mundo-sacudete\/#breadcrumb","itemListElement":[{"@type":"ListItem","position":1,"name":"Portada","item":"https:\/\/pagina10.com\/web\/"},{"@type":"ListItem","position":2,"name":"J\u00f3venes de Nari\u00f1o invitados a ser parte de Mundo Sac\u00fadete"}]},{"@type":"WebSite","@id":"https:\/\/pagina10.com\/web\/#website","url":"https:\/\/pagina10.com\/web\/","name":"P\u00e1gina10","description":"Peri\u00f3dico Regional","publisher":{"@id":"https:\/\/pagina10.com\/web\/#organization"},"alternateName":"P\u00e1gina10 Peri\u00f3dico Regional","potentialAction":[{"@type":"SearchAction","target":{"@type":"EntryPoint","urlTemplate":"https:\/\/pagina10.com\/web\/?s={search_term_string}"},"query-input":{"@type":"PropertyValueSpecification","valueRequired":true,"valueName":"search_term_string"}}],"inLanguage":"es"},{"@type":"Organization","@id":"https:\/\/pagina10.com\/web\/#organization","name":"P\u00e1gina10","alternateName":"P\u00e1gina10 Peri\u00f3dico Regional","url":"https:\/\/pagina10.com\/web\/","logo":{"@type":"ImageObject","inLanguage":"es","@id":"https:\/\/pagina10.com\/web\/#\/schema\/logo\/image\/","url":"https:\/\/pagina10.com\/web\/wp-content\/uploads\/2024\/01\/40-pagina-10-periodico-regional-pasto.jpg","contentUrl":"https:\/\/pagina10.com\/web\/wp-content\/uploads\/2024\/01\/40-pagina-10-periodico-regional-pasto.jpg","width":1280,"height":720,"caption":"P\u00e1gina10"},"image":{"@id":"https:\/\/pagina10.com\/web\/#\/schema\/logo\/image\/"},"sameAs":["https:\/\/www.facebook.com\/pag10com","https:\/\/x.com\/Pag10com","https:\/\/www.instagram.com\/pagina10col\/","https:\/\/youtube.com\/channel\/pag10","https:\/\/www.tiktok.com\/@p10col"]},{"@type":"Person","@id":"https:\/\/pagina10.com\/web\/#\/schema\/person\/2efc4a090d25b667d3bc796798a3a81b","name":"P\u00e1gina 10","description":"P\u00e1gina 10 es un peri\u00f3dico regional que nace en Colombia, en el departamento de Nari\u00f1o, con un enfoque global, fundamentado en cuatro pilares esenciales: la libertad, el pluralismo, la inclusi\u00f3n y la independencia. P\u00e1gina 10 hace referencia a Nari\u00f1o como el d\u00e9cimo departamento creado en Colombia, despu\u00e9s de un proceso pol\u00edtico liderado por actores y actrices regionales con el fin de obtener la independencia y autonom\u00eda de nuestros territorios. Con la creaci\u00f3n de P\u00e1gina 10 se pretende abrir un escenario para el dialogo, la reflexi\u00f3n y el debate que se extienda a otras geograf\u00edas de Am\u00e9rica Latina y del planeta, en una apuesta por transformar colectivamente los desaf\u00edos de un mundo contempor\u00e1neo, m\u00e1s all\u00e1 de las fronteras impuestas.","url":"https:\/\/pagina10.com\/web\/author\/pdiezadmin\/"}]}},"_links":{"self":[{"href":"https:\/\/pagina10.com\/web\/wp-json\/wp\/v2\/posts\/58210","targetHints":{"allow":["GET"]}}],"collection":[{"href":"https:\/\/pagina10.com\/web\/wp-json\/wp\/v2\/posts"}],"about":[{"href":"https:\/\/pagina10.com\/web\/wp-json\/wp\/v2\/types\/post"}],"author":[{"embeddable":true,"href":"https:\/\/pagina10.com\/web\/wp-json\/wp\/v2\/users\/1"}],"replies":[{"embeddable":true,"href":"https:\/\/pagina10.com\/web\/wp-json\/wp\/v2\/comments?post=58210"}],"version-history":[{"count":1,"href":"https:\/\/pagina10.com\/web\/wp-json\/wp\/v2\/posts\/58210\/revisions"}],"predecessor-version":[{"id":58212,"href":"https:\/\/pagina10.com\/web\/wp-json\/wp\/v2\/posts\/58210\/revisions\/58212"}],"wp:featuredmedia":[{"embeddable":true,"href":"https:\/\/pagina10.com\/web\/wp-json\/wp\/v2\/media\/58211"}],"wp:attachment":[{"href":"https:\/\/pagina10.com\/web\/wp-json\/wp\/v2\/media?parent=58210"}],"wp:term":[{"taxonomy":"category","embeddable":true,"href":"https:\/\/pagina10.com\/web\/wp-json\/wp\/v2\/categories?post=58210"},{"taxonomy":"post_tag","embeddable":true,"href":"https:\/\/pagina10.com\/web\/wp-json\/wp\/v2\/tags?post=58210"}],"curies":[{"name":"wp","href":"https:\/\/api.w.org\/{rel}","templated":true}]}}