{"id":58213,"date":"2022-02-16T22:39:24","date_gmt":"2022-02-17T03:39:24","guid":{"rendered":"https:\/\/pagina10.com\/web\/?p=58213"},"modified":"2022-02-16T22:39:24","modified_gmt":"2022-02-17T03:39:24","slug":"continuan-las-acciones-institucionales-para-garantizar-el-buen-desarrollo-de-los-proximos-comicios","status":"publish","type":"post","link":"https:\/\/pagina10.com\/web\/continuan-las-acciones-institucionales-para-garantizar-el-buen-desarrollo-de-los-proximos-comicios\/","title":{"rendered":"Contin\u00faan las acciones institucionales para garantizar el buen desarrollo de los pr\u00f3ximos comicios"},"content":{"rendered":"<p style=\"text-align: justify;\">La Gobernaci\u00f3n de Nari\u00f1o desarroll\u00f3 el tercer Comit\u00e9 de Seguimiento Electoral con el fin de coordinar acciones que protejan el derecho al voto de los nari\u00f1enses el pr\u00f3ximo 13 de marzo. Desde la Administraci\u00f3n Departamental se busca garantizar que las entidades cumplan su rol, funciones y obligaciones de cara a las pr\u00f3ximas elecciones.<br \/>\nEn el Comit\u00e9 se plantearon distintos puntos para continuar generando garant\u00edas electorales para los aspirantes a las diferentes consultas populares y los votantes. As\u00ed mismo, se han generado diferentes espacios de participaci\u00f3n para los candidatos a las circunscripciones de paz, en un hecho hist\u00f3rico para el pa\u00eds, donde las v\u00edctimas tendr\u00e1n representaci\u00f3n.<br \/>\n\u201cQueremos invitar a los 22 candidatos y candidatas que hacen parte de las 11 listas de la zona uno y 10, para poder llegar al Congreso de la Rep\u00fablica, representando a las v\u00edctimas, a que se acerquen a la institucionalidad. Queremos presentar una oferta institucional a la cual ustedes tienen derecho, as\u00ed que, en compa\u00f1\u00eda del Ministerio del Interior, la Polic\u00eda y el Ej\u00e9rcito Nacional queremos que participen de los diferentes escenarios para garantizar la contienda electoral\u201d, indic\u00f3 el Secretario de Gobierno de Nari\u00f1o, Amilcar Pantoja.<br \/>\nPor su parte, el Asesor del Ministerio del Interior para asuntos electorales, Gian Carlos Torres Blanco, se\u00f1al\u00f3 que: \u201cEl Comit\u00e9 de Seguimiento Electoral de Nari\u00f1o se desarroll\u00f3 con gran \u00e9xito, hemos contado con el acompa\u00f1amiento de la fuerza p\u00fablica y de nuestras fuerzas militares, garantizando la seguridad de todos nuestros nari\u00f1enses. Adicionalmente, tenemos como conclusiones una cobertura total, en la interacci\u00f3n de las instituciones por todos los actores que conforman este comit\u00e9\u201d.<\/p>\n","protected":false},"excerpt":{"rendered":"<p>La Gobernaci\u00f3n de Nari\u00f1o desarroll\u00f3 el tercer Comit\u00e9 de Seguimiento Electoral con el fin de coordinar acciones que protejan el derecho al voto de los nari\u00f1enses el pr\u00f3ximo 13 de marzo. Desde la Administraci\u00f3n Departamental se busca garantizar que las entidades cumplan su rol, funciones y obligaciones de cara a las pr\u00f3ximas elecciones. En el [&hellip;]<\/p>\n","protected":false},"author":1,"featured_media":58214,"comment_status":"open","ping_status":"open","sticky":false,"template":"","format":"standard","meta":{"footnotes":""},"categories":[53],"tags":[],"class_list":["post-58213","post","type-post","status-publish","format-standard","has-post-thumbnail","hentry","category-regiones"],"yoast_head":"<!-- This site is optimized with the Yoast SEO plugin v27.1.1 - https:\/\/yoast.com\/product\/yoast-seo-wordpress\/ -->\n<title>Contin\u00faan las acciones institucionales para garantizar el buen desarrollo de los pr\u00f3ximos comicios | P\u00e1gina10<\/title>\n<meta name=\"robots\" content=\"index, follow, max-snippet:-1, max-image-preview:large, max-video-preview:-1\" \/>\n<link rel=\"canonical\" href=\"https:\/\/pagina10.com\/web\/continuan-las-acciones-institucionales-para-garantizar-el-buen-desarrollo-de-los-proximos-comicios\/\" \/>\n<meta property=\"og:locale\" content=\"es_ES\" \/>\n<meta property=\"og:type\" content=\"article\" \/>\n<meta property=\"og:title\" content=\"Contin\u00faan las acciones institucionales para garantizar el buen desarrollo de los pr\u00f3ximos comicios | P\u00e1gina10\" \/>\n<meta property=\"og:description\" content=\"La Gobernaci\u00f3n de Nari\u00f1o desarroll\u00f3 el tercer Comit\u00e9 de Seguimiento Electoral con el fin de coordinar acciones que protejan el derecho al voto de los nari\u00f1enses el pr\u00f3ximo 13 de marzo. Desde la Administraci\u00f3n Departamental se busca garantizar que las entidades cumplan su rol, funciones y obligaciones de cara a las pr\u00f3ximas elecciones. En el [&hellip;]\" \/>\n<meta property=\"og:url\" content=\"https:\/\/pagina10.com\/web\/continuan-las-acciones-institucionales-para-garantizar-el-buen-desarrollo-de-los-proximos-comicios\/\" \/>\n<meta property=\"og:site_name\" content=\"P\u00e1gina10\" \/>\n<meta property=\"article:publisher\" content=\"https:\/\/www.facebook.com\/pag10com\" \/>\n<meta property=\"article:published_time\" content=\"2022-02-17T03:39:24+00:00\" \/>\n<meta property=\"og:image\" content=\"https:\/\/pagina10.com\/web\/wp-content\/uploads\/2022\/02\/WhatsApp-Image-2022-02-16-at-10.27.51-PM.jpeg\" \/>\n\t<meta property=\"og:image:width\" content=\"1600\" \/>\n\t<meta property=\"og:image:height\" content=\"720\" \/>\n\t<meta property=\"og:image:type\" content=\"image\/jpeg\" \/>\n<meta name=\"author\" content=\"P\u00e1gina 10\" \/>\n<meta name=\"twitter:card\" content=\"summary_large_image\" \/>\n<meta name=\"twitter:creator\" content=\"@Pag10com\" \/>\n<meta name=\"twitter:site\" content=\"@Pag10com\" \/>\n<meta name=\"twitter:label1\" content=\"Escrito por\" \/>\n\t<meta name=\"twitter:data1\" content=\"P\u00e1gina 10\" \/>\n\t<meta name=\"twitter:label2\" content=\"Tiempo de lectura\" \/>\n\t<meta name=\"twitter:data2\" content=\"1 minuto\" \/>\n<script type=\"application\/ld+json\" class=\"yoast-schema-graph\">{\"@context\":\"https:\/\/schema.org\",\"@graph\":[{\"@type\":\"Article\",\"@id\":\"https:\/\/pagina10.com\/web\/continuan-las-acciones-institucionales-para-garantizar-el-buen-desarrollo-de-los-proximos-comicios\/#article\",\"isPartOf\":{\"@id\":\"https:\/\/pagina10.com\/web\/continuan-las-acciones-institucionales-para-garantizar-el-buen-desarrollo-de-los-proximos-comicios\/\"},\"author\":{\"name\":\"P\u00e1gina 10\",\"@id\":\"https:\/\/pagina10.com\/web\/#\/schema\/person\/2efc4a090d25b667d3bc796798a3a81b\"},\"headline\":\"Contin\u00faan las acciones institucionales para garantizar el buen desarrollo de los pr\u00f3ximos comicios\",\"datePublished\":\"2022-02-17T03:39:24+00:00\",\"mainEntityOfPage\":{\"@id\":\"https:\/\/pagina10.com\/web\/continuan-las-acciones-institucionales-para-garantizar-el-buen-desarrollo-de-los-proximos-comicios\/\"},\"wordCount\":299,\"commentCount\":0,\"publisher\":{\"@id\":\"https:\/\/pagina10.com\/web\/#organization\"},\"image\":{\"@id\":\"https:\/\/pagina10.com\/web\/continuan-las-acciones-institucionales-para-garantizar-el-buen-desarrollo-de-los-proximos-comicios\/#primaryimage\"},\"thumbnailUrl\":\"https:\/\/pagina10.com\/web\/wp-content\/uploads\/2022\/02\/WhatsApp-Image-2022-02-16-at-10.27.51-PM.jpeg\",\"articleSection\":[\"Regiones\"],\"inLanguage\":\"es\",\"potentialAction\":[{\"@type\":\"CommentAction\",\"name\":\"Comment\",\"target\":[\"https:\/\/pagina10.com\/web\/continuan-las-acciones-institucionales-para-garantizar-el-buen-desarrollo-de-los-proximos-comicios\/#respond\"]}]},{\"@type\":\"WebPage\",\"@id\":\"https:\/\/pagina10.com\/web\/continuan-las-acciones-institucionales-para-garantizar-el-buen-desarrollo-de-los-proximos-comicios\/\",\"url\":\"https:\/\/pagina10.com\/web\/continuan-las-acciones-institucionales-para-garantizar-el-buen-desarrollo-de-los-proximos-comicios\/\",\"name\":\"Contin\u00faan las acciones institucionales para garantizar el buen desarrollo de los pr\u00f3ximos comicios | P\u00e1gina10\",\"isPartOf\":{\"@id\":\"https:\/\/pagina10.com\/web\/#website\"},\"primaryImageOfPage\":{\"@id\":\"https:\/\/pagina10.com\/web\/continuan-las-acciones-institucionales-para-garantizar-el-buen-desarrollo-de-los-proximos-comicios\/#primaryimage\"},\"image\":{\"@id\":\"https:\/\/pagina10.com\/web\/continuan-las-acciones-institucionales-para-garantizar-el-buen-desarrollo-de-los-proximos-comicios\/#primaryimage\"},\"thumbnailUrl\":\"https:\/\/pagina10.com\/web\/wp-content\/uploads\/2022\/02\/WhatsApp-Image-2022-02-16-at-10.27.51-PM.jpeg\",\"datePublished\":\"2022-02-17T03:39:24+00:00\",\"breadcrumb\":{\"@id\":\"https:\/\/pagina10.com\/web\/continuan-las-acciones-institucionales-para-garantizar-el-buen-desarrollo-de-los-proximos-comicios\/#breadcrumb\"},\"inLanguage\":\"es\",\"potentialAction\":[{\"@type\":\"ReadAction\",\"target\":[\"https:\/\/pagina10.com\/web\/continuan-las-acciones-institucionales-para-garantizar-el-buen-desarrollo-de-los-proximos-comicios\/\"]}]},{\"@type\":\"ImageObject\",\"inLanguage\":\"es\",\"@id\":\"https:\/\/pagina10.com\/web\/continuan-las-acciones-institucionales-para-garantizar-el-buen-desarrollo-de-los-proximos-comicios\/#primaryimage\",\"url\":\"https:\/\/pagina10.com\/web\/wp-content\/uploads\/2022\/02\/WhatsApp-Image-2022-02-16-at-10.27.51-PM.jpeg\",\"contentUrl\":\"https:\/\/pagina10.com\/web\/wp-content\/uploads\/2022\/02\/WhatsApp-Image-2022-02-16-at-10.27.51-PM.jpeg\",\"width\":1600,\"height\":720},{\"@type\":\"BreadcrumbList\",\"@id\":\"https:\/\/pagina10.com\/web\/continuan-las-acciones-institucionales-para-garantizar-el-buen-desarrollo-de-los-proximos-comicios\/#breadcrumb\",\"itemListElement\":[{\"@type\":\"ListItem\",\"position\":1,\"name\":\"Portada\",\"item\":\"https:\/\/pagina10.com\/web\/\"},{\"@type\":\"ListItem\",\"position\":2,\"name\":\"Contin\u00faan las acciones institucionales para garantizar el buen desarrollo de los pr\u00f3ximos comicios\"}]},{\"@type\":\"WebSite\",\"@id\":\"https:\/\/pagina10.com\/web\/#website\",\"url\":\"https:\/\/pagina10.com\/web\/\",\"name\":\"P\u00e1gina10\",\"description\":\"Peri\u00f3dico Regional\",\"publisher\":{\"@id\":\"https:\/\/pagina10.com\/web\/#organization\"},\"alternateName\":\"P\u00e1gina10 Peri\u00f3dico Regional\",\"potentialAction\":[{\"@type\":\"SearchAction\",\"target\":{\"@type\":\"EntryPoint\",\"urlTemplate\":\"https:\/\/pagina10.com\/web\/?s={search_term_string}\"},\"query-input\":{\"@type\":\"PropertyValueSpecification\",\"valueRequired\":true,\"valueName\":\"search_term_string\"}}],\"inLanguage\":\"es\"},{\"@type\":\"Organization\",\"@id\":\"https:\/\/pagina10.com\/web\/#organization\",\"name\":\"P\u00e1gina10\",\"alternateName\":\"P\u00e1gina10 Peri\u00f3dico Regional\",\"url\":\"https:\/\/pagina10.com\/web\/\",\"logo\":{\"@type\":\"ImageObject\",\"inLanguage\":\"es\",\"@id\":\"https:\/\/pagina10.com\/web\/#\/schema\/logo\/image\/\",\"url\":\"https:\/\/pagina10.com\/web\/wp-content\/uploads\/2024\/01\/40-pagina-10-periodico-regional-pasto.jpg\",\"contentUrl\":\"https:\/\/pagina10.com\/web\/wp-content\/uploads\/2024\/01\/40-pagina-10-periodico-regional-pasto.jpg\",\"width\":1280,\"height\":720,\"caption\":\"P\u00e1gina10\"},\"image\":{\"@id\":\"https:\/\/pagina10.com\/web\/#\/schema\/logo\/image\/\"},\"sameAs\":[\"https:\/\/www.facebook.com\/pag10com\",\"https:\/\/x.com\/Pag10com\",\"https:\/\/www.instagram.com\/pagina10col\/\",\"https:\/\/youtube.com\/channel\/pag10\",\"https:\/\/www.tiktok.com\/@p10col\"]},{\"@type\":\"Person\",\"@id\":\"https:\/\/pagina10.com\/web\/#\/schema\/person\/2efc4a090d25b667d3bc796798a3a81b\",\"name\":\"P\u00e1gina 10\",\"description\":\"P\u00e1gina 10 es un peri\u00f3dico regional que nace en Colombia, en el departamento de Nari\u00f1o, con un enfoque global, fundamentado en cuatro pilares esenciales: la libertad, el pluralismo, la inclusi\u00f3n y la independencia. P\u00e1gina 10 hace referencia a Nari\u00f1o como el d\u00e9cimo departamento creado en Colombia, despu\u00e9s de un proceso pol\u00edtico liderado por actores y actrices regionales con el fin de obtener la independencia y autonom\u00eda de nuestros territorios. Con la creaci\u00f3n de P\u00e1gina 10 se pretende abrir un escenario para el dialogo, la reflexi\u00f3n y el debate que se extienda a otras geograf\u00edas de Am\u00e9rica Latina y del planeta, en una apuesta por transformar colectivamente los desaf\u00edos de un mundo contempor\u00e1neo, m\u00e1s all\u00e1 de las fronteras impuestas.\",\"url\":\"https:\/\/pagina10.com\/web\/author\/pdiezadmin\/\"}]}<\/script>\n<!-- \/ Yoast SEO plugin. -->","yoast_head_json":{"title":"Contin\u00faan las acciones institucionales para garantizar el buen desarrollo de los pr\u00f3ximos comicios | P\u00e1gina10","robots":{"index":"index","follow":"follow","max-snippet":"max-snippet:-1","max-image-preview":"max-image-preview:large","max-video-preview":"max-video-preview:-1"},"canonical":"https:\/\/pagina10.com\/web\/continuan-las-acciones-institucionales-para-garantizar-el-buen-desarrollo-de-los-proximos-comicios\/","og_locale":"es_ES","og_type":"article","og_title":"Contin\u00faan las acciones institucionales para garantizar el buen desarrollo de los pr\u00f3ximos comicios | P\u00e1gina10","og_description":"La Gobernaci\u00f3n de Nari\u00f1o desarroll\u00f3 el tercer Comit\u00e9 de Seguimiento Electoral con el fin de coordinar acciones que protejan el derecho al voto de los nari\u00f1enses el pr\u00f3ximo 13 de marzo. Desde la Administraci\u00f3n Departamental se busca garantizar que las entidades cumplan su rol, funciones y obligaciones de cara a las pr\u00f3ximas elecciones. En el [&hellip;]","og_url":"https:\/\/pagina10.com\/web\/continuan-las-acciones-institucionales-para-garantizar-el-buen-desarrollo-de-los-proximos-comicios\/","og_site_name":"P\u00e1gina10","article_publisher":"https:\/\/www.facebook.com\/pag10com","article_published_time":"2022-02-17T03:39:24+00:00","og_image":[{"width":1600,"height":720,"url":"https:\/\/pagina10.com\/web\/wp-content\/uploads\/2022\/02\/WhatsApp-Image-2022-02-16-at-10.27.51-PM.jpeg","type":"image\/jpeg"}],"author":"P\u00e1gina 10","twitter_card":"summary_large_image","twitter_creator":"@Pag10com","twitter_site":"@Pag10com","twitter_misc":{"Escrito por":"P\u00e1gina 10","Tiempo de lectura":"1 minuto"},"schema":{"@context":"https:\/\/schema.org","@graph":[{"@type":"Article","@id":"https:\/\/pagina10.com\/web\/continuan-las-acciones-institucionales-para-garantizar-el-buen-desarrollo-de-los-proximos-comicios\/#article","isPartOf":{"@id":"https:\/\/pagina10.com\/web\/continuan-las-acciones-institucionales-para-garantizar-el-buen-desarrollo-de-los-proximos-comicios\/"},"author":{"name":"P\u00e1gina 10","@id":"https:\/\/pagina10.com\/web\/#\/schema\/person\/2efc4a090d25b667d3bc796798a3a81b"},"headline":"Contin\u00faan las acciones institucionales para garantizar el buen desarrollo de los pr\u00f3ximos comicios","datePublished":"2022-02-17T03:39:24+00:00","mainEntityOfPage":{"@id":"https:\/\/pagina10.com\/web\/continuan-las-acciones-institucionales-para-garantizar-el-buen-desarrollo-de-los-proximos-comicios\/"},"wordCount":299,"commentCount":0,"publisher":{"@id":"https:\/\/pagina10.com\/web\/#organization"},"image":{"@id":"https:\/\/pagina10.com\/web\/continuan-las-acciones-institucionales-para-garantizar-el-buen-desarrollo-de-los-proximos-comicios\/#primaryimage"},"thumbnailUrl":"https:\/\/pagina10.com\/web\/wp-content\/uploads\/2022\/02\/WhatsApp-Image-2022-02-16-at-10.27.51-PM.jpeg","articleSection":["Regiones"],"inLanguage":"es","potentialAction":[{"@type":"CommentAction","name":"Comment","target":["https:\/\/pagina10.com\/web\/continuan-las-acciones-institucionales-para-garantizar-el-buen-desarrollo-de-los-proximos-comicios\/#respond"]}]},{"@type":"WebPage","@id":"https:\/\/pagina10.com\/web\/continuan-las-acciones-institucionales-para-garantizar-el-buen-desarrollo-de-los-proximos-comicios\/","url":"https:\/\/pagina10.com\/web\/continuan-las-acciones-institucionales-para-garantizar-el-buen-desarrollo-de-los-proximos-comicios\/","name":"Contin\u00faan las acciones institucionales para garantizar el buen desarrollo de los pr\u00f3ximos comicios | P\u00e1gina10","isPartOf":{"@id":"https:\/\/pagina10.com\/web\/#website"},"primaryImageOfPage":{"@id":"https:\/\/pagina10.com\/web\/continuan-las-acciones-institucionales-para-garantizar-el-buen-desarrollo-de-los-proximos-comicios\/#primaryimage"},"image":{"@id":"https:\/\/pagina10.com\/web\/continuan-las-acciones-institucionales-para-garantizar-el-buen-desarrollo-de-los-proximos-comicios\/#primaryimage"},"thumbnailUrl":"https:\/\/pagina10.com\/web\/wp-content\/uploads\/2022\/02\/WhatsApp-Image-2022-02-16-at-10.27.51-PM.jpeg","datePublished":"2022-02-17T03:39:24+00:00","breadcrumb":{"@id":"https:\/\/pagina10.com\/web\/continuan-las-acciones-institucionales-para-garantizar-el-buen-desarrollo-de-los-proximos-comicios\/#breadcrumb"},"inLanguage":"es","potentialAction":[{"@type":"ReadAction","target":["https:\/\/pagina10.com\/web\/continuan-las-acciones-institucionales-para-garantizar-el-buen-desarrollo-de-los-proximos-comicios\/"]}]},{"@type":"ImageObject","inLanguage":"es","@id":"https:\/\/pagina10.com\/web\/continuan-las-acciones-institucionales-para-garantizar-el-buen-desarrollo-de-los-proximos-comicios\/#primaryimage","url":"https:\/\/pagina10.com\/web\/wp-content\/uploads\/2022\/02\/WhatsApp-Image-2022-02-16-at-10.27.51-PM.jpeg","contentUrl":"https:\/\/pagina10.com\/web\/wp-content\/uploads\/2022\/02\/WhatsApp-Image-2022-02-16-at-10.27.51-PM.jpeg","width":1600,"height":720},{"@type":"BreadcrumbList","@id":"https:\/\/pagina10.com\/web\/continuan-las-acciones-institucionales-para-garantizar-el-buen-desarrollo-de-los-proximos-comicios\/#breadcrumb","itemListElement":[{"@type":"ListItem","position":1,"name":"Portada","item":"https:\/\/pagina10.com\/web\/"},{"@type":"ListItem","position":2,"name":"Contin\u00faan las acciones institucionales para garantizar el buen desarrollo de los pr\u00f3ximos comicios"}]},{"@type":"WebSite","@id":"https:\/\/pagina10.com\/web\/#website","url":"https:\/\/pagina10.com\/web\/","name":"P\u00e1gina10","description":"Peri\u00f3dico Regional","publisher":{"@id":"https:\/\/pagina10.com\/web\/#organization"},"alternateName":"P\u00e1gina10 Peri\u00f3dico Regional","potentialAction":[{"@type":"SearchAction","target":{"@type":"EntryPoint","urlTemplate":"https:\/\/pagina10.com\/web\/?s={search_term_string}"},"query-input":{"@type":"PropertyValueSpecification","valueRequired":true,"valueName":"search_term_string"}}],"inLanguage":"es"},{"@type":"Organization","@id":"https:\/\/pagina10.com\/web\/#organization","name":"P\u00e1gina10","alternateName":"P\u00e1gina10 Peri\u00f3dico Regional","url":"https:\/\/pagina10.com\/web\/","logo":{"@type":"ImageObject","inLanguage":"es","@id":"https:\/\/pagina10.com\/web\/#\/schema\/logo\/image\/","url":"https:\/\/pagina10.com\/web\/wp-content\/uploads\/2024\/01\/40-pagina-10-periodico-regional-pasto.jpg","contentUrl":"https:\/\/pagina10.com\/web\/wp-content\/uploads\/2024\/01\/40-pagina-10-periodico-regional-pasto.jpg","width":1280,"height":720,"caption":"P\u00e1gina10"},"image":{"@id":"https:\/\/pagina10.com\/web\/#\/schema\/logo\/image\/"},"sameAs":["https:\/\/www.facebook.com\/pag10com","https:\/\/x.com\/Pag10com","https:\/\/www.instagram.com\/pagina10col\/","https:\/\/youtube.com\/channel\/pag10","https:\/\/www.tiktok.com\/@p10col"]},{"@type":"Person","@id":"https:\/\/pagina10.com\/web\/#\/schema\/person\/2efc4a090d25b667d3bc796798a3a81b","name":"P\u00e1gina 10","description":"P\u00e1gina 10 es un peri\u00f3dico regional que nace en Colombia, en el departamento de Nari\u00f1o, con un enfoque global, fundamentado en cuatro pilares esenciales: la libertad, el pluralismo, la inclusi\u00f3n y la independencia. P\u00e1gina 10 hace referencia a Nari\u00f1o como el d\u00e9cimo departamento creado en Colombia, despu\u00e9s de un proceso pol\u00edtico liderado por actores y actrices regionales con el fin de obtener la independencia y autonom\u00eda de nuestros territorios. Con la creaci\u00f3n de P\u00e1gina 10 se pretende abrir un escenario para el dialogo, la reflexi\u00f3n y el debate que se extienda a otras geograf\u00edas de Am\u00e9rica Latina y del planeta, en una apuesta por transformar colectivamente los desaf\u00edos de un mundo contempor\u00e1neo, m\u00e1s all\u00e1 de las fronteras impuestas.","url":"https:\/\/pagina10.com\/web\/author\/pdiezadmin\/"}]}},"_links":{"self":[{"href":"https:\/\/pagina10.com\/web\/wp-json\/wp\/v2\/posts\/58213","targetHints":{"allow":["GET"]}}],"collection":[{"href":"https:\/\/pagina10.com\/web\/wp-json\/wp\/v2\/posts"}],"about":[{"href":"https:\/\/pagina10.com\/web\/wp-json\/wp\/v2\/types\/post"}],"author":[{"embeddable":true,"href":"https:\/\/pagina10.com\/web\/wp-json\/wp\/v2\/users\/1"}],"replies":[{"embeddable":true,"href":"https:\/\/pagina10.com\/web\/wp-json\/wp\/v2\/comments?post=58213"}],"version-history":[{"count":1,"href":"https:\/\/pagina10.com\/web\/wp-json\/wp\/v2\/posts\/58213\/revisions"}],"predecessor-version":[{"id":58215,"href":"https:\/\/pagina10.com\/web\/wp-json\/wp\/v2\/posts\/58213\/revisions\/58215"}],"wp:featuredmedia":[{"embeddable":true,"href":"https:\/\/pagina10.com\/web\/wp-json\/wp\/v2\/media\/58214"}],"wp:attachment":[{"href":"https:\/\/pagina10.com\/web\/wp-json\/wp\/v2\/media?parent=58213"}],"wp:term":[{"taxonomy":"category","embeddable":true,"href":"https:\/\/pagina10.com\/web\/wp-json\/wp\/v2\/categories?post=58213"},{"taxonomy":"post_tag","embeddable":true,"href":"https:\/\/pagina10.com\/web\/wp-json\/wp\/v2\/tags?post=58213"}],"curies":[{"name":"wp","href":"https:\/\/api.w.org\/{rel}","templated":true}]}}