{"id":58219,"date":"2022-02-17T23:08:07","date_gmt":"2022-02-18T04:08:07","guid":{"rendered":"https:\/\/pagina10.com\/web\/?p=58219"},"modified":"2022-02-17T23:08:07","modified_gmt":"2022-02-18T04:08:07","slug":"narino-tendra-un-total-de-19-deportistas-que-representaran-al-departamento-en-turbaco-cartagena-de-indias","status":"publish","type":"post","link":"https:\/\/pagina10.com\/web\/narino-tendra-un-total-de-19-deportistas-que-representaran-al-departamento-en-turbaco-cartagena-de-indias\/","title":{"rendered":"Nari\u00f1o tendr\u00e1 un total de 19 deportistas que representar\u00e1n al departamento en Turbaco-Cartagena de Indias"},"content":{"rendered":"<p style=\"text-align: justify;\">Una amplia delegaci\u00f3n del Departamento de Nari\u00f1o har\u00e1 presencia en la final de los III Juegos Nacionales Deportivos Recreativos Comunales del 17 al 21 de febrero del 2022.<br \/>\nLa Gobernaci\u00f3n de Nari\u00f1o, a trav\u00e9s de la Secretar\u00eda de Recreaci\u00f3n y Deporte en articulaci\u00f3n con la Secretar\u00eda de Gobierno y la Subsecretar\u00eda de Desarrollo Comunitario, hacen entrega de la dotaci\u00f3n respectiva y la bandera amarillo y verde a los deportistas como s\u00edmbolo de poder, constancia y honra para que representen a Nari\u00f1o y dejen sus colores en alto.<br \/>\n&#8220;La idea es que los deportistas que se ganaron el cupo a estos juegos Nacionales se vayan con todas las garant\u00edas. Esta es la primera vez que el departamento de Nari\u00f1o va a participar en los juegos comunales nacionales&#8221;, indic\u00f3 el Secretario de Recreaci\u00f3n y Deporte de Nari\u00f1o, Alexander Realpe.<br \/>\nEsta es una muestra de la articulaci\u00f3n que se ha logrado con las comunidades desde la Secretar\u00eda de Gobierno en esta oportunidad respaldando el deporte. \u201cHemos acompa\u00f1ado todo el proceso, desde la fase municipal, la departamental y llegamos a la nacional, con juegos tradicionales, alternativos y muestras folcl\u00f3ricas en las que estaremos muy bien representados\u201d, manifest\u00f3 el Secretario de Gobierno de Nari\u00f1o, Amilcar Pantoja.<br \/>\nEste grupo representar\u00e1 al departamento de Nari\u00f1o en las disciplinas de atletismo, tejo, minitejo, billar, rana, ajedrez, trompo, domin\u00f3 y muestras folcl\u00f3ricas.<br \/>\nDeportistas:<br \/>\nAtletismo: Leider Bienvenido Cabezas \u00c1ngulo, Jhonatan Javier Pantoja Arteaga, Wendy Johana Giraldo, Fenix Juliana Giraldo Avila.<br \/>\nTejo: Oscar Rolando \u00d1a\u00f1ez y Angel Mar\u00eda Belalc\u00e1zar Dom\u00ednguez.<br \/>\nMinitejo: Jessica Andrea Ortega Mu\u00f1oz<br \/>\nBillar: Edison Janamejoy Chasoy<br \/>\nRana: Luis Bernardo Ortiz Urresty y Gilma Amparo Matabajoy Delgado.<br \/>\nAjedrez: Willy Nelson Rodr\u00edguez Arteaga<br \/>\nTrompo: Juli\u00e1n Mauricio Zambrano Bravo<br \/>\nDomin\u00f3: Danny Gibson Quiroz Arteaga<br \/>\nMuestra Folcl\u00f3rica: Robert Miller Matituy Burbano y Nathalia Vanessa Guerra Benavides<\/p>\n","protected":false},"excerpt":{"rendered":"<p>Una amplia delegaci\u00f3n del Departamento de Nari\u00f1o har\u00e1 presencia en la final de los III Juegos Nacionales Deportivos Recreativos Comunales del 17 al 21 de febrero del 2022. La Gobernaci\u00f3n de Nari\u00f1o, a trav\u00e9s de la Secretar\u00eda de Recreaci\u00f3n y Deporte en articulaci\u00f3n con la Secretar\u00eda de Gobierno y la Subsecretar\u00eda de Desarrollo Comunitario, hacen [&hellip;]<\/p>\n","protected":false},"author":1,"featured_media":58220,"comment_status":"open","ping_status":"open","sticky":false,"template":"","format":"standard","meta":{"footnotes":""},"categories":[86],"tags":[],"class_list":["post-58219","post","type-post","status-publish","format-standard","has-post-thumbnail","hentry","category-deportes-2"],"yoast_head":"<!-- This site is optimized with the Yoast SEO plugin v27.1.1 - https:\/\/yoast.com\/product\/yoast-seo-wordpress\/ -->\n<title>Nari\u00f1o tendr\u00e1 un total de 19 deportistas que representar\u00e1n al departamento en Turbaco-Cartagena de Indias | P\u00e1gina10<\/title>\n<meta name=\"robots\" content=\"index, follow, max-snippet:-1, max-image-preview:large, max-video-preview:-1\" \/>\n<link rel=\"canonical\" href=\"https:\/\/pagina10.com\/web\/narino-tendra-un-total-de-19-deportistas-que-representaran-al-departamento-en-turbaco-cartagena-de-indias\/\" \/>\n<meta property=\"og:locale\" content=\"es_ES\" \/>\n<meta property=\"og:type\" content=\"article\" \/>\n<meta property=\"og:title\" content=\"Nari\u00f1o tendr\u00e1 un total de 19 deportistas que representar\u00e1n al departamento en Turbaco-Cartagena de Indias | P\u00e1gina10\" \/>\n<meta property=\"og:description\" content=\"Una amplia delegaci\u00f3n del Departamento de Nari\u00f1o har\u00e1 presencia en la final de los III Juegos Nacionales Deportivos Recreativos Comunales del 17 al 21 de febrero del 2022. La Gobernaci\u00f3n de Nari\u00f1o, a trav\u00e9s de la Secretar\u00eda de Recreaci\u00f3n y Deporte en articulaci\u00f3n con la Secretar\u00eda de Gobierno y la Subsecretar\u00eda de Desarrollo Comunitario, hacen [&hellip;]\" \/>\n<meta property=\"og:url\" content=\"https:\/\/pagina10.com\/web\/narino-tendra-un-total-de-19-deportistas-que-representaran-al-departamento-en-turbaco-cartagena-de-indias\/\" \/>\n<meta property=\"og:site_name\" content=\"P\u00e1gina10\" \/>\n<meta property=\"article:publisher\" content=\"https:\/\/www.facebook.com\/pag10com\" \/>\n<meta property=\"article:published_time\" content=\"2022-02-18T04:08:07+00:00\" \/>\n<meta property=\"og:image\" content=\"https:\/\/pagina10.com\/web\/wp-content\/uploads\/2022\/02\/274028532_5029290233814793_4270983827789200500_n.jpg\" \/>\n\t<meta property=\"og:image:width\" content=\"1422\" \/>\n\t<meta property=\"og:image:height\" content=\"640\" \/>\n\t<meta property=\"og:image:type\" content=\"image\/jpeg\" \/>\n<meta name=\"author\" content=\"P\u00e1gina 10\" \/>\n<meta name=\"twitter:card\" content=\"summary_large_image\" \/>\n<meta name=\"twitter:creator\" content=\"@Pag10com\" \/>\n<meta name=\"twitter:site\" content=\"@Pag10com\" \/>\n<meta name=\"twitter:label1\" content=\"Escrito por\" \/>\n\t<meta name=\"twitter:data1\" content=\"P\u00e1gina 10\" \/>\n\t<meta name=\"twitter:label2\" content=\"Tiempo de lectura\" \/>\n\t<meta name=\"twitter:data2\" content=\"2 minutos\" \/>\n<script type=\"application\/ld+json\" class=\"yoast-schema-graph\">{\"@context\":\"https:\/\/schema.org\",\"@graph\":[{\"@type\":\"Article\",\"@id\":\"https:\/\/pagina10.com\/web\/narino-tendra-un-total-de-19-deportistas-que-representaran-al-departamento-en-turbaco-cartagena-de-indias\/#article\",\"isPartOf\":{\"@id\":\"https:\/\/pagina10.com\/web\/narino-tendra-un-total-de-19-deportistas-que-representaran-al-departamento-en-turbaco-cartagena-de-indias\/\"},\"author\":{\"name\":\"P\u00e1gina 10\",\"@id\":\"https:\/\/pagina10.com\/web\/#\/schema\/person\/2efc4a090d25b667d3bc796798a3a81b\"},\"headline\":\"Nari\u00f1o tendr\u00e1 un total de 19 deportistas que representar\u00e1n al departamento en Turbaco-Cartagena de Indias\",\"datePublished\":\"2022-02-18T04:08:07+00:00\",\"mainEntityOfPage\":{\"@id\":\"https:\/\/pagina10.com\/web\/narino-tendra-un-total-de-19-deportistas-que-representaran-al-departamento-en-turbaco-cartagena-de-indias\/\"},\"wordCount\":339,\"commentCount\":0,\"publisher\":{\"@id\":\"https:\/\/pagina10.com\/web\/#organization\"},\"image\":{\"@id\":\"https:\/\/pagina10.com\/web\/narino-tendra-un-total-de-19-deportistas-que-representaran-al-departamento-en-turbaco-cartagena-de-indias\/#primaryimage\"},\"thumbnailUrl\":\"https:\/\/pagina10.com\/web\/wp-content\/uploads\/2022\/02\/274028532_5029290233814793_4270983827789200500_n.jpg\",\"articleSection\":[\"Deportes\"],\"inLanguage\":\"es\",\"potentialAction\":[{\"@type\":\"CommentAction\",\"name\":\"Comment\",\"target\":[\"https:\/\/pagina10.com\/web\/narino-tendra-un-total-de-19-deportistas-que-representaran-al-departamento-en-turbaco-cartagena-de-indias\/#respond\"]}]},{\"@type\":\"WebPage\",\"@id\":\"https:\/\/pagina10.com\/web\/narino-tendra-un-total-de-19-deportistas-que-representaran-al-departamento-en-turbaco-cartagena-de-indias\/\",\"url\":\"https:\/\/pagina10.com\/web\/narino-tendra-un-total-de-19-deportistas-que-representaran-al-departamento-en-turbaco-cartagena-de-indias\/\",\"name\":\"Nari\u00f1o tendr\u00e1 un total de 19 deportistas que representar\u00e1n al departamento en Turbaco-Cartagena de Indias | P\u00e1gina10\",\"isPartOf\":{\"@id\":\"https:\/\/pagina10.com\/web\/#website\"},\"primaryImageOfPage\":{\"@id\":\"https:\/\/pagina10.com\/web\/narino-tendra-un-total-de-19-deportistas-que-representaran-al-departamento-en-turbaco-cartagena-de-indias\/#primaryimage\"},\"image\":{\"@id\":\"https:\/\/pagina10.com\/web\/narino-tendra-un-total-de-19-deportistas-que-representaran-al-departamento-en-turbaco-cartagena-de-indias\/#primaryimage\"},\"thumbnailUrl\":\"https:\/\/pagina10.com\/web\/wp-content\/uploads\/2022\/02\/274028532_5029290233814793_4270983827789200500_n.jpg\",\"datePublished\":\"2022-02-18T04:08:07+00:00\",\"breadcrumb\":{\"@id\":\"https:\/\/pagina10.com\/web\/narino-tendra-un-total-de-19-deportistas-que-representaran-al-departamento-en-turbaco-cartagena-de-indias\/#breadcrumb\"},\"inLanguage\":\"es\",\"potentialAction\":[{\"@type\":\"ReadAction\",\"target\":[\"https:\/\/pagina10.com\/web\/narino-tendra-un-total-de-19-deportistas-que-representaran-al-departamento-en-turbaco-cartagena-de-indias\/\"]}]},{\"@type\":\"ImageObject\",\"inLanguage\":\"es\",\"@id\":\"https:\/\/pagina10.com\/web\/narino-tendra-un-total-de-19-deportistas-que-representaran-al-departamento-en-turbaco-cartagena-de-indias\/#primaryimage\",\"url\":\"https:\/\/pagina10.com\/web\/wp-content\/uploads\/2022\/02\/274028532_5029290233814793_4270983827789200500_n.jpg\",\"contentUrl\":\"https:\/\/pagina10.com\/web\/wp-content\/uploads\/2022\/02\/274028532_5029290233814793_4270983827789200500_n.jpg\",\"width\":1422,\"height\":640},{\"@type\":\"BreadcrumbList\",\"@id\":\"https:\/\/pagina10.com\/web\/narino-tendra-un-total-de-19-deportistas-que-representaran-al-departamento-en-turbaco-cartagena-de-indias\/#breadcrumb\",\"itemListElement\":[{\"@type\":\"ListItem\",\"position\":1,\"name\":\"Portada\",\"item\":\"https:\/\/pagina10.com\/web\/\"},{\"@type\":\"ListItem\",\"position\":2,\"name\":\"Nari\u00f1o tendr\u00e1 un total de 19 deportistas que representar\u00e1n al departamento en Turbaco-Cartagena de Indias\"}]},{\"@type\":\"WebSite\",\"@id\":\"https:\/\/pagina10.com\/web\/#website\",\"url\":\"https:\/\/pagina10.com\/web\/\",\"name\":\"P\u00e1gina10\",\"description\":\"Peri\u00f3dico Regional\",\"publisher\":{\"@id\":\"https:\/\/pagina10.com\/web\/#organization\"},\"alternateName\":\"P\u00e1gina10 Peri\u00f3dico Regional\",\"potentialAction\":[{\"@type\":\"SearchAction\",\"target\":{\"@type\":\"EntryPoint\",\"urlTemplate\":\"https:\/\/pagina10.com\/web\/?s={search_term_string}\"},\"query-input\":{\"@type\":\"PropertyValueSpecification\",\"valueRequired\":true,\"valueName\":\"search_term_string\"}}],\"inLanguage\":\"es\"},{\"@type\":\"Organization\",\"@id\":\"https:\/\/pagina10.com\/web\/#organization\",\"name\":\"P\u00e1gina10\",\"alternateName\":\"P\u00e1gina10 Peri\u00f3dico Regional\",\"url\":\"https:\/\/pagina10.com\/web\/\",\"logo\":{\"@type\":\"ImageObject\",\"inLanguage\":\"es\",\"@id\":\"https:\/\/pagina10.com\/web\/#\/schema\/logo\/image\/\",\"url\":\"https:\/\/pagina10.com\/web\/wp-content\/uploads\/2024\/01\/40-pagina-10-periodico-regional-pasto.jpg\",\"contentUrl\":\"https:\/\/pagina10.com\/web\/wp-content\/uploads\/2024\/01\/40-pagina-10-periodico-regional-pasto.jpg\",\"width\":1280,\"height\":720,\"caption\":\"P\u00e1gina10\"},\"image\":{\"@id\":\"https:\/\/pagina10.com\/web\/#\/schema\/logo\/image\/\"},\"sameAs\":[\"https:\/\/www.facebook.com\/pag10com\",\"https:\/\/x.com\/Pag10com\",\"https:\/\/www.instagram.com\/pagina10col\/\",\"https:\/\/youtube.com\/channel\/pag10\",\"https:\/\/www.tiktok.com\/@p10col\"]},{\"@type\":\"Person\",\"@id\":\"https:\/\/pagina10.com\/web\/#\/schema\/person\/2efc4a090d25b667d3bc796798a3a81b\",\"name\":\"P\u00e1gina 10\",\"description\":\"P\u00e1gina 10 es un peri\u00f3dico regional que nace en Colombia, en el departamento de Nari\u00f1o, con un enfoque global, fundamentado en cuatro pilares esenciales: la libertad, el pluralismo, la inclusi\u00f3n y la independencia. P\u00e1gina 10 hace referencia a Nari\u00f1o como el d\u00e9cimo departamento creado en Colombia, despu\u00e9s de un proceso pol\u00edtico liderado por actores y actrices regionales con el fin de obtener la independencia y autonom\u00eda de nuestros territorios. Con la creaci\u00f3n de P\u00e1gina 10 se pretende abrir un escenario para el dialogo, la reflexi\u00f3n y el debate que se extienda a otras geograf\u00edas de Am\u00e9rica Latina y del planeta, en una apuesta por transformar colectivamente los desaf\u00edos de un mundo contempor\u00e1neo, m\u00e1s all\u00e1 de las fronteras impuestas.\",\"url\":\"https:\/\/pagina10.com\/web\/author\/pdiezadmin\/\"}]}<\/script>\n<!-- \/ Yoast SEO plugin. -->","yoast_head_json":{"title":"Nari\u00f1o tendr\u00e1 un total de 19 deportistas que representar\u00e1n al departamento en Turbaco-Cartagena de Indias | P\u00e1gina10","robots":{"index":"index","follow":"follow","max-snippet":"max-snippet:-1","max-image-preview":"max-image-preview:large","max-video-preview":"max-video-preview:-1"},"canonical":"https:\/\/pagina10.com\/web\/narino-tendra-un-total-de-19-deportistas-que-representaran-al-departamento-en-turbaco-cartagena-de-indias\/","og_locale":"es_ES","og_type":"article","og_title":"Nari\u00f1o tendr\u00e1 un total de 19 deportistas que representar\u00e1n al departamento en Turbaco-Cartagena de Indias | P\u00e1gina10","og_description":"Una amplia delegaci\u00f3n del Departamento de Nari\u00f1o har\u00e1 presencia en la final de los III Juegos Nacionales Deportivos Recreativos Comunales del 17 al 21 de febrero del 2022. La Gobernaci\u00f3n de Nari\u00f1o, a trav\u00e9s de la Secretar\u00eda de Recreaci\u00f3n y Deporte en articulaci\u00f3n con la Secretar\u00eda de Gobierno y la Subsecretar\u00eda de Desarrollo Comunitario, hacen [&hellip;]","og_url":"https:\/\/pagina10.com\/web\/narino-tendra-un-total-de-19-deportistas-que-representaran-al-departamento-en-turbaco-cartagena-de-indias\/","og_site_name":"P\u00e1gina10","article_publisher":"https:\/\/www.facebook.com\/pag10com","article_published_time":"2022-02-18T04:08:07+00:00","og_image":[{"width":1422,"height":640,"url":"https:\/\/pagina10.com\/web\/wp-content\/uploads\/2022\/02\/274028532_5029290233814793_4270983827789200500_n.jpg","type":"image\/jpeg"}],"author":"P\u00e1gina 10","twitter_card":"summary_large_image","twitter_creator":"@Pag10com","twitter_site":"@Pag10com","twitter_misc":{"Escrito por":"P\u00e1gina 10","Tiempo de lectura":"2 minutos"},"schema":{"@context":"https:\/\/schema.org","@graph":[{"@type":"Article","@id":"https:\/\/pagina10.com\/web\/narino-tendra-un-total-de-19-deportistas-que-representaran-al-departamento-en-turbaco-cartagena-de-indias\/#article","isPartOf":{"@id":"https:\/\/pagina10.com\/web\/narino-tendra-un-total-de-19-deportistas-que-representaran-al-departamento-en-turbaco-cartagena-de-indias\/"},"author":{"name":"P\u00e1gina 10","@id":"https:\/\/pagina10.com\/web\/#\/schema\/person\/2efc4a090d25b667d3bc796798a3a81b"},"headline":"Nari\u00f1o tendr\u00e1 un total de 19 deportistas que representar\u00e1n al departamento en Turbaco-Cartagena de Indias","datePublished":"2022-02-18T04:08:07+00:00","mainEntityOfPage":{"@id":"https:\/\/pagina10.com\/web\/narino-tendra-un-total-de-19-deportistas-que-representaran-al-departamento-en-turbaco-cartagena-de-indias\/"},"wordCount":339,"commentCount":0,"publisher":{"@id":"https:\/\/pagina10.com\/web\/#organization"},"image":{"@id":"https:\/\/pagina10.com\/web\/narino-tendra-un-total-de-19-deportistas-que-representaran-al-departamento-en-turbaco-cartagena-de-indias\/#primaryimage"},"thumbnailUrl":"https:\/\/pagina10.com\/web\/wp-content\/uploads\/2022\/02\/274028532_5029290233814793_4270983827789200500_n.jpg","articleSection":["Deportes"],"inLanguage":"es","potentialAction":[{"@type":"CommentAction","name":"Comment","target":["https:\/\/pagina10.com\/web\/narino-tendra-un-total-de-19-deportistas-que-representaran-al-departamento-en-turbaco-cartagena-de-indias\/#respond"]}]},{"@type":"WebPage","@id":"https:\/\/pagina10.com\/web\/narino-tendra-un-total-de-19-deportistas-que-representaran-al-departamento-en-turbaco-cartagena-de-indias\/","url":"https:\/\/pagina10.com\/web\/narino-tendra-un-total-de-19-deportistas-que-representaran-al-departamento-en-turbaco-cartagena-de-indias\/","name":"Nari\u00f1o tendr\u00e1 un total de 19 deportistas que representar\u00e1n al departamento en Turbaco-Cartagena de Indias | P\u00e1gina10","isPartOf":{"@id":"https:\/\/pagina10.com\/web\/#website"},"primaryImageOfPage":{"@id":"https:\/\/pagina10.com\/web\/narino-tendra-un-total-de-19-deportistas-que-representaran-al-departamento-en-turbaco-cartagena-de-indias\/#primaryimage"},"image":{"@id":"https:\/\/pagina10.com\/web\/narino-tendra-un-total-de-19-deportistas-que-representaran-al-departamento-en-turbaco-cartagena-de-indias\/#primaryimage"},"thumbnailUrl":"https:\/\/pagina10.com\/web\/wp-content\/uploads\/2022\/02\/274028532_5029290233814793_4270983827789200500_n.jpg","datePublished":"2022-02-18T04:08:07+00:00","breadcrumb":{"@id":"https:\/\/pagina10.com\/web\/narino-tendra-un-total-de-19-deportistas-que-representaran-al-departamento-en-turbaco-cartagena-de-indias\/#breadcrumb"},"inLanguage":"es","potentialAction":[{"@type":"ReadAction","target":["https:\/\/pagina10.com\/web\/narino-tendra-un-total-de-19-deportistas-que-representaran-al-departamento-en-turbaco-cartagena-de-indias\/"]}]},{"@type":"ImageObject","inLanguage":"es","@id":"https:\/\/pagina10.com\/web\/narino-tendra-un-total-de-19-deportistas-que-representaran-al-departamento-en-turbaco-cartagena-de-indias\/#primaryimage","url":"https:\/\/pagina10.com\/web\/wp-content\/uploads\/2022\/02\/274028532_5029290233814793_4270983827789200500_n.jpg","contentUrl":"https:\/\/pagina10.com\/web\/wp-content\/uploads\/2022\/02\/274028532_5029290233814793_4270983827789200500_n.jpg","width":1422,"height":640},{"@type":"BreadcrumbList","@id":"https:\/\/pagina10.com\/web\/narino-tendra-un-total-de-19-deportistas-que-representaran-al-departamento-en-turbaco-cartagena-de-indias\/#breadcrumb","itemListElement":[{"@type":"ListItem","position":1,"name":"Portada","item":"https:\/\/pagina10.com\/web\/"},{"@type":"ListItem","position":2,"name":"Nari\u00f1o tendr\u00e1 un total de 19 deportistas que representar\u00e1n al departamento en Turbaco-Cartagena de Indias"}]},{"@type":"WebSite","@id":"https:\/\/pagina10.com\/web\/#website","url":"https:\/\/pagina10.com\/web\/","name":"P\u00e1gina10","description":"Peri\u00f3dico Regional","publisher":{"@id":"https:\/\/pagina10.com\/web\/#organization"},"alternateName":"P\u00e1gina10 Peri\u00f3dico Regional","potentialAction":[{"@type":"SearchAction","target":{"@type":"EntryPoint","urlTemplate":"https:\/\/pagina10.com\/web\/?s={search_term_string}"},"query-input":{"@type":"PropertyValueSpecification","valueRequired":true,"valueName":"search_term_string"}}],"inLanguage":"es"},{"@type":"Organization","@id":"https:\/\/pagina10.com\/web\/#organization","name":"P\u00e1gina10","alternateName":"P\u00e1gina10 Peri\u00f3dico Regional","url":"https:\/\/pagina10.com\/web\/","logo":{"@type":"ImageObject","inLanguage":"es","@id":"https:\/\/pagina10.com\/web\/#\/schema\/logo\/image\/","url":"https:\/\/pagina10.com\/web\/wp-content\/uploads\/2024\/01\/40-pagina-10-periodico-regional-pasto.jpg","contentUrl":"https:\/\/pagina10.com\/web\/wp-content\/uploads\/2024\/01\/40-pagina-10-periodico-regional-pasto.jpg","width":1280,"height":720,"caption":"P\u00e1gina10"},"image":{"@id":"https:\/\/pagina10.com\/web\/#\/schema\/logo\/image\/"},"sameAs":["https:\/\/www.facebook.com\/pag10com","https:\/\/x.com\/Pag10com","https:\/\/www.instagram.com\/pagina10col\/","https:\/\/youtube.com\/channel\/pag10","https:\/\/www.tiktok.com\/@p10col"]},{"@type":"Person","@id":"https:\/\/pagina10.com\/web\/#\/schema\/person\/2efc4a090d25b667d3bc796798a3a81b","name":"P\u00e1gina 10","description":"P\u00e1gina 10 es un peri\u00f3dico regional que nace en Colombia, en el departamento de Nari\u00f1o, con un enfoque global, fundamentado en cuatro pilares esenciales: la libertad, el pluralismo, la inclusi\u00f3n y la independencia. P\u00e1gina 10 hace referencia a Nari\u00f1o como el d\u00e9cimo departamento creado en Colombia, despu\u00e9s de un proceso pol\u00edtico liderado por actores y actrices regionales con el fin de obtener la independencia y autonom\u00eda de nuestros territorios. Con la creaci\u00f3n de P\u00e1gina 10 se pretende abrir un escenario para el dialogo, la reflexi\u00f3n y el debate que se extienda a otras geograf\u00edas de Am\u00e9rica Latina y del planeta, en una apuesta por transformar colectivamente los desaf\u00edos de un mundo contempor\u00e1neo, m\u00e1s all\u00e1 de las fronteras impuestas.","url":"https:\/\/pagina10.com\/web\/author\/pdiezadmin\/"}]}},"_links":{"self":[{"href":"https:\/\/pagina10.com\/web\/wp-json\/wp\/v2\/posts\/58219","targetHints":{"allow":["GET"]}}],"collection":[{"href":"https:\/\/pagina10.com\/web\/wp-json\/wp\/v2\/posts"}],"about":[{"href":"https:\/\/pagina10.com\/web\/wp-json\/wp\/v2\/types\/post"}],"author":[{"embeddable":true,"href":"https:\/\/pagina10.com\/web\/wp-json\/wp\/v2\/users\/1"}],"replies":[{"embeddable":true,"href":"https:\/\/pagina10.com\/web\/wp-json\/wp\/v2\/comments?post=58219"}],"version-history":[{"count":1,"href":"https:\/\/pagina10.com\/web\/wp-json\/wp\/v2\/posts\/58219\/revisions"}],"predecessor-version":[{"id":58221,"href":"https:\/\/pagina10.com\/web\/wp-json\/wp\/v2\/posts\/58219\/revisions\/58221"}],"wp:featuredmedia":[{"embeddable":true,"href":"https:\/\/pagina10.com\/web\/wp-json\/wp\/v2\/media\/58220"}],"wp:attachment":[{"href":"https:\/\/pagina10.com\/web\/wp-json\/wp\/v2\/media?parent=58219"}],"wp:term":[{"taxonomy":"category","embeddable":true,"href":"https:\/\/pagina10.com\/web\/wp-json\/wp\/v2\/categories?post=58219"},{"taxonomy":"post_tag","embeddable":true,"href":"https:\/\/pagina10.com\/web\/wp-json\/wp\/v2\/tags?post=58219"}],"curies":[{"name":"wp","href":"https:\/\/api.w.org\/{rel}","templated":true}]}}