{"id":58228,"date":"2022-02-18T09:20:52","date_gmt":"2022-02-18T14:20:52","guid":{"rendered":"https:\/\/pagina10.com\/web\/?p=58228"},"modified":"2022-02-18T12:58:56","modified_gmt":"2022-02-18T17:58:56","slug":"diputado-de-narino-exige-a-precandidato-presidencial-la-devolucion-de-recursos-de-campana","status":"publish","type":"post","link":"https:\/\/pagina10.com\/web\/diputado-de-narino-exige-a-precandidato-presidencial-la-devolucion-de-recursos-de-campana\/","title":{"rendered":"Diputado de Nari\u00f1o exige a precandidato presidencial la devoluci\u00f3n de recursos de campa\u00f1a."},"content":{"rendered":"<p style=\"text-align: justify;\">Ante el anuncio de la visita del exgobernador de Nari\u00f1o, Camilo Romero, a Pasto, algunas personas se han pronunciado a favor y en contra. Una de las voces m\u00e1s importantes es la del diputado del partido liberal, Julio Anibal \u00c1lvarez, sobrino del exsenador Tato \u00c1lvarez, exaliados pol\u00edticos de Romero.<\/p>\n<p style=\"text-align: justify;\">El diputado exige nuevamente al hoy precandidato presidencial el dinero prestado en campa\u00f1a a la gobernaci\u00f3n, \u201cQue bueno que venga el Doctor Camilo ojal\u00e1 me pague la plata que le hice prestar\u201d. <a href=\"https:\/\/pagina10.com\/web\/el-reclamo-de-tato-alvarez-a-camilo-romero\/\">Cabe recordar que ya el exsenador Tato \u00c1lvarez hab\u00eda tratado de ladr\u00f3n y p\u00edcaro a Romero<\/a>. Por esto, una asistente del precandidato,<a href=\"https:\/\/twitter.com\/paulocesarpaz\/status\/1494673418591027206?s=20&amp;t=6evKhD7Sm9X2CHUAiJALcQ\"> amenaza al diputado al se\u00f1alar que tiene unos audios que lo comprometen y que acabar\u00edan con su carrera pol\u00edtic<\/a>a, cuesti\u00f3n que, dada la supuesta gravedad, \u00a0la obliga a denunciar penalmente y poner en conocimiento de las autoridades competentes la informaci\u00f3n.<\/p>\n<p style=\"text-align: justify;\">Ante esto, el exgobernador nunca ha respondido los cuestionamientos hechos no s\u00f3lo por este grupo pol\u00edtico tradicional, sino de muchos otros que acompa\u00f1aron su llegada a la gobernaci\u00f3n y su gobierno. El sin sabor de la visita de un exmandatario que obtuvo los \u00faltimos lugares de ejecuci\u00f3n de recursos y un problema de corrupci\u00f3n en juicio penal, s\u00f3lo demuestra que la imagen a nivel nacional es muy distinta a la realidad regional.<\/p>\n","protected":false},"excerpt":{"rendered":"<p>Ante el anuncio de la visita del exgobernador de Nari\u00f1o, Camilo Romero, a Pasto, algunas personas se han pronunciado a favor y en contra. Una de las voces m\u00e1s importantes es la del diputado del partido liberal, Julio Anibal \u00c1lvarez, sobrino del exsenador Tato \u00c1lvarez, exaliados pol\u00edticos de Romero. El diputado exige nuevamente al hoy [&hellip;]<\/p>\n","protected":false},"author":1,"featured_media":58229,"comment_status":"open","ping_status":"open","sticky":false,"template":"","format":"standard","meta":{"footnotes":""},"categories":[53],"tags":[],"class_list":["post-58228","post","type-post","status-publish","format-standard","has-post-thumbnail","hentry","category-regiones"],"yoast_head":"<!-- This site is optimized with the Yoast SEO plugin v27.1.1 - https:\/\/yoast.com\/product\/yoast-seo-wordpress\/ -->\n<title>Diputado de Nari\u00f1o exige a precandidato presidencial la devoluci\u00f3n de recursos de campa\u00f1a. | P\u00e1gina10<\/title>\n<meta name=\"robots\" content=\"index, follow, max-snippet:-1, max-image-preview:large, max-video-preview:-1\" \/>\n<link rel=\"canonical\" href=\"https:\/\/pagina10.com\/web\/diputado-de-narino-exige-a-precandidato-presidencial-la-devolucion-de-recursos-de-campana\/\" \/>\n<meta property=\"og:locale\" content=\"es_ES\" \/>\n<meta property=\"og:type\" content=\"article\" \/>\n<meta property=\"og:title\" content=\"Diputado de Nari\u00f1o exige a precandidato presidencial la devoluci\u00f3n de recursos de campa\u00f1a. | P\u00e1gina10\" \/>\n<meta property=\"og:description\" content=\"Ante el anuncio de la visita del exgobernador de Nari\u00f1o, Camilo Romero, a Pasto, algunas personas se han pronunciado a favor y en contra. Una de las voces m\u00e1s importantes es la del diputado del partido liberal, Julio Anibal \u00c1lvarez, sobrino del exsenador Tato \u00c1lvarez, exaliados pol\u00edticos de Romero. El diputado exige nuevamente al hoy [&hellip;]\" \/>\n<meta property=\"og:url\" content=\"https:\/\/pagina10.com\/web\/diputado-de-narino-exige-a-precandidato-presidencial-la-devolucion-de-recursos-de-campana\/\" \/>\n<meta property=\"og:site_name\" content=\"P\u00e1gina10\" \/>\n<meta property=\"article:publisher\" content=\"https:\/\/www.facebook.com\/pag10com\" \/>\n<meta property=\"article:published_time\" content=\"2022-02-18T14:20:52+00:00\" \/>\n<meta property=\"article:modified_time\" content=\"2022-02-18T17:58:56+00:00\" \/>\n<meta property=\"og:image\" content=\"https:\/\/pagina10.com\/web\/wp-content\/uploads\/2022\/02\/WhatsApp-Image-2022-02-18-at-9.19.38-AM.jpeg\" \/>\n\t<meta property=\"og:image:width\" content=\"1024\" \/>\n\t<meta property=\"og:image:height\" content=\"655\" \/>\n\t<meta property=\"og:image:type\" content=\"image\/jpeg\" \/>\n<meta name=\"author\" content=\"P\u00e1gina 10\" \/>\n<meta name=\"twitter:card\" content=\"summary_large_image\" \/>\n<meta name=\"twitter:creator\" content=\"@Pag10com\" \/>\n<meta name=\"twitter:site\" content=\"@Pag10com\" \/>\n<meta name=\"twitter:label1\" content=\"Escrito por\" \/>\n\t<meta name=\"twitter:data1\" content=\"P\u00e1gina 10\" \/>\n\t<meta name=\"twitter:label2\" content=\"Tiempo de lectura\" \/>\n\t<meta name=\"twitter:data2\" content=\"1 minuto\" \/>\n<script type=\"application\/ld+json\" class=\"yoast-schema-graph\">{\"@context\":\"https:\/\/schema.org\",\"@graph\":[{\"@type\":\"Article\",\"@id\":\"https:\/\/pagina10.com\/web\/diputado-de-narino-exige-a-precandidato-presidencial-la-devolucion-de-recursos-de-campana\/#article\",\"isPartOf\":{\"@id\":\"https:\/\/pagina10.com\/web\/diputado-de-narino-exige-a-precandidato-presidencial-la-devolucion-de-recursos-de-campana\/\"},\"author\":{\"name\":\"P\u00e1gina 10\",\"@id\":\"https:\/\/pagina10.com\/web\/#\/schema\/person\/2efc4a090d25b667d3bc796798a3a81b\"},\"headline\":\"Diputado de Nari\u00f1o exige a precandidato presidencial la devoluci\u00f3n de recursos de campa\u00f1a.\",\"datePublished\":\"2022-02-18T14:20:52+00:00\",\"dateModified\":\"2022-02-18T17:58:56+00:00\",\"mainEntityOfPage\":{\"@id\":\"https:\/\/pagina10.com\/web\/diputado-de-narino-exige-a-precandidato-presidencial-la-devolucion-de-recursos-de-campana\/\"},\"wordCount\":251,\"commentCount\":0,\"publisher\":{\"@id\":\"https:\/\/pagina10.com\/web\/#organization\"},\"image\":{\"@id\":\"https:\/\/pagina10.com\/web\/diputado-de-narino-exige-a-precandidato-presidencial-la-devolucion-de-recursos-de-campana\/#primaryimage\"},\"thumbnailUrl\":\"https:\/\/pagina10.com\/web\/wp-content\/uploads\/2022\/02\/WhatsApp-Image-2022-02-18-at-9.19.38-AM.jpeg\",\"articleSection\":[\"Regiones\"],\"inLanguage\":\"es\",\"potentialAction\":[{\"@type\":\"CommentAction\",\"name\":\"Comment\",\"target\":[\"https:\/\/pagina10.com\/web\/diputado-de-narino-exige-a-precandidato-presidencial-la-devolucion-de-recursos-de-campana\/#respond\"]}]},{\"@type\":\"WebPage\",\"@id\":\"https:\/\/pagina10.com\/web\/diputado-de-narino-exige-a-precandidato-presidencial-la-devolucion-de-recursos-de-campana\/\",\"url\":\"https:\/\/pagina10.com\/web\/diputado-de-narino-exige-a-precandidato-presidencial-la-devolucion-de-recursos-de-campana\/\",\"name\":\"Diputado de Nari\u00f1o exige a precandidato presidencial la devoluci\u00f3n de recursos de campa\u00f1a. | P\u00e1gina10\",\"isPartOf\":{\"@id\":\"https:\/\/pagina10.com\/web\/#website\"},\"primaryImageOfPage\":{\"@id\":\"https:\/\/pagina10.com\/web\/diputado-de-narino-exige-a-precandidato-presidencial-la-devolucion-de-recursos-de-campana\/#primaryimage\"},\"image\":{\"@id\":\"https:\/\/pagina10.com\/web\/diputado-de-narino-exige-a-precandidato-presidencial-la-devolucion-de-recursos-de-campana\/#primaryimage\"},\"thumbnailUrl\":\"https:\/\/pagina10.com\/web\/wp-content\/uploads\/2022\/02\/WhatsApp-Image-2022-02-18-at-9.19.38-AM.jpeg\",\"datePublished\":\"2022-02-18T14:20:52+00:00\",\"dateModified\":\"2022-02-18T17:58:56+00:00\",\"breadcrumb\":{\"@id\":\"https:\/\/pagina10.com\/web\/diputado-de-narino-exige-a-precandidato-presidencial-la-devolucion-de-recursos-de-campana\/#breadcrumb\"},\"inLanguage\":\"es\",\"potentialAction\":[{\"@type\":\"ReadAction\",\"target\":[\"https:\/\/pagina10.com\/web\/diputado-de-narino-exige-a-precandidato-presidencial-la-devolucion-de-recursos-de-campana\/\"]}]},{\"@type\":\"ImageObject\",\"inLanguage\":\"es\",\"@id\":\"https:\/\/pagina10.com\/web\/diputado-de-narino-exige-a-precandidato-presidencial-la-devolucion-de-recursos-de-campana\/#primaryimage\",\"url\":\"https:\/\/pagina10.com\/web\/wp-content\/uploads\/2022\/02\/WhatsApp-Image-2022-02-18-at-9.19.38-AM.jpeg\",\"contentUrl\":\"https:\/\/pagina10.com\/web\/wp-content\/uploads\/2022\/02\/WhatsApp-Image-2022-02-18-at-9.19.38-AM.jpeg\",\"width\":1024,\"height\":655},{\"@type\":\"BreadcrumbList\",\"@id\":\"https:\/\/pagina10.com\/web\/diputado-de-narino-exige-a-precandidato-presidencial-la-devolucion-de-recursos-de-campana\/#breadcrumb\",\"itemListElement\":[{\"@type\":\"ListItem\",\"position\":1,\"name\":\"Portada\",\"item\":\"https:\/\/pagina10.com\/web\/\"},{\"@type\":\"ListItem\",\"position\":2,\"name\":\"Diputado de Nari\u00f1o exige a precandidato presidencial la devoluci\u00f3n de recursos de campa\u00f1a.\"}]},{\"@type\":\"WebSite\",\"@id\":\"https:\/\/pagina10.com\/web\/#website\",\"url\":\"https:\/\/pagina10.com\/web\/\",\"name\":\"P\u00e1gina10\",\"description\":\"Peri\u00f3dico Regional\",\"publisher\":{\"@id\":\"https:\/\/pagina10.com\/web\/#organization\"},\"alternateName\":\"P\u00e1gina10 Peri\u00f3dico Regional\",\"potentialAction\":[{\"@type\":\"SearchAction\",\"target\":{\"@type\":\"EntryPoint\",\"urlTemplate\":\"https:\/\/pagina10.com\/web\/?s={search_term_string}\"},\"query-input\":{\"@type\":\"PropertyValueSpecification\",\"valueRequired\":true,\"valueName\":\"search_term_string\"}}],\"inLanguage\":\"es\"},{\"@type\":\"Organization\",\"@id\":\"https:\/\/pagina10.com\/web\/#organization\",\"name\":\"P\u00e1gina10\",\"alternateName\":\"P\u00e1gina10 Peri\u00f3dico Regional\",\"url\":\"https:\/\/pagina10.com\/web\/\",\"logo\":{\"@type\":\"ImageObject\",\"inLanguage\":\"es\",\"@id\":\"https:\/\/pagina10.com\/web\/#\/schema\/logo\/image\/\",\"url\":\"https:\/\/pagina10.com\/web\/wp-content\/uploads\/2024\/01\/40-pagina-10-periodico-regional-pasto.jpg\",\"contentUrl\":\"https:\/\/pagina10.com\/web\/wp-content\/uploads\/2024\/01\/40-pagina-10-periodico-regional-pasto.jpg\",\"width\":1280,\"height\":720,\"caption\":\"P\u00e1gina10\"},\"image\":{\"@id\":\"https:\/\/pagina10.com\/web\/#\/schema\/logo\/image\/\"},\"sameAs\":[\"https:\/\/www.facebook.com\/pag10com\",\"https:\/\/x.com\/Pag10com\",\"https:\/\/www.instagram.com\/pagina10col\/\",\"https:\/\/youtube.com\/channel\/pag10\",\"https:\/\/www.tiktok.com\/@p10col\"]},{\"@type\":\"Person\",\"@id\":\"https:\/\/pagina10.com\/web\/#\/schema\/person\/2efc4a090d25b667d3bc796798a3a81b\",\"name\":\"P\u00e1gina 10\",\"description\":\"P\u00e1gina 10 es un peri\u00f3dico regional que nace en Colombia, en el departamento de Nari\u00f1o, con un enfoque global, fundamentado en cuatro pilares esenciales: la libertad, el pluralismo, la inclusi\u00f3n y la independencia. P\u00e1gina 10 hace referencia a Nari\u00f1o como el d\u00e9cimo departamento creado en Colombia, despu\u00e9s de un proceso pol\u00edtico liderado por actores y actrices regionales con el fin de obtener la independencia y autonom\u00eda de nuestros territorios. Con la creaci\u00f3n de P\u00e1gina 10 se pretende abrir un escenario para el dialogo, la reflexi\u00f3n y el debate que se extienda a otras geograf\u00edas de Am\u00e9rica Latina y del planeta, en una apuesta por transformar colectivamente los desaf\u00edos de un mundo contempor\u00e1neo, m\u00e1s all\u00e1 de las fronteras impuestas.\",\"url\":\"https:\/\/pagina10.com\/web\/author\/pdiezadmin\/\"}]}<\/script>\n<!-- \/ Yoast SEO plugin. -->","yoast_head_json":{"title":"Diputado de Nari\u00f1o exige a precandidato presidencial la devoluci\u00f3n de recursos de campa\u00f1a. | P\u00e1gina10","robots":{"index":"index","follow":"follow","max-snippet":"max-snippet:-1","max-image-preview":"max-image-preview:large","max-video-preview":"max-video-preview:-1"},"canonical":"https:\/\/pagina10.com\/web\/diputado-de-narino-exige-a-precandidato-presidencial-la-devolucion-de-recursos-de-campana\/","og_locale":"es_ES","og_type":"article","og_title":"Diputado de Nari\u00f1o exige a precandidato presidencial la devoluci\u00f3n de recursos de campa\u00f1a. | P\u00e1gina10","og_description":"Ante el anuncio de la visita del exgobernador de Nari\u00f1o, Camilo Romero, a Pasto, algunas personas se han pronunciado a favor y en contra. Una de las voces m\u00e1s importantes es la del diputado del partido liberal, Julio Anibal \u00c1lvarez, sobrino del exsenador Tato \u00c1lvarez, exaliados pol\u00edticos de Romero. El diputado exige nuevamente al hoy [&hellip;]","og_url":"https:\/\/pagina10.com\/web\/diputado-de-narino-exige-a-precandidato-presidencial-la-devolucion-de-recursos-de-campana\/","og_site_name":"P\u00e1gina10","article_publisher":"https:\/\/www.facebook.com\/pag10com","article_published_time":"2022-02-18T14:20:52+00:00","article_modified_time":"2022-02-18T17:58:56+00:00","og_image":[{"width":1024,"height":655,"url":"https:\/\/pagina10.com\/web\/wp-content\/uploads\/2022\/02\/WhatsApp-Image-2022-02-18-at-9.19.38-AM.jpeg","type":"image\/jpeg"}],"author":"P\u00e1gina 10","twitter_card":"summary_large_image","twitter_creator":"@Pag10com","twitter_site":"@Pag10com","twitter_misc":{"Escrito por":"P\u00e1gina 10","Tiempo de lectura":"1 minuto"},"schema":{"@context":"https:\/\/schema.org","@graph":[{"@type":"Article","@id":"https:\/\/pagina10.com\/web\/diputado-de-narino-exige-a-precandidato-presidencial-la-devolucion-de-recursos-de-campana\/#article","isPartOf":{"@id":"https:\/\/pagina10.com\/web\/diputado-de-narino-exige-a-precandidato-presidencial-la-devolucion-de-recursos-de-campana\/"},"author":{"name":"P\u00e1gina 10","@id":"https:\/\/pagina10.com\/web\/#\/schema\/person\/2efc4a090d25b667d3bc796798a3a81b"},"headline":"Diputado de Nari\u00f1o exige a precandidato presidencial la devoluci\u00f3n de recursos de campa\u00f1a.","datePublished":"2022-02-18T14:20:52+00:00","dateModified":"2022-02-18T17:58:56+00:00","mainEntityOfPage":{"@id":"https:\/\/pagina10.com\/web\/diputado-de-narino-exige-a-precandidato-presidencial-la-devolucion-de-recursos-de-campana\/"},"wordCount":251,"commentCount":0,"publisher":{"@id":"https:\/\/pagina10.com\/web\/#organization"},"image":{"@id":"https:\/\/pagina10.com\/web\/diputado-de-narino-exige-a-precandidato-presidencial-la-devolucion-de-recursos-de-campana\/#primaryimage"},"thumbnailUrl":"https:\/\/pagina10.com\/web\/wp-content\/uploads\/2022\/02\/WhatsApp-Image-2022-02-18-at-9.19.38-AM.jpeg","articleSection":["Regiones"],"inLanguage":"es","potentialAction":[{"@type":"CommentAction","name":"Comment","target":["https:\/\/pagina10.com\/web\/diputado-de-narino-exige-a-precandidato-presidencial-la-devolucion-de-recursos-de-campana\/#respond"]}]},{"@type":"WebPage","@id":"https:\/\/pagina10.com\/web\/diputado-de-narino-exige-a-precandidato-presidencial-la-devolucion-de-recursos-de-campana\/","url":"https:\/\/pagina10.com\/web\/diputado-de-narino-exige-a-precandidato-presidencial-la-devolucion-de-recursos-de-campana\/","name":"Diputado de Nari\u00f1o exige a precandidato presidencial la devoluci\u00f3n de recursos de campa\u00f1a. | P\u00e1gina10","isPartOf":{"@id":"https:\/\/pagina10.com\/web\/#website"},"primaryImageOfPage":{"@id":"https:\/\/pagina10.com\/web\/diputado-de-narino-exige-a-precandidato-presidencial-la-devolucion-de-recursos-de-campana\/#primaryimage"},"image":{"@id":"https:\/\/pagina10.com\/web\/diputado-de-narino-exige-a-precandidato-presidencial-la-devolucion-de-recursos-de-campana\/#primaryimage"},"thumbnailUrl":"https:\/\/pagina10.com\/web\/wp-content\/uploads\/2022\/02\/WhatsApp-Image-2022-02-18-at-9.19.38-AM.jpeg","datePublished":"2022-02-18T14:20:52+00:00","dateModified":"2022-02-18T17:58:56+00:00","breadcrumb":{"@id":"https:\/\/pagina10.com\/web\/diputado-de-narino-exige-a-precandidato-presidencial-la-devolucion-de-recursos-de-campana\/#breadcrumb"},"inLanguage":"es","potentialAction":[{"@type":"ReadAction","target":["https:\/\/pagina10.com\/web\/diputado-de-narino-exige-a-precandidato-presidencial-la-devolucion-de-recursos-de-campana\/"]}]},{"@type":"ImageObject","inLanguage":"es","@id":"https:\/\/pagina10.com\/web\/diputado-de-narino-exige-a-precandidato-presidencial-la-devolucion-de-recursos-de-campana\/#primaryimage","url":"https:\/\/pagina10.com\/web\/wp-content\/uploads\/2022\/02\/WhatsApp-Image-2022-02-18-at-9.19.38-AM.jpeg","contentUrl":"https:\/\/pagina10.com\/web\/wp-content\/uploads\/2022\/02\/WhatsApp-Image-2022-02-18-at-9.19.38-AM.jpeg","width":1024,"height":655},{"@type":"BreadcrumbList","@id":"https:\/\/pagina10.com\/web\/diputado-de-narino-exige-a-precandidato-presidencial-la-devolucion-de-recursos-de-campana\/#breadcrumb","itemListElement":[{"@type":"ListItem","position":1,"name":"Portada","item":"https:\/\/pagina10.com\/web\/"},{"@type":"ListItem","position":2,"name":"Diputado de Nari\u00f1o exige a precandidato presidencial la devoluci\u00f3n de recursos de campa\u00f1a."}]},{"@type":"WebSite","@id":"https:\/\/pagina10.com\/web\/#website","url":"https:\/\/pagina10.com\/web\/","name":"P\u00e1gina10","description":"Peri\u00f3dico Regional","publisher":{"@id":"https:\/\/pagina10.com\/web\/#organization"},"alternateName":"P\u00e1gina10 Peri\u00f3dico Regional","potentialAction":[{"@type":"SearchAction","target":{"@type":"EntryPoint","urlTemplate":"https:\/\/pagina10.com\/web\/?s={search_term_string}"},"query-input":{"@type":"PropertyValueSpecification","valueRequired":true,"valueName":"search_term_string"}}],"inLanguage":"es"},{"@type":"Organization","@id":"https:\/\/pagina10.com\/web\/#organization","name":"P\u00e1gina10","alternateName":"P\u00e1gina10 Peri\u00f3dico Regional","url":"https:\/\/pagina10.com\/web\/","logo":{"@type":"ImageObject","inLanguage":"es","@id":"https:\/\/pagina10.com\/web\/#\/schema\/logo\/image\/","url":"https:\/\/pagina10.com\/web\/wp-content\/uploads\/2024\/01\/40-pagina-10-periodico-regional-pasto.jpg","contentUrl":"https:\/\/pagina10.com\/web\/wp-content\/uploads\/2024\/01\/40-pagina-10-periodico-regional-pasto.jpg","width":1280,"height":720,"caption":"P\u00e1gina10"},"image":{"@id":"https:\/\/pagina10.com\/web\/#\/schema\/logo\/image\/"},"sameAs":["https:\/\/www.facebook.com\/pag10com","https:\/\/x.com\/Pag10com","https:\/\/www.instagram.com\/pagina10col\/","https:\/\/youtube.com\/channel\/pag10","https:\/\/www.tiktok.com\/@p10col"]},{"@type":"Person","@id":"https:\/\/pagina10.com\/web\/#\/schema\/person\/2efc4a090d25b667d3bc796798a3a81b","name":"P\u00e1gina 10","description":"P\u00e1gina 10 es un peri\u00f3dico regional que nace en Colombia, en el departamento de Nari\u00f1o, con un enfoque global, fundamentado en cuatro pilares esenciales: la libertad, el pluralismo, la inclusi\u00f3n y la independencia. P\u00e1gina 10 hace referencia a Nari\u00f1o como el d\u00e9cimo departamento creado en Colombia, despu\u00e9s de un proceso pol\u00edtico liderado por actores y actrices regionales con el fin de obtener la independencia y autonom\u00eda de nuestros territorios. Con la creaci\u00f3n de P\u00e1gina 10 se pretende abrir un escenario para el dialogo, la reflexi\u00f3n y el debate que se extienda a otras geograf\u00edas de Am\u00e9rica Latina y del planeta, en una apuesta por transformar colectivamente los desaf\u00edos de un mundo contempor\u00e1neo, m\u00e1s all\u00e1 de las fronteras impuestas.","url":"https:\/\/pagina10.com\/web\/author\/pdiezadmin\/"}]}},"_links":{"self":[{"href":"https:\/\/pagina10.com\/web\/wp-json\/wp\/v2\/posts\/58228","targetHints":{"allow":["GET"]}}],"collection":[{"href":"https:\/\/pagina10.com\/web\/wp-json\/wp\/v2\/posts"}],"about":[{"href":"https:\/\/pagina10.com\/web\/wp-json\/wp\/v2\/types\/post"}],"author":[{"embeddable":true,"href":"https:\/\/pagina10.com\/web\/wp-json\/wp\/v2\/users\/1"}],"replies":[{"embeddable":true,"href":"https:\/\/pagina10.com\/web\/wp-json\/wp\/v2\/comments?post=58228"}],"version-history":[{"count":4,"href":"https:\/\/pagina10.com\/web\/wp-json\/wp\/v2\/posts\/58228\/revisions"}],"predecessor-version":[{"id":58233,"href":"https:\/\/pagina10.com\/web\/wp-json\/wp\/v2\/posts\/58228\/revisions\/58233"}],"wp:featuredmedia":[{"embeddable":true,"href":"https:\/\/pagina10.com\/web\/wp-json\/wp\/v2\/media\/58229"}],"wp:attachment":[{"href":"https:\/\/pagina10.com\/web\/wp-json\/wp\/v2\/media?parent=58228"}],"wp:term":[{"taxonomy":"category","embeddable":true,"href":"https:\/\/pagina10.com\/web\/wp-json\/wp\/v2\/categories?post=58228"},{"taxonomy":"post_tag","embeddable":true,"href":"https:\/\/pagina10.com\/web\/wp-json\/wp\/v2\/tags?post=58228"}],"curies":[{"name":"wp","href":"https:\/\/api.w.org\/{rel}","templated":true}]}}