{"id":58255,"date":"2022-02-19T20:56:02","date_gmt":"2022-02-20T01:56:02","guid":{"rendered":"https:\/\/pagina10.com\/web\/?p=58255"},"modified":"2022-02-19T20:56:02","modified_gmt":"2022-02-20T01:56:02","slug":"hacen-un-llamado-a-la-solidaridad-de-los-narinenses-para-atender-el-municipio-de-san-pablo","status":"publish","type":"post","link":"https:\/\/pagina10.com\/web\/hacen-un-llamado-a-la-solidaridad-de-los-narinenses-para-atender-el-municipio-de-san-pablo\/","title":{"rendered":"Hacen un llamado a la solidaridad de los nari\u00f1enses para atender el municipio de San Pablo"},"content":{"rendered":"<p style=\"text-align: justify;\">En horas de la ma\u00f1ana de hoy se instal\u00f3 Puesto de Mando Unificado en el municipio de San Pablo, presidido por el Gobernador de Nari\u00f1o, Jhon Rojas, con el objetivo de coordinar acciones para atender la emergencia causada por las fuertes lluvias en el territorio nari\u00f1ense.<br \/>\nEl mandatario departamental, indic\u00f3 que como prioridad se ha establecido un plan de b\u00fasqueda para la menor \u00c1ngela Gabriela Mu\u00f1oz, de 8 a\u00f1os de edad, que se encuentra desaparecida. En el momento 4 bloques se encuentran buscando a la menor en sectores espec\u00edficos, 90 hombres y mujeres de los diferentes organismos de socorro, Polic\u00eda y Ej\u00e9rcito Nacional est\u00e1n en la labor.<br \/>\n\u201cVisitamos los barrios afectados y tenemos un balance preliminar de 16 barrios afectados, 350 viviendas afectadas, 12 veredas con dificultad en la transitabilidad de v\u00edas; hemos dise\u00f1ado un mecanismo para abastecer a San Pablo de agua ya que el suministro no llega. Hacemos un llamado a la solidaridad ya que el ancianato est\u00e1 afectado y los ancianitos se encuentran en este momento en la casa cural\u201d, indic\u00f3 Gobernador de Nari\u00f1o, Jhon Rojas.<br \/>\nDurante la jornada se coordin\u00f3 junto al Alcalde de San Pablo, Ricardo G\u00f3mez, Bomberos, Defensa Civil, Polic\u00eda, Ej\u00e9rcito y la Direcci\u00f3n Administrativa de Gesti\u00f3n\u00a0del Riesgo de Desastres -DAGRD, el apoyo para las familias afectadas y las acciones para la recuperaci\u00f3n de la infraestructura afectada.<br \/>\nEn el momento se encuentran trabajando en la atenci\u00f3n de la emergencia:<br \/>\n-Los Cuerpos de Bomberos Voluntarios de San Pablo, La Cruz, Col\u00f3n, San Bernardo, Alban y La Uni\u00f3n con dos carros cisternas de 800 gls cada uno y dos camionetas de intervenci\u00f3n r\u00e1pida de 70 gls, y 90 voluntarios.<br \/>\n-Las Juntas de Defensa Civil de San Pablo, La Cruz y Col\u00f3n con 30 voluntarios. &#8211; En curso el CENSO de damnificados.<br \/>\n&#8211; Se avanza en el restablecimiento del servicio de agua potable, se abastece la cabecera municipal con carro tanques de apoyo, de los municipios vecinos.<br \/>\n-La poblaci\u00f3n en riesgo se traslad\u00f3 temporalmente al Colegio Normal y las personas del centro de bienestar del adulto mayor se trasladaron a la parroquia.<\/p>\n<p style=\"text-align: justify;\">Adem\u00e1s, se moviliza un carro tanque de 2700 gls del Cuerpo de Bomberos Voluntarios de Pasto, 2 volquetas y 1 pelot\u00f3n del Batall\u00f3n de Ingenieros No. 23 y equipo t\u00e9cnico de la DAGRD Nari\u00f1o, para ayudar en las labores de limpieza de v\u00edas y viviendas.<br \/>\nSe contin\u00faa trabajando en todos los municipios que presentan emergencias a causa de la lluvia y gestionando la atenci\u00f3n correspondiente a las familias e infraestructuras afectadas.<br \/>\nDesde a Gobernaci\u00f3n de Nari\u00f1o se hace un llamado a la solidaridad de los nari\u00f1enses para apoyar con frazadas, colchonetas, elementos de aseo y alimentos no perecederos para la comunidad afectada. Puntualmente se hace un llamado para recuperar y dotar al centro de bienestar del adulto mayor que fue seriamente afectado por la avenida torrencial.<\/p>\n","protected":false},"excerpt":{"rendered":"<p>En horas de la ma\u00f1ana de hoy se instal\u00f3 Puesto de Mando Unificado en el municipio de San Pablo, presidido por el Gobernador de Nari\u00f1o, Jhon Rojas, con el objetivo de coordinar acciones para atender la emergencia causada por las fuertes lluvias en el territorio nari\u00f1ense. El mandatario departamental, indic\u00f3 que como prioridad se ha [&hellip;]<\/p>\n","protected":false},"author":1,"featured_media":58257,"comment_status":"open","ping_status":"open","sticky":false,"template":"","format":"standard","meta":{"footnotes":""},"categories":[53],"tags":[],"class_list":["post-58255","post","type-post","status-publish","format-standard","has-post-thumbnail","hentry","category-regiones"],"yoast_head":"<!-- This site is optimized with the Yoast SEO plugin v27.1.1 - https:\/\/yoast.com\/product\/yoast-seo-wordpress\/ -->\n<title>Hacen un llamado a la solidaridad de los nari\u00f1enses para atender el municipio de San Pablo | P\u00e1gina10<\/title>\n<meta name=\"robots\" content=\"index, follow, max-snippet:-1, max-image-preview:large, max-video-preview:-1\" \/>\n<link rel=\"canonical\" href=\"https:\/\/pagina10.com\/web\/hacen-un-llamado-a-la-solidaridad-de-los-narinenses-para-atender-el-municipio-de-san-pablo\/\" \/>\n<meta property=\"og:locale\" content=\"es_ES\" \/>\n<meta property=\"og:type\" content=\"article\" \/>\n<meta property=\"og:title\" content=\"Hacen un llamado a la solidaridad de los nari\u00f1enses para atender el municipio de San Pablo | P\u00e1gina10\" \/>\n<meta property=\"og:description\" content=\"En horas de la ma\u00f1ana de hoy se instal\u00f3 Puesto de Mando Unificado en el municipio de San Pablo, presidido por el Gobernador de Nari\u00f1o, Jhon Rojas, con el objetivo de coordinar acciones para atender la emergencia causada por las fuertes lluvias en el territorio nari\u00f1ense. El mandatario departamental, indic\u00f3 que como prioridad se ha [&hellip;]\" \/>\n<meta property=\"og:url\" content=\"https:\/\/pagina10.com\/web\/hacen-un-llamado-a-la-solidaridad-de-los-narinenses-para-atender-el-municipio-de-san-pablo\/\" \/>\n<meta property=\"og:site_name\" content=\"P\u00e1gina10\" \/>\n<meta property=\"article:publisher\" content=\"https:\/\/www.facebook.com\/pag10com\" \/>\n<meta property=\"article:published_time\" content=\"2022-02-20T01:56:02+00:00\" \/>\n<meta property=\"og:image\" content=\"https:\/\/pagina10.com\/web\/wp-content\/uploads\/2022\/02\/WhatsApp-Image-2022-02-19-at-2.00.06-PM-1.jpeg\" \/>\n\t<meta property=\"og:image:width\" content=\"1280\" \/>\n\t<meta property=\"og:image:height\" content=\"576\" \/>\n\t<meta property=\"og:image:type\" content=\"image\/jpeg\" \/>\n<meta name=\"author\" content=\"P\u00e1gina 10\" \/>\n<meta name=\"twitter:card\" content=\"summary_large_image\" \/>\n<meta name=\"twitter:creator\" content=\"@Pag10com\" \/>\n<meta name=\"twitter:site\" content=\"@Pag10com\" \/>\n<meta name=\"twitter:label1\" content=\"Escrito por\" \/>\n\t<meta name=\"twitter:data1\" content=\"P\u00e1gina 10\" \/>\n\t<meta name=\"twitter:label2\" content=\"Tiempo de lectura\" \/>\n\t<meta name=\"twitter:data2\" content=\"2 minutos\" \/>\n<script type=\"application\/ld+json\" class=\"yoast-schema-graph\">{\"@context\":\"https:\/\/schema.org\",\"@graph\":[{\"@type\":\"Article\",\"@id\":\"https:\/\/pagina10.com\/web\/hacen-un-llamado-a-la-solidaridad-de-los-narinenses-para-atender-el-municipio-de-san-pablo\/#article\",\"isPartOf\":{\"@id\":\"https:\/\/pagina10.com\/web\/hacen-un-llamado-a-la-solidaridad-de-los-narinenses-para-atender-el-municipio-de-san-pablo\/\"},\"author\":{\"name\":\"P\u00e1gina 10\",\"@id\":\"https:\/\/pagina10.com\/web\/#\/schema\/person\/2efc4a090d25b667d3bc796798a3a81b\"},\"headline\":\"Hacen un llamado a la solidaridad de los nari\u00f1enses para atender el municipio de San Pablo\",\"datePublished\":\"2022-02-20T01:56:02+00:00\",\"mainEntityOfPage\":{\"@id\":\"https:\/\/pagina10.com\/web\/hacen-un-llamado-a-la-solidaridad-de-los-narinenses-para-atender-el-municipio-de-san-pablo\/\"},\"wordCount\":512,\"commentCount\":0,\"publisher\":{\"@id\":\"https:\/\/pagina10.com\/web\/#organization\"},\"image\":{\"@id\":\"https:\/\/pagina10.com\/web\/hacen-un-llamado-a-la-solidaridad-de-los-narinenses-para-atender-el-municipio-de-san-pablo\/#primaryimage\"},\"thumbnailUrl\":\"https:\/\/pagina10.com\/web\/wp-content\/uploads\/2022\/02\/WhatsApp-Image-2022-02-19-at-2.00.06-PM-1.jpeg\",\"articleSection\":[\"Regiones\"],\"inLanguage\":\"es\",\"potentialAction\":[{\"@type\":\"CommentAction\",\"name\":\"Comment\",\"target\":[\"https:\/\/pagina10.com\/web\/hacen-un-llamado-a-la-solidaridad-de-los-narinenses-para-atender-el-municipio-de-san-pablo\/#respond\"]}]},{\"@type\":\"WebPage\",\"@id\":\"https:\/\/pagina10.com\/web\/hacen-un-llamado-a-la-solidaridad-de-los-narinenses-para-atender-el-municipio-de-san-pablo\/\",\"url\":\"https:\/\/pagina10.com\/web\/hacen-un-llamado-a-la-solidaridad-de-los-narinenses-para-atender-el-municipio-de-san-pablo\/\",\"name\":\"Hacen un llamado a la solidaridad de los nari\u00f1enses para atender el municipio de San Pablo | P\u00e1gina10\",\"isPartOf\":{\"@id\":\"https:\/\/pagina10.com\/web\/#website\"},\"primaryImageOfPage\":{\"@id\":\"https:\/\/pagina10.com\/web\/hacen-un-llamado-a-la-solidaridad-de-los-narinenses-para-atender-el-municipio-de-san-pablo\/#primaryimage\"},\"image\":{\"@id\":\"https:\/\/pagina10.com\/web\/hacen-un-llamado-a-la-solidaridad-de-los-narinenses-para-atender-el-municipio-de-san-pablo\/#primaryimage\"},\"thumbnailUrl\":\"https:\/\/pagina10.com\/web\/wp-content\/uploads\/2022\/02\/WhatsApp-Image-2022-02-19-at-2.00.06-PM-1.jpeg\",\"datePublished\":\"2022-02-20T01:56:02+00:00\",\"breadcrumb\":{\"@id\":\"https:\/\/pagina10.com\/web\/hacen-un-llamado-a-la-solidaridad-de-los-narinenses-para-atender-el-municipio-de-san-pablo\/#breadcrumb\"},\"inLanguage\":\"es\",\"potentialAction\":[{\"@type\":\"ReadAction\",\"target\":[\"https:\/\/pagina10.com\/web\/hacen-un-llamado-a-la-solidaridad-de-los-narinenses-para-atender-el-municipio-de-san-pablo\/\"]}]},{\"@type\":\"ImageObject\",\"inLanguage\":\"es\",\"@id\":\"https:\/\/pagina10.com\/web\/hacen-un-llamado-a-la-solidaridad-de-los-narinenses-para-atender-el-municipio-de-san-pablo\/#primaryimage\",\"url\":\"https:\/\/pagina10.com\/web\/wp-content\/uploads\/2022\/02\/WhatsApp-Image-2022-02-19-at-2.00.06-PM-1.jpeg\",\"contentUrl\":\"https:\/\/pagina10.com\/web\/wp-content\/uploads\/2022\/02\/WhatsApp-Image-2022-02-19-at-2.00.06-PM-1.jpeg\",\"width\":1280,\"height\":576},{\"@type\":\"BreadcrumbList\",\"@id\":\"https:\/\/pagina10.com\/web\/hacen-un-llamado-a-la-solidaridad-de-los-narinenses-para-atender-el-municipio-de-san-pablo\/#breadcrumb\",\"itemListElement\":[{\"@type\":\"ListItem\",\"position\":1,\"name\":\"Portada\",\"item\":\"https:\/\/pagina10.com\/web\/\"},{\"@type\":\"ListItem\",\"position\":2,\"name\":\"Hacen un llamado a la solidaridad de los nari\u00f1enses para atender el municipio de San Pablo\"}]},{\"@type\":\"WebSite\",\"@id\":\"https:\/\/pagina10.com\/web\/#website\",\"url\":\"https:\/\/pagina10.com\/web\/\",\"name\":\"P\u00e1gina10\",\"description\":\"Peri\u00f3dico Regional\",\"publisher\":{\"@id\":\"https:\/\/pagina10.com\/web\/#organization\"},\"alternateName\":\"P\u00e1gina10 Peri\u00f3dico Regional\",\"potentialAction\":[{\"@type\":\"SearchAction\",\"target\":{\"@type\":\"EntryPoint\",\"urlTemplate\":\"https:\/\/pagina10.com\/web\/?s={search_term_string}\"},\"query-input\":{\"@type\":\"PropertyValueSpecification\",\"valueRequired\":true,\"valueName\":\"search_term_string\"}}],\"inLanguage\":\"es\"},{\"@type\":\"Organization\",\"@id\":\"https:\/\/pagina10.com\/web\/#organization\",\"name\":\"P\u00e1gina10\",\"alternateName\":\"P\u00e1gina10 Peri\u00f3dico Regional\",\"url\":\"https:\/\/pagina10.com\/web\/\",\"logo\":{\"@type\":\"ImageObject\",\"inLanguage\":\"es\",\"@id\":\"https:\/\/pagina10.com\/web\/#\/schema\/logo\/image\/\",\"url\":\"https:\/\/pagina10.com\/web\/wp-content\/uploads\/2024\/01\/40-pagina-10-periodico-regional-pasto.jpg\",\"contentUrl\":\"https:\/\/pagina10.com\/web\/wp-content\/uploads\/2024\/01\/40-pagina-10-periodico-regional-pasto.jpg\",\"width\":1280,\"height\":720,\"caption\":\"P\u00e1gina10\"},\"image\":{\"@id\":\"https:\/\/pagina10.com\/web\/#\/schema\/logo\/image\/\"},\"sameAs\":[\"https:\/\/www.facebook.com\/pag10com\",\"https:\/\/x.com\/Pag10com\",\"https:\/\/www.instagram.com\/pagina10col\/\",\"https:\/\/youtube.com\/channel\/pag10\",\"https:\/\/www.tiktok.com\/@p10col\"]},{\"@type\":\"Person\",\"@id\":\"https:\/\/pagina10.com\/web\/#\/schema\/person\/2efc4a090d25b667d3bc796798a3a81b\",\"name\":\"P\u00e1gina 10\",\"description\":\"P\u00e1gina 10 es un peri\u00f3dico regional que nace en Colombia, en el departamento de Nari\u00f1o, con un enfoque global, fundamentado en cuatro pilares esenciales: la libertad, el pluralismo, la inclusi\u00f3n y la independencia. P\u00e1gina 10 hace referencia a Nari\u00f1o como el d\u00e9cimo departamento creado en Colombia, despu\u00e9s de un proceso pol\u00edtico liderado por actores y actrices regionales con el fin de obtener la independencia y autonom\u00eda de nuestros territorios. Con la creaci\u00f3n de P\u00e1gina 10 se pretende abrir un escenario para el dialogo, la reflexi\u00f3n y el debate que se extienda a otras geograf\u00edas de Am\u00e9rica Latina y del planeta, en una apuesta por transformar colectivamente los desaf\u00edos de un mundo contempor\u00e1neo, m\u00e1s all\u00e1 de las fronteras impuestas.\",\"url\":\"https:\/\/pagina10.com\/web\/author\/pdiezadmin\/\"}]}<\/script>\n<!-- \/ Yoast SEO plugin. -->","yoast_head_json":{"title":"Hacen un llamado a la solidaridad de los nari\u00f1enses para atender el municipio de San Pablo | P\u00e1gina10","robots":{"index":"index","follow":"follow","max-snippet":"max-snippet:-1","max-image-preview":"max-image-preview:large","max-video-preview":"max-video-preview:-1"},"canonical":"https:\/\/pagina10.com\/web\/hacen-un-llamado-a-la-solidaridad-de-los-narinenses-para-atender-el-municipio-de-san-pablo\/","og_locale":"es_ES","og_type":"article","og_title":"Hacen un llamado a la solidaridad de los nari\u00f1enses para atender el municipio de San Pablo | P\u00e1gina10","og_description":"En horas de la ma\u00f1ana de hoy se instal\u00f3 Puesto de Mando Unificado en el municipio de San Pablo, presidido por el Gobernador de Nari\u00f1o, Jhon Rojas, con el objetivo de coordinar acciones para atender la emergencia causada por las fuertes lluvias en el territorio nari\u00f1ense. El mandatario departamental, indic\u00f3 que como prioridad se ha [&hellip;]","og_url":"https:\/\/pagina10.com\/web\/hacen-un-llamado-a-la-solidaridad-de-los-narinenses-para-atender-el-municipio-de-san-pablo\/","og_site_name":"P\u00e1gina10","article_publisher":"https:\/\/www.facebook.com\/pag10com","article_published_time":"2022-02-20T01:56:02+00:00","og_image":[{"width":1280,"height":576,"url":"https:\/\/pagina10.com\/web\/wp-content\/uploads\/2022\/02\/WhatsApp-Image-2022-02-19-at-2.00.06-PM-1.jpeg","type":"image\/jpeg"}],"author":"P\u00e1gina 10","twitter_card":"summary_large_image","twitter_creator":"@Pag10com","twitter_site":"@Pag10com","twitter_misc":{"Escrito por":"P\u00e1gina 10","Tiempo de lectura":"2 minutos"},"schema":{"@context":"https:\/\/schema.org","@graph":[{"@type":"Article","@id":"https:\/\/pagina10.com\/web\/hacen-un-llamado-a-la-solidaridad-de-los-narinenses-para-atender-el-municipio-de-san-pablo\/#article","isPartOf":{"@id":"https:\/\/pagina10.com\/web\/hacen-un-llamado-a-la-solidaridad-de-los-narinenses-para-atender-el-municipio-de-san-pablo\/"},"author":{"name":"P\u00e1gina 10","@id":"https:\/\/pagina10.com\/web\/#\/schema\/person\/2efc4a090d25b667d3bc796798a3a81b"},"headline":"Hacen un llamado a la solidaridad de los nari\u00f1enses para atender el municipio de San Pablo","datePublished":"2022-02-20T01:56:02+00:00","mainEntityOfPage":{"@id":"https:\/\/pagina10.com\/web\/hacen-un-llamado-a-la-solidaridad-de-los-narinenses-para-atender-el-municipio-de-san-pablo\/"},"wordCount":512,"commentCount":0,"publisher":{"@id":"https:\/\/pagina10.com\/web\/#organization"},"image":{"@id":"https:\/\/pagina10.com\/web\/hacen-un-llamado-a-la-solidaridad-de-los-narinenses-para-atender-el-municipio-de-san-pablo\/#primaryimage"},"thumbnailUrl":"https:\/\/pagina10.com\/web\/wp-content\/uploads\/2022\/02\/WhatsApp-Image-2022-02-19-at-2.00.06-PM-1.jpeg","articleSection":["Regiones"],"inLanguage":"es","potentialAction":[{"@type":"CommentAction","name":"Comment","target":["https:\/\/pagina10.com\/web\/hacen-un-llamado-a-la-solidaridad-de-los-narinenses-para-atender-el-municipio-de-san-pablo\/#respond"]}]},{"@type":"WebPage","@id":"https:\/\/pagina10.com\/web\/hacen-un-llamado-a-la-solidaridad-de-los-narinenses-para-atender-el-municipio-de-san-pablo\/","url":"https:\/\/pagina10.com\/web\/hacen-un-llamado-a-la-solidaridad-de-los-narinenses-para-atender-el-municipio-de-san-pablo\/","name":"Hacen un llamado a la solidaridad de los nari\u00f1enses para atender el municipio de San Pablo | P\u00e1gina10","isPartOf":{"@id":"https:\/\/pagina10.com\/web\/#website"},"primaryImageOfPage":{"@id":"https:\/\/pagina10.com\/web\/hacen-un-llamado-a-la-solidaridad-de-los-narinenses-para-atender-el-municipio-de-san-pablo\/#primaryimage"},"image":{"@id":"https:\/\/pagina10.com\/web\/hacen-un-llamado-a-la-solidaridad-de-los-narinenses-para-atender-el-municipio-de-san-pablo\/#primaryimage"},"thumbnailUrl":"https:\/\/pagina10.com\/web\/wp-content\/uploads\/2022\/02\/WhatsApp-Image-2022-02-19-at-2.00.06-PM-1.jpeg","datePublished":"2022-02-20T01:56:02+00:00","breadcrumb":{"@id":"https:\/\/pagina10.com\/web\/hacen-un-llamado-a-la-solidaridad-de-los-narinenses-para-atender-el-municipio-de-san-pablo\/#breadcrumb"},"inLanguage":"es","potentialAction":[{"@type":"ReadAction","target":["https:\/\/pagina10.com\/web\/hacen-un-llamado-a-la-solidaridad-de-los-narinenses-para-atender-el-municipio-de-san-pablo\/"]}]},{"@type":"ImageObject","inLanguage":"es","@id":"https:\/\/pagina10.com\/web\/hacen-un-llamado-a-la-solidaridad-de-los-narinenses-para-atender-el-municipio-de-san-pablo\/#primaryimage","url":"https:\/\/pagina10.com\/web\/wp-content\/uploads\/2022\/02\/WhatsApp-Image-2022-02-19-at-2.00.06-PM-1.jpeg","contentUrl":"https:\/\/pagina10.com\/web\/wp-content\/uploads\/2022\/02\/WhatsApp-Image-2022-02-19-at-2.00.06-PM-1.jpeg","width":1280,"height":576},{"@type":"BreadcrumbList","@id":"https:\/\/pagina10.com\/web\/hacen-un-llamado-a-la-solidaridad-de-los-narinenses-para-atender-el-municipio-de-san-pablo\/#breadcrumb","itemListElement":[{"@type":"ListItem","position":1,"name":"Portada","item":"https:\/\/pagina10.com\/web\/"},{"@type":"ListItem","position":2,"name":"Hacen un llamado a la solidaridad de los nari\u00f1enses para atender el municipio de San Pablo"}]},{"@type":"WebSite","@id":"https:\/\/pagina10.com\/web\/#website","url":"https:\/\/pagina10.com\/web\/","name":"P\u00e1gina10","description":"Peri\u00f3dico Regional","publisher":{"@id":"https:\/\/pagina10.com\/web\/#organization"},"alternateName":"P\u00e1gina10 Peri\u00f3dico Regional","potentialAction":[{"@type":"SearchAction","target":{"@type":"EntryPoint","urlTemplate":"https:\/\/pagina10.com\/web\/?s={search_term_string}"},"query-input":{"@type":"PropertyValueSpecification","valueRequired":true,"valueName":"search_term_string"}}],"inLanguage":"es"},{"@type":"Organization","@id":"https:\/\/pagina10.com\/web\/#organization","name":"P\u00e1gina10","alternateName":"P\u00e1gina10 Peri\u00f3dico Regional","url":"https:\/\/pagina10.com\/web\/","logo":{"@type":"ImageObject","inLanguage":"es","@id":"https:\/\/pagina10.com\/web\/#\/schema\/logo\/image\/","url":"https:\/\/pagina10.com\/web\/wp-content\/uploads\/2024\/01\/40-pagina-10-periodico-regional-pasto.jpg","contentUrl":"https:\/\/pagina10.com\/web\/wp-content\/uploads\/2024\/01\/40-pagina-10-periodico-regional-pasto.jpg","width":1280,"height":720,"caption":"P\u00e1gina10"},"image":{"@id":"https:\/\/pagina10.com\/web\/#\/schema\/logo\/image\/"},"sameAs":["https:\/\/www.facebook.com\/pag10com","https:\/\/x.com\/Pag10com","https:\/\/www.instagram.com\/pagina10col\/","https:\/\/youtube.com\/channel\/pag10","https:\/\/www.tiktok.com\/@p10col"]},{"@type":"Person","@id":"https:\/\/pagina10.com\/web\/#\/schema\/person\/2efc4a090d25b667d3bc796798a3a81b","name":"P\u00e1gina 10","description":"P\u00e1gina 10 es un peri\u00f3dico regional que nace en Colombia, en el departamento de Nari\u00f1o, con un enfoque global, fundamentado en cuatro pilares esenciales: la libertad, el pluralismo, la inclusi\u00f3n y la independencia. P\u00e1gina 10 hace referencia a Nari\u00f1o como el d\u00e9cimo departamento creado en Colombia, despu\u00e9s de un proceso pol\u00edtico liderado por actores y actrices regionales con el fin de obtener la independencia y autonom\u00eda de nuestros territorios. Con la creaci\u00f3n de P\u00e1gina 10 se pretende abrir un escenario para el dialogo, la reflexi\u00f3n y el debate que se extienda a otras geograf\u00edas de Am\u00e9rica Latina y del planeta, en una apuesta por transformar colectivamente los desaf\u00edos de un mundo contempor\u00e1neo, m\u00e1s all\u00e1 de las fronteras impuestas.","url":"https:\/\/pagina10.com\/web\/author\/pdiezadmin\/"}]}},"_links":{"self":[{"href":"https:\/\/pagina10.com\/web\/wp-json\/wp\/v2\/posts\/58255","targetHints":{"allow":["GET"]}}],"collection":[{"href":"https:\/\/pagina10.com\/web\/wp-json\/wp\/v2\/posts"}],"about":[{"href":"https:\/\/pagina10.com\/web\/wp-json\/wp\/v2\/types\/post"}],"author":[{"embeddable":true,"href":"https:\/\/pagina10.com\/web\/wp-json\/wp\/v2\/users\/1"}],"replies":[{"embeddable":true,"href":"https:\/\/pagina10.com\/web\/wp-json\/wp\/v2\/comments?post=58255"}],"version-history":[{"count":1,"href":"https:\/\/pagina10.com\/web\/wp-json\/wp\/v2\/posts\/58255\/revisions"}],"predecessor-version":[{"id":58258,"href":"https:\/\/pagina10.com\/web\/wp-json\/wp\/v2\/posts\/58255\/revisions\/58258"}],"wp:featuredmedia":[{"embeddable":true,"href":"https:\/\/pagina10.com\/web\/wp-json\/wp\/v2\/media\/58257"}],"wp:attachment":[{"href":"https:\/\/pagina10.com\/web\/wp-json\/wp\/v2\/media?parent=58255"}],"wp:term":[{"taxonomy":"category","embeddable":true,"href":"https:\/\/pagina10.com\/web\/wp-json\/wp\/v2\/categories?post=58255"},{"taxonomy":"post_tag","embeddable":true,"href":"https:\/\/pagina10.com\/web\/wp-json\/wp\/v2\/tags?post=58255"}],"curies":[{"name":"wp","href":"https:\/\/api.w.org\/{rel}","templated":true}]}}