{"id":58292,"date":"2022-02-21T23:36:49","date_gmt":"2022-02-22T04:36:49","guid":{"rendered":"https:\/\/pagina10.com\/web\/?p=58292"},"modified":"2022-02-22T16:57:36","modified_gmt":"2022-02-22T21:57:36","slug":"pasto-tiene-el-mejor-colegio-publico-del-pais","status":"publish","type":"post","link":"https:\/\/pagina10.com\/web\/pasto-tiene-el-mejor-colegio-publico-del-pais\/","title":{"rendered":"Pasto tiene el mejor colegio p\u00fablico del pa\u00eds."},"content":{"rendered":"<p style=\"text-align: justify;\"><span lang=\"ES-TRAD\">El Laboratorio de Econom\u00eda de la Educaci\u00f3n (LEE) de la Universidad Javeriana desarroll\u00f3 el primer \u00edndice multidimensional que mide la calidad educativa de los colegios oficiales del pa\u00eds, m\u00e1s all\u00e1 del rendimiento acad\u00e9mico de los estudiantes. La herramienta se llama \u201cLEE TU COLEGIO\u201d y sirve para consultar de forma r\u00e1pida y amigable c\u00f3mo est\u00e1n los colegios oficiales del pa\u00eds en 6 dimensiones (logro acad\u00e9mico, ingl\u00e9s y conectividad, permanencia y bienestar, docencia, mejoramiento, y poblaci\u00f3n estudiantil). Las m\u00faltiples dimensiones responden a que la calidad educativa no solo se mide por medio del rendimiento acad\u00e9mico, sino que responde a m\u00faltiples facetas del ecosistema escolar. LEE TU COLEGIO est\u00e1 disponible para que sea consultado por todo p\u00fablico en la p\u00e1gina del LEE (www.economiadelaeducacion.org).<\/span><\/p>\n<p style=\"text-align: justify;\"><span lang=\"ES-TRAD\">LEE TU COLEGIO es un \u00edndice pionero que mide a m\u00e1s de 8000 colegios oficiales a nivel nacional. Los datos que da la herramienta dan cuenta de los rezagos, oportunidades y avances en calidad educativa de los colegios en las diferentes regiones del pa\u00eds. Se espera que cada a\u00f1o se actualice para que se vea la evoluci\u00f3n a\u00f1o a a\u00f1o de cada colegio en cada una de las dimensiones, de manera general y tambi\u00e9n comparado con otras instituciones que le sean referente. Adem\u00e1s, busca que motive acciones de mejora a favor de la calidad y equidad de la educaci\u00f3n en Colombia.<\/span><\/p>\n<p style=\"text-align: justify;\"><span lang=\"ES-TRAD\">\u201cEn tiempos de pandemia, donde las brechas educativas se est\u00e1n perpetuando en perjuicio de los estudiantes menos favorecidos, el seguimiento a los indicadores de los colegios oficiales se vuelve crucial para establecer metas que permitan mejorar la educaci\u00f3n desde varios frentes.\u201d Afirma Luz Karime Abad\u00eda, codirectora del LEE.<\/span><\/p>\n<p style=\"text-align: justify;\"><span lang=\"ES-TRAD\">En adici\u00f3n, el valor agregado de LEE TU COLEGIO es que permite que cada usuario ordenar las dimensiones seg\u00fan su preferencia, y as\u00ed clasificar autom\u00e1ticamente a los colegios oficiales d\u00e1ndole m\u00e1s peso a las dimensiones que el usuario considera m\u00e1s importantes. Por ejemplo, si para un usuario la dimensi\u00f3n de ingl\u00e9s y conectividad es la m\u00e1s importante, entonces el ordenamiento le dar\u00e1 m\u00e1s peso a los colegios que sean fuertes en esta \u00e1rea, es decir, los pondr\u00e1 m\u00e1s arriba en el listado de colegios que le muestra al usuario.\u00a0<\/span><\/p>\n<p style=\"text-align: justify;\"><span lang=\"ES-TRAD\">El \u00edndice multidimensional mide la calidad educativa de 0 a 100 puntos. Uno de los principales hallazgos que permite ver la informaci\u00f3n procesada del \u00edndice, tomando el indicador de ponderaciones iguales (es decir, en el que no existe priorizaci\u00f3n de ninguna dimensi\u00f3n o todas pesan lo mismo), es que un 39% de las instituciones oficiales tienen un desempe\u00f1o alto en el \u00edndice (superando un umbral de 70 puntos), un 40% con un rendimiento medio (entre 70 y 50 puntos) y un 21% de las instituciones con un rendimiento bajo.<\/span><\/p>\n<p style=\"text-align: justify;\"><span lang=\"ES-TRAD\">Las dimensiones \u201cLogro Acad\u00e9mico\u201d (que se refiere al desempe\u00f1o de los estudiantes en las pruebas de Estado), y \u201cDocencia\u201d (que incluye el nivel educativo de los docentes, la relaci\u00f3n alumno\/docente y el tama\u00f1o de grupo en el colegio), son en las que peor punt\u00faan los colegios oficiales del pa\u00eds en el \u00edndice LEE TU COLEGIO.<\/span><\/p>\n<p style=\"text-align: justify;\">Seg\u00fan lo anterior, el mejor colegio p\u00fablico del pa\u00eds, seg\u00fan el \u00edndice del LEE,\u00a0es el Liceo Integrado de Bachillerato Universidad de Nari\u00f1o, ubicado en Pasto, instituci\u00f3n que se caracteriza por tener un alto desempe\u00f1o en ingl\u00e9s y conectividad de 92,99 puntos de 100. Tambi\u00e9n se ponder\u00f3 su buen equipo de docentes, y la adecuada relaci\u00f3n entre estudiantes y profesores.<\/p>\n<p style=\"text-align: justify;\"><span lang=\"ES-TRAD\">Los departamentos con mayor n\u00famero de establecimientos dentro del Top 100 de colegios oficiales con mejor desempe\u00f1o en el \u00edndice son: Bogot\u00e1, Santander y Norte de Santander y en contraposici\u00f3n los departamentos con cero establecimientos educativos corresponden a Amazonas, Vaup\u00e9s, Archipi\u00e9lago De San Andr\u00e9s, Providencia y Santa Catalina, Choc\u00f3, Guain\u00eda, La Guajira, Guaviare, Sucre y Vichada.<\/span><\/p>\n","protected":false},"excerpt":{"rendered":"<p>El Laboratorio de Econom\u00eda de la Educaci\u00f3n (LEE) de la Universidad Javeriana desarroll\u00f3 el primer \u00edndice multidimensional que mide la calidad educativa de los colegios oficiales del pa\u00eds, m\u00e1s all\u00e1 del rendimiento acad\u00e9mico de los estudiantes. La herramienta se llama \u201cLEE TU COLEGIO\u201d y sirve para consultar de forma r\u00e1pida y amigable c\u00f3mo est\u00e1n los [&hellip;]<\/p>\n","protected":false},"author":1,"featured_media":58293,"comment_status":"open","ping_status":"open","sticky":false,"template":"","format":"standard","meta":{"footnotes":""},"categories":[1580,1528],"tags":[],"class_list":["post-58292","post","type-post","status-publish","format-standard","has-post-thumbnail","hentry","category-educacion-innovacion","category-titulares"],"yoast_head":"<!-- This site is optimized with the Yoast SEO plugin v27.1.1 - https:\/\/yoast.com\/product\/yoast-seo-wordpress\/ -->\n<title>Pasto tiene el mejor colegio p\u00fablico del pa\u00eds. | P\u00e1gina10<\/title>\n<meta name=\"robots\" content=\"index, follow, max-snippet:-1, max-image-preview:large, max-video-preview:-1\" \/>\n<link rel=\"canonical\" href=\"https:\/\/pagina10.com\/web\/pasto-tiene-el-mejor-colegio-publico-del-pais\/\" \/>\n<meta property=\"og:locale\" content=\"es_ES\" \/>\n<meta property=\"og:type\" content=\"article\" \/>\n<meta property=\"og:title\" content=\"Pasto tiene el mejor colegio p\u00fablico del pa\u00eds. | P\u00e1gina10\" \/>\n<meta property=\"og:description\" content=\"El Laboratorio de Econom\u00eda de la Educaci\u00f3n (LEE) de la Universidad Javeriana desarroll\u00f3 el primer \u00edndice multidimensional que mide la calidad educativa de los colegios oficiales del pa\u00eds, m\u00e1s all\u00e1 del rendimiento acad\u00e9mico de los estudiantes. La herramienta se llama \u201cLEE TU COLEGIO\u201d y sirve para consultar de forma r\u00e1pida y amigable c\u00f3mo est\u00e1n los [&hellip;]\" \/>\n<meta property=\"og:url\" content=\"https:\/\/pagina10.com\/web\/pasto-tiene-el-mejor-colegio-publico-del-pais\/\" \/>\n<meta property=\"og:site_name\" content=\"P\u00e1gina10\" \/>\n<meta property=\"article:publisher\" content=\"https:\/\/www.facebook.com\/pag10com\" \/>\n<meta property=\"article:published_time\" content=\"2022-02-22T04:36:49+00:00\" \/>\n<meta property=\"article:modified_time\" content=\"2022-02-22T21:57:36+00:00\" \/>\n<meta property=\"og:image\" content=\"https:\/\/pagina10.com\/web\/wp-content\/uploads\/2022\/02\/WhatsApp-Image-2022-02-21-at-7.20.12-PM.jpeg\" \/>\n\t<meta property=\"og:image:width\" content=\"1024\" \/>\n\t<meta property=\"og:image:height\" content=\"568\" \/>\n\t<meta property=\"og:image:type\" content=\"image\/jpeg\" \/>\n<meta name=\"author\" content=\"P\u00e1gina 10\" \/>\n<meta name=\"twitter:card\" content=\"summary_large_image\" \/>\n<meta name=\"twitter:creator\" content=\"@Pag10com\" \/>\n<meta name=\"twitter:site\" content=\"@Pag10com\" \/>\n<meta name=\"twitter:label1\" content=\"Escrito por\" \/>\n\t<meta name=\"twitter:data1\" content=\"P\u00e1gina 10\" \/>\n\t<meta name=\"twitter:label2\" content=\"Tiempo de lectura\" \/>\n\t<meta name=\"twitter:data2\" content=\"3 minutos\" \/>\n<script type=\"application\/ld+json\" class=\"yoast-schema-graph\">{\"@context\":\"https:\/\/schema.org\",\"@graph\":[{\"@type\":\"Article\",\"@id\":\"https:\/\/pagina10.com\/web\/pasto-tiene-el-mejor-colegio-publico-del-pais\/#article\",\"isPartOf\":{\"@id\":\"https:\/\/pagina10.com\/web\/pasto-tiene-el-mejor-colegio-publico-del-pais\/\"},\"author\":{\"name\":\"P\u00e1gina 10\",\"@id\":\"https:\/\/pagina10.com\/web\/#\/schema\/person\/2efc4a090d25b667d3bc796798a3a81b\"},\"headline\":\"Pasto tiene el mejor colegio p\u00fablico del pa\u00eds.\",\"datePublished\":\"2022-02-22T04:36:49+00:00\",\"dateModified\":\"2022-02-22T21:57:36+00:00\",\"mainEntityOfPage\":{\"@id\":\"https:\/\/pagina10.com\/web\/pasto-tiene-el-mejor-colegio-publico-del-pais\/\"},\"wordCount\":685,\"commentCount\":0,\"publisher\":{\"@id\":\"https:\/\/pagina10.com\/web\/#organization\"},\"image\":{\"@id\":\"https:\/\/pagina10.com\/web\/pasto-tiene-el-mejor-colegio-publico-del-pais\/#primaryimage\"},\"thumbnailUrl\":\"https:\/\/pagina10.com\/web\/wp-content\/uploads\/2022\/02\/WhatsApp-Image-2022-02-21-at-7.20.12-PM.jpeg\",\"articleSection\":[\"Educaci\u00f3n\",\"Titulares\"],\"inLanguage\":\"es\",\"potentialAction\":[{\"@type\":\"CommentAction\",\"name\":\"Comment\",\"target\":[\"https:\/\/pagina10.com\/web\/pasto-tiene-el-mejor-colegio-publico-del-pais\/#respond\"]}]},{\"@type\":\"WebPage\",\"@id\":\"https:\/\/pagina10.com\/web\/pasto-tiene-el-mejor-colegio-publico-del-pais\/\",\"url\":\"https:\/\/pagina10.com\/web\/pasto-tiene-el-mejor-colegio-publico-del-pais\/\",\"name\":\"Pasto tiene el mejor colegio p\u00fablico del pa\u00eds. | P\u00e1gina10\",\"isPartOf\":{\"@id\":\"https:\/\/pagina10.com\/web\/#website\"},\"primaryImageOfPage\":{\"@id\":\"https:\/\/pagina10.com\/web\/pasto-tiene-el-mejor-colegio-publico-del-pais\/#primaryimage\"},\"image\":{\"@id\":\"https:\/\/pagina10.com\/web\/pasto-tiene-el-mejor-colegio-publico-del-pais\/#primaryimage\"},\"thumbnailUrl\":\"https:\/\/pagina10.com\/web\/wp-content\/uploads\/2022\/02\/WhatsApp-Image-2022-02-21-at-7.20.12-PM.jpeg\",\"datePublished\":\"2022-02-22T04:36:49+00:00\",\"dateModified\":\"2022-02-22T21:57:36+00:00\",\"breadcrumb\":{\"@id\":\"https:\/\/pagina10.com\/web\/pasto-tiene-el-mejor-colegio-publico-del-pais\/#breadcrumb\"},\"inLanguage\":\"es\",\"potentialAction\":[{\"@type\":\"ReadAction\",\"target\":[\"https:\/\/pagina10.com\/web\/pasto-tiene-el-mejor-colegio-publico-del-pais\/\"]}]},{\"@type\":\"ImageObject\",\"inLanguage\":\"es\",\"@id\":\"https:\/\/pagina10.com\/web\/pasto-tiene-el-mejor-colegio-publico-del-pais\/#primaryimage\",\"url\":\"https:\/\/pagina10.com\/web\/wp-content\/uploads\/2022\/02\/WhatsApp-Image-2022-02-21-at-7.20.12-PM.jpeg\",\"contentUrl\":\"https:\/\/pagina10.com\/web\/wp-content\/uploads\/2022\/02\/WhatsApp-Image-2022-02-21-at-7.20.12-PM.jpeg\",\"width\":1024,\"height\":568},{\"@type\":\"BreadcrumbList\",\"@id\":\"https:\/\/pagina10.com\/web\/pasto-tiene-el-mejor-colegio-publico-del-pais\/#breadcrumb\",\"itemListElement\":[{\"@type\":\"ListItem\",\"position\":1,\"name\":\"Portada\",\"item\":\"https:\/\/pagina10.com\/web\/\"},{\"@type\":\"ListItem\",\"position\":2,\"name\":\"Pasto tiene el mejor colegio p\u00fablico del pa\u00eds.\"}]},{\"@type\":\"WebSite\",\"@id\":\"https:\/\/pagina10.com\/web\/#website\",\"url\":\"https:\/\/pagina10.com\/web\/\",\"name\":\"P\u00e1gina10\",\"description\":\"Peri\u00f3dico Regional\",\"publisher\":{\"@id\":\"https:\/\/pagina10.com\/web\/#organization\"},\"alternateName\":\"P\u00e1gina10 Peri\u00f3dico Regional\",\"potentialAction\":[{\"@type\":\"SearchAction\",\"target\":{\"@type\":\"EntryPoint\",\"urlTemplate\":\"https:\/\/pagina10.com\/web\/?s={search_term_string}\"},\"query-input\":{\"@type\":\"PropertyValueSpecification\",\"valueRequired\":true,\"valueName\":\"search_term_string\"}}],\"inLanguage\":\"es\"},{\"@type\":\"Organization\",\"@id\":\"https:\/\/pagina10.com\/web\/#organization\",\"name\":\"P\u00e1gina10\",\"alternateName\":\"P\u00e1gina10 Peri\u00f3dico Regional\",\"url\":\"https:\/\/pagina10.com\/web\/\",\"logo\":{\"@type\":\"ImageObject\",\"inLanguage\":\"es\",\"@id\":\"https:\/\/pagina10.com\/web\/#\/schema\/logo\/image\/\",\"url\":\"https:\/\/pagina10.com\/web\/wp-content\/uploads\/2024\/01\/40-pagina-10-periodico-regional-pasto.jpg\",\"contentUrl\":\"https:\/\/pagina10.com\/web\/wp-content\/uploads\/2024\/01\/40-pagina-10-periodico-regional-pasto.jpg\",\"width\":1280,\"height\":720,\"caption\":\"P\u00e1gina10\"},\"image\":{\"@id\":\"https:\/\/pagina10.com\/web\/#\/schema\/logo\/image\/\"},\"sameAs\":[\"https:\/\/www.facebook.com\/pag10com\",\"https:\/\/x.com\/Pag10com\",\"https:\/\/www.instagram.com\/pagina10col\/\",\"https:\/\/youtube.com\/channel\/pag10\",\"https:\/\/www.tiktok.com\/@p10col\"]},{\"@type\":\"Person\",\"@id\":\"https:\/\/pagina10.com\/web\/#\/schema\/person\/2efc4a090d25b667d3bc796798a3a81b\",\"name\":\"P\u00e1gina 10\",\"description\":\"P\u00e1gina 10 es un peri\u00f3dico regional que nace en Colombia, en el departamento de Nari\u00f1o, con un enfoque global, fundamentado en cuatro pilares esenciales: la libertad, el pluralismo, la inclusi\u00f3n y la independencia. P\u00e1gina 10 hace referencia a Nari\u00f1o como el d\u00e9cimo departamento creado en Colombia, despu\u00e9s de un proceso pol\u00edtico liderado por actores y actrices regionales con el fin de obtener la independencia y autonom\u00eda de nuestros territorios. Con la creaci\u00f3n de P\u00e1gina 10 se pretende abrir un escenario para el dialogo, la reflexi\u00f3n y el debate que se extienda a otras geograf\u00edas de Am\u00e9rica Latina y del planeta, en una apuesta por transformar colectivamente los desaf\u00edos de un mundo contempor\u00e1neo, m\u00e1s all\u00e1 de las fronteras impuestas.\",\"url\":\"https:\/\/pagina10.com\/web\/author\/pdiezadmin\/\"}]}<\/script>\n<!-- \/ Yoast SEO plugin. -->","yoast_head_json":{"title":"Pasto tiene el mejor colegio p\u00fablico del pa\u00eds. | P\u00e1gina10","robots":{"index":"index","follow":"follow","max-snippet":"max-snippet:-1","max-image-preview":"max-image-preview:large","max-video-preview":"max-video-preview:-1"},"canonical":"https:\/\/pagina10.com\/web\/pasto-tiene-el-mejor-colegio-publico-del-pais\/","og_locale":"es_ES","og_type":"article","og_title":"Pasto tiene el mejor colegio p\u00fablico del pa\u00eds. | P\u00e1gina10","og_description":"El Laboratorio de Econom\u00eda de la Educaci\u00f3n (LEE) de la Universidad Javeriana desarroll\u00f3 el primer \u00edndice multidimensional que mide la calidad educativa de los colegios oficiales del pa\u00eds, m\u00e1s all\u00e1 del rendimiento acad\u00e9mico de los estudiantes. La herramienta se llama \u201cLEE TU COLEGIO\u201d y sirve para consultar de forma r\u00e1pida y amigable c\u00f3mo est\u00e1n los [&hellip;]","og_url":"https:\/\/pagina10.com\/web\/pasto-tiene-el-mejor-colegio-publico-del-pais\/","og_site_name":"P\u00e1gina10","article_publisher":"https:\/\/www.facebook.com\/pag10com","article_published_time":"2022-02-22T04:36:49+00:00","article_modified_time":"2022-02-22T21:57:36+00:00","og_image":[{"width":1024,"height":568,"url":"https:\/\/pagina10.com\/web\/wp-content\/uploads\/2022\/02\/WhatsApp-Image-2022-02-21-at-7.20.12-PM.jpeg","type":"image\/jpeg"}],"author":"P\u00e1gina 10","twitter_card":"summary_large_image","twitter_creator":"@Pag10com","twitter_site":"@Pag10com","twitter_misc":{"Escrito por":"P\u00e1gina 10","Tiempo de lectura":"3 minutos"},"schema":{"@context":"https:\/\/schema.org","@graph":[{"@type":"Article","@id":"https:\/\/pagina10.com\/web\/pasto-tiene-el-mejor-colegio-publico-del-pais\/#article","isPartOf":{"@id":"https:\/\/pagina10.com\/web\/pasto-tiene-el-mejor-colegio-publico-del-pais\/"},"author":{"name":"P\u00e1gina 10","@id":"https:\/\/pagina10.com\/web\/#\/schema\/person\/2efc4a090d25b667d3bc796798a3a81b"},"headline":"Pasto tiene el mejor colegio p\u00fablico del pa\u00eds.","datePublished":"2022-02-22T04:36:49+00:00","dateModified":"2022-02-22T21:57:36+00:00","mainEntityOfPage":{"@id":"https:\/\/pagina10.com\/web\/pasto-tiene-el-mejor-colegio-publico-del-pais\/"},"wordCount":685,"commentCount":0,"publisher":{"@id":"https:\/\/pagina10.com\/web\/#organization"},"image":{"@id":"https:\/\/pagina10.com\/web\/pasto-tiene-el-mejor-colegio-publico-del-pais\/#primaryimage"},"thumbnailUrl":"https:\/\/pagina10.com\/web\/wp-content\/uploads\/2022\/02\/WhatsApp-Image-2022-02-21-at-7.20.12-PM.jpeg","articleSection":["Educaci\u00f3n","Titulares"],"inLanguage":"es","potentialAction":[{"@type":"CommentAction","name":"Comment","target":["https:\/\/pagina10.com\/web\/pasto-tiene-el-mejor-colegio-publico-del-pais\/#respond"]}]},{"@type":"WebPage","@id":"https:\/\/pagina10.com\/web\/pasto-tiene-el-mejor-colegio-publico-del-pais\/","url":"https:\/\/pagina10.com\/web\/pasto-tiene-el-mejor-colegio-publico-del-pais\/","name":"Pasto tiene el mejor colegio p\u00fablico del pa\u00eds. | P\u00e1gina10","isPartOf":{"@id":"https:\/\/pagina10.com\/web\/#website"},"primaryImageOfPage":{"@id":"https:\/\/pagina10.com\/web\/pasto-tiene-el-mejor-colegio-publico-del-pais\/#primaryimage"},"image":{"@id":"https:\/\/pagina10.com\/web\/pasto-tiene-el-mejor-colegio-publico-del-pais\/#primaryimage"},"thumbnailUrl":"https:\/\/pagina10.com\/web\/wp-content\/uploads\/2022\/02\/WhatsApp-Image-2022-02-21-at-7.20.12-PM.jpeg","datePublished":"2022-02-22T04:36:49+00:00","dateModified":"2022-02-22T21:57:36+00:00","breadcrumb":{"@id":"https:\/\/pagina10.com\/web\/pasto-tiene-el-mejor-colegio-publico-del-pais\/#breadcrumb"},"inLanguage":"es","potentialAction":[{"@type":"ReadAction","target":["https:\/\/pagina10.com\/web\/pasto-tiene-el-mejor-colegio-publico-del-pais\/"]}]},{"@type":"ImageObject","inLanguage":"es","@id":"https:\/\/pagina10.com\/web\/pasto-tiene-el-mejor-colegio-publico-del-pais\/#primaryimage","url":"https:\/\/pagina10.com\/web\/wp-content\/uploads\/2022\/02\/WhatsApp-Image-2022-02-21-at-7.20.12-PM.jpeg","contentUrl":"https:\/\/pagina10.com\/web\/wp-content\/uploads\/2022\/02\/WhatsApp-Image-2022-02-21-at-7.20.12-PM.jpeg","width":1024,"height":568},{"@type":"BreadcrumbList","@id":"https:\/\/pagina10.com\/web\/pasto-tiene-el-mejor-colegio-publico-del-pais\/#breadcrumb","itemListElement":[{"@type":"ListItem","position":1,"name":"Portada","item":"https:\/\/pagina10.com\/web\/"},{"@type":"ListItem","position":2,"name":"Pasto tiene el mejor colegio p\u00fablico del pa\u00eds."}]},{"@type":"WebSite","@id":"https:\/\/pagina10.com\/web\/#website","url":"https:\/\/pagina10.com\/web\/","name":"P\u00e1gina10","description":"Peri\u00f3dico Regional","publisher":{"@id":"https:\/\/pagina10.com\/web\/#organization"},"alternateName":"P\u00e1gina10 Peri\u00f3dico Regional","potentialAction":[{"@type":"SearchAction","target":{"@type":"EntryPoint","urlTemplate":"https:\/\/pagina10.com\/web\/?s={search_term_string}"},"query-input":{"@type":"PropertyValueSpecification","valueRequired":true,"valueName":"search_term_string"}}],"inLanguage":"es"},{"@type":"Organization","@id":"https:\/\/pagina10.com\/web\/#organization","name":"P\u00e1gina10","alternateName":"P\u00e1gina10 Peri\u00f3dico Regional","url":"https:\/\/pagina10.com\/web\/","logo":{"@type":"ImageObject","inLanguage":"es","@id":"https:\/\/pagina10.com\/web\/#\/schema\/logo\/image\/","url":"https:\/\/pagina10.com\/web\/wp-content\/uploads\/2024\/01\/40-pagina-10-periodico-regional-pasto.jpg","contentUrl":"https:\/\/pagina10.com\/web\/wp-content\/uploads\/2024\/01\/40-pagina-10-periodico-regional-pasto.jpg","width":1280,"height":720,"caption":"P\u00e1gina10"},"image":{"@id":"https:\/\/pagina10.com\/web\/#\/schema\/logo\/image\/"},"sameAs":["https:\/\/www.facebook.com\/pag10com","https:\/\/x.com\/Pag10com","https:\/\/www.instagram.com\/pagina10col\/","https:\/\/youtube.com\/channel\/pag10","https:\/\/www.tiktok.com\/@p10col"]},{"@type":"Person","@id":"https:\/\/pagina10.com\/web\/#\/schema\/person\/2efc4a090d25b667d3bc796798a3a81b","name":"P\u00e1gina 10","description":"P\u00e1gina 10 es un peri\u00f3dico regional que nace en Colombia, en el departamento de Nari\u00f1o, con un enfoque global, fundamentado en cuatro pilares esenciales: la libertad, el pluralismo, la inclusi\u00f3n y la independencia. P\u00e1gina 10 hace referencia a Nari\u00f1o como el d\u00e9cimo departamento creado en Colombia, despu\u00e9s de un proceso pol\u00edtico liderado por actores y actrices regionales con el fin de obtener la independencia y autonom\u00eda de nuestros territorios. Con la creaci\u00f3n de P\u00e1gina 10 se pretende abrir un escenario para el dialogo, la reflexi\u00f3n y el debate que se extienda a otras geograf\u00edas de Am\u00e9rica Latina y del planeta, en una apuesta por transformar colectivamente los desaf\u00edos de un mundo contempor\u00e1neo, m\u00e1s all\u00e1 de las fronteras impuestas.","url":"https:\/\/pagina10.com\/web\/author\/pdiezadmin\/"}]}},"_links":{"self":[{"href":"https:\/\/pagina10.com\/web\/wp-json\/wp\/v2\/posts\/58292","targetHints":{"allow":["GET"]}}],"collection":[{"href":"https:\/\/pagina10.com\/web\/wp-json\/wp\/v2\/posts"}],"about":[{"href":"https:\/\/pagina10.com\/web\/wp-json\/wp\/v2\/types\/post"}],"author":[{"embeddable":true,"href":"https:\/\/pagina10.com\/web\/wp-json\/wp\/v2\/users\/1"}],"replies":[{"embeddable":true,"href":"https:\/\/pagina10.com\/web\/wp-json\/wp\/v2\/comments?post=58292"}],"version-history":[{"count":2,"href":"https:\/\/pagina10.com\/web\/wp-json\/wp\/v2\/posts\/58292\/revisions"}],"predecessor-version":[{"id":58298,"href":"https:\/\/pagina10.com\/web\/wp-json\/wp\/v2\/posts\/58292\/revisions\/58298"}],"wp:featuredmedia":[{"embeddable":true,"href":"https:\/\/pagina10.com\/web\/wp-json\/wp\/v2\/media\/58293"}],"wp:attachment":[{"href":"https:\/\/pagina10.com\/web\/wp-json\/wp\/v2\/media?parent=58292"}],"wp:term":[{"taxonomy":"category","embeddable":true,"href":"https:\/\/pagina10.com\/web\/wp-json\/wp\/v2\/categories?post=58292"},{"taxonomy":"post_tag","embeddable":true,"href":"https:\/\/pagina10.com\/web\/wp-json\/wp\/v2\/tags?post=58292"}],"curies":[{"name":"wp","href":"https:\/\/api.w.org\/{rel}","templated":true}]}}